{"id":108554,"date":"2025-07-31T03:41:45","date_gmt":"2025-07-31T03:41:45","guid":{"rendered":"https:\/\/elregionalvm.com.ar\/noticias-villa-maria\/?p=108554"},"modified":"2025-07-31T03:41:51","modified_gmt":"2025-07-31T03:41:51","slug":"detuvieron-al-hombre-que-intento-prender-fuego-a-un-adulto-que-dormia-en-la-calle","status":"publish","type":"post","link":"https:\/\/elregionalvm.com.ar\/noticias-villa-maria\/detuvieron-al-hombre-que-intento-prender-fuego-a-un-adulto-que-dormia-en-la-calle\/","title":{"rendered":"Detuvieron al hombre que intent\u00f3 prender fuego a un adulto que dorm\u00eda en la calle"},"content":{"rendered":"\n<p>En horas de la tarde de la fecha, personal de la Divisi\u00f3n Investigaciones de esta Unidad Departamental en la intersecci\u00f3n de calles Avda. Sabattini y San Juan, procedi\u00f3 a materializar la detenci\u00f3n de un hombre de 29 a\u00f1os de edad por supuesto autor del delito de \u201cLesiones Leves\u201d, de acuerdo a lo solicitado por la Fiscal\u00eda de Instrucci\u00f3n de Segundo Turno a cargo de la Dra. Juliana Companys, Sec. Dr. Jos\u00e9 \u00c1lvarez.<\/p>\n\n\n\n<p>El procedimiento se dio culminando un seguimiento que se iniciara en el marco de una investigaci\u00f3n a ra\u00edz de un hecho ocurrido el pasado domingo 27 de Julio del corriente a\u00f1o, ocasi\u00f3n en la que este hombre habr\u00eda agredido a otro de 59 a\u00f1os de edad, iniciando la quema de las prendas que vest\u00eda este \u00faltimo mientras se encontraba durmiendo en la v\u00eda p\u00fablica, lo que result\u00f3 en lesiones diagnosticadas como leves. <\/p>\n\n\n\n<p>Posterior a ello, los investigadores realizaron una tarea dirigida por la Magistrada interviniente, realizando relevamiento del lugar del hecho, un pormenorizado an\u00e1lisis del material f\u00edlmico obtenido de las c\u00e1maras de vigilancia p\u00fablicas y privadas del sector y otras diligencias realizadas , lo que permiti\u00f3 la individualizaci\u00f3n del agresor y consecuentemente gener\u00f3 la orden judicial de detenci\u00f3n.<\/p>\n\n\n\n<p>Se labraron actuaciones de rigor a disposici\u00f3n de la Fiscal\u00eda de Instrucci\u00f3n de Segundo Turno a cargo de la Dra. Juliana Companys, Sec. Dr. Jos\u00e9 \u00c1lvarez.<\/p>\n","protected":false},"excerpt":{"rendered":"<p>En horas de la tarde de la fecha, personal de la Divisi\u00f3n Investigaciones de esta Unidad Departamental en la intersecci\u00f3n de calles Avda. Sabattini y San Juan, procedi\u00f3 a materializar la detenci\u00f3n de un hombre de 29 a\u00f1os de edad por supuesto autor del delito de \u201cLesiones Leves\u201d, de acuerdo a lo solicitado por la [&hellip;]<\/p>\n","protected":false},"author":4,"featured_media":108555,"comment_status":"open","ping_status":"open","sticky":false,"template":"","format":"standard","meta":{"site-sidebar-layout":"default","site-content-layout":"","ast-site-content-layout":"default","site-content-style":"default","site-sidebar-style":"default","ast-global-header-display":"","ast-banner-title-visibility":"","ast-main-header-display":"","ast-hfb-above-header-display":"","ast-hfb-below-header-display":"","ast-hfb-mobile-header-display":"","site-post-title":"","ast-breadcrumbs-content":"","ast-featured-img":"","footer-sml-layout":"","ast-disable-related-posts":"","theme-transparent-header-meta":"","adv-header-id-meta":"","stick-header-meta":"","header-above-stick-meta":"","header-main-stick-meta":"","header-below-stick-meta":"","astra-migrate-meta-layouts":"set","ast-page-background-enabled":"default","ast-page-background-meta":{"desktop":{"background-color":"","background-image":"","background-repeat":"repeat","background-position":"center center","background-size":"auto","background-attachment":"scroll","background-type":"","background-media":"","overlay-type":"","overlay-color":"","overlay-opacity":"","overlay-gradient":""},"tablet":{"background-color":"","background-image":"","background-repeat":"repeat","background-position":"center center","background-size":"auto","background-attachment":"scroll","background-type":"","background-media":"","overlay-type":"","overlay-color":"","overlay-opacity":"","overlay-gradient":""},"mobile":{"background-color":"","background-image":"","background-repeat":"repeat","background-position":"center center","background-size":"auto","background-attachment":"scroll","background-type":"","background-media":"","overlay-type":"","overlay-color":"","overlay-opacity":"","overlay-gradient":""}},"ast-content-background-meta":{"desktop":{"background-color":"var(--ast-global-color-5)","background-image":"","background-repeat":"repeat","background-position":"center center","background-size":"auto","background-attachment":"scroll","background-type":"","background-media":"","overlay-type":"","overlay-color":"","overlay-opacity":"","overlay-gradient":""},"tablet":{"background-color":"var(--ast-global-color-5)","background-image":"","background-repeat":"repeat","background-position":"center center","background-size":"auto","background-attachment":"scroll","background-type":"","background-media":"","overlay-type":"","overlay-color":"","overlay-opacity":"","overlay-gradient":""},"mobile":{"background-color":"var(--ast-global-color-5)","background-image":"","background-repeat":"repeat","background-position":"center center","background-size":"auto","background-attachment":"scroll","background-type":"","background-media":"","overlay-type":"","overlay-color":"","overlay-opacity":"","overlay-gradient":""}},"_jetpack_memberships_contains_paid_content":false,"_joinchat":[],"footnotes":""},"categories":[15302,2234,5],"tags":[],"class_list":["post-108554","post","type-post","status-publish","format-standard","has-post-thumbnail","hentry","category-destacado","category-policiales","category-sociedad"],"yoast_head":"<!-- This site is optimized with the Yoast SEO plugin v26.8 - https:\/\/yoast.com\/product\/yoast-seo-wordpress\/ -->\n<title>Detuvieron al hombre que intent\u00f3 prender fuego a un adulto que dorm\u00eda en la calle - El Regional<\/title>\n<meta name=\"robots\" content=\"index, follow, max-snippet:-1, max-image-preview:large, max-video-preview:-1\" \/>\n<link rel=\"canonical\" href=\"https:\/\/elregionalvm.com.ar\/noticias-villa-maria\/detuvieron-al-hombre-que-intento-prender-fuego-a-un-adulto-que-dormia-en-la-calle\/\" \/>\n<meta property=\"og:locale\" content=\"es_ES\" \/>\n<meta property=\"og:type\" content=\"article\" \/>\n<meta property=\"og:title\" content=\"Detuvieron al hombre que intent\u00f3 prender fuego a un adulto que dorm\u00eda en la calle - El Regional\" \/>\n<meta property=\"og:description\" content=\"En horas de la tarde de la fecha, personal de la Divisi\u00f3n Investigaciones de esta Unidad Departamental en la intersecci\u00f3n de calles Avda. Sabattini y San Juan, procedi\u00f3 a materializar la detenci\u00f3n de un hombre de 29 a\u00f1os de edad por supuesto autor del delito de \u201cLesiones Leves\u201d, de acuerdo a lo solicitado por la [&hellip;]\" \/>\n<meta property=\"og:url\" content=\"https:\/\/elregionalvm.com.ar\/noticias-villa-maria\/detuvieron-al-hombre-que-intento-prender-fuego-a-un-adulto-que-dormia-en-la-calle\/\" \/>\n<meta property=\"og:site_name\" content=\"El Regional\" \/>\n<meta property=\"article:publisher\" content=\"https:\/\/www.facebook.com\/elregionalvm\" \/>\n<meta property=\"article:published_time\" content=\"2025-07-31T03:41:45+00:00\" \/>\n<meta property=\"article:modified_time\" content=\"2025-07-31T03:41:51+00:00\" \/>\n<meta property=\"og:image\" content=\"https:\/\/elregionalvm.com.ar\/noticias-villa-maria\/wp-content\/uploads\/2025\/07\/WhatsApp-Image-2025-07-30-at-8.25.58-PM.jpeg\" \/>\n\t<meta property=\"og:image:width\" content=\"738\" \/>\n\t<meta property=\"og:image:height\" content=\"1600\" \/>\n\t<meta property=\"og:image:type\" content=\"image\/jpeg\" \/>\n<meta name=\"author\" content=\"Contenidos El Regional\" \/>\n<meta name=\"twitter:card\" content=\"summary_large_image\" \/>\n<meta name=\"twitter:creator\" content=\"@elregionalvm1\" \/>\n<meta name=\"twitter:site\" content=\"@elregionalvm1\" \/>\n<meta name=\"twitter:label1\" content=\"Escrito por\" \/>\n\t<meta name=\"twitter:data1\" content=\"Contenidos El Regional\" \/>\n\t<meta name=\"twitter:label2\" content=\"Tiempo de lectura\" \/>\n\t<meta name=\"twitter:data2\" content=\"2 minutos\" \/>\n<script type=\"application\/ld+json\" class=\"yoast-schema-graph\">{\"@context\":\"https:\/\/schema.org\",\"@graph\":[{\"@type\":\"Article\",\"@id\":\"https:\/\/elregionalvm.com.ar\/noticias-villa-maria\/detuvieron-al-hombre-que-intento-prender-fuego-a-un-adulto-que-dormia-en-la-calle\/#article\",\"isPartOf\":{\"@id\":\"https:\/\/elregionalvm.com.ar\/noticias-villa-maria\/detuvieron-al-hombre-que-intento-prender-fuego-a-un-adulto-que-dormia-en-la-calle\/\"},\"author\":{\"name\":\"Contenidos El Regional\",\"@id\":\"http:\/\/elregionalvm.com.ar\/noticias-villa-maria\/#\/schema\/person\/a0fb9c422317faca23d50163151bc354\"},\"headline\":\"Detuvieron al hombre que intent\u00f3 prender fuego a un adulto que dorm\u00eda en la calle\",\"datePublished\":\"2025-07-31T03:41:45+00:00\",\"dateModified\":\"2025-07-31T03:41:51+00:00\",\"mainEntityOfPage\":{\"@id\":\"https:\/\/elregionalvm.com.ar\/noticias-villa-maria\/detuvieron-al-hombre-que-intento-prender-fuego-a-un-adulto-que-dormia-en-la-calle\/\"},\"wordCount\":262,\"commentCount\":0,\"image\":{\"@id\":\"https:\/\/elregionalvm.com.ar\/noticias-villa-maria\/detuvieron-al-hombre-que-intento-prender-fuego-a-un-adulto-que-dormia-en-la-calle\/#primaryimage\"},\"thumbnailUrl\":\"https:\/\/i0.wp.com\/elregionalvm.com.ar\/noticias-villa-maria\/wp-content\/uploads\/2025\/07\/WhatsApp-Image-2025-07-30-at-8.25.58-PM.jpeg?fit=738%2C1600&ssl=1\",\"articleSection\":[\"destacado\",\"Policiales\",\"Sociedad\"],\"inLanguage\":\"es\",\"potentialAction\":[{\"@type\":\"CommentAction\",\"name\":\"Comment\",\"target\":[\"https:\/\/elregionalvm.com.ar\/noticias-villa-maria\/detuvieron-al-hombre-que-intento-prender-fuego-a-un-adulto-que-dormia-en-la-calle\/#respond\"]}]},{\"@type\":\"WebPage\",\"@id\":\"https:\/\/elregionalvm.com.ar\/noticias-villa-maria\/detuvieron-al-hombre-que-intento-prender-fuego-a-un-adulto-que-dormia-en-la-calle\/\",\"url\":\"https:\/\/elregionalvm.com.ar\/noticias-villa-maria\/detuvieron-al-hombre-que-intento-prender-fuego-a-un-adulto-que-dormia-en-la-calle\/\",\"name\":\"Detuvieron al hombre que intent\u00f3 prender fuego a un adulto que dorm\u00eda en la calle - El Regional\",\"isPartOf\":{\"@id\":\"http:\/\/elregionalvm.com.ar\/noticias-villa-maria\/#website\"},\"primaryImageOfPage\":{\"@id\":\"https:\/\/elregionalvm.com.ar\/noticias-villa-maria\/detuvieron-al-hombre-que-intento-prender-fuego-a-un-adulto-que-dormia-en-la-calle\/#primaryimage\"},\"image\":{\"@id\":\"https:\/\/elregionalvm.com.ar\/noticias-villa-maria\/detuvieron-al-hombre-que-intento-prender-fuego-a-un-adulto-que-dormia-en-la-calle\/#primaryimage\"},\"thumbnailUrl\":\"https:\/\/i0.wp.com\/elregionalvm.com.ar\/noticias-villa-maria\/wp-content\/uploads\/2025\/07\/WhatsApp-Image-2025-07-30-at-8.25.58-PM.jpeg?fit=738%2C1600&ssl=1\",\"datePublished\":\"2025-07-31T03:41:45+00:00\",\"dateModified\":\"2025-07-31T03:41:51+00:00\",\"author\":{\"@id\":\"http:\/\/elregionalvm.com.ar\/noticias-villa-maria\/#\/schema\/person\/a0fb9c422317faca23d50163151bc354\"},\"breadcrumb\":{\"@id\":\"https:\/\/elregionalvm.com.ar\/noticias-villa-maria\/detuvieron-al-hombre-que-intento-prender-fuego-a-un-adulto-que-dormia-en-la-calle\/#breadcrumb\"},\"inLanguage\":\"es\",\"potentialAction\":[{\"@type\":\"ReadAction\",\"target\":[\"https:\/\/elregionalvm.com.ar\/noticias-villa-maria\/detuvieron-al-hombre-que-intento-prender-fuego-a-un-adulto-que-dormia-en-la-calle\/\"]}]},{\"@type\":\"ImageObject\",\"inLanguage\":\"es\",\"@id\":\"https:\/\/elregionalvm.com.ar\/noticias-villa-maria\/detuvieron-al-hombre-que-intento-prender-fuego-a-un-adulto-que-dormia-en-la-calle\/#primaryimage\",\"url\":\"https:\/\/i0.wp.com\/elregionalvm.com.ar\/noticias-villa-maria\/wp-content\/uploads\/2025\/07\/WhatsApp-Image-2025-07-30-at-8.25.58-PM.jpeg?fit=738%2C1600&ssl=1\",\"contentUrl\":\"https:\/\/i0.wp.com\/elregionalvm.com.ar\/noticias-villa-maria\/wp-content\/uploads\/2025\/07\/WhatsApp-Image-2025-07-30-at-8.25.58-PM.jpeg?fit=738%2C1600&ssl=1\",\"width\":738,\"height\":1600},{\"@type\":\"BreadcrumbList\",\"@id\":\"https:\/\/elregionalvm.com.ar\/noticias-villa-maria\/detuvieron-al-hombre-que-intento-prender-fuego-a-un-adulto-que-dormia-en-la-calle\/#breadcrumb\",\"itemListElement\":[{\"@type\":\"ListItem\",\"position\":1,\"name\":\"Portada\",\"item\":\"https:\/\/elregionalvm.com.ar\/noticias-villa-maria\/\"},{\"@type\":\"ListItem\",\"position\":2,\"name\":\"Detuvieron al hombre que intent\u00f3 prender fuego a un adulto que dorm\u00eda en la calle\"}]},{\"@type\":\"WebSite\",\"@id\":\"http:\/\/elregionalvm.com.ar\/noticias-villa-maria\/#website\",\"url\":\"http:\/\/elregionalvm.com.ar\/noticias-villa-maria\/\",\"name\":\"El Regional\",\"description\":\"Mucho m\u00e1s que informaci\u00f3n\",\"potentialAction\":[{\"@type\":\"SearchAction\",\"target\":{\"@type\":\"EntryPoint\",\"urlTemplate\":\"http:\/\/elregionalvm.com.ar\/noticias-villa-maria\/?s={search_term_string}\"},\"query-input\":{\"@type\":\"PropertyValueSpecification\",\"valueRequired\":true,\"valueName\":\"search_term_string\"}}],\"inLanguage\":\"es\"},{\"@type\":\"Person\",\"@id\":\"http:\/\/elregionalvm.com.ar\/noticias-villa-maria\/#\/schema\/person\/a0fb9c422317faca23d50163151bc354\",\"name\":\"Contenidos El Regional\",\"image\":{\"@type\":\"ImageObject\",\"inLanguage\":\"es\",\"@id\":\"http:\/\/elregionalvm.com.ar\/noticias-villa-maria\/#\/schema\/person\/image\/\",\"url\":\"https:\/\/secure.gravatar.com\/avatar\/265b27cb2209af7bb3a1318f03305787d7981a5cc6e6cd08fe5a4ecdf99d4b48?s=96&d=mm&r=g\",\"contentUrl\":\"https:\/\/secure.gravatar.com\/avatar\/265b27cb2209af7bb3a1318f03305787d7981a5cc6e6cd08fe5a4ecdf99d4b48?s=96&d=mm&r=g\",\"caption\":\"Contenidos El Regional\"},\"url\":\"https:\/\/elregionalvm.com.ar\/noticias-villa-maria\/author\/contenido\/\"}]}<\/script>\n<!-- \/ Yoast SEO plugin. -->","yoast_head_json":{"title":"Detuvieron al hombre que intent\u00f3 prender fuego a un adulto que dorm\u00eda en la calle - El Regional","robots":{"index":"index","follow":"follow","max-snippet":"max-snippet:-1","max-image-preview":"max-image-preview:large","max-video-preview":"max-video-preview:-1"},"canonical":"https:\/\/elregionalvm.com.ar\/noticias-villa-maria\/detuvieron-al-hombre-que-intento-prender-fuego-a-un-adulto-que-dormia-en-la-calle\/","og_locale":"es_ES","og_type":"article","og_title":"Detuvieron al hombre que intent\u00f3 prender fuego a un adulto que dorm\u00eda en la calle - El Regional","og_description":"En horas de la tarde de la fecha, personal de la Divisi\u00f3n Investigaciones de esta Unidad Departamental en la intersecci\u00f3n de calles Avda. Sabattini y San Juan, procedi\u00f3 a materializar la detenci\u00f3n de un hombre de 29 a\u00f1os de edad por supuesto autor del delito de \u201cLesiones Leves\u201d, de acuerdo a lo solicitado por la [&hellip;]","og_url":"https:\/\/elregionalvm.com.ar\/noticias-villa-maria\/detuvieron-al-hombre-que-intento-prender-fuego-a-un-adulto-que-dormia-en-la-calle\/","og_site_name":"El Regional","article_publisher":"https:\/\/www.facebook.com\/elregionalvm","article_published_time":"2025-07-31T03:41:45+00:00","article_modified_time":"2025-07-31T03:41:51+00:00","og_image":[{"width":738,"height":1600,"url":"https:\/\/elregionalvm.com.ar\/noticias-villa-maria\/wp-content\/uploads\/2025\/07\/WhatsApp-Image-2025-07-30-at-8.25.58-PM.jpeg","type":"image\/jpeg"}],"author":"Contenidos El Regional","twitter_card":"summary_large_image","twitter_creator":"@elregionalvm1","twitter_site":"@elregionalvm1","twitter_misc":{"Escrito por":"Contenidos El Regional","Tiempo de lectura":"2 minutos"},"schema":{"@context":"https:\/\/schema.org","@graph":[{"@type":"Article","@id":"https:\/\/elregionalvm.com.ar\/noticias-villa-maria\/detuvieron-al-hombre-que-intento-prender-fuego-a-un-adulto-que-dormia-en-la-calle\/#article","isPartOf":{"@id":"https:\/\/elregionalvm.com.ar\/noticias-villa-maria\/detuvieron-al-hombre-que-intento-prender-fuego-a-un-adulto-que-dormia-en-la-calle\/"},"author":{"name":"Contenidos El Regional","@id":"http:\/\/elregionalvm.com.ar\/noticias-villa-maria\/#\/schema\/person\/a0fb9c422317faca23d50163151bc354"},"headline":"Detuvieron al hombre que intent\u00f3 prender fuego a un adulto que dorm\u00eda en la calle","datePublished":"2025-07-31T03:41:45+00:00","dateModified":"2025-07-31T03:41:51+00:00","mainEntityOfPage":{"@id":"https:\/\/elregionalvm.com.ar\/noticias-villa-maria\/detuvieron-al-hombre-que-intento-prender-fuego-a-un-adulto-que-dormia-en-la-calle\/"},"wordCount":262,"commentCount":0,"image":{"@id":"https:\/\/elregionalvm.com.ar\/noticias-villa-maria\/detuvieron-al-hombre-que-intento-prender-fuego-a-un-adulto-que-dormia-en-la-calle\/#primaryimage"},"thumbnailUrl":"https:\/\/i0.wp.com\/elregionalvm.com.ar\/noticias-villa-maria\/wp-content\/uploads\/2025\/07\/WhatsApp-Image-2025-07-30-at-8.25.58-PM.jpeg?fit=738%2C1600&ssl=1","articleSection":["destacado","Policiales","Sociedad"],"inLanguage":"es","potentialAction":[{"@type":"CommentAction","name":"Comment","target":["https:\/\/elregionalvm.com.ar\/noticias-villa-maria\/detuvieron-al-hombre-que-intento-prender-fuego-a-un-adulto-que-dormia-en-la-calle\/#respond"]}]},{"@type":"WebPage","@id":"https:\/\/elregionalvm.com.ar\/noticias-villa-maria\/detuvieron-al-hombre-que-intento-prender-fuego-a-un-adulto-que-dormia-en-la-calle\/","url":"https:\/\/elregionalvm.com.ar\/noticias-villa-maria\/detuvieron-al-hombre-que-intento-prender-fuego-a-un-adulto-que-dormia-en-la-calle\/","name":"Detuvieron al hombre que intent\u00f3 prender fuego a un adulto que dorm\u00eda en la calle - El Regional","isPartOf":{"@id":"http:\/\/elregionalvm.com.ar\/noticias-villa-maria\/#website"},"primaryImageOfPage":{"@id":"https:\/\/elregionalvm.com.ar\/noticias-villa-maria\/detuvieron-al-hombre-que-intento-prender-fuego-a-un-adulto-que-dormia-en-la-calle\/#primaryimage"},"image":{"@id":"https:\/\/elregionalvm.com.ar\/noticias-villa-maria\/detuvieron-al-hombre-que-intento-prender-fuego-a-un-adulto-que-dormia-en-la-calle\/#primaryimage"},"thumbnailUrl":"https:\/\/i0.wp.com\/elregionalvm.com.ar\/noticias-villa-maria\/wp-content\/uploads\/2025\/07\/WhatsApp-Image-2025-07-30-at-8.25.58-PM.jpeg?fit=738%2C1600&ssl=1","datePublished":"2025-07-31T03:41:45+00:00","dateModified":"2025-07-31T03:41:51+00:00","author":{"@id":"http:\/\/elregionalvm.com.ar\/noticias-villa-maria\/#\/schema\/person\/a0fb9c422317faca23d50163151bc354"},"breadcrumb":{"@id":"https:\/\/elregionalvm.com.ar\/noticias-villa-maria\/detuvieron-al-hombre-que-intento-prender-fuego-a-un-adulto-que-dormia-en-la-calle\/#breadcrumb"},"inLanguage":"es","potentialAction":[{"@type":"ReadAction","target":["https:\/\/elregionalvm.com.ar\/noticias-villa-maria\/detuvieron-al-hombre-que-intento-prender-fuego-a-un-adulto-que-dormia-en-la-calle\/"]}]},{"@type":"ImageObject","inLanguage":"es","@id":"https:\/\/elregionalvm.com.ar\/noticias-villa-maria\/detuvieron-al-hombre-que-intento-prender-fuego-a-un-adulto-que-dormia-en-la-calle\/#primaryimage","url":"https:\/\/i0.wp.com\/elregionalvm.com.ar\/noticias-villa-maria\/wp-content\/uploads\/2025\/07\/WhatsApp-Image-2025-07-30-at-8.25.58-PM.jpeg?fit=738%2C1600&ssl=1","contentUrl":"https:\/\/i0.wp.com\/elregionalvm.com.ar\/noticias-villa-maria\/wp-content\/uploads\/2025\/07\/WhatsApp-Image-2025-07-30-at-8.25.58-PM.jpeg?fit=738%2C1600&ssl=1","width":738,"height":1600},{"@type":"BreadcrumbList","@id":"https:\/\/elregionalvm.com.ar\/noticias-villa-maria\/detuvieron-al-hombre-que-intento-prender-fuego-a-un-adulto-que-dormia-en-la-calle\/#breadcrumb","itemListElement":[{"@type":"ListItem","position":1,"name":"Portada","item":"https:\/\/elregionalvm.com.ar\/noticias-villa-maria\/"},{"@type":"ListItem","position":2,"name":"Detuvieron al hombre que intent\u00f3 prender fuego a un adulto que dorm\u00eda en la calle"}]},{"@type":"WebSite","@id":"http:\/\/elregionalvm.com.ar\/noticias-villa-maria\/#website","url":"http:\/\/elregionalvm.com.ar\/noticias-villa-maria\/","name":"El Regional","description":"Mucho m\u00e1s que informaci\u00f3n","potentialAction":[{"@type":"SearchAction","target":{"@type":"EntryPoint","urlTemplate":"http:\/\/elregionalvm.com.ar\/noticias-villa-maria\/?s={search_term_string}"},"query-input":{"@type":"PropertyValueSpecification","valueRequired":true,"valueName":"search_term_string"}}],"inLanguage":"es"},{"@type":"Person","@id":"http:\/\/elregionalvm.com.ar\/noticias-villa-maria\/#\/schema\/person\/a0fb9c422317faca23d50163151bc354","name":"Contenidos El Regional","image":{"@type":"ImageObject","inLanguage":"es","@id":"http:\/\/elregionalvm.com.ar\/noticias-villa-maria\/#\/schema\/person\/image\/","url":"https:\/\/secure.gravatar.com\/avatar\/265b27cb2209af7bb3a1318f03305787d7981a5cc6e6cd08fe5a4ecdf99d4b48?s=96&d=mm&r=g","contentUrl":"https:\/\/secure.gravatar.com\/avatar\/265b27cb2209af7bb3a1318f03305787d7981a5cc6e6cd08fe5a4ecdf99d4b48?s=96&d=mm&r=g","caption":"Contenidos El Regional"},"url":"https:\/\/elregionalvm.com.ar\/noticias-villa-maria\/author\/contenido\/"}]}},"jetpack_featured_media_url":"https:\/\/i0.wp.com\/elregionalvm.com.ar\/noticias-villa-maria\/wp-content\/uploads\/2025\/07\/WhatsApp-Image-2025-07-30-at-8.25.58-PM.jpeg?fit=738%2C1600&ssl=1","jetpack_sharing_enabled":true,"_links":{"self":[{"href":"https:\/\/elregionalvm.com.ar\/noticias-villa-maria\/wp-json\/wp\/v2\/posts\/108554","targetHints":{"allow":["GET"]}}],"collection":[{"href":"https:\/\/elregionalvm.com.ar\/noticias-villa-maria\/wp-json\/wp\/v2\/posts"}],"about":[{"href":"https:\/\/elregionalvm.com.ar\/noticias-villa-maria\/wp-json\/wp\/v2\/types\/post"}],"author":[{"embeddable":true,"href":"https:\/\/elregionalvm.com.ar\/noticias-villa-maria\/wp-json\/wp\/v2\/users\/4"}],"replies":[{"embeddable":true,"href":"https:\/\/elregionalvm.com.ar\/noticias-villa-maria\/wp-json\/wp\/v2\/comments?post=108554"}],"version-history":[{"count":1,"href":"https:\/\/elregionalvm.com.ar\/noticias-villa-maria\/wp-json\/wp\/v2\/posts\/108554\/revisions"}],"predecessor-version":[{"id":108556,"href":"https:\/\/elregionalvm.com.ar\/noticias-villa-maria\/wp-json\/wp\/v2\/posts\/108554\/revisions\/108556"}],"wp:featuredmedia":[{"embeddable":true,"href":"https:\/\/elregionalvm.com.ar\/noticias-villa-maria\/wp-json\/wp\/v2\/media\/108555"}],"wp:attachment":[{"href":"https:\/\/elregionalvm.com.ar\/noticias-villa-maria\/wp-json\/wp\/v2\/media?parent=108554"}],"wp:term":[{"taxonomy":"category","embeddable":true,"href":"https:\/\/elregionalvm.com.ar\/noticias-villa-maria\/wp-json\/wp\/v2\/categories?post=108554"},{"taxonomy":"post_tag","embeddable":true,"href":"https:\/\/elregionalvm.com.ar\/noticias-villa-maria\/wp-json\/wp\/v2\/tags?post=108554"}],"curies":[{"name":"wp","href":"https:\/\/api.w.org\/{rel}","templated":true}]}}