{"id":108557,"date":"2025-07-31T03:54:45","date_gmt":"2025-07-31T03:54:45","guid":{"rendered":"https:\/\/elregionalvm.com.ar\/noticias-villa-maria\/?p=108557"},"modified":"2025-07-31T03:54:47","modified_gmt":"2025-07-31T03:54:47","slug":"se-desarrollo-una-audiencia-en-el-concejo-deliberante-para-tratar-varios-temas-sociales","status":"publish","type":"post","link":"https:\/\/elregionalvm.com.ar\/noticias-villa-maria\/se-desarrollo-una-audiencia-en-el-concejo-deliberante-para-tratar-varios-temas-sociales\/","title":{"rendered":"Se desarroll\u00f3 una audiencia en el Concejo Deliberante para tratar varios temas sociales"},"content":{"rendered":"\n<p>En la ma\u00f1ana de este mi\u00e9rcoles, y dando cumplimiento al art\u00edculo 120 de la Carta Org\u00e1nica Municipal, se desarroll\u00f3 en el Concejo Deliberante de Villa Mar\u00eda una Audiencia P\u00fablica, como instancia previa al tratamiento en Segunda Lectura de proyectos de inter\u00e9s comunitario.<\/p>\n\n\n\n<p>Durante la jornada, se abordaron iniciativas de relevancia para la ciudad. Dos de ellos corresponden a Proyectos del Departamento Ejecutivo Municipal: uno ratificando el Convenio Marco Generaci\u00f3n de Bioenerg\u00eda en Villa Mar\u00eda celebrado entre la Municipalidad de Villa Mar\u00eda, el Ministerio de Infraestructura y Servicios P\u00fablicos, EPEC, Asociaci\u00f3n de Peque\u00f1as y Medianas Empresas L\u00e1cteas y la Fundaci\u00f3n Cultural de Profesores y Amigos de la Escuela Superior Integral de Lecher\u00eda (FUNESIL), y otro, ratificando el Convenio de Provisi\u00f3n de Servicios, Realizaci\u00f3n de Obra y Cesi\u00f3n de Uso con cargo celebrado entre la Municipalidad de Villa Mar\u00eda y Villa Mar\u00eda Cable Net S.A.<\/p>\n\n\n\n<p>Adem\u00e1s, se abord\u00f3 el Proyecto de Ordenanza aprobando el Balance General de la Municipalidad de Villa Mar\u00eda correspondiente al Ejercicio 2024.<\/p>\n\n\n\n<p>Vale destacar que esta instancia es propicia para que vecinos y vecinas puedan expresarse, reafirmando el car\u00e1cter participativo de esta herramienta democr\u00e1tica y el compromiso del Concejo con el di\u00e1logo y la transparencia.<\/p>\n\n\n\n<p>Es importante recordar que los mencionados proyectos ya fueron aprobados en Primera Lectura semanas atr\u00e1s y deber\u00e1n ser tratados en Segunda Lectura en pr\u00f3ximas sesiones, una vez cumplidos todos los pasos establecidos por la normativa vigente.<\/p>\n","protected":false},"excerpt":{"rendered":"<p>En la ma\u00f1ana de este mi\u00e9rcoles, y dando cumplimiento al art\u00edculo 120 de la Carta Org\u00e1nica Municipal, se desarroll\u00f3 en el Concejo Deliberante de Villa Mar\u00eda una Audiencia P\u00fablica, como instancia previa al tratamiento en Segunda Lectura de proyectos de inter\u00e9s comunitario. Durante la jornada, se abordaron iniciativas de relevancia para la ciudad. Dos de [&hellip;]<\/p>\n","protected":false},"author":4,"featured_media":82431,"comment_status":"open","ping_status":"open","sticky":false,"template":"","format":"standard","meta":{"site-sidebar-layout":"default","site-content-layout":"","ast-site-content-layout":"default","site-content-style":"default","site-sidebar-style":"default","ast-global-header-display":"","ast-banner-title-visibility":"","ast-main-header-display":"","ast-hfb-above-header-display":"","ast-hfb-below-header-display":"","ast-hfb-mobile-header-display":"","site-post-title":"","ast-breadcrumbs-content":"","ast-featured-img":"","footer-sml-layout":"","ast-disable-related-posts":"","theme-transparent-header-meta":"","adv-header-id-meta":"","stick-header-meta":"","header-above-stick-meta":"","header-main-stick-meta":"","header-below-stick-meta":"","astra-migrate-meta-layouts":"set","ast-page-background-enabled":"default","ast-page-background-meta":{"desktop":{"background-color":"","background-image":"","background-repeat":"repeat","background-position":"center center","background-size":"auto","background-attachment":"scroll","background-type":"","background-media":"","overlay-type":"","overlay-color":"","overlay-opacity":"","overlay-gradient":""},"tablet":{"background-color":"","background-image":"","background-repeat":"repeat","background-position":"center center","background-size":"auto","background-attachment":"scroll","background-type":"","background-media":"","overlay-type":"","overlay-color":"","overlay-opacity":"","overlay-gradient":""},"mobile":{"background-color":"","background-image":"","background-repeat":"repeat","background-position":"center center","background-size":"auto","background-attachment":"scroll","background-type":"","background-media":"","overlay-type":"","overlay-color":"","overlay-opacity":"","overlay-gradient":""}},"ast-content-background-meta":{"desktop":{"background-color":"var(--ast-global-color-5)","background-image":"","background-repeat":"repeat","background-position":"center center","background-size":"auto","background-attachment":"scroll","background-type":"","background-media":"","overlay-type":"","overlay-color":"","overlay-opacity":"","overlay-gradient":""},"tablet":{"background-color":"var(--ast-global-color-5)","background-image":"","background-repeat":"repeat","background-position":"center center","background-size":"auto","background-attachment":"scroll","background-type":"","background-media":"","overlay-type":"","overlay-color":"","overlay-opacity":"","overlay-gradient":""},"mobile":{"background-color":"var(--ast-global-color-5)","background-image":"","background-repeat":"repeat","background-position":"center center","background-size":"auto","background-attachment":"scroll","background-type":"","background-media":"","overlay-type":"","overlay-color":"","overlay-opacity":"","overlay-gradient":""}},"_jetpack_memberships_contains_paid_content":false,"_joinchat":[],"footnotes":""},"categories":[15302,5,2],"tags":[],"class_list":["post-108557","post","type-post","status-publish","format-standard","has-post-thumbnail","hentry","category-destacado","category-sociedad","category-villa-maria"],"yoast_head":"<!-- This site is optimized with the Yoast SEO plugin v26.8 - https:\/\/yoast.com\/product\/yoast-seo-wordpress\/ -->\n<title>Se desarroll\u00f3 una audiencia en el Concejo Deliberante para tratar varios temas sociales - El Regional<\/title>\n<meta name=\"robots\" content=\"index, follow, max-snippet:-1, max-image-preview:large, max-video-preview:-1\" \/>\n<link rel=\"canonical\" href=\"https:\/\/elregionalvm.com.ar\/noticias-villa-maria\/se-desarrollo-una-audiencia-en-el-concejo-deliberante-para-tratar-varios-temas-sociales\/\" \/>\n<meta property=\"og:locale\" content=\"es_ES\" \/>\n<meta property=\"og:type\" content=\"article\" \/>\n<meta property=\"og:title\" content=\"Se desarroll\u00f3 una audiencia en el Concejo Deliberante para tratar varios temas sociales - El Regional\" \/>\n<meta property=\"og:description\" content=\"En la ma\u00f1ana de este mi\u00e9rcoles, y dando cumplimiento al art\u00edculo 120 de la Carta Org\u00e1nica Municipal, se desarroll\u00f3 en el Concejo Deliberante de Villa Mar\u00eda una Audiencia P\u00fablica, como instancia previa al tratamiento en Segunda Lectura de proyectos de inter\u00e9s comunitario. Durante la jornada, se abordaron iniciativas de relevancia para la ciudad. Dos de [&hellip;]\" \/>\n<meta property=\"og:url\" content=\"https:\/\/elregionalvm.com.ar\/noticias-villa-maria\/se-desarrollo-una-audiencia-en-el-concejo-deliberante-para-tratar-varios-temas-sociales\/\" \/>\n<meta property=\"og:site_name\" content=\"El Regional\" \/>\n<meta property=\"article:publisher\" content=\"https:\/\/www.facebook.com\/elregionalvm\" \/>\n<meta property=\"article:published_time\" content=\"2025-07-31T03:54:45+00:00\" \/>\n<meta property=\"article:modified_time\" content=\"2025-07-31T03:54:47+00:00\" \/>\n<meta property=\"og:image\" content=\"https:\/\/elregionalvm.com.ar\/noticias-villa-maria\/wp-content\/uploads\/2023\/09\/CONCEJO-DELIBERANTE-960x709-1.jpg\" \/>\n\t<meta property=\"og:image:width\" content=\"960\" \/>\n\t<meta property=\"og:image:height\" content=\"709\" \/>\n\t<meta property=\"og:image:type\" content=\"image\/jpeg\" \/>\n<meta name=\"author\" content=\"Contenidos El Regional\" \/>\n<meta name=\"twitter:card\" content=\"summary_large_image\" \/>\n<meta name=\"twitter:creator\" content=\"@elregionalvm1\" \/>\n<meta name=\"twitter:site\" content=\"@elregionalvm1\" \/>\n<meta name=\"twitter:label1\" content=\"Escrito por\" \/>\n\t<meta name=\"twitter:data1\" content=\"Contenidos El Regional\" \/>\n\t<meta name=\"twitter:label2\" content=\"Tiempo de lectura\" \/>\n\t<meta name=\"twitter:data2\" content=\"2 minutos\" \/>\n<script type=\"application\/ld+json\" class=\"yoast-schema-graph\">{\"@context\":\"https:\/\/schema.org\",\"@graph\":[{\"@type\":\"Article\",\"@id\":\"https:\/\/elregionalvm.com.ar\/noticias-villa-maria\/se-desarrollo-una-audiencia-en-el-concejo-deliberante-para-tratar-varios-temas-sociales\/#article\",\"isPartOf\":{\"@id\":\"https:\/\/elregionalvm.com.ar\/noticias-villa-maria\/se-desarrollo-una-audiencia-en-el-concejo-deliberante-para-tratar-varios-temas-sociales\/\"},\"author\":{\"name\":\"Contenidos El Regional\",\"@id\":\"http:\/\/elregionalvm.com.ar\/noticias-villa-maria\/#\/schema\/person\/a0fb9c422317faca23d50163151bc354\"},\"headline\":\"Se desarroll\u00f3 una audiencia en el Concejo Deliberante para tratar varios temas sociales\",\"datePublished\":\"2025-07-31T03:54:45+00:00\",\"dateModified\":\"2025-07-31T03:54:47+00:00\",\"mainEntityOfPage\":{\"@id\":\"https:\/\/elregionalvm.com.ar\/noticias-villa-maria\/se-desarrollo-una-audiencia-en-el-concejo-deliberante-para-tratar-varios-temas-sociales\/\"},\"wordCount\":275,\"commentCount\":0,\"image\":{\"@id\":\"https:\/\/elregionalvm.com.ar\/noticias-villa-maria\/se-desarrollo-una-audiencia-en-el-concejo-deliberante-para-tratar-varios-temas-sociales\/#primaryimage\"},\"thumbnailUrl\":\"https:\/\/i0.wp.com\/elregionalvm.com.ar\/noticias-villa-maria\/wp-content\/uploads\/2023\/09\/CONCEJO-DELIBERANTE-960x709-1.jpg?fit=960%2C709&ssl=1\",\"articleSection\":[\"destacado\",\"Sociedad\",\"Villa Mar\u00eda\"],\"inLanguage\":\"es\",\"potentialAction\":[{\"@type\":\"CommentAction\",\"name\":\"Comment\",\"target\":[\"https:\/\/elregionalvm.com.ar\/noticias-villa-maria\/se-desarrollo-una-audiencia-en-el-concejo-deliberante-para-tratar-varios-temas-sociales\/#respond\"]}]},{\"@type\":\"WebPage\",\"@id\":\"https:\/\/elregionalvm.com.ar\/noticias-villa-maria\/se-desarrollo-una-audiencia-en-el-concejo-deliberante-para-tratar-varios-temas-sociales\/\",\"url\":\"https:\/\/elregionalvm.com.ar\/noticias-villa-maria\/se-desarrollo-una-audiencia-en-el-concejo-deliberante-para-tratar-varios-temas-sociales\/\",\"name\":\"Se desarroll\u00f3 una audiencia en el Concejo Deliberante para tratar varios temas sociales - El Regional\",\"isPartOf\":{\"@id\":\"http:\/\/elregionalvm.com.ar\/noticias-villa-maria\/#website\"},\"primaryImageOfPage\":{\"@id\":\"https:\/\/elregionalvm.com.ar\/noticias-villa-maria\/se-desarrollo-una-audiencia-en-el-concejo-deliberante-para-tratar-varios-temas-sociales\/#primaryimage\"},\"image\":{\"@id\":\"https:\/\/elregionalvm.com.ar\/noticias-villa-maria\/se-desarrollo-una-audiencia-en-el-concejo-deliberante-para-tratar-varios-temas-sociales\/#primaryimage\"},\"thumbnailUrl\":\"https:\/\/i0.wp.com\/elregionalvm.com.ar\/noticias-villa-maria\/wp-content\/uploads\/2023\/09\/CONCEJO-DELIBERANTE-960x709-1.jpg?fit=960%2C709&ssl=1\",\"datePublished\":\"2025-07-31T03:54:45+00:00\",\"dateModified\":\"2025-07-31T03:54:47+00:00\",\"author\":{\"@id\":\"http:\/\/elregionalvm.com.ar\/noticias-villa-maria\/#\/schema\/person\/a0fb9c422317faca23d50163151bc354\"},\"breadcrumb\":{\"@id\":\"https:\/\/elregionalvm.com.ar\/noticias-villa-maria\/se-desarrollo-una-audiencia-en-el-concejo-deliberante-para-tratar-varios-temas-sociales\/#breadcrumb\"},\"inLanguage\":\"es\",\"potentialAction\":[{\"@type\":\"ReadAction\",\"target\":[\"https:\/\/elregionalvm.com.ar\/noticias-villa-maria\/se-desarrollo-una-audiencia-en-el-concejo-deliberante-para-tratar-varios-temas-sociales\/\"]}]},{\"@type\":\"ImageObject\",\"inLanguage\":\"es\",\"@id\":\"https:\/\/elregionalvm.com.ar\/noticias-villa-maria\/se-desarrollo-una-audiencia-en-el-concejo-deliberante-para-tratar-varios-temas-sociales\/#primaryimage\",\"url\":\"https:\/\/i0.wp.com\/elregionalvm.com.ar\/noticias-villa-maria\/wp-content\/uploads\/2023\/09\/CONCEJO-DELIBERANTE-960x709-1.jpg?fit=960%2C709&ssl=1\",\"contentUrl\":\"https:\/\/i0.wp.com\/elregionalvm.com.ar\/noticias-villa-maria\/wp-content\/uploads\/2023\/09\/CONCEJO-DELIBERANTE-960x709-1.jpg?fit=960%2C709&ssl=1\",\"width\":960,\"height\":709},{\"@type\":\"BreadcrumbList\",\"@id\":\"https:\/\/elregionalvm.com.ar\/noticias-villa-maria\/se-desarrollo-una-audiencia-en-el-concejo-deliberante-para-tratar-varios-temas-sociales\/#breadcrumb\",\"itemListElement\":[{\"@type\":\"ListItem\",\"position\":1,\"name\":\"Portada\",\"item\":\"https:\/\/elregionalvm.com.ar\/noticias-villa-maria\/\"},{\"@type\":\"ListItem\",\"position\":2,\"name\":\"Se desarroll\u00f3 una audiencia en el Concejo Deliberante para tratar varios temas sociales\"}]},{\"@type\":\"WebSite\",\"@id\":\"http:\/\/elregionalvm.com.ar\/noticias-villa-maria\/#website\",\"url\":\"http:\/\/elregionalvm.com.ar\/noticias-villa-maria\/\",\"name\":\"El Regional\",\"description\":\"Mucho m\u00e1s que informaci\u00f3n\",\"potentialAction\":[{\"@type\":\"SearchAction\",\"target\":{\"@type\":\"EntryPoint\",\"urlTemplate\":\"http:\/\/elregionalvm.com.ar\/noticias-villa-maria\/?s={search_term_string}\"},\"query-input\":{\"@type\":\"PropertyValueSpecification\",\"valueRequired\":true,\"valueName\":\"search_term_string\"}}],\"inLanguage\":\"es\"},{\"@type\":\"Person\",\"@id\":\"http:\/\/elregionalvm.com.ar\/noticias-villa-maria\/#\/schema\/person\/a0fb9c422317faca23d50163151bc354\",\"name\":\"Contenidos El Regional\",\"image\":{\"@type\":\"ImageObject\",\"inLanguage\":\"es\",\"@id\":\"http:\/\/elregionalvm.com.ar\/noticias-villa-maria\/#\/schema\/person\/image\/\",\"url\":\"https:\/\/secure.gravatar.com\/avatar\/265b27cb2209af7bb3a1318f03305787d7981a5cc6e6cd08fe5a4ecdf99d4b48?s=96&d=mm&r=g\",\"contentUrl\":\"https:\/\/secure.gravatar.com\/avatar\/265b27cb2209af7bb3a1318f03305787d7981a5cc6e6cd08fe5a4ecdf99d4b48?s=96&d=mm&r=g\",\"caption\":\"Contenidos El Regional\"},\"url\":\"https:\/\/elregionalvm.com.ar\/noticias-villa-maria\/author\/contenido\/\"}]}<\/script>\n<!-- \/ Yoast SEO plugin. -->","yoast_head_json":{"title":"Se desarroll\u00f3 una audiencia en el Concejo Deliberante para tratar varios temas sociales - El Regional","robots":{"index":"index","follow":"follow","max-snippet":"max-snippet:-1","max-image-preview":"max-image-preview:large","max-video-preview":"max-video-preview:-1"},"canonical":"https:\/\/elregionalvm.com.ar\/noticias-villa-maria\/se-desarrollo-una-audiencia-en-el-concejo-deliberante-para-tratar-varios-temas-sociales\/","og_locale":"es_ES","og_type":"article","og_title":"Se desarroll\u00f3 una audiencia en el Concejo Deliberante para tratar varios temas sociales - El Regional","og_description":"En la ma\u00f1ana de este mi\u00e9rcoles, y dando cumplimiento al art\u00edculo 120 de la Carta Org\u00e1nica Municipal, se desarroll\u00f3 en el Concejo Deliberante de Villa Mar\u00eda una Audiencia P\u00fablica, como instancia previa al tratamiento en Segunda Lectura de proyectos de inter\u00e9s comunitario. Durante la jornada, se abordaron iniciativas de relevancia para la ciudad. Dos de [&hellip;]","og_url":"https:\/\/elregionalvm.com.ar\/noticias-villa-maria\/se-desarrollo-una-audiencia-en-el-concejo-deliberante-para-tratar-varios-temas-sociales\/","og_site_name":"El Regional","article_publisher":"https:\/\/www.facebook.com\/elregionalvm","article_published_time":"2025-07-31T03:54:45+00:00","article_modified_time":"2025-07-31T03:54:47+00:00","og_image":[{"width":960,"height":709,"url":"https:\/\/elregionalvm.com.ar\/noticias-villa-maria\/wp-content\/uploads\/2023\/09\/CONCEJO-DELIBERANTE-960x709-1.jpg","type":"image\/jpeg"}],"author":"Contenidos El Regional","twitter_card":"summary_large_image","twitter_creator":"@elregionalvm1","twitter_site":"@elregionalvm1","twitter_misc":{"Escrito por":"Contenidos El Regional","Tiempo de lectura":"2 minutos"},"schema":{"@context":"https:\/\/schema.org","@graph":[{"@type":"Article","@id":"https:\/\/elregionalvm.com.ar\/noticias-villa-maria\/se-desarrollo-una-audiencia-en-el-concejo-deliberante-para-tratar-varios-temas-sociales\/#article","isPartOf":{"@id":"https:\/\/elregionalvm.com.ar\/noticias-villa-maria\/se-desarrollo-una-audiencia-en-el-concejo-deliberante-para-tratar-varios-temas-sociales\/"},"author":{"name":"Contenidos El Regional","@id":"http:\/\/elregionalvm.com.ar\/noticias-villa-maria\/#\/schema\/person\/a0fb9c422317faca23d50163151bc354"},"headline":"Se desarroll\u00f3 una audiencia en el Concejo Deliberante para tratar varios temas sociales","datePublished":"2025-07-31T03:54:45+00:00","dateModified":"2025-07-31T03:54:47+00:00","mainEntityOfPage":{"@id":"https:\/\/elregionalvm.com.ar\/noticias-villa-maria\/se-desarrollo-una-audiencia-en-el-concejo-deliberante-para-tratar-varios-temas-sociales\/"},"wordCount":275,"commentCount":0,"image":{"@id":"https:\/\/elregionalvm.com.ar\/noticias-villa-maria\/se-desarrollo-una-audiencia-en-el-concejo-deliberante-para-tratar-varios-temas-sociales\/#primaryimage"},"thumbnailUrl":"https:\/\/i0.wp.com\/elregionalvm.com.ar\/noticias-villa-maria\/wp-content\/uploads\/2023\/09\/CONCEJO-DELIBERANTE-960x709-1.jpg?fit=960%2C709&ssl=1","articleSection":["destacado","Sociedad","Villa Mar\u00eda"],"inLanguage":"es","potentialAction":[{"@type":"CommentAction","name":"Comment","target":["https:\/\/elregionalvm.com.ar\/noticias-villa-maria\/se-desarrollo-una-audiencia-en-el-concejo-deliberante-para-tratar-varios-temas-sociales\/#respond"]}]},{"@type":"WebPage","@id":"https:\/\/elregionalvm.com.ar\/noticias-villa-maria\/se-desarrollo-una-audiencia-en-el-concejo-deliberante-para-tratar-varios-temas-sociales\/","url":"https:\/\/elregionalvm.com.ar\/noticias-villa-maria\/se-desarrollo-una-audiencia-en-el-concejo-deliberante-para-tratar-varios-temas-sociales\/","name":"Se desarroll\u00f3 una audiencia en el Concejo Deliberante para tratar varios temas sociales - El Regional","isPartOf":{"@id":"http:\/\/elregionalvm.com.ar\/noticias-villa-maria\/#website"},"primaryImageOfPage":{"@id":"https:\/\/elregionalvm.com.ar\/noticias-villa-maria\/se-desarrollo-una-audiencia-en-el-concejo-deliberante-para-tratar-varios-temas-sociales\/#primaryimage"},"image":{"@id":"https:\/\/elregionalvm.com.ar\/noticias-villa-maria\/se-desarrollo-una-audiencia-en-el-concejo-deliberante-para-tratar-varios-temas-sociales\/#primaryimage"},"thumbnailUrl":"https:\/\/i0.wp.com\/elregionalvm.com.ar\/noticias-villa-maria\/wp-content\/uploads\/2023\/09\/CONCEJO-DELIBERANTE-960x709-1.jpg?fit=960%2C709&ssl=1","datePublished":"2025-07-31T03:54:45+00:00","dateModified":"2025-07-31T03:54:47+00:00","author":{"@id":"http:\/\/elregionalvm.com.ar\/noticias-villa-maria\/#\/schema\/person\/a0fb9c422317faca23d50163151bc354"},"breadcrumb":{"@id":"https:\/\/elregionalvm.com.ar\/noticias-villa-maria\/se-desarrollo-una-audiencia-en-el-concejo-deliberante-para-tratar-varios-temas-sociales\/#breadcrumb"},"inLanguage":"es","potentialAction":[{"@type":"ReadAction","target":["https:\/\/elregionalvm.com.ar\/noticias-villa-maria\/se-desarrollo-una-audiencia-en-el-concejo-deliberante-para-tratar-varios-temas-sociales\/"]}]},{"@type":"ImageObject","inLanguage":"es","@id":"https:\/\/elregionalvm.com.ar\/noticias-villa-maria\/se-desarrollo-una-audiencia-en-el-concejo-deliberante-para-tratar-varios-temas-sociales\/#primaryimage","url":"https:\/\/i0.wp.com\/elregionalvm.com.ar\/noticias-villa-maria\/wp-content\/uploads\/2023\/09\/CONCEJO-DELIBERANTE-960x709-1.jpg?fit=960%2C709&ssl=1","contentUrl":"https:\/\/i0.wp.com\/elregionalvm.com.ar\/noticias-villa-maria\/wp-content\/uploads\/2023\/09\/CONCEJO-DELIBERANTE-960x709-1.jpg?fit=960%2C709&ssl=1","width":960,"height":709},{"@type":"BreadcrumbList","@id":"https:\/\/elregionalvm.com.ar\/noticias-villa-maria\/se-desarrollo-una-audiencia-en-el-concejo-deliberante-para-tratar-varios-temas-sociales\/#breadcrumb","itemListElement":[{"@type":"ListItem","position":1,"name":"Portada","item":"https:\/\/elregionalvm.com.ar\/noticias-villa-maria\/"},{"@type":"ListItem","position":2,"name":"Se desarroll\u00f3 una audiencia en el Concejo Deliberante para tratar varios temas sociales"}]},{"@type":"WebSite","@id":"http:\/\/elregionalvm.com.ar\/noticias-villa-maria\/#website","url":"http:\/\/elregionalvm.com.ar\/noticias-villa-maria\/","name":"El Regional","description":"Mucho m\u00e1s que informaci\u00f3n","potentialAction":[{"@type":"SearchAction","target":{"@type":"EntryPoint","urlTemplate":"http:\/\/elregionalvm.com.ar\/noticias-villa-maria\/?s={search_term_string}"},"query-input":{"@type":"PropertyValueSpecification","valueRequired":true,"valueName":"search_term_string"}}],"inLanguage":"es"},{"@type":"Person","@id":"http:\/\/elregionalvm.com.ar\/noticias-villa-maria\/#\/schema\/person\/a0fb9c422317faca23d50163151bc354","name":"Contenidos El Regional","image":{"@type":"ImageObject","inLanguage":"es","@id":"http:\/\/elregionalvm.com.ar\/noticias-villa-maria\/#\/schema\/person\/image\/","url":"https:\/\/secure.gravatar.com\/avatar\/265b27cb2209af7bb3a1318f03305787d7981a5cc6e6cd08fe5a4ecdf99d4b48?s=96&d=mm&r=g","contentUrl":"https:\/\/secure.gravatar.com\/avatar\/265b27cb2209af7bb3a1318f03305787d7981a5cc6e6cd08fe5a4ecdf99d4b48?s=96&d=mm&r=g","caption":"Contenidos El Regional"},"url":"https:\/\/elregionalvm.com.ar\/noticias-villa-maria\/author\/contenido\/"}]}},"jetpack_featured_media_url":"https:\/\/i0.wp.com\/elregionalvm.com.ar\/noticias-villa-maria\/wp-content\/uploads\/2023\/09\/CONCEJO-DELIBERANTE-960x709-1.jpg?fit=960%2C709&ssl=1","jetpack_sharing_enabled":true,"_links":{"self":[{"href":"https:\/\/elregionalvm.com.ar\/noticias-villa-maria\/wp-json\/wp\/v2\/posts\/108557","targetHints":{"allow":["GET"]}}],"collection":[{"href":"https:\/\/elregionalvm.com.ar\/noticias-villa-maria\/wp-json\/wp\/v2\/posts"}],"about":[{"href":"https:\/\/elregionalvm.com.ar\/noticias-villa-maria\/wp-json\/wp\/v2\/types\/post"}],"author":[{"embeddable":true,"href":"https:\/\/elregionalvm.com.ar\/noticias-villa-maria\/wp-json\/wp\/v2\/users\/4"}],"replies":[{"embeddable":true,"href":"https:\/\/elregionalvm.com.ar\/noticias-villa-maria\/wp-json\/wp\/v2\/comments?post=108557"}],"version-history":[{"count":1,"href":"https:\/\/elregionalvm.com.ar\/noticias-villa-maria\/wp-json\/wp\/v2\/posts\/108557\/revisions"}],"predecessor-version":[{"id":108558,"href":"https:\/\/elregionalvm.com.ar\/noticias-villa-maria\/wp-json\/wp\/v2\/posts\/108557\/revisions\/108558"}],"wp:featuredmedia":[{"embeddable":true,"href":"https:\/\/elregionalvm.com.ar\/noticias-villa-maria\/wp-json\/wp\/v2\/media\/82431"}],"wp:attachment":[{"href":"https:\/\/elregionalvm.com.ar\/noticias-villa-maria\/wp-json\/wp\/v2\/media?parent=108557"}],"wp:term":[{"taxonomy":"category","embeddable":true,"href":"https:\/\/elregionalvm.com.ar\/noticias-villa-maria\/wp-json\/wp\/v2\/categories?post=108557"},{"taxonomy":"post_tag","embeddable":true,"href":"https:\/\/elregionalvm.com.ar\/noticias-villa-maria\/wp-json\/wp\/v2\/tags?post=108557"}],"curies":[{"name":"wp","href":"https:\/\/api.w.org\/{rel}","templated":true}]}}