{"id":108564,"date":"2025-07-31T22:08:32","date_gmt":"2025-07-31T22:08:32","guid":{"rendered":"https:\/\/elregionalvm.com.ar\/noticias-villa-maria\/?p=108564"},"modified":"2025-07-31T22:08:34","modified_gmt":"2025-07-31T22:08:34","slug":"concejales-aprobaron-dos-proyectos-el-centenario-del-natalicio-de-edith-vera-y-la-realizacion-de-la-decima-edicion-de-la-cantata","status":"publish","type":"post","link":"https:\/\/elregionalvm.com.ar\/noticias-villa-maria\/concejales-aprobaron-dos-proyectos-el-centenario-del-natalicio-de-edith-vera-y-la-realizacion-de-la-decima-edicion-de-la-cantata\/","title":{"rendered":"Concejales aprobaron dos proyectos: el Centenario del Natalicio de Edith Vera y la realizaci\u00f3n de la D\u00e9cima Edici\u00f3n de \u201cLa Cantata\u201d"},"content":{"rendered":"\n<p>Pasado el mediod\u00eda de este jueves, se desarroll\u00f3 la habitual sesi\u00f3n del Concejo Deliberante. En ese sentido, y dando cumplimiento al procedimiento legal establecido por la Carta Org\u00e1nica Municipal, concejales de nuestra ciudad aprobaron en segunda lectura dos proyectos del Departamento Ejecutivo Municipal.<\/p>\n\n\n\n<p>Estos proyectos hacen referencia, por un lado, a la ratificaci\u00f3n de un Convenio Marco de Generaci\u00f3n de Bioenerg\u00eda en Villa Mar\u00eda celebrado entre la Municipalidad de Villa Mar\u00eda, el Ministerio de Infraestructura y Servicios P\u00fablicos, EPEC, la Asociaci\u00f3n de Peque\u00f1as y Medianas Empresas L\u00e1cteas y la Fundaci\u00f3n Cultural de Profesores y Amigos de la Escuela Superior Integral de Lecher\u00eda (FUNESIL).<\/p>\n\n\n\n<p>Por otro lado, se ratific\u00f3 tambi\u00e9n el Convenio de Provisi\u00f3n de Servicios, Realizaci\u00f3n de Obra y Cesi\u00f3n de Uso con cargo celebrado entre la Municipalidad de Villa Mar\u00eda y Villa Mar\u00eda Cable Net S.A.<\/p>\n\n\n\n<p>M\u00e1s adelante, los concejales aprobaron tambi\u00e9n otros tres proyectos del DEM. Entre ellos: uno que autoriza a la Municipalidad de Villa Mar\u00eda a suscribir con la Polic\u00eda de la Provincia de C\u00f3rdoba un contrato de comodato; otro que ratifica el Contrato de Comodato celebrado entre la Municipalidad de Villa Mar\u00eda y el Ministerio de Desarrollo Humano del Gobierno de la Provincia de C\u00f3rdoba; y, por \u00faltimo, otro que ratifica el Convenio Espec\u00edfico de Colaboraci\u00f3n celebrado entre la Municipalidad de Villa Mar\u00eda y Re S.R.L.<\/p>\n\n\n\n<p>Para finalizar, los concejales aprobaron dos declaraciones de inter\u00e9s: por un lado, el Centenario del Natalicio de la poeta villamariense Edith Vera y, por el otro, la realizaci\u00f3n de la D\u00e9cima Edici\u00f3n de \u201cLa Cantata\u201d.<\/p>\n","protected":false},"excerpt":{"rendered":"<p>Pasado el mediod\u00eda de este jueves, se desarroll\u00f3 la habitual sesi\u00f3n del Concejo Deliberante. En ese sentido, y dando cumplimiento al procedimiento legal establecido por la Carta Org\u00e1nica Municipal, concejales de nuestra ciudad aprobaron en segunda lectura dos proyectos del Departamento Ejecutivo Municipal. Estos proyectos hacen referencia, por un lado, a la ratificaci\u00f3n de un [&hellip;]<\/p>\n","protected":false},"author":4,"featured_media":108565,"comment_status":"open","ping_status":"open","sticky":false,"template":"","format":"standard","meta":{"site-sidebar-layout":"default","site-content-layout":"","ast-site-content-layout":"default","site-content-style":"default","site-sidebar-style":"default","ast-global-header-display":"","ast-banner-title-visibility":"","ast-main-header-display":"","ast-hfb-above-header-display":"","ast-hfb-below-header-display":"","ast-hfb-mobile-header-display":"","site-post-title":"","ast-breadcrumbs-content":"","ast-featured-img":"","footer-sml-layout":"","ast-disable-related-posts":"","theme-transparent-header-meta":"","adv-header-id-meta":"","stick-header-meta":"","header-above-stick-meta":"","header-main-stick-meta":"","header-below-stick-meta":"","astra-migrate-meta-layouts":"set","ast-page-background-enabled":"default","ast-page-background-meta":{"desktop":{"background-color":"","background-image":"","background-repeat":"repeat","background-position":"center center","background-size":"auto","background-attachment":"scroll","background-type":"","background-media":"","overlay-type":"","overlay-color":"","overlay-opacity":"","overlay-gradient":""},"tablet":{"background-color":"","background-image":"","background-repeat":"repeat","background-position":"center center","background-size":"auto","background-attachment":"scroll","background-type":"","background-media":"","overlay-type":"","overlay-color":"","overlay-opacity":"","overlay-gradient":""},"mobile":{"background-color":"","background-image":"","background-repeat":"repeat","background-position":"center center","background-size":"auto","background-attachment":"scroll","background-type":"","background-media":"","overlay-type":"","overlay-color":"","overlay-opacity":"","overlay-gradient":""}},"ast-content-background-meta":{"desktop":{"background-color":"var(--ast-global-color-5)","background-image":"","background-repeat":"repeat","background-position":"center center","background-size":"auto","background-attachment":"scroll","background-type":"","background-media":"","overlay-type":"","overlay-color":"","overlay-opacity":"","overlay-gradient":""},"tablet":{"background-color":"var(--ast-global-color-5)","background-image":"","background-repeat":"repeat","background-position":"center center","background-size":"auto","background-attachment":"scroll","background-type":"","background-media":"","overlay-type":"","overlay-color":"","overlay-opacity":"","overlay-gradient":""},"mobile":{"background-color":"var(--ast-global-color-5)","background-image":"","background-repeat":"repeat","background-position":"center center","background-size":"auto","background-attachment":"scroll","background-type":"","background-media":"","overlay-type":"","overlay-color":"","overlay-opacity":"","overlay-gradient":""}},"_jetpack_memberships_contains_paid_content":false,"_joinchat":[],"footnotes":""},"categories":[15302,5,2],"tags":[],"class_list":["post-108564","post","type-post","status-publish","format-standard","has-post-thumbnail","hentry","category-destacado","category-sociedad","category-villa-maria"],"yoast_head":"<!-- This site is optimized with the Yoast SEO plugin v26.8 - https:\/\/yoast.com\/product\/yoast-seo-wordpress\/ -->\n<title>Concejales aprobaron dos proyectos: el Centenario del Natalicio de Edith Vera y la realizaci\u00f3n de la D\u00e9cima Edici\u00f3n de \u201cLa Cantata\u201d - El Regional<\/title>\n<meta name=\"robots\" content=\"index, follow, max-snippet:-1, max-image-preview:large, max-video-preview:-1\" \/>\n<link rel=\"canonical\" href=\"https:\/\/elregionalvm.com.ar\/noticias-villa-maria\/concejales-aprobaron-dos-proyectos-el-centenario-del-natalicio-de-edith-vera-y-la-realizacion-de-la-decima-edicion-de-la-cantata\/\" \/>\n<meta property=\"og:locale\" content=\"es_ES\" \/>\n<meta property=\"og:type\" content=\"article\" \/>\n<meta property=\"og:title\" content=\"Concejales aprobaron dos proyectos: el Centenario del Natalicio de Edith Vera y la realizaci\u00f3n de la D\u00e9cima Edici\u00f3n de \u201cLa Cantata\u201d - El Regional\" \/>\n<meta property=\"og:description\" content=\"Pasado el mediod\u00eda de este jueves, se desarroll\u00f3 la habitual sesi\u00f3n del Concejo Deliberante. En ese sentido, y dando cumplimiento al procedimiento legal establecido por la Carta Org\u00e1nica Municipal, concejales de nuestra ciudad aprobaron en segunda lectura dos proyectos del Departamento Ejecutivo Municipal. Estos proyectos hacen referencia, por un lado, a la ratificaci\u00f3n de un [&hellip;]\" \/>\n<meta property=\"og:url\" content=\"https:\/\/elregionalvm.com.ar\/noticias-villa-maria\/concejales-aprobaron-dos-proyectos-el-centenario-del-natalicio-de-edith-vera-y-la-realizacion-de-la-decima-edicion-de-la-cantata\/\" \/>\n<meta property=\"og:site_name\" content=\"El Regional\" \/>\n<meta property=\"article:publisher\" content=\"https:\/\/www.facebook.com\/elregionalvm\" \/>\n<meta property=\"article:published_time\" content=\"2025-07-31T22:08:32+00:00\" \/>\n<meta property=\"article:modified_time\" content=\"2025-07-31T22:08:34+00:00\" \/>\n<meta property=\"og:image\" content=\"https:\/\/elregionalvm.com.ar\/noticias-villa-maria\/wp-content\/uploads\/2025\/07\/WhatsApp-Image-2025-07-31-at-3.57.35-PM-scaled.jpeg\" \/>\n\t<meta property=\"og:image:width\" content=\"2560\" \/>\n\t<meta property=\"og:image:height\" content=\"1920\" \/>\n\t<meta property=\"og:image:type\" content=\"image\/jpeg\" \/>\n<meta name=\"author\" content=\"Contenidos El Regional\" \/>\n<meta name=\"twitter:card\" content=\"summary_large_image\" \/>\n<meta name=\"twitter:creator\" content=\"@elregionalvm1\" \/>\n<meta name=\"twitter:site\" content=\"@elregionalvm1\" \/>\n<meta name=\"twitter:label1\" content=\"Escrito por\" \/>\n\t<meta name=\"twitter:data1\" content=\"Contenidos El Regional\" \/>\n\t<meta name=\"twitter:label2\" content=\"Tiempo de lectura\" \/>\n\t<meta name=\"twitter:data2\" content=\"2 minutos\" \/>\n<script type=\"application\/ld+json\" class=\"yoast-schema-graph\">{\"@context\":\"https:\/\/schema.org\",\"@graph\":[{\"@type\":\"Article\",\"@id\":\"https:\/\/elregionalvm.com.ar\/noticias-villa-maria\/concejales-aprobaron-dos-proyectos-el-centenario-del-natalicio-de-edith-vera-y-la-realizacion-de-la-decima-edicion-de-la-cantata\/#article\",\"isPartOf\":{\"@id\":\"https:\/\/elregionalvm.com.ar\/noticias-villa-maria\/concejales-aprobaron-dos-proyectos-el-centenario-del-natalicio-de-edith-vera-y-la-realizacion-de-la-decima-edicion-de-la-cantata\/\"},\"author\":{\"name\":\"Contenidos El Regional\",\"@id\":\"http:\/\/elregionalvm.com.ar\/noticias-villa-maria\/#\/schema\/person\/a0fb9c422317faca23d50163151bc354\"},\"headline\":\"Concejales aprobaron dos proyectos: el Centenario del Natalicio de Edith Vera y la realizaci\u00f3n de la D\u00e9cima Edici\u00f3n de \u201cLa Cantata\u201d\",\"datePublished\":\"2025-07-31T22:08:32+00:00\",\"dateModified\":\"2025-07-31T22:08:34+00:00\",\"mainEntityOfPage\":{\"@id\":\"https:\/\/elregionalvm.com.ar\/noticias-villa-maria\/concejales-aprobaron-dos-proyectos-el-centenario-del-natalicio-de-edith-vera-y-la-realizacion-de-la-decima-edicion-de-la-cantata\/\"},\"wordCount\":317,\"commentCount\":0,\"image\":{\"@id\":\"https:\/\/elregionalvm.com.ar\/noticias-villa-maria\/concejales-aprobaron-dos-proyectos-el-centenario-del-natalicio-de-edith-vera-y-la-realizacion-de-la-decima-edicion-de-la-cantata\/#primaryimage\"},\"thumbnailUrl\":\"https:\/\/i0.wp.com\/elregionalvm.com.ar\/noticias-villa-maria\/wp-content\/uploads\/2025\/07\/WhatsApp-Image-2025-07-31-at-3.57.35-PM-scaled.jpeg?fit=2560%2C1920&ssl=1\",\"articleSection\":[\"destacado\",\"Sociedad\",\"Villa Mar\u00eda\"],\"inLanguage\":\"es\",\"potentialAction\":[{\"@type\":\"CommentAction\",\"name\":\"Comment\",\"target\":[\"https:\/\/elregionalvm.com.ar\/noticias-villa-maria\/concejales-aprobaron-dos-proyectos-el-centenario-del-natalicio-de-edith-vera-y-la-realizacion-de-la-decima-edicion-de-la-cantata\/#respond\"]}]},{\"@type\":\"WebPage\",\"@id\":\"https:\/\/elregionalvm.com.ar\/noticias-villa-maria\/concejales-aprobaron-dos-proyectos-el-centenario-del-natalicio-de-edith-vera-y-la-realizacion-de-la-decima-edicion-de-la-cantata\/\",\"url\":\"https:\/\/elregionalvm.com.ar\/noticias-villa-maria\/concejales-aprobaron-dos-proyectos-el-centenario-del-natalicio-de-edith-vera-y-la-realizacion-de-la-decima-edicion-de-la-cantata\/\",\"name\":\"Concejales aprobaron dos proyectos: el Centenario del Natalicio de Edith Vera y la realizaci\u00f3n de la D\u00e9cima Edici\u00f3n de \u201cLa Cantata\u201d - El Regional\",\"isPartOf\":{\"@id\":\"http:\/\/elregionalvm.com.ar\/noticias-villa-maria\/#website\"},\"primaryImageOfPage\":{\"@id\":\"https:\/\/elregionalvm.com.ar\/noticias-villa-maria\/concejales-aprobaron-dos-proyectos-el-centenario-del-natalicio-de-edith-vera-y-la-realizacion-de-la-decima-edicion-de-la-cantata\/#primaryimage\"},\"image\":{\"@id\":\"https:\/\/elregionalvm.com.ar\/noticias-villa-maria\/concejales-aprobaron-dos-proyectos-el-centenario-del-natalicio-de-edith-vera-y-la-realizacion-de-la-decima-edicion-de-la-cantata\/#primaryimage\"},\"thumbnailUrl\":\"https:\/\/i0.wp.com\/elregionalvm.com.ar\/noticias-villa-maria\/wp-content\/uploads\/2025\/07\/WhatsApp-Image-2025-07-31-at-3.57.35-PM-scaled.jpeg?fit=2560%2C1920&ssl=1\",\"datePublished\":\"2025-07-31T22:08:32+00:00\",\"dateModified\":\"2025-07-31T22:08:34+00:00\",\"author\":{\"@id\":\"http:\/\/elregionalvm.com.ar\/noticias-villa-maria\/#\/schema\/person\/a0fb9c422317faca23d50163151bc354\"},\"breadcrumb\":{\"@id\":\"https:\/\/elregionalvm.com.ar\/noticias-villa-maria\/concejales-aprobaron-dos-proyectos-el-centenario-del-natalicio-de-edith-vera-y-la-realizacion-de-la-decima-edicion-de-la-cantata\/#breadcrumb\"},\"inLanguage\":\"es\",\"potentialAction\":[{\"@type\":\"ReadAction\",\"target\":[\"https:\/\/elregionalvm.com.ar\/noticias-villa-maria\/concejales-aprobaron-dos-proyectos-el-centenario-del-natalicio-de-edith-vera-y-la-realizacion-de-la-decima-edicion-de-la-cantata\/\"]}]},{\"@type\":\"ImageObject\",\"inLanguage\":\"es\",\"@id\":\"https:\/\/elregionalvm.com.ar\/noticias-villa-maria\/concejales-aprobaron-dos-proyectos-el-centenario-del-natalicio-de-edith-vera-y-la-realizacion-de-la-decima-edicion-de-la-cantata\/#primaryimage\",\"url\":\"https:\/\/i0.wp.com\/elregionalvm.com.ar\/noticias-villa-maria\/wp-content\/uploads\/2025\/07\/WhatsApp-Image-2025-07-31-at-3.57.35-PM-scaled.jpeg?fit=2560%2C1920&ssl=1\",\"contentUrl\":\"https:\/\/i0.wp.com\/elregionalvm.com.ar\/noticias-villa-maria\/wp-content\/uploads\/2025\/07\/WhatsApp-Image-2025-07-31-at-3.57.35-PM-scaled.jpeg?fit=2560%2C1920&ssl=1\",\"width\":2560,\"height\":1920},{\"@type\":\"BreadcrumbList\",\"@id\":\"https:\/\/elregionalvm.com.ar\/noticias-villa-maria\/concejales-aprobaron-dos-proyectos-el-centenario-del-natalicio-de-edith-vera-y-la-realizacion-de-la-decima-edicion-de-la-cantata\/#breadcrumb\",\"itemListElement\":[{\"@type\":\"ListItem\",\"position\":1,\"name\":\"Portada\",\"item\":\"https:\/\/elregionalvm.com.ar\/noticias-villa-maria\/\"},{\"@type\":\"ListItem\",\"position\":2,\"name\":\"Concejales aprobaron dos proyectos: el Centenario del Natalicio de Edith Vera y la realizaci\u00f3n de la D\u00e9cima Edici\u00f3n de \u201cLa Cantata\u201d\"}]},{\"@type\":\"WebSite\",\"@id\":\"http:\/\/elregionalvm.com.ar\/noticias-villa-maria\/#website\",\"url\":\"http:\/\/elregionalvm.com.ar\/noticias-villa-maria\/\",\"name\":\"El Regional\",\"description\":\"Mucho m\u00e1s que informaci\u00f3n\",\"potentialAction\":[{\"@type\":\"SearchAction\",\"target\":{\"@type\":\"EntryPoint\",\"urlTemplate\":\"http:\/\/elregionalvm.com.ar\/noticias-villa-maria\/?s={search_term_string}\"},\"query-input\":{\"@type\":\"PropertyValueSpecification\",\"valueRequired\":true,\"valueName\":\"search_term_string\"}}],\"inLanguage\":\"es\"},{\"@type\":\"Person\",\"@id\":\"http:\/\/elregionalvm.com.ar\/noticias-villa-maria\/#\/schema\/person\/a0fb9c422317faca23d50163151bc354\",\"name\":\"Contenidos El Regional\",\"image\":{\"@type\":\"ImageObject\",\"inLanguage\":\"es\",\"@id\":\"http:\/\/elregionalvm.com.ar\/noticias-villa-maria\/#\/schema\/person\/image\/\",\"url\":\"https:\/\/secure.gravatar.com\/avatar\/265b27cb2209af7bb3a1318f03305787d7981a5cc6e6cd08fe5a4ecdf99d4b48?s=96&d=mm&r=g\",\"contentUrl\":\"https:\/\/secure.gravatar.com\/avatar\/265b27cb2209af7bb3a1318f03305787d7981a5cc6e6cd08fe5a4ecdf99d4b48?s=96&d=mm&r=g\",\"caption\":\"Contenidos El Regional\"},\"url\":\"https:\/\/elregionalvm.com.ar\/noticias-villa-maria\/author\/contenido\/\"}]}<\/script>\n<!-- \/ Yoast SEO plugin. -->","yoast_head_json":{"title":"Concejales aprobaron dos proyectos: el Centenario del Natalicio de Edith Vera y la realizaci\u00f3n de la D\u00e9cima Edici\u00f3n de \u201cLa Cantata\u201d - El Regional","robots":{"index":"index","follow":"follow","max-snippet":"max-snippet:-1","max-image-preview":"max-image-preview:large","max-video-preview":"max-video-preview:-1"},"canonical":"https:\/\/elregionalvm.com.ar\/noticias-villa-maria\/concejales-aprobaron-dos-proyectos-el-centenario-del-natalicio-de-edith-vera-y-la-realizacion-de-la-decima-edicion-de-la-cantata\/","og_locale":"es_ES","og_type":"article","og_title":"Concejales aprobaron dos proyectos: el Centenario del Natalicio de Edith Vera y la realizaci\u00f3n de la D\u00e9cima Edici\u00f3n de \u201cLa Cantata\u201d - El Regional","og_description":"Pasado el mediod\u00eda de este jueves, se desarroll\u00f3 la habitual sesi\u00f3n del Concejo Deliberante. En ese sentido, y dando cumplimiento al procedimiento legal establecido por la Carta Org\u00e1nica Municipal, concejales de nuestra ciudad aprobaron en segunda lectura dos proyectos del Departamento Ejecutivo Municipal. Estos proyectos hacen referencia, por un lado, a la ratificaci\u00f3n de un [&hellip;]","og_url":"https:\/\/elregionalvm.com.ar\/noticias-villa-maria\/concejales-aprobaron-dos-proyectos-el-centenario-del-natalicio-de-edith-vera-y-la-realizacion-de-la-decima-edicion-de-la-cantata\/","og_site_name":"El Regional","article_publisher":"https:\/\/www.facebook.com\/elregionalvm","article_published_time":"2025-07-31T22:08:32+00:00","article_modified_time":"2025-07-31T22:08:34+00:00","og_image":[{"width":2560,"height":1920,"url":"https:\/\/elregionalvm.com.ar\/noticias-villa-maria\/wp-content\/uploads\/2025\/07\/WhatsApp-Image-2025-07-31-at-3.57.35-PM-scaled.jpeg","type":"image\/jpeg"}],"author":"Contenidos El Regional","twitter_card":"summary_large_image","twitter_creator":"@elregionalvm1","twitter_site":"@elregionalvm1","twitter_misc":{"Escrito por":"Contenidos El Regional","Tiempo de lectura":"2 minutos"},"schema":{"@context":"https:\/\/schema.org","@graph":[{"@type":"Article","@id":"https:\/\/elregionalvm.com.ar\/noticias-villa-maria\/concejales-aprobaron-dos-proyectos-el-centenario-del-natalicio-de-edith-vera-y-la-realizacion-de-la-decima-edicion-de-la-cantata\/#article","isPartOf":{"@id":"https:\/\/elregionalvm.com.ar\/noticias-villa-maria\/concejales-aprobaron-dos-proyectos-el-centenario-del-natalicio-de-edith-vera-y-la-realizacion-de-la-decima-edicion-de-la-cantata\/"},"author":{"name":"Contenidos El Regional","@id":"http:\/\/elregionalvm.com.ar\/noticias-villa-maria\/#\/schema\/person\/a0fb9c422317faca23d50163151bc354"},"headline":"Concejales aprobaron dos proyectos: el Centenario del Natalicio de Edith Vera y la realizaci\u00f3n de la D\u00e9cima Edici\u00f3n de \u201cLa Cantata\u201d","datePublished":"2025-07-31T22:08:32+00:00","dateModified":"2025-07-31T22:08:34+00:00","mainEntityOfPage":{"@id":"https:\/\/elregionalvm.com.ar\/noticias-villa-maria\/concejales-aprobaron-dos-proyectos-el-centenario-del-natalicio-de-edith-vera-y-la-realizacion-de-la-decima-edicion-de-la-cantata\/"},"wordCount":317,"commentCount":0,"image":{"@id":"https:\/\/elregionalvm.com.ar\/noticias-villa-maria\/concejales-aprobaron-dos-proyectos-el-centenario-del-natalicio-de-edith-vera-y-la-realizacion-de-la-decima-edicion-de-la-cantata\/#primaryimage"},"thumbnailUrl":"https:\/\/i0.wp.com\/elregionalvm.com.ar\/noticias-villa-maria\/wp-content\/uploads\/2025\/07\/WhatsApp-Image-2025-07-31-at-3.57.35-PM-scaled.jpeg?fit=2560%2C1920&ssl=1","articleSection":["destacado","Sociedad","Villa Mar\u00eda"],"inLanguage":"es","potentialAction":[{"@type":"CommentAction","name":"Comment","target":["https:\/\/elregionalvm.com.ar\/noticias-villa-maria\/concejales-aprobaron-dos-proyectos-el-centenario-del-natalicio-de-edith-vera-y-la-realizacion-de-la-decima-edicion-de-la-cantata\/#respond"]}]},{"@type":"WebPage","@id":"https:\/\/elregionalvm.com.ar\/noticias-villa-maria\/concejales-aprobaron-dos-proyectos-el-centenario-del-natalicio-de-edith-vera-y-la-realizacion-de-la-decima-edicion-de-la-cantata\/","url":"https:\/\/elregionalvm.com.ar\/noticias-villa-maria\/concejales-aprobaron-dos-proyectos-el-centenario-del-natalicio-de-edith-vera-y-la-realizacion-de-la-decima-edicion-de-la-cantata\/","name":"Concejales aprobaron dos proyectos: el Centenario del Natalicio de Edith Vera y la realizaci\u00f3n de la D\u00e9cima Edici\u00f3n de \u201cLa Cantata\u201d - El Regional","isPartOf":{"@id":"http:\/\/elregionalvm.com.ar\/noticias-villa-maria\/#website"},"primaryImageOfPage":{"@id":"https:\/\/elregionalvm.com.ar\/noticias-villa-maria\/concejales-aprobaron-dos-proyectos-el-centenario-del-natalicio-de-edith-vera-y-la-realizacion-de-la-decima-edicion-de-la-cantata\/#primaryimage"},"image":{"@id":"https:\/\/elregionalvm.com.ar\/noticias-villa-maria\/concejales-aprobaron-dos-proyectos-el-centenario-del-natalicio-de-edith-vera-y-la-realizacion-de-la-decima-edicion-de-la-cantata\/#primaryimage"},"thumbnailUrl":"https:\/\/i0.wp.com\/elregionalvm.com.ar\/noticias-villa-maria\/wp-content\/uploads\/2025\/07\/WhatsApp-Image-2025-07-31-at-3.57.35-PM-scaled.jpeg?fit=2560%2C1920&ssl=1","datePublished":"2025-07-31T22:08:32+00:00","dateModified":"2025-07-31T22:08:34+00:00","author":{"@id":"http:\/\/elregionalvm.com.ar\/noticias-villa-maria\/#\/schema\/person\/a0fb9c422317faca23d50163151bc354"},"breadcrumb":{"@id":"https:\/\/elregionalvm.com.ar\/noticias-villa-maria\/concejales-aprobaron-dos-proyectos-el-centenario-del-natalicio-de-edith-vera-y-la-realizacion-de-la-decima-edicion-de-la-cantata\/#breadcrumb"},"inLanguage":"es","potentialAction":[{"@type":"ReadAction","target":["https:\/\/elregionalvm.com.ar\/noticias-villa-maria\/concejales-aprobaron-dos-proyectos-el-centenario-del-natalicio-de-edith-vera-y-la-realizacion-de-la-decima-edicion-de-la-cantata\/"]}]},{"@type":"ImageObject","inLanguage":"es","@id":"https:\/\/elregionalvm.com.ar\/noticias-villa-maria\/concejales-aprobaron-dos-proyectos-el-centenario-del-natalicio-de-edith-vera-y-la-realizacion-de-la-decima-edicion-de-la-cantata\/#primaryimage","url":"https:\/\/i0.wp.com\/elregionalvm.com.ar\/noticias-villa-maria\/wp-content\/uploads\/2025\/07\/WhatsApp-Image-2025-07-31-at-3.57.35-PM-scaled.jpeg?fit=2560%2C1920&ssl=1","contentUrl":"https:\/\/i0.wp.com\/elregionalvm.com.ar\/noticias-villa-maria\/wp-content\/uploads\/2025\/07\/WhatsApp-Image-2025-07-31-at-3.57.35-PM-scaled.jpeg?fit=2560%2C1920&ssl=1","width":2560,"height":1920},{"@type":"BreadcrumbList","@id":"https:\/\/elregionalvm.com.ar\/noticias-villa-maria\/concejales-aprobaron-dos-proyectos-el-centenario-del-natalicio-de-edith-vera-y-la-realizacion-de-la-decima-edicion-de-la-cantata\/#breadcrumb","itemListElement":[{"@type":"ListItem","position":1,"name":"Portada","item":"https:\/\/elregionalvm.com.ar\/noticias-villa-maria\/"},{"@type":"ListItem","position":2,"name":"Concejales aprobaron dos proyectos: el Centenario del Natalicio de Edith Vera y la realizaci\u00f3n de la D\u00e9cima Edici\u00f3n de \u201cLa Cantata\u201d"}]},{"@type":"WebSite","@id":"http:\/\/elregionalvm.com.ar\/noticias-villa-maria\/#website","url":"http:\/\/elregionalvm.com.ar\/noticias-villa-maria\/","name":"El Regional","description":"Mucho m\u00e1s que informaci\u00f3n","potentialAction":[{"@type":"SearchAction","target":{"@type":"EntryPoint","urlTemplate":"http:\/\/elregionalvm.com.ar\/noticias-villa-maria\/?s={search_term_string}"},"query-input":{"@type":"PropertyValueSpecification","valueRequired":true,"valueName":"search_term_string"}}],"inLanguage":"es"},{"@type":"Person","@id":"http:\/\/elregionalvm.com.ar\/noticias-villa-maria\/#\/schema\/person\/a0fb9c422317faca23d50163151bc354","name":"Contenidos El Regional","image":{"@type":"ImageObject","inLanguage":"es","@id":"http:\/\/elregionalvm.com.ar\/noticias-villa-maria\/#\/schema\/person\/image\/","url":"https:\/\/secure.gravatar.com\/avatar\/265b27cb2209af7bb3a1318f03305787d7981a5cc6e6cd08fe5a4ecdf99d4b48?s=96&d=mm&r=g","contentUrl":"https:\/\/secure.gravatar.com\/avatar\/265b27cb2209af7bb3a1318f03305787d7981a5cc6e6cd08fe5a4ecdf99d4b48?s=96&d=mm&r=g","caption":"Contenidos El Regional"},"url":"https:\/\/elregionalvm.com.ar\/noticias-villa-maria\/author\/contenido\/"}]}},"jetpack_featured_media_url":"https:\/\/i0.wp.com\/elregionalvm.com.ar\/noticias-villa-maria\/wp-content\/uploads\/2025\/07\/WhatsApp-Image-2025-07-31-at-3.57.35-PM-scaled.jpeg?fit=2560%2C1920&ssl=1","jetpack_sharing_enabled":true,"_links":{"self":[{"href":"https:\/\/elregionalvm.com.ar\/noticias-villa-maria\/wp-json\/wp\/v2\/posts\/108564","targetHints":{"allow":["GET"]}}],"collection":[{"href":"https:\/\/elregionalvm.com.ar\/noticias-villa-maria\/wp-json\/wp\/v2\/posts"}],"about":[{"href":"https:\/\/elregionalvm.com.ar\/noticias-villa-maria\/wp-json\/wp\/v2\/types\/post"}],"author":[{"embeddable":true,"href":"https:\/\/elregionalvm.com.ar\/noticias-villa-maria\/wp-json\/wp\/v2\/users\/4"}],"replies":[{"embeddable":true,"href":"https:\/\/elregionalvm.com.ar\/noticias-villa-maria\/wp-json\/wp\/v2\/comments?post=108564"}],"version-history":[{"count":1,"href":"https:\/\/elregionalvm.com.ar\/noticias-villa-maria\/wp-json\/wp\/v2\/posts\/108564\/revisions"}],"predecessor-version":[{"id":108566,"href":"https:\/\/elregionalvm.com.ar\/noticias-villa-maria\/wp-json\/wp\/v2\/posts\/108564\/revisions\/108566"}],"wp:featuredmedia":[{"embeddable":true,"href":"https:\/\/elregionalvm.com.ar\/noticias-villa-maria\/wp-json\/wp\/v2\/media\/108565"}],"wp:attachment":[{"href":"https:\/\/elregionalvm.com.ar\/noticias-villa-maria\/wp-json\/wp\/v2\/media?parent=108564"}],"wp:term":[{"taxonomy":"category","embeddable":true,"href":"https:\/\/elregionalvm.com.ar\/noticias-villa-maria\/wp-json\/wp\/v2\/categories?post=108564"},{"taxonomy":"post_tag","embeddable":true,"href":"https:\/\/elregionalvm.com.ar\/noticias-villa-maria\/wp-json\/wp\/v2\/tags?post=108564"}],"curies":[{"name":"wp","href":"https:\/\/api.w.org\/{rel}","templated":true}]}}