{"id":108573,"date":"2025-07-31T22:22:42","date_gmt":"2025-07-31T22:22:42","guid":{"rendered":"https:\/\/elregionalvm.com.ar\/noticias-villa-maria\/?p=108573"},"modified":"2025-07-31T22:22:45","modified_gmt":"2025-07-31T22:22:45","slug":"la-unvm-puso-en-funcionamiento-un-moderno-espacio-de-servicios-cientificos-tras-la-instalacion-de-un-sistema-de-espectrometria-de-masa-de-alta-resolucion","status":"publish","type":"post","link":"https:\/\/elregionalvm.com.ar\/noticias-villa-maria\/la-unvm-puso-en-funcionamiento-un-moderno-espacio-de-servicios-cientificos-tras-la-instalacion-de-un-sistema-de-espectrometria-de-masa-de-alta-resolucion\/","title":{"rendered":"La UNVM puso en funcionamiento un moderno espacio de servicios cient\u00edficos, tras la instalaci\u00f3n de un sistema de Espectrometr\u00eda de Masa de Alta Resoluci\u00f3n"},"content":{"rendered":"\n<p>El&nbsp;<strong>Instituto de Ciencias B\u00e1sicas y Aplicadas<\/strong>&nbsp;de la Universidad Nacional de Villa Mar\u00eda (UNVM) puso en funcionamiento un moderno espacio de servicios cient\u00edficos, tras la instalaci\u00f3n de un sistema de Espectrometr\u00eda de Masa de Alta Resoluci\u00f3n acoplado a un sistema de Cromatograf\u00eda L\u00edquida (LC-MS), com\u00fanmente conocido como HPLC-Masa. El equipo ya fue incorporado a la infraestructura universitaria y se suma a un proceso de fortalecimiento tecnol\u00f3gico.<\/p>\n\n\n\n<p>Dicha aparatolog\u00eda fue adjudicada a la UNVM a trav\u00e9s del Programa Federal&nbsp;<em>Equipar Ciencia 2023<\/em>, impulsado por el entonces Ministerio de Ciencia, Tecnolog\u00eda e Innovaci\u00f3n de la Naci\u00f3n, con el objetivo de fortalecer las capacidades de las instituciones del Sistema Nacional de Ciencia, Tecnolog\u00eda e Innovaci\u00f3n (SNCTI) mediante la provisi\u00f3n de equipamiento estrat\u00e9gico.<\/p>\n\n\n\n<p>El nuevo sistema LC-MS ya se encuentra operativo y ser\u00e1 clave tanto para impulsar las l\u00edneas de investigaci\u00f3n que se desarrollan en el Instituto como para ofrecer servicios anal\u00edticos a terceros, generando un nuevo espacio de vinculaci\u00f3n tecnol\u00f3gica desde la Universidad hacia la comunidad cient\u00edfica, productiva y sanitaria de la regi\u00f3n.<\/p>\n\n\n\n<p>\u00abEste equipamiento, que ya est\u00e1 operativo en nuestros laboratorios, marca un antes y un despu\u00e9s en la calidad de nuestras prestaciones. La certeza de los an\u00e1lisis que otorga la espectrometr\u00eda de masas es clave para distintos sectores y adem\u00e1s actualmente es el \u00fanico de alta resoluci\u00f3n que hay en todo Sudam\u00e9rica, con lo cual nos habilita incluso a ofrecer&nbsp; servicios a otros pa\u00edses\u00bb, destac\u00f3 la decana de B\u00e1sicas&nbsp;<strong>Carolina Morgante<\/strong>&nbsp;y sum\u00f3: \u00abEl HPLC nos fue entregado a fines de 2024 y terminamos de ponerlo a punto recientemente ya que tuvimos que adecuar un espacio con condiciones edilicias espec\u00edficas para que todo funcione correctamente, adem\u00e1s de capacitar al personal que lo utilizar\u00e1 de aqu\u00ed en adelante\u00bb.<\/p>\n\n\n\n<p>\u201cEste tipo de tecnolog\u00eda ampl\u00eda el campo de aplicaci\u00f3n y la exactitud de los resultados que se obtienen al analizar una muestra, permiti\u00e9ndonos tambi\u00e9n profundizar y diversificar nuestras investigaciones\u201d, agreg\u00f3 la directora del&nbsp;<strong>Instituto Multidisciplinario de Investigaci\u00f3n y Transferencia Agroalimentaria y Biotecnol\u00f3gica<\/strong>&nbsp;(IMITAB),&nbsp;<strong>Carina Porporatto<\/strong>. Adem\u00e1s, especific\u00f3 que este equipo combina t\u00e9cnicas de cromatograf\u00eda l\u00edquida y espectrometr\u00eda de masas, lo cual permite una detecci\u00f3n precisa, identificaci\u00f3n y cuantificaci\u00f3n de compuestos presentes incluso en concentraciones muy bajas.<\/p>\n\n\n\n<h4 class=\"wp-block-heading\">Inversi\u00f3n estrat\u00e9gica:<\/h4>\n\n\n\n<p>Esta inversi\u00f3n gestionada por la UNVM a\u00f1os atr\u00e1s, en el marco del programa Equipar Ciencia, se suma a la compra de un Microscopio \u00d3ptico Confocal que tambi\u00e9n ser\u00e1 entregado para su futura instalaci\u00f3n en las pr\u00f3ximas semanas. En esa presentaci\u00f3n nacional, el Instituto de Ciencias B\u00e1sicas y Aplicadas fundament\u00f3 la necesidad de contar con equipamiento de alta complejidad par as\u00ed potenciar el desarrollo de investigaciones en \u00e1reas clave como biotecnolog\u00eda, salud, alimentos y medio ambiente.<\/p>\n\n\n\n<p>Cabe destacar que el proceso de adjudicaci\u00f3n de los fondos consider\u00f3 los requerimientos y prioridades enviados por las instituciones solicitantes, garantizando una distribuci\u00f3n federal equilibrada y evitando la duplicaci\u00f3n de equipamiento en una misma jurisdicci\u00f3n.<\/p>\n\n\n\n<h4 class=\"wp-block-heading\">Capacitaci\u00f3n del personal:<\/h4>\n\n\n\n<p>Las jornadas de capacitaci\u00f3n estuvieron a cargo del especialista&nbsp;doctor<strong>&nbsp;Douglas de Andrade<\/strong>&nbsp;de la empresa&nbsp;<em>Sciex<\/em>, quien ofreci\u00f3 formaci\u00f3n t\u00e9cnica orientada al perfeccionamiento en el uso y mantenimiento del sistema, as\u00ed como en el procesamiento de datos avanzados. Participaron la investigadora del Conicet especializada en qu\u00edmica anal\u00edtica,&nbsp;<strong>Marianela S\u00e1nchez<\/strong>&nbsp;y la responsable t\u00e9cnica&nbsp;<strong>Mariana Bonaterra,<\/strong>&nbsp;ambas a su vez docentes del Instituto.<\/p>\n\n\n\n<p>\u201cEl entrenamiento continuo en el uso del ZenoTOF 7600 permite consolidar capacidades locales para el desarrollo de investigaciones complejas en \u00e1reas clave\u201d, se\u00f1al\u00f3 S\u00e1nchez y Bonaterra por su parte a\u00f1adi\u00f3: \u201cAdem\u00e1s, ponemos estas herramientas al servicio de otros grupos de investigaci\u00f3n y empresas, fortaleciendo la transferencia tecnol\u00f3gica desde el \u00e1mbito cient\u00edfico\u201d.<\/p>\n","protected":false},"excerpt":{"rendered":"<p>El&nbsp;Instituto de Ciencias B\u00e1sicas y Aplicadas&nbsp;de la Universidad Nacional de Villa Mar\u00eda (UNVM) puso en funcionamiento un moderno espacio de servicios cient\u00edficos, tras la instalaci\u00f3n de un sistema de Espectrometr\u00eda de Masa de Alta Resoluci\u00f3n acoplado a un sistema de Cromatograf\u00eda L\u00edquida (LC-MS), com\u00fanmente conocido como HPLC-Masa. El equipo ya fue incorporado a la infraestructura [&hellip;]<\/p>\n","protected":false},"author":4,"featured_media":108574,"comment_status":"open","ping_status":"open","sticky":false,"template":"","format":"standard","meta":{"site-sidebar-layout":"default","site-content-layout":"","ast-site-content-layout":"default","site-content-style":"default","site-sidebar-style":"default","ast-global-header-display":"","ast-banner-title-visibility":"","ast-main-header-display":"","ast-hfb-above-header-display":"","ast-hfb-below-header-display":"","ast-hfb-mobile-header-display":"","site-post-title":"","ast-breadcrumbs-content":"","ast-featured-img":"","footer-sml-layout":"","ast-disable-related-posts":"","theme-transparent-header-meta":"","adv-header-id-meta":"","stick-header-meta":"","header-above-stick-meta":"","header-main-stick-meta":"","header-below-stick-meta":"","astra-migrate-meta-layouts":"set","ast-page-background-enabled":"default","ast-page-background-meta":{"desktop":{"background-color":"","background-image":"","background-repeat":"repeat","background-position":"center center","background-size":"auto","background-attachment":"scroll","background-type":"","background-media":"","overlay-type":"","overlay-color":"","overlay-opacity":"","overlay-gradient":""},"tablet":{"background-color":"","background-image":"","background-repeat":"repeat","background-position":"center center","background-size":"auto","background-attachment":"scroll","background-type":"","background-media":"","overlay-type":"","overlay-color":"","overlay-opacity":"","overlay-gradient":""},"mobile":{"background-color":"","background-image":"","background-repeat":"repeat","background-position":"center center","background-size":"auto","background-attachment":"scroll","background-type":"","background-media":"","overlay-type":"","overlay-color":"","overlay-opacity":"","overlay-gradient":""}},"ast-content-background-meta":{"desktop":{"background-color":"var(--ast-global-color-5)","background-image":"","background-repeat":"repeat","background-position":"center center","background-size":"auto","background-attachment":"scroll","background-type":"","background-media":"","overlay-type":"","overlay-color":"","overlay-opacity":"","overlay-gradient":""},"tablet":{"background-color":"var(--ast-global-color-5)","background-image":"","background-repeat":"repeat","background-position":"center center","background-size":"auto","background-attachment":"scroll","background-type":"","background-media":"","overlay-type":"","overlay-color":"","overlay-opacity":"","overlay-gradient":""},"mobile":{"background-color":"var(--ast-global-color-5)","background-image":"","background-repeat":"repeat","background-position":"center center","background-size":"auto","background-attachment":"scroll","background-type":"","background-media":"","overlay-type":"","overlay-color":"","overlay-opacity":"","overlay-gradient":""}},"_jetpack_memberships_contains_paid_content":false,"_joinchat":[],"footnotes":""},"categories":[15302,5,2],"tags":[],"class_list":["post-108573","post","type-post","status-publish","format-standard","has-post-thumbnail","hentry","category-destacado","category-sociedad","category-villa-maria"],"yoast_head":"<!-- This site is optimized with the Yoast SEO plugin v26.8 - https:\/\/yoast.com\/product\/yoast-seo-wordpress\/ -->\n<title>La UNVM puso en funcionamiento un moderno espacio de servicios cient\u00edficos, tras la instalaci\u00f3n de un sistema de Espectrometr\u00eda de Masa de Alta Resoluci\u00f3n - El Regional<\/title>\n<meta name=\"robots\" content=\"index, follow, max-snippet:-1, max-image-preview:large, max-video-preview:-1\" \/>\n<link rel=\"canonical\" href=\"https:\/\/elregionalvm.com.ar\/noticias-villa-maria\/la-unvm-puso-en-funcionamiento-un-moderno-espacio-de-servicios-cientificos-tras-la-instalacion-de-un-sistema-de-espectrometria-de-masa-de-alta-resolucion\/\" \/>\n<meta property=\"og:locale\" content=\"es_ES\" \/>\n<meta property=\"og:type\" content=\"article\" \/>\n<meta property=\"og:title\" content=\"La UNVM puso en funcionamiento un moderno espacio de servicios cient\u00edficos, tras la instalaci\u00f3n de un sistema de Espectrometr\u00eda de Masa de Alta Resoluci\u00f3n - El Regional\" \/>\n<meta property=\"og:description\" content=\"El&nbsp;Instituto de Ciencias B\u00e1sicas y Aplicadas&nbsp;de la Universidad Nacional de Villa Mar\u00eda (UNVM) puso en funcionamiento un moderno espacio de servicios cient\u00edficos, tras la instalaci\u00f3n de un sistema de Espectrometr\u00eda de Masa de Alta Resoluci\u00f3n acoplado a un sistema de Cromatograf\u00eda L\u00edquida (LC-MS), com\u00fanmente conocido como HPLC-Masa. El equipo ya fue incorporado a la infraestructura [&hellip;]\" \/>\n<meta property=\"og:url\" content=\"https:\/\/elregionalvm.com.ar\/noticias-villa-maria\/la-unvm-puso-en-funcionamiento-un-moderno-espacio-de-servicios-cientificos-tras-la-instalacion-de-un-sistema-de-espectrometria-de-masa-de-alta-resolucion\/\" \/>\n<meta property=\"og:site_name\" content=\"El Regional\" \/>\n<meta property=\"article:publisher\" content=\"https:\/\/www.facebook.com\/elregionalvm\" \/>\n<meta property=\"article:published_time\" content=\"2025-07-31T22:22:42+00:00\" \/>\n<meta property=\"article:modified_time\" content=\"2025-07-31T22:22:45+00:00\" \/>\n<meta property=\"og:image\" content=\"https:\/\/elregionalvm.com.ar\/noticias-villa-maria\/wp-content\/uploads\/2025\/07\/WhatsApp-Image-2025-07-31-at-1.26.55-PM.jpeg\" \/>\n\t<meta property=\"og:image:width\" content=\"1920\" \/>\n\t<meta property=\"og:image:height\" content=\"2560\" \/>\n\t<meta property=\"og:image:type\" content=\"image\/jpeg\" \/>\n<meta name=\"author\" content=\"Contenidos El Regional\" \/>\n<meta name=\"twitter:card\" content=\"summary_large_image\" \/>\n<meta name=\"twitter:creator\" content=\"@elregionalvm1\" \/>\n<meta name=\"twitter:site\" content=\"@elregionalvm1\" \/>\n<meta name=\"twitter:label1\" content=\"Escrito por\" \/>\n\t<meta name=\"twitter:data1\" content=\"Contenidos El Regional\" \/>\n\t<meta name=\"twitter:label2\" content=\"Tiempo de lectura\" \/>\n\t<meta name=\"twitter:data2\" content=\"3 minutos\" \/>\n<script type=\"application\/ld+json\" class=\"yoast-schema-graph\">{\"@context\":\"https:\/\/schema.org\",\"@graph\":[{\"@type\":\"Article\",\"@id\":\"https:\/\/elregionalvm.com.ar\/noticias-villa-maria\/la-unvm-puso-en-funcionamiento-un-moderno-espacio-de-servicios-cientificos-tras-la-instalacion-de-un-sistema-de-espectrometria-de-masa-de-alta-resolucion\/#article\",\"isPartOf\":{\"@id\":\"https:\/\/elregionalvm.com.ar\/noticias-villa-maria\/la-unvm-puso-en-funcionamiento-un-moderno-espacio-de-servicios-cientificos-tras-la-instalacion-de-un-sistema-de-espectrometria-de-masa-de-alta-resolucion\/\"},\"author\":{\"name\":\"Contenidos El Regional\",\"@id\":\"http:\/\/elregionalvm.com.ar\/noticias-villa-maria\/#\/schema\/person\/a0fb9c422317faca23d50163151bc354\"},\"headline\":\"La UNVM puso en funcionamiento un moderno espacio de servicios cient\u00edficos, tras la instalaci\u00f3n de un sistema de Espectrometr\u00eda de Masa de Alta Resoluci\u00f3n\",\"datePublished\":\"2025-07-31T22:22:42+00:00\",\"dateModified\":\"2025-07-31T22:22:45+00:00\",\"mainEntityOfPage\":{\"@id\":\"https:\/\/elregionalvm.com.ar\/noticias-villa-maria\/la-unvm-puso-en-funcionamiento-un-moderno-espacio-de-servicios-cientificos-tras-la-instalacion-de-un-sistema-de-espectrometria-de-masa-de-alta-resolucion\/\"},\"wordCount\":715,\"commentCount\":0,\"image\":{\"@id\":\"https:\/\/elregionalvm.com.ar\/noticias-villa-maria\/la-unvm-puso-en-funcionamiento-un-moderno-espacio-de-servicios-cientificos-tras-la-instalacion-de-un-sistema-de-espectrometria-de-masa-de-alta-resolucion\/#primaryimage\"},\"thumbnailUrl\":\"https:\/\/i0.wp.com\/elregionalvm.com.ar\/noticias-villa-maria\/wp-content\/uploads\/2025\/07\/WhatsApp-Image-2025-07-31-at-1.26.55-PM.jpeg?fit=1920%2C2560&ssl=1\",\"articleSection\":[\"destacado\",\"Sociedad\",\"Villa Mar\u00eda\"],\"inLanguage\":\"es\",\"potentialAction\":[{\"@type\":\"CommentAction\",\"name\":\"Comment\",\"target\":[\"https:\/\/elregionalvm.com.ar\/noticias-villa-maria\/la-unvm-puso-en-funcionamiento-un-moderno-espacio-de-servicios-cientificos-tras-la-instalacion-de-un-sistema-de-espectrometria-de-masa-de-alta-resolucion\/#respond\"]}]},{\"@type\":\"WebPage\",\"@id\":\"https:\/\/elregionalvm.com.ar\/noticias-villa-maria\/la-unvm-puso-en-funcionamiento-un-moderno-espacio-de-servicios-cientificos-tras-la-instalacion-de-un-sistema-de-espectrometria-de-masa-de-alta-resolucion\/\",\"url\":\"https:\/\/elregionalvm.com.ar\/noticias-villa-maria\/la-unvm-puso-en-funcionamiento-un-moderno-espacio-de-servicios-cientificos-tras-la-instalacion-de-un-sistema-de-espectrometria-de-masa-de-alta-resolucion\/\",\"name\":\"La UNVM puso en funcionamiento un moderno espacio de servicios cient\u00edficos, tras la instalaci\u00f3n de un sistema de Espectrometr\u00eda de Masa de Alta Resoluci\u00f3n - El Regional\",\"isPartOf\":{\"@id\":\"http:\/\/elregionalvm.com.ar\/noticias-villa-maria\/#website\"},\"primaryImageOfPage\":{\"@id\":\"https:\/\/elregionalvm.com.ar\/noticias-villa-maria\/la-unvm-puso-en-funcionamiento-un-moderno-espacio-de-servicios-cientificos-tras-la-instalacion-de-un-sistema-de-espectrometria-de-masa-de-alta-resolucion\/#primaryimage\"},\"image\":{\"@id\":\"https:\/\/elregionalvm.com.ar\/noticias-villa-maria\/la-unvm-puso-en-funcionamiento-un-moderno-espacio-de-servicios-cientificos-tras-la-instalacion-de-un-sistema-de-espectrometria-de-masa-de-alta-resolucion\/#primaryimage\"},\"thumbnailUrl\":\"https:\/\/i0.wp.com\/elregionalvm.com.ar\/noticias-villa-maria\/wp-content\/uploads\/2025\/07\/WhatsApp-Image-2025-07-31-at-1.26.55-PM.jpeg?fit=1920%2C2560&ssl=1\",\"datePublished\":\"2025-07-31T22:22:42+00:00\",\"dateModified\":\"2025-07-31T22:22:45+00:00\",\"author\":{\"@id\":\"http:\/\/elregionalvm.com.ar\/noticias-villa-maria\/#\/schema\/person\/a0fb9c422317faca23d50163151bc354\"},\"breadcrumb\":{\"@id\":\"https:\/\/elregionalvm.com.ar\/noticias-villa-maria\/la-unvm-puso-en-funcionamiento-un-moderno-espacio-de-servicios-cientificos-tras-la-instalacion-de-un-sistema-de-espectrometria-de-masa-de-alta-resolucion\/#breadcrumb\"},\"inLanguage\":\"es\",\"potentialAction\":[{\"@type\":\"ReadAction\",\"target\":[\"https:\/\/elregionalvm.com.ar\/noticias-villa-maria\/la-unvm-puso-en-funcionamiento-un-moderno-espacio-de-servicios-cientificos-tras-la-instalacion-de-un-sistema-de-espectrometria-de-masa-de-alta-resolucion\/\"]}]},{\"@type\":\"ImageObject\",\"inLanguage\":\"es\",\"@id\":\"https:\/\/elregionalvm.com.ar\/noticias-villa-maria\/la-unvm-puso-en-funcionamiento-un-moderno-espacio-de-servicios-cientificos-tras-la-instalacion-de-un-sistema-de-espectrometria-de-masa-de-alta-resolucion\/#primaryimage\",\"url\":\"https:\/\/i0.wp.com\/elregionalvm.com.ar\/noticias-villa-maria\/wp-content\/uploads\/2025\/07\/WhatsApp-Image-2025-07-31-at-1.26.55-PM.jpeg?fit=1920%2C2560&ssl=1\",\"contentUrl\":\"https:\/\/i0.wp.com\/elregionalvm.com.ar\/noticias-villa-maria\/wp-content\/uploads\/2025\/07\/WhatsApp-Image-2025-07-31-at-1.26.55-PM.jpeg?fit=1920%2C2560&ssl=1\",\"width\":1920,\"height\":2560},{\"@type\":\"BreadcrumbList\",\"@id\":\"https:\/\/elregionalvm.com.ar\/noticias-villa-maria\/la-unvm-puso-en-funcionamiento-un-moderno-espacio-de-servicios-cientificos-tras-la-instalacion-de-un-sistema-de-espectrometria-de-masa-de-alta-resolucion\/#breadcrumb\",\"itemListElement\":[{\"@type\":\"ListItem\",\"position\":1,\"name\":\"Portada\",\"item\":\"https:\/\/elregionalvm.com.ar\/noticias-villa-maria\/\"},{\"@type\":\"ListItem\",\"position\":2,\"name\":\"La UNVM puso en funcionamiento un moderno espacio de servicios cient\u00edficos, tras la instalaci\u00f3n de un sistema de Espectrometr\u00eda de Masa de Alta Resoluci\u00f3n\"}]},{\"@type\":\"WebSite\",\"@id\":\"http:\/\/elregionalvm.com.ar\/noticias-villa-maria\/#website\",\"url\":\"http:\/\/elregionalvm.com.ar\/noticias-villa-maria\/\",\"name\":\"El Regional\",\"description\":\"Mucho m\u00e1s que informaci\u00f3n\",\"potentialAction\":[{\"@type\":\"SearchAction\",\"target\":{\"@type\":\"EntryPoint\",\"urlTemplate\":\"http:\/\/elregionalvm.com.ar\/noticias-villa-maria\/?s={search_term_string}\"},\"query-input\":{\"@type\":\"PropertyValueSpecification\",\"valueRequired\":true,\"valueName\":\"search_term_string\"}}],\"inLanguage\":\"es\"},{\"@type\":\"Person\",\"@id\":\"http:\/\/elregionalvm.com.ar\/noticias-villa-maria\/#\/schema\/person\/a0fb9c422317faca23d50163151bc354\",\"name\":\"Contenidos El Regional\",\"image\":{\"@type\":\"ImageObject\",\"inLanguage\":\"es\",\"@id\":\"http:\/\/elregionalvm.com.ar\/noticias-villa-maria\/#\/schema\/person\/image\/\",\"url\":\"https:\/\/secure.gravatar.com\/avatar\/265b27cb2209af7bb3a1318f03305787d7981a5cc6e6cd08fe5a4ecdf99d4b48?s=96&d=mm&r=g\",\"contentUrl\":\"https:\/\/secure.gravatar.com\/avatar\/265b27cb2209af7bb3a1318f03305787d7981a5cc6e6cd08fe5a4ecdf99d4b48?s=96&d=mm&r=g\",\"caption\":\"Contenidos El Regional\"},\"url\":\"https:\/\/elregionalvm.com.ar\/noticias-villa-maria\/author\/contenido\/\"}]}<\/script>\n<!-- \/ Yoast SEO plugin. -->","yoast_head_json":{"title":"La UNVM puso en funcionamiento un moderno espacio de servicios cient\u00edficos, tras la instalaci\u00f3n de un sistema de Espectrometr\u00eda de Masa de Alta Resoluci\u00f3n - El Regional","robots":{"index":"index","follow":"follow","max-snippet":"max-snippet:-1","max-image-preview":"max-image-preview:large","max-video-preview":"max-video-preview:-1"},"canonical":"https:\/\/elregionalvm.com.ar\/noticias-villa-maria\/la-unvm-puso-en-funcionamiento-un-moderno-espacio-de-servicios-cientificos-tras-la-instalacion-de-un-sistema-de-espectrometria-de-masa-de-alta-resolucion\/","og_locale":"es_ES","og_type":"article","og_title":"La UNVM puso en funcionamiento un moderno espacio de servicios cient\u00edficos, tras la instalaci\u00f3n de un sistema de Espectrometr\u00eda de Masa de Alta Resoluci\u00f3n - El Regional","og_description":"El&nbsp;Instituto de Ciencias B\u00e1sicas y Aplicadas&nbsp;de la Universidad Nacional de Villa Mar\u00eda (UNVM) puso en funcionamiento un moderno espacio de servicios cient\u00edficos, tras la instalaci\u00f3n de un sistema de Espectrometr\u00eda de Masa de Alta Resoluci\u00f3n acoplado a un sistema de Cromatograf\u00eda L\u00edquida (LC-MS), com\u00fanmente conocido como HPLC-Masa. El equipo ya fue incorporado a la infraestructura [&hellip;]","og_url":"https:\/\/elregionalvm.com.ar\/noticias-villa-maria\/la-unvm-puso-en-funcionamiento-un-moderno-espacio-de-servicios-cientificos-tras-la-instalacion-de-un-sistema-de-espectrometria-de-masa-de-alta-resolucion\/","og_site_name":"El Regional","article_publisher":"https:\/\/www.facebook.com\/elregionalvm","article_published_time":"2025-07-31T22:22:42+00:00","article_modified_time":"2025-07-31T22:22:45+00:00","og_image":[{"width":1920,"height":2560,"url":"https:\/\/elregionalvm.com.ar\/noticias-villa-maria\/wp-content\/uploads\/2025\/07\/WhatsApp-Image-2025-07-31-at-1.26.55-PM.jpeg","type":"image\/jpeg"}],"author":"Contenidos El Regional","twitter_card":"summary_large_image","twitter_creator":"@elregionalvm1","twitter_site":"@elregionalvm1","twitter_misc":{"Escrito por":"Contenidos El Regional","Tiempo de lectura":"3 minutos"},"schema":{"@context":"https:\/\/schema.org","@graph":[{"@type":"Article","@id":"https:\/\/elregionalvm.com.ar\/noticias-villa-maria\/la-unvm-puso-en-funcionamiento-un-moderno-espacio-de-servicios-cientificos-tras-la-instalacion-de-un-sistema-de-espectrometria-de-masa-de-alta-resolucion\/#article","isPartOf":{"@id":"https:\/\/elregionalvm.com.ar\/noticias-villa-maria\/la-unvm-puso-en-funcionamiento-un-moderno-espacio-de-servicios-cientificos-tras-la-instalacion-de-un-sistema-de-espectrometria-de-masa-de-alta-resolucion\/"},"author":{"name":"Contenidos El Regional","@id":"http:\/\/elregionalvm.com.ar\/noticias-villa-maria\/#\/schema\/person\/a0fb9c422317faca23d50163151bc354"},"headline":"La UNVM puso en funcionamiento un moderno espacio de servicios cient\u00edficos, tras la instalaci\u00f3n de un sistema de Espectrometr\u00eda de Masa de Alta Resoluci\u00f3n","datePublished":"2025-07-31T22:22:42+00:00","dateModified":"2025-07-31T22:22:45+00:00","mainEntityOfPage":{"@id":"https:\/\/elregionalvm.com.ar\/noticias-villa-maria\/la-unvm-puso-en-funcionamiento-un-moderno-espacio-de-servicios-cientificos-tras-la-instalacion-de-un-sistema-de-espectrometria-de-masa-de-alta-resolucion\/"},"wordCount":715,"commentCount":0,"image":{"@id":"https:\/\/elregionalvm.com.ar\/noticias-villa-maria\/la-unvm-puso-en-funcionamiento-un-moderno-espacio-de-servicios-cientificos-tras-la-instalacion-de-un-sistema-de-espectrometria-de-masa-de-alta-resolucion\/#primaryimage"},"thumbnailUrl":"https:\/\/i0.wp.com\/elregionalvm.com.ar\/noticias-villa-maria\/wp-content\/uploads\/2025\/07\/WhatsApp-Image-2025-07-31-at-1.26.55-PM.jpeg?fit=1920%2C2560&ssl=1","articleSection":["destacado","Sociedad","Villa Mar\u00eda"],"inLanguage":"es","potentialAction":[{"@type":"CommentAction","name":"Comment","target":["https:\/\/elregionalvm.com.ar\/noticias-villa-maria\/la-unvm-puso-en-funcionamiento-un-moderno-espacio-de-servicios-cientificos-tras-la-instalacion-de-un-sistema-de-espectrometria-de-masa-de-alta-resolucion\/#respond"]}]},{"@type":"WebPage","@id":"https:\/\/elregionalvm.com.ar\/noticias-villa-maria\/la-unvm-puso-en-funcionamiento-un-moderno-espacio-de-servicios-cientificos-tras-la-instalacion-de-un-sistema-de-espectrometria-de-masa-de-alta-resolucion\/","url":"https:\/\/elregionalvm.com.ar\/noticias-villa-maria\/la-unvm-puso-en-funcionamiento-un-moderno-espacio-de-servicios-cientificos-tras-la-instalacion-de-un-sistema-de-espectrometria-de-masa-de-alta-resolucion\/","name":"La UNVM puso en funcionamiento un moderno espacio de servicios cient\u00edficos, tras la instalaci\u00f3n de un sistema de Espectrometr\u00eda de Masa de Alta Resoluci\u00f3n - El Regional","isPartOf":{"@id":"http:\/\/elregionalvm.com.ar\/noticias-villa-maria\/#website"},"primaryImageOfPage":{"@id":"https:\/\/elregionalvm.com.ar\/noticias-villa-maria\/la-unvm-puso-en-funcionamiento-un-moderno-espacio-de-servicios-cientificos-tras-la-instalacion-de-un-sistema-de-espectrometria-de-masa-de-alta-resolucion\/#primaryimage"},"image":{"@id":"https:\/\/elregionalvm.com.ar\/noticias-villa-maria\/la-unvm-puso-en-funcionamiento-un-moderno-espacio-de-servicios-cientificos-tras-la-instalacion-de-un-sistema-de-espectrometria-de-masa-de-alta-resolucion\/#primaryimage"},"thumbnailUrl":"https:\/\/i0.wp.com\/elregionalvm.com.ar\/noticias-villa-maria\/wp-content\/uploads\/2025\/07\/WhatsApp-Image-2025-07-31-at-1.26.55-PM.jpeg?fit=1920%2C2560&ssl=1","datePublished":"2025-07-31T22:22:42+00:00","dateModified":"2025-07-31T22:22:45+00:00","author":{"@id":"http:\/\/elregionalvm.com.ar\/noticias-villa-maria\/#\/schema\/person\/a0fb9c422317faca23d50163151bc354"},"breadcrumb":{"@id":"https:\/\/elregionalvm.com.ar\/noticias-villa-maria\/la-unvm-puso-en-funcionamiento-un-moderno-espacio-de-servicios-cientificos-tras-la-instalacion-de-un-sistema-de-espectrometria-de-masa-de-alta-resolucion\/#breadcrumb"},"inLanguage":"es","potentialAction":[{"@type":"ReadAction","target":["https:\/\/elregionalvm.com.ar\/noticias-villa-maria\/la-unvm-puso-en-funcionamiento-un-moderno-espacio-de-servicios-cientificos-tras-la-instalacion-de-un-sistema-de-espectrometria-de-masa-de-alta-resolucion\/"]}]},{"@type":"ImageObject","inLanguage":"es","@id":"https:\/\/elregionalvm.com.ar\/noticias-villa-maria\/la-unvm-puso-en-funcionamiento-un-moderno-espacio-de-servicios-cientificos-tras-la-instalacion-de-un-sistema-de-espectrometria-de-masa-de-alta-resolucion\/#primaryimage","url":"https:\/\/i0.wp.com\/elregionalvm.com.ar\/noticias-villa-maria\/wp-content\/uploads\/2025\/07\/WhatsApp-Image-2025-07-31-at-1.26.55-PM.jpeg?fit=1920%2C2560&ssl=1","contentUrl":"https:\/\/i0.wp.com\/elregionalvm.com.ar\/noticias-villa-maria\/wp-content\/uploads\/2025\/07\/WhatsApp-Image-2025-07-31-at-1.26.55-PM.jpeg?fit=1920%2C2560&ssl=1","width":1920,"height":2560},{"@type":"BreadcrumbList","@id":"https:\/\/elregionalvm.com.ar\/noticias-villa-maria\/la-unvm-puso-en-funcionamiento-un-moderno-espacio-de-servicios-cientificos-tras-la-instalacion-de-un-sistema-de-espectrometria-de-masa-de-alta-resolucion\/#breadcrumb","itemListElement":[{"@type":"ListItem","position":1,"name":"Portada","item":"https:\/\/elregionalvm.com.ar\/noticias-villa-maria\/"},{"@type":"ListItem","position":2,"name":"La UNVM puso en funcionamiento un moderno espacio de servicios cient\u00edficos, tras la instalaci\u00f3n de un sistema de Espectrometr\u00eda de Masa de Alta Resoluci\u00f3n"}]},{"@type":"WebSite","@id":"http:\/\/elregionalvm.com.ar\/noticias-villa-maria\/#website","url":"http:\/\/elregionalvm.com.ar\/noticias-villa-maria\/","name":"El Regional","description":"Mucho m\u00e1s que informaci\u00f3n","potentialAction":[{"@type":"SearchAction","target":{"@type":"EntryPoint","urlTemplate":"http:\/\/elregionalvm.com.ar\/noticias-villa-maria\/?s={search_term_string}"},"query-input":{"@type":"PropertyValueSpecification","valueRequired":true,"valueName":"search_term_string"}}],"inLanguage":"es"},{"@type":"Person","@id":"http:\/\/elregionalvm.com.ar\/noticias-villa-maria\/#\/schema\/person\/a0fb9c422317faca23d50163151bc354","name":"Contenidos El Regional","image":{"@type":"ImageObject","inLanguage":"es","@id":"http:\/\/elregionalvm.com.ar\/noticias-villa-maria\/#\/schema\/person\/image\/","url":"https:\/\/secure.gravatar.com\/avatar\/265b27cb2209af7bb3a1318f03305787d7981a5cc6e6cd08fe5a4ecdf99d4b48?s=96&d=mm&r=g","contentUrl":"https:\/\/secure.gravatar.com\/avatar\/265b27cb2209af7bb3a1318f03305787d7981a5cc6e6cd08fe5a4ecdf99d4b48?s=96&d=mm&r=g","caption":"Contenidos El Regional"},"url":"https:\/\/elregionalvm.com.ar\/noticias-villa-maria\/author\/contenido\/"}]}},"jetpack_featured_media_url":"https:\/\/i0.wp.com\/elregionalvm.com.ar\/noticias-villa-maria\/wp-content\/uploads\/2025\/07\/WhatsApp-Image-2025-07-31-at-1.26.55-PM.jpeg?fit=1920%2C2560&ssl=1","jetpack_sharing_enabled":true,"_links":{"self":[{"href":"https:\/\/elregionalvm.com.ar\/noticias-villa-maria\/wp-json\/wp\/v2\/posts\/108573","targetHints":{"allow":["GET"]}}],"collection":[{"href":"https:\/\/elregionalvm.com.ar\/noticias-villa-maria\/wp-json\/wp\/v2\/posts"}],"about":[{"href":"https:\/\/elregionalvm.com.ar\/noticias-villa-maria\/wp-json\/wp\/v2\/types\/post"}],"author":[{"embeddable":true,"href":"https:\/\/elregionalvm.com.ar\/noticias-villa-maria\/wp-json\/wp\/v2\/users\/4"}],"replies":[{"embeddable":true,"href":"https:\/\/elregionalvm.com.ar\/noticias-villa-maria\/wp-json\/wp\/v2\/comments?post=108573"}],"version-history":[{"count":1,"href":"https:\/\/elregionalvm.com.ar\/noticias-villa-maria\/wp-json\/wp\/v2\/posts\/108573\/revisions"}],"predecessor-version":[{"id":108575,"href":"https:\/\/elregionalvm.com.ar\/noticias-villa-maria\/wp-json\/wp\/v2\/posts\/108573\/revisions\/108575"}],"wp:featuredmedia":[{"embeddable":true,"href":"https:\/\/elregionalvm.com.ar\/noticias-villa-maria\/wp-json\/wp\/v2\/media\/108574"}],"wp:attachment":[{"href":"https:\/\/elregionalvm.com.ar\/noticias-villa-maria\/wp-json\/wp\/v2\/media?parent=108573"}],"wp:term":[{"taxonomy":"category","embeddable":true,"href":"https:\/\/elregionalvm.com.ar\/noticias-villa-maria\/wp-json\/wp\/v2\/categories?post=108573"},{"taxonomy":"post_tag","embeddable":true,"href":"https:\/\/elregionalvm.com.ar\/noticias-villa-maria\/wp-json\/wp\/v2\/tags?post=108573"}],"curies":[{"name":"wp","href":"https:\/\/api.w.org\/{rel}","templated":true}]}}