{"id":108576,"date":"2025-07-31T22:27:35","date_gmt":"2025-07-31T22:27:35","guid":{"rendered":"https:\/\/elregionalvm.com.ar\/noticias-villa-maria\/?p=108576"},"modified":"2025-07-31T22:27:37","modified_gmt":"2025-07-31T22:27:37","slug":"la-ciudad-anade-inteligencia-artificial-a-su-sistema-de-monitoreo","status":"publish","type":"post","link":"https:\/\/elregionalvm.com.ar\/noticias-villa-maria\/la-ciudad-anade-inteligencia-artificial-a-su-sistema-de-monitoreo\/","title":{"rendered":"La ciudad a\u00f1ade Inteligencia Artificial a su Sistema de Monitoreo"},"content":{"rendered":"\n<p>Se trata de una propuesta del Gobierno provincial que busca incrementar el n\u00famero de c\u00e1maras de vigilancia a trav\u00e9s de la articulaci\u00f3n p\u00fablico-privada para fortalecer la seguridad vecinal<\/p>\n\n\n\n<p>La Municipalidad de Villa Mar\u00eda informa que se llev\u00f3 a cabo la cuarta reuni\u00f3n del Consejo de Seguridad Local.<\/p>\n\n\n\n<p>El encuentro, tuvo lugar en el Sal\u00f3n Blanco del Palacio Municipal, y fue encabezado por el intendente Eduardo Accastello; el secretario de Seguridad de la Provincia, \u00c1ngel Bevilacqua; autoridades del Poder Judicial y distintas fuerzas de seguridad.<\/p>\n\n\n\n<p>Durante la reuni\u00f3n de trabajo se presentaron y analizaron los \u00faltimos indicadores de seguridad, se coordinaron acciones preventivas interinstitucionales y se reforz\u00f3 el canal de comunicaci\u00f3n entre todas las fuerzas y organismos presentes, con el objetivo de optimizar la respuesta ante situaciones de riesgo y mejorar la convivencia ciudadana.<\/p>\n\n\n\n<p>En la ocasi\u00f3n, el intendente Eduardo Accastello y autoridades policiales, anunciaron la implementaci\u00f3n del sistema \u201cRed Vig\u00eda\u201d (Vigilancia Inteligente con Gesti\u00f3n Interinstitucional Articulada) que permite integrar c\u00e1maras de videovigilancia del sector privado al sistema policial.<\/p>\n\n\n\n<p>La propuesta, que fortalece la prevenci\u00f3n y la respuesta frente al delito, no tendr\u00e1 costos ni inversiones para quienes deseen sumarse a la propuesta exclusiva de vigilancia en espacios p\u00fablicos.<\/p>\n\n\n\n<p>Al respecto, Eduardo Accastello se\u00f1al\u00f3: \u201cCon la implementaci\u00f3n de este programa, Villa Mar\u00eda va a ser la segunda ciudad, despu\u00e9s de C\u00f3rdoba Capital, en tener una \u201cRed Vig\u00eda\u201d, que permitir\u00e1 a centros comerciales, negocios, supermercados, estaciones de servicio, Parque Industrial, Mercado de Abasto, y la Terminal de \u00d3mnibus, entre otros espacios, sumarse al sistema de monitoreo que cuenta con 440 c\u00e1maras de seguridad\u201d.<\/p>\n\n\n\n<p>\u201cA trav\u00e9s de un sistema de software, sumaremos, previo acuerdo entre el Concejo Deliberante, el Municipio y la Polic\u00eda, todas las c\u00e1maras particulares a nuestro Centro de Monitoreo, para monitorear las 24 horas de manera directa y con inteligencia artificial\u201d.<\/p>\n\n\n\n<p>\u201cEsta situaci\u00f3n nos permitir\u00e1 controlar rostros, patentes y, a partir de la base de datos que tiene la Polic\u00eda de la Provincia y las dem\u00e1s fuerzas federales, identificar a las personas que puedan estar por cometer un delito o en una situaci\u00f3n previa. Agradecerle al Gobierno de la provincia que nos acompa\u00f1a siempre de estos encuentros\u201d, finaliz\u00f3 el intendente municipal.<\/p>\n\n\n\n<p>Mientras que \u00c1ngel Bevilacqua agreg\u00f3: \u201cValoro el trabajo del Consejo de Seguridad donde el intendente Accastello fue pionero y es un modelo que hemos tomado para replicarlo en otros departamentos, porque cuando se conform\u00f3 este Consejo era preocupados y ocupados por la seguridad, y hoy en esta nueva reuni\u00f3n hacemos una valoraci\u00f3n de lo importante es relacionado a la baja del porcentaje de delito en un 26%, producto de un trabajo articulado entre la justicia, nuestras fuerzas policiales y el Municipio\u201d.<\/p>\n\n\n\n<p>Programa \u201cRed Vig\u00eda\u201d<\/p>\n\n\n\n<p>Se trata de una iniciativa impulsada por el Ministerio de Seguridad que implica la incorporaci\u00f3n de las c\u00e1maras de videovigilancia del sector privado al sistema policial, mediante una articulaci\u00f3n p\u00fablico-privada, con el fin de garantizar una vigilancia inteligente con gesti\u00f3n interinstitucional articulada para fortalecer la seguridad ciudadana, la prevenci\u00f3n y la respuesta frente al delito.<\/p>\n\n\n\n<p>\u00bfC\u00f3mo funciona?<\/p>\n\n\n\n<p>Por medio del sistema de c\u00e1maras del sector privado se toman im\u00e1genes de video que son analizados con inteligencia artificial para generar \u201cAlertas\u201d.<\/p>\n\n\n\n<p>Al detectarse estas Alertas, se comunica la situaci\u00f3n al 911 de la Polic\u00eda de C\u00f3rdoba.<\/p>\n\n\n\n<p>Una vez ratificada el Alerta, se proceder\u00e1 a aplicar los protocolos de intervenci\u00f3n establecidos para cada situaci\u00f3n.<\/p>\n\n\n\n<p>Otros temas abordados<\/p>\n\n\n\n<p>En la ocasi\u00f3n, los presentes dialogaron sobre el recambio de c\u00e1maras de videoseguridad y el avance de obras que se ejecutan en la ciudad para la Polic\u00eda.<\/p>\n\n\n\n<p>Tambi\u00e9n se abord\u00f3 la reubicaci\u00f3n de la base de la Guardia Local y el inicio del curso SEOM.<\/p>\n\n\n\n<p>Al respecto, la titular de la secretar\u00eda de Prevenci\u00f3n, Seguridad y Convivencia Urbana, Guadalupe V\u00e1zquez, coment\u00f3: \u201cexpusimos las acciones que llevamos adelante en distintos espacios de al ciudad y los trabajos que se realizan para la puesta en funcionamiento de los nuevos destacamentos policiales que estamos refuncionalizando, uno sobre el bulevar V\u00e9lez Sarsfield y el otro en barrio Bello Horizonte, entre otras acciones\u201d.<\/p>\n\n\n\n<p>Mientras que la fiscal de Instrucci\u00f3n, Juliana Companys agreg\u00f3: \u201cEsta reuni\u00f3n permite a todos los integrantes diagramar acciones para lograr una mayor seguridad en la ciudad. Desde la implementaci\u00f3n de las medidas que adoptamos desde el Consejo de Seguridad, &nbsp;ha bajado significativamente el delito\u201d.<\/p>\n\n\n\n<p>Por \u00faltimo, la Fiscal Federal Mar\u00eda Schianni dijo: \u201cValoramos estas iniciativas que permiten mostrar los avances en materia de seguridad y buscar so\u00f1aciones y respuestas ante los diversos hechos\u201d.<\/p>\n\n\n\n<p>Nuevo armamento y unidades<\/p>\n\n\n\n<p>Al finalizar la reuni\u00f3n de trabajo se compartieron los resultados alcanzados, al mismo tiempo que se presentaron 10 motos cero kil\u00f3metros provistas por la Polic\u00eda de C\u00f3rdoba, junto a 54 tel\u00e9fonos Ruger de \u00faltima Tecnolog\u00eda con sistemas policiales y otros cinco dispositivos del programa \u201cTribuna Segura\u201d, cinco chalecos para la Guardia Local y 40 armas Byrna y 10 de tipo Mission Four y nuevo uniforme para la Patrulla Preventiva.<\/p>\n\n\n\n<p>Por otra parte, se anunci\u00f3 la pronta incorporaci\u00f3n de nuevos m\u00f3viles policiales.<\/p>\n\n\n\n<p>Es importante recordar que este espacio interinstitucional refuerza el compromiso municipal de trabajar de manera articulada con los distintos estamentos del Estado y la comunidad, para garantizar entornos m\u00e1s seguros y promover pol\u00edticas de prevenci\u00f3n eficaces en Villa Mar\u00eda.<\/p>\n\n\n\n<p>Participantes del cuarto encuentro<\/p>\n\n\n\n<p>Formaron parte el presidente del Concejo Deliberante, Juan Pablo Inglese; el juez de Ejecuci\u00f3n Penal, Arturo Ferreyra; la fiscal del Ministerio P\u00fablico Federal (MPF) Mar\u00eda Marta Schianni; los fiscales Ren\u00e9 Bossio, Juliana Companys y Silvia Maldonado.<\/p>\n\n\n\n<p>Adem\u00e1s estuvieron presentes el legislador provincial, Alfredo Nigo; los Delegados de la Unidad de Desarrollo Regional de la SENAF de Villa Mar\u00eda, Evangelina Camozzi y Carlos Acosta; el jefe del Escuadr\u00f3n de Seguridad Vial Villa Mar\u00eda de la Gendarmer\u00eda Nacional Argentina, Ariel Alegre; el director de la Polic\u00eda Federal Argentina, Claudio Barros; el subdirector de la Unidad Regional Departamental General San Mart\u00edn; Juan Alberto Gatica; el coordinador de Guardia Local de Prevenci\u00f3n Jos\u00e9 Mart\u00ednez y el Coordinador de Monitoreo Edgar Audisio.<\/p>\n\n\n\n<p>De igual forma, el subjefe de Polic\u00eda de la Provincia de C\u00f3rdoba, Antonio Urquiza; el director general de Departamentales Sur, Cristian G\u00f3mez; el director general de Patrulla Rural, Jorge Funes; el subdirector general Departamentales Sur, Sergio Romera; el director general de Tecnolog\u00eda de Informaci\u00f3n y An\u00e1lisis Estad\u00edstico, Andr\u00e9s Cambronero; el director del Establecimiento Penitenciario N.\u00ba\u202f5, V\u00edctor Medina; el director de la Polic\u00eda Caminera, Franco Montoya junto al subcomisario David S\u00e1nchez; el jefe del Cuerpo Activo de Bomberos Voluntarios, Gustavo Nicola y en representaci\u00f3n de la Fuerza Policial Antinarcotr\u00e1fico el director general de Operaciones, Fabi\u00e1n Rodr\u00edguez y el Jefe de Departamento Brigadas del Interior, Sebasti\u00e1n Pedraza.<\/p>\n","protected":false},"excerpt":{"rendered":"<p>Se trata de una propuesta del Gobierno provincial que busca incrementar el n\u00famero de c\u00e1maras de vigilancia a trav\u00e9s de la articulaci\u00f3n p\u00fablico-privada para fortalecer la seguridad vecinal La Municipalidad de Villa Mar\u00eda informa que se llev\u00f3 a cabo la cuarta reuni\u00f3n del Consejo de Seguridad Local. El encuentro, tuvo lugar en el Sal\u00f3n Blanco [&hellip;]<\/p>\n","protected":false},"author":4,"featured_media":108577,"comment_status":"open","ping_status":"open","sticky":false,"template":"","format":"standard","meta":{"site-sidebar-layout":"default","site-content-layout":"","ast-site-content-layout":"default","site-content-style":"default","site-sidebar-style":"default","ast-global-header-display":"","ast-banner-title-visibility":"","ast-main-header-display":"","ast-hfb-above-header-display":"","ast-hfb-below-header-display":"","ast-hfb-mobile-header-display":"","site-post-title":"","ast-breadcrumbs-content":"","ast-featured-img":"","footer-sml-layout":"","ast-disable-related-posts":"","theme-transparent-header-meta":"","adv-header-id-meta":"","stick-header-meta":"","header-above-stick-meta":"","header-main-stick-meta":"","header-below-stick-meta":"","astra-migrate-meta-layouts":"set","ast-page-background-enabled":"default","ast-page-background-meta":{"desktop":{"background-color":"","background-image":"","background-repeat":"repeat","background-position":"center center","background-size":"auto","background-attachment":"scroll","background-type":"","background-media":"","overlay-type":"","overlay-color":"","overlay-opacity":"","overlay-gradient":""},"tablet":{"background-color":"","background-image":"","background-repeat":"repeat","background-position":"center center","background-size":"auto","background-attachment":"scroll","background-type":"","background-media":"","overlay-type":"","overlay-color":"","overlay-opacity":"","overlay-gradient":""},"mobile":{"background-color":"","background-image":"","background-repeat":"repeat","background-position":"center center","background-size":"auto","background-attachment":"scroll","background-type":"","background-media":"","overlay-type":"","overlay-color":"","overlay-opacity":"","overlay-gradient":""}},"ast-content-background-meta":{"desktop":{"background-color":"var(--ast-global-color-5)","background-image":"","background-repeat":"repeat","background-position":"center center","background-size":"auto","background-attachment":"scroll","background-type":"","background-media":"","overlay-type":"","overlay-color":"","overlay-opacity":"","overlay-gradient":""},"tablet":{"background-color":"var(--ast-global-color-5)","background-image":"","background-repeat":"repeat","background-position":"center center","background-size":"auto","background-attachment":"scroll","background-type":"","background-media":"","overlay-type":"","overlay-color":"","overlay-opacity":"","overlay-gradient":""},"mobile":{"background-color":"var(--ast-global-color-5)","background-image":"","background-repeat":"repeat","background-position":"center center","background-size":"auto","background-attachment":"scroll","background-type":"","background-media":"","overlay-type":"","overlay-color":"","overlay-opacity":"","overlay-gradient":""}},"_jetpack_memberships_contains_paid_content":false,"_joinchat":[],"footnotes":""},"categories":[15302,5,2],"tags":[],"class_list":["post-108576","post","type-post","status-publish","format-standard","has-post-thumbnail","hentry","category-destacado","category-sociedad","category-villa-maria"],"yoast_head":"<!-- This site is optimized with the Yoast SEO plugin v26.8 - https:\/\/yoast.com\/product\/yoast-seo-wordpress\/ -->\n<title>La ciudad a\u00f1ade Inteligencia Artificial a su Sistema de Monitoreo - El Regional<\/title>\n<meta name=\"robots\" content=\"index, follow, max-snippet:-1, max-image-preview:large, max-video-preview:-1\" \/>\n<link rel=\"canonical\" href=\"https:\/\/elregionalvm.com.ar\/noticias-villa-maria\/la-ciudad-anade-inteligencia-artificial-a-su-sistema-de-monitoreo\/\" \/>\n<meta property=\"og:locale\" content=\"es_ES\" \/>\n<meta property=\"og:type\" content=\"article\" \/>\n<meta property=\"og:title\" content=\"La ciudad a\u00f1ade Inteligencia Artificial a su Sistema de Monitoreo - El Regional\" \/>\n<meta property=\"og:description\" content=\"Se trata de una propuesta del Gobierno provincial que busca incrementar el n\u00famero de c\u00e1maras de vigilancia a trav\u00e9s de la articulaci\u00f3n p\u00fablico-privada para fortalecer la seguridad vecinal La Municipalidad de Villa Mar\u00eda informa que se llev\u00f3 a cabo la cuarta reuni\u00f3n del Consejo de Seguridad Local. El encuentro, tuvo lugar en el Sal\u00f3n Blanco [&hellip;]\" \/>\n<meta property=\"og:url\" content=\"https:\/\/elregionalvm.com.ar\/noticias-villa-maria\/la-ciudad-anade-inteligencia-artificial-a-su-sistema-de-monitoreo\/\" \/>\n<meta property=\"og:site_name\" content=\"El Regional\" \/>\n<meta property=\"article:publisher\" content=\"https:\/\/www.facebook.com\/elregionalvm\" \/>\n<meta property=\"article:published_time\" content=\"2025-07-31T22:27:35+00:00\" \/>\n<meta property=\"article:modified_time\" content=\"2025-07-31T22:27:37+00:00\" \/>\n<meta property=\"og:image\" content=\"https:\/\/elregionalvm.com.ar\/noticias-villa-maria\/wp-content\/uploads\/2025\/07\/WhatsApp-Image-2025-07-31-at-4.39.06-PM.jpeg\" \/>\n\t<meta property=\"og:image:width\" content=\"1280\" \/>\n\t<meta property=\"og:image:height\" content=\"853\" \/>\n\t<meta property=\"og:image:type\" content=\"image\/jpeg\" \/>\n<meta name=\"author\" content=\"Contenidos El Regional\" \/>\n<meta name=\"twitter:card\" content=\"summary_large_image\" \/>\n<meta name=\"twitter:creator\" content=\"@elregionalvm1\" \/>\n<meta name=\"twitter:site\" content=\"@elregionalvm1\" \/>\n<meta name=\"twitter:label1\" content=\"Escrito por\" \/>\n\t<meta name=\"twitter:data1\" content=\"Contenidos El Regional\" \/>\n\t<meta name=\"twitter:label2\" content=\"Tiempo de lectura\" \/>\n\t<meta name=\"twitter:data2\" content=\"6 minutos\" \/>\n<script type=\"application\/ld+json\" class=\"yoast-schema-graph\">{\"@context\":\"https:\/\/schema.org\",\"@graph\":[{\"@type\":\"Article\",\"@id\":\"https:\/\/elregionalvm.com.ar\/noticias-villa-maria\/la-ciudad-anade-inteligencia-artificial-a-su-sistema-de-monitoreo\/#article\",\"isPartOf\":{\"@id\":\"https:\/\/elregionalvm.com.ar\/noticias-villa-maria\/la-ciudad-anade-inteligencia-artificial-a-su-sistema-de-monitoreo\/\"},\"author\":{\"name\":\"Contenidos El Regional\",\"@id\":\"http:\/\/elregionalvm.com.ar\/noticias-villa-maria\/#\/schema\/person\/a0fb9c422317faca23d50163151bc354\"},\"headline\":\"La ciudad a\u00f1ade Inteligencia Artificial a su Sistema de Monitoreo\",\"datePublished\":\"2025-07-31T22:27:35+00:00\",\"dateModified\":\"2025-07-31T22:27:37+00:00\",\"mainEntityOfPage\":{\"@id\":\"https:\/\/elregionalvm.com.ar\/noticias-villa-maria\/la-ciudad-anade-inteligencia-artificial-a-su-sistema-de-monitoreo\/\"},\"wordCount\":1198,\"commentCount\":0,\"image\":{\"@id\":\"https:\/\/elregionalvm.com.ar\/noticias-villa-maria\/la-ciudad-anade-inteligencia-artificial-a-su-sistema-de-monitoreo\/#primaryimage\"},\"thumbnailUrl\":\"https:\/\/i0.wp.com\/elregionalvm.com.ar\/noticias-villa-maria\/wp-content\/uploads\/2025\/07\/WhatsApp-Image-2025-07-31-at-4.39.06-PM.jpeg?fit=1280%2C853&ssl=1\",\"articleSection\":[\"destacado\",\"Sociedad\",\"Villa Mar\u00eda\"],\"inLanguage\":\"es\",\"potentialAction\":[{\"@type\":\"CommentAction\",\"name\":\"Comment\",\"target\":[\"https:\/\/elregionalvm.com.ar\/noticias-villa-maria\/la-ciudad-anade-inteligencia-artificial-a-su-sistema-de-monitoreo\/#respond\"]}]},{\"@type\":\"WebPage\",\"@id\":\"https:\/\/elregionalvm.com.ar\/noticias-villa-maria\/la-ciudad-anade-inteligencia-artificial-a-su-sistema-de-monitoreo\/\",\"url\":\"https:\/\/elregionalvm.com.ar\/noticias-villa-maria\/la-ciudad-anade-inteligencia-artificial-a-su-sistema-de-monitoreo\/\",\"name\":\"La ciudad a\u00f1ade Inteligencia Artificial a su Sistema de Monitoreo - El Regional\",\"isPartOf\":{\"@id\":\"http:\/\/elregionalvm.com.ar\/noticias-villa-maria\/#website\"},\"primaryImageOfPage\":{\"@id\":\"https:\/\/elregionalvm.com.ar\/noticias-villa-maria\/la-ciudad-anade-inteligencia-artificial-a-su-sistema-de-monitoreo\/#primaryimage\"},\"image\":{\"@id\":\"https:\/\/elregionalvm.com.ar\/noticias-villa-maria\/la-ciudad-anade-inteligencia-artificial-a-su-sistema-de-monitoreo\/#primaryimage\"},\"thumbnailUrl\":\"https:\/\/i0.wp.com\/elregionalvm.com.ar\/noticias-villa-maria\/wp-content\/uploads\/2025\/07\/WhatsApp-Image-2025-07-31-at-4.39.06-PM.jpeg?fit=1280%2C853&ssl=1\",\"datePublished\":\"2025-07-31T22:27:35+00:00\",\"dateModified\":\"2025-07-31T22:27:37+00:00\",\"author\":{\"@id\":\"http:\/\/elregionalvm.com.ar\/noticias-villa-maria\/#\/schema\/person\/a0fb9c422317faca23d50163151bc354\"},\"breadcrumb\":{\"@id\":\"https:\/\/elregionalvm.com.ar\/noticias-villa-maria\/la-ciudad-anade-inteligencia-artificial-a-su-sistema-de-monitoreo\/#breadcrumb\"},\"inLanguage\":\"es\",\"potentialAction\":[{\"@type\":\"ReadAction\",\"target\":[\"https:\/\/elregionalvm.com.ar\/noticias-villa-maria\/la-ciudad-anade-inteligencia-artificial-a-su-sistema-de-monitoreo\/\"]}]},{\"@type\":\"ImageObject\",\"inLanguage\":\"es\",\"@id\":\"https:\/\/elregionalvm.com.ar\/noticias-villa-maria\/la-ciudad-anade-inteligencia-artificial-a-su-sistema-de-monitoreo\/#primaryimage\",\"url\":\"https:\/\/i0.wp.com\/elregionalvm.com.ar\/noticias-villa-maria\/wp-content\/uploads\/2025\/07\/WhatsApp-Image-2025-07-31-at-4.39.06-PM.jpeg?fit=1280%2C853&ssl=1\",\"contentUrl\":\"https:\/\/i0.wp.com\/elregionalvm.com.ar\/noticias-villa-maria\/wp-content\/uploads\/2025\/07\/WhatsApp-Image-2025-07-31-at-4.39.06-PM.jpeg?fit=1280%2C853&ssl=1\",\"width\":1280,\"height\":853},{\"@type\":\"BreadcrumbList\",\"@id\":\"https:\/\/elregionalvm.com.ar\/noticias-villa-maria\/la-ciudad-anade-inteligencia-artificial-a-su-sistema-de-monitoreo\/#breadcrumb\",\"itemListElement\":[{\"@type\":\"ListItem\",\"position\":1,\"name\":\"Portada\",\"item\":\"https:\/\/elregionalvm.com.ar\/noticias-villa-maria\/\"},{\"@type\":\"ListItem\",\"position\":2,\"name\":\"La ciudad a\u00f1ade Inteligencia Artificial a su Sistema de Monitoreo\"}]},{\"@type\":\"WebSite\",\"@id\":\"http:\/\/elregionalvm.com.ar\/noticias-villa-maria\/#website\",\"url\":\"http:\/\/elregionalvm.com.ar\/noticias-villa-maria\/\",\"name\":\"El Regional\",\"description\":\"Mucho m\u00e1s que informaci\u00f3n\",\"potentialAction\":[{\"@type\":\"SearchAction\",\"target\":{\"@type\":\"EntryPoint\",\"urlTemplate\":\"http:\/\/elregionalvm.com.ar\/noticias-villa-maria\/?s={search_term_string}\"},\"query-input\":{\"@type\":\"PropertyValueSpecification\",\"valueRequired\":true,\"valueName\":\"search_term_string\"}}],\"inLanguage\":\"es\"},{\"@type\":\"Person\",\"@id\":\"http:\/\/elregionalvm.com.ar\/noticias-villa-maria\/#\/schema\/person\/a0fb9c422317faca23d50163151bc354\",\"name\":\"Contenidos El Regional\",\"image\":{\"@type\":\"ImageObject\",\"inLanguage\":\"es\",\"@id\":\"http:\/\/elregionalvm.com.ar\/noticias-villa-maria\/#\/schema\/person\/image\/\",\"url\":\"https:\/\/secure.gravatar.com\/avatar\/265b27cb2209af7bb3a1318f03305787d7981a5cc6e6cd08fe5a4ecdf99d4b48?s=96&d=mm&r=g\",\"contentUrl\":\"https:\/\/secure.gravatar.com\/avatar\/265b27cb2209af7bb3a1318f03305787d7981a5cc6e6cd08fe5a4ecdf99d4b48?s=96&d=mm&r=g\",\"caption\":\"Contenidos El Regional\"},\"url\":\"https:\/\/elregionalvm.com.ar\/noticias-villa-maria\/author\/contenido\/\"}]}<\/script>\n<!-- \/ Yoast SEO plugin. -->","yoast_head_json":{"title":"La ciudad a\u00f1ade Inteligencia Artificial a su Sistema de Monitoreo - El Regional","robots":{"index":"index","follow":"follow","max-snippet":"max-snippet:-1","max-image-preview":"max-image-preview:large","max-video-preview":"max-video-preview:-1"},"canonical":"https:\/\/elregionalvm.com.ar\/noticias-villa-maria\/la-ciudad-anade-inteligencia-artificial-a-su-sistema-de-monitoreo\/","og_locale":"es_ES","og_type":"article","og_title":"La ciudad a\u00f1ade Inteligencia Artificial a su Sistema de Monitoreo - El Regional","og_description":"Se trata de una propuesta del Gobierno provincial que busca incrementar el n\u00famero de c\u00e1maras de vigilancia a trav\u00e9s de la articulaci\u00f3n p\u00fablico-privada para fortalecer la seguridad vecinal La Municipalidad de Villa Mar\u00eda informa que se llev\u00f3 a cabo la cuarta reuni\u00f3n del Consejo de Seguridad Local. El encuentro, tuvo lugar en el Sal\u00f3n Blanco [&hellip;]","og_url":"https:\/\/elregionalvm.com.ar\/noticias-villa-maria\/la-ciudad-anade-inteligencia-artificial-a-su-sistema-de-monitoreo\/","og_site_name":"El Regional","article_publisher":"https:\/\/www.facebook.com\/elregionalvm","article_published_time":"2025-07-31T22:27:35+00:00","article_modified_time":"2025-07-31T22:27:37+00:00","og_image":[{"width":1280,"height":853,"url":"https:\/\/elregionalvm.com.ar\/noticias-villa-maria\/wp-content\/uploads\/2025\/07\/WhatsApp-Image-2025-07-31-at-4.39.06-PM.jpeg","type":"image\/jpeg"}],"author":"Contenidos El Regional","twitter_card":"summary_large_image","twitter_creator":"@elregionalvm1","twitter_site":"@elregionalvm1","twitter_misc":{"Escrito por":"Contenidos El Regional","Tiempo de lectura":"6 minutos"},"schema":{"@context":"https:\/\/schema.org","@graph":[{"@type":"Article","@id":"https:\/\/elregionalvm.com.ar\/noticias-villa-maria\/la-ciudad-anade-inteligencia-artificial-a-su-sistema-de-monitoreo\/#article","isPartOf":{"@id":"https:\/\/elregionalvm.com.ar\/noticias-villa-maria\/la-ciudad-anade-inteligencia-artificial-a-su-sistema-de-monitoreo\/"},"author":{"name":"Contenidos El Regional","@id":"http:\/\/elregionalvm.com.ar\/noticias-villa-maria\/#\/schema\/person\/a0fb9c422317faca23d50163151bc354"},"headline":"La ciudad a\u00f1ade Inteligencia Artificial a su Sistema de Monitoreo","datePublished":"2025-07-31T22:27:35+00:00","dateModified":"2025-07-31T22:27:37+00:00","mainEntityOfPage":{"@id":"https:\/\/elregionalvm.com.ar\/noticias-villa-maria\/la-ciudad-anade-inteligencia-artificial-a-su-sistema-de-monitoreo\/"},"wordCount":1198,"commentCount":0,"image":{"@id":"https:\/\/elregionalvm.com.ar\/noticias-villa-maria\/la-ciudad-anade-inteligencia-artificial-a-su-sistema-de-monitoreo\/#primaryimage"},"thumbnailUrl":"https:\/\/i0.wp.com\/elregionalvm.com.ar\/noticias-villa-maria\/wp-content\/uploads\/2025\/07\/WhatsApp-Image-2025-07-31-at-4.39.06-PM.jpeg?fit=1280%2C853&ssl=1","articleSection":["destacado","Sociedad","Villa Mar\u00eda"],"inLanguage":"es","potentialAction":[{"@type":"CommentAction","name":"Comment","target":["https:\/\/elregionalvm.com.ar\/noticias-villa-maria\/la-ciudad-anade-inteligencia-artificial-a-su-sistema-de-monitoreo\/#respond"]}]},{"@type":"WebPage","@id":"https:\/\/elregionalvm.com.ar\/noticias-villa-maria\/la-ciudad-anade-inteligencia-artificial-a-su-sistema-de-monitoreo\/","url":"https:\/\/elregionalvm.com.ar\/noticias-villa-maria\/la-ciudad-anade-inteligencia-artificial-a-su-sistema-de-monitoreo\/","name":"La ciudad a\u00f1ade Inteligencia Artificial a su Sistema de Monitoreo - El Regional","isPartOf":{"@id":"http:\/\/elregionalvm.com.ar\/noticias-villa-maria\/#website"},"primaryImageOfPage":{"@id":"https:\/\/elregionalvm.com.ar\/noticias-villa-maria\/la-ciudad-anade-inteligencia-artificial-a-su-sistema-de-monitoreo\/#primaryimage"},"image":{"@id":"https:\/\/elregionalvm.com.ar\/noticias-villa-maria\/la-ciudad-anade-inteligencia-artificial-a-su-sistema-de-monitoreo\/#primaryimage"},"thumbnailUrl":"https:\/\/i0.wp.com\/elregionalvm.com.ar\/noticias-villa-maria\/wp-content\/uploads\/2025\/07\/WhatsApp-Image-2025-07-31-at-4.39.06-PM.jpeg?fit=1280%2C853&ssl=1","datePublished":"2025-07-31T22:27:35+00:00","dateModified":"2025-07-31T22:27:37+00:00","author":{"@id":"http:\/\/elregionalvm.com.ar\/noticias-villa-maria\/#\/schema\/person\/a0fb9c422317faca23d50163151bc354"},"breadcrumb":{"@id":"https:\/\/elregionalvm.com.ar\/noticias-villa-maria\/la-ciudad-anade-inteligencia-artificial-a-su-sistema-de-monitoreo\/#breadcrumb"},"inLanguage":"es","potentialAction":[{"@type":"ReadAction","target":["https:\/\/elregionalvm.com.ar\/noticias-villa-maria\/la-ciudad-anade-inteligencia-artificial-a-su-sistema-de-monitoreo\/"]}]},{"@type":"ImageObject","inLanguage":"es","@id":"https:\/\/elregionalvm.com.ar\/noticias-villa-maria\/la-ciudad-anade-inteligencia-artificial-a-su-sistema-de-monitoreo\/#primaryimage","url":"https:\/\/i0.wp.com\/elregionalvm.com.ar\/noticias-villa-maria\/wp-content\/uploads\/2025\/07\/WhatsApp-Image-2025-07-31-at-4.39.06-PM.jpeg?fit=1280%2C853&ssl=1","contentUrl":"https:\/\/i0.wp.com\/elregionalvm.com.ar\/noticias-villa-maria\/wp-content\/uploads\/2025\/07\/WhatsApp-Image-2025-07-31-at-4.39.06-PM.jpeg?fit=1280%2C853&ssl=1","width":1280,"height":853},{"@type":"BreadcrumbList","@id":"https:\/\/elregionalvm.com.ar\/noticias-villa-maria\/la-ciudad-anade-inteligencia-artificial-a-su-sistema-de-monitoreo\/#breadcrumb","itemListElement":[{"@type":"ListItem","position":1,"name":"Portada","item":"https:\/\/elregionalvm.com.ar\/noticias-villa-maria\/"},{"@type":"ListItem","position":2,"name":"La ciudad a\u00f1ade Inteligencia Artificial a su Sistema de Monitoreo"}]},{"@type":"WebSite","@id":"http:\/\/elregionalvm.com.ar\/noticias-villa-maria\/#website","url":"http:\/\/elregionalvm.com.ar\/noticias-villa-maria\/","name":"El Regional","description":"Mucho m\u00e1s que informaci\u00f3n","potentialAction":[{"@type":"SearchAction","target":{"@type":"EntryPoint","urlTemplate":"http:\/\/elregionalvm.com.ar\/noticias-villa-maria\/?s={search_term_string}"},"query-input":{"@type":"PropertyValueSpecification","valueRequired":true,"valueName":"search_term_string"}}],"inLanguage":"es"},{"@type":"Person","@id":"http:\/\/elregionalvm.com.ar\/noticias-villa-maria\/#\/schema\/person\/a0fb9c422317faca23d50163151bc354","name":"Contenidos El Regional","image":{"@type":"ImageObject","inLanguage":"es","@id":"http:\/\/elregionalvm.com.ar\/noticias-villa-maria\/#\/schema\/person\/image\/","url":"https:\/\/secure.gravatar.com\/avatar\/265b27cb2209af7bb3a1318f03305787d7981a5cc6e6cd08fe5a4ecdf99d4b48?s=96&d=mm&r=g","contentUrl":"https:\/\/secure.gravatar.com\/avatar\/265b27cb2209af7bb3a1318f03305787d7981a5cc6e6cd08fe5a4ecdf99d4b48?s=96&d=mm&r=g","caption":"Contenidos El Regional"},"url":"https:\/\/elregionalvm.com.ar\/noticias-villa-maria\/author\/contenido\/"}]}},"jetpack_featured_media_url":"https:\/\/i0.wp.com\/elregionalvm.com.ar\/noticias-villa-maria\/wp-content\/uploads\/2025\/07\/WhatsApp-Image-2025-07-31-at-4.39.06-PM.jpeg?fit=1280%2C853&ssl=1","jetpack_sharing_enabled":true,"_links":{"self":[{"href":"https:\/\/elregionalvm.com.ar\/noticias-villa-maria\/wp-json\/wp\/v2\/posts\/108576","targetHints":{"allow":["GET"]}}],"collection":[{"href":"https:\/\/elregionalvm.com.ar\/noticias-villa-maria\/wp-json\/wp\/v2\/posts"}],"about":[{"href":"https:\/\/elregionalvm.com.ar\/noticias-villa-maria\/wp-json\/wp\/v2\/types\/post"}],"author":[{"embeddable":true,"href":"https:\/\/elregionalvm.com.ar\/noticias-villa-maria\/wp-json\/wp\/v2\/users\/4"}],"replies":[{"embeddable":true,"href":"https:\/\/elregionalvm.com.ar\/noticias-villa-maria\/wp-json\/wp\/v2\/comments?post=108576"}],"version-history":[{"count":1,"href":"https:\/\/elregionalvm.com.ar\/noticias-villa-maria\/wp-json\/wp\/v2\/posts\/108576\/revisions"}],"predecessor-version":[{"id":108578,"href":"https:\/\/elregionalvm.com.ar\/noticias-villa-maria\/wp-json\/wp\/v2\/posts\/108576\/revisions\/108578"}],"wp:featuredmedia":[{"embeddable":true,"href":"https:\/\/elregionalvm.com.ar\/noticias-villa-maria\/wp-json\/wp\/v2\/media\/108577"}],"wp:attachment":[{"href":"https:\/\/elregionalvm.com.ar\/noticias-villa-maria\/wp-json\/wp\/v2\/media?parent=108576"}],"wp:term":[{"taxonomy":"category","embeddable":true,"href":"https:\/\/elregionalvm.com.ar\/noticias-villa-maria\/wp-json\/wp\/v2\/categories?post=108576"},{"taxonomy":"post_tag","embeddable":true,"href":"https:\/\/elregionalvm.com.ar\/noticias-villa-maria\/wp-json\/wp\/v2\/tags?post=108576"}],"curies":[{"name":"wp","href":"https:\/\/api.w.org\/{rel}","templated":true}]}}