{"id":108595,"date":"2025-08-01T17:22:42","date_gmt":"2025-08-01T17:22:42","guid":{"rendered":"https:\/\/elregionalvm.com.ar\/noticias-villa-maria\/?p=108595"},"modified":"2025-08-01T17:22:45","modified_gmt":"2025-08-01T17:22:45","slug":"jugadores-de-elite-participan-de-la-etapa-25-del-torneo-argentino-de-padel-en-villa-maria","status":"publish","type":"post","link":"https:\/\/elregionalvm.com.ar\/noticias-villa-maria\/jugadores-de-elite-participan-de-la-etapa-25-del-torneo-argentino-de-padel-en-villa-maria\/","title":{"rendered":"Jugadores de elite participan de la etapa 25 del Torneo Argentino de Padel en Villa Mar\u00eda"},"content":{"rendered":"\n<p>a trav\u00e9s del Ente Deporte y Turismo, informa que se desarrolla la etapa 25 del Circuito Argentino de Padel.Cabe destacar que las etapas clasificatorias se desarrollan en las instalaciones de V\u00eda Padel Center, desde el pasado mi\u00e9rcoles 30.<\/p>\n\n\n\n<p><strong>Cuadro Principal<\/strong><\/p>\n\n\n\n<p>Los clasificados disputar\u00e1n el cuadro principal, desde las 18 horas de este viernes en el mencionado centro de juego ubicado sobre calle Sobral, y se extender\u00e1 hasta el domingo 3 de agosto.<\/p>\n\n\n\n<p>Cabe resaltar que estar\u00e1n presentes jugadores de todo el pa\u00eds, varios de ellos ubicados entre los primeros 15 del ranking profesional AJPP.<\/p>\n\n\n\n<p>Al respecto, Alejandro Mana, director del mencionado Ente, dijo:&nbsp;<em>\u00abLos villamarienses amamos el deporte y el padel es un opci\u00f3n muy elegida por vecinos de todas las edades. Gracias al desarrollo de los distintos clubes donde se juega, hoy la ciudad puede recibir a los mejores jugadores del pa\u00eds y ofrecer un espect\u00e1culo deportivo de calidad a quienes disfrutan de ver deporte de alto vuelo\u00bb.<\/em><\/p>\n","protected":false},"excerpt":{"rendered":"<p>a trav\u00e9s del Ente Deporte y Turismo, informa que se desarrolla la etapa 25 del Circuito Argentino de Padel.Cabe destacar que las etapas clasificatorias se desarrollan en las instalaciones de V\u00eda Padel Center, desde el pasado mi\u00e9rcoles 30. Cuadro Principal Los clasificados disputar\u00e1n el cuadro principal, desde las 18 horas de este viernes en el [&hellip;]<\/p>\n","protected":false},"author":4,"featured_media":108596,"comment_status":"open","ping_status":"open","sticky":false,"template":"","format":"standard","meta":{"site-sidebar-layout":"default","site-content-layout":"","ast-site-content-layout":"default","site-content-style":"default","site-sidebar-style":"default","ast-global-header-display":"","ast-banner-title-visibility":"","ast-main-header-display":"","ast-hfb-above-header-display":"","ast-hfb-below-header-display":"","ast-hfb-mobile-header-display":"","site-post-title":"","ast-breadcrumbs-content":"","ast-featured-img":"","footer-sml-layout":"","ast-disable-related-posts":"","theme-transparent-header-meta":"","adv-header-id-meta":"","stick-header-meta":"","header-above-stick-meta":"","header-main-stick-meta":"","header-below-stick-meta":"","astra-migrate-meta-layouts":"set","ast-page-background-enabled":"default","ast-page-background-meta":{"desktop":{"background-color":"","background-image":"","background-repeat":"repeat","background-position":"center center","background-size":"auto","background-attachment":"scroll","background-type":"","background-media":"","overlay-type":"","overlay-color":"","overlay-opacity":"","overlay-gradient":""},"tablet":{"background-color":"","background-image":"","background-repeat":"repeat","background-position":"center center","background-size":"auto","background-attachment":"scroll","background-type":"","background-media":"","overlay-type":"","overlay-color":"","overlay-opacity":"","overlay-gradient":""},"mobile":{"background-color":"","background-image":"","background-repeat":"repeat","background-position":"center center","background-size":"auto","background-attachment":"scroll","background-type":"","background-media":"","overlay-type":"","overlay-color":"","overlay-opacity":"","overlay-gradient":""}},"ast-content-background-meta":{"desktop":{"background-color":"var(--ast-global-color-5)","background-image":"","background-repeat":"repeat","background-position":"center center","background-size":"auto","background-attachment":"scroll","background-type":"","background-media":"","overlay-type":"","overlay-color":"","overlay-opacity":"","overlay-gradient":""},"tablet":{"background-color":"var(--ast-global-color-5)","background-image":"","background-repeat":"repeat","background-position":"center center","background-size":"auto","background-attachment":"scroll","background-type":"","background-media":"","overlay-type":"","overlay-color":"","overlay-opacity":"","overlay-gradient":""},"mobile":{"background-color":"var(--ast-global-color-5)","background-image":"","background-repeat":"repeat","background-position":"center center","background-size":"auto","background-attachment":"scroll","background-type":"","background-media":"","overlay-type":"","overlay-color":"","overlay-opacity":"","overlay-gradient":""}},"_jetpack_memberships_contains_paid_content":false,"_joinchat":[],"footnotes":""},"categories":[15302,5,2],"tags":[],"class_list":["post-108595","post","type-post","status-publish","format-standard","has-post-thumbnail","hentry","category-destacado","category-sociedad","category-villa-maria"],"yoast_head":"<!-- This site is optimized with the Yoast SEO plugin v26.8 - https:\/\/yoast.com\/product\/yoast-seo-wordpress\/ -->\n<title>Jugadores de elite participan de la etapa 25 del Torneo Argentino de Padel en Villa Mar\u00eda - El Regional<\/title>\n<meta name=\"robots\" content=\"index, follow, max-snippet:-1, max-image-preview:large, max-video-preview:-1\" \/>\n<link rel=\"canonical\" href=\"https:\/\/elregionalvm.com.ar\/noticias-villa-maria\/jugadores-de-elite-participan-de-la-etapa-25-del-torneo-argentino-de-padel-en-villa-maria\/\" \/>\n<meta property=\"og:locale\" content=\"es_ES\" \/>\n<meta property=\"og:type\" content=\"article\" \/>\n<meta property=\"og:title\" content=\"Jugadores de elite participan de la etapa 25 del Torneo Argentino de Padel en Villa Mar\u00eda - El Regional\" \/>\n<meta property=\"og:description\" content=\"a trav\u00e9s del Ente Deporte y Turismo, informa que se desarrolla la etapa 25 del Circuito Argentino de Padel.Cabe destacar que las etapas clasificatorias se desarrollan en las instalaciones de V\u00eda Padel Center, desde el pasado mi\u00e9rcoles 30. Cuadro Principal Los clasificados disputar\u00e1n el cuadro principal, desde las 18 horas de este viernes en el [&hellip;]\" \/>\n<meta property=\"og:url\" content=\"https:\/\/elregionalvm.com.ar\/noticias-villa-maria\/jugadores-de-elite-participan-de-la-etapa-25-del-torneo-argentino-de-padel-en-villa-maria\/\" \/>\n<meta property=\"og:site_name\" content=\"El Regional\" \/>\n<meta property=\"article:publisher\" content=\"https:\/\/www.facebook.com\/elregionalvm\" \/>\n<meta property=\"article:published_time\" content=\"2025-08-01T17:22:42+00:00\" \/>\n<meta property=\"article:modified_time\" content=\"2025-08-01T17:22:45+00:00\" \/>\n<meta property=\"og:image\" content=\"https:\/\/elregionalvm.com.ar\/noticias-villa-maria\/wp-content\/uploads\/2025\/08\/1c78612d92de451e885163c5ae6f2513.jpeg\" \/>\n\t<meta property=\"og:image:width\" content=\"800\" \/>\n\t<meta property=\"og:image:height\" content=\"600\" \/>\n\t<meta property=\"og:image:type\" content=\"image\/jpeg\" \/>\n<meta name=\"author\" content=\"Contenidos El Regional\" \/>\n<meta name=\"twitter:card\" content=\"summary_large_image\" \/>\n<meta name=\"twitter:creator\" content=\"@elregionalvm1\" \/>\n<meta name=\"twitter:site\" content=\"@elregionalvm1\" \/>\n<meta name=\"twitter:label1\" content=\"Escrito por\" \/>\n\t<meta name=\"twitter:data1\" content=\"Contenidos El Regional\" \/>\n\t<meta name=\"twitter:label2\" content=\"Tiempo de lectura\" \/>\n\t<meta name=\"twitter:data2\" content=\"1 minuto\" \/>\n<script type=\"application\/ld+json\" class=\"yoast-schema-graph\">{\"@context\":\"https:\/\/schema.org\",\"@graph\":[{\"@type\":\"Article\",\"@id\":\"https:\/\/elregionalvm.com.ar\/noticias-villa-maria\/jugadores-de-elite-participan-de-la-etapa-25-del-torneo-argentino-de-padel-en-villa-maria\/#article\",\"isPartOf\":{\"@id\":\"https:\/\/elregionalvm.com.ar\/noticias-villa-maria\/jugadores-de-elite-participan-de-la-etapa-25-del-torneo-argentino-de-padel-en-villa-maria\/\"},\"author\":{\"name\":\"Contenidos El Regional\",\"@id\":\"http:\/\/elregionalvm.com.ar\/noticias-villa-maria\/#\/schema\/person\/a0fb9c422317faca23d50163151bc354\"},\"headline\":\"Jugadores de elite participan de la etapa 25 del Torneo Argentino de Padel en Villa Mar\u00eda\",\"datePublished\":\"2025-08-01T17:22:42+00:00\",\"dateModified\":\"2025-08-01T17:22:45+00:00\",\"mainEntityOfPage\":{\"@id\":\"https:\/\/elregionalvm.com.ar\/noticias-villa-maria\/jugadores-de-elite-participan-de-la-etapa-25-del-torneo-argentino-de-padel-en-villa-maria\/\"},\"wordCount\":181,\"commentCount\":0,\"image\":{\"@id\":\"https:\/\/elregionalvm.com.ar\/noticias-villa-maria\/jugadores-de-elite-participan-de-la-etapa-25-del-torneo-argentino-de-padel-en-villa-maria\/#primaryimage\"},\"thumbnailUrl\":\"https:\/\/i0.wp.com\/elregionalvm.com.ar\/noticias-villa-maria\/wp-content\/uploads\/2025\/08\/1c78612d92de451e885163c5ae6f2513.jpeg?fit=800%2C600&ssl=1\",\"articleSection\":[\"destacado\",\"Sociedad\",\"Villa Mar\u00eda\"],\"inLanguage\":\"es\",\"potentialAction\":[{\"@type\":\"CommentAction\",\"name\":\"Comment\",\"target\":[\"https:\/\/elregionalvm.com.ar\/noticias-villa-maria\/jugadores-de-elite-participan-de-la-etapa-25-del-torneo-argentino-de-padel-en-villa-maria\/#respond\"]}]},{\"@type\":\"WebPage\",\"@id\":\"https:\/\/elregionalvm.com.ar\/noticias-villa-maria\/jugadores-de-elite-participan-de-la-etapa-25-del-torneo-argentino-de-padel-en-villa-maria\/\",\"url\":\"https:\/\/elregionalvm.com.ar\/noticias-villa-maria\/jugadores-de-elite-participan-de-la-etapa-25-del-torneo-argentino-de-padel-en-villa-maria\/\",\"name\":\"Jugadores de elite participan de la etapa 25 del Torneo Argentino de Padel en Villa Mar\u00eda - El Regional\",\"isPartOf\":{\"@id\":\"http:\/\/elregionalvm.com.ar\/noticias-villa-maria\/#website\"},\"primaryImageOfPage\":{\"@id\":\"https:\/\/elregionalvm.com.ar\/noticias-villa-maria\/jugadores-de-elite-participan-de-la-etapa-25-del-torneo-argentino-de-padel-en-villa-maria\/#primaryimage\"},\"image\":{\"@id\":\"https:\/\/elregionalvm.com.ar\/noticias-villa-maria\/jugadores-de-elite-participan-de-la-etapa-25-del-torneo-argentino-de-padel-en-villa-maria\/#primaryimage\"},\"thumbnailUrl\":\"https:\/\/i0.wp.com\/elregionalvm.com.ar\/noticias-villa-maria\/wp-content\/uploads\/2025\/08\/1c78612d92de451e885163c5ae6f2513.jpeg?fit=800%2C600&ssl=1\",\"datePublished\":\"2025-08-01T17:22:42+00:00\",\"dateModified\":\"2025-08-01T17:22:45+00:00\",\"author\":{\"@id\":\"http:\/\/elregionalvm.com.ar\/noticias-villa-maria\/#\/schema\/person\/a0fb9c422317faca23d50163151bc354\"},\"breadcrumb\":{\"@id\":\"https:\/\/elregionalvm.com.ar\/noticias-villa-maria\/jugadores-de-elite-participan-de-la-etapa-25-del-torneo-argentino-de-padel-en-villa-maria\/#breadcrumb\"},\"inLanguage\":\"es\",\"potentialAction\":[{\"@type\":\"ReadAction\",\"target\":[\"https:\/\/elregionalvm.com.ar\/noticias-villa-maria\/jugadores-de-elite-participan-de-la-etapa-25-del-torneo-argentino-de-padel-en-villa-maria\/\"]}]},{\"@type\":\"ImageObject\",\"inLanguage\":\"es\",\"@id\":\"https:\/\/elregionalvm.com.ar\/noticias-villa-maria\/jugadores-de-elite-participan-de-la-etapa-25-del-torneo-argentino-de-padel-en-villa-maria\/#primaryimage\",\"url\":\"https:\/\/i0.wp.com\/elregionalvm.com.ar\/noticias-villa-maria\/wp-content\/uploads\/2025\/08\/1c78612d92de451e885163c5ae6f2513.jpeg?fit=800%2C600&ssl=1\",\"contentUrl\":\"https:\/\/i0.wp.com\/elregionalvm.com.ar\/noticias-villa-maria\/wp-content\/uploads\/2025\/08\/1c78612d92de451e885163c5ae6f2513.jpeg?fit=800%2C600&ssl=1\",\"width\":800,\"height\":600},{\"@type\":\"BreadcrumbList\",\"@id\":\"https:\/\/elregionalvm.com.ar\/noticias-villa-maria\/jugadores-de-elite-participan-de-la-etapa-25-del-torneo-argentino-de-padel-en-villa-maria\/#breadcrumb\",\"itemListElement\":[{\"@type\":\"ListItem\",\"position\":1,\"name\":\"Portada\",\"item\":\"https:\/\/elregionalvm.com.ar\/noticias-villa-maria\/\"},{\"@type\":\"ListItem\",\"position\":2,\"name\":\"Jugadores de elite participan de la etapa 25 del Torneo Argentino de Padel en Villa Mar\u00eda\"}]},{\"@type\":\"WebSite\",\"@id\":\"http:\/\/elregionalvm.com.ar\/noticias-villa-maria\/#website\",\"url\":\"http:\/\/elregionalvm.com.ar\/noticias-villa-maria\/\",\"name\":\"El Regional\",\"description\":\"Mucho m\u00e1s que informaci\u00f3n\",\"potentialAction\":[{\"@type\":\"SearchAction\",\"target\":{\"@type\":\"EntryPoint\",\"urlTemplate\":\"http:\/\/elregionalvm.com.ar\/noticias-villa-maria\/?s={search_term_string}\"},\"query-input\":{\"@type\":\"PropertyValueSpecification\",\"valueRequired\":true,\"valueName\":\"search_term_string\"}}],\"inLanguage\":\"es\"},{\"@type\":\"Person\",\"@id\":\"http:\/\/elregionalvm.com.ar\/noticias-villa-maria\/#\/schema\/person\/a0fb9c422317faca23d50163151bc354\",\"name\":\"Contenidos El Regional\",\"image\":{\"@type\":\"ImageObject\",\"inLanguage\":\"es\",\"@id\":\"http:\/\/elregionalvm.com.ar\/noticias-villa-maria\/#\/schema\/person\/image\/\",\"url\":\"https:\/\/secure.gravatar.com\/avatar\/265b27cb2209af7bb3a1318f03305787d7981a5cc6e6cd08fe5a4ecdf99d4b48?s=96&d=mm&r=g\",\"contentUrl\":\"https:\/\/secure.gravatar.com\/avatar\/265b27cb2209af7bb3a1318f03305787d7981a5cc6e6cd08fe5a4ecdf99d4b48?s=96&d=mm&r=g\",\"caption\":\"Contenidos El Regional\"},\"url\":\"https:\/\/elregionalvm.com.ar\/noticias-villa-maria\/author\/contenido\/\"}]}<\/script>\n<!-- \/ Yoast SEO plugin. -->","yoast_head_json":{"title":"Jugadores de elite participan de la etapa 25 del Torneo Argentino de Padel en Villa Mar\u00eda - El Regional","robots":{"index":"index","follow":"follow","max-snippet":"max-snippet:-1","max-image-preview":"max-image-preview:large","max-video-preview":"max-video-preview:-1"},"canonical":"https:\/\/elregionalvm.com.ar\/noticias-villa-maria\/jugadores-de-elite-participan-de-la-etapa-25-del-torneo-argentino-de-padel-en-villa-maria\/","og_locale":"es_ES","og_type":"article","og_title":"Jugadores de elite participan de la etapa 25 del Torneo Argentino de Padel en Villa Mar\u00eda - El Regional","og_description":"a trav\u00e9s del Ente Deporte y Turismo, informa que se desarrolla la etapa 25 del Circuito Argentino de Padel.Cabe destacar que las etapas clasificatorias se desarrollan en las instalaciones de V\u00eda Padel Center, desde el pasado mi\u00e9rcoles 30. Cuadro Principal Los clasificados disputar\u00e1n el cuadro principal, desde las 18 horas de este viernes en el [&hellip;]","og_url":"https:\/\/elregionalvm.com.ar\/noticias-villa-maria\/jugadores-de-elite-participan-de-la-etapa-25-del-torneo-argentino-de-padel-en-villa-maria\/","og_site_name":"El Regional","article_publisher":"https:\/\/www.facebook.com\/elregionalvm","article_published_time":"2025-08-01T17:22:42+00:00","article_modified_time":"2025-08-01T17:22:45+00:00","og_image":[{"width":800,"height":600,"url":"https:\/\/elregionalvm.com.ar\/noticias-villa-maria\/wp-content\/uploads\/2025\/08\/1c78612d92de451e885163c5ae6f2513.jpeg","type":"image\/jpeg"}],"author":"Contenidos El Regional","twitter_card":"summary_large_image","twitter_creator":"@elregionalvm1","twitter_site":"@elregionalvm1","twitter_misc":{"Escrito por":"Contenidos El Regional","Tiempo de lectura":"1 minuto"},"schema":{"@context":"https:\/\/schema.org","@graph":[{"@type":"Article","@id":"https:\/\/elregionalvm.com.ar\/noticias-villa-maria\/jugadores-de-elite-participan-de-la-etapa-25-del-torneo-argentino-de-padel-en-villa-maria\/#article","isPartOf":{"@id":"https:\/\/elregionalvm.com.ar\/noticias-villa-maria\/jugadores-de-elite-participan-de-la-etapa-25-del-torneo-argentino-de-padel-en-villa-maria\/"},"author":{"name":"Contenidos El Regional","@id":"http:\/\/elregionalvm.com.ar\/noticias-villa-maria\/#\/schema\/person\/a0fb9c422317faca23d50163151bc354"},"headline":"Jugadores de elite participan de la etapa 25 del Torneo Argentino de Padel en Villa Mar\u00eda","datePublished":"2025-08-01T17:22:42+00:00","dateModified":"2025-08-01T17:22:45+00:00","mainEntityOfPage":{"@id":"https:\/\/elregionalvm.com.ar\/noticias-villa-maria\/jugadores-de-elite-participan-de-la-etapa-25-del-torneo-argentino-de-padel-en-villa-maria\/"},"wordCount":181,"commentCount":0,"image":{"@id":"https:\/\/elregionalvm.com.ar\/noticias-villa-maria\/jugadores-de-elite-participan-de-la-etapa-25-del-torneo-argentino-de-padel-en-villa-maria\/#primaryimage"},"thumbnailUrl":"https:\/\/i0.wp.com\/elregionalvm.com.ar\/noticias-villa-maria\/wp-content\/uploads\/2025\/08\/1c78612d92de451e885163c5ae6f2513.jpeg?fit=800%2C600&ssl=1","articleSection":["destacado","Sociedad","Villa Mar\u00eda"],"inLanguage":"es","potentialAction":[{"@type":"CommentAction","name":"Comment","target":["https:\/\/elregionalvm.com.ar\/noticias-villa-maria\/jugadores-de-elite-participan-de-la-etapa-25-del-torneo-argentino-de-padel-en-villa-maria\/#respond"]}]},{"@type":"WebPage","@id":"https:\/\/elregionalvm.com.ar\/noticias-villa-maria\/jugadores-de-elite-participan-de-la-etapa-25-del-torneo-argentino-de-padel-en-villa-maria\/","url":"https:\/\/elregionalvm.com.ar\/noticias-villa-maria\/jugadores-de-elite-participan-de-la-etapa-25-del-torneo-argentino-de-padel-en-villa-maria\/","name":"Jugadores de elite participan de la etapa 25 del Torneo Argentino de Padel en Villa Mar\u00eda - El Regional","isPartOf":{"@id":"http:\/\/elregionalvm.com.ar\/noticias-villa-maria\/#website"},"primaryImageOfPage":{"@id":"https:\/\/elregionalvm.com.ar\/noticias-villa-maria\/jugadores-de-elite-participan-de-la-etapa-25-del-torneo-argentino-de-padel-en-villa-maria\/#primaryimage"},"image":{"@id":"https:\/\/elregionalvm.com.ar\/noticias-villa-maria\/jugadores-de-elite-participan-de-la-etapa-25-del-torneo-argentino-de-padel-en-villa-maria\/#primaryimage"},"thumbnailUrl":"https:\/\/i0.wp.com\/elregionalvm.com.ar\/noticias-villa-maria\/wp-content\/uploads\/2025\/08\/1c78612d92de451e885163c5ae6f2513.jpeg?fit=800%2C600&ssl=1","datePublished":"2025-08-01T17:22:42+00:00","dateModified":"2025-08-01T17:22:45+00:00","author":{"@id":"http:\/\/elregionalvm.com.ar\/noticias-villa-maria\/#\/schema\/person\/a0fb9c422317faca23d50163151bc354"},"breadcrumb":{"@id":"https:\/\/elregionalvm.com.ar\/noticias-villa-maria\/jugadores-de-elite-participan-de-la-etapa-25-del-torneo-argentino-de-padel-en-villa-maria\/#breadcrumb"},"inLanguage":"es","potentialAction":[{"@type":"ReadAction","target":["https:\/\/elregionalvm.com.ar\/noticias-villa-maria\/jugadores-de-elite-participan-de-la-etapa-25-del-torneo-argentino-de-padel-en-villa-maria\/"]}]},{"@type":"ImageObject","inLanguage":"es","@id":"https:\/\/elregionalvm.com.ar\/noticias-villa-maria\/jugadores-de-elite-participan-de-la-etapa-25-del-torneo-argentino-de-padel-en-villa-maria\/#primaryimage","url":"https:\/\/i0.wp.com\/elregionalvm.com.ar\/noticias-villa-maria\/wp-content\/uploads\/2025\/08\/1c78612d92de451e885163c5ae6f2513.jpeg?fit=800%2C600&ssl=1","contentUrl":"https:\/\/i0.wp.com\/elregionalvm.com.ar\/noticias-villa-maria\/wp-content\/uploads\/2025\/08\/1c78612d92de451e885163c5ae6f2513.jpeg?fit=800%2C600&ssl=1","width":800,"height":600},{"@type":"BreadcrumbList","@id":"https:\/\/elregionalvm.com.ar\/noticias-villa-maria\/jugadores-de-elite-participan-de-la-etapa-25-del-torneo-argentino-de-padel-en-villa-maria\/#breadcrumb","itemListElement":[{"@type":"ListItem","position":1,"name":"Portada","item":"https:\/\/elregionalvm.com.ar\/noticias-villa-maria\/"},{"@type":"ListItem","position":2,"name":"Jugadores de elite participan de la etapa 25 del Torneo Argentino de Padel en Villa Mar\u00eda"}]},{"@type":"WebSite","@id":"http:\/\/elregionalvm.com.ar\/noticias-villa-maria\/#website","url":"http:\/\/elregionalvm.com.ar\/noticias-villa-maria\/","name":"El Regional","description":"Mucho m\u00e1s que informaci\u00f3n","potentialAction":[{"@type":"SearchAction","target":{"@type":"EntryPoint","urlTemplate":"http:\/\/elregionalvm.com.ar\/noticias-villa-maria\/?s={search_term_string}"},"query-input":{"@type":"PropertyValueSpecification","valueRequired":true,"valueName":"search_term_string"}}],"inLanguage":"es"},{"@type":"Person","@id":"http:\/\/elregionalvm.com.ar\/noticias-villa-maria\/#\/schema\/person\/a0fb9c422317faca23d50163151bc354","name":"Contenidos El Regional","image":{"@type":"ImageObject","inLanguage":"es","@id":"http:\/\/elregionalvm.com.ar\/noticias-villa-maria\/#\/schema\/person\/image\/","url":"https:\/\/secure.gravatar.com\/avatar\/265b27cb2209af7bb3a1318f03305787d7981a5cc6e6cd08fe5a4ecdf99d4b48?s=96&d=mm&r=g","contentUrl":"https:\/\/secure.gravatar.com\/avatar\/265b27cb2209af7bb3a1318f03305787d7981a5cc6e6cd08fe5a4ecdf99d4b48?s=96&d=mm&r=g","caption":"Contenidos El Regional"},"url":"https:\/\/elregionalvm.com.ar\/noticias-villa-maria\/author\/contenido\/"}]}},"jetpack_featured_media_url":"https:\/\/i0.wp.com\/elregionalvm.com.ar\/noticias-villa-maria\/wp-content\/uploads\/2025\/08\/1c78612d92de451e885163c5ae6f2513.jpeg?fit=800%2C600&ssl=1","jetpack_sharing_enabled":true,"_links":{"self":[{"href":"https:\/\/elregionalvm.com.ar\/noticias-villa-maria\/wp-json\/wp\/v2\/posts\/108595","targetHints":{"allow":["GET"]}}],"collection":[{"href":"https:\/\/elregionalvm.com.ar\/noticias-villa-maria\/wp-json\/wp\/v2\/posts"}],"about":[{"href":"https:\/\/elregionalvm.com.ar\/noticias-villa-maria\/wp-json\/wp\/v2\/types\/post"}],"author":[{"embeddable":true,"href":"https:\/\/elregionalvm.com.ar\/noticias-villa-maria\/wp-json\/wp\/v2\/users\/4"}],"replies":[{"embeddable":true,"href":"https:\/\/elregionalvm.com.ar\/noticias-villa-maria\/wp-json\/wp\/v2\/comments?post=108595"}],"version-history":[{"count":1,"href":"https:\/\/elregionalvm.com.ar\/noticias-villa-maria\/wp-json\/wp\/v2\/posts\/108595\/revisions"}],"predecessor-version":[{"id":108597,"href":"https:\/\/elregionalvm.com.ar\/noticias-villa-maria\/wp-json\/wp\/v2\/posts\/108595\/revisions\/108597"}],"wp:featuredmedia":[{"embeddable":true,"href":"https:\/\/elregionalvm.com.ar\/noticias-villa-maria\/wp-json\/wp\/v2\/media\/108596"}],"wp:attachment":[{"href":"https:\/\/elregionalvm.com.ar\/noticias-villa-maria\/wp-json\/wp\/v2\/media?parent=108595"}],"wp:term":[{"taxonomy":"category","embeddable":true,"href":"https:\/\/elregionalvm.com.ar\/noticias-villa-maria\/wp-json\/wp\/v2\/categories?post=108595"},{"taxonomy":"post_tag","embeddable":true,"href":"https:\/\/elregionalvm.com.ar\/noticias-villa-maria\/wp-json\/wp\/v2\/tags?post=108595"}],"curies":[{"name":"wp","href":"https:\/\/api.w.org\/{rel}","templated":true}]}}