{"id":108598,"date":"2025-08-01T17:24:36","date_gmt":"2025-08-01T17:24:36","guid":{"rendered":"https:\/\/elregionalvm.com.ar\/noticias-villa-maria\/?p=108598"},"modified":"2025-08-01T17:24:39","modified_gmt":"2025-08-01T17:24:39","slug":"el-servicio-penitenciario-de-cordoba-traslado-a-dos-presos-de-alta-peligrosidad-a-una-carcel-federal","status":"publish","type":"post","link":"https:\/\/elregionalvm.com.ar\/noticias-villa-maria\/el-servicio-penitenciario-de-cordoba-traslado-a-dos-presos-de-alta-peligrosidad-a-una-carcel-federal\/","title":{"rendered":"El Servicio Penitenciario de C\u00f3rdoba traslad\u00f3 a dos presos de alta peligrosidad a una c\u00e1rcel federal"},"content":{"rendered":"\n<p>En cumplimiento del Convenio sobre Alojamiento de Personas Privadas de Libertad de Distinta Jurisdicci\u00f3n, firmado entre el Ministerio de Justicia y Trabajo de la Provincia, a cargo de Juli\u00e1n L\u00f3pez, y el Ministerio de Seguridad de la Naci\u00f3n, que dirige Patricia Bullrich, este viernes fueron trasladados a una c\u00e1rcel del Sistema Penitenciario Federal dos internos que cumpl\u00edan condena en el Complejo Carcelario N\u00ba 2 \u201cAdjutor Andr\u00e9s Abreg\u00fa\u201d, de la ciudad de Cruz del Eje.<\/p>\n\n\n\n<p>Los presos, de alto perfil, fueron trasladados v\u00eda a\u00e9rea para continuar con el cumplimiento de sus condenas en una c\u00e1rcel federal de m\u00e1xima seguridad.<\/p>\n\n\n\n<p>Se trata de dos peligrosos reclusos: uno tiene condena hasta el a\u00f1o 2042 por los delitos de secuestro extorsivo, robo con uso de armas, asociaci\u00f3n il\u00edcita y amenazas, entre otros; el otro, con sentencia hasta el 2038, purga una pena por homicidio en ocasi\u00f3n de robo.<\/p>\n\n\n\n<p><em>\u201cEsta acci\u00f3n forma parte del convenio firmado el jueves con el Ministerio de Seguridad de la Naci\u00f3n para que presos de distintas jurisdicciones, federales y provinciales puedan estar en establecimientos penitenciarios, bajo la custodia del Servicio Penitenciario de la otra jurisdicci\u00f3n. En este caso en particular, se est\u00e1n trasladando en el d\u00eda de hoy dos internos de extrema peligrosidad\u201d,<\/em>&nbsp;declar\u00f3 el ministro L\u00f3pez una vez finalizado el operativo.<\/p>\n\n\n\n<p>El funcionario aclar\u00f3 adem\u00e1s que&nbsp;<em>\u201cpor informes del propio Servicio Penitenciario y por disposici\u00f3n de la Justicia Provincial y Federal se determin\u00f3 el traslado a una c\u00e1rcel federal de m\u00e1xima seguridad hasta tanto C\u00f3rdoba culmine las obras para su centro de alta seguridad, previsto para el mes de marzo\u201d.<\/em><\/p>\n\n\n\n<p>Finalmente, el ministro de Justicia y Trabajo destac\u00f3<em>&nbsp;\u201cla labor llevada adelante por el Servicio Penitenciario de la Provincia, que en colaboraci\u00f3n con la Polic\u00eda Provincial, hicieron una gran tarea que hizo hacer posible trasladar a dos internos de extrema peligrosidad\u201d.<\/em><\/p>\n\n\n\n<p>A su vez, el Ministro de Seguridad, Juan Pablo Quinteros, afirm\u00f3:<em>&nbsp;\u201cEste fue un trabajo en conjunto entre el Ministerio de Justicia y Trabajo y el Ministerio de Seguridad, donde durante varios d\u00edas estuvimos planificando. Fue un traslado de alt\u00edsimo riesgo. Por eso se tomaron todas las precauciones y previsiones del caso y lo hicimos conjuntamente entre el Grupo de Operaciones T\u00e1cticas del Servicio Penitenciario, el ETER y unidades especiales de la Polic\u00eda de C\u00f3rdoba\u00bb.<\/em><\/p>\n\n\n\n<p>Quinteros adem\u00e1s indic\u00f3 que&nbsp;<em>\u201ctodo se desencaden\u00f3 luego del operativo del 8 de julio en Unquillo, donde el ETER fue recibido con disparos de 9 mil\u00edmetros y fusiles fal. Esto precipit\u00f3 los hechos, pues se eval\u00faa y se estudia que estos presos est\u00e9n vinculados a una banda de sicarios que operaban afuera, pero que eran manejados desde adentro del Servicio. Por eso nos parece importante y trascendente para la seguridad de los cordobeses que estas dos personas hayan sido trasladadas a una c\u00e1rcel de m\u00e1xima seguridad, mientras se finaliza con la c\u00e1rcel de m\u00e1xima seguridad en C\u00f3rdoba\u201d<\/em>, finaliz\u00f3.<\/p>\n","protected":false},"excerpt":{"rendered":"<p>En cumplimiento del Convenio sobre Alojamiento de Personas Privadas de Libertad de Distinta Jurisdicci\u00f3n, firmado entre el Ministerio de Justicia y Trabajo de la Provincia, a cargo de Juli\u00e1n L\u00f3pez, y el Ministerio de Seguridad de la Naci\u00f3n, que dirige Patricia Bullrich, este viernes fueron trasladados a una c\u00e1rcel del Sistema Penitenciario Federal dos internos [&hellip;]<\/p>\n","protected":false},"author":4,"featured_media":108599,"comment_status":"open","ping_status":"open","sticky":false,"template":"","format":"standard","meta":{"site-sidebar-layout":"default","site-content-layout":"","ast-site-content-layout":"default","site-content-style":"default","site-sidebar-style":"default","ast-global-header-display":"","ast-banner-title-visibility":"","ast-main-header-display":"","ast-hfb-above-header-display":"","ast-hfb-below-header-display":"","ast-hfb-mobile-header-display":"","site-post-title":"","ast-breadcrumbs-content":"","ast-featured-img":"","footer-sml-layout":"","ast-disable-related-posts":"","theme-transparent-header-meta":"","adv-header-id-meta":"","stick-header-meta":"","header-above-stick-meta":"","header-main-stick-meta":"","header-below-stick-meta":"","astra-migrate-meta-layouts":"set","ast-page-background-enabled":"default","ast-page-background-meta":{"desktop":{"background-color":"","background-image":"","background-repeat":"repeat","background-position":"center center","background-size":"auto","background-attachment":"scroll","background-type":"","background-media":"","overlay-type":"","overlay-color":"","overlay-opacity":"","overlay-gradient":""},"tablet":{"background-color":"","background-image":"","background-repeat":"repeat","background-position":"center center","background-size":"auto","background-attachment":"scroll","background-type":"","background-media":"","overlay-type":"","overlay-color":"","overlay-opacity":"","overlay-gradient":""},"mobile":{"background-color":"","background-image":"","background-repeat":"repeat","background-position":"center center","background-size":"auto","background-attachment":"scroll","background-type":"","background-media":"","overlay-type":"","overlay-color":"","overlay-opacity":"","overlay-gradient":""}},"ast-content-background-meta":{"desktop":{"background-color":"var(--ast-global-color-5)","background-image":"","background-repeat":"repeat","background-position":"center center","background-size":"auto","background-attachment":"scroll","background-type":"","background-media":"","overlay-type":"","overlay-color":"","overlay-opacity":"","overlay-gradient":""},"tablet":{"background-color":"var(--ast-global-color-5)","background-image":"","background-repeat":"repeat","background-position":"center center","background-size":"auto","background-attachment":"scroll","background-type":"","background-media":"","overlay-type":"","overlay-color":"","overlay-opacity":"","overlay-gradient":""},"mobile":{"background-color":"var(--ast-global-color-5)","background-image":"","background-repeat":"repeat","background-position":"center center","background-size":"auto","background-attachment":"scroll","background-type":"","background-media":"","overlay-type":"","overlay-color":"","overlay-opacity":"","overlay-gradient":""}},"_jetpack_memberships_contains_paid_content":false,"_joinchat":[],"footnotes":""},"categories":[15302,16095,5],"tags":[],"class_list":["post-108598","post","type-post","status-publish","format-standard","has-post-thumbnail","hentry","category-destacado","category-provinciales","category-sociedad"],"yoast_head":"<!-- This site is optimized with the Yoast SEO plugin v26.8 - https:\/\/yoast.com\/product\/yoast-seo-wordpress\/ -->\n<title>El Servicio Penitenciario de C\u00f3rdoba traslad\u00f3 a dos presos de alta peligrosidad a una c\u00e1rcel federal - El Regional<\/title>\n<meta name=\"robots\" content=\"index, follow, max-snippet:-1, max-image-preview:large, max-video-preview:-1\" \/>\n<link rel=\"canonical\" href=\"https:\/\/elregionalvm.com.ar\/noticias-villa-maria\/el-servicio-penitenciario-de-cordoba-traslado-a-dos-presos-de-alta-peligrosidad-a-una-carcel-federal\/\" \/>\n<meta property=\"og:locale\" content=\"es_ES\" \/>\n<meta property=\"og:type\" content=\"article\" \/>\n<meta property=\"og:title\" content=\"El Servicio Penitenciario de C\u00f3rdoba traslad\u00f3 a dos presos de alta peligrosidad a una c\u00e1rcel federal - El Regional\" \/>\n<meta property=\"og:description\" content=\"En cumplimiento del Convenio sobre Alojamiento de Personas Privadas de Libertad de Distinta Jurisdicci\u00f3n, firmado entre el Ministerio de Justicia y Trabajo de la Provincia, a cargo de Juli\u00e1n L\u00f3pez, y el Ministerio de Seguridad de la Naci\u00f3n, que dirige Patricia Bullrich, este viernes fueron trasladados a una c\u00e1rcel del Sistema Penitenciario Federal dos internos [&hellip;]\" \/>\n<meta property=\"og:url\" content=\"https:\/\/elregionalvm.com.ar\/noticias-villa-maria\/el-servicio-penitenciario-de-cordoba-traslado-a-dos-presos-de-alta-peligrosidad-a-una-carcel-federal\/\" \/>\n<meta property=\"og:site_name\" content=\"El Regional\" \/>\n<meta property=\"article:publisher\" content=\"https:\/\/www.facebook.com\/elregionalvm\" \/>\n<meta property=\"article:published_time\" content=\"2025-08-01T17:24:36+00:00\" \/>\n<meta property=\"article:modified_time\" content=\"2025-08-01T17:24:39+00:00\" \/>\n<meta property=\"og:image\" content=\"https:\/\/elregionalvm.com.ar\/noticias-villa-maria\/wp-content\/uploads\/2025\/08\/WhatsApp-Image-2025-08-01-at-09.49.33-1024x683-1.jpeg\" \/>\n\t<meta property=\"og:image:width\" content=\"1024\" \/>\n\t<meta property=\"og:image:height\" content=\"683\" \/>\n\t<meta property=\"og:image:type\" content=\"image\/jpeg\" \/>\n<meta name=\"author\" content=\"Contenidos El Regional\" \/>\n<meta name=\"twitter:card\" content=\"summary_large_image\" \/>\n<meta name=\"twitter:creator\" content=\"@elregionalvm1\" \/>\n<meta name=\"twitter:site\" content=\"@elregionalvm1\" \/>\n<meta name=\"twitter:label1\" content=\"Escrito por\" \/>\n\t<meta name=\"twitter:data1\" content=\"Contenidos El Regional\" \/>\n\t<meta name=\"twitter:label2\" content=\"Tiempo de lectura\" \/>\n\t<meta name=\"twitter:data2\" content=\"3 minutos\" \/>\n<script type=\"application\/ld+json\" class=\"yoast-schema-graph\">{\"@context\":\"https:\/\/schema.org\",\"@graph\":[{\"@type\":\"Article\",\"@id\":\"https:\/\/elregionalvm.com.ar\/noticias-villa-maria\/el-servicio-penitenciario-de-cordoba-traslado-a-dos-presos-de-alta-peligrosidad-a-una-carcel-federal\/#article\",\"isPartOf\":{\"@id\":\"https:\/\/elregionalvm.com.ar\/noticias-villa-maria\/el-servicio-penitenciario-de-cordoba-traslado-a-dos-presos-de-alta-peligrosidad-a-una-carcel-federal\/\"},\"author\":{\"name\":\"Contenidos El Regional\",\"@id\":\"http:\/\/elregionalvm.com.ar\/noticias-villa-maria\/#\/schema\/person\/a0fb9c422317faca23d50163151bc354\"},\"headline\":\"El Servicio Penitenciario de C\u00f3rdoba traslad\u00f3 a dos presos de alta peligrosidad a una c\u00e1rcel federal\",\"datePublished\":\"2025-08-01T17:24:36+00:00\",\"dateModified\":\"2025-08-01T17:24:39+00:00\",\"mainEntityOfPage\":{\"@id\":\"https:\/\/elregionalvm.com.ar\/noticias-villa-maria\/el-servicio-penitenciario-de-cordoba-traslado-a-dos-presos-de-alta-peligrosidad-a-una-carcel-federal\/\"},\"wordCount\":535,\"commentCount\":0,\"image\":{\"@id\":\"https:\/\/elregionalvm.com.ar\/noticias-villa-maria\/el-servicio-penitenciario-de-cordoba-traslado-a-dos-presos-de-alta-peligrosidad-a-una-carcel-federal\/#primaryimage\"},\"thumbnailUrl\":\"https:\/\/i0.wp.com\/elregionalvm.com.ar\/noticias-villa-maria\/wp-content\/uploads\/2025\/08\/WhatsApp-Image-2025-08-01-at-09.49.33-1024x683-1.jpeg?fit=1024%2C683&ssl=1\",\"articleSection\":[\"destacado\",\"Provinciales\",\"Sociedad\"],\"inLanguage\":\"es\",\"potentialAction\":[{\"@type\":\"CommentAction\",\"name\":\"Comment\",\"target\":[\"https:\/\/elregionalvm.com.ar\/noticias-villa-maria\/el-servicio-penitenciario-de-cordoba-traslado-a-dos-presos-de-alta-peligrosidad-a-una-carcel-federal\/#respond\"]}]},{\"@type\":\"WebPage\",\"@id\":\"https:\/\/elregionalvm.com.ar\/noticias-villa-maria\/el-servicio-penitenciario-de-cordoba-traslado-a-dos-presos-de-alta-peligrosidad-a-una-carcel-federal\/\",\"url\":\"https:\/\/elregionalvm.com.ar\/noticias-villa-maria\/el-servicio-penitenciario-de-cordoba-traslado-a-dos-presos-de-alta-peligrosidad-a-una-carcel-federal\/\",\"name\":\"El Servicio Penitenciario de C\u00f3rdoba traslad\u00f3 a dos presos de alta peligrosidad a una c\u00e1rcel federal - El Regional\",\"isPartOf\":{\"@id\":\"http:\/\/elregionalvm.com.ar\/noticias-villa-maria\/#website\"},\"primaryImageOfPage\":{\"@id\":\"https:\/\/elregionalvm.com.ar\/noticias-villa-maria\/el-servicio-penitenciario-de-cordoba-traslado-a-dos-presos-de-alta-peligrosidad-a-una-carcel-federal\/#primaryimage\"},\"image\":{\"@id\":\"https:\/\/elregionalvm.com.ar\/noticias-villa-maria\/el-servicio-penitenciario-de-cordoba-traslado-a-dos-presos-de-alta-peligrosidad-a-una-carcel-federal\/#primaryimage\"},\"thumbnailUrl\":\"https:\/\/i0.wp.com\/elregionalvm.com.ar\/noticias-villa-maria\/wp-content\/uploads\/2025\/08\/WhatsApp-Image-2025-08-01-at-09.49.33-1024x683-1.jpeg?fit=1024%2C683&ssl=1\",\"datePublished\":\"2025-08-01T17:24:36+00:00\",\"dateModified\":\"2025-08-01T17:24:39+00:00\",\"author\":{\"@id\":\"http:\/\/elregionalvm.com.ar\/noticias-villa-maria\/#\/schema\/person\/a0fb9c422317faca23d50163151bc354\"},\"breadcrumb\":{\"@id\":\"https:\/\/elregionalvm.com.ar\/noticias-villa-maria\/el-servicio-penitenciario-de-cordoba-traslado-a-dos-presos-de-alta-peligrosidad-a-una-carcel-federal\/#breadcrumb\"},\"inLanguage\":\"es\",\"potentialAction\":[{\"@type\":\"ReadAction\",\"target\":[\"https:\/\/elregionalvm.com.ar\/noticias-villa-maria\/el-servicio-penitenciario-de-cordoba-traslado-a-dos-presos-de-alta-peligrosidad-a-una-carcel-federal\/\"]}]},{\"@type\":\"ImageObject\",\"inLanguage\":\"es\",\"@id\":\"https:\/\/elregionalvm.com.ar\/noticias-villa-maria\/el-servicio-penitenciario-de-cordoba-traslado-a-dos-presos-de-alta-peligrosidad-a-una-carcel-federal\/#primaryimage\",\"url\":\"https:\/\/i0.wp.com\/elregionalvm.com.ar\/noticias-villa-maria\/wp-content\/uploads\/2025\/08\/WhatsApp-Image-2025-08-01-at-09.49.33-1024x683-1.jpeg?fit=1024%2C683&ssl=1\",\"contentUrl\":\"https:\/\/i0.wp.com\/elregionalvm.com.ar\/noticias-villa-maria\/wp-content\/uploads\/2025\/08\/WhatsApp-Image-2025-08-01-at-09.49.33-1024x683-1.jpeg?fit=1024%2C683&ssl=1\",\"width\":1024,\"height\":683},{\"@type\":\"BreadcrumbList\",\"@id\":\"https:\/\/elregionalvm.com.ar\/noticias-villa-maria\/el-servicio-penitenciario-de-cordoba-traslado-a-dos-presos-de-alta-peligrosidad-a-una-carcel-federal\/#breadcrumb\",\"itemListElement\":[{\"@type\":\"ListItem\",\"position\":1,\"name\":\"Portada\",\"item\":\"https:\/\/elregionalvm.com.ar\/noticias-villa-maria\/\"},{\"@type\":\"ListItem\",\"position\":2,\"name\":\"El Servicio Penitenciario de C\u00f3rdoba traslad\u00f3 a dos presos de alta peligrosidad a una c\u00e1rcel federal\"}]},{\"@type\":\"WebSite\",\"@id\":\"http:\/\/elregionalvm.com.ar\/noticias-villa-maria\/#website\",\"url\":\"http:\/\/elregionalvm.com.ar\/noticias-villa-maria\/\",\"name\":\"El Regional\",\"description\":\"Mucho m\u00e1s que informaci\u00f3n\",\"potentialAction\":[{\"@type\":\"SearchAction\",\"target\":{\"@type\":\"EntryPoint\",\"urlTemplate\":\"http:\/\/elregionalvm.com.ar\/noticias-villa-maria\/?s={search_term_string}\"},\"query-input\":{\"@type\":\"PropertyValueSpecification\",\"valueRequired\":true,\"valueName\":\"search_term_string\"}}],\"inLanguage\":\"es\"},{\"@type\":\"Person\",\"@id\":\"http:\/\/elregionalvm.com.ar\/noticias-villa-maria\/#\/schema\/person\/a0fb9c422317faca23d50163151bc354\",\"name\":\"Contenidos El Regional\",\"image\":{\"@type\":\"ImageObject\",\"inLanguage\":\"es\",\"@id\":\"http:\/\/elregionalvm.com.ar\/noticias-villa-maria\/#\/schema\/person\/image\/\",\"url\":\"https:\/\/secure.gravatar.com\/avatar\/265b27cb2209af7bb3a1318f03305787d7981a5cc6e6cd08fe5a4ecdf99d4b48?s=96&d=mm&r=g\",\"contentUrl\":\"https:\/\/secure.gravatar.com\/avatar\/265b27cb2209af7bb3a1318f03305787d7981a5cc6e6cd08fe5a4ecdf99d4b48?s=96&d=mm&r=g\",\"caption\":\"Contenidos El Regional\"},\"url\":\"https:\/\/elregionalvm.com.ar\/noticias-villa-maria\/author\/contenido\/\"}]}<\/script>\n<!-- \/ Yoast SEO plugin. -->","yoast_head_json":{"title":"El Servicio Penitenciario de C\u00f3rdoba traslad\u00f3 a dos presos de alta peligrosidad a una c\u00e1rcel federal - El Regional","robots":{"index":"index","follow":"follow","max-snippet":"max-snippet:-1","max-image-preview":"max-image-preview:large","max-video-preview":"max-video-preview:-1"},"canonical":"https:\/\/elregionalvm.com.ar\/noticias-villa-maria\/el-servicio-penitenciario-de-cordoba-traslado-a-dos-presos-de-alta-peligrosidad-a-una-carcel-federal\/","og_locale":"es_ES","og_type":"article","og_title":"El Servicio Penitenciario de C\u00f3rdoba traslad\u00f3 a dos presos de alta peligrosidad a una c\u00e1rcel federal - El Regional","og_description":"En cumplimiento del Convenio sobre Alojamiento de Personas Privadas de Libertad de Distinta Jurisdicci\u00f3n, firmado entre el Ministerio de Justicia y Trabajo de la Provincia, a cargo de Juli\u00e1n L\u00f3pez, y el Ministerio de Seguridad de la Naci\u00f3n, que dirige Patricia Bullrich, este viernes fueron trasladados a una c\u00e1rcel del Sistema Penitenciario Federal dos internos [&hellip;]","og_url":"https:\/\/elregionalvm.com.ar\/noticias-villa-maria\/el-servicio-penitenciario-de-cordoba-traslado-a-dos-presos-de-alta-peligrosidad-a-una-carcel-federal\/","og_site_name":"El Regional","article_publisher":"https:\/\/www.facebook.com\/elregionalvm","article_published_time":"2025-08-01T17:24:36+00:00","article_modified_time":"2025-08-01T17:24:39+00:00","og_image":[{"width":1024,"height":683,"url":"https:\/\/elregionalvm.com.ar\/noticias-villa-maria\/wp-content\/uploads\/2025\/08\/WhatsApp-Image-2025-08-01-at-09.49.33-1024x683-1.jpeg","type":"image\/jpeg"}],"author":"Contenidos El Regional","twitter_card":"summary_large_image","twitter_creator":"@elregionalvm1","twitter_site":"@elregionalvm1","twitter_misc":{"Escrito por":"Contenidos El Regional","Tiempo de lectura":"3 minutos"},"schema":{"@context":"https:\/\/schema.org","@graph":[{"@type":"Article","@id":"https:\/\/elregionalvm.com.ar\/noticias-villa-maria\/el-servicio-penitenciario-de-cordoba-traslado-a-dos-presos-de-alta-peligrosidad-a-una-carcel-federal\/#article","isPartOf":{"@id":"https:\/\/elregionalvm.com.ar\/noticias-villa-maria\/el-servicio-penitenciario-de-cordoba-traslado-a-dos-presos-de-alta-peligrosidad-a-una-carcel-federal\/"},"author":{"name":"Contenidos El Regional","@id":"http:\/\/elregionalvm.com.ar\/noticias-villa-maria\/#\/schema\/person\/a0fb9c422317faca23d50163151bc354"},"headline":"El Servicio Penitenciario de C\u00f3rdoba traslad\u00f3 a dos presos de alta peligrosidad a una c\u00e1rcel federal","datePublished":"2025-08-01T17:24:36+00:00","dateModified":"2025-08-01T17:24:39+00:00","mainEntityOfPage":{"@id":"https:\/\/elregionalvm.com.ar\/noticias-villa-maria\/el-servicio-penitenciario-de-cordoba-traslado-a-dos-presos-de-alta-peligrosidad-a-una-carcel-federal\/"},"wordCount":535,"commentCount":0,"image":{"@id":"https:\/\/elregionalvm.com.ar\/noticias-villa-maria\/el-servicio-penitenciario-de-cordoba-traslado-a-dos-presos-de-alta-peligrosidad-a-una-carcel-federal\/#primaryimage"},"thumbnailUrl":"https:\/\/i0.wp.com\/elregionalvm.com.ar\/noticias-villa-maria\/wp-content\/uploads\/2025\/08\/WhatsApp-Image-2025-08-01-at-09.49.33-1024x683-1.jpeg?fit=1024%2C683&ssl=1","articleSection":["destacado","Provinciales","Sociedad"],"inLanguage":"es","potentialAction":[{"@type":"CommentAction","name":"Comment","target":["https:\/\/elregionalvm.com.ar\/noticias-villa-maria\/el-servicio-penitenciario-de-cordoba-traslado-a-dos-presos-de-alta-peligrosidad-a-una-carcel-federal\/#respond"]}]},{"@type":"WebPage","@id":"https:\/\/elregionalvm.com.ar\/noticias-villa-maria\/el-servicio-penitenciario-de-cordoba-traslado-a-dos-presos-de-alta-peligrosidad-a-una-carcel-federal\/","url":"https:\/\/elregionalvm.com.ar\/noticias-villa-maria\/el-servicio-penitenciario-de-cordoba-traslado-a-dos-presos-de-alta-peligrosidad-a-una-carcel-federal\/","name":"El Servicio Penitenciario de C\u00f3rdoba traslad\u00f3 a dos presos de alta peligrosidad a una c\u00e1rcel federal - El Regional","isPartOf":{"@id":"http:\/\/elregionalvm.com.ar\/noticias-villa-maria\/#website"},"primaryImageOfPage":{"@id":"https:\/\/elregionalvm.com.ar\/noticias-villa-maria\/el-servicio-penitenciario-de-cordoba-traslado-a-dos-presos-de-alta-peligrosidad-a-una-carcel-federal\/#primaryimage"},"image":{"@id":"https:\/\/elregionalvm.com.ar\/noticias-villa-maria\/el-servicio-penitenciario-de-cordoba-traslado-a-dos-presos-de-alta-peligrosidad-a-una-carcel-federal\/#primaryimage"},"thumbnailUrl":"https:\/\/i0.wp.com\/elregionalvm.com.ar\/noticias-villa-maria\/wp-content\/uploads\/2025\/08\/WhatsApp-Image-2025-08-01-at-09.49.33-1024x683-1.jpeg?fit=1024%2C683&ssl=1","datePublished":"2025-08-01T17:24:36+00:00","dateModified":"2025-08-01T17:24:39+00:00","author":{"@id":"http:\/\/elregionalvm.com.ar\/noticias-villa-maria\/#\/schema\/person\/a0fb9c422317faca23d50163151bc354"},"breadcrumb":{"@id":"https:\/\/elregionalvm.com.ar\/noticias-villa-maria\/el-servicio-penitenciario-de-cordoba-traslado-a-dos-presos-de-alta-peligrosidad-a-una-carcel-federal\/#breadcrumb"},"inLanguage":"es","potentialAction":[{"@type":"ReadAction","target":["https:\/\/elregionalvm.com.ar\/noticias-villa-maria\/el-servicio-penitenciario-de-cordoba-traslado-a-dos-presos-de-alta-peligrosidad-a-una-carcel-federal\/"]}]},{"@type":"ImageObject","inLanguage":"es","@id":"https:\/\/elregionalvm.com.ar\/noticias-villa-maria\/el-servicio-penitenciario-de-cordoba-traslado-a-dos-presos-de-alta-peligrosidad-a-una-carcel-federal\/#primaryimage","url":"https:\/\/i0.wp.com\/elregionalvm.com.ar\/noticias-villa-maria\/wp-content\/uploads\/2025\/08\/WhatsApp-Image-2025-08-01-at-09.49.33-1024x683-1.jpeg?fit=1024%2C683&ssl=1","contentUrl":"https:\/\/i0.wp.com\/elregionalvm.com.ar\/noticias-villa-maria\/wp-content\/uploads\/2025\/08\/WhatsApp-Image-2025-08-01-at-09.49.33-1024x683-1.jpeg?fit=1024%2C683&ssl=1","width":1024,"height":683},{"@type":"BreadcrumbList","@id":"https:\/\/elregionalvm.com.ar\/noticias-villa-maria\/el-servicio-penitenciario-de-cordoba-traslado-a-dos-presos-de-alta-peligrosidad-a-una-carcel-federal\/#breadcrumb","itemListElement":[{"@type":"ListItem","position":1,"name":"Portada","item":"https:\/\/elregionalvm.com.ar\/noticias-villa-maria\/"},{"@type":"ListItem","position":2,"name":"El Servicio Penitenciario de C\u00f3rdoba traslad\u00f3 a dos presos de alta peligrosidad a una c\u00e1rcel federal"}]},{"@type":"WebSite","@id":"http:\/\/elregionalvm.com.ar\/noticias-villa-maria\/#website","url":"http:\/\/elregionalvm.com.ar\/noticias-villa-maria\/","name":"El Regional","description":"Mucho m\u00e1s que informaci\u00f3n","potentialAction":[{"@type":"SearchAction","target":{"@type":"EntryPoint","urlTemplate":"http:\/\/elregionalvm.com.ar\/noticias-villa-maria\/?s={search_term_string}"},"query-input":{"@type":"PropertyValueSpecification","valueRequired":true,"valueName":"search_term_string"}}],"inLanguage":"es"},{"@type":"Person","@id":"http:\/\/elregionalvm.com.ar\/noticias-villa-maria\/#\/schema\/person\/a0fb9c422317faca23d50163151bc354","name":"Contenidos El Regional","image":{"@type":"ImageObject","inLanguage":"es","@id":"http:\/\/elregionalvm.com.ar\/noticias-villa-maria\/#\/schema\/person\/image\/","url":"https:\/\/secure.gravatar.com\/avatar\/265b27cb2209af7bb3a1318f03305787d7981a5cc6e6cd08fe5a4ecdf99d4b48?s=96&d=mm&r=g","contentUrl":"https:\/\/secure.gravatar.com\/avatar\/265b27cb2209af7bb3a1318f03305787d7981a5cc6e6cd08fe5a4ecdf99d4b48?s=96&d=mm&r=g","caption":"Contenidos El Regional"},"url":"https:\/\/elregionalvm.com.ar\/noticias-villa-maria\/author\/contenido\/"}]}},"jetpack_featured_media_url":"https:\/\/i0.wp.com\/elregionalvm.com.ar\/noticias-villa-maria\/wp-content\/uploads\/2025\/08\/WhatsApp-Image-2025-08-01-at-09.49.33-1024x683-1.jpeg?fit=1024%2C683&ssl=1","jetpack_sharing_enabled":true,"_links":{"self":[{"href":"https:\/\/elregionalvm.com.ar\/noticias-villa-maria\/wp-json\/wp\/v2\/posts\/108598","targetHints":{"allow":["GET"]}}],"collection":[{"href":"https:\/\/elregionalvm.com.ar\/noticias-villa-maria\/wp-json\/wp\/v2\/posts"}],"about":[{"href":"https:\/\/elregionalvm.com.ar\/noticias-villa-maria\/wp-json\/wp\/v2\/types\/post"}],"author":[{"embeddable":true,"href":"https:\/\/elregionalvm.com.ar\/noticias-villa-maria\/wp-json\/wp\/v2\/users\/4"}],"replies":[{"embeddable":true,"href":"https:\/\/elregionalvm.com.ar\/noticias-villa-maria\/wp-json\/wp\/v2\/comments?post=108598"}],"version-history":[{"count":1,"href":"https:\/\/elregionalvm.com.ar\/noticias-villa-maria\/wp-json\/wp\/v2\/posts\/108598\/revisions"}],"predecessor-version":[{"id":108600,"href":"https:\/\/elregionalvm.com.ar\/noticias-villa-maria\/wp-json\/wp\/v2\/posts\/108598\/revisions\/108600"}],"wp:featuredmedia":[{"embeddable":true,"href":"https:\/\/elregionalvm.com.ar\/noticias-villa-maria\/wp-json\/wp\/v2\/media\/108599"}],"wp:attachment":[{"href":"https:\/\/elregionalvm.com.ar\/noticias-villa-maria\/wp-json\/wp\/v2\/media?parent=108598"}],"wp:term":[{"taxonomy":"category","embeddable":true,"href":"https:\/\/elregionalvm.com.ar\/noticias-villa-maria\/wp-json\/wp\/v2\/categories?post=108598"},{"taxonomy":"post_tag","embeddable":true,"href":"https:\/\/elregionalvm.com.ar\/noticias-villa-maria\/wp-json\/wp\/v2\/tags?post=108598"}],"curies":[{"name":"wp","href":"https:\/\/api.w.org\/{rel}","templated":true}]}}