{"id":108604,"date":"2025-08-01T17:30:59","date_gmt":"2025-08-01T17:30:59","guid":{"rendered":"https:\/\/elregionalvm.com.ar\/noticias-villa-maria\/?p=108604"},"modified":"2025-08-01T17:32:24","modified_gmt":"2025-08-01T17:32:24","slug":"allanamiento-en-un-taller-mecanico-en-barrio-las-acacias-un-detenido","status":"publish","type":"post","link":"https:\/\/elregionalvm.com.ar\/noticias-villa-maria\/allanamiento-en-un-taller-mecanico-en-barrio-las-acacias-un-detenido\/","title":{"rendered":"Allanamiento en un taller mec\u00e1nico en barrio Las Acacias: un detenido"},"content":{"rendered":"\n<p>Siendo aproximadamente las 10:20 horas del d\u00eda de la fecha, personal de Divisi\u00f3n Investigaciones de esta Unidad Departamental se constituy\u00f3 en calle Los Ceibales al 900 de B\u00ba Las Acacias de Villa Mar\u00eda, munido de la correspondiente orden judicial de ALLANAMIENTO, el cual arroj\u00f3 resultado POSITIVO CON APREHENSION, de un hombre de 45 a\u00f1os de edad, P.S.A del delito de HURTO y al secuestro de (01) camioneta Marca Chevrolet Modelo S10, como as\u00ed tambi\u00e9n prendas de vestir, de inter\u00e9s para la investigaci\u00f3n que lleva a cabo la Fiscal\u00eda a cargo de la Dra. Juliana Companys, Sec. Dr. \u00c1lvarez.<\/p>\n\n\n\n<p> En virtud de un hecho delictual ocurrido en fecha 27\/07\/2025, del cual resulto damnificado un hombre de 40 a\u00f1os de edad, al cual le sustraen dos ruedas de cami\u00f3n, sin ejercer violencia, las cuales guardaba en su taller mec\u00e1nico; por ello personal de la mencionada Divisi\u00f3n tras diversas diligencias investigativas, ordenadas por los magistrados intervinientes se logr\u00f3 establecer la identidad del autor del hecho.<\/p>\n","protected":false},"excerpt":{"rendered":"<p>Siendo aproximadamente las 10:20 horas del d\u00eda de la fecha, personal de Divisi\u00f3n Investigaciones de esta Unidad Departamental se constituy\u00f3 en calle Los Ceibales al 900 de B\u00ba Las Acacias de Villa Mar\u00eda, munido de la correspondiente orden judicial de ALLANAMIENTO, el cual arroj\u00f3 resultado POSITIVO CON APREHENSION, de un hombre de 45 a\u00f1os de [&hellip;]<\/p>\n","protected":false},"author":4,"featured_media":108605,"comment_status":"open","ping_status":"open","sticky":false,"template":"","format":"standard","meta":{"site-sidebar-layout":"default","site-content-layout":"","ast-site-content-layout":"default","site-content-style":"default","site-sidebar-style":"default","ast-global-header-display":"","ast-banner-title-visibility":"","ast-main-header-display":"","ast-hfb-above-header-display":"","ast-hfb-below-header-display":"","ast-hfb-mobile-header-display":"","site-post-title":"","ast-breadcrumbs-content":"","ast-featured-img":"","footer-sml-layout":"","ast-disable-related-posts":"","theme-transparent-header-meta":"","adv-header-id-meta":"","stick-header-meta":"","header-above-stick-meta":"","header-main-stick-meta":"","header-below-stick-meta":"","astra-migrate-meta-layouts":"set","ast-page-background-enabled":"default","ast-page-background-meta":{"desktop":{"background-color":"","background-image":"","background-repeat":"repeat","background-position":"center center","background-size":"auto","background-attachment":"scroll","background-type":"","background-media":"","overlay-type":"","overlay-color":"","overlay-opacity":"","overlay-gradient":""},"tablet":{"background-color":"","background-image":"","background-repeat":"repeat","background-position":"center center","background-size":"auto","background-attachment":"scroll","background-type":"","background-media":"","overlay-type":"","overlay-color":"","overlay-opacity":"","overlay-gradient":""},"mobile":{"background-color":"","background-image":"","background-repeat":"repeat","background-position":"center center","background-size":"auto","background-attachment":"scroll","background-type":"","background-media":"","overlay-type":"","overlay-color":"","overlay-opacity":"","overlay-gradient":""}},"ast-content-background-meta":{"desktop":{"background-color":"var(--ast-global-color-5)","background-image":"","background-repeat":"repeat","background-position":"center center","background-size":"auto","background-attachment":"scroll","background-type":"","background-media":"","overlay-type":"","overlay-color":"","overlay-opacity":"","overlay-gradient":""},"tablet":{"background-color":"var(--ast-global-color-5)","background-image":"","background-repeat":"repeat","background-position":"center center","background-size":"auto","background-attachment":"scroll","background-type":"","background-media":"","overlay-type":"","overlay-color":"","overlay-opacity":"","overlay-gradient":""},"mobile":{"background-color":"var(--ast-global-color-5)","background-image":"","background-repeat":"repeat","background-position":"center center","background-size":"auto","background-attachment":"scroll","background-type":"","background-media":"","overlay-type":"","overlay-color":"","overlay-opacity":"","overlay-gradient":""}},"_jetpack_memberships_contains_paid_content":false,"_joinchat":[],"footnotes":""},"categories":[15302,2234,1,5,2],"tags":[],"class_list":["post-108604","post","type-post","status-publish","format-standard","has-post-thumbnail","hentry","category-destacado","category-policiales","category-sin-categoria","category-sociedad","category-villa-maria"],"yoast_head":"<!-- This site is optimized with the Yoast SEO plugin v26.8 - https:\/\/yoast.com\/product\/yoast-seo-wordpress\/ -->\n<title>Allanamiento en un taller mec\u00e1nico en barrio Las Acacias: un detenido - El Regional<\/title>\n<meta name=\"robots\" content=\"index, follow, max-snippet:-1, max-image-preview:large, max-video-preview:-1\" \/>\n<link rel=\"canonical\" href=\"https:\/\/elregionalvm.com.ar\/noticias-villa-maria\/allanamiento-en-un-taller-mecanico-en-barrio-las-acacias-un-detenido\/\" \/>\n<meta property=\"og:locale\" content=\"es_ES\" \/>\n<meta property=\"og:type\" content=\"article\" \/>\n<meta property=\"og:title\" content=\"Allanamiento en un taller mec\u00e1nico en barrio Las Acacias: un detenido - El Regional\" \/>\n<meta property=\"og:description\" content=\"Siendo aproximadamente las 10:20 horas del d\u00eda de la fecha, personal de Divisi\u00f3n Investigaciones de esta Unidad Departamental se constituy\u00f3 en calle Los Ceibales al 900 de B\u00ba Las Acacias de Villa Mar\u00eda, munido de la correspondiente orden judicial de ALLANAMIENTO, el cual arroj\u00f3 resultado POSITIVO CON APREHENSION, de un hombre de 45 a\u00f1os de [&hellip;]\" \/>\n<meta property=\"og:url\" content=\"https:\/\/elregionalvm.com.ar\/noticias-villa-maria\/allanamiento-en-un-taller-mecanico-en-barrio-las-acacias-un-detenido\/\" \/>\n<meta property=\"og:site_name\" content=\"El Regional\" \/>\n<meta property=\"article:publisher\" content=\"https:\/\/www.facebook.com\/elregionalvm\" \/>\n<meta property=\"article:published_time\" content=\"2025-08-01T17:30:59+00:00\" \/>\n<meta property=\"article:modified_time\" content=\"2025-08-01T17:32:24+00:00\" \/>\n<meta property=\"og:image\" content=\"https:\/\/elregionalvm.com.ar\/noticias-villa-maria\/wp-content\/uploads\/2025\/08\/WhatsApp-Image-2025-08-01-at-2.18.28-PM-1.jpeg\" \/>\n\t<meta property=\"og:image:width\" content=\"960\" \/>\n\t<meta property=\"og:image:height\" content=\"1280\" \/>\n\t<meta property=\"og:image:type\" content=\"image\/jpeg\" \/>\n<meta name=\"author\" content=\"Contenidos El Regional\" \/>\n<meta name=\"twitter:card\" content=\"summary_large_image\" \/>\n<meta name=\"twitter:creator\" content=\"@elregionalvm1\" \/>\n<meta name=\"twitter:site\" content=\"@elregionalvm1\" \/>\n<meta name=\"twitter:label1\" content=\"Escrito por\" \/>\n\t<meta name=\"twitter:data1\" content=\"Contenidos El Regional\" \/>\n\t<meta name=\"twitter:label2\" content=\"Tiempo de lectura\" \/>\n\t<meta name=\"twitter:data2\" content=\"1 minuto\" \/>\n<script type=\"application\/ld+json\" class=\"yoast-schema-graph\">{\"@context\":\"https:\/\/schema.org\",\"@graph\":[{\"@type\":\"Article\",\"@id\":\"https:\/\/elregionalvm.com.ar\/noticias-villa-maria\/allanamiento-en-un-taller-mecanico-en-barrio-las-acacias-un-detenido\/#article\",\"isPartOf\":{\"@id\":\"https:\/\/elregionalvm.com.ar\/noticias-villa-maria\/allanamiento-en-un-taller-mecanico-en-barrio-las-acacias-un-detenido\/\"},\"author\":{\"name\":\"Contenidos El Regional\",\"@id\":\"http:\/\/elregionalvm.com.ar\/noticias-villa-maria\/#\/schema\/person\/a0fb9c422317faca23d50163151bc354\"},\"headline\":\"Allanamiento en un taller mec\u00e1nico en barrio Las Acacias: un detenido\",\"datePublished\":\"2025-08-01T17:30:59+00:00\",\"dateModified\":\"2025-08-01T17:32:24+00:00\",\"mainEntityOfPage\":{\"@id\":\"https:\/\/elregionalvm.com.ar\/noticias-villa-maria\/allanamiento-en-un-taller-mecanico-en-barrio-las-acacias-un-detenido\/\"},\"wordCount\":182,\"commentCount\":0,\"image\":{\"@id\":\"https:\/\/elregionalvm.com.ar\/noticias-villa-maria\/allanamiento-en-un-taller-mecanico-en-barrio-las-acacias-un-detenido\/#primaryimage\"},\"thumbnailUrl\":\"https:\/\/i0.wp.com\/elregionalvm.com.ar\/noticias-villa-maria\/wp-content\/uploads\/2025\/08\/WhatsApp-Image-2025-08-01-at-2.18.28-PM-1.jpeg?fit=960%2C1280&ssl=1\",\"articleSection\":{\"0\":\"destacado\",\"1\":\"Policiales\",\"3\":\"Sociedad\",\"4\":\"Villa Mar\u00eda\"},\"inLanguage\":\"es\",\"potentialAction\":[{\"@type\":\"CommentAction\",\"name\":\"Comment\",\"target\":[\"https:\/\/elregionalvm.com.ar\/noticias-villa-maria\/allanamiento-en-un-taller-mecanico-en-barrio-las-acacias-un-detenido\/#respond\"]}]},{\"@type\":\"WebPage\",\"@id\":\"https:\/\/elregionalvm.com.ar\/noticias-villa-maria\/allanamiento-en-un-taller-mecanico-en-barrio-las-acacias-un-detenido\/\",\"url\":\"https:\/\/elregionalvm.com.ar\/noticias-villa-maria\/allanamiento-en-un-taller-mecanico-en-barrio-las-acacias-un-detenido\/\",\"name\":\"Allanamiento en un taller mec\u00e1nico en barrio Las Acacias: un detenido - El Regional\",\"isPartOf\":{\"@id\":\"http:\/\/elregionalvm.com.ar\/noticias-villa-maria\/#website\"},\"primaryImageOfPage\":{\"@id\":\"https:\/\/elregionalvm.com.ar\/noticias-villa-maria\/allanamiento-en-un-taller-mecanico-en-barrio-las-acacias-un-detenido\/#primaryimage\"},\"image\":{\"@id\":\"https:\/\/elregionalvm.com.ar\/noticias-villa-maria\/allanamiento-en-un-taller-mecanico-en-barrio-las-acacias-un-detenido\/#primaryimage\"},\"thumbnailUrl\":\"https:\/\/i0.wp.com\/elregionalvm.com.ar\/noticias-villa-maria\/wp-content\/uploads\/2025\/08\/WhatsApp-Image-2025-08-01-at-2.18.28-PM-1.jpeg?fit=960%2C1280&ssl=1\",\"datePublished\":\"2025-08-01T17:30:59+00:00\",\"dateModified\":\"2025-08-01T17:32:24+00:00\",\"author\":{\"@id\":\"http:\/\/elregionalvm.com.ar\/noticias-villa-maria\/#\/schema\/person\/a0fb9c422317faca23d50163151bc354\"},\"breadcrumb\":{\"@id\":\"https:\/\/elregionalvm.com.ar\/noticias-villa-maria\/allanamiento-en-un-taller-mecanico-en-barrio-las-acacias-un-detenido\/#breadcrumb\"},\"inLanguage\":\"es\",\"potentialAction\":[{\"@type\":\"ReadAction\",\"target\":[\"https:\/\/elregionalvm.com.ar\/noticias-villa-maria\/allanamiento-en-un-taller-mecanico-en-barrio-las-acacias-un-detenido\/\"]}]},{\"@type\":\"ImageObject\",\"inLanguage\":\"es\",\"@id\":\"https:\/\/elregionalvm.com.ar\/noticias-villa-maria\/allanamiento-en-un-taller-mecanico-en-barrio-las-acacias-un-detenido\/#primaryimage\",\"url\":\"https:\/\/i0.wp.com\/elregionalvm.com.ar\/noticias-villa-maria\/wp-content\/uploads\/2025\/08\/WhatsApp-Image-2025-08-01-at-2.18.28-PM-1.jpeg?fit=960%2C1280&ssl=1\",\"contentUrl\":\"https:\/\/i0.wp.com\/elregionalvm.com.ar\/noticias-villa-maria\/wp-content\/uploads\/2025\/08\/WhatsApp-Image-2025-08-01-at-2.18.28-PM-1.jpeg?fit=960%2C1280&ssl=1\",\"width\":960,\"height\":1280},{\"@type\":\"BreadcrumbList\",\"@id\":\"https:\/\/elregionalvm.com.ar\/noticias-villa-maria\/allanamiento-en-un-taller-mecanico-en-barrio-las-acacias-un-detenido\/#breadcrumb\",\"itemListElement\":[{\"@type\":\"ListItem\",\"position\":1,\"name\":\"Portada\",\"item\":\"https:\/\/elregionalvm.com.ar\/noticias-villa-maria\/\"},{\"@type\":\"ListItem\",\"position\":2,\"name\":\"Allanamiento en un taller mec\u00e1nico en barrio Las Acacias: un detenido\"}]},{\"@type\":\"WebSite\",\"@id\":\"http:\/\/elregionalvm.com.ar\/noticias-villa-maria\/#website\",\"url\":\"http:\/\/elregionalvm.com.ar\/noticias-villa-maria\/\",\"name\":\"El Regional\",\"description\":\"Mucho m\u00e1s que informaci\u00f3n\",\"potentialAction\":[{\"@type\":\"SearchAction\",\"target\":{\"@type\":\"EntryPoint\",\"urlTemplate\":\"http:\/\/elregionalvm.com.ar\/noticias-villa-maria\/?s={search_term_string}\"},\"query-input\":{\"@type\":\"PropertyValueSpecification\",\"valueRequired\":true,\"valueName\":\"search_term_string\"}}],\"inLanguage\":\"es\"},{\"@type\":\"Person\",\"@id\":\"http:\/\/elregionalvm.com.ar\/noticias-villa-maria\/#\/schema\/person\/a0fb9c422317faca23d50163151bc354\",\"name\":\"Contenidos El Regional\",\"image\":{\"@type\":\"ImageObject\",\"inLanguage\":\"es\",\"@id\":\"http:\/\/elregionalvm.com.ar\/noticias-villa-maria\/#\/schema\/person\/image\/\",\"url\":\"https:\/\/secure.gravatar.com\/avatar\/265b27cb2209af7bb3a1318f03305787d7981a5cc6e6cd08fe5a4ecdf99d4b48?s=96&d=mm&r=g\",\"contentUrl\":\"https:\/\/secure.gravatar.com\/avatar\/265b27cb2209af7bb3a1318f03305787d7981a5cc6e6cd08fe5a4ecdf99d4b48?s=96&d=mm&r=g\",\"caption\":\"Contenidos El Regional\"},\"url\":\"https:\/\/elregionalvm.com.ar\/noticias-villa-maria\/author\/contenido\/\"}]}<\/script>\n<!-- \/ Yoast SEO plugin. -->","yoast_head_json":{"title":"Allanamiento en un taller mec\u00e1nico en barrio Las Acacias: un detenido - El Regional","robots":{"index":"index","follow":"follow","max-snippet":"max-snippet:-1","max-image-preview":"max-image-preview:large","max-video-preview":"max-video-preview:-1"},"canonical":"https:\/\/elregionalvm.com.ar\/noticias-villa-maria\/allanamiento-en-un-taller-mecanico-en-barrio-las-acacias-un-detenido\/","og_locale":"es_ES","og_type":"article","og_title":"Allanamiento en un taller mec\u00e1nico en barrio Las Acacias: un detenido - El Regional","og_description":"Siendo aproximadamente las 10:20 horas del d\u00eda de la fecha, personal de Divisi\u00f3n Investigaciones de esta Unidad Departamental se constituy\u00f3 en calle Los Ceibales al 900 de B\u00ba Las Acacias de Villa Mar\u00eda, munido de la correspondiente orden judicial de ALLANAMIENTO, el cual arroj\u00f3 resultado POSITIVO CON APREHENSION, de un hombre de 45 a\u00f1os de [&hellip;]","og_url":"https:\/\/elregionalvm.com.ar\/noticias-villa-maria\/allanamiento-en-un-taller-mecanico-en-barrio-las-acacias-un-detenido\/","og_site_name":"El Regional","article_publisher":"https:\/\/www.facebook.com\/elregionalvm","article_published_time":"2025-08-01T17:30:59+00:00","article_modified_time":"2025-08-01T17:32:24+00:00","og_image":[{"width":960,"height":1280,"url":"https:\/\/elregionalvm.com.ar\/noticias-villa-maria\/wp-content\/uploads\/2025\/08\/WhatsApp-Image-2025-08-01-at-2.18.28-PM-1.jpeg","type":"image\/jpeg"}],"author":"Contenidos El Regional","twitter_card":"summary_large_image","twitter_creator":"@elregionalvm1","twitter_site":"@elregionalvm1","twitter_misc":{"Escrito por":"Contenidos El Regional","Tiempo de lectura":"1 minuto"},"schema":{"@context":"https:\/\/schema.org","@graph":[{"@type":"Article","@id":"https:\/\/elregionalvm.com.ar\/noticias-villa-maria\/allanamiento-en-un-taller-mecanico-en-barrio-las-acacias-un-detenido\/#article","isPartOf":{"@id":"https:\/\/elregionalvm.com.ar\/noticias-villa-maria\/allanamiento-en-un-taller-mecanico-en-barrio-las-acacias-un-detenido\/"},"author":{"name":"Contenidos El Regional","@id":"http:\/\/elregionalvm.com.ar\/noticias-villa-maria\/#\/schema\/person\/a0fb9c422317faca23d50163151bc354"},"headline":"Allanamiento en un taller mec\u00e1nico en barrio Las Acacias: un detenido","datePublished":"2025-08-01T17:30:59+00:00","dateModified":"2025-08-01T17:32:24+00:00","mainEntityOfPage":{"@id":"https:\/\/elregionalvm.com.ar\/noticias-villa-maria\/allanamiento-en-un-taller-mecanico-en-barrio-las-acacias-un-detenido\/"},"wordCount":182,"commentCount":0,"image":{"@id":"https:\/\/elregionalvm.com.ar\/noticias-villa-maria\/allanamiento-en-un-taller-mecanico-en-barrio-las-acacias-un-detenido\/#primaryimage"},"thumbnailUrl":"https:\/\/i0.wp.com\/elregionalvm.com.ar\/noticias-villa-maria\/wp-content\/uploads\/2025\/08\/WhatsApp-Image-2025-08-01-at-2.18.28-PM-1.jpeg?fit=960%2C1280&ssl=1","articleSection":{"0":"destacado","1":"Policiales","3":"Sociedad","4":"Villa Mar\u00eda"},"inLanguage":"es","potentialAction":[{"@type":"CommentAction","name":"Comment","target":["https:\/\/elregionalvm.com.ar\/noticias-villa-maria\/allanamiento-en-un-taller-mecanico-en-barrio-las-acacias-un-detenido\/#respond"]}]},{"@type":"WebPage","@id":"https:\/\/elregionalvm.com.ar\/noticias-villa-maria\/allanamiento-en-un-taller-mecanico-en-barrio-las-acacias-un-detenido\/","url":"https:\/\/elregionalvm.com.ar\/noticias-villa-maria\/allanamiento-en-un-taller-mecanico-en-barrio-las-acacias-un-detenido\/","name":"Allanamiento en un taller mec\u00e1nico en barrio Las Acacias: un detenido - El Regional","isPartOf":{"@id":"http:\/\/elregionalvm.com.ar\/noticias-villa-maria\/#website"},"primaryImageOfPage":{"@id":"https:\/\/elregionalvm.com.ar\/noticias-villa-maria\/allanamiento-en-un-taller-mecanico-en-barrio-las-acacias-un-detenido\/#primaryimage"},"image":{"@id":"https:\/\/elregionalvm.com.ar\/noticias-villa-maria\/allanamiento-en-un-taller-mecanico-en-barrio-las-acacias-un-detenido\/#primaryimage"},"thumbnailUrl":"https:\/\/i0.wp.com\/elregionalvm.com.ar\/noticias-villa-maria\/wp-content\/uploads\/2025\/08\/WhatsApp-Image-2025-08-01-at-2.18.28-PM-1.jpeg?fit=960%2C1280&ssl=1","datePublished":"2025-08-01T17:30:59+00:00","dateModified":"2025-08-01T17:32:24+00:00","author":{"@id":"http:\/\/elregionalvm.com.ar\/noticias-villa-maria\/#\/schema\/person\/a0fb9c422317faca23d50163151bc354"},"breadcrumb":{"@id":"https:\/\/elregionalvm.com.ar\/noticias-villa-maria\/allanamiento-en-un-taller-mecanico-en-barrio-las-acacias-un-detenido\/#breadcrumb"},"inLanguage":"es","potentialAction":[{"@type":"ReadAction","target":["https:\/\/elregionalvm.com.ar\/noticias-villa-maria\/allanamiento-en-un-taller-mecanico-en-barrio-las-acacias-un-detenido\/"]}]},{"@type":"ImageObject","inLanguage":"es","@id":"https:\/\/elregionalvm.com.ar\/noticias-villa-maria\/allanamiento-en-un-taller-mecanico-en-barrio-las-acacias-un-detenido\/#primaryimage","url":"https:\/\/i0.wp.com\/elregionalvm.com.ar\/noticias-villa-maria\/wp-content\/uploads\/2025\/08\/WhatsApp-Image-2025-08-01-at-2.18.28-PM-1.jpeg?fit=960%2C1280&ssl=1","contentUrl":"https:\/\/i0.wp.com\/elregionalvm.com.ar\/noticias-villa-maria\/wp-content\/uploads\/2025\/08\/WhatsApp-Image-2025-08-01-at-2.18.28-PM-1.jpeg?fit=960%2C1280&ssl=1","width":960,"height":1280},{"@type":"BreadcrumbList","@id":"https:\/\/elregionalvm.com.ar\/noticias-villa-maria\/allanamiento-en-un-taller-mecanico-en-barrio-las-acacias-un-detenido\/#breadcrumb","itemListElement":[{"@type":"ListItem","position":1,"name":"Portada","item":"https:\/\/elregionalvm.com.ar\/noticias-villa-maria\/"},{"@type":"ListItem","position":2,"name":"Allanamiento en un taller mec\u00e1nico en barrio Las Acacias: un detenido"}]},{"@type":"WebSite","@id":"http:\/\/elregionalvm.com.ar\/noticias-villa-maria\/#website","url":"http:\/\/elregionalvm.com.ar\/noticias-villa-maria\/","name":"El Regional","description":"Mucho m\u00e1s que informaci\u00f3n","potentialAction":[{"@type":"SearchAction","target":{"@type":"EntryPoint","urlTemplate":"http:\/\/elregionalvm.com.ar\/noticias-villa-maria\/?s={search_term_string}"},"query-input":{"@type":"PropertyValueSpecification","valueRequired":true,"valueName":"search_term_string"}}],"inLanguage":"es"},{"@type":"Person","@id":"http:\/\/elregionalvm.com.ar\/noticias-villa-maria\/#\/schema\/person\/a0fb9c422317faca23d50163151bc354","name":"Contenidos El Regional","image":{"@type":"ImageObject","inLanguage":"es","@id":"http:\/\/elregionalvm.com.ar\/noticias-villa-maria\/#\/schema\/person\/image\/","url":"https:\/\/secure.gravatar.com\/avatar\/265b27cb2209af7bb3a1318f03305787d7981a5cc6e6cd08fe5a4ecdf99d4b48?s=96&d=mm&r=g","contentUrl":"https:\/\/secure.gravatar.com\/avatar\/265b27cb2209af7bb3a1318f03305787d7981a5cc6e6cd08fe5a4ecdf99d4b48?s=96&d=mm&r=g","caption":"Contenidos El Regional"},"url":"https:\/\/elregionalvm.com.ar\/noticias-villa-maria\/author\/contenido\/"}]}},"jetpack_featured_media_url":"https:\/\/i0.wp.com\/elregionalvm.com.ar\/noticias-villa-maria\/wp-content\/uploads\/2025\/08\/WhatsApp-Image-2025-08-01-at-2.18.28-PM-1.jpeg?fit=960%2C1280&ssl=1","jetpack_sharing_enabled":true,"_links":{"self":[{"href":"https:\/\/elregionalvm.com.ar\/noticias-villa-maria\/wp-json\/wp\/v2\/posts\/108604","targetHints":{"allow":["GET"]}}],"collection":[{"href":"https:\/\/elregionalvm.com.ar\/noticias-villa-maria\/wp-json\/wp\/v2\/posts"}],"about":[{"href":"https:\/\/elregionalvm.com.ar\/noticias-villa-maria\/wp-json\/wp\/v2\/types\/post"}],"author":[{"embeddable":true,"href":"https:\/\/elregionalvm.com.ar\/noticias-villa-maria\/wp-json\/wp\/v2\/users\/4"}],"replies":[{"embeddable":true,"href":"https:\/\/elregionalvm.com.ar\/noticias-villa-maria\/wp-json\/wp\/v2\/comments?post=108604"}],"version-history":[{"count":1,"href":"https:\/\/elregionalvm.com.ar\/noticias-villa-maria\/wp-json\/wp\/v2\/posts\/108604\/revisions"}],"predecessor-version":[{"id":108606,"href":"https:\/\/elregionalvm.com.ar\/noticias-villa-maria\/wp-json\/wp\/v2\/posts\/108604\/revisions\/108606"}],"wp:featuredmedia":[{"embeddable":true,"href":"https:\/\/elregionalvm.com.ar\/noticias-villa-maria\/wp-json\/wp\/v2\/media\/108605"}],"wp:attachment":[{"href":"https:\/\/elregionalvm.com.ar\/noticias-villa-maria\/wp-json\/wp\/v2\/media?parent=108604"}],"wp:term":[{"taxonomy":"category","embeddable":true,"href":"https:\/\/elregionalvm.com.ar\/noticias-villa-maria\/wp-json\/wp\/v2\/categories?post=108604"},{"taxonomy":"post_tag","embeddable":true,"href":"https:\/\/elregionalvm.com.ar\/noticias-villa-maria\/wp-json\/wp\/v2\/tags?post=108604"}],"curies":[{"name":"wp","href":"https:\/\/api.w.org\/{rel}","templated":true}]}}