{"id":108608,"date":"2025-08-01T17:34:21","date_gmt":"2025-08-01T17:34:21","guid":{"rendered":"https:\/\/elregionalvm.com.ar\/noticias-villa-maria\/?p=108608"},"modified":"2025-08-01T17:34:23","modified_gmt":"2025-08-01T17:34:23","slug":"se-logro-concretar-una-nueva-reunion-de-la-coordinacion-local-de-educacion","status":"publish","type":"post","link":"https:\/\/elregionalvm.com.ar\/noticias-villa-maria\/se-logro-concretar-una-nueva-reunion-de-la-coordinacion-local-de-educacion\/","title":{"rendered":"Se logr\u00f3 concretar una nueva reuni\u00f3n de la Coordinaci\u00f3n Local de Educaci\u00f3n"},"content":{"rendered":"\n<p>Se llev\u00f3 a cabo una nueva reuni\u00f3n de la Coordinaci\u00f3n Local de Educaci\u00f3n (CLE) en las instalaciones del Instituto Superior de Formaci\u00f3n Profesional del barrio Botta.<\/p>\n\n\n\n<p>La jornada cont\u00f3 con la participaci\u00f3n de m\u00e1s de 30 representantes de instituciones educativas, organizaciones y equipos t\u00e9cnicos municipales.<\/p>\n\n\n\n<p>Durante el encuentro se compartieron los avances logrados en los \u00faltimos meses y se coordinaron nuevas acciones en articulaci\u00f3n con programas impulsados por el municipio. Adem\u00e1s, se trabaj\u00f3 en comisiones tem\u00e1ticas para seguir fortaleciendo proyectos colectivos.<\/p>\n\n\n\n<p>Entre las principales iniciativas abordadas, se destacan un proyecto de alfabetizaci\u00f3n en matem\u00e1tica para nivel secundario, propuestas para acercar a los j\u00f3venes al mundo laboral, y la organizaci\u00f3n de jornadas comunitarias de ciencia y lectura.<\/p>\n\n\n\n<p>Por parte del municipio participaron representantes de la Secretar\u00eda de Educaci\u00f3n, entre ellos la secretaria Adela Guirardelli, acompa\u00f1ada por la supervisora de Infancias, Cuidado y Participaci\u00f3n, Mariela Paj\u00f3n, y el Director General de Educaci\u00f3n, Stefano Tiezzi, junto a equipos t\u00e9cnicos del \u00e1rea.<\/p>\n\n\n\n<p>Desde la CLE Villa Mar\u00eda se contin\u00faa trabajando de forma conjunta para potenciar el trabajo territorial, fortalecer los v\u00ednculos entre instituciones y dise\u00f1ar estrategias comunes que mejoren la experiencia educativa de las y los estudiantes de nuestra ciudad.<\/p>\n","protected":false},"excerpt":{"rendered":"<p>Se llev\u00f3 a cabo una nueva reuni\u00f3n de la Coordinaci\u00f3n Local de Educaci\u00f3n (CLE) en las instalaciones del Instituto Superior de Formaci\u00f3n Profesional del barrio Botta. La jornada cont\u00f3 con la participaci\u00f3n de m\u00e1s de 30 representantes de instituciones educativas, organizaciones y equipos t\u00e9cnicos municipales. Durante el encuentro se compartieron los avances logrados en los [&hellip;]<\/p>\n","protected":false},"author":4,"featured_media":108609,"comment_status":"open","ping_status":"open","sticky":false,"template":"","format":"standard","meta":{"site-sidebar-layout":"default","site-content-layout":"","ast-site-content-layout":"default","site-content-style":"default","site-sidebar-style":"default","ast-global-header-display":"","ast-banner-title-visibility":"","ast-main-header-display":"","ast-hfb-above-header-display":"","ast-hfb-below-header-display":"","ast-hfb-mobile-header-display":"","site-post-title":"","ast-breadcrumbs-content":"","ast-featured-img":"","footer-sml-layout":"","ast-disable-related-posts":"","theme-transparent-header-meta":"","adv-header-id-meta":"","stick-header-meta":"","header-above-stick-meta":"","header-main-stick-meta":"","header-below-stick-meta":"","astra-migrate-meta-layouts":"set","ast-page-background-enabled":"default","ast-page-background-meta":{"desktop":{"background-color":"","background-image":"","background-repeat":"repeat","background-position":"center center","background-size":"auto","background-attachment":"scroll","background-type":"","background-media":"","overlay-type":"","overlay-color":"","overlay-opacity":"","overlay-gradient":""},"tablet":{"background-color":"","background-image":"","background-repeat":"repeat","background-position":"center center","background-size":"auto","background-attachment":"scroll","background-type":"","background-media":"","overlay-type":"","overlay-color":"","overlay-opacity":"","overlay-gradient":""},"mobile":{"background-color":"","background-image":"","background-repeat":"repeat","background-position":"center center","background-size":"auto","background-attachment":"scroll","background-type":"","background-media":"","overlay-type":"","overlay-color":"","overlay-opacity":"","overlay-gradient":""}},"ast-content-background-meta":{"desktop":{"background-color":"var(--ast-global-color-5)","background-image":"","background-repeat":"repeat","background-position":"center center","background-size":"auto","background-attachment":"scroll","background-type":"","background-media":"","overlay-type":"","overlay-color":"","overlay-opacity":"","overlay-gradient":""},"tablet":{"background-color":"var(--ast-global-color-5)","background-image":"","background-repeat":"repeat","background-position":"center center","background-size":"auto","background-attachment":"scroll","background-type":"","background-media":"","overlay-type":"","overlay-color":"","overlay-opacity":"","overlay-gradient":""},"mobile":{"background-color":"var(--ast-global-color-5)","background-image":"","background-repeat":"repeat","background-position":"center center","background-size":"auto","background-attachment":"scroll","background-type":"","background-media":"","overlay-type":"","overlay-color":"","overlay-opacity":"","overlay-gradient":""}},"_jetpack_memberships_contains_paid_content":false,"_joinchat":[],"footnotes":""},"categories":[15302,5,2],"tags":[],"class_list":["post-108608","post","type-post","status-publish","format-standard","has-post-thumbnail","hentry","category-destacado","category-sociedad","category-villa-maria"],"yoast_head":"<!-- This site is optimized with the Yoast SEO plugin v26.8 - https:\/\/yoast.com\/product\/yoast-seo-wordpress\/ -->\n<title>Se logr\u00f3 concretar una nueva reuni\u00f3n de la Coordinaci\u00f3n Local de Educaci\u00f3n - El Regional<\/title>\n<meta name=\"robots\" content=\"index, follow, max-snippet:-1, max-image-preview:large, max-video-preview:-1\" \/>\n<link rel=\"canonical\" href=\"https:\/\/elregionalvm.com.ar\/noticias-villa-maria\/se-logro-concretar-una-nueva-reunion-de-la-coordinacion-local-de-educacion\/\" \/>\n<meta property=\"og:locale\" content=\"es_ES\" \/>\n<meta property=\"og:type\" content=\"article\" \/>\n<meta property=\"og:title\" content=\"Se logr\u00f3 concretar una nueva reuni\u00f3n de la Coordinaci\u00f3n Local de Educaci\u00f3n - El Regional\" \/>\n<meta property=\"og:description\" content=\"Se llev\u00f3 a cabo una nueva reuni\u00f3n de la Coordinaci\u00f3n Local de Educaci\u00f3n (CLE) en las instalaciones del Instituto Superior de Formaci\u00f3n Profesional del barrio Botta. La jornada cont\u00f3 con la participaci\u00f3n de m\u00e1s de 30 representantes de instituciones educativas, organizaciones y equipos t\u00e9cnicos municipales. Durante el encuentro se compartieron los avances logrados en los [&hellip;]\" \/>\n<meta property=\"og:url\" content=\"https:\/\/elregionalvm.com.ar\/noticias-villa-maria\/se-logro-concretar-una-nueva-reunion-de-la-coordinacion-local-de-educacion\/\" \/>\n<meta property=\"og:site_name\" content=\"El Regional\" \/>\n<meta property=\"article:publisher\" content=\"https:\/\/www.facebook.com\/elregionalvm\" \/>\n<meta property=\"article:published_time\" content=\"2025-08-01T17:34:21+00:00\" \/>\n<meta property=\"article:modified_time\" content=\"2025-08-01T17:34:23+00:00\" \/>\n<meta property=\"og:image\" content=\"https:\/\/elregionalvm.com.ar\/noticias-villa-maria\/wp-content\/uploads\/2025\/08\/52979a8d49c94e3ca74b17781c0c1255.jpeg\" \/>\n\t<meta property=\"og:image:width\" content=\"800\" \/>\n\t<meta property=\"og:image:height\" content=\"600\" \/>\n\t<meta property=\"og:image:type\" content=\"image\/jpeg\" \/>\n<meta name=\"author\" content=\"Contenidos El Regional\" \/>\n<meta name=\"twitter:card\" content=\"summary_large_image\" \/>\n<meta name=\"twitter:creator\" content=\"@elregionalvm1\" \/>\n<meta name=\"twitter:site\" content=\"@elregionalvm1\" \/>\n<meta name=\"twitter:label1\" content=\"Escrito por\" \/>\n\t<meta name=\"twitter:data1\" content=\"Contenidos El Regional\" \/>\n\t<meta name=\"twitter:label2\" content=\"Tiempo de lectura\" \/>\n\t<meta name=\"twitter:data2\" content=\"2 minutos\" \/>\n<script type=\"application\/ld+json\" class=\"yoast-schema-graph\">{\"@context\":\"https:\/\/schema.org\",\"@graph\":[{\"@type\":\"Article\",\"@id\":\"https:\/\/elregionalvm.com.ar\/noticias-villa-maria\/se-logro-concretar-una-nueva-reunion-de-la-coordinacion-local-de-educacion\/#article\",\"isPartOf\":{\"@id\":\"https:\/\/elregionalvm.com.ar\/noticias-villa-maria\/se-logro-concretar-una-nueva-reunion-de-la-coordinacion-local-de-educacion\/\"},\"author\":{\"name\":\"Contenidos El Regional\",\"@id\":\"http:\/\/elregionalvm.com.ar\/noticias-villa-maria\/#\/schema\/person\/a0fb9c422317faca23d50163151bc354\"},\"headline\":\"Se logr\u00f3 concretar una nueva reuni\u00f3n de la Coordinaci\u00f3n Local de Educaci\u00f3n\",\"datePublished\":\"2025-08-01T17:34:21+00:00\",\"dateModified\":\"2025-08-01T17:34:23+00:00\",\"mainEntityOfPage\":{\"@id\":\"https:\/\/elregionalvm.com.ar\/noticias-villa-maria\/se-logro-concretar-una-nueva-reunion-de-la-coordinacion-local-de-educacion\/\"},\"wordCount\":235,\"commentCount\":0,\"image\":{\"@id\":\"https:\/\/elregionalvm.com.ar\/noticias-villa-maria\/se-logro-concretar-una-nueva-reunion-de-la-coordinacion-local-de-educacion\/#primaryimage\"},\"thumbnailUrl\":\"https:\/\/i0.wp.com\/elregionalvm.com.ar\/noticias-villa-maria\/wp-content\/uploads\/2025\/08\/52979a8d49c94e3ca74b17781c0c1255.jpeg?fit=800%2C600&ssl=1\",\"articleSection\":[\"destacado\",\"Sociedad\",\"Villa Mar\u00eda\"],\"inLanguage\":\"es\",\"potentialAction\":[{\"@type\":\"CommentAction\",\"name\":\"Comment\",\"target\":[\"https:\/\/elregionalvm.com.ar\/noticias-villa-maria\/se-logro-concretar-una-nueva-reunion-de-la-coordinacion-local-de-educacion\/#respond\"]}]},{\"@type\":\"WebPage\",\"@id\":\"https:\/\/elregionalvm.com.ar\/noticias-villa-maria\/se-logro-concretar-una-nueva-reunion-de-la-coordinacion-local-de-educacion\/\",\"url\":\"https:\/\/elregionalvm.com.ar\/noticias-villa-maria\/se-logro-concretar-una-nueva-reunion-de-la-coordinacion-local-de-educacion\/\",\"name\":\"Se logr\u00f3 concretar una nueva reuni\u00f3n de la Coordinaci\u00f3n Local de Educaci\u00f3n - El Regional\",\"isPartOf\":{\"@id\":\"http:\/\/elregionalvm.com.ar\/noticias-villa-maria\/#website\"},\"primaryImageOfPage\":{\"@id\":\"https:\/\/elregionalvm.com.ar\/noticias-villa-maria\/se-logro-concretar-una-nueva-reunion-de-la-coordinacion-local-de-educacion\/#primaryimage\"},\"image\":{\"@id\":\"https:\/\/elregionalvm.com.ar\/noticias-villa-maria\/se-logro-concretar-una-nueva-reunion-de-la-coordinacion-local-de-educacion\/#primaryimage\"},\"thumbnailUrl\":\"https:\/\/i0.wp.com\/elregionalvm.com.ar\/noticias-villa-maria\/wp-content\/uploads\/2025\/08\/52979a8d49c94e3ca74b17781c0c1255.jpeg?fit=800%2C600&ssl=1\",\"datePublished\":\"2025-08-01T17:34:21+00:00\",\"dateModified\":\"2025-08-01T17:34:23+00:00\",\"author\":{\"@id\":\"http:\/\/elregionalvm.com.ar\/noticias-villa-maria\/#\/schema\/person\/a0fb9c422317faca23d50163151bc354\"},\"breadcrumb\":{\"@id\":\"https:\/\/elregionalvm.com.ar\/noticias-villa-maria\/se-logro-concretar-una-nueva-reunion-de-la-coordinacion-local-de-educacion\/#breadcrumb\"},\"inLanguage\":\"es\",\"potentialAction\":[{\"@type\":\"ReadAction\",\"target\":[\"https:\/\/elregionalvm.com.ar\/noticias-villa-maria\/se-logro-concretar-una-nueva-reunion-de-la-coordinacion-local-de-educacion\/\"]}]},{\"@type\":\"ImageObject\",\"inLanguage\":\"es\",\"@id\":\"https:\/\/elregionalvm.com.ar\/noticias-villa-maria\/se-logro-concretar-una-nueva-reunion-de-la-coordinacion-local-de-educacion\/#primaryimage\",\"url\":\"https:\/\/i0.wp.com\/elregionalvm.com.ar\/noticias-villa-maria\/wp-content\/uploads\/2025\/08\/52979a8d49c94e3ca74b17781c0c1255.jpeg?fit=800%2C600&ssl=1\",\"contentUrl\":\"https:\/\/i0.wp.com\/elregionalvm.com.ar\/noticias-villa-maria\/wp-content\/uploads\/2025\/08\/52979a8d49c94e3ca74b17781c0c1255.jpeg?fit=800%2C600&ssl=1\",\"width\":800,\"height\":600},{\"@type\":\"BreadcrumbList\",\"@id\":\"https:\/\/elregionalvm.com.ar\/noticias-villa-maria\/se-logro-concretar-una-nueva-reunion-de-la-coordinacion-local-de-educacion\/#breadcrumb\",\"itemListElement\":[{\"@type\":\"ListItem\",\"position\":1,\"name\":\"Portada\",\"item\":\"https:\/\/elregionalvm.com.ar\/noticias-villa-maria\/\"},{\"@type\":\"ListItem\",\"position\":2,\"name\":\"Se logr\u00f3 concretar una nueva reuni\u00f3n de la Coordinaci\u00f3n Local de Educaci\u00f3n\"}]},{\"@type\":\"WebSite\",\"@id\":\"http:\/\/elregionalvm.com.ar\/noticias-villa-maria\/#website\",\"url\":\"http:\/\/elregionalvm.com.ar\/noticias-villa-maria\/\",\"name\":\"El Regional\",\"description\":\"Mucho m\u00e1s que informaci\u00f3n\",\"potentialAction\":[{\"@type\":\"SearchAction\",\"target\":{\"@type\":\"EntryPoint\",\"urlTemplate\":\"http:\/\/elregionalvm.com.ar\/noticias-villa-maria\/?s={search_term_string}\"},\"query-input\":{\"@type\":\"PropertyValueSpecification\",\"valueRequired\":true,\"valueName\":\"search_term_string\"}}],\"inLanguage\":\"es\"},{\"@type\":\"Person\",\"@id\":\"http:\/\/elregionalvm.com.ar\/noticias-villa-maria\/#\/schema\/person\/a0fb9c422317faca23d50163151bc354\",\"name\":\"Contenidos El Regional\",\"image\":{\"@type\":\"ImageObject\",\"inLanguage\":\"es\",\"@id\":\"http:\/\/elregionalvm.com.ar\/noticias-villa-maria\/#\/schema\/person\/image\/\",\"url\":\"https:\/\/secure.gravatar.com\/avatar\/265b27cb2209af7bb3a1318f03305787d7981a5cc6e6cd08fe5a4ecdf99d4b48?s=96&d=mm&r=g\",\"contentUrl\":\"https:\/\/secure.gravatar.com\/avatar\/265b27cb2209af7bb3a1318f03305787d7981a5cc6e6cd08fe5a4ecdf99d4b48?s=96&d=mm&r=g\",\"caption\":\"Contenidos El Regional\"},\"url\":\"https:\/\/elregionalvm.com.ar\/noticias-villa-maria\/author\/contenido\/\"}]}<\/script>\n<!-- \/ Yoast SEO plugin. -->","yoast_head_json":{"title":"Se logr\u00f3 concretar una nueva reuni\u00f3n de la Coordinaci\u00f3n Local de Educaci\u00f3n - El Regional","robots":{"index":"index","follow":"follow","max-snippet":"max-snippet:-1","max-image-preview":"max-image-preview:large","max-video-preview":"max-video-preview:-1"},"canonical":"https:\/\/elregionalvm.com.ar\/noticias-villa-maria\/se-logro-concretar-una-nueva-reunion-de-la-coordinacion-local-de-educacion\/","og_locale":"es_ES","og_type":"article","og_title":"Se logr\u00f3 concretar una nueva reuni\u00f3n de la Coordinaci\u00f3n Local de Educaci\u00f3n - El Regional","og_description":"Se llev\u00f3 a cabo una nueva reuni\u00f3n de la Coordinaci\u00f3n Local de Educaci\u00f3n (CLE) en las instalaciones del Instituto Superior de Formaci\u00f3n Profesional del barrio Botta. La jornada cont\u00f3 con la participaci\u00f3n de m\u00e1s de 30 representantes de instituciones educativas, organizaciones y equipos t\u00e9cnicos municipales. Durante el encuentro se compartieron los avances logrados en los [&hellip;]","og_url":"https:\/\/elregionalvm.com.ar\/noticias-villa-maria\/se-logro-concretar-una-nueva-reunion-de-la-coordinacion-local-de-educacion\/","og_site_name":"El Regional","article_publisher":"https:\/\/www.facebook.com\/elregionalvm","article_published_time":"2025-08-01T17:34:21+00:00","article_modified_time":"2025-08-01T17:34:23+00:00","og_image":[{"width":800,"height":600,"url":"https:\/\/elregionalvm.com.ar\/noticias-villa-maria\/wp-content\/uploads\/2025\/08\/52979a8d49c94e3ca74b17781c0c1255.jpeg","type":"image\/jpeg"}],"author":"Contenidos El Regional","twitter_card":"summary_large_image","twitter_creator":"@elregionalvm1","twitter_site":"@elregionalvm1","twitter_misc":{"Escrito por":"Contenidos El Regional","Tiempo de lectura":"2 minutos"},"schema":{"@context":"https:\/\/schema.org","@graph":[{"@type":"Article","@id":"https:\/\/elregionalvm.com.ar\/noticias-villa-maria\/se-logro-concretar-una-nueva-reunion-de-la-coordinacion-local-de-educacion\/#article","isPartOf":{"@id":"https:\/\/elregionalvm.com.ar\/noticias-villa-maria\/se-logro-concretar-una-nueva-reunion-de-la-coordinacion-local-de-educacion\/"},"author":{"name":"Contenidos El Regional","@id":"http:\/\/elregionalvm.com.ar\/noticias-villa-maria\/#\/schema\/person\/a0fb9c422317faca23d50163151bc354"},"headline":"Se logr\u00f3 concretar una nueva reuni\u00f3n de la Coordinaci\u00f3n Local de Educaci\u00f3n","datePublished":"2025-08-01T17:34:21+00:00","dateModified":"2025-08-01T17:34:23+00:00","mainEntityOfPage":{"@id":"https:\/\/elregionalvm.com.ar\/noticias-villa-maria\/se-logro-concretar-una-nueva-reunion-de-la-coordinacion-local-de-educacion\/"},"wordCount":235,"commentCount":0,"image":{"@id":"https:\/\/elregionalvm.com.ar\/noticias-villa-maria\/se-logro-concretar-una-nueva-reunion-de-la-coordinacion-local-de-educacion\/#primaryimage"},"thumbnailUrl":"https:\/\/i0.wp.com\/elregionalvm.com.ar\/noticias-villa-maria\/wp-content\/uploads\/2025\/08\/52979a8d49c94e3ca74b17781c0c1255.jpeg?fit=800%2C600&ssl=1","articleSection":["destacado","Sociedad","Villa Mar\u00eda"],"inLanguage":"es","potentialAction":[{"@type":"CommentAction","name":"Comment","target":["https:\/\/elregionalvm.com.ar\/noticias-villa-maria\/se-logro-concretar-una-nueva-reunion-de-la-coordinacion-local-de-educacion\/#respond"]}]},{"@type":"WebPage","@id":"https:\/\/elregionalvm.com.ar\/noticias-villa-maria\/se-logro-concretar-una-nueva-reunion-de-la-coordinacion-local-de-educacion\/","url":"https:\/\/elregionalvm.com.ar\/noticias-villa-maria\/se-logro-concretar-una-nueva-reunion-de-la-coordinacion-local-de-educacion\/","name":"Se logr\u00f3 concretar una nueva reuni\u00f3n de la Coordinaci\u00f3n Local de Educaci\u00f3n - El Regional","isPartOf":{"@id":"http:\/\/elregionalvm.com.ar\/noticias-villa-maria\/#website"},"primaryImageOfPage":{"@id":"https:\/\/elregionalvm.com.ar\/noticias-villa-maria\/se-logro-concretar-una-nueva-reunion-de-la-coordinacion-local-de-educacion\/#primaryimage"},"image":{"@id":"https:\/\/elregionalvm.com.ar\/noticias-villa-maria\/se-logro-concretar-una-nueva-reunion-de-la-coordinacion-local-de-educacion\/#primaryimage"},"thumbnailUrl":"https:\/\/i0.wp.com\/elregionalvm.com.ar\/noticias-villa-maria\/wp-content\/uploads\/2025\/08\/52979a8d49c94e3ca74b17781c0c1255.jpeg?fit=800%2C600&ssl=1","datePublished":"2025-08-01T17:34:21+00:00","dateModified":"2025-08-01T17:34:23+00:00","author":{"@id":"http:\/\/elregionalvm.com.ar\/noticias-villa-maria\/#\/schema\/person\/a0fb9c422317faca23d50163151bc354"},"breadcrumb":{"@id":"https:\/\/elregionalvm.com.ar\/noticias-villa-maria\/se-logro-concretar-una-nueva-reunion-de-la-coordinacion-local-de-educacion\/#breadcrumb"},"inLanguage":"es","potentialAction":[{"@type":"ReadAction","target":["https:\/\/elregionalvm.com.ar\/noticias-villa-maria\/se-logro-concretar-una-nueva-reunion-de-la-coordinacion-local-de-educacion\/"]}]},{"@type":"ImageObject","inLanguage":"es","@id":"https:\/\/elregionalvm.com.ar\/noticias-villa-maria\/se-logro-concretar-una-nueva-reunion-de-la-coordinacion-local-de-educacion\/#primaryimage","url":"https:\/\/i0.wp.com\/elregionalvm.com.ar\/noticias-villa-maria\/wp-content\/uploads\/2025\/08\/52979a8d49c94e3ca74b17781c0c1255.jpeg?fit=800%2C600&ssl=1","contentUrl":"https:\/\/i0.wp.com\/elregionalvm.com.ar\/noticias-villa-maria\/wp-content\/uploads\/2025\/08\/52979a8d49c94e3ca74b17781c0c1255.jpeg?fit=800%2C600&ssl=1","width":800,"height":600},{"@type":"BreadcrumbList","@id":"https:\/\/elregionalvm.com.ar\/noticias-villa-maria\/se-logro-concretar-una-nueva-reunion-de-la-coordinacion-local-de-educacion\/#breadcrumb","itemListElement":[{"@type":"ListItem","position":1,"name":"Portada","item":"https:\/\/elregionalvm.com.ar\/noticias-villa-maria\/"},{"@type":"ListItem","position":2,"name":"Se logr\u00f3 concretar una nueva reuni\u00f3n de la Coordinaci\u00f3n Local de Educaci\u00f3n"}]},{"@type":"WebSite","@id":"http:\/\/elregionalvm.com.ar\/noticias-villa-maria\/#website","url":"http:\/\/elregionalvm.com.ar\/noticias-villa-maria\/","name":"El Regional","description":"Mucho m\u00e1s que informaci\u00f3n","potentialAction":[{"@type":"SearchAction","target":{"@type":"EntryPoint","urlTemplate":"http:\/\/elregionalvm.com.ar\/noticias-villa-maria\/?s={search_term_string}"},"query-input":{"@type":"PropertyValueSpecification","valueRequired":true,"valueName":"search_term_string"}}],"inLanguage":"es"},{"@type":"Person","@id":"http:\/\/elregionalvm.com.ar\/noticias-villa-maria\/#\/schema\/person\/a0fb9c422317faca23d50163151bc354","name":"Contenidos El Regional","image":{"@type":"ImageObject","inLanguage":"es","@id":"http:\/\/elregionalvm.com.ar\/noticias-villa-maria\/#\/schema\/person\/image\/","url":"https:\/\/secure.gravatar.com\/avatar\/265b27cb2209af7bb3a1318f03305787d7981a5cc6e6cd08fe5a4ecdf99d4b48?s=96&d=mm&r=g","contentUrl":"https:\/\/secure.gravatar.com\/avatar\/265b27cb2209af7bb3a1318f03305787d7981a5cc6e6cd08fe5a4ecdf99d4b48?s=96&d=mm&r=g","caption":"Contenidos El Regional"},"url":"https:\/\/elregionalvm.com.ar\/noticias-villa-maria\/author\/contenido\/"}]}},"jetpack_featured_media_url":"https:\/\/i0.wp.com\/elregionalvm.com.ar\/noticias-villa-maria\/wp-content\/uploads\/2025\/08\/52979a8d49c94e3ca74b17781c0c1255.jpeg?fit=800%2C600&ssl=1","jetpack_sharing_enabled":true,"_links":{"self":[{"href":"https:\/\/elregionalvm.com.ar\/noticias-villa-maria\/wp-json\/wp\/v2\/posts\/108608","targetHints":{"allow":["GET"]}}],"collection":[{"href":"https:\/\/elregionalvm.com.ar\/noticias-villa-maria\/wp-json\/wp\/v2\/posts"}],"about":[{"href":"https:\/\/elregionalvm.com.ar\/noticias-villa-maria\/wp-json\/wp\/v2\/types\/post"}],"author":[{"embeddable":true,"href":"https:\/\/elregionalvm.com.ar\/noticias-villa-maria\/wp-json\/wp\/v2\/users\/4"}],"replies":[{"embeddable":true,"href":"https:\/\/elregionalvm.com.ar\/noticias-villa-maria\/wp-json\/wp\/v2\/comments?post=108608"}],"version-history":[{"count":1,"href":"https:\/\/elregionalvm.com.ar\/noticias-villa-maria\/wp-json\/wp\/v2\/posts\/108608\/revisions"}],"predecessor-version":[{"id":108610,"href":"https:\/\/elregionalvm.com.ar\/noticias-villa-maria\/wp-json\/wp\/v2\/posts\/108608\/revisions\/108610"}],"wp:featuredmedia":[{"embeddable":true,"href":"https:\/\/elregionalvm.com.ar\/noticias-villa-maria\/wp-json\/wp\/v2\/media\/108609"}],"wp:attachment":[{"href":"https:\/\/elregionalvm.com.ar\/noticias-villa-maria\/wp-json\/wp\/v2\/media?parent=108608"}],"wp:term":[{"taxonomy":"category","embeddable":true,"href":"https:\/\/elregionalvm.com.ar\/noticias-villa-maria\/wp-json\/wp\/v2\/categories?post=108608"},{"taxonomy":"post_tag","embeddable":true,"href":"https:\/\/elregionalvm.com.ar\/noticias-villa-maria\/wp-json\/wp\/v2\/tags?post=108608"}],"curies":[{"name":"wp","href":"https:\/\/api.w.org\/{rel}","templated":true}]}}