{"id":108890,"date":"2025-08-08T16:10:51","date_gmt":"2025-08-08T16:10:51","guid":{"rendered":"https:\/\/elregionalvm.com.ar\/noticias-villa-maria\/?p=108890"},"modified":"2025-08-08T16:10:52","modified_gmt":"2025-08-08T16:10:52","slug":"un-joven-termino-detenido-por-robar-cuatro-aves-exoticas-de-una-vivienda-de-un-adulto-de-74-anos","status":"publish","type":"post","link":"https:\/\/elregionalvm.com.ar\/noticias-villa-maria\/un-joven-termino-detenido-por-robar-cuatro-aves-exoticas-de-una-vivienda-de-un-adulto-de-74-anos\/","title":{"rendered":"Un joven termin\u00f3 detenido por robar cuatro aves ex\u00f3ticas de una vivienda de un adulto de 74 a\u00f1os"},"content":{"rendered":"\n<p>En horas de la tarde de la v\u00edspera, personal de la Divisi\u00f3n Investigaciones, en el marco de tareas investigativas llevadas a cabo en relaci\u00f3n a un hecho de robo domiciliario ocurrido horas antes, en el que resultara damnificado un hombre de 76 a\u00f1os de edad, tras cumplimentar tres \u00f3rdenes judiciales de allanamiento en distintos domicilios de Barrio San Mart\u00edn. ,procedi\u00f3 a la aprehensi\u00f3n de un joven de 19 a\u00f1os de edad por supuesto autor del delito de Robo.<\/p>\n\n\n\n<figure class=\"wp-block-image size-large\"><img data-recalc-dims=\"1\" fetchpriority=\"high\" decoding=\"async\" width=\"1024\" height=\"576\" src=\"https:\/\/i0.wp.com\/elregionalvm.com.ar\/noticias-villa-maria\/wp-content\/uploads\/2025\/08\/WhatsApp-Image-2025-08-07-at-2.57.46-PM.jpeg?resize=1024%2C576&#038;ssl=1\" alt=\"\" class=\"wp-image-108892\" srcset=\"https:\/\/i0.wp.com\/elregionalvm.com.ar\/noticias-villa-maria\/wp-content\/uploads\/2025\/08\/WhatsApp-Image-2025-08-07-at-2.57.46-PM.jpeg?resize=1024%2C576&amp;ssl=1 1024w, https:\/\/i0.wp.com\/elregionalvm.com.ar\/noticias-villa-maria\/wp-content\/uploads\/2025\/08\/WhatsApp-Image-2025-08-07-at-2.57.46-PM.jpeg?resize=300%2C169&amp;ssl=1 300w, https:\/\/i0.wp.com\/elregionalvm.com.ar\/noticias-villa-maria\/wp-content\/uploads\/2025\/08\/WhatsApp-Image-2025-08-07-at-2.57.46-PM.jpeg?resize=768%2C432&amp;ssl=1 768w, https:\/\/i0.wp.com\/elregionalvm.com.ar\/noticias-villa-maria\/wp-content\/uploads\/2025\/08\/WhatsApp-Image-2025-08-07-at-2.57.46-PM.jpeg?w=1280&amp;ssl=1 1280w\" sizes=\"(max-width: 1000px) 100vw, 1000px\" \/><\/figure>\n\n\n\n<p>El hecho investigado se produjo tras la ruptura de un ventiluz, mediante la cual autores ignorados accedieron al interior del domicilio sustrayendo diversos elementos de valor. A partir del minucioso relevamiento de c\u00e1maras de seguridad p\u00fablicas y privadas, se logr\u00f3 establecer la identidad del presunto autor del il\u00edcito. <\/p>\n\n\n\n<p>Como resultado de los allanamientos, se procedi\u00f3 al secuestro de prendas de vestir utilizadas durante el hecho y de cuatro 4 aves ex\u00f3ticas de la especie \u201cDiamante de Gould\u201d, las cuales hab\u00edan sido sustra\u00eddas del interior de la vivienda damnificada.<\/p>\n\n\n\n<p>Se labran actuaciones a disposici\u00f3n de la Fiscal\u00eda de Instrucci\u00f3n de Tercer Turno a cargo de Dr. Rene Bosio, Sec. Dr. Pedro Diana<\/p>\n","protected":false},"excerpt":{"rendered":"<p>En horas de la tarde de la v\u00edspera, personal de la Divisi\u00f3n Investigaciones, en el marco de tareas investigativas llevadas a cabo en relaci\u00f3n a un hecho de robo domiciliario ocurrido horas antes, en el que resultara damnificado un hombre de 76 a\u00f1os de edad, tras cumplimentar tres \u00f3rdenes judiciales de allanamiento en distintos domicilios [&hellip;]<\/p>\n","protected":false},"author":4,"featured_media":108891,"comment_status":"open","ping_status":"open","sticky":false,"template":"","format":"standard","meta":{"site-sidebar-layout":"default","site-content-layout":"","ast-site-content-layout":"default","site-content-style":"default","site-sidebar-style":"default","ast-global-header-display":"","ast-banner-title-visibility":"","ast-main-header-display":"","ast-hfb-above-header-display":"","ast-hfb-below-header-display":"","ast-hfb-mobile-header-display":"","site-post-title":"","ast-breadcrumbs-content":"","ast-featured-img":"","footer-sml-layout":"","ast-disable-related-posts":"","theme-transparent-header-meta":"","adv-header-id-meta":"","stick-header-meta":"","header-above-stick-meta":"","header-main-stick-meta":"","header-below-stick-meta":"","astra-migrate-meta-layouts":"set","ast-page-background-enabled":"default","ast-page-background-meta":{"desktop":{"background-color":"","background-image":"","background-repeat":"repeat","background-position":"center center","background-size":"auto","background-attachment":"scroll","background-type":"","background-media":"","overlay-type":"","overlay-color":"","overlay-opacity":"","overlay-gradient":""},"tablet":{"background-color":"","background-image":"","background-repeat":"repeat","background-position":"center center","background-size":"auto","background-attachment":"scroll","background-type":"","background-media":"","overlay-type":"","overlay-color":"","overlay-opacity":"","overlay-gradient":""},"mobile":{"background-color":"","background-image":"","background-repeat":"repeat","background-position":"center center","background-size":"auto","background-attachment":"scroll","background-type":"","background-media":"","overlay-type":"","overlay-color":"","overlay-opacity":"","overlay-gradient":""}},"ast-content-background-meta":{"desktop":{"background-color":"var(--ast-global-color-5)","background-image":"","background-repeat":"repeat","background-position":"center center","background-size":"auto","background-attachment":"scroll","background-type":"","background-media":"","overlay-type":"","overlay-color":"","overlay-opacity":"","overlay-gradient":""},"tablet":{"background-color":"var(--ast-global-color-5)","background-image":"","background-repeat":"repeat","background-position":"center center","background-size":"auto","background-attachment":"scroll","background-type":"","background-media":"","overlay-type":"","overlay-color":"","overlay-opacity":"","overlay-gradient":""},"mobile":{"background-color":"var(--ast-global-color-5)","background-image":"","background-repeat":"repeat","background-position":"center center","background-size":"auto","background-attachment":"scroll","background-type":"","background-media":"","overlay-type":"","overlay-color":"","overlay-opacity":"","overlay-gradient":""}},"_jetpack_memberships_contains_paid_content":false,"_joinchat":[],"footnotes":""},"categories":[15302,2234,5,2],"tags":[],"class_list":["post-108890","post","type-post","status-publish","format-standard","has-post-thumbnail","hentry","category-destacado","category-policiales","category-sociedad","category-villa-maria"],"yoast_head":"<!-- This site is optimized with the Yoast SEO plugin v26.8 - https:\/\/yoast.com\/product\/yoast-seo-wordpress\/ -->\n<title>Un joven termin\u00f3 detenido por robar cuatro aves ex\u00f3ticas de una vivienda de un adulto de 74 a\u00f1os - El Regional<\/title>\n<meta name=\"robots\" content=\"index, follow, max-snippet:-1, max-image-preview:large, max-video-preview:-1\" \/>\n<link rel=\"canonical\" href=\"https:\/\/elregionalvm.com.ar\/noticias-villa-maria\/un-joven-termino-detenido-por-robar-cuatro-aves-exoticas-de-una-vivienda-de-un-adulto-de-74-anos\/\" \/>\n<meta property=\"og:locale\" content=\"es_ES\" \/>\n<meta property=\"og:type\" content=\"article\" \/>\n<meta property=\"og:title\" content=\"Un joven termin\u00f3 detenido por robar cuatro aves ex\u00f3ticas de una vivienda de un adulto de 74 a\u00f1os - El Regional\" \/>\n<meta property=\"og:description\" content=\"En horas de la tarde de la v\u00edspera, personal de la Divisi\u00f3n Investigaciones, en el marco de tareas investigativas llevadas a cabo en relaci\u00f3n a un hecho de robo domiciliario ocurrido horas antes, en el que resultara damnificado un hombre de 76 a\u00f1os de edad, tras cumplimentar tres \u00f3rdenes judiciales de allanamiento en distintos domicilios [&hellip;]\" \/>\n<meta property=\"og:url\" content=\"https:\/\/elregionalvm.com.ar\/noticias-villa-maria\/un-joven-termino-detenido-por-robar-cuatro-aves-exoticas-de-una-vivienda-de-un-adulto-de-74-anos\/\" \/>\n<meta property=\"og:site_name\" content=\"El Regional\" \/>\n<meta property=\"article:publisher\" content=\"https:\/\/www.facebook.com\/elregionalvm\" \/>\n<meta property=\"article:published_time\" content=\"2025-08-08T16:10:51+00:00\" \/>\n<meta property=\"article:modified_time\" content=\"2025-08-08T16:10:52+00:00\" \/>\n<meta property=\"og:image\" content=\"https:\/\/elregionalvm.com.ar\/noticias-villa-maria\/wp-content\/uploads\/2025\/08\/WhatsApp-Image-2025-08-07-at-2.57.46-PM-1.jpeg\" \/>\n\t<meta property=\"og:image:width\" content=\"1200\" \/>\n\t<meta property=\"og:image:height\" content=\"1600\" \/>\n\t<meta property=\"og:image:type\" content=\"image\/jpeg\" \/>\n<meta name=\"author\" content=\"Contenidos El Regional\" \/>\n<meta name=\"twitter:card\" content=\"summary_large_image\" \/>\n<meta name=\"twitter:creator\" content=\"@elregionalvm1\" \/>\n<meta name=\"twitter:site\" content=\"@elregionalvm1\" \/>\n<meta name=\"twitter:label1\" content=\"Escrito por\" \/>\n\t<meta name=\"twitter:data1\" content=\"Contenidos El Regional\" \/>\n\t<meta name=\"twitter:label2\" content=\"Tiempo de lectura\" \/>\n\t<meta name=\"twitter:data2\" content=\"2 minutos\" \/>\n<script type=\"application\/ld+json\" class=\"yoast-schema-graph\">{\"@context\":\"https:\/\/schema.org\",\"@graph\":[{\"@type\":\"Article\",\"@id\":\"https:\/\/elregionalvm.com.ar\/noticias-villa-maria\/un-joven-termino-detenido-por-robar-cuatro-aves-exoticas-de-una-vivienda-de-un-adulto-de-74-anos\/#article\",\"isPartOf\":{\"@id\":\"https:\/\/elregionalvm.com.ar\/noticias-villa-maria\/un-joven-termino-detenido-por-robar-cuatro-aves-exoticas-de-una-vivienda-de-un-adulto-de-74-anos\/\"},\"author\":{\"name\":\"Contenidos El Regional\",\"@id\":\"http:\/\/elregionalvm.com.ar\/noticias-villa-maria\/#\/schema\/person\/a0fb9c422317faca23d50163151bc354\"},\"headline\":\"Un joven termin\u00f3 detenido por robar cuatro aves ex\u00f3ticas de una vivienda de un adulto de 74 a\u00f1os\",\"datePublished\":\"2025-08-08T16:10:51+00:00\",\"dateModified\":\"2025-08-08T16:10:52+00:00\",\"mainEntityOfPage\":{\"@id\":\"https:\/\/elregionalvm.com.ar\/noticias-villa-maria\/un-joven-termino-detenido-por-robar-cuatro-aves-exoticas-de-una-vivienda-de-un-adulto-de-74-anos\/\"},\"wordCount\":221,\"commentCount\":0,\"image\":{\"@id\":\"https:\/\/elregionalvm.com.ar\/noticias-villa-maria\/un-joven-termino-detenido-por-robar-cuatro-aves-exoticas-de-una-vivienda-de-un-adulto-de-74-anos\/#primaryimage\"},\"thumbnailUrl\":\"https:\/\/i0.wp.com\/elregionalvm.com.ar\/noticias-villa-maria\/wp-content\/uploads\/2025\/08\/WhatsApp-Image-2025-08-07-at-2.57.46-PM-1.jpeg?fit=1200%2C1600&ssl=1\",\"articleSection\":[\"destacado\",\"Policiales\",\"Sociedad\",\"Villa Mar\u00eda\"],\"inLanguage\":\"es\",\"potentialAction\":[{\"@type\":\"CommentAction\",\"name\":\"Comment\",\"target\":[\"https:\/\/elregionalvm.com.ar\/noticias-villa-maria\/un-joven-termino-detenido-por-robar-cuatro-aves-exoticas-de-una-vivienda-de-un-adulto-de-74-anos\/#respond\"]}]},{\"@type\":\"WebPage\",\"@id\":\"https:\/\/elregionalvm.com.ar\/noticias-villa-maria\/un-joven-termino-detenido-por-robar-cuatro-aves-exoticas-de-una-vivienda-de-un-adulto-de-74-anos\/\",\"url\":\"https:\/\/elregionalvm.com.ar\/noticias-villa-maria\/un-joven-termino-detenido-por-robar-cuatro-aves-exoticas-de-una-vivienda-de-un-adulto-de-74-anos\/\",\"name\":\"Un joven termin\u00f3 detenido por robar cuatro aves ex\u00f3ticas de una vivienda de un adulto de 74 a\u00f1os - El Regional\",\"isPartOf\":{\"@id\":\"http:\/\/elregionalvm.com.ar\/noticias-villa-maria\/#website\"},\"primaryImageOfPage\":{\"@id\":\"https:\/\/elregionalvm.com.ar\/noticias-villa-maria\/un-joven-termino-detenido-por-robar-cuatro-aves-exoticas-de-una-vivienda-de-un-adulto-de-74-anos\/#primaryimage\"},\"image\":{\"@id\":\"https:\/\/elregionalvm.com.ar\/noticias-villa-maria\/un-joven-termino-detenido-por-robar-cuatro-aves-exoticas-de-una-vivienda-de-un-adulto-de-74-anos\/#primaryimage\"},\"thumbnailUrl\":\"https:\/\/i0.wp.com\/elregionalvm.com.ar\/noticias-villa-maria\/wp-content\/uploads\/2025\/08\/WhatsApp-Image-2025-08-07-at-2.57.46-PM-1.jpeg?fit=1200%2C1600&ssl=1\",\"datePublished\":\"2025-08-08T16:10:51+00:00\",\"dateModified\":\"2025-08-08T16:10:52+00:00\",\"author\":{\"@id\":\"http:\/\/elregionalvm.com.ar\/noticias-villa-maria\/#\/schema\/person\/a0fb9c422317faca23d50163151bc354\"},\"breadcrumb\":{\"@id\":\"https:\/\/elregionalvm.com.ar\/noticias-villa-maria\/un-joven-termino-detenido-por-robar-cuatro-aves-exoticas-de-una-vivienda-de-un-adulto-de-74-anos\/#breadcrumb\"},\"inLanguage\":\"es\",\"potentialAction\":[{\"@type\":\"ReadAction\",\"target\":[\"https:\/\/elregionalvm.com.ar\/noticias-villa-maria\/un-joven-termino-detenido-por-robar-cuatro-aves-exoticas-de-una-vivienda-de-un-adulto-de-74-anos\/\"]}]},{\"@type\":\"ImageObject\",\"inLanguage\":\"es\",\"@id\":\"https:\/\/elregionalvm.com.ar\/noticias-villa-maria\/un-joven-termino-detenido-por-robar-cuatro-aves-exoticas-de-una-vivienda-de-un-adulto-de-74-anos\/#primaryimage\",\"url\":\"https:\/\/i0.wp.com\/elregionalvm.com.ar\/noticias-villa-maria\/wp-content\/uploads\/2025\/08\/WhatsApp-Image-2025-08-07-at-2.57.46-PM-1.jpeg?fit=1200%2C1600&ssl=1\",\"contentUrl\":\"https:\/\/i0.wp.com\/elregionalvm.com.ar\/noticias-villa-maria\/wp-content\/uploads\/2025\/08\/WhatsApp-Image-2025-08-07-at-2.57.46-PM-1.jpeg?fit=1200%2C1600&ssl=1\",\"width\":1200,\"height\":1600},{\"@type\":\"BreadcrumbList\",\"@id\":\"https:\/\/elregionalvm.com.ar\/noticias-villa-maria\/un-joven-termino-detenido-por-robar-cuatro-aves-exoticas-de-una-vivienda-de-un-adulto-de-74-anos\/#breadcrumb\",\"itemListElement\":[{\"@type\":\"ListItem\",\"position\":1,\"name\":\"Portada\",\"item\":\"https:\/\/elregionalvm.com.ar\/noticias-villa-maria\/\"},{\"@type\":\"ListItem\",\"position\":2,\"name\":\"Un joven termin\u00f3 detenido por robar cuatro aves ex\u00f3ticas de una vivienda de un adulto de 74 a\u00f1os\"}]},{\"@type\":\"WebSite\",\"@id\":\"http:\/\/elregionalvm.com.ar\/noticias-villa-maria\/#website\",\"url\":\"http:\/\/elregionalvm.com.ar\/noticias-villa-maria\/\",\"name\":\"El Regional\",\"description\":\"Mucho m\u00e1s que informaci\u00f3n\",\"potentialAction\":[{\"@type\":\"SearchAction\",\"target\":{\"@type\":\"EntryPoint\",\"urlTemplate\":\"http:\/\/elregionalvm.com.ar\/noticias-villa-maria\/?s={search_term_string}\"},\"query-input\":{\"@type\":\"PropertyValueSpecification\",\"valueRequired\":true,\"valueName\":\"search_term_string\"}}],\"inLanguage\":\"es\"},{\"@type\":\"Person\",\"@id\":\"http:\/\/elregionalvm.com.ar\/noticias-villa-maria\/#\/schema\/person\/a0fb9c422317faca23d50163151bc354\",\"name\":\"Contenidos El Regional\",\"image\":{\"@type\":\"ImageObject\",\"inLanguage\":\"es\",\"@id\":\"http:\/\/elregionalvm.com.ar\/noticias-villa-maria\/#\/schema\/person\/image\/\",\"url\":\"https:\/\/secure.gravatar.com\/avatar\/265b27cb2209af7bb3a1318f03305787d7981a5cc6e6cd08fe5a4ecdf99d4b48?s=96&d=mm&r=g\",\"contentUrl\":\"https:\/\/secure.gravatar.com\/avatar\/265b27cb2209af7bb3a1318f03305787d7981a5cc6e6cd08fe5a4ecdf99d4b48?s=96&d=mm&r=g\",\"caption\":\"Contenidos El Regional\"},\"url\":\"https:\/\/elregionalvm.com.ar\/noticias-villa-maria\/author\/contenido\/\"}]}<\/script>\n<!-- \/ Yoast SEO plugin. -->","yoast_head_json":{"title":"Un joven termin\u00f3 detenido por robar cuatro aves ex\u00f3ticas de una vivienda de un adulto de 74 a\u00f1os - El Regional","robots":{"index":"index","follow":"follow","max-snippet":"max-snippet:-1","max-image-preview":"max-image-preview:large","max-video-preview":"max-video-preview:-1"},"canonical":"https:\/\/elregionalvm.com.ar\/noticias-villa-maria\/un-joven-termino-detenido-por-robar-cuatro-aves-exoticas-de-una-vivienda-de-un-adulto-de-74-anos\/","og_locale":"es_ES","og_type":"article","og_title":"Un joven termin\u00f3 detenido por robar cuatro aves ex\u00f3ticas de una vivienda de un adulto de 74 a\u00f1os - El Regional","og_description":"En horas de la tarde de la v\u00edspera, personal de la Divisi\u00f3n Investigaciones, en el marco de tareas investigativas llevadas a cabo en relaci\u00f3n a un hecho de robo domiciliario ocurrido horas antes, en el que resultara damnificado un hombre de 76 a\u00f1os de edad, tras cumplimentar tres \u00f3rdenes judiciales de allanamiento en distintos domicilios [&hellip;]","og_url":"https:\/\/elregionalvm.com.ar\/noticias-villa-maria\/un-joven-termino-detenido-por-robar-cuatro-aves-exoticas-de-una-vivienda-de-un-adulto-de-74-anos\/","og_site_name":"El Regional","article_publisher":"https:\/\/www.facebook.com\/elregionalvm","article_published_time":"2025-08-08T16:10:51+00:00","article_modified_time":"2025-08-08T16:10:52+00:00","og_image":[{"width":1200,"height":1600,"url":"https:\/\/elregionalvm.com.ar\/noticias-villa-maria\/wp-content\/uploads\/2025\/08\/WhatsApp-Image-2025-08-07-at-2.57.46-PM-1.jpeg","type":"image\/jpeg"}],"author":"Contenidos El Regional","twitter_card":"summary_large_image","twitter_creator":"@elregionalvm1","twitter_site":"@elregionalvm1","twitter_misc":{"Escrito por":"Contenidos El Regional","Tiempo de lectura":"2 minutos"},"schema":{"@context":"https:\/\/schema.org","@graph":[{"@type":"Article","@id":"https:\/\/elregionalvm.com.ar\/noticias-villa-maria\/un-joven-termino-detenido-por-robar-cuatro-aves-exoticas-de-una-vivienda-de-un-adulto-de-74-anos\/#article","isPartOf":{"@id":"https:\/\/elregionalvm.com.ar\/noticias-villa-maria\/un-joven-termino-detenido-por-robar-cuatro-aves-exoticas-de-una-vivienda-de-un-adulto-de-74-anos\/"},"author":{"name":"Contenidos El Regional","@id":"http:\/\/elregionalvm.com.ar\/noticias-villa-maria\/#\/schema\/person\/a0fb9c422317faca23d50163151bc354"},"headline":"Un joven termin\u00f3 detenido por robar cuatro aves ex\u00f3ticas de una vivienda de un adulto de 74 a\u00f1os","datePublished":"2025-08-08T16:10:51+00:00","dateModified":"2025-08-08T16:10:52+00:00","mainEntityOfPage":{"@id":"https:\/\/elregionalvm.com.ar\/noticias-villa-maria\/un-joven-termino-detenido-por-robar-cuatro-aves-exoticas-de-una-vivienda-de-un-adulto-de-74-anos\/"},"wordCount":221,"commentCount":0,"image":{"@id":"https:\/\/elregionalvm.com.ar\/noticias-villa-maria\/un-joven-termino-detenido-por-robar-cuatro-aves-exoticas-de-una-vivienda-de-un-adulto-de-74-anos\/#primaryimage"},"thumbnailUrl":"https:\/\/i0.wp.com\/elregionalvm.com.ar\/noticias-villa-maria\/wp-content\/uploads\/2025\/08\/WhatsApp-Image-2025-08-07-at-2.57.46-PM-1.jpeg?fit=1200%2C1600&ssl=1","articleSection":["destacado","Policiales","Sociedad","Villa Mar\u00eda"],"inLanguage":"es","potentialAction":[{"@type":"CommentAction","name":"Comment","target":["https:\/\/elregionalvm.com.ar\/noticias-villa-maria\/un-joven-termino-detenido-por-robar-cuatro-aves-exoticas-de-una-vivienda-de-un-adulto-de-74-anos\/#respond"]}]},{"@type":"WebPage","@id":"https:\/\/elregionalvm.com.ar\/noticias-villa-maria\/un-joven-termino-detenido-por-robar-cuatro-aves-exoticas-de-una-vivienda-de-un-adulto-de-74-anos\/","url":"https:\/\/elregionalvm.com.ar\/noticias-villa-maria\/un-joven-termino-detenido-por-robar-cuatro-aves-exoticas-de-una-vivienda-de-un-adulto-de-74-anos\/","name":"Un joven termin\u00f3 detenido por robar cuatro aves ex\u00f3ticas de una vivienda de un adulto de 74 a\u00f1os - El Regional","isPartOf":{"@id":"http:\/\/elregionalvm.com.ar\/noticias-villa-maria\/#website"},"primaryImageOfPage":{"@id":"https:\/\/elregionalvm.com.ar\/noticias-villa-maria\/un-joven-termino-detenido-por-robar-cuatro-aves-exoticas-de-una-vivienda-de-un-adulto-de-74-anos\/#primaryimage"},"image":{"@id":"https:\/\/elregionalvm.com.ar\/noticias-villa-maria\/un-joven-termino-detenido-por-robar-cuatro-aves-exoticas-de-una-vivienda-de-un-adulto-de-74-anos\/#primaryimage"},"thumbnailUrl":"https:\/\/i0.wp.com\/elregionalvm.com.ar\/noticias-villa-maria\/wp-content\/uploads\/2025\/08\/WhatsApp-Image-2025-08-07-at-2.57.46-PM-1.jpeg?fit=1200%2C1600&ssl=1","datePublished":"2025-08-08T16:10:51+00:00","dateModified":"2025-08-08T16:10:52+00:00","author":{"@id":"http:\/\/elregionalvm.com.ar\/noticias-villa-maria\/#\/schema\/person\/a0fb9c422317faca23d50163151bc354"},"breadcrumb":{"@id":"https:\/\/elregionalvm.com.ar\/noticias-villa-maria\/un-joven-termino-detenido-por-robar-cuatro-aves-exoticas-de-una-vivienda-de-un-adulto-de-74-anos\/#breadcrumb"},"inLanguage":"es","potentialAction":[{"@type":"ReadAction","target":["https:\/\/elregionalvm.com.ar\/noticias-villa-maria\/un-joven-termino-detenido-por-robar-cuatro-aves-exoticas-de-una-vivienda-de-un-adulto-de-74-anos\/"]}]},{"@type":"ImageObject","inLanguage":"es","@id":"https:\/\/elregionalvm.com.ar\/noticias-villa-maria\/un-joven-termino-detenido-por-robar-cuatro-aves-exoticas-de-una-vivienda-de-un-adulto-de-74-anos\/#primaryimage","url":"https:\/\/i0.wp.com\/elregionalvm.com.ar\/noticias-villa-maria\/wp-content\/uploads\/2025\/08\/WhatsApp-Image-2025-08-07-at-2.57.46-PM-1.jpeg?fit=1200%2C1600&ssl=1","contentUrl":"https:\/\/i0.wp.com\/elregionalvm.com.ar\/noticias-villa-maria\/wp-content\/uploads\/2025\/08\/WhatsApp-Image-2025-08-07-at-2.57.46-PM-1.jpeg?fit=1200%2C1600&ssl=1","width":1200,"height":1600},{"@type":"BreadcrumbList","@id":"https:\/\/elregionalvm.com.ar\/noticias-villa-maria\/un-joven-termino-detenido-por-robar-cuatro-aves-exoticas-de-una-vivienda-de-un-adulto-de-74-anos\/#breadcrumb","itemListElement":[{"@type":"ListItem","position":1,"name":"Portada","item":"https:\/\/elregionalvm.com.ar\/noticias-villa-maria\/"},{"@type":"ListItem","position":2,"name":"Un joven termin\u00f3 detenido por robar cuatro aves ex\u00f3ticas de una vivienda de un adulto de 74 a\u00f1os"}]},{"@type":"WebSite","@id":"http:\/\/elregionalvm.com.ar\/noticias-villa-maria\/#website","url":"http:\/\/elregionalvm.com.ar\/noticias-villa-maria\/","name":"El Regional","description":"Mucho m\u00e1s que informaci\u00f3n","potentialAction":[{"@type":"SearchAction","target":{"@type":"EntryPoint","urlTemplate":"http:\/\/elregionalvm.com.ar\/noticias-villa-maria\/?s={search_term_string}"},"query-input":{"@type":"PropertyValueSpecification","valueRequired":true,"valueName":"search_term_string"}}],"inLanguage":"es"},{"@type":"Person","@id":"http:\/\/elregionalvm.com.ar\/noticias-villa-maria\/#\/schema\/person\/a0fb9c422317faca23d50163151bc354","name":"Contenidos El Regional","image":{"@type":"ImageObject","inLanguage":"es","@id":"http:\/\/elregionalvm.com.ar\/noticias-villa-maria\/#\/schema\/person\/image\/","url":"https:\/\/secure.gravatar.com\/avatar\/265b27cb2209af7bb3a1318f03305787d7981a5cc6e6cd08fe5a4ecdf99d4b48?s=96&d=mm&r=g","contentUrl":"https:\/\/secure.gravatar.com\/avatar\/265b27cb2209af7bb3a1318f03305787d7981a5cc6e6cd08fe5a4ecdf99d4b48?s=96&d=mm&r=g","caption":"Contenidos El Regional"},"url":"https:\/\/elregionalvm.com.ar\/noticias-villa-maria\/author\/contenido\/"}]}},"jetpack_featured_media_url":"https:\/\/i0.wp.com\/elregionalvm.com.ar\/noticias-villa-maria\/wp-content\/uploads\/2025\/08\/WhatsApp-Image-2025-08-07-at-2.57.46-PM-1.jpeg?fit=1200%2C1600&ssl=1","jetpack_sharing_enabled":true,"_links":{"self":[{"href":"https:\/\/elregionalvm.com.ar\/noticias-villa-maria\/wp-json\/wp\/v2\/posts\/108890","targetHints":{"allow":["GET"]}}],"collection":[{"href":"https:\/\/elregionalvm.com.ar\/noticias-villa-maria\/wp-json\/wp\/v2\/posts"}],"about":[{"href":"https:\/\/elregionalvm.com.ar\/noticias-villa-maria\/wp-json\/wp\/v2\/types\/post"}],"author":[{"embeddable":true,"href":"https:\/\/elregionalvm.com.ar\/noticias-villa-maria\/wp-json\/wp\/v2\/users\/4"}],"replies":[{"embeddable":true,"href":"https:\/\/elregionalvm.com.ar\/noticias-villa-maria\/wp-json\/wp\/v2\/comments?post=108890"}],"version-history":[{"count":1,"href":"https:\/\/elregionalvm.com.ar\/noticias-villa-maria\/wp-json\/wp\/v2\/posts\/108890\/revisions"}],"predecessor-version":[{"id":108893,"href":"https:\/\/elregionalvm.com.ar\/noticias-villa-maria\/wp-json\/wp\/v2\/posts\/108890\/revisions\/108893"}],"wp:featuredmedia":[{"embeddable":true,"href":"https:\/\/elregionalvm.com.ar\/noticias-villa-maria\/wp-json\/wp\/v2\/media\/108891"}],"wp:attachment":[{"href":"https:\/\/elregionalvm.com.ar\/noticias-villa-maria\/wp-json\/wp\/v2\/media?parent=108890"}],"wp:term":[{"taxonomy":"category","embeddable":true,"href":"https:\/\/elregionalvm.com.ar\/noticias-villa-maria\/wp-json\/wp\/v2\/categories?post=108890"},{"taxonomy":"post_tag","embeddable":true,"href":"https:\/\/elregionalvm.com.ar\/noticias-villa-maria\/wp-json\/wp\/v2\/tags?post=108890"}],"curies":[{"name":"wp","href":"https:\/\/api.w.org\/{rel}","templated":true}]}}