{"id":109011,"date":"2025-08-13T22:18:34","date_gmt":"2025-08-13T22:18:34","guid":{"rendered":"https:\/\/elregionalvm.com.ar\/noticias-villa-maria\/?p=109011"},"modified":"2025-08-13T22:18:36","modified_gmt":"2025-08-13T22:18:36","slug":"el-consejo-de-seguridad-presento-como-sera-el-operativo-policial-para-los-pumas-vs-all-blacks","status":"publish","type":"post","link":"https:\/\/elregionalvm.com.ar\/noticias-villa-maria\/el-consejo-de-seguridad-presento-como-sera-el-operativo-policial-para-los-pumas-vs-all-blacks\/","title":{"rendered":"El Consejo de seguridad present\u00f3 como ser\u00e1 el operativo policial para LOS PUMAS vs ALL BLACKS"},"content":{"rendered":"\n<p>El Consejo de Seguridad Deportiva Provincial (Cosedepro) present\u00f3 los \u00faltimos detalles del operativo de seguridad para el partido entre Los Pumas y los All Blacks.<\/p>\n\n\n\n<p>Durante la reuni\u00f3n se defini\u00f3 que el estadio abrir\u00e1 sus puertas a las 15:00, con el objetivo de evitar aglomeraciones. El encuentro est\u00e1 programado para este s\u00e1bado a las 18:10.<\/p>\n\n\n\n<p><strong>El p\u00fablico podr\u00e1 ingresar \u00fanicamente por los accesos correspondientes a su entrada:<\/strong><\/p>\n\n\n\n<ul class=\"wp-block-list\">\n<li><strong>Portones 1 y 2:<\/strong>\u00a0Platea Ardiles.<\/li>\n\n\n\n<li><strong>Port\u00f3n 1 bis:<\/strong>\u00a0Popular Artime.<\/li>\n\n\n\n<li><strong>Port\u00f3n 3:<\/strong>\u00a0Popular Willington.<\/li>\n\n\n\n<li><strong>Port\u00f3n 4:<\/strong>\u00a0Platea Gasparini.<\/li>\n<\/ul>\n\n\n\n<p>Asimismo, se confirm\u00f3 la instalaci\u00f3n de un espacio recreativo para simpatizantes, los lugares habilitados para estacionar en las inmediaciones del estadio, el servicio de transporte p\u00fablico para el traslado de asistentes y la custodia de ambos seleccionados.<\/p>\n\n\n\n<p>Cabe destacar que est\u00e1 prohibido el ingreso con elementos de pirotecnia, bebidas alcoh\u00f3licas o cualquier objeto que pueda poner en riesgo la seguridad del evento.<\/p>\n\n\n\n<p>En cuanto a la planificaci\u00f3n general de seguridad, se acord\u00f3 que la cobertura en el estadio Kempes ser\u00e1 realizada en conjunto con seguridad privada y otras entidades provinciales y municipales.<\/p>\n\n\n\n<p>De la reuni\u00f3n participaron el presidente del Cosedepro, Marcelo Frossasco, acompa\u00f1ado por el subjefe de Polic\u00eda, Marcelo Mar\u00edn, y el director general de Seguridad Capital, Iv\u00e1n Rey. Tambi\u00e9n asistieron Ignacio Rinaldini (BS Group) y Gonzalo Moreno (Ministerio P\u00fablico Fiscal), adem\u00e1s de representantes de la Agencia C\u00f3rdoba Deportes, Agencia C\u00f3rdoba Turismo, Fuerza Policial Antinarcotr\u00e1fico (FPA), Bomberos, Secretar\u00eda de la Mujer, Caminos de las Sierras, seguridad privada y organismos municipales.<\/p>\n\n\n\n<h4 class=\"wp-block-heading\">Fanfest<\/h4>\n\n\n\n<p>En la cancha auxiliar del estadio se llevar\u00e1 a cabo el Fanfest, un espacio de recreaci\u00f3n con m\u00fasica, juegos y la presencia de jugadores. Estar\u00e1 disponible desde tres horas antes del inicio del partido y hasta dos horas despu\u00e9s de su finalizaci\u00f3n.<\/p>\n\n\n\n<h4 class=\"wp-block-heading\">Estacionamientos<\/h4>\n\n\n\n<p>Estar\u00e1n habilitadas las playas Norte y Sur, Parques del Kempes y Bustos, Facultad de Turismo \u201cMarcelo Montes Pacheco\u201d y Centro de Convenciones.<\/p>\n\n\n\n<h4 class=\"wp-block-heading\">Transporte p\u00fablico<\/h4>\n\n\n\n<p>Seg\u00fan lo dispuesto por la Municipalidad de C\u00f3rdoba, ocho colectivos saldr\u00e1n desde la Plaza de la Intendencia\/H\u00e9roes de Malvinas con destino final el estadio Kempes.<\/p>\n\n\n\n<h4 class=\"wp-block-heading\">Emergencias<\/h4>\n\n\n\n<p>El servicio de asistencia m\u00e9dica contar\u00e1 con siete ambulancias y dos carpas sanitarias ubicadas en los sectores Norte y Sur. Se sumar\u00e1n 40 rescatistas de Cruz Roja y 25 efectivos de Defensa Civil municipal.<\/p>\n\n\n\n<h4 class=\"wp-block-heading\">Custodia de los equipos<\/h4>\n\n\n\n<p>Ambos seleccionados tendr\u00e1n custodia permanente de la Polic\u00eda de C\u00f3rdoba, tanto durante sus estad\u00edas como en los traslados, con c\u00e1psulas de seguridad para cada desplazamiento oficial. Habr\u00e1 custodias especiales para jugadores referentes e integrantes del staff t\u00e9cnico, y chequeos preventivos a cargo de la Brigada de Explosivos en locaciones y veh\u00edculos.<\/p>\n\n\n\n<h4 class=\"wp-block-heading\">Alojamientos<\/h4>\n\n\n\n<p>La delegaci\u00f3n de Los Pumas ya se encuentra alojada en el Hotel Holiday Inn hasta su traslado al aeropuerto el domingo, a las 12:30. El seleccionado neozeland\u00e9s pernoctar\u00e1 en el Hotel Quinto Centenario hasta las 7:00 del domingo.<\/p>\n\n\n\n<h4 class=\"wp-block-heading\">Cierre de parques<\/h4>\n\n\n\n<p>Los parques del Kempes y Bustos cerrar\u00e1n al p\u00fablico a partir de las 13:00, mientras que el parque del Chateau lo har\u00e1 desde las 14:00.<\/p>\n\n\n\n<h4 class=\"wp-block-heading\">Sobre el partido<\/h4>\n\n\n\n<p>Si bien ser\u00e1 el primer enfrentamiento entre ambos equipos en C\u00f3rdoba, esta es la cuarta visita de los All Blacks a la provincia, donde ya jugaron en 1976, 1985 y 1991.<\/p>\n\n\n\n<p>En esta oportunidad, las escuadras se enfrentar\u00e1n en dos encuentros correspondientes al Visa Macro Rugby Championship 2025: el primero, este s\u00e1bado en C\u00f3rdoba, y el segundo, el 23 de agosto en Buenos Aires, en el estadio de V\u00e9lez Sarsfield.<\/p>\n\n\n\n<p>El Rugby Championship es el torneo anual que re\u00fane a los cuatro equipos m\u00e1s importantes del hemisferio sur: Argentina, Nueva Zelanda, Australia y Sud\u00e1frica.<\/p>\n","protected":false},"excerpt":{"rendered":"<p>El Consejo de Seguridad Deportiva Provincial (Cosedepro) present\u00f3 los \u00faltimos detalles del operativo de seguridad para el partido entre Los Pumas y los All Blacks. Durante la reuni\u00f3n se defini\u00f3 que el estadio abrir\u00e1 sus puertas a las 15:00, con el objetivo de evitar aglomeraciones. El encuentro est\u00e1 programado para este s\u00e1bado a las 18:10. [&hellip;]<\/p>\n","protected":false},"author":4,"featured_media":109012,"comment_status":"open","ping_status":"open","sticky":false,"template":"","format":"standard","meta":{"site-sidebar-layout":"default","site-content-layout":"","ast-site-content-layout":"default","site-content-style":"default","site-sidebar-style":"default","ast-global-header-display":"","ast-banner-title-visibility":"","ast-main-header-display":"","ast-hfb-above-header-display":"","ast-hfb-below-header-display":"","ast-hfb-mobile-header-display":"","site-post-title":"","ast-breadcrumbs-content":"","ast-featured-img":"","footer-sml-layout":"","ast-disable-related-posts":"","theme-transparent-header-meta":"","adv-header-id-meta":"","stick-header-meta":"","header-above-stick-meta":"","header-main-stick-meta":"","header-below-stick-meta":"","astra-migrate-meta-layouts":"set","ast-page-background-enabled":"default","ast-page-background-meta":{"desktop":{"background-color":"","background-image":"","background-repeat":"repeat","background-position":"center center","background-size":"auto","background-attachment":"scroll","background-type":"","background-media":"","overlay-type":"","overlay-color":"","overlay-opacity":"","overlay-gradient":""},"tablet":{"background-color":"","background-image":"","background-repeat":"repeat","background-position":"center center","background-size":"auto","background-attachment":"scroll","background-type":"","background-media":"","overlay-type":"","overlay-color":"","overlay-opacity":"","overlay-gradient":""},"mobile":{"background-color":"","background-image":"","background-repeat":"repeat","background-position":"center center","background-size":"auto","background-attachment":"scroll","background-type":"","background-media":"","overlay-type":"","overlay-color":"","overlay-opacity":"","overlay-gradient":""}},"ast-content-background-meta":{"desktop":{"background-color":"var(--ast-global-color-5)","background-image":"","background-repeat":"repeat","background-position":"center center","background-size":"auto","background-attachment":"scroll","background-type":"","background-media":"","overlay-type":"","overlay-color":"","overlay-opacity":"","overlay-gradient":""},"tablet":{"background-color":"var(--ast-global-color-5)","background-image":"","background-repeat":"repeat","background-position":"center center","background-size":"auto","background-attachment":"scroll","background-type":"","background-media":"","overlay-type":"","overlay-color":"","overlay-opacity":"","overlay-gradient":""},"mobile":{"background-color":"var(--ast-global-color-5)","background-image":"","background-repeat":"repeat","background-position":"center center","background-size":"auto","background-attachment":"scroll","background-type":"","background-media":"","overlay-type":"","overlay-color":"","overlay-opacity":"","overlay-gradient":""}},"_jetpack_memberships_contains_paid_content":false,"_joinchat":[],"footnotes":""},"categories":[15158,15302,16095,5],"tags":[],"class_list":["post-109011","post","type-post","status-publish","format-standard","has-post-thumbnail","hentry","category-deporte","category-destacado","category-provinciales","category-sociedad"],"yoast_head":"<!-- This site is optimized with the Yoast SEO plugin v26.8 - https:\/\/yoast.com\/product\/yoast-seo-wordpress\/ -->\n<title>El Consejo de seguridad present\u00f3 como ser\u00e1 el operativo policial para LOS PUMAS vs ALL BLACKS - El Regional<\/title>\n<meta name=\"robots\" content=\"index, follow, max-snippet:-1, max-image-preview:large, max-video-preview:-1\" \/>\n<link rel=\"canonical\" href=\"https:\/\/elregionalvm.com.ar\/noticias-villa-maria\/el-consejo-de-seguridad-presento-como-sera-el-operativo-policial-para-los-pumas-vs-all-blacks\/\" \/>\n<meta property=\"og:locale\" content=\"es_ES\" \/>\n<meta property=\"og:type\" content=\"article\" \/>\n<meta property=\"og:title\" content=\"El Consejo de seguridad present\u00f3 como ser\u00e1 el operativo policial para LOS PUMAS vs ALL BLACKS - El Regional\" \/>\n<meta property=\"og:description\" content=\"El Consejo de Seguridad Deportiva Provincial (Cosedepro) present\u00f3 los \u00faltimos detalles del operativo de seguridad para el partido entre Los Pumas y los All Blacks. Durante la reuni\u00f3n se defini\u00f3 que el estadio abrir\u00e1 sus puertas a las 15:00, con el objetivo de evitar aglomeraciones. El encuentro est\u00e1 programado para este s\u00e1bado a las 18:10. [&hellip;]\" \/>\n<meta property=\"og:url\" content=\"https:\/\/elregionalvm.com.ar\/noticias-villa-maria\/el-consejo-de-seguridad-presento-como-sera-el-operativo-policial-para-los-pumas-vs-all-blacks\/\" \/>\n<meta property=\"og:site_name\" content=\"El Regional\" \/>\n<meta property=\"article:publisher\" content=\"https:\/\/www.facebook.com\/elregionalvm\" \/>\n<meta property=\"article:published_time\" content=\"2025-08-13T22:18:34+00:00\" \/>\n<meta property=\"article:modified_time\" content=\"2025-08-13T22:18:36+00:00\" \/>\n<meta property=\"og:image\" content=\"https:\/\/elregionalvm.com.ar\/noticias-villa-maria\/wp-content\/uploads\/2025\/08\/WhatsApp-Image-2025-08-13-at-16.43.08.jpeg\" \/>\n\t<meta property=\"og:image:width\" content=\"990\" \/>\n\t<meta property=\"og:image:height\" content=\"660\" \/>\n\t<meta property=\"og:image:type\" content=\"image\/jpeg\" \/>\n<meta name=\"author\" content=\"Contenidos El Regional\" \/>\n<meta name=\"twitter:card\" content=\"summary_large_image\" \/>\n<meta name=\"twitter:creator\" content=\"@elregionalvm1\" \/>\n<meta name=\"twitter:site\" content=\"@elregionalvm1\" \/>\n<meta name=\"twitter:label1\" content=\"Escrito por\" \/>\n\t<meta name=\"twitter:data1\" content=\"Contenidos El Regional\" \/>\n\t<meta name=\"twitter:label2\" content=\"Tiempo de lectura\" \/>\n\t<meta name=\"twitter:data2\" content=\"3 minutos\" \/>\n<script type=\"application\/ld+json\" class=\"yoast-schema-graph\">{\"@context\":\"https:\/\/schema.org\",\"@graph\":[{\"@type\":\"Article\",\"@id\":\"https:\/\/elregionalvm.com.ar\/noticias-villa-maria\/el-consejo-de-seguridad-presento-como-sera-el-operativo-policial-para-los-pumas-vs-all-blacks\/#article\",\"isPartOf\":{\"@id\":\"https:\/\/elregionalvm.com.ar\/noticias-villa-maria\/el-consejo-de-seguridad-presento-como-sera-el-operativo-policial-para-los-pumas-vs-all-blacks\/\"},\"author\":{\"name\":\"Contenidos El Regional\",\"@id\":\"http:\/\/elregionalvm.com.ar\/noticias-villa-maria\/#\/schema\/person\/a0fb9c422317faca23d50163151bc354\"},\"headline\":\"El Consejo de seguridad present\u00f3 como ser\u00e1 el operativo policial para LOS PUMAS vs ALL BLACKS\",\"datePublished\":\"2025-08-13T22:18:34+00:00\",\"dateModified\":\"2025-08-13T22:18:36+00:00\",\"mainEntityOfPage\":{\"@id\":\"https:\/\/elregionalvm.com.ar\/noticias-villa-maria\/el-consejo-de-seguridad-presento-como-sera-el-operativo-policial-para-los-pumas-vs-all-blacks\/\"},\"wordCount\":645,\"commentCount\":0,\"image\":{\"@id\":\"https:\/\/elregionalvm.com.ar\/noticias-villa-maria\/el-consejo-de-seguridad-presento-como-sera-el-operativo-policial-para-los-pumas-vs-all-blacks\/#primaryimage\"},\"thumbnailUrl\":\"https:\/\/i0.wp.com\/elregionalvm.com.ar\/noticias-villa-maria\/wp-content\/uploads\/2025\/08\/WhatsApp-Image-2025-08-13-at-16.43.08.jpeg?fit=990%2C660&ssl=1\",\"articleSection\":[\"Deporte\",\"destacado\",\"Provinciales\",\"Sociedad\"],\"inLanguage\":\"es\",\"potentialAction\":[{\"@type\":\"CommentAction\",\"name\":\"Comment\",\"target\":[\"https:\/\/elregionalvm.com.ar\/noticias-villa-maria\/el-consejo-de-seguridad-presento-como-sera-el-operativo-policial-para-los-pumas-vs-all-blacks\/#respond\"]}]},{\"@type\":\"WebPage\",\"@id\":\"https:\/\/elregionalvm.com.ar\/noticias-villa-maria\/el-consejo-de-seguridad-presento-como-sera-el-operativo-policial-para-los-pumas-vs-all-blacks\/\",\"url\":\"https:\/\/elregionalvm.com.ar\/noticias-villa-maria\/el-consejo-de-seguridad-presento-como-sera-el-operativo-policial-para-los-pumas-vs-all-blacks\/\",\"name\":\"El Consejo de seguridad present\u00f3 como ser\u00e1 el operativo policial para LOS PUMAS vs ALL BLACKS - El Regional\",\"isPartOf\":{\"@id\":\"http:\/\/elregionalvm.com.ar\/noticias-villa-maria\/#website\"},\"primaryImageOfPage\":{\"@id\":\"https:\/\/elregionalvm.com.ar\/noticias-villa-maria\/el-consejo-de-seguridad-presento-como-sera-el-operativo-policial-para-los-pumas-vs-all-blacks\/#primaryimage\"},\"image\":{\"@id\":\"https:\/\/elregionalvm.com.ar\/noticias-villa-maria\/el-consejo-de-seguridad-presento-como-sera-el-operativo-policial-para-los-pumas-vs-all-blacks\/#primaryimage\"},\"thumbnailUrl\":\"https:\/\/i0.wp.com\/elregionalvm.com.ar\/noticias-villa-maria\/wp-content\/uploads\/2025\/08\/WhatsApp-Image-2025-08-13-at-16.43.08.jpeg?fit=990%2C660&ssl=1\",\"datePublished\":\"2025-08-13T22:18:34+00:00\",\"dateModified\":\"2025-08-13T22:18:36+00:00\",\"author\":{\"@id\":\"http:\/\/elregionalvm.com.ar\/noticias-villa-maria\/#\/schema\/person\/a0fb9c422317faca23d50163151bc354\"},\"breadcrumb\":{\"@id\":\"https:\/\/elregionalvm.com.ar\/noticias-villa-maria\/el-consejo-de-seguridad-presento-como-sera-el-operativo-policial-para-los-pumas-vs-all-blacks\/#breadcrumb\"},\"inLanguage\":\"es\",\"potentialAction\":[{\"@type\":\"ReadAction\",\"target\":[\"https:\/\/elregionalvm.com.ar\/noticias-villa-maria\/el-consejo-de-seguridad-presento-como-sera-el-operativo-policial-para-los-pumas-vs-all-blacks\/\"]}]},{\"@type\":\"ImageObject\",\"inLanguage\":\"es\",\"@id\":\"https:\/\/elregionalvm.com.ar\/noticias-villa-maria\/el-consejo-de-seguridad-presento-como-sera-el-operativo-policial-para-los-pumas-vs-all-blacks\/#primaryimage\",\"url\":\"https:\/\/i0.wp.com\/elregionalvm.com.ar\/noticias-villa-maria\/wp-content\/uploads\/2025\/08\/WhatsApp-Image-2025-08-13-at-16.43.08.jpeg?fit=990%2C660&ssl=1\",\"contentUrl\":\"https:\/\/i0.wp.com\/elregionalvm.com.ar\/noticias-villa-maria\/wp-content\/uploads\/2025\/08\/WhatsApp-Image-2025-08-13-at-16.43.08.jpeg?fit=990%2C660&ssl=1\",\"width\":990,\"height\":660},{\"@type\":\"BreadcrumbList\",\"@id\":\"https:\/\/elregionalvm.com.ar\/noticias-villa-maria\/el-consejo-de-seguridad-presento-como-sera-el-operativo-policial-para-los-pumas-vs-all-blacks\/#breadcrumb\",\"itemListElement\":[{\"@type\":\"ListItem\",\"position\":1,\"name\":\"Portada\",\"item\":\"https:\/\/elregionalvm.com.ar\/noticias-villa-maria\/\"},{\"@type\":\"ListItem\",\"position\":2,\"name\":\"El Consejo de seguridad present\u00f3 como ser\u00e1 el operativo policial para LOS PUMAS vs ALL BLACKS\"}]},{\"@type\":\"WebSite\",\"@id\":\"http:\/\/elregionalvm.com.ar\/noticias-villa-maria\/#website\",\"url\":\"http:\/\/elregionalvm.com.ar\/noticias-villa-maria\/\",\"name\":\"El Regional\",\"description\":\"Mucho m\u00e1s que informaci\u00f3n\",\"potentialAction\":[{\"@type\":\"SearchAction\",\"target\":{\"@type\":\"EntryPoint\",\"urlTemplate\":\"http:\/\/elregionalvm.com.ar\/noticias-villa-maria\/?s={search_term_string}\"},\"query-input\":{\"@type\":\"PropertyValueSpecification\",\"valueRequired\":true,\"valueName\":\"search_term_string\"}}],\"inLanguage\":\"es\"},{\"@type\":\"Person\",\"@id\":\"http:\/\/elregionalvm.com.ar\/noticias-villa-maria\/#\/schema\/person\/a0fb9c422317faca23d50163151bc354\",\"name\":\"Contenidos El Regional\",\"image\":{\"@type\":\"ImageObject\",\"inLanguage\":\"es\",\"@id\":\"http:\/\/elregionalvm.com.ar\/noticias-villa-maria\/#\/schema\/person\/image\/\",\"url\":\"https:\/\/secure.gravatar.com\/avatar\/265b27cb2209af7bb3a1318f03305787d7981a5cc6e6cd08fe5a4ecdf99d4b48?s=96&d=mm&r=g\",\"contentUrl\":\"https:\/\/secure.gravatar.com\/avatar\/265b27cb2209af7bb3a1318f03305787d7981a5cc6e6cd08fe5a4ecdf99d4b48?s=96&d=mm&r=g\",\"caption\":\"Contenidos El Regional\"},\"url\":\"https:\/\/elregionalvm.com.ar\/noticias-villa-maria\/author\/contenido\/\"}]}<\/script>\n<!-- \/ Yoast SEO plugin. -->","yoast_head_json":{"title":"El Consejo de seguridad present\u00f3 como ser\u00e1 el operativo policial para LOS PUMAS vs ALL BLACKS - El Regional","robots":{"index":"index","follow":"follow","max-snippet":"max-snippet:-1","max-image-preview":"max-image-preview:large","max-video-preview":"max-video-preview:-1"},"canonical":"https:\/\/elregionalvm.com.ar\/noticias-villa-maria\/el-consejo-de-seguridad-presento-como-sera-el-operativo-policial-para-los-pumas-vs-all-blacks\/","og_locale":"es_ES","og_type":"article","og_title":"El Consejo de seguridad present\u00f3 como ser\u00e1 el operativo policial para LOS PUMAS vs ALL BLACKS - El Regional","og_description":"El Consejo de Seguridad Deportiva Provincial (Cosedepro) present\u00f3 los \u00faltimos detalles del operativo de seguridad para el partido entre Los Pumas y los All Blacks. Durante la reuni\u00f3n se defini\u00f3 que el estadio abrir\u00e1 sus puertas a las 15:00, con el objetivo de evitar aglomeraciones. El encuentro est\u00e1 programado para este s\u00e1bado a las 18:10. [&hellip;]","og_url":"https:\/\/elregionalvm.com.ar\/noticias-villa-maria\/el-consejo-de-seguridad-presento-como-sera-el-operativo-policial-para-los-pumas-vs-all-blacks\/","og_site_name":"El Regional","article_publisher":"https:\/\/www.facebook.com\/elregionalvm","article_published_time":"2025-08-13T22:18:34+00:00","article_modified_time":"2025-08-13T22:18:36+00:00","og_image":[{"width":990,"height":660,"url":"https:\/\/elregionalvm.com.ar\/noticias-villa-maria\/wp-content\/uploads\/2025\/08\/WhatsApp-Image-2025-08-13-at-16.43.08.jpeg","type":"image\/jpeg"}],"author":"Contenidos El Regional","twitter_card":"summary_large_image","twitter_creator":"@elregionalvm1","twitter_site":"@elregionalvm1","twitter_misc":{"Escrito por":"Contenidos El Regional","Tiempo de lectura":"3 minutos"},"schema":{"@context":"https:\/\/schema.org","@graph":[{"@type":"Article","@id":"https:\/\/elregionalvm.com.ar\/noticias-villa-maria\/el-consejo-de-seguridad-presento-como-sera-el-operativo-policial-para-los-pumas-vs-all-blacks\/#article","isPartOf":{"@id":"https:\/\/elregionalvm.com.ar\/noticias-villa-maria\/el-consejo-de-seguridad-presento-como-sera-el-operativo-policial-para-los-pumas-vs-all-blacks\/"},"author":{"name":"Contenidos El Regional","@id":"http:\/\/elregionalvm.com.ar\/noticias-villa-maria\/#\/schema\/person\/a0fb9c422317faca23d50163151bc354"},"headline":"El Consejo de seguridad present\u00f3 como ser\u00e1 el operativo policial para LOS PUMAS vs ALL BLACKS","datePublished":"2025-08-13T22:18:34+00:00","dateModified":"2025-08-13T22:18:36+00:00","mainEntityOfPage":{"@id":"https:\/\/elregionalvm.com.ar\/noticias-villa-maria\/el-consejo-de-seguridad-presento-como-sera-el-operativo-policial-para-los-pumas-vs-all-blacks\/"},"wordCount":645,"commentCount":0,"image":{"@id":"https:\/\/elregionalvm.com.ar\/noticias-villa-maria\/el-consejo-de-seguridad-presento-como-sera-el-operativo-policial-para-los-pumas-vs-all-blacks\/#primaryimage"},"thumbnailUrl":"https:\/\/i0.wp.com\/elregionalvm.com.ar\/noticias-villa-maria\/wp-content\/uploads\/2025\/08\/WhatsApp-Image-2025-08-13-at-16.43.08.jpeg?fit=990%2C660&ssl=1","articleSection":["Deporte","destacado","Provinciales","Sociedad"],"inLanguage":"es","potentialAction":[{"@type":"CommentAction","name":"Comment","target":["https:\/\/elregionalvm.com.ar\/noticias-villa-maria\/el-consejo-de-seguridad-presento-como-sera-el-operativo-policial-para-los-pumas-vs-all-blacks\/#respond"]}]},{"@type":"WebPage","@id":"https:\/\/elregionalvm.com.ar\/noticias-villa-maria\/el-consejo-de-seguridad-presento-como-sera-el-operativo-policial-para-los-pumas-vs-all-blacks\/","url":"https:\/\/elregionalvm.com.ar\/noticias-villa-maria\/el-consejo-de-seguridad-presento-como-sera-el-operativo-policial-para-los-pumas-vs-all-blacks\/","name":"El Consejo de seguridad present\u00f3 como ser\u00e1 el operativo policial para LOS PUMAS vs ALL BLACKS - El Regional","isPartOf":{"@id":"http:\/\/elregionalvm.com.ar\/noticias-villa-maria\/#website"},"primaryImageOfPage":{"@id":"https:\/\/elregionalvm.com.ar\/noticias-villa-maria\/el-consejo-de-seguridad-presento-como-sera-el-operativo-policial-para-los-pumas-vs-all-blacks\/#primaryimage"},"image":{"@id":"https:\/\/elregionalvm.com.ar\/noticias-villa-maria\/el-consejo-de-seguridad-presento-como-sera-el-operativo-policial-para-los-pumas-vs-all-blacks\/#primaryimage"},"thumbnailUrl":"https:\/\/i0.wp.com\/elregionalvm.com.ar\/noticias-villa-maria\/wp-content\/uploads\/2025\/08\/WhatsApp-Image-2025-08-13-at-16.43.08.jpeg?fit=990%2C660&ssl=1","datePublished":"2025-08-13T22:18:34+00:00","dateModified":"2025-08-13T22:18:36+00:00","author":{"@id":"http:\/\/elregionalvm.com.ar\/noticias-villa-maria\/#\/schema\/person\/a0fb9c422317faca23d50163151bc354"},"breadcrumb":{"@id":"https:\/\/elregionalvm.com.ar\/noticias-villa-maria\/el-consejo-de-seguridad-presento-como-sera-el-operativo-policial-para-los-pumas-vs-all-blacks\/#breadcrumb"},"inLanguage":"es","potentialAction":[{"@type":"ReadAction","target":["https:\/\/elregionalvm.com.ar\/noticias-villa-maria\/el-consejo-de-seguridad-presento-como-sera-el-operativo-policial-para-los-pumas-vs-all-blacks\/"]}]},{"@type":"ImageObject","inLanguage":"es","@id":"https:\/\/elregionalvm.com.ar\/noticias-villa-maria\/el-consejo-de-seguridad-presento-como-sera-el-operativo-policial-para-los-pumas-vs-all-blacks\/#primaryimage","url":"https:\/\/i0.wp.com\/elregionalvm.com.ar\/noticias-villa-maria\/wp-content\/uploads\/2025\/08\/WhatsApp-Image-2025-08-13-at-16.43.08.jpeg?fit=990%2C660&ssl=1","contentUrl":"https:\/\/i0.wp.com\/elregionalvm.com.ar\/noticias-villa-maria\/wp-content\/uploads\/2025\/08\/WhatsApp-Image-2025-08-13-at-16.43.08.jpeg?fit=990%2C660&ssl=1","width":990,"height":660},{"@type":"BreadcrumbList","@id":"https:\/\/elregionalvm.com.ar\/noticias-villa-maria\/el-consejo-de-seguridad-presento-como-sera-el-operativo-policial-para-los-pumas-vs-all-blacks\/#breadcrumb","itemListElement":[{"@type":"ListItem","position":1,"name":"Portada","item":"https:\/\/elregionalvm.com.ar\/noticias-villa-maria\/"},{"@type":"ListItem","position":2,"name":"El Consejo de seguridad present\u00f3 como ser\u00e1 el operativo policial para LOS PUMAS vs ALL BLACKS"}]},{"@type":"WebSite","@id":"http:\/\/elregionalvm.com.ar\/noticias-villa-maria\/#website","url":"http:\/\/elregionalvm.com.ar\/noticias-villa-maria\/","name":"El Regional","description":"Mucho m\u00e1s que informaci\u00f3n","potentialAction":[{"@type":"SearchAction","target":{"@type":"EntryPoint","urlTemplate":"http:\/\/elregionalvm.com.ar\/noticias-villa-maria\/?s={search_term_string}"},"query-input":{"@type":"PropertyValueSpecification","valueRequired":true,"valueName":"search_term_string"}}],"inLanguage":"es"},{"@type":"Person","@id":"http:\/\/elregionalvm.com.ar\/noticias-villa-maria\/#\/schema\/person\/a0fb9c422317faca23d50163151bc354","name":"Contenidos El Regional","image":{"@type":"ImageObject","inLanguage":"es","@id":"http:\/\/elregionalvm.com.ar\/noticias-villa-maria\/#\/schema\/person\/image\/","url":"https:\/\/secure.gravatar.com\/avatar\/265b27cb2209af7bb3a1318f03305787d7981a5cc6e6cd08fe5a4ecdf99d4b48?s=96&d=mm&r=g","contentUrl":"https:\/\/secure.gravatar.com\/avatar\/265b27cb2209af7bb3a1318f03305787d7981a5cc6e6cd08fe5a4ecdf99d4b48?s=96&d=mm&r=g","caption":"Contenidos El Regional"},"url":"https:\/\/elregionalvm.com.ar\/noticias-villa-maria\/author\/contenido\/"}]}},"jetpack_featured_media_url":"https:\/\/i0.wp.com\/elregionalvm.com.ar\/noticias-villa-maria\/wp-content\/uploads\/2025\/08\/WhatsApp-Image-2025-08-13-at-16.43.08.jpeg?fit=990%2C660&ssl=1","jetpack_sharing_enabled":true,"_links":{"self":[{"href":"https:\/\/elregionalvm.com.ar\/noticias-villa-maria\/wp-json\/wp\/v2\/posts\/109011","targetHints":{"allow":["GET"]}}],"collection":[{"href":"https:\/\/elregionalvm.com.ar\/noticias-villa-maria\/wp-json\/wp\/v2\/posts"}],"about":[{"href":"https:\/\/elregionalvm.com.ar\/noticias-villa-maria\/wp-json\/wp\/v2\/types\/post"}],"author":[{"embeddable":true,"href":"https:\/\/elregionalvm.com.ar\/noticias-villa-maria\/wp-json\/wp\/v2\/users\/4"}],"replies":[{"embeddable":true,"href":"https:\/\/elregionalvm.com.ar\/noticias-villa-maria\/wp-json\/wp\/v2\/comments?post=109011"}],"version-history":[{"count":1,"href":"https:\/\/elregionalvm.com.ar\/noticias-villa-maria\/wp-json\/wp\/v2\/posts\/109011\/revisions"}],"predecessor-version":[{"id":109013,"href":"https:\/\/elregionalvm.com.ar\/noticias-villa-maria\/wp-json\/wp\/v2\/posts\/109011\/revisions\/109013"}],"wp:featuredmedia":[{"embeddable":true,"href":"https:\/\/elregionalvm.com.ar\/noticias-villa-maria\/wp-json\/wp\/v2\/media\/109012"}],"wp:attachment":[{"href":"https:\/\/elregionalvm.com.ar\/noticias-villa-maria\/wp-json\/wp\/v2\/media?parent=109011"}],"wp:term":[{"taxonomy":"category","embeddable":true,"href":"https:\/\/elregionalvm.com.ar\/noticias-villa-maria\/wp-json\/wp\/v2\/categories?post=109011"},{"taxonomy":"post_tag","embeddable":true,"href":"https:\/\/elregionalvm.com.ar\/noticias-villa-maria\/wp-json\/wp\/v2\/tags?post=109011"}],"curies":[{"name":"wp","href":"https:\/\/api.w.org\/{rel}","templated":true}]}}