{"id":109029,"date":"2025-08-14T21:27:29","date_gmt":"2025-08-14T21:27:29","guid":{"rendered":"https:\/\/elregionalvm.com.ar\/noticias-villa-maria\/?p=109029"},"modified":"2025-08-21T23:45:58","modified_gmt":"2025-08-21T23:45:58","slug":"miradas-el-rey-de-las-cenizas","status":"publish","type":"post","link":"https:\/\/elregionalvm.com.ar\/noticias-villa-maria\/miradas-el-rey-de-las-cenizas\/","title":{"rendered":"[Miradas] El Rey de las Cenizas&#8230;"},"content":{"rendered":"\n<h3 class=\"wp-block-heading\"><strong>En su reino, la realidad se desdibuja bajo un velo de misterio, donde las sombras de lo esot\u00e9rico gobiernan los corazones. Las brujas, con sus c\u00e1nticos que rasgan el silencio de la noche, tejen destinos en los hilos del tiempo. Las cartas del tarot, dispuestas en altares de piedra, murmuran profec\u00edas que prometen gloria y ruina en igual medida.<\/strong><\/h3>\n\n\n\n<p><\/p>\n\n\n\n<p><strong>Escribe: F\u00e9lix Vera<\/strong> <strong>(*)<\/strong><\/p>\n\n\n\n<p><\/p>\n\n\n\n<p>En ese mundo, las ambiciones arden como fuego descontrolado, y las pasiones, desatadas, convierten a los hombres en t\u00edteres de un deseo insaciable de poder. Los cortesanos, con sus m\u00e1scaras de seda y sus lenguas afiladas, se mueven en una danza de traiciones, donde cada paso es un c\u00e1lculo, cada sonrisa un veneno.<\/p>\n\n\n\n<p>Los que llegan desde las sombras, escalando muros y ventanas, reclaman su lugar en la corte, pero todos, naturales o intrusos, se encogen bajo el peso de los gritos, los insultos y la desconfianza siembra el terror en sus almas. La muerte a\u00fan no ha cruzado el umbral, pero su sombra se cierne, expectante.<\/p>\n\n\n\n<p>En el centro de este torbellino est\u00e1 \u00e9l, un ser min\u00fasculo atrapado en una guerra consigo mismo. Su alma, dividida entre la pureza de un ni\u00f1o y la crueldad de un rey en un mundo virtual, se tambalea entre la moralidad y la obscenidad.<\/p>\n\n\n\n<p>El poder, como un \u00eddolo voraz, lo seduce con promesas de reconocimiento y eternidad, mientras la avaricia corroe su coraz\u00f3n, transformando sus sue\u00f1os en pesadillas.<\/p>\n\n\n\n<p><\/p>\n\n\n\n<figure class=\"wp-block-image size-full is-resized\"><img data-recalc-dims=\"1\" fetchpriority=\"high\" decoding=\"async\" width=\"827\" height=\"464\" src=\"https:\/\/i0.wp.com\/elregionalvm.com.ar\/noticias-villa-maria\/wp-content\/uploads\/2022\/11\/Casa-rosada-grieta.jpg?resize=827%2C464&#038;ssl=1\" alt=\"\" class=\"wp-image-66849\" style=\"width:910px;height:auto\" srcset=\"https:\/\/i0.wp.com\/elregionalvm.com.ar\/noticias-villa-maria\/wp-content\/uploads\/2022\/11\/Casa-rosada-grieta.jpg?w=827&amp;ssl=1 827w, https:\/\/i0.wp.com\/elregionalvm.com.ar\/noticias-villa-maria\/wp-content\/uploads\/2022\/11\/Casa-rosada-grieta.jpg?resize=300%2C168&amp;ssl=1 300w, https:\/\/i0.wp.com\/elregionalvm.com.ar\/noticias-villa-maria\/wp-content\/uploads\/2022\/11\/Casa-rosada-grieta.jpg?resize=768%2C431&amp;ssl=1 768w\" sizes=\"(max-width: 827px) 100vw, 827px\" \/><\/figure>\n\n\n\n<p><\/p>\n\n\n\n<p>A veces se ve como un m\u00e1rtir, sacrificado en el altar de su propia ambici\u00f3n; otras, como un esclavo encadenado a una corona que a\u00fan no comprende, pero que lo reclama con una fuerza inexorable.<\/p>\n\n\n\n<p>A veces intenta aferrarse a los vestigios de su \u00e9tica, pero cada intento es sofocado por las brujas, guardianas de un destino que no perdona a ning\u00fan rey. Ellas, con sus ojos que ven m\u00e1s all\u00e1 del tiempo, lo gu\u00edan hacia el abismo, susurrando que la lucha contra s\u00ed mismo es vana.<\/p>\n\n\n\n<p><\/p>\n\n\n\n<blockquote class=\"wp-block-quote is-layout-flow wp-block-quote-is-layout-flow\">\n<p><strong>Bajo su reinado, la crueldad se desborda como un r\u00edo envenenado, inundando el reino con hambre y desamparo<\/strong><\/p>\n<\/blockquote>\n\n\n\n<p><\/p>\n\n\n\n<p>Bajo su reinado, la crueldad se desborda como un r\u00edo envenenado, inundando el reino con hambre y desamparo<strong>.<\/strong> Los campos, anta\u00f1o dorados, se convierten en desiertos de polvo; los aldeanos, con sue\u00f1os devastados y hundidos en la frustraci\u00f3n, vagan sin rumbo, con sus expectativas marchitas. Incluso aquellos que a\u00fan alzan la mirada hacia \u00e9l, aferrados a la fe en un salvador, encuentran solo promesas vac\u00edas.<\/p>\n\n\n\n<p>Sus s\u00fabditos, tanto los leales como los traidores, se pierden en un laberinto de desconcierto, pues sus plegarias se ven ahogadas por el rugido del viento est\u00e9ril que emana de sus preceptos crueles y sus lujurias m\u00e1s obscenas.<\/p>\n\n\n\n<p>\u00c9l, desde su trono de bits, no ve sus rostros, no escucha sus lamentos. Cegado por la corona, su coraz\u00f3n, ante el dolor ajeno, se vigoriza, y cada decreto, cada decisi\u00f3n, siembra m\u00e1s desdicha, como si el reino mismo fuera un lienzo para su tormento interior.<\/p>\n\n\n\n<p>Los cortesanos, como buitres que olfatean la carro\u00f1a, giran a su alrededor, tejiendo redes de intrigas. Las profec\u00edas, garabateadas en pergaminos que no se deshacen con el tiempo, resuenan en los pasillos del palacio: \u201cEl trono es tuyo, pero el precio tambi\u00e9n lo es\u201d.<\/p>\n\n\n\n<p><\/p>\n\n\n\n<figure class=\"wp-block-image size-full\"><img data-recalc-dims=\"1\" decoding=\"async\" width=\"1023\" height=\"682\" src=\"https:\/\/i0.wp.com\/elregionalvm.com.ar\/noticias-villa-maria\/wp-content\/uploads\/2022\/10\/Banderazo-argentina-nacional-identidad.jpg?resize=1023%2C682&#038;ssl=1\" alt=\"\" class=\"wp-image-66088\" srcset=\"https:\/\/i0.wp.com\/elregionalvm.com.ar\/noticias-villa-maria\/wp-content\/uploads\/2022\/10\/Banderazo-argentina-nacional-identidad.jpg?w=1023&amp;ssl=1 1023w, https:\/\/i0.wp.com\/elregionalvm.com.ar\/noticias-villa-maria\/wp-content\/uploads\/2022\/10\/Banderazo-argentina-nacional-identidad.jpg?resize=300%2C200&amp;ssl=1 300w, https:\/\/i0.wp.com\/elregionalvm.com.ar\/noticias-villa-maria\/wp-content\/uploads\/2022\/10\/Banderazo-argentina-nacional-identidad.jpg?resize=768%2C512&amp;ssl=1 768w\" sizes=\"(max-width: 1000px) 100vw, 1000px\" \/><\/figure>\n\n\n\n<p><\/p>\n\n\n\n<p>Las cartas del tarot, dispuestas en un c\u00edrculo parecen burlarse de su alma, mostrando espadas y copas derramadas, sangre y l\u00e1grimas entrelazadas. \u00c9l, en la intimidad de su cuarto, se enfrenta a la bruja suprema, una figura envuelta en sombras que parece encarnar el destino mismo.<\/p>\n\n\n\n<p>\u201c\u00bfPor qu\u00e9 yo?\u201d, pregunta, con la voz rota por la desesperaci\u00f3n. Ella, con una sonrisa que corta como el filo de una guillotina, responde: \u201cPorque el vac\u00edo en tu alma llam\u00f3 al poder, y el poder respondi\u00f3. No hay inocentes en este juego.\u201d<\/p>\n\n\n\n<p><\/p>\n\n\n\n<blockquote class=\"wp-block-quote is-layout-flow wp-block-quote-is-layout-flow\">\n<p><strong>En un momento de claridad, \u00e9l comprende la verdad: no es v\u00edctima, ni esclavo, ni m\u00e1rtir, sino que es el arquitecto de su propia condena<\/strong><\/p>\n<\/blockquote>\n\n\n\n<p><\/p>\n\n\n\n<p>En un momento de claridad, \u00e9l comprende la verdad: no es v\u00edctima, ni esclavo, ni m\u00e1rtir, sino que es el arquitecto de su propia condena, el tejedor de un tapiz donde cada hilo es una elecci\u00f3n, cada nudo de su propia traici\u00f3n. Las brujas no son m\u00e1s que ecos de su oscura y pat\u00e9tica soledad; las profec\u00edas, reflejos de sus deseos m\u00e1s profundos y perversos.<\/p>\n\n\n\n<p>Pero el reino no puede soportar el peso de su tragedia. Los s\u00fabditos, exhaustos, se empiezan a alzar en un clamor silencioso y sus ojos vac\u00edos reflejan un cielo que se resquebraja. El palacio, testigo de tantas intrigas y traiciones, comienza a temblar, sus muros agrietados por la furia de un destino que se cumple.<\/p>\n\n\n\n<p>Y entonces, en la hora final, el cielo se parte en dos. Un trueno sacude la tierra, y el eco de una voz antigua resuena, como un juicio irrevocable: <em>\u201cY vi un cielo nuevo y una tierra nueva; porque el primer cielo y la primera tierra pasaron, y el mar ya no exist\u00eda m\u00e1s\u201d<\/em> (Apocalipsis 21:1).<\/p>\n\n\n\n<p>No hay redenci\u00f3n para \u00e9l. El trono se desmorona, el palacio se convierte en cenizas, y \u00e9l, atrapado en el v\u00f3rtice de su propia creaci\u00f3n, cae al vac\u00edo de la intrascendencia. Los s\u00fabditos, liberados de su yugo, contemplan el amanecer, pero el precio de su libertad es un reino reducido a escombros.<\/p>\n\n\n\n<p>\u00c9l, el rey de las cenizas, desaparece en el olvido, su nombre borrado por el viento, mientras el mundo, destruido y herido pero vivo, comienza a sanar bajo un cielo que ya no recuerda, ni siquiera su rostro.<\/p>\n\n\n\n<p><\/p>\n\n\n\n<p><\/p>\n\n\n\n<p><strong>(*) Especial para EL REGIONAL <\/strong><\/p>\n","protected":false},"excerpt":{"rendered":"<p>En su reino, la realidad se desdibuja bajo un velo de misterio, donde las sombras de lo esot\u00e9rico gobiernan los corazones. Las brujas, con sus c\u00e1nticos que rasgan el silencio de la noche, tejen destinos en los hilos del tiempo. Las cartas del tarot, dispuestas en altares de piedra, murmuran profec\u00edas que prometen gloria y [&hellip;]<\/p>\n","protected":false},"author":4,"featured_media":109030,"comment_status":"open","ping_status":"open","sticky":false,"template":"","format":"standard","meta":{"site-sidebar-layout":"default","site-content-layout":"","ast-site-content-layout":"default","site-content-style":"default","site-sidebar-style":"default","ast-global-header-display":"","ast-banner-title-visibility":"","ast-main-header-display":"","ast-hfb-above-header-display":"","ast-hfb-below-header-display":"","ast-hfb-mobile-header-display":"","site-post-title":"","ast-breadcrumbs-content":"","ast-featured-img":"","footer-sml-layout":"","ast-disable-related-posts":"","theme-transparent-header-meta":"","adv-header-id-meta":"","stick-header-meta":"","header-above-stick-meta":"","header-main-stick-meta":"","header-below-stick-meta":"","astra-migrate-meta-layouts":"set","ast-page-background-enabled":"default","ast-page-background-meta":{"desktop":{"background-color":"","background-image":"","background-repeat":"repeat","background-position":"center center","background-size":"auto","background-attachment":"scroll","background-type":"","background-media":"","overlay-type":"","overlay-color":"","overlay-opacity":"","overlay-gradient":""},"tablet":{"background-color":"","background-image":"","background-repeat":"repeat","background-position":"center center","background-size":"auto","background-attachment":"scroll","background-type":"","background-media":"","overlay-type":"","overlay-color":"","overlay-opacity":"","overlay-gradient":""},"mobile":{"background-color":"","background-image":"","background-repeat":"repeat","background-position":"center center","background-size":"auto","background-attachment":"scroll","background-type":"","background-media":"","overlay-type":"","overlay-color":"","overlay-opacity":"","overlay-gradient":""}},"ast-content-background-meta":{"desktop":{"background-color":"var(--ast-global-color-5)","background-image":"","background-repeat":"repeat","background-position":"center center","background-size":"auto","background-attachment":"scroll","background-type":"","background-media":"","overlay-type":"","overlay-color":"","overlay-opacity":"","overlay-gradient":""},"tablet":{"background-color":"var(--ast-global-color-5)","background-image":"","background-repeat":"repeat","background-position":"center center","background-size":"auto","background-attachment":"scroll","background-type":"","background-media":"","overlay-type":"","overlay-color":"","overlay-opacity":"","overlay-gradient":""},"mobile":{"background-color":"var(--ast-global-color-5)","background-image":"","background-repeat":"repeat","background-position":"center center","background-size":"auto","background-attachment":"scroll","background-type":"","background-media":"","overlay-type":"","overlay-color":"","overlay-opacity":"","overlay-gradient":""}},"_jetpack_memberships_contains_paid_content":false,"_joinchat":[],"footnotes":""},"categories":[2323,365],"tags":[24368,25138,798,5053,519,1380,2069,308,25141,5005],"class_list":["post-109029","post","type-post","status-publish","format-standard","has-post-thumbnail","hentry","category-notas-secundarias","category-opinion","tag-cenizas","tag-cortesanos","tag-estado","tag-javier-milei","tag-politica","tag-politicos","tag-principal","tag-pueblo","tag-reino","tag-rey"],"yoast_head":"<!-- This site is optimized with the Yoast SEO plugin v26.8 - https:\/\/yoast.com\/product\/yoast-seo-wordpress\/ -->\n<title>[Miradas] El Rey de las Cenizas... - El Regional<\/title>\n<meta name=\"robots\" content=\"index, follow, max-snippet:-1, max-image-preview:large, max-video-preview:-1\" \/>\n<link rel=\"canonical\" href=\"https:\/\/elregionalvm.com.ar\/noticias-villa-maria\/miradas-el-rey-de-las-cenizas\/\" \/>\n<meta property=\"og:locale\" content=\"es_ES\" \/>\n<meta property=\"og:type\" content=\"article\" \/>\n<meta property=\"og:title\" content=\"[Miradas] El Rey de las Cenizas... - El Regional\" \/>\n<meta property=\"og:description\" content=\"En su reino, la realidad se desdibuja bajo un velo de misterio, donde las sombras de lo esot\u00e9rico gobiernan los corazones. Las brujas, con sus c\u00e1nticos que rasgan el silencio de la noche, tejen destinos en los hilos del tiempo. Las cartas del tarot, dispuestas en altares de piedra, murmuran profec\u00edas que prometen gloria y [&hellip;]\" \/>\n<meta property=\"og:url\" content=\"https:\/\/elregionalvm.com.ar\/noticias-villa-maria\/miradas-el-rey-de-las-cenizas\/\" \/>\n<meta property=\"og:site_name\" content=\"El Regional\" \/>\n<meta property=\"article:publisher\" content=\"https:\/\/www.facebook.com\/elregionalvm\" \/>\n<meta property=\"article:published_time\" content=\"2025-08-14T21:27:29+00:00\" \/>\n<meta property=\"article:modified_time\" content=\"2025-08-21T23:45:58+00:00\" \/>\n<meta property=\"og:image\" content=\"https:\/\/elregionalvm.com.ar\/noticias-villa-maria\/wp-content\/uploads\/2025\/08\/Rey-de-las-cenizas-milei.jpg\" \/>\n\t<meta property=\"og:image:width\" content=\"905\" \/>\n\t<meta property=\"og:image:height\" content=\"510\" \/>\n\t<meta property=\"og:image:type\" content=\"image\/jpeg\" \/>\n<meta name=\"author\" content=\"Contenidos El Regional\" \/>\n<meta name=\"twitter:card\" content=\"summary_large_image\" \/>\n<meta name=\"twitter:creator\" content=\"@elregionalvm1\" \/>\n<meta name=\"twitter:site\" content=\"@elregionalvm1\" \/>\n<meta name=\"twitter:label1\" content=\"Escrito por\" \/>\n\t<meta name=\"twitter:data1\" content=\"Contenidos El Regional\" \/>\n\t<meta name=\"twitter:label2\" content=\"Tiempo de lectura\" \/>\n\t<meta name=\"twitter:data2\" content=\"5 minutos\" \/>\n<script type=\"application\/ld+json\" class=\"yoast-schema-graph\">{\"@context\":\"https:\/\/schema.org\",\"@graph\":[{\"@type\":\"Article\",\"@id\":\"https:\/\/elregionalvm.com.ar\/noticias-villa-maria\/miradas-el-rey-de-las-cenizas\/#article\",\"isPartOf\":{\"@id\":\"https:\/\/elregionalvm.com.ar\/noticias-villa-maria\/miradas-el-rey-de-las-cenizas\/\"},\"author\":{\"name\":\"Contenidos El Regional\",\"@id\":\"http:\/\/elregionalvm.com.ar\/noticias-villa-maria\/#\/schema\/person\/a0fb9c422317faca23d50163151bc354\"},\"headline\":\"[Miradas] El Rey de las Cenizas&#8230;\",\"datePublished\":\"2025-08-14T21:27:29+00:00\",\"dateModified\":\"2025-08-21T23:45:58+00:00\",\"mainEntityOfPage\":{\"@id\":\"https:\/\/elregionalvm.com.ar\/noticias-villa-maria\/miradas-el-rey-de-las-cenizas\/\"},\"wordCount\":982,\"commentCount\":0,\"image\":{\"@id\":\"https:\/\/elregionalvm.com.ar\/noticias-villa-maria\/miradas-el-rey-de-las-cenizas\/#primaryimage\"},\"thumbnailUrl\":\"https:\/\/i0.wp.com\/elregionalvm.com.ar\/noticias-villa-maria\/wp-content\/uploads\/2025\/08\/Rey-de-las-cenizas-milei.jpg?fit=905%2C510&ssl=1\",\"keywords\":[\"cenizas\",\"cortesanos\",\"Estado\",\"Javier Milei\",\"Pol\u00edtica\",\"pol\u00edticos\",\"principal\",\"pueblo\",\"reino\",\"Rey\"],\"articleSection\":[\"Notas\",\"Opini\u00f3n\"],\"inLanguage\":\"es\",\"potentialAction\":[{\"@type\":\"CommentAction\",\"name\":\"Comment\",\"target\":[\"https:\/\/elregionalvm.com.ar\/noticias-villa-maria\/miradas-el-rey-de-las-cenizas\/#respond\"]}]},{\"@type\":\"WebPage\",\"@id\":\"https:\/\/elregionalvm.com.ar\/noticias-villa-maria\/miradas-el-rey-de-las-cenizas\/\",\"url\":\"https:\/\/elregionalvm.com.ar\/noticias-villa-maria\/miradas-el-rey-de-las-cenizas\/\",\"name\":\"[Miradas] El Rey de las Cenizas... - El Regional\",\"isPartOf\":{\"@id\":\"http:\/\/elregionalvm.com.ar\/noticias-villa-maria\/#website\"},\"primaryImageOfPage\":{\"@id\":\"https:\/\/elregionalvm.com.ar\/noticias-villa-maria\/miradas-el-rey-de-las-cenizas\/#primaryimage\"},\"image\":{\"@id\":\"https:\/\/elregionalvm.com.ar\/noticias-villa-maria\/miradas-el-rey-de-las-cenizas\/#primaryimage\"},\"thumbnailUrl\":\"https:\/\/i0.wp.com\/elregionalvm.com.ar\/noticias-villa-maria\/wp-content\/uploads\/2025\/08\/Rey-de-las-cenizas-milei.jpg?fit=905%2C510&ssl=1\",\"datePublished\":\"2025-08-14T21:27:29+00:00\",\"dateModified\":\"2025-08-21T23:45:58+00:00\",\"author\":{\"@id\":\"http:\/\/elregionalvm.com.ar\/noticias-villa-maria\/#\/schema\/person\/a0fb9c422317faca23d50163151bc354\"},\"breadcrumb\":{\"@id\":\"https:\/\/elregionalvm.com.ar\/noticias-villa-maria\/miradas-el-rey-de-las-cenizas\/#breadcrumb\"},\"inLanguage\":\"es\",\"potentialAction\":[{\"@type\":\"ReadAction\",\"target\":[\"https:\/\/elregionalvm.com.ar\/noticias-villa-maria\/miradas-el-rey-de-las-cenizas\/\"]}]},{\"@type\":\"ImageObject\",\"inLanguage\":\"es\",\"@id\":\"https:\/\/elregionalvm.com.ar\/noticias-villa-maria\/miradas-el-rey-de-las-cenizas\/#primaryimage\",\"url\":\"https:\/\/i0.wp.com\/elregionalvm.com.ar\/noticias-villa-maria\/wp-content\/uploads\/2025\/08\/Rey-de-las-cenizas-milei.jpg?fit=905%2C510&ssl=1\",\"contentUrl\":\"https:\/\/i0.wp.com\/elregionalvm.com.ar\/noticias-villa-maria\/wp-content\/uploads\/2025\/08\/Rey-de-las-cenizas-milei.jpg?fit=905%2C510&ssl=1\",\"width\":905,\"height\":510},{\"@type\":\"BreadcrumbList\",\"@id\":\"https:\/\/elregionalvm.com.ar\/noticias-villa-maria\/miradas-el-rey-de-las-cenizas\/#breadcrumb\",\"itemListElement\":[{\"@type\":\"ListItem\",\"position\":1,\"name\":\"Portada\",\"item\":\"https:\/\/elregionalvm.com.ar\/noticias-villa-maria\/\"},{\"@type\":\"ListItem\",\"position\":2,\"name\":\"[Miradas] El Rey de las Cenizas&#8230;\"}]},{\"@type\":\"WebSite\",\"@id\":\"http:\/\/elregionalvm.com.ar\/noticias-villa-maria\/#website\",\"url\":\"http:\/\/elregionalvm.com.ar\/noticias-villa-maria\/\",\"name\":\"El Regional\",\"description\":\"Mucho m\u00e1s que informaci\u00f3n\",\"potentialAction\":[{\"@type\":\"SearchAction\",\"target\":{\"@type\":\"EntryPoint\",\"urlTemplate\":\"http:\/\/elregionalvm.com.ar\/noticias-villa-maria\/?s={search_term_string}\"},\"query-input\":{\"@type\":\"PropertyValueSpecification\",\"valueRequired\":true,\"valueName\":\"search_term_string\"}}],\"inLanguage\":\"es\"},{\"@type\":\"Person\",\"@id\":\"http:\/\/elregionalvm.com.ar\/noticias-villa-maria\/#\/schema\/person\/a0fb9c422317faca23d50163151bc354\",\"name\":\"Contenidos El Regional\",\"image\":{\"@type\":\"ImageObject\",\"inLanguage\":\"es\",\"@id\":\"http:\/\/elregionalvm.com.ar\/noticias-villa-maria\/#\/schema\/person\/image\/\",\"url\":\"https:\/\/secure.gravatar.com\/avatar\/265b27cb2209af7bb3a1318f03305787d7981a5cc6e6cd08fe5a4ecdf99d4b48?s=96&d=mm&r=g\",\"contentUrl\":\"https:\/\/secure.gravatar.com\/avatar\/265b27cb2209af7bb3a1318f03305787d7981a5cc6e6cd08fe5a4ecdf99d4b48?s=96&d=mm&r=g\",\"caption\":\"Contenidos El Regional\"},\"url\":\"https:\/\/elregionalvm.com.ar\/noticias-villa-maria\/author\/contenido\/\"}]}<\/script>\n<!-- \/ Yoast SEO plugin. -->","yoast_head_json":{"title":"[Miradas] El Rey de las Cenizas... - El Regional","robots":{"index":"index","follow":"follow","max-snippet":"max-snippet:-1","max-image-preview":"max-image-preview:large","max-video-preview":"max-video-preview:-1"},"canonical":"https:\/\/elregionalvm.com.ar\/noticias-villa-maria\/miradas-el-rey-de-las-cenizas\/","og_locale":"es_ES","og_type":"article","og_title":"[Miradas] El Rey de las Cenizas... - El Regional","og_description":"En su reino, la realidad se desdibuja bajo un velo de misterio, donde las sombras de lo esot\u00e9rico gobiernan los corazones. Las brujas, con sus c\u00e1nticos que rasgan el silencio de la noche, tejen destinos en los hilos del tiempo. Las cartas del tarot, dispuestas en altares de piedra, murmuran profec\u00edas que prometen gloria y [&hellip;]","og_url":"https:\/\/elregionalvm.com.ar\/noticias-villa-maria\/miradas-el-rey-de-las-cenizas\/","og_site_name":"El Regional","article_publisher":"https:\/\/www.facebook.com\/elregionalvm","article_published_time":"2025-08-14T21:27:29+00:00","article_modified_time":"2025-08-21T23:45:58+00:00","og_image":[{"width":905,"height":510,"url":"https:\/\/elregionalvm.com.ar\/noticias-villa-maria\/wp-content\/uploads\/2025\/08\/Rey-de-las-cenizas-milei.jpg","type":"image\/jpeg"}],"author":"Contenidos El Regional","twitter_card":"summary_large_image","twitter_creator":"@elregionalvm1","twitter_site":"@elregionalvm1","twitter_misc":{"Escrito por":"Contenidos El Regional","Tiempo de lectura":"5 minutos"},"schema":{"@context":"https:\/\/schema.org","@graph":[{"@type":"Article","@id":"https:\/\/elregionalvm.com.ar\/noticias-villa-maria\/miradas-el-rey-de-las-cenizas\/#article","isPartOf":{"@id":"https:\/\/elregionalvm.com.ar\/noticias-villa-maria\/miradas-el-rey-de-las-cenizas\/"},"author":{"name":"Contenidos El Regional","@id":"http:\/\/elregionalvm.com.ar\/noticias-villa-maria\/#\/schema\/person\/a0fb9c422317faca23d50163151bc354"},"headline":"[Miradas] El Rey de las Cenizas&#8230;","datePublished":"2025-08-14T21:27:29+00:00","dateModified":"2025-08-21T23:45:58+00:00","mainEntityOfPage":{"@id":"https:\/\/elregionalvm.com.ar\/noticias-villa-maria\/miradas-el-rey-de-las-cenizas\/"},"wordCount":982,"commentCount":0,"image":{"@id":"https:\/\/elregionalvm.com.ar\/noticias-villa-maria\/miradas-el-rey-de-las-cenizas\/#primaryimage"},"thumbnailUrl":"https:\/\/i0.wp.com\/elregionalvm.com.ar\/noticias-villa-maria\/wp-content\/uploads\/2025\/08\/Rey-de-las-cenizas-milei.jpg?fit=905%2C510&ssl=1","keywords":["cenizas","cortesanos","Estado","Javier Milei","Pol\u00edtica","pol\u00edticos","principal","pueblo","reino","Rey"],"articleSection":["Notas","Opini\u00f3n"],"inLanguage":"es","potentialAction":[{"@type":"CommentAction","name":"Comment","target":["https:\/\/elregionalvm.com.ar\/noticias-villa-maria\/miradas-el-rey-de-las-cenizas\/#respond"]}]},{"@type":"WebPage","@id":"https:\/\/elregionalvm.com.ar\/noticias-villa-maria\/miradas-el-rey-de-las-cenizas\/","url":"https:\/\/elregionalvm.com.ar\/noticias-villa-maria\/miradas-el-rey-de-las-cenizas\/","name":"[Miradas] El Rey de las Cenizas... - El Regional","isPartOf":{"@id":"http:\/\/elregionalvm.com.ar\/noticias-villa-maria\/#website"},"primaryImageOfPage":{"@id":"https:\/\/elregionalvm.com.ar\/noticias-villa-maria\/miradas-el-rey-de-las-cenizas\/#primaryimage"},"image":{"@id":"https:\/\/elregionalvm.com.ar\/noticias-villa-maria\/miradas-el-rey-de-las-cenizas\/#primaryimage"},"thumbnailUrl":"https:\/\/i0.wp.com\/elregionalvm.com.ar\/noticias-villa-maria\/wp-content\/uploads\/2025\/08\/Rey-de-las-cenizas-milei.jpg?fit=905%2C510&ssl=1","datePublished":"2025-08-14T21:27:29+00:00","dateModified":"2025-08-21T23:45:58+00:00","author":{"@id":"http:\/\/elregionalvm.com.ar\/noticias-villa-maria\/#\/schema\/person\/a0fb9c422317faca23d50163151bc354"},"breadcrumb":{"@id":"https:\/\/elregionalvm.com.ar\/noticias-villa-maria\/miradas-el-rey-de-las-cenizas\/#breadcrumb"},"inLanguage":"es","potentialAction":[{"@type":"ReadAction","target":["https:\/\/elregionalvm.com.ar\/noticias-villa-maria\/miradas-el-rey-de-las-cenizas\/"]}]},{"@type":"ImageObject","inLanguage":"es","@id":"https:\/\/elregionalvm.com.ar\/noticias-villa-maria\/miradas-el-rey-de-las-cenizas\/#primaryimage","url":"https:\/\/i0.wp.com\/elregionalvm.com.ar\/noticias-villa-maria\/wp-content\/uploads\/2025\/08\/Rey-de-las-cenizas-milei.jpg?fit=905%2C510&ssl=1","contentUrl":"https:\/\/i0.wp.com\/elregionalvm.com.ar\/noticias-villa-maria\/wp-content\/uploads\/2025\/08\/Rey-de-las-cenizas-milei.jpg?fit=905%2C510&ssl=1","width":905,"height":510},{"@type":"BreadcrumbList","@id":"https:\/\/elregionalvm.com.ar\/noticias-villa-maria\/miradas-el-rey-de-las-cenizas\/#breadcrumb","itemListElement":[{"@type":"ListItem","position":1,"name":"Portada","item":"https:\/\/elregionalvm.com.ar\/noticias-villa-maria\/"},{"@type":"ListItem","position":2,"name":"[Miradas] El Rey de las Cenizas&#8230;"}]},{"@type":"WebSite","@id":"http:\/\/elregionalvm.com.ar\/noticias-villa-maria\/#website","url":"http:\/\/elregionalvm.com.ar\/noticias-villa-maria\/","name":"El Regional","description":"Mucho m\u00e1s que informaci\u00f3n","potentialAction":[{"@type":"SearchAction","target":{"@type":"EntryPoint","urlTemplate":"http:\/\/elregionalvm.com.ar\/noticias-villa-maria\/?s={search_term_string}"},"query-input":{"@type":"PropertyValueSpecification","valueRequired":true,"valueName":"search_term_string"}}],"inLanguage":"es"},{"@type":"Person","@id":"http:\/\/elregionalvm.com.ar\/noticias-villa-maria\/#\/schema\/person\/a0fb9c422317faca23d50163151bc354","name":"Contenidos El Regional","image":{"@type":"ImageObject","inLanguage":"es","@id":"http:\/\/elregionalvm.com.ar\/noticias-villa-maria\/#\/schema\/person\/image\/","url":"https:\/\/secure.gravatar.com\/avatar\/265b27cb2209af7bb3a1318f03305787d7981a5cc6e6cd08fe5a4ecdf99d4b48?s=96&d=mm&r=g","contentUrl":"https:\/\/secure.gravatar.com\/avatar\/265b27cb2209af7bb3a1318f03305787d7981a5cc6e6cd08fe5a4ecdf99d4b48?s=96&d=mm&r=g","caption":"Contenidos El Regional"},"url":"https:\/\/elregionalvm.com.ar\/noticias-villa-maria\/author\/contenido\/"}]}},"jetpack_featured_media_url":"https:\/\/i0.wp.com\/elregionalvm.com.ar\/noticias-villa-maria\/wp-content\/uploads\/2025\/08\/Rey-de-las-cenizas-milei.jpg?fit=905%2C510&ssl=1","jetpack_sharing_enabled":true,"_links":{"self":[{"href":"https:\/\/elregionalvm.com.ar\/noticias-villa-maria\/wp-json\/wp\/v2\/posts\/109029","targetHints":{"allow":["GET"]}}],"collection":[{"href":"https:\/\/elregionalvm.com.ar\/noticias-villa-maria\/wp-json\/wp\/v2\/posts"}],"about":[{"href":"https:\/\/elregionalvm.com.ar\/noticias-villa-maria\/wp-json\/wp\/v2\/types\/post"}],"author":[{"embeddable":true,"href":"https:\/\/elregionalvm.com.ar\/noticias-villa-maria\/wp-json\/wp\/v2\/users\/4"}],"replies":[{"embeddable":true,"href":"https:\/\/elregionalvm.com.ar\/noticias-villa-maria\/wp-json\/wp\/v2\/comments?post=109029"}],"version-history":[{"count":1,"href":"https:\/\/elregionalvm.com.ar\/noticias-villa-maria\/wp-json\/wp\/v2\/posts\/109029\/revisions"}],"predecessor-version":[{"id":109031,"href":"https:\/\/elregionalvm.com.ar\/noticias-villa-maria\/wp-json\/wp\/v2\/posts\/109029\/revisions\/109031"}],"wp:featuredmedia":[{"embeddable":true,"href":"https:\/\/elregionalvm.com.ar\/noticias-villa-maria\/wp-json\/wp\/v2\/media\/109030"}],"wp:attachment":[{"href":"https:\/\/elregionalvm.com.ar\/noticias-villa-maria\/wp-json\/wp\/v2\/media?parent=109029"}],"wp:term":[{"taxonomy":"category","embeddable":true,"href":"https:\/\/elregionalvm.com.ar\/noticias-villa-maria\/wp-json\/wp\/v2\/categories?post=109029"},{"taxonomy":"post_tag","embeddable":true,"href":"https:\/\/elregionalvm.com.ar\/noticias-villa-maria\/wp-json\/wp\/v2\/tags?post=109029"}],"curies":[{"name":"wp","href":"https:\/\/api.w.org\/{rel}","templated":true}]}}