{"id":109194,"date":"2025-08-21T23:43:28","date_gmt":"2025-08-21T23:43:28","guid":{"rendered":"https:\/\/elregionalvm.com.ar\/noticias-villa-maria\/?p=109194"},"modified":"2025-08-22T21:56:40","modified_gmt":"2025-08-22T21:56:40","slug":"argentinadas-sobre-peques-e-infancias-educando-a-los-grandotes","status":"publish","type":"post","link":"https:\/\/elregionalvm.com.ar\/noticias-villa-maria\/argentinadas-sobre-peques-e-infancias-educando-a-los-grandotes\/","title":{"rendered":"[Argentinadas] Sobre peques e infancias: educando a los grandotes"},"content":{"rendered":"\n<h3 class=\"wp-block-heading\"><strong>Que <\/strong>\u00ab<em style=\"font-weight: bold;\">los chicos de hoy son m\u00e1s despiertos que los de antes\u00bb<\/em><b>,<\/b><em><b> \u00abhay que ver c\u00f3mo manejan el celular<\/b>\u00ab<\/em><strong>, <em>\u00abc\u00f3mo usan las redes sociales y encuentran lo que quieren\u201d<\/em>; <em>\u201clos chicos de hoy elijen qu\u00e9 hacer y cu\u00e1ndo\u201d<\/em>.<em> \u201cA los dos a\u00f1os entienden todo, te dicen qu\u00e9 hacer, mandonean como adultos, exigen\u201d <\/em>\u2026<\/strong><\/h3>\n\n\n\n<p><\/p>\n\n\n\n<p><strong>Escribe: Raquel Baratelli<\/strong><\/p>\n\n\n\n<p><\/p>\n\n\n\n<p>A ver, viejos, dej\u00e9monos de tanto biribiri, los peques de hoy, de ayer y de siempre fueron, son y ser\u00e1n muy despiertos, es que est\u00e1n creciendo y sus neuronas van a mil por hora. Como cachorros que son, tienen que entender lo que pasa a su alrededor, desarrollar sus capacidades y adquirir habilidades que les permitan crecer y vivir en este mundo. \u00bfC\u00f3mo lo hacen? principalmente imitando a quienes est\u00e1n a su alrededor. <\/p>\n\n\n\n<p>Aprender a caminar, a hablar, a compartir, a lidiar con las emociones, a expresarse, por natural y l\u00f3gico que parezca, no es moco de pavo. Y aunque vos no te acuerdes, todos pasamos por lo mismo. Dicho esto, los adultos debemos entender que<strong> educar es estimular y acompa\u00f1ar el desarrollo de los ni\u00f1os; <\/strong>que el desarrollo es din\u00e1mico y que la primera y mejor herramienta para estimularlo es el juego. <\/p>\n\n\n\n<figure class=\"wp-block-image size-full\"><img data-recalc-dims=\"1\" fetchpriority=\"high\" decoding=\"async\" width=\"950\" height=\"594\" src=\"https:\/\/i0.wp.com\/elregionalvm.com.ar\/noticias-villa-maria\/wp-content\/uploads\/2025\/08\/nino-celu.jpg?resize=950%2C594&#038;ssl=1\" alt=\"\" class=\"wp-image-109199\" srcset=\"https:\/\/i0.wp.com\/elregionalvm.com.ar\/noticias-villa-maria\/wp-content\/uploads\/2025\/08\/nino-celu.jpg?w=950&amp;ssl=1 950w, https:\/\/i0.wp.com\/elregionalvm.com.ar\/noticias-villa-maria\/wp-content\/uploads\/2025\/08\/nino-celu.jpg?resize=300%2C188&amp;ssl=1 300w, https:\/\/i0.wp.com\/elregionalvm.com.ar\/noticias-villa-maria\/wp-content\/uploads\/2025\/08\/nino-celu.jpg?resize=768%2C480&amp;ssl=1 768w\" sizes=\"(max-width: 950px) 100vw, 950px\" \/><\/figure>\n\n\n\n<p><\/p>\n\n\n\n<p>Jugar es experimentar, descubrir, inventar, crear, resolver y sobre todo aprender. <strong>\u201cAdultizar\u201d la infancia creyendo que a los dos o tres a\u00f1os, un peque ya tiene la autodeterminaci\u00f3n suficiente para decidir sobre aspectos de su vida<\/strong> porque lo vemos m\u00e1s inteligente frente a las pantallas, es desligarse de la responsabilidad que nos toca como adultos.<\/p>\n\n\n\n<p>Resultar\u00e1 c\u00f3modo darles un celular y permitir que se pierdan en las pantallas y los teclados, imit\u00e1ndote, as\u00ed est\u00e1n quietos, comen lo que les des y no hacen ruido, tampoco desarrollan empat\u00eda ni inter\u00e9s por los dem\u00e1s, no adquieren autonom\u00eda, ni desarrollan el lenguaje correctamente; tampoco canalizan sus emociones ni resuelven situaciones a su manera. <\/p>\n\n\n\n<figure class=\"wp-block-image size-full\"><img data-recalc-dims=\"1\" decoding=\"async\" width=\"950\" height=\"594\" src=\"https:\/\/i0.wp.com\/elregionalvm.com.ar\/noticias-villa-maria\/wp-content\/uploads\/2025\/08\/nino-apatico.jpg?resize=950%2C594&#038;ssl=1\" alt=\"\" class=\"wp-image-109202\" srcset=\"https:\/\/i0.wp.com\/elregionalvm.com.ar\/noticias-villa-maria\/wp-content\/uploads\/2025\/08\/nino-apatico.jpg?w=950&amp;ssl=1 950w, https:\/\/i0.wp.com\/elregionalvm.com.ar\/noticias-villa-maria\/wp-content\/uploads\/2025\/08\/nino-apatico.jpg?resize=300%2C188&amp;ssl=1 300w, https:\/\/i0.wp.com\/elregionalvm.com.ar\/noticias-villa-maria\/wp-content\/uploads\/2025\/08\/nino-apatico.jpg?resize=768%2C480&amp;ssl=1 768w\" sizes=\"(max-width: 950px) 100vw, 950px\" \/><\/figure>\n\n\n\n<p><\/p>\n\n\n\n<p>Las redes y las pantallas, lejos de favorecer el crecimiento, impiden el desarrollo de las capacidades intelectuales, motrices y emocionales propias, obstaculizan la adquisici\u00f3n y el entrenamiento de habilidades sociales, d\u00e1ndoles un falso sentido de bienestar. O sea, viejo,<strong> c\u00f3mo explicarte que los chicos merecen algo mejor que nuestra inacci\u00f3n, <\/strong>el sedentarismo f\u00edsico y el estancamiento mental que promueven las pantallas.<\/p>\n\n\n\n<p><\/p>\n\n\n\n<p><\/p>\n","protected":false},"excerpt":{"rendered":"<p>Que \u00ablos chicos de hoy son m\u00e1s despiertos que los de antes\u00bb, \u00abhay que ver c\u00f3mo manejan el celular\u00ab, \u00abc\u00f3mo usan las redes sociales y encuentran lo que quieren\u201d; \u201clos chicos de hoy elijen qu\u00e9 hacer y cu\u00e1ndo\u201d. \u201cA los dos a\u00f1os entienden todo, te dicen qu\u00e9 hacer, mandonean como adultos, exigen\u201d \u2026 Escribe: Raquel [&hellip;]<\/p>\n","protected":false},"author":3,"featured_media":109198,"comment_status":"open","ping_status":"open","sticky":false,"template":"","format":"standard","meta":{"site-sidebar-layout":"default","site-content-layout":"","ast-site-content-layout":"default","site-content-style":"default","site-sidebar-style":"default","ast-global-header-display":"","ast-banner-title-visibility":"","ast-main-header-display":"","ast-hfb-above-header-display":"","ast-hfb-below-header-display":"","ast-hfb-mobile-header-display":"","site-post-title":"","ast-breadcrumbs-content":"","ast-featured-img":"","footer-sml-layout":"","ast-disable-related-posts":"","theme-transparent-header-meta":"","adv-header-id-meta":"","stick-header-meta":"","header-above-stick-meta":"","header-main-stick-meta":"","header-below-stick-meta":"","astra-migrate-meta-layouts":"set","ast-page-background-enabled":"default","ast-page-background-meta":{"desktop":{"background-color":"","background-image":"","background-repeat":"repeat","background-position":"center center","background-size":"auto","background-attachment":"scroll","background-type":"","background-media":"","overlay-type":"","overlay-color":"","overlay-opacity":"","overlay-gradient":""},"tablet":{"background-color":"","background-image":"","background-repeat":"repeat","background-position":"center center","background-size":"auto","background-attachment":"scroll","background-type":"","background-media":"","overlay-type":"","overlay-color":"","overlay-opacity":"","overlay-gradient":""},"mobile":{"background-color":"","background-image":"","background-repeat":"repeat","background-position":"center center","background-size":"auto","background-attachment":"scroll","background-type":"","background-media":"","overlay-type":"","overlay-color":"","overlay-opacity":"","overlay-gradient":""}},"ast-content-background-meta":{"desktop":{"background-color":"var(--ast-global-color-5)","background-image":"","background-repeat":"repeat","background-position":"center center","background-size":"auto","background-attachment":"scroll","background-type":"","background-media":"","overlay-type":"","overlay-color":"","overlay-opacity":"","overlay-gradient":""},"tablet":{"background-color":"var(--ast-global-color-5)","background-image":"","background-repeat":"repeat","background-position":"center center","background-size":"auto","background-attachment":"scroll","background-type":"","background-media":"","overlay-type":"","overlay-color":"","overlay-opacity":"","overlay-gradient":""},"mobile":{"background-color":"var(--ast-global-color-5)","background-image":"","background-repeat":"repeat","background-position":"center center","background-size":"auto","background-attachment":"scroll","background-type":"","background-media":"","overlay-type":"","overlay-color":"","overlay-opacity":"","overlay-gradient":""}},"_jetpack_memberships_contains_paid_content":false,"_joinchat":[],"footnotes":""},"categories":[2323,365],"tags":[25145,14880,25144,25143,2744],"class_list":["post-109194","post","type-post","status-publish","format-standard","has-post-thumbnail","hentry","category-notas-secundarias","category-opinion","tag-adultizar","tag-argentinadas","tag-ninos-adultos","tag-ninos-pantallas","tag-pantallas"],"yoast_head":"<!-- This site is optimized with the Yoast SEO plugin v26.8 - https:\/\/yoast.com\/product\/yoast-seo-wordpress\/ -->\n<title>[Argentinadas] Sobre peques e infancias: educando a los grandotes - El Regional<\/title>\n<meta name=\"robots\" content=\"index, follow, max-snippet:-1, max-image-preview:large, max-video-preview:-1\" \/>\n<link rel=\"canonical\" href=\"https:\/\/elregionalvm.com.ar\/noticias-villa-maria\/argentinadas-sobre-peques-e-infancias-educando-a-los-grandotes\/\" \/>\n<meta property=\"og:locale\" content=\"es_ES\" \/>\n<meta property=\"og:type\" content=\"article\" \/>\n<meta property=\"og:title\" content=\"[Argentinadas] Sobre peques e infancias: educando a los grandotes - El Regional\" \/>\n<meta property=\"og:description\" content=\"Que \u00ablos chicos de hoy son m\u00e1s despiertos que los de antes\u00bb, \u00abhay que ver c\u00f3mo manejan el celular\u00ab, \u00abc\u00f3mo usan las redes sociales y encuentran lo que quieren\u201d; \u201clos chicos de hoy elijen qu\u00e9 hacer y cu\u00e1ndo\u201d. \u201cA los dos a\u00f1os entienden todo, te dicen qu\u00e9 hacer, mandonean como adultos, exigen\u201d \u2026 Escribe: Raquel [&hellip;]\" \/>\n<meta property=\"og:url\" content=\"https:\/\/elregionalvm.com.ar\/noticias-villa-maria\/argentinadas-sobre-peques-e-infancias-educando-a-los-grandotes\/\" \/>\n<meta property=\"og:site_name\" content=\"El Regional\" \/>\n<meta property=\"article:publisher\" content=\"https:\/\/www.facebook.com\/elregionalvm\" \/>\n<meta property=\"article:published_time\" content=\"2025-08-21T23:43:28+00:00\" \/>\n<meta property=\"article:modified_time\" content=\"2025-08-22T21:56:40+00:00\" \/>\n<meta property=\"og:image\" content=\"https:\/\/elregionalvm.com.ar\/noticias-villa-maria\/wp-content\/uploads\/2025\/08\/hombre.jpg\" \/>\n\t<meta property=\"og:image:width\" content=\"950\" \/>\n\t<meta property=\"og:image:height\" content=\"594\" \/>\n\t<meta property=\"og:image:type\" content=\"image\/jpeg\" \/>\n<meta name=\"author\" content=\"Veronica Falvo\" \/>\n<meta name=\"twitter:card\" content=\"summary_large_image\" \/>\n<meta name=\"twitter:creator\" content=\"@elregionalvm1\" \/>\n<meta name=\"twitter:site\" content=\"@elregionalvm1\" \/>\n<meta name=\"twitter:label1\" content=\"Escrito por\" \/>\n\t<meta name=\"twitter:data1\" content=\"Veronica Falvo\" \/>\n\t<meta name=\"twitter:label2\" content=\"Tiempo de lectura\" \/>\n\t<meta name=\"twitter:data2\" content=\"3 minutos\" \/>\n<script type=\"application\/ld+json\" class=\"yoast-schema-graph\">{\"@context\":\"https:\/\/schema.org\",\"@graph\":[{\"@type\":\"Article\",\"@id\":\"https:\/\/elregionalvm.com.ar\/noticias-villa-maria\/argentinadas-sobre-peques-e-infancias-educando-a-los-grandotes\/#article\",\"isPartOf\":{\"@id\":\"https:\/\/elregionalvm.com.ar\/noticias-villa-maria\/argentinadas-sobre-peques-e-infancias-educando-a-los-grandotes\/\"},\"author\":{\"name\":\"Veronica Falvo\",\"@id\":\"http:\/\/elregionalvm.com.ar\/noticias-villa-maria\/#\/schema\/person\/ae71d64bef3ad6e85b26323055676144\"},\"headline\":\"[Argentinadas] Sobre peques e infancias: educando a los grandotes\",\"datePublished\":\"2025-08-21T23:43:28+00:00\",\"dateModified\":\"2025-08-22T21:56:40+00:00\",\"mainEntityOfPage\":{\"@id\":\"https:\/\/elregionalvm.com.ar\/noticias-villa-maria\/argentinadas-sobre-peques-e-infancias-educando-a-los-grandotes\/\"},\"wordCount\":407,\"commentCount\":0,\"image\":{\"@id\":\"https:\/\/elregionalvm.com.ar\/noticias-villa-maria\/argentinadas-sobre-peques-e-infancias-educando-a-los-grandotes\/#primaryimage\"},\"thumbnailUrl\":\"https:\/\/i0.wp.com\/elregionalvm.com.ar\/noticias-villa-maria\/wp-content\/uploads\/2025\/08\/hombre.jpg?fit=950%2C594&ssl=1\",\"keywords\":[\"adultizar\",\"argentinadas\",\"ni\u00f1os adultos\",\"ni\u00f1os pantallas\",\"pantallas\"],\"articleSection\":[\"Notas\",\"Opini\u00f3n\"],\"inLanguage\":\"es\",\"potentialAction\":[{\"@type\":\"CommentAction\",\"name\":\"Comment\",\"target\":[\"https:\/\/elregionalvm.com.ar\/noticias-villa-maria\/argentinadas-sobre-peques-e-infancias-educando-a-los-grandotes\/#respond\"]}]},{\"@type\":\"WebPage\",\"@id\":\"https:\/\/elregionalvm.com.ar\/noticias-villa-maria\/argentinadas-sobre-peques-e-infancias-educando-a-los-grandotes\/\",\"url\":\"https:\/\/elregionalvm.com.ar\/noticias-villa-maria\/argentinadas-sobre-peques-e-infancias-educando-a-los-grandotes\/\",\"name\":\"[Argentinadas] Sobre peques e infancias: educando a los grandotes - El Regional\",\"isPartOf\":{\"@id\":\"http:\/\/elregionalvm.com.ar\/noticias-villa-maria\/#website\"},\"primaryImageOfPage\":{\"@id\":\"https:\/\/elregionalvm.com.ar\/noticias-villa-maria\/argentinadas-sobre-peques-e-infancias-educando-a-los-grandotes\/#primaryimage\"},\"image\":{\"@id\":\"https:\/\/elregionalvm.com.ar\/noticias-villa-maria\/argentinadas-sobre-peques-e-infancias-educando-a-los-grandotes\/#primaryimage\"},\"thumbnailUrl\":\"https:\/\/i0.wp.com\/elregionalvm.com.ar\/noticias-villa-maria\/wp-content\/uploads\/2025\/08\/hombre.jpg?fit=950%2C594&ssl=1\",\"datePublished\":\"2025-08-21T23:43:28+00:00\",\"dateModified\":\"2025-08-22T21:56:40+00:00\",\"author\":{\"@id\":\"http:\/\/elregionalvm.com.ar\/noticias-villa-maria\/#\/schema\/person\/ae71d64bef3ad6e85b26323055676144\"},\"breadcrumb\":{\"@id\":\"https:\/\/elregionalvm.com.ar\/noticias-villa-maria\/argentinadas-sobre-peques-e-infancias-educando-a-los-grandotes\/#breadcrumb\"},\"inLanguage\":\"es\",\"potentialAction\":[{\"@type\":\"ReadAction\",\"target\":[\"https:\/\/elregionalvm.com.ar\/noticias-villa-maria\/argentinadas-sobre-peques-e-infancias-educando-a-los-grandotes\/\"]}]},{\"@type\":\"ImageObject\",\"inLanguage\":\"es\",\"@id\":\"https:\/\/elregionalvm.com.ar\/noticias-villa-maria\/argentinadas-sobre-peques-e-infancias-educando-a-los-grandotes\/#primaryimage\",\"url\":\"https:\/\/i0.wp.com\/elregionalvm.com.ar\/noticias-villa-maria\/wp-content\/uploads\/2025\/08\/hombre.jpg?fit=950%2C594&ssl=1\",\"contentUrl\":\"https:\/\/i0.wp.com\/elregionalvm.com.ar\/noticias-villa-maria\/wp-content\/uploads\/2025\/08\/hombre.jpg?fit=950%2C594&ssl=1\",\"width\":950,\"height\":594},{\"@type\":\"BreadcrumbList\",\"@id\":\"https:\/\/elregionalvm.com.ar\/noticias-villa-maria\/argentinadas-sobre-peques-e-infancias-educando-a-los-grandotes\/#breadcrumb\",\"itemListElement\":[{\"@type\":\"ListItem\",\"position\":1,\"name\":\"Portada\",\"item\":\"https:\/\/elregionalvm.com.ar\/noticias-villa-maria\/\"},{\"@type\":\"ListItem\",\"position\":2,\"name\":\"[Argentinadas] Sobre peques e infancias: educando a los grandotes\"}]},{\"@type\":\"WebSite\",\"@id\":\"http:\/\/elregionalvm.com.ar\/noticias-villa-maria\/#website\",\"url\":\"http:\/\/elregionalvm.com.ar\/noticias-villa-maria\/\",\"name\":\"El Regional\",\"description\":\"Mucho m\u00e1s que informaci\u00f3n\",\"potentialAction\":[{\"@type\":\"SearchAction\",\"target\":{\"@type\":\"EntryPoint\",\"urlTemplate\":\"http:\/\/elregionalvm.com.ar\/noticias-villa-maria\/?s={search_term_string}\"},\"query-input\":{\"@type\":\"PropertyValueSpecification\",\"valueRequired\":true,\"valueName\":\"search_term_string\"}}],\"inLanguage\":\"es\"},{\"@type\":\"Person\",\"@id\":\"http:\/\/elregionalvm.com.ar\/noticias-villa-maria\/#\/schema\/person\/ae71d64bef3ad6e85b26323055676144\",\"name\":\"Veronica Falvo\",\"image\":{\"@type\":\"ImageObject\",\"inLanguage\":\"es\",\"@id\":\"http:\/\/elregionalvm.com.ar\/noticias-villa-maria\/#\/schema\/person\/image\/\",\"url\":\"https:\/\/secure.gravatar.com\/avatar\/2316ded45cb7100980f0e3e93676d541d67eb923e00794e395aa9b95fad3171d?s=96&d=mm&r=g\",\"contentUrl\":\"https:\/\/secure.gravatar.com\/avatar\/2316ded45cb7100980f0e3e93676d541d67eb923e00794e395aa9b95fad3171d?s=96&d=mm&r=g\",\"caption\":\"Veronica Falvo\"},\"url\":\"https:\/\/elregionalvm.com.ar\/noticias-villa-maria\/author\/veronica\/\"}]}<\/script>\n<!-- \/ Yoast SEO plugin. -->","yoast_head_json":{"title":"[Argentinadas] Sobre peques e infancias: educando a los grandotes - El Regional","robots":{"index":"index","follow":"follow","max-snippet":"max-snippet:-1","max-image-preview":"max-image-preview:large","max-video-preview":"max-video-preview:-1"},"canonical":"https:\/\/elregionalvm.com.ar\/noticias-villa-maria\/argentinadas-sobre-peques-e-infancias-educando-a-los-grandotes\/","og_locale":"es_ES","og_type":"article","og_title":"[Argentinadas] Sobre peques e infancias: educando a los grandotes - El Regional","og_description":"Que \u00ablos chicos de hoy son m\u00e1s despiertos que los de antes\u00bb, \u00abhay que ver c\u00f3mo manejan el celular\u00ab, \u00abc\u00f3mo usan las redes sociales y encuentran lo que quieren\u201d; \u201clos chicos de hoy elijen qu\u00e9 hacer y cu\u00e1ndo\u201d. \u201cA los dos a\u00f1os entienden todo, te dicen qu\u00e9 hacer, mandonean como adultos, exigen\u201d \u2026 Escribe: Raquel [&hellip;]","og_url":"https:\/\/elregionalvm.com.ar\/noticias-villa-maria\/argentinadas-sobre-peques-e-infancias-educando-a-los-grandotes\/","og_site_name":"El Regional","article_publisher":"https:\/\/www.facebook.com\/elregionalvm","article_published_time":"2025-08-21T23:43:28+00:00","article_modified_time":"2025-08-22T21:56:40+00:00","og_image":[{"width":950,"height":594,"url":"https:\/\/elregionalvm.com.ar\/noticias-villa-maria\/wp-content\/uploads\/2025\/08\/hombre.jpg","type":"image\/jpeg"}],"author":"Veronica Falvo","twitter_card":"summary_large_image","twitter_creator":"@elregionalvm1","twitter_site":"@elregionalvm1","twitter_misc":{"Escrito por":"Veronica Falvo","Tiempo de lectura":"3 minutos"},"schema":{"@context":"https:\/\/schema.org","@graph":[{"@type":"Article","@id":"https:\/\/elregionalvm.com.ar\/noticias-villa-maria\/argentinadas-sobre-peques-e-infancias-educando-a-los-grandotes\/#article","isPartOf":{"@id":"https:\/\/elregionalvm.com.ar\/noticias-villa-maria\/argentinadas-sobre-peques-e-infancias-educando-a-los-grandotes\/"},"author":{"name":"Veronica Falvo","@id":"http:\/\/elregionalvm.com.ar\/noticias-villa-maria\/#\/schema\/person\/ae71d64bef3ad6e85b26323055676144"},"headline":"[Argentinadas] Sobre peques e infancias: educando a los grandotes","datePublished":"2025-08-21T23:43:28+00:00","dateModified":"2025-08-22T21:56:40+00:00","mainEntityOfPage":{"@id":"https:\/\/elregionalvm.com.ar\/noticias-villa-maria\/argentinadas-sobre-peques-e-infancias-educando-a-los-grandotes\/"},"wordCount":407,"commentCount":0,"image":{"@id":"https:\/\/elregionalvm.com.ar\/noticias-villa-maria\/argentinadas-sobre-peques-e-infancias-educando-a-los-grandotes\/#primaryimage"},"thumbnailUrl":"https:\/\/i0.wp.com\/elregionalvm.com.ar\/noticias-villa-maria\/wp-content\/uploads\/2025\/08\/hombre.jpg?fit=950%2C594&ssl=1","keywords":["adultizar","argentinadas","ni\u00f1os adultos","ni\u00f1os pantallas","pantallas"],"articleSection":["Notas","Opini\u00f3n"],"inLanguage":"es","potentialAction":[{"@type":"CommentAction","name":"Comment","target":["https:\/\/elregionalvm.com.ar\/noticias-villa-maria\/argentinadas-sobre-peques-e-infancias-educando-a-los-grandotes\/#respond"]}]},{"@type":"WebPage","@id":"https:\/\/elregionalvm.com.ar\/noticias-villa-maria\/argentinadas-sobre-peques-e-infancias-educando-a-los-grandotes\/","url":"https:\/\/elregionalvm.com.ar\/noticias-villa-maria\/argentinadas-sobre-peques-e-infancias-educando-a-los-grandotes\/","name":"[Argentinadas] Sobre peques e infancias: educando a los grandotes - El Regional","isPartOf":{"@id":"http:\/\/elregionalvm.com.ar\/noticias-villa-maria\/#website"},"primaryImageOfPage":{"@id":"https:\/\/elregionalvm.com.ar\/noticias-villa-maria\/argentinadas-sobre-peques-e-infancias-educando-a-los-grandotes\/#primaryimage"},"image":{"@id":"https:\/\/elregionalvm.com.ar\/noticias-villa-maria\/argentinadas-sobre-peques-e-infancias-educando-a-los-grandotes\/#primaryimage"},"thumbnailUrl":"https:\/\/i0.wp.com\/elregionalvm.com.ar\/noticias-villa-maria\/wp-content\/uploads\/2025\/08\/hombre.jpg?fit=950%2C594&ssl=1","datePublished":"2025-08-21T23:43:28+00:00","dateModified":"2025-08-22T21:56:40+00:00","author":{"@id":"http:\/\/elregionalvm.com.ar\/noticias-villa-maria\/#\/schema\/person\/ae71d64bef3ad6e85b26323055676144"},"breadcrumb":{"@id":"https:\/\/elregionalvm.com.ar\/noticias-villa-maria\/argentinadas-sobre-peques-e-infancias-educando-a-los-grandotes\/#breadcrumb"},"inLanguage":"es","potentialAction":[{"@type":"ReadAction","target":["https:\/\/elregionalvm.com.ar\/noticias-villa-maria\/argentinadas-sobre-peques-e-infancias-educando-a-los-grandotes\/"]}]},{"@type":"ImageObject","inLanguage":"es","@id":"https:\/\/elregionalvm.com.ar\/noticias-villa-maria\/argentinadas-sobre-peques-e-infancias-educando-a-los-grandotes\/#primaryimage","url":"https:\/\/i0.wp.com\/elregionalvm.com.ar\/noticias-villa-maria\/wp-content\/uploads\/2025\/08\/hombre.jpg?fit=950%2C594&ssl=1","contentUrl":"https:\/\/i0.wp.com\/elregionalvm.com.ar\/noticias-villa-maria\/wp-content\/uploads\/2025\/08\/hombre.jpg?fit=950%2C594&ssl=1","width":950,"height":594},{"@type":"BreadcrumbList","@id":"https:\/\/elregionalvm.com.ar\/noticias-villa-maria\/argentinadas-sobre-peques-e-infancias-educando-a-los-grandotes\/#breadcrumb","itemListElement":[{"@type":"ListItem","position":1,"name":"Portada","item":"https:\/\/elregionalvm.com.ar\/noticias-villa-maria\/"},{"@type":"ListItem","position":2,"name":"[Argentinadas] Sobre peques e infancias: educando a los grandotes"}]},{"@type":"WebSite","@id":"http:\/\/elregionalvm.com.ar\/noticias-villa-maria\/#website","url":"http:\/\/elregionalvm.com.ar\/noticias-villa-maria\/","name":"El Regional","description":"Mucho m\u00e1s que informaci\u00f3n","potentialAction":[{"@type":"SearchAction","target":{"@type":"EntryPoint","urlTemplate":"http:\/\/elregionalvm.com.ar\/noticias-villa-maria\/?s={search_term_string}"},"query-input":{"@type":"PropertyValueSpecification","valueRequired":true,"valueName":"search_term_string"}}],"inLanguage":"es"},{"@type":"Person","@id":"http:\/\/elregionalvm.com.ar\/noticias-villa-maria\/#\/schema\/person\/ae71d64bef3ad6e85b26323055676144","name":"Veronica Falvo","image":{"@type":"ImageObject","inLanguage":"es","@id":"http:\/\/elregionalvm.com.ar\/noticias-villa-maria\/#\/schema\/person\/image\/","url":"https:\/\/secure.gravatar.com\/avatar\/2316ded45cb7100980f0e3e93676d541d67eb923e00794e395aa9b95fad3171d?s=96&d=mm&r=g","contentUrl":"https:\/\/secure.gravatar.com\/avatar\/2316ded45cb7100980f0e3e93676d541d67eb923e00794e395aa9b95fad3171d?s=96&d=mm&r=g","caption":"Veronica Falvo"},"url":"https:\/\/elregionalvm.com.ar\/noticias-villa-maria\/author\/veronica\/"}]}},"jetpack_featured_media_url":"https:\/\/i0.wp.com\/elregionalvm.com.ar\/noticias-villa-maria\/wp-content\/uploads\/2025\/08\/hombre.jpg?fit=950%2C594&ssl=1","jetpack_sharing_enabled":true,"_links":{"self":[{"href":"https:\/\/elregionalvm.com.ar\/noticias-villa-maria\/wp-json\/wp\/v2\/posts\/109194","targetHints":{"allow":["GET"]}}],"collection":[{"href":"https:\/\/elregionalvm.com.ar\/noticias-villa-maria\/wp-json\/wp\/v2\/posts"}],"about":[{"href":"https:\/\/elregionalvm.com.ar\/noticias-villa-maria\/wp-json\/wp\/v2\/types\/post"}],"author":[{"embeddable":true,"href":"https:\/\/elregionalvm.com.ar\/noticias-villa-maria\/wp-json\/wp\/v2\/users\/3"}],"replies":[{"embeddable":true,"href":"https:\/\/elregionalvm.com.ar\/noticias-villa-maria\/wp-json\/wp\/v2\/comments?post=109194"}],"version-history":[{"count":7,"href":"https:\/\/elregionalvm.com.ar\/noticias-villa-maria\/wp-json\/wp\/v2\/posts\/109194\/revisions"}],"predecessor-version":[{"id":109205,"href":"https:\/\/elregionalvm.com.ar\/noticias-villa-maria\/wp-json\/wp\/v2\/posts\/109194\/revisions\/109205"}],"wp:featuredmedia":[{"embeddable":true,"href":"https:\/\/elregionalvm.com.ar\/noticias-villa-maria\/wp-json\/wp\/v2\/media\/109198"}],"wp:attachment":[{"href":"https:\/\/elregionalvm.com.ar\/noticias-villa-maria\/wp-json\/wp\/v2\/media?parent=109194"}],"wp:term":[{"taxonomy":"category","embeddable":true,"href":"https:\/\/elregionalvm.com.ar\/noticias-villa-maria\/wp-json\/wp\/v2\/categories?post=109194"},{"taxonomy":"post_tag","embeddable":true,"href":"https:\/\/elregionalvm.com.ar\/noticias-villa-maria\/wp-json\/wp\/v2\/tags?post=109194"}],"curies":[{"name":"wp","href":"https:\/\/api.w.org\/{rel}","templated":true}]}}