{"id":109618,"date":"2025-09-01T00:49:09","date_gmt":"2025-09-01T00:49:09","guid":{"rendered":"https:\/\/elregionalvm.com.ar\/noticias-villa-maria\/?p=109618"},"modified":"2025-09-03T22:09:38","modified_gmt":"2025-09-03T22:09:38","slug":"opinion-la-nacion-y-la-provincia-de-cordoba-deben-cumplir-los-cupos-laborales-para-las-personas-con-discapacidad","status":"publish","type":"post","link":"https:\/\/elregionalvm.com.ar\/noticias-villa-maria\/opinion-la-nacion-y-la-provincia-de-cordoba-deben-cumplir-los-cupos-laborales-para-las-personas-con-discapacidad\/","title":{"rendered":"[Opini\u00f3n] \u00abLa Naci\u00f3n y la Provincia de C\u00f3rdoba deben cumplir los cupos laborales para las personas con discapacidad\u00bb"},"content":{"rendered":"\n<h3 class=\"wp-block-heading\"><strong>Las personas con discapacidad tienen derecho a trabajar en el Estado y en sus distintas reparticiones, de conformidad a lo establecido en normativas de \u00edndole Internacional, de \u00edndole Constitucional, y en Leyes espec\u00edficas sobre esta materia.<\/strong><\/h3>\n\n\n\n<p><\/p>\n\n\n\n<p><strong>Escribe: Carlos Cafure (Abogado)<\/strong><\/p>\n\n\n\n<p><\/p>\n\n\n\n<p>A nivel internacional, se encuentra la Convenci\u00f3n sobre los Derechos de las Personas con Discapacidad.<\/p>\n\n\n\n<p>A nivel Constitucional, podemos citar al Art\u00edculo N\u00b0 16 de la Constituci\u00f3n Nacional, y tambi\u00e9n a los Art\u00edculos N\u00b0 27 y N\u00b0 54 de la Constituci\u00f3n de la provincia de C\u00f3rdoba.<\/p>\n\n\n\n<p>A nivel nacional, hay que se\u00f1alar la vigencia de la Ley N\u00ba 25.689, que es modificatoria de la Ley Nacional N\u00ba 22.431 (Sistema de Protecci\u00f3n General de los Discapacitados).<\/p>\n\n\n\n<p>En la provincia de C\u00f3rdoba, est\u00e1 la Ley Provincial N\u00ba 5.624 (R\u00e9gimen Especial de Protecci\u00f3n u Promoci\u00f3n Laboral de las Personas Disminuidas), y sus modificatorias.<\/p>\n\n\n\n<p>En la Rep\u00fablica Argentina en general y en la provincia de C\u00f3rdoba en particular, rige la obligaci\u00f3n de cumplir con estos marcos legales indicados; y garantizar el ingreso al Estado y a sus distintas dependencias, a aquellas personas con discapacidad que as\u00ed lo soliciten.<\/p>\n\n\n\n<p><\/p>\n\n\n\n<figure class=\"wp-block-image size-large\"><img data-recalc-dims=\"1\" fetchpriority=\"high\" decoding=\"async\" width=\"1024\" height=\"512\" src=\"https:\/\/i0.wp.com\/elregionalvm.com.ar\/noticias-villa-maria\/wp-content\/uploads\/2024\/11\/Discapacidad-cupo-laboral-ilustrativa.jpeg?resize=1024%2C512&#038;ssl=1\" alt=\"\" class=\"wp-image-100449\" srcset=\"https:\/\/i0.wp.com\/elregionalvm.com.ar\/noticias-villa-maria\/wp-content\/uploads\/2024\/11\/Discapacidad-cupo-laboral-ilustrativa.jpeg?resize=1024%2C512&amp;ssl=1 1024w, https:\/\/i0.wp.com\/elregionalvm.com.ar\/noticias-villa-maria\/wp-content\/uploads\/2024\/11\/Discapacidad-cupo-laboral-ilustrativa.jpeg?resize=300%2C150&amp;ssl=1 300w, https:\/\/i0.wp.com\/elregionalvm.com.ar\/noticias-villa-maria\/wp-content\/uploads\/2024\/11\/Discapacidad-cupo-laboral-ilustrativa.jpeg?resize=768%2C384&amp;ssl=1 768w, https:\/\/i0.wp.com\/elregionalvm.com.ar\/noticias-villa-maria\/wp-content\/uploads\/2024\/11\/Discapacidad-cupo-laboral-ilustrativa.jpeg?w=1536&amp;ssl=1 1536w\" sizes=\"(max-width: 1000px) 100vw, 1000px\" \/><\/figure>\n\n\n\n<p><\/p>\n\n\n\n<p>Quienes padecen diferentes tipos de discapacidad, como quienes en nuestros n\u00facleos familiares tenemos uno o m\u00e1s integrantes con alg\u00fan grado de discapacidad, deseamos expresarle a la dirigencia pol\u00edtica gobernante y a los diferentes sectores de la oposici\u00f3n, que las personas con discapacidad tienen derecho y a la vez la necesidad, de reinsertarse social y laboralmente.<\/p>\n\n\n\n<p><\/p>\n\n\n\n<blockquote class=\"wp-block-quote is-layout-flow wp-block-quote-is-layout-flow\">\n<p><strong>Las personas con discapacidad tienen derecho y a la vez la necesidad, de reinsertarse social y laboralmente<\/strong><\/p>\n<\/blockquote>\n\n\n\n<p><\/p>\n\n\n\n<p>\u00bfAlguien sabe cu\u00e1ntas personas con discapacidad ingresaron a trabajar en el Estado Nacional, y cu\u00e1ntas personas con discapacidad consiguieron trabajo en el Estado Provincial en C\u00f3rdoba (y en sus distintas reparticiones), en los \u00faltimos diez (10) a\u00f1os?<\/p>\n\n\n\n<p>\u00bfExiste alg\u00fan censo actualizado, sobre el n\u00famero total de agentes que tienen el Estado Nacional y Provincial, y el n\u00famero total de personas con discapacidad que all\u00ed se desempe\u00f1an?<\/p>\n\n\n\n<p>\u00bfCu\u00e1ntas personas con discapacidad han ingresado a trabajar en el Estado Nacional y Provincial (y a sus dependencias), \u00faltimamente?<\/p>\n\n\n\n<p>\u00bfSe observan Pol\u00edticas de Estado, que apunten a la inserci\u00f3n laboral de las personas con discapacidad?<\/p>\n\n\n\n<p>\u00bfAseguran desde el Estado Nacional y Provincial, el cupo laboral para las personas con discapacidad; con la misma visibilidad que demuestran tener para otros cupos existentes?<\/p>\n\n\n\n<p><\/p>\n\n\n\n<figure class=\"wp-block-image size-large\"><img data-recalc-dims=\"1\" decoding=\"async\" width=\"1024\" height=\"631\" src=\"https:\/\/i0.wp.com\/elregionalvm.com.ar\/noticias-villa-maria\/wp-content\/uploads\/2023\/08\/mujer-con-discapacidad-violencia-de-genero.jpg?resize=1024%2C631&#038;ssl=1\" alt=\"\" class=\"wp-image-81727\" srcset=\"https:\/\/i0.wp.com\/elregionalvm.com.ar\/noticias-villa-maria\/wp-content\/uploads\/2023\/08\/mujer-con-discapacidad-violencia-de-genero.jpg?resize=1024%2C631&amp;ssl=1 1024w, https:\/\/i0.wp.com\/elregionalvm.com.ar\/noticias-villa-maria\/wp-content\/uploads\/2023\/08\/mujer-con-discapacidad-violencia-de-genero.jpg?resize=300%2C185&amp;ssl=1 300w, https:\/\/i0.wp.com\/elregionalvm.com.ar\/noticias-villa-maria\/wp-content\/uploads\/2023\/08\/mujer-con-discapacidad-violencia-de-genero.jpg?resize=768%2C474&amp;ssl=1 768w, https:\/\/i0.wp.com\/elregionalvm.com.ar\/noticias-villa-maria\/wp-content\/uploads\/2023\/08\/mujer-con-discapacidad-violencia-de-genero.jpg?w=1200&amp;ssl=1 1200w\" sizes=\"(max-width: 1000px) 100vw, 1000px\" \/><\/figure>\n\n\n\n<p><\/p>\n\n\n\n<p>Si en el Estado (o en sus dependencias), se resuelve que haya ingreso de personal, de la cantidad de ingresantes, se debe cumplir con el cupo laboral para las personas con discapacidad para ajustarse a lo indicado por las leyes que as\u00ed lo ordenan.<\/p>\n\n\n\n<p>Si desde el Estado (Nacional o Provincial), se desea hablar verdaderamente de inclusi\u00f3n, deben cumplir los cupos laborales para las personas con discapacidad.<\/p>\n\n\n\n<p>Es tiempo de dejar de hacer demagogia en \u00e9poca electoral, y respetar los cupos laborales nacional y provincial, para garantizar efectivamente el derecho al trabajo a quienes tienen alguna discapacidad.<\/p>\n","protected":false},"excerpt":{"rendered":"<p>Las personas con discapacidad tienen derecho a trabajar en el Estado y en sus distintas reparticiones, de conformidad a lo establecido en normativas de \u00edndole Internacional, de \u00edndole Constitucional, y en Leyes espec\u00edficas sobre esta materia. Escribe: Carlos Cafure (Abogado) A nivel internacional, se encuentra la Convenci\u00f3n sobre los Derechos de las Personas con Discapacidad. [&hellip;]<\/p>\n","protected":false},"author":4,"featured_media":86527,"comment_status":"open","ping_status":"open","sticky":false,"template":"","format":"standard","meta":{"site-sidebar-layout":"default","site-content-layout":"","ast-site-content-layout":"default","site-content-style":"default","site-sidebar-style":"default","ast-global-header-display":"","ast-banner-title-visibility":"","ast-main-header-display":"","ast-hfb-above-header-display":"","ast-hfb-below-header-display":"","ast-hfb-mobile-header-display":"","site-post-title":"","ast-breadcrumbs-content":"","ast-featured-img":"","footer-sml-layout":"","ast-disable-related-posts":"","theme-transparent-header-meta":"","adv-header-id-meta":"","stick-header-meta":"","header-above-stick-meta":"","header-main-stick-meta":"","header-below-stick-meta":"","astra-migrate-meta-layouts":"set","ast-page-background-enabled":"default","ast-page-background-meta":{"desktop":{"background-color":"","background-image":"","background-repeat":"repeat","background-position":"center center","background-size":"auto","background-attachment":"scroll","background-type":"","background-media":"","overlay-type":"","overlay-color":"","overlay-opacity":"","overlay-gradient":""},"tablet":{"background-color":"","background-image":"","background-repeat":"repeat","background-position":"center center","background-size":"auto","background-attachment":"scroll","background-type":"","background-media":"","overlay-type":"","overlay-color":"","overlay-opacity":"","overlay-gradient":""},"mobile":{"background-color":"","background-image":"","background-repeat":"repeat","background-position":"center center","background-size":"auto","background-attachment":"scroll","background-type":"","background-media":"","overlay-type":"","overlay-color":"","overlay-opacity":"","overlay-gradient":""}},"ast-content-background-meta":{"desktop":{"background-color":"var(--ast-global-color-5)","background-image":"","background-repeat":"repeat","background-position":"center center","background-size":"auto","background-attachment":"scroll","background-type":"","background-media":"","overlay-type":"","overlay-color":"","overlay-opacity":"","overlay-gradient":""},"tablet":{"background-color":"var(--ast-global-color-5)","background-image":"","background-repeat":"repeat","background-position":"center center","background-size":"auto","background-attachment":"scroll","background-type":"","background-media":"","overlay-type":"","overlay-color":"","overlay-opacity":"","overlay-gradient":""},"mobile":{"background-color":"var(--ast-global-color-5)","background-image":"","background-repeat":"repeat","background-position":"center center","background-size":"auto","background-attachment":"scroll","background-type":"","background-media":"","overlay-type":"","overlay-color":"","overlay-opacity":"","overlay-gradient":""}},"_jetpack_memberships_contains_paid_content":false,"_joinchat":[],"footnotes":""},"categories":[365,3557],"tags":[322,4020,12579,2603,798,3041,69],"class_list":["post-109618","post","type-post","status-publish","format-standard","has-post-thumbnail","hentry","category-opinion","category-tercera","tag-cordoba","tag-cupo-laboral","tag-derecho","tag-discapacidad","tag-estado","tag-nacion","tag-provincia"],"yoast_head":"<!-- This site is optimized with the Yoast SEO plugin v26.8 - https:\/\/yoast.com\/product\/yoast-seo-wordpress\/ -->\n<title>[Opini\u00f3n] &quot;La Naci\u00f3n y la Provincia de C\u00f3rdoba deben cumplir los cupos laborales para las personas con discapacidad&quot; - El Regional<\/title>\n<meta name=\"robots\" content=\"index, follow, max-snippet:-1, max-image-preview:large, max-video-preview:-1\" \/>\n<link rel=\"canonical\" href=\"https:\/\/elregionalvm.com.ar\/noticias-villa-maria\/opinion-la-nacion-y-la-provincia-de-cordoba-deben-cumplir-los-cupos-laborales-para-las-personas-con-discapacidad\/\" \/>\n<meta property=\"og:locale\" content=\"es_ES\" \/>\n<meta property=\"og:type\" content=\"article\" \/>\n<meta property=\"og:title\" content=\"[Opini\u00f3n] &quot;La Naci\u00f3n y la Provincia de C\u00f3rdoba deben cumplir los cupos laborales para las personas con discapacidad&quot; - El Regional\" \/>\n<meta property=\"og:description\" content=\"Las personas con discapacidad tienen derecho a trabajar en el Estado y en sus distintas reparticiones, de conformidad a lo establecido en normativas de \u00edndole Internacional, de \u00edndole Constitucional, y en Leyes espec\u00edficas sobre esta materia. Escribe: Carlos Cafure (Abogado) A nivel internacional, se encuentra la Convenci\u00f3n sobre los Derechos de las Personas con Discapacidad. [&hellip;]\" \/>\n<meta property=\"og:url\" content=\"https:\/\/elregionalvm.com.ar\/noticias-villa-maria\/opinion-la-nacion-y-la-provincia-de-cordoba-deben-cumplir-los-cupos-laborales-para-las-personas-con-discapacidad\/\" \/>\n<meta property=\"og:site_name\" content=\"El Regional\" \/>\n<meta property=\"article:publisher\" content=\"https:\/\/www.facebook.com\/elregionalvm\" \/>\n<meta property=\"article:published_time\" content=\"2025-09-01T00:49:09+00:00\" \/>\n<meta property=\"article:modified_time\" content=\"2025-09-03T22:09:38+00:00\" \/>\n<meta property=\"og:image\" content=\"https:\/\/elregionalvm.com.ar\/noticias-villa-maria\/wp-content\/uploads\/2023\/11\/discapacidad-trabajo-e1701376943268.jpg\" \/>\n\t<meta property=\"og:image:width\" content=\"1200\" \/>\n\t<meta property=\"og:image:height\" content=\"675\" \/>\n\t<meta property=\"og:image:type\" content=\"image\/jpeg\" \/>\n<meta name=\"author\" content=\"Contenidos El Regional\" \/>\n<meta name=\"twitter:card\" content=\"summary_large_image\" \/>\n<meta name=\"twitter:creator\" content=\"@elregionalvm1\" \/>\n<meta name=\"twitter:site\" content=\"@elregionalvm1\" \/>\n<meta name=\"twitter:label1\" content=\"Escrito por\" \/>\n\t<meta name=\"twitter:data1\" content=\"Contenidos El Regional\" \/>\n\t<meta name=\"twitter:label2\" content=\"Tiempo de lectura\" \/>\n\t<meta name=\"twitter:data2\" content=\"3 minutos\" \/>\n<script type=\"application\/ld+json\" class=\"yoast-schema-graph\">{\"@context\":\"https:\/\/schema.org\",\"@graph\":[{\"@type\":\"Article\",\"@id\":\"https:\/\/elregionalvm.com.ar\/noticias-villa-maria\/opinion-la-nacion-y-la-provincia-de-cordoba-deben-cumplir-los-cupos-laborales-para-las-personas-con-discapacidad\/#article\",\"isPartOf\":{\"@id\":\"https:\/\/elregionalvm.com.ar\/noticias-villa-maria\/opinion-la-nacion-y-la-provincia-de-cordoba-deben-cumplir-los-cupos-laborales-para-las-personas-con-discapacidad\/\"},\"author\":{\"name\":\"Contenidos El Regional\",\"@id\":\"http:\/\/elregionalvm.com.ar\/noticias-villa-maria\/#\/schema\/person\/a0fb9c422317faca23d50163151bc354\"},\"headline\":\"[Opini\u00f3n] \u00abLa Naci\u00f3n y la Provincia de C\u00f3rdoba deben cumplir los cupos laborales para las personas con discapacidad\u00bb\",\"datePublished\":\"2025-09-01T00:49:09+00:00\",\"dateModified\":\"2025-09-03T22:09:38+00:00\",\"mainEntityOfPage\":{\"@id\":\"https:\/\/elregionalvm.com.ar\/noticias-villa-maria\/opinion-la-nacion-y-la-provincia-de-cordoba-deben-cumplir-los-cupos-laborales-para-las-personas-con-discapacidad\/\"},\"wordCount\":528,\"commentCount\":0,\"image\":{\"@id\":\"https:\/\/elregionalvm.com.ar\/noticias-villa-maria\/opinion-la-nacion-y-la-provincia-de-cordoba-deben-cumplir-los-cupos-laborales-para-las-personas-con-discapacidad\/#primaryimage\"},\"thumbnailUrl\":\"https:\/\/i0.wp.com\/elregionalvm.com.ar\/noticias-villa-maria\/wp-content\/uploads\/2023\/11\/discapacidad-trabajo-e1701376943268.jpg?fit=1200%2C675&ssl=1\",\"keywords\":[\"c\u00f3rdoba\",\"cupo laboral\",\"derecho\",\"discapacidad\",\"Estado\",\"Naci\u00f3n\",\"provincia\"],\"articleSection\":[\"Opini\u00f3n\",\"tercera\"],\"inLanguage\":\"es\",\"potentialAction\":[{\"@type\":\"CommentAction\",\"name\":\"Comment\",\"target\":[\"https:\/\/elregionalvm.com.ar\/noticias-villa-maria\/opinion-la-nacion-y-la-provincia-de-cordoba-deben-cumplir-los-cupos-laborales-para-las-personas-con-discapacidad\/#respond\"]}]},{\"@type\":\"WebPage\",\"@id\":\"https:\/\/elregionalvm.com.ar\/noticias-villa-maria\/opinion-la-nacion-y-la-provincia-de-cordoba-deben-cumplir-los-cupos-laborales-para-las-personas-con-discapacidad\/\",\"url\":\"https:\/\/elregionalvm.com.ar\/noticias-villa-maria\/opinion-la-nacion-y-la-provincia-de-cordoba-deben-cumplir-los-cupos-laborales-para-las-personas-con-discapacidad\/\",\"name\":\"[Opini\u00f3n] \\\"La Naci\u00f3n y la Provincia de C\u00f3rdoba deben cumplir los cupos laborales para las personas con discapacidad\\\" - El Regional\",\"isPartOf\":{\"@id\":\"http:\/\/elregionalvm.com.ar\/noticias-villa-maria\/#website\"},\"primaryImageOfPage\":{\"@id\":\"https:\/\/elregionalvm.com.ar\/noticias-villa-maria\/opinion-la-nacion-y-la-provincia-de-cordoba-deben-cumplir-los-cupos-laborales-para-las-personas-con-discapacidad\/#primaryimage\"},\"image\":{\"@id\":\"https:\/\/elregionalvm.com.ar\/noticias-villa-maria\/opinion-la-nacion-y-la-provincia-de-cordoba-deben-cumplir-los-cupos-laborales-para-las-personas-con-discapacidad\/#primaryimage\"},\"thumbnailUrl\":\"https:\/\/i0.wp.com\/elregionalvm.com.ar\/noticias-villa-maria\/wp-content\/uploads\/2023\/11\/discapacidad-trabajo-e1701376943268.jpg?fit=1200%2C675&ssl=1\",\"datePublished\":\"2025-09-01T00:49:09+00:00\",\"dateModified\":\"2025-09-03T22:09:38+00:00\",\"author\":{\"@id\":\"http:\/\/elregionalvm.com.ar\/noticias-villa-maria\/#\/schema\/person\/a0fb9c422317faca23d50163151bc354\"},\"breadcrumb\":{\"@id\":\"https:\/\/elregionalvm.com.ar\/noticias-villa-maria\/opinion-la-nacion-y-la-provincia-de-cordoba-deben-cumplir-los-cupos-laborales-para-las-personas-con-discapacidad\/#breadcrumb\"},\"inLanguage\":\"es\",\"potentialAction\":[{\"@type\":\"ReadAction\",\"target\":[\"https:\/\/elregionalvm.com.ar\/noticias-villa-maria\/opinion-la-nacion-y-la-provincia-de-cordoba-deben-cumplir-los-cupos-laborales-para-las-personas-con-discapacidad\/\"]}]},{\"@type\":\"ImageObject\",\"inLanguage\":\"es\",\"@id\":\"https:\/\/elregionalvm.com.ar\/noticias-villa-maria\/opinion-la-nacion-y-la-provincia-de-cordoba-deben-cumplir-los-cupos-laborales-para-las-personas-con-discapacidad\/#primaryimage\",\"url\":\"https:\/\/i0.wp.com\/elregionalvm.com.ar\/noticias-villa-maria\/wp-content\/uploads\/2023\/11\/discapacidad-trabajo-e1701376943268.jpg?fit=1200%2C675&ssl=1\",\"contentUrl\":\"https:\/\/i0.wp.com\/elregionalvm.com.ar\/noticias-villa-maria\/wp-content\/uploads\/2023\/11\/discapacidad-trabajo-e1701376943268.jpg?fit=1200%2C675&ssl=1\",\"width\":1200,\"height\":675},{\"@type\":\"BreadcrumbList\",\"@id\":\"https:\/\/elregionalvm.com.ar\/noticias-villa-maria\/opinion-la-nacion-y-la-provincia-de-cordoba-deben-cumplir-los-cupos-laborales-para-las-personas-con-discapacidad\/#breadcrumb\",\"itemListElement\":[{\"@type\":\"ListItem\",\"position\":1,\"name\":\"Portada\",\"item\":\"https:\/\/elregionalvm.com.ar\/noticias-villa-maria\/\"},{\"@type\":\"ListItem\",\"position\":2,\"name\":\"[Opini\u00f3n] \u00abLa Naci\u00f3n y la Provincia de C\u00f3rdoba deben cumplir los cupos laborales para las personas con discapacidad\u00bb\"}]},{\"@type\":\"WebSite\",\"@id\":\"http:\/\/elregionalvm.com.ar\/noticias-villa-maria\/#website\",\"url\":\"http:\/\/elregionalvm.com.ar\/noticias-villa-maria\/\",\"name\":\"El Regional\",\"description\":\"Mucho m\u00e1s que informaci\u00f3n\",\"potentialAction\":[{\"@type\":\"SearchAction\",\"target\":{\"@type\":\"EntryPoint\",\"urlTemplate\":\"http:\/\/elregionalvm.com.ar\/noticias-villa-maria\/?s={search_term_string}\"},\"query-input\":{\"@type\":\"PropertyValueSpecification\",\"valueRequired\":true,\"valueName\":\"search_term_string\"}}],\"inLanguage\":\"es\"},{\"@type\":\"Person\",\"@id\":\"http:\/\/elregionalvm.com.ar\/noticias-villa-maria\/#\/schema\/person\/a0fb9c422317faca23d50163151bc354\",\"name\":\"Contenidos El Regional\",\"image\":{\"@type\":\"ImageObject\",\"inLanguage\":\"es\",\"@id\":\"http:\/\/elregionalvm.com.ar\/noticias-villa-maria\/#\/schema\/person\/image\/\",\"url\":\"https:\/\/secure.gravatar.com\/avatar\/265b27cb2209af7bb3a1318f03305787d7981a5cc6e6cd08fe5a4ecdf99d4b48?s=96&d=mm&r=g\",\"contentUrl\":\"https:\/\/secure.gravatar.com\/avatar\/265b27cb2209af7bb3a1318f03305787d7981a5cc6e6cd08fe5a4ecdf99d4b48?s=96&d=mm&r=g\",\"caption\":\"Contenidos El Regional\"},\"url\":\"https:\/\/elregionalvm.com.ar\/noticias-villa-maria\/author\/contenido\/\"}]}<\/script>\n<!-- \/ Yoast SEO plugin. -->","yoast_head_json":{"title":"[Opini\u00f3n] \"La Naci\u00f3n y la Provincia de C\u00f3rdoba deben cumplir los cupos laborales para las personas con discapacidad\" - El Regional","robots":{"index":"index","follow":"follow","max-snippet":"max-snippet:-1","max-image-preview":"max-image-preview:large","max-video-preview":"max-video-preview:-1"},"canonical":"https:\/\/elregionalvm.com.ar\/noticias-villa-maria\/opinion-la-nacion-y-la-provincia-de-cordoba-deben-cumplir-los-cupos-laborales-para-las-personas-con-discapacidad\/","og_locale":"es_ES","og_type":"article","og_title":"[Opini\u00f3n] \"La Naci\u00f3n y la Provincia de C\u00f3rdoba deben cumplir los cupos laborales para las personas con discapacidad\" - El Regional","og_description":"Las personas con discapacidad tienen derecho a trabajar en el Estado y en sus distintas reparticiones, de conformidad a lo establecido en normativas de \u00edndole Internacional, de \u00edndole Constitucional, y en Leyes espec\u00edficas sobre esta materia. Escribe: Carlos Cafure (Abogado) A nivel internacional, se encuentra la Convenci\u00f3n sobre los Derechos de las Personas con Discapacidad. [&hellip;]","og_url":"https:\/\/elregionalvm.com.ar\/noticias-villa-maria\/opinion-la-nacion-y-la-provincia-de-cordoba-deben-cumplir-los-cupos-laborales-para-las-personas-con-discapacidad\/","og_site_name":"El Regional","article_publisher":"https:\/\/www.facebook.com\/elregionalvm","article_published_time":"2025-09-01T00:49:09+00:00","article_modified_time":"2025-09-03T22:09:38+00:00","og_image":[{"width":1200,"height":675,"url":"https:\/\/elregionalvm.com.ar\/noticias-villa-maria\/wp-content\/uploads\/2023\/11\/discapacidad-trabajo-e1701376943268.jpg","type":"image\/jpeg"}],"author":"Contenidos El Regional","twitter_card":"summary_large_image","twitter_creator":"@elregionalvm1","twitter_site":"@elregionalvm1","twitter_misc":{"Escrito por":"Contenidos El Regional","Tiempo de lectura":"3 minutos"},"schema":{"@context":"https:\/\/schema.org","@graph":[{"@type":"Article","@id":"https:\/\/elregionalvm.com.ar\/noticias-villa-maria\/opinion-la-nacion-y-la-provincia-de-cordoba-deben-cumplir-los-cupos-laborales-para-las-personas-con-discapacidad\/#article","isPartOf":{"@id":"https:\/\/elregionalvm.com.ar\/noticias-villa-maria\/opinion-la-nacion-y-la-provincia-de-cordoba-deben-cumplir-los-cupos-laborales-para-las-personas-con-discapacidad\/"},"author":{"name":"Contenidos El Regional","@id":"http:\/\/elregionalvm.com.ar\/noticias-villa-maria\/#\/schema\/person\/a0fb9c422317faca23d50163151bc354"},"headline":"[Opini\u00f3n] \u00abLa Naci\u00f3n y la Provincia de C\u00f3rdoba deben cumplir los cupos laborales para las personas con discapacidad\u00bb","datePublished":"2025-09-01T00:49:09+00:00","dateModified":"2025-09-03T22:09:38+00:00","mainEntityOfPage":{"@id":"https:\/\/elregionalvm.com.ar\/noticias-villa-maria\/opinion-la-nacion-y-la-provincia-de-cordoba-deben-cumplir-los-cupos-laborales-para-las-personas-con-discapacidad\/"},"wordCount":528,"commentCount":0,"image":{"@id":"https:\/\/elregionalvm.com.ar\/noticias-villa-maria\/opinion-la-nacion-y-la-provincia-de-cordoba-deben-cumplir-los-cupos-laborales-para-las-personas-con-discapacidad\/#primaryimage"},"thumbnailUrl":"https:\/\/i0.wp.com\/elregionalvm.com.ar\/noticias-villa-maria\/wp-content\/uploads\/2023\/11\/discapacidad-trabajo-e1701376943268.jpg?fit=1200%2C675&ssl=1","keywords":["c\u00f3rdoba","cupo laboral","derecho","discapacidad","Estado","Naci\u00f3n","provincia"],"articleSection":["Opini\u00f3n","tercera"],"inLanguage":"es","potentialAction":[{"@type":"CommentAction","name":"Comment","target":["https:\/\/elregionalvm.com.ar\/noticias-villa-maria\/opinion-la-nacion-y-la-provincia-de-cordoba-deben-cumplir-los-cupos-laborales-para-las-personas-con-discapacidad\/#respond"]}]},{"@type":"WebPage","@id":"https:\/\/elregionalvm.com.ar\/noticias-villa-maria\/opinion-la-nacion-y-la-provincia-de-cordoba-deben-cumplir-los-cupos-laborales-para-las-personas-con-discapacidad\/","url":"https:\/\/elregionalvm.com.ar\/noticias-villa-maria\/opinion-la-nacion-y-la-provincia-de-cordoba-deben-cumplir-los-cupos-laborales-para-las-personas-con-discapacidad\/","name":"[Opini\u00f3n] \"La Naci\u00f3n y la Provincia de C\u00f3rdoba deben cumplir los cupos laborales para las personas con discapacidad\" - El Regional","isPartOf":{"@id":"http:\/\/elregionalvm.com.ar\/noticias-villa-maria\/#website"},"primaryImageOfPage":{"@id":"https:\/\/elregionalvm.com.ar\/noticias-villa-maria\/opinion-la-nacion-y-la-provincia-de-cordoba-deben-cumplir-los-cupos-laborales-para-las-personas-con-discapacidad\/#primaryimage"},"image":{"@id":"https:\/\/elregionalvm.com.ar\/noticias-villa-maria\/opinion-la-nacion-y-la-provincia-de-cordoba-deben-cumplir-los-cupos-laborales-para-las-personas-con-discapacidad\/#primaryimage"},"thumbnailUrl":"https:\/\/i0.wp.com\/elregionalvm.com.ar\/noticias-villa-maria\/wp-content\/uploads\/2023\/11\/discapacidad-trabajo-e1701376943268.jpg?fit=1200%2C675&ssl=1","datePublished":"2025-09-01T00:49:09+00:00","dateModified":"2025-09-03T22:09:38+00:00","author":{"@id":"http:\/\/elregionalvm.com.ar\/noticias-villa-maria\/#\/schema\/person\/a0fb9c422317faca23d50163151bc354"},"breadcrumb":{"@id":"https:\/\/elregionalvm.com.ar\/noticias-villa-maria\/opinion-la-nacion-y-la-provincia-de-cordoba-deben-cumplir-los-cupos-laborales-para-las-personas-con-discapacidad\/#breadcrumb"},"inLanguage":"es","potentialAction":[{"@type":"ReadAction","target":["https:\/\/elregionalvm.com.ar\/noticias-villa-maria\/opinion-la-nacion-y-la-provincia-de-cordoba-deben-cumplir-los-cupos-laborales-para-las-personas-con-discapacidad\/"]}]},{"@type":"ImageObject","inLanguage":"es","@id":"https:\/\/elregionalvm.com.ar\/noticias-villa-maria\/opinion-la-nacion-y-la-provincia-de-cordoba-deben-cumplir-los-cupos-laborales-para-las-personas-con-discapacidad\/#primaryimage","url":"https:\/\/i0.wp.com\/elregionalvm.com.ar\/noticias-villa-maria\/wp-content\/uploads\/2023\/11\/discapacidad-trabajo-e1701376943268.jpg?fit=1200%2C675&ssl=1","contentUrl":"https:\/\/i0.wp.com\/elregionalvm.com.ar\/noticias-villa-maria\/wp-content\/uploads\/2023\/11\/discapacidad-trabajo-e1701376943268.jpg?fit=1200%2C675&ssl=1","width":1200,"height":675},{"@type":"BreadcrumbList","@id":"https:\/\/elregionalvm.com.ar\/noticias-villa-maria\/opinion-la-nacion-y-la-provincia-de-cordoba-deben-cumplir-los-cupos-laborales-para-las-personas-con-discapacidad\/#breadcrumb","itemListElement":[{"@type":"ListItem","position":1,"name":"Portada","item":"https:\/\/elregionalvm.com.ar\/noticias-villa-maria\/"},{"@type":"ListItem","position":2,"name":"[Opini\u00f3n] \u00abLa Naci\u00f3n y la Provincia de C\u00f3rdoba deben cumplir los cupos laborales para las personas con discapacidad\u00bb"}]},{"@type":"WebSite","@id":"http:\/\/elregionalvm.com.ar\/noticias-villa-maria\/#website","url":"http:\/\/elregionalvm.com.ar\/noticias-villa-maria\/","name":"El Regional","description":"Mucho m\u00e1s que informaci\u00f3n","potentialAction":[{"@type":"SearchAction","target":{"@type":"EntryPoint","urlTemplate":"http:\/\/elregionalvm.com.ar\/noticias-villa-maria\/?s={search_term_string}"},"query-input":{"@type":"PropertyValueSpecification","valueRequired":true,"valueName":"search_term_string"}}],"inLanguage":"es"},{"@type":"Person","@id":"http:\/\/elregionalvm.com.ar\/noticias-villa-maria\/#\/schema\/person\/a0fb9c422317faca23d50163151bc354","name":"Contenidos El Regional","image":{"@type":"ImageObject","inLanguage":"es","@id":"http:\/\/elregionalvm.com.ar\/noticias-villa-maria\/#\/schema\/person\/image\/","url":"https:\/\/secure.gravatar.com\/avatar\/265b27cb2209af7bb3a1318f03305787d7981a5cc6e6cd08fe5a4ecdf99d4b48?s=96&d=mm&r=g","contentUrl":"https:\/\/secure.gravatar.com\/avatar\/265b27cb2209af7bb3a1318f03305787d7981a5cc6e6cd08fe5a4ecdf99d4b48?s=96&d=mm&r=g","caption":"Contenidos El Regional"},"url":"https:\/\/elregionalvm.com.ar\/noticias-villa-maria\/author\/contenido\/"}]}},"jetpack_featured_media_url":"https:\/\/i0.wp.com\/elregionalvm.com.ar\/noticias-villa-maria\/wp-content\/uploads\/2023\/11\/discapacidad-trabajo-e1701376943268.jpg?fit=1200%2C675&ssl=1","jetpack_sharing_enabled":true,"_links":{"self":[{"href":"https:\/\/elregionalvm.com.ar\/noticias-villa-maria\/wp-json\/wp\/v2\/posts\/109618","targetHints":{"allow":["GET"]}}],"collection":[{"href":"https:\/\/elregionalvm.com.ar\/noticias-villa-maria\/wp-json\/wp\/v2\/posts"}],"about":[{"href":"https:\/\/elregionalvm.com.ar\/noticias-villa-maria\/wp-json\/wp\/v2\/types\/post"}],"author":[{"embeddable":true,"href":"https:\/\/elregionalvm.com.ar\/noticias-villa-maria\/wp-json\/wp\/v2\/users\/4"}],"replies":[{"embeddable":true,"href":"https:\/\/elregionalvm.com.ar\/noticias-villa-maria\/wp-json\/wp\/v2\/comments?post=109618"}],"version-history":[{"count":2,"href":"https:\/\/elregionalvm.com.ar\/noticias-villa-maria\/wp-json\/wp\/v2\/posts\/109618\/revisions"}],"predecessor-version":[{"id":109621,"href":"https:\/\/elregionalvm.com.ar\/noticias-villa-maria\/wp-json\/wp\/v2\/posts\/109618\/revisions\/109621"}],"wp:featuredmedia":[{"embeddable":true,"href":"https:\/\/elregionalvm.com.ar\/noticias-villa-maria\/wp-json\/wp\/v2\/media\/86527"}],"wp:attachment":[{"href":"https:\/\/elregionalvm.com.ar\/noticias-villa-maria\/wp-json\/wp\/v2\/media?parent=109618"}],"wp:term":[{"taxonomy":"category","embeddable":true,"href":"https:\/\/elregionalvm.com.ar\/noticias-villa-maria\/wp-json\/wp\/v2\/categories?post=109618"},{"taxonomy":"post_tag","embeddable":true,"href":"https:\/\/elregionalvm.com.ar\/noticias-villa-maria\/wp-json\/wp\/v2\/tags?post=109618"}],"curies":[{"name":"wp","href":"https:\/\/api.w.org\/{rel}","templated":true}]}}