{"id":109668,"date":"2025-09-02T01:37:10","date_gmt":"2025-09-02T01:37:10","guid":{"rendered":"https:\/\/elregionalvm.com.ar\/noticias-villa-maria\/?p=109668"},"modified":"2025-09-02T01:37:12","modified_gmt":"2025-09-02T01:37:12","slug":"rio-cuarto-oportunidades-de-financiamiento-y-capacitacion-para-pymes","status":"publish","type":"post","link":"https:\/\/elregionalvm.com.ar\/noticias-villa-maria\/rio-cuarto-oportunidades-de-financiamiento-y-capacitacion-para-pymes\/","title":{"rendered":"R\u00edo Cuarto: Oportunidades de financiamiento y capacitaci\u00f3n para pymes"},"content":{"rendered":"\n<p>En el Polo Cient\u00edfico Tecnol\u00f3gico de R\u00edo Cuarto se present\u00f3 el programa&nbsp;<strong>Nexo PyME C\u00f3rdoba 2025<\/strong>, que impulsa el Ministerio de Producci\u00f3n, Ciencia e Innovaci\u00f3n a trav\u00e9s de la Subsecretar\u00eda PyME.<\/p>\n\n\n\n<p>La iniciativa busca brindar un punto de encuentro \u00fanico que re\u00fana toda la informaci\u00f3n necesaria para el entramado productivo cordob\u00e9s. Se trata de una herramienta esencial para fortalecer el ecosistema emprendedor, impulsando la competitividad y el desarrollo econ\u00f3mico.&nbsp;<\/p>\n\n\n\n<p>Sobre el Programa, el subsecretario de Pymes del ministerio de Producci\u00f3n, Ciencia e Innovaci\u00f3n, Segundo Sosa Barreneche, expres\u00f3:&nbsp;<em>\u201c<\/em><em>La idea es estar en contacto con las empresas y emprendedores, que es el pedido de nuestro Gobernador.&nbsp;<\/em><em>Un punto de encuentro con los peque\u00f1os y medianos empresarios en donde acercamos las herramientas disponibles no solo del ministerio de Producci\u00f3n, sino tambi\u00e9n de otras reparticiones vinculadas al sector\u201d.<\/em><\/p>\n\n\n\n<p><em>\u201cTrabajamos sobre tres ejes: Financiamiento, Capacitaci\u00f3n y Asistencia T\u00e9cnica. Llevamos adelante una agenda de trabajo por todo el interior provincial, donde les informamos sobre las opciones que tenemos disponibles. Los beneficios est\u00e1n dirigidos a las empresas en general, sector industrial, comercial y de servicios\u201d,<\/em>&nbsp;resalt\u00f3 el funcionario.&nbsp;<\/p>\n","protected":false},"excerpt":{"rendered":"<p>En el Polo Cient\u00edfico Tecnol\u00f3gico de R\u00edo Cuarto se present\u00f3 el programa&nbsp;Nexo PyME C\u00f3rdoba 2025, que impulsa el Ministerio de Producci\u00f3n, Ciencia e Innovaci\u00f3n a trav\u00e9s de la Subsecretar\u00eda PyME. La iniciativa busca brindar un punto de encuentro \u00fanico que re\u00fana toda la informaci\u00f3n necesaria para el entramado productivo cordob\u00e9s. Se trata de una herramienta [&hellip;]<\/p>\n","protected":false},"author":4,"featured_media":109669,"comment_status":"open","ping_status":"open","sticky":false,"template":"","format":"standard","meta":{"site-sidebar-layout":"default","site-content-layout":"","ast-site-content-layout":"default","site-content-style":"default","site-sidebar-style":"default","ast-global-header-display":"","ast-banner-title-visibility":"","ast-main-header-display":"","ast-hfb-above-header-display":"","ast-hfb-below-header-display":"","ast-hfb-mobile-header-display":"","site-post-title":"","ast-breadcrumbs-content":"","ast-featured-img":"","footer-sml-layout":"","ast-disable-related-posts":"","theme-transparent-header-meta":"","adv-header-id-meta":"","stick-header-meta":"","header-above-stick-meta":"","header-main-stick-meta":"","header-below-stick-meta":"","astra-migrate-meta-layouts":"set","ast-page-background-enabled":"default","ast-page-background-meta":{"desktop":{"background-color":"","background-image":"","background-repeat":"repeat","background-position":"center center","background-size":"auto","background-attachment":"scroll","background-type":"","background-media":"","overlay-type":"","overlay-color":"","overlay-opacity":"","overlay-gradient":""},"tablet":{"background-color":"","background-image":"","background-repeat":"repeat","background-position":"center center","background-size":"auto","background-attachment":"scroll","background-type":"","background-media":"","overlay-type":"","overlay-color":"","overlay-opacity":"","overlay-gradient":""},"mobile":{"background-color":"","background-image":"","background-repeat":"repeat","background-position":"center center","background-size":"auto","background-attachment":"scroll","background-type":"","background-media":"","overlay-type":"","overlay-color":"","overlay-opacity":"","overlay-gradient":""}},"ast-content-background-meta":{"desktop":{"background-color":"var(--ast-global-color-5)","background-image":"","background-repeat":"repeat","background-position":"center center","background-size":"auto","background-attachment":"scroll","background-type":"","background-media":"","overlay-type":"","overlay-color":"","overlay-opacity":"","overlay-gradient":""},"tablet":{"background-color":"var(--ast-global-color-5)","background-image":"","background-repeat":"repeat","background-position":"center center","background-size":"auto","background-attachment":"scroll","background-type":"","background-media":"","overlay-type":"","overlay-color":"","overlay-opacity":"","overlay-gradient":""},"mobile":{"background-color":"var(--ast-global-color-5)","background-image":"","background-repeat":"repeat","background-position":"center center","background-size":"auto","background-attachment":"scroll","background-type":"","background-media":"","overlay-type":"","overlay-color":"","overlay-opacity":"","overlay-gradient":""}},"_jetpack_memberships_contains_paid_content":false,"_joinchat":[],"footnotes":""},"categories":[15302,16095,5],"tags":[],"class_list":["post-109668","post","type-post","status-publish","format-standard","has-post-thumbnail","hentry","category-destacado","category-provinciales","category-sociedad"],"yoast_head":"<!-- This site is optimized with the Yoast SEO plugin v26.8 - https:\/\/yoast.com\/product\/yoast-seo-wordpress\/ -->\n<title>R\u00edo Cuarto: Oportunidades de financiamiento y capacitaci\u00f3n para pymes - El Regional<\/title>\n<meta name=\"robots\" content=\"index, follow, max-snippet:-1, max-image-preview:large, max-video-preview:-1\" \/>\n<link rel=\"canonical\" href=\"https:\/\/elregionalvm.com.ar\/noticias-villa-maria\/rio-cuarto-oportunidades-de-financiamiento-y-capacitacion-para-pymes\/\" \/>\n<meta property=\"og:locale\" content=\"es_ES\" \/>\n<meta property=\"og:type\" content=\"article\" \/>\n<meta property=\"og:title\" content=\"R\u00edo Cuarto: Oportunidades de financiamiento y capacitaci\u00f3n para pymes - El Regional\" \/>\n<meta property=\"og:description\" content=\"En el Polo Cient\u00edfico Tecnol\u00f3gico de R\u00edo Cuarto se present\u00f3 el programa&nbsp;Nexo PyME C\u00f3rdoba 2025, que impulsa el Ministerio de Producci\u00f3n, Ciencia e Innovaci\u00f3n a trav\u00e9s de la Subsecretar\u00eda PyME. La iniciativa busca brindar un punto de encuentro \u00fanico que re\u00fana toda la informaci\u00f3n necesaria para el entramado productivo cordob\u00e9s. Se trata de una herramienta [&hellip;]\" \/>\n<meta property=\"og:url\" content=\"https:\/\/elregionalvm.com.ar\/noticias-villa-maria\/rio-cuarto-oportunidades-de-financiamiento-y-capacitacion-para-pymes\/\" \/>\n<meta property=\"og:site_name\" content=\"El Regional\" \/>\n<meta property=\"article:publisher\" content=\"https:\/\/www.facebook.com\/elregionalvm\" \/>\n<meta property=\"article:published_time\" content=\"2025-09-02T01:37:10+00:00\" \/>\n<meta property=\"article:modified_time\" content=\"2025-09-02T01:37:12+00:00\" \/>\n<meta property=\"og:image\" content=\"https:\/\/elregionalvm.com.ar\/noticias-villa-maria\/wp-content\/uploads\/2025\/09\/IMG_8175.jpg\" \/>\n\t<meta property=\"og:image:width\" content=\"990\" \/>\n\t<meta property=\"og:image:height\" content=\"679\" \/>\n\t<meta property=\"og:image:type\" content=\"image\/jpeg\" \/>\n<meta name=\"author\" content=\"Contenidos El Regional\" \/>\n<meta name=\"twitter:card\" content=\"summary_large_image\" \/>\n<meta name=\"twitter:creator\" content=\"@elregionalvm1\" \/>\n<meta name=\"twitter:site\" content=\"@elregionalvm1\" \/>\n<meta name=\"twitter:label1\" content=\"Escrito por\" \/>\n\t<meta name=\"twitter:data1\" content=\"Contenidos El Regional\" \/>\n\t<meta name=\"twitter:label2\" content=\"Tiempo de lectura\" \/>\n\t<meta name=\"twitter:data2\" content=\"2 minutos\" \/>\n<script type=\"application\/ld+json\" class=\"yoast-schema-graph\">{\"@context\":\"https:\/\/schema.org\",\"@graph\":[{\"@type\":\"Article\",\"@id\":\"https:\/\/elregionalvm.com.ar\/noticias-villa-maria\/rio-cuarto-oportunidades-de-financiamiento-y-capacitacion-para-pymes\/#article\",\"isPartOf\":{\"@id\":\"https:\/\/elregionalvm.com.ar\/noticias-villa-maria\/rio-cuarto-oportunidades-de-financiamiento-y-capacitacion-para-pymes\/\"},\"author\":{\"name\":\"Contenidos El Regional\",\"@id\":\"http:\/\/elregionalvm.com.ar\/noticias-villa-maria\/#\/schema\/person\/a0fb9c422317faca23d50163151bc354\"},\"headline\":\"R\u00edo Cuarto: Oportunidades de financiamiento y capacitaci\u00f3n para pymes\",\"datePublished\":\"2025-09-02T01:37:10+00:00\",\"dateModified\":\"2025-09-02T01:37:12+00:00\",\"mainEntityOfPage\":{\"@id\":\"https:\/\/elregionalvm.com.ar\/noticias-villa-maria\/rio-cuarto-oportunidades-de-financiamiento-y-capacitacion-para-pymes\/\"},\"wordCount\":218,\"commentCount\":0,\"image\":{\"@id\":\"https:\/\/elregionalvm.com.ar\/noticias-villa-maria\/rio-cuarto-oportunidades-de-financiamiento-y-capacitacion-para-pymes\/#primaryimage\"},\"thumbnailUrl\":\"https:\/\/i0.wp.com\/elregionalvm.com.ar\/noticias-villa-maria\/wp-content\/uploads\/2025\/09\/IMG_8175.jpg?fit=990%2C679&ssl=1\",\"articleSection\":[\"destacado\",\"Provinciales\",\"Sociedad\"],\"inLanguage\":\"es\",\"potentialAction\":[{\"@type\":\"CommentAction\",\"name\":\"Comment\",\"target\":[\"https:\/\/elregionalvm.com.ar\/noticias-villa-maria\/rio-cuarto-oportunidades-de-financiamiento-y-capacitacion-para-pymes\/#respond\"]}]},{\"@type\":\"WebPage\",\"@id\":\"https:\/\/elregionalvm.com.ar\/noticias-villa-maria\/rio-cuarto-oportunidades-de-financiamiento-y-capacitacion-para-pymes\/\",\"url\":\"https:\/\/elregionalvm.com.ar\/noticias-villa-maria\/rio-cuarto-oportunidades-de-financiamiento-y-capacitacion-para-pymes\/\",\"name\":\"R\u00edo Cuarto: Oportunidades de financiamiento y capacitaci\u00f3n para pymes - El Regional\",\"isPartOf\":{\"@id\":\"http:\/\/elregionalvm.com.ar\/noticias-villa-maria\/#website\"},\"primaryImageOfPage\":{\"@id\":\"https:\/\/elregionalvm.com.ar\/noticias-villa-maria\/rio-cuarto-oportunidades-de-financiamiento-y-capacitacion-para-pymes\/#primaryimage\"},\"image\":{\"@id\":\"https:\/\/elregionalvm.com.ar\/noticias-villa-maria\/rio-cuarto-oportunidades-de-financiamiento-y-capacitacion-para-pymes\/#primaryimage\"},\"thumbnailUrl\":\"https:\/\/i0.wp.com\/elregionalvm.com.ar\/noticias-villa-maria\/wp-content\/uploads\/2025\/09\/IMG_8175.jpg?fit=990%2C679&ssl=1\",\"datePublished\":\"2025-09-02T01:37:10+00:00\",\"dateModified\":\"2025-09-02T01:37:12+00:00\",\"author\":{\"@id\":\"http:\/\/elregionalvm.com.ar\/noticias-villa-maria\/#\/schema\/person\/a0fb9c422317faca23d50163151bc354\"},\"breadcrumb\":{\"@id\":\"https:\/\/elregionalvm.com.ar\/noticias-villa-maria\/rio-cuarto-oportunidades-de-financiamiento-y-capacitacion-para-pymes\/#breadcrumb\"},\"inLanguage\":\"es\",\"potentialAction\":[{\"@type\":\"ReadAction\",\"target\":[\"https:\/\/elregionalvm.com.ar\/noticias-villa-maria\/rio-cuarto-oportunidades-de-financiamiento-y-capacitacion-para-pymes\/\"]}]},{\"@type\":\"ImageObject\",\"inLanguage\":\"es\",\"@id\":\"https:\/\/elregionalvm.com.ar\/noticias-villa-maria\/rio-cuarto-oportunidades-de-financiamiento-y-capacitacion-para-pymes\/#primaryimage\",\"url\":\"https:\/\/i0.wp.com\/elregionalvm.com.ar\/noticias-villa-maria\/wp-content\/uploads\/2025\/09\/IMG_8175.jpg?fit=990%2C679&ssl=1\",\"contentUrl\":\"https:\/\/i0.wp.com\/elregionalvm.com.ar\/noticias-villa-maria\/wp-content\/uploads\/2025\/09\/IMG_8175.jpg?fit=990%2C679&ssl=1\",\"width\":990,\"height\":679},{\"@type\":\"BreadcrumbList\",\"@id\":\"https:\/\/elregionalvm.com.ar\/noticias-villa-maria\/rio-cuarto-oportunidades-de-financiamiento-y-capacitacion-para-pymes\/#breadcrumb\",\"itemListElement\":[{\"@type\":\"ListItem\",\"position\":1,\"name\":\"Portada\",\"item\":\"https:\/\/elregionalvm.com.ar\/noticias-villa-maria\/\"},{\"@type\":\"ListItem\",\"position\":2,\"name\":\"R\u00edo Cuarto: Oportunidades de financiamiento y capacitaci\u00f3n para pymes\"}]},{\"@type\":\"WebSite\",\"@id\":\"http:\/\/elregionalvm.com.ar\/noticias-villa-maria\/#website\",\"url\":\"http:\/\/elregionalvm.com.ar\/noticias-villa-maria\/\",\"name\":\"El Regional\",\"description\":\"Mucho m\u00e1s que informaci\u00f3n\",\"potentialAction\":[{\"@type\":\"SearchAction\",\"target\":{\"@type\":\"EntryPoint\",\"urlTemplate\":\"http:\/\/elregionalvm.com.ar\/noticias-villa-maria\/?s={search_term_string}\"},\"query-input\":{\"@type\":\"PropertyValueSpecification\",\"valueRequired\":true,\"valueName\":\"search_term_string\"}}],\"inLanguage\":\"es\"},{\"@type\":\"Person\",\"@id\":\"http:\/\/elregionalvm.com.ar\/noticias-villa-maria\/#\/schema\/person\/a0fb9c422317faca23d50163151bc354\",\"name\":\"Contenidos El Regional\",\"image\":{\"@type\":\"ImageObject\",\"inLanguage\":\"es\",\"@id\":\"http:\/\/elregionalvm.com.ar\/noticias-villa-maria\/#\/schema\/person\/image\/\",\"url\":\"https:\/\/secure.gravatar.com\/avatar\/265b27cb2209af7bb3a1318f03305787d7981a5cc6e6cd08fe5a4ecdf99d4b48?s=96&d=mm&r=g\",\"contentUrl\":\"https:\/\/secure.gravatar.com\/avatar\/265b27cb2209af7bb3a1318f03305787d7981a5cc6e6cd08fe5a4ecdf99d4b48?s=96&d=mm&r=g\",\"caption\":\"Contenidos El Regional\"},\"url\":\"https:\/\/elregionalvm.com.ar\/noticias-villa-maria\/author\/contenido\/\"}]}<\/script>\n<!-- \/ Yoast SEO plugin. -->","yoast_head_json":{"title":"R\u00edo Cuarto: Oportunidades de financiamiento y capacitaci\u00f3n para pymes - El Regional","robots":{"index":"index","follow":"follow","max-snippet":"max-snippet:-1","max-image-preview":"max-image-preview:large","max-video-preview":"max-video-preview:-1"},"canonical":"https:\/\/elregionalvm.com.ar\/noticias-villa-maria\/rio-cuarto-oportunidades-de-financiamiento-y-capacitacion-para-pymes\/","og_locale":"es_ES","og_type":"article","og_title":"R\u00edo Cuarto: Oportunidades de financiamiento y capacitaci\u00f3n para pymes - El Regional","og_description":"En el Polo Cient\u00edfico Tecnol\u00f3gico de R\u00edo Cuarto se present\u00f3 el programa&nbsp;Nexo PyME C\u00f3rdoba 2025, que impulsa el Ministerio de Producci\u00f3n, Ciencia e Innovaci\u00f3n a trav\u00e9s de la Subsecretar\u00eda PyME. La iniciativa busca brindar un punto de encuentro \u00fanico que re\u00fana toda la informaci\u00f3n necesaria para el entramado productivo cordob\u00e9s. Se trata de una herramienta [&hellip;]","og_url":"https:\/\/elregionalvm.com.ar\/noticias-villa-maria\/rio-cuarto-oportunidades-de-financiamiento-y-capacitacion-para-pymes\/","og_site_name":"El Regional","article_publisher":"https:\/\/www.facebook.com\/elregionalvm","article_published_time":"2025-09-02T01:37:10+00:00","article_modified_time":"2025-09-02T01:37:12+00:00","og_image":[{"width":990,"height":679,"url":"https:\/\/elregionalvm.com.ar\/noticias-villa-maria\/wp-content\/uploads\/2025\/09\/IMG_8175.jpg","type":"image\/jpeg"}],"author":"Contenidos El Regional","twitter_card":"summary_large_image","twitter_creator":"@elregionalvm1","twitter_site":"@elregionalvm1","twitter_misc":{"Escrito por":"Contenidos El Regional","Tiempo de lectura":"2 minutos"},"schema":{"@context":"https:\/\/schema.org","@graph":[{"@type":"Article","@id":"https:\/\/elregionalvm.com.ar\/noticias-villa-maria\/rio-cuarto-oportunidades-de-financiamiento-y-capacitacion-para-pymes\/#article","isPartOf":{"@id":"https:\/\/elregionalvm.com.ar\/noticias-villa-maria\/rio-cuarto-oportunidades-de-financiamiento-y-capacitacion-para-pymes\/"},"author":{"name":"Contenidos El Regional","@id":"http:\/\/elregionalvm.com.ar\/noticias-villa-maria\/#\/schema\/person\/a0fb9c422317faca23d50163151bc354"},"headline":"R\u00edo Cuarto: Oportunidades de financiamiento y capacitaci\u00f3n para pymes","datePublished":"2025-09-02T01:37:10+00:00","dateModified":"2025-09-02T01:37:12+00:00","mainEntityOfPage":{"@id":"https:\/\/elregionalvm.com.ar\/noticias-villa-maria\/rio-cuarto-oportunidades-de-financiamiento-y-capacitacion-para-pymes\/"},"wordCount":218,"commentCount":0,"image":{"@id":"https:\/\/elregionalvm.com.ar\/noticias-villa-maria\/rio-cuarto-oportunidades-de-financiamiento-y-capacitacion-para-pymes\/#primaryimage"},"thumbnailUrl":"https:\/\/i0.wp.com\/elregionalvm.com.ar\/noticias-villa-maria\/wp-content\/uploads\/2025\/09\/IMG_8175.jpg?fit=990%2C679&ssl=1","articleSection":["destacado","Provinciales","Sociedad"],"inLanguage":"es","potentialAction":[{"@type":"CommentAction","name":"Comment","target":["https:\/\/elregionalvm.com.ar\/noticias-villa-maria\/rio-cuarto-oportunidades-de-financiamiento-y-capacitacion-para-pymes\/#respond"]}]},{"@type":"WebPage","@id":"https:\/\/elregionalvm.com.ar\/noticias-villa-maria\/rio-cuarto-oportunidades-de-financiamiento-y-capacitacion-para-pymes\/","url":"https:\/\/elregionalvm.com.ar\/noticias-villa-maria\/rio-cuarto-oportunidades-de-financiamiento-y-capacitacion-para-pymes\/","name":"R\u00edo Cuarto: Oportunidades de financiamiento y capacitaci\u00f3n para pymes - El Regional","isPartOf":{"@id":"http:\/\/elregionalvm.com.ar\/noticias-villa-maria\/#website"},"primaryImageOfPage":{"@id":"https:\/\/elregionalvm.com.ar\/noticias-villa-maria\/rio-cuarto-oportunidades-de-financiamiento-y-capacitacion-para-pymes\/#primaryimage"},"image":{"@id":"https:\/\/elregionalvm.com.ar\/noticias-villa-maria\/rio-cuarto-oportunidades-de-financiamiento-y-capacitacion-para-pymes\/#primaryimage"},"thumbnailUrl":"https:\/\/i0.wp.com\/elregionalvm.com.ar\/noticias-villa-maria\/wp-content\/uploads\/2025\/09\/IMG_8175.jpg?fit=990%2C679&ssl=1","datePublished":"2025-09-02T01:37:10+00:00","dateModified":"2025-09-02T01:37:12+00:00","author":{"@id":"http:\/\/elregionalvm.com.ar\/noticias-villa-maria\/#\/schema\/person\/a0fb9c422317faca23d50163151bc354"},"breadcrumb":{"@id":"https:\/\/elregionalvm.com.ar\/noticias-villa-maria\/rio-cuarto-oportunidades-de-financiamiento-y-capacitacion-para-pymes\/#breadcrumb"},"inLanguage":"es","potentialAction":[{"@type":"ReadAction","target":["https:\/\/elregionalvm.com.ar\/noticias-villa-maria\/rio-cuarto-oportunidades-de-financiamiento-y-capacitacion-para-pymes\/"]}]},{"@type":"ImageObject","inLanguage":"es","@id":"https:\/\/elregionalvm.com.ar\/noticias-villa-maria\/rio-cuarto-oportunidades-de-financiamiento-y-capacitacion-para-pymes\/#primaryimage","url":"https:\/\/i0.wp.com\/elregionalvm.com.ar\/noticias-villa-maria\/wp-content\/uploads\/2025\/09\/IMG_8175.jpg?fit=990%2C679&ssl=1","contentUrl":"https:\/\/i0.wp.com\/elregionalvm.com.ar\/noticias-villa-maria\/wp-content\/uploads\/2025\/09\/IMG_8175.jpg?fit=990%2C679&ssl=1","width":990,"height":679},{"@type":"BreadcrumbList","@id":"https:\/\/elregionalvm.com.ar\/noticias-villa-maria\/rio-cuarto-oportunidades-de-financiamiento-y-capacitacion-para-pymes\/#breadcrumb","itemListElement":[{"@type":"ListItem","position":1,"name":"Portada","item":"https:\/\/elregionalvm.com.ar\/noticias-villa-maria\/"},{"@type":"ListItem","position":2,"name":"R\u00edo Cuarto: Oportunidades de financiamiento y capacitaci\u00f3n para pymes"}]},{"@type":"WebSite","@id":"http:\/\/elregionalvm.com.ar\/noticias-villa-maria\/#website","url":"http:\/\/elregionalvm.com.ar\/noticias-villa-maria\/","name":"El Regional","description":"Mucho m\u00e1s que informaci\u00f3n","potentialAction":[{"@type":"SearchAction","target":{"@type":"EntryPoint","urlTemplate":"http:\/\/elregionalvm.com.ar\/noticias-villa-maria\/?s={search_term_string}"},"query-input":{"@type":"PropertyValueSpecification","valueRequired":true,"valueName":"search_term_string"}}],"inLanguage":"es"},{"@type":"Person","@id":"http:\/\/elregionalvm.com.ar\/noticias-villa-maria\/#\/schema\/person\/a0fb9c422317faca23d50163151bc354","name":"Contenidos El Regional","image":{"@type":"ImageObject","inLanguage":"es","@id":"http:\/\/elregionalvm.com.ar\/noticias-villa-maria\/#\/schema\/person\/image\/","url":"https:\/\/secure.gravatar.com\/avatar\/265b27cb2209af7bb3a1318f03305787d7981a5cc6e6cd08fe5a4ecdf99d4b48?s=96&d=mm&r=g","contentUrl":"https:\/\/secure.gravatar.com\/avatar\/265b27cb2209af7bb3a1318f03305787d7981a5cc6e6cd08fe5a4ecdf99d4b48?s=96&d=mm&r=g","caption":"Contenidos El Regional"},"url":"https:\/\/elregionalvm.com.ar\/noticias-villa-maria\/author\/contenido\/"}]}},"jetpack_featured_media_url":"https:\/\/i0.wp.com\/elregionalvm.com.ar\/noticias-villa-maria\/wp-content\/uploads\/2025\/09\/IMG_8175.jpg?fit=990%2C679&ssl=1","jetpack_sharing_enabled":true,"_links":{"self":[{"href":"https:\/\/elregionalvm.com.ar\/noticias-villa-maria\/wp-json\/wp\/v2\/posts\/109668","targetHints":{"allow":["GET"]}}],"collection":[{"href":"https:\/\/elregionalvm.com.ar\/noticias-villa-maria\/wp-json\/wp\/v2\/posts"}],"about":[{"href":"https:\/\/elregionalvm.com.ar\/noticias-villa-maria\/wp-json\/wp\/v2\/types\/post"}],"author":[{"embeddable":true,"href":"https:\/\/elregionalvm.com.ar\/noticias-villa-maria\/wp-json\/wp\/v2\/users\/4"}],"replies":[{"embeddable":true,"href":"https:\/\/elregionalvm.com.ar\/noticias-villa-maria\/wp-json\/wp\/v2\/comments?post=109668"}],"version-history":[{"count":1,"href":"https:\/\/elregionalvm.com.ar\/noticias-villa-maria\/wp-json\/wp\/v2\/posts\/109668\/revisions"}],"predecessor-version":[{"id":109670,"href":"https:\/\/elregionalvm.com.ar\/noticias-villa-maria\/wp-json\/wp\/v2\/posts\/109668\/revisions\/109670"}],"wp:featuredmedia":[{"embeddable":true,"href":"https:\/\/elregionalvm.com.ar\/noticias-villa-maria\/wp-json\/wp\/v2\/media\/109669"}],"wp:attachment":[{"href":"https:\/\/elregionalvm.com.ar\/noticias-villa-maria\/wp-json\/wp\/v2\/media?parent=109668"}],"wp:term":[{"taxonomy":"category","embeddable":true,"href":"https:\/\/elregionalvm.com.ar\/noticias-villa-maria\/wp-json\/wp\/v2\/categories?post=109668"},{"taxonomy":"post_tag","embeddable":true,"href":"https:\/\/elregionalvm.com.ar\/noticias-villa-maria\/wp-json\/wp\/v2\/tags?post=109668"}],"curies":[{"name":"wp","href":"https:\/\/api.w.org\/{rel}","templated":true}]}}