{"id":109671,"date":"2025-09-02T01:41:28","date_gmt":"2025-09-02T01:41:28","guid":{"rendered":"https:\/\/elregionalvm.com.ar\/noticias-villa-maria\/?p=109671"},"modified":"2025-09-02T02:03:26","modified_gmt":"2025-09-02T02:03:26","slug":"si-firmo-un-aval-para-el-fortalecimiento-educativo-de-bibliotecas-escolares","status":"publish","type":"post","link":"https:\/\/elregionalvm.com.ar\/noticias-villa-maria\/si-firmo-un-aval-para-el-fortalecimiento-educativo-de-bibliotecas-escolares\/","title":{"rendered":"Se firm\u00f3 un aval para el Fortalecimiento Educativo de bibliotecas escolares"},"content":{"rendered":"\n<p>Se firm\u00f3 un aval para participar como instituci\u00f3n copart\u00edcipe en el proyecto de extensi\u00f3n que busca consolidar una red de bibliotecas escolares en el marco del Programa de Fortalecimiento Educativo Territorial.<\/p>\n\n\n\n<p>La firma se concret\u00f3 entre la secretaria de Educaci\u00f3n, Adela Guirardelli , y el decano del Instituto de Ciencias Sociales de la Universidad Nacional de Villa Mar\u00eda, Gabriel Su\u00e1rez , instituci\u00f3n que impulsa y coordina la iniciativa.<\/p>\n\n\n\n<p>El proyecto promueve el trabajo articulado entre municipios, escuelas y organizaciones locales, con el objetivo de mejorar el acceso a recursos de lectura y formaci\u00f3n, fortalecer los procesos educativos.<\/p>\n\n\n\n<p>La Coordinaci\u00f3n Local de Educaci\u00f3n tendr\u00e1 un rol activo en la planificaci\u00f3n, articulaci\u00f3n e implementaci\u00f3n de las acciones previstas, facilitando el v\u00ednculo entre instituciones educativas.<\/p>\n\n\n\n<p>&nbsp;Entre las tareas comprometidas se incluyen el relevamiento de necesidades, la capacitaci\u00f3n de personal y el uso compartido de espacios e infraestructura municipal para las actividades de extensi\u00f3n y fomento de la lectura.<\/p>\n\n\n\n<p><em>\u201cEste proyecto significa una oportunidad para potenciar las trayectorias educativas de ni\u00f1as, ni\u00f1os y j\u00f3venes, favorecer el trabajo interinstitucional y contribuir a la mejora de los aprendizajes y las competencias lectoras en la ciudad\u201d,<\/em>&nbsp;destac\u00f3 Guirardelli.<\/p>\n","protected":false},"excerpt":{"rendered":"<p>Se firm\u00f3 un aval para participar como instituci\u00f3n copart\u00edcipe en el proyecto de extensi\u00f3n que busca consolidar una red de bibliotecas escolares en el marco del Programa de Fortalecimiento Educativo Territorial. La firma se concret\u00f3 entre la secretaria de Educaci\u00f3n, Adela Guirardelli , y el decano del Instituto de Ciencias Sociales de la Universidad Nacional [&hellip;]<\/p>\n","protected":false},"author":4,"featured_media":109672,"comment_status":"open","ping_status":"open","sticky":false,"template":"","format":"standard","meta":{"site-sidebar-layout":"default","site-content-layout":"","ast-site-content-layout":"default","site-content-style":"default","site-sidebar-style":"default","ast-global-header-display":"","ast-banner-title-visibility":"","ast-main-header-display":"","ast-hfb-above-header-display":"","ast-hfb-below-header-display":"","ast-hfb-mobile-header-display":"","site-post-title":"","ast-breadcrumbs-content":"","ast-featured-img":"","footer-sml-layout":"","ast-disable-related-posts":"","theme-transparent-header-meta":"","adv-header-id-meta":"","stick-header-meta":"","header-above-stick-meta":"","header-main-stick-meta":"","header-below-stick-meta":"","astra-migrate-meta-layouts":"set","ast-page-background-enabled":"default","ast-page-background-meta":{"desktop":{"background-color":"","background-image":"","background-repeat":"repeat","background-position":"center center","background-size":"auto","background-attachment":"scroll","background-type":"","background-media":"","overlay-type":"","overlay-color":"","overlay-opacity":"","overlay-gradient":""},"tablet":{"background-color":"","background-image":"","background-repeat":"repeat","background-position":"center center","background-size":"auto","background-attachment":"scroll","background-type":"","background-media":"","overlay-type":"","overlay-color":"","overlay-opacity":"","overlay-gradient":""},"mobile":{"background-color":"","background-image":"","background-repeat":"repeat","background-position":"center center","background-size":"auto","background-attachment":"scroll","background-type":"","background-media":"","overlay-type":"","overlay-color":"","overlay-opacity":"","overlay-gradient":""}},"ast-content-background-meta":{"desktop":{"background-color":"var(--ast-global-color-5)","background-image":"","background-repeat":"repeat","background-position":"center center","background-size":"auto","background-attachment":"scroll","background-type":"","background-media":"","overlay-type":"","overlay-color":"","overlay-opacity":"","overlay-gradient":""},"tablet":{"background-color":"var(--ast-global-color-5)","background-image":"","background-repeat":"repeat","background-position":"center center","background-size":"auto","background-attachment":"scroll","background-type":"","background-media":"","overlay-type":"","overlay-color":"","overlay-opacity":"","overlay-gradient":""},"mobile":{"background-color":"var(--ast-global-color-5)","background-image":"","background-repeat":"repeat","background-position":"center center","background-size":"auto","background-attachment":"scroll","background-type":"","background-media":"","overlay-type":"","overlay-color":"","overlay-opacity":"","overlay-gradient":""}},"_jetpack_memberships_contains_paid_content":false,"_joinchat":[],"footnotes":""},"categories":[15302,5,2],"tags":[],"class_list":["post-109671","post","type-post","status-publish","format-standard","has-post-thumbnail","hentry","category-destacado","category-sociedad","category-villa-maria"],"yoast_head":"<!-- This site is optimized with the Yoast SEO plugin v26.8 - https:\/\/yoast.com\/product\/yoast-seo-wordpress\/ -->\n<title>Se firm\u00f3 un aval para el Fortalecimiento Educativo de bibliotecas escolares - El Regional<\/title>\n<meta name=\"robots\" content=\"index, follow, max-snippet:-1, max-image-preview:large, max-video-preview:-1\" \/>\n<link rel=\"canonical\" href=\"https:\/\/elregionalvm.com.ar\/noticias-villa-maria\/si-firmo-un-aval-para-el-fortalecimiento-educativo-de-bibliotecas-escolares\/\" \/>\n<meta property=\"og:locale\" content=\"es_ES\" \/>\n<meta property=\"og:type\" content=\"article\" \/>\n<meta property=\"og:title\" content=\"Se firm\u00f3 un aval para el Fortalecimiento Educativo de bibliotecas escolares - El Regional\" \/>\n<meta property=\"og:description\" content=\"Se firm\u00f3 un aval para participar como instituci\u00f3n copart\u00edcipe en el proyecto de extensi\u00f3n que busca consolidar una red de bibliotecas escolares en el marco del Programa de Fortalecimiento Educativo Territorial. La firma se concret\u00f3 entre la secretaria de Educaci\u00f3n, Adela Guirardelli , y el decano del Instituto de Ciencias Sociales de la Universidad Nacional [&hellip;]\" \/>\n<meta property=\"og:url\" content=\"https:\/\/elregionalvm.com.ar\/noticias-villa-maria\/si-firmo-un-aval-para-el-fortalecimiento-educativo-de-bibliotecas-escolares\/\" \/>\n<meta property=\"og:site_name\" content=\"El Regional\" \/>\n<meta property=\"article:publisher\" content=\"https:\/\/www.facebook.com\/elregionalvm\" \/>\n<meta property=\"article:published_time\" content=\"2025-09-02T01:41:28+00:00\" \/>\n<meta property=\"article:modified_time\" content=\"2025-09-02T02:03:26+00:00\" \/>\n<meta property=\"og:image\" content=\"https:\/\/elregionalvm.com.ar\/noticias-villa-maria\/wp-content\/uploads\/2025\/09\/b6b71feaed8b447fa061f9d87754c1b6.png\" \/>\n\t<meta property=\"og:image:width\" content=\"800\" \/>\n\t<meta property=\"og:image:height\" content=\"600\" \/>\n\t<meta property=\"og:image:type\" content=\"image\/png\" \/>\n<meta name=\"author\" content=\"Contenidos El Regional\" \/>\n<meta name=\"twitter:card\" content=\"summary_large_image\" \/>\n<meta name=\"twitter:creator\" content=\"@elregionalvm1\" \/>\n<meta name=\"twitter:site\" content=\"@elregionalvm1\" \/>\n<meta name=\"twitter:label1\" content=\"Escrito por\" \/>\n\t<meta name=\"twitter:data1\" content=\"Contenidos El Regional\" \/>\n\t<meta name=\"twitter:label2\" content=\"Tiempo de lectura\" \/>\n\t<meta name=\"twitter:data2\" content=\"1 minuto\" \/>\n<script type=\"application\/ld+json\" class=\"yoast-schema-graph\">{\"@context\":\"https:\/\/schema.org\",\"@graph\":[{\"@type\":\"Article\",\"@id\":\"https:\/\/elregionalvm.com.ar\/noticias-villa-maria\/si-firmo-un-aval-para-el-fortalecimiento-educativo-de-bibliotecas-escolares\/#article\",\"isPartOf\":{\"@id\":\"https:\/\/elregionalvm.com.ar\/noticias-villa-maria\/si-firmo-un-aval-para-el-fortalecimiento-educativo-de-bibliotecas-escolares\/\"},\"author\":{\"name\":\"Contenidos El Regional\",\"@id\":\"http:\/\/elregionalvm.com.ar\/noticias-villa-maria\/#\/schema\/person\/a0fb9c422317faca23d50163151bc354\"},\"headline\":\"Se firm\u00f3 un aval para el Fortalecimiento Educativo de bibliotecas escolares\",\"datePublished\":\"2025-09-02T01:41:28+00:00\",\"dateModified\":\"2025-09-02T02:03:26+00:00\",\"mainEntityOfPage\":{\"@id\":\"https:\/\/elregionalvm.com.ar\/noticias-villa-maria\/si-firmo-un-aval-para-el-fortalecimiento-educativo-de-bibliotecas-escolares\/\"},\"wordCount\":221,\"commentCount\":0,\"image\":{\"@id\":\"https:\/\/elregionalvm.com.ar\/noticias-villa-maria\/si-firmo-un-aval-para-el-fortalecimiento-educativo-de-bibliotecas-escolares\/#primaryimage\"},\"thumbnailUrl\":\"https:\/\/i0.wp.com\/elregionalvm.com.ar\/noticias-villa-maria\/wp-content\/uploads\/2025\/09\/b6b71feaed8b447fa061f9d87754c1b6.png?fit=800%2C600&ssl=1\",\"articleSection\":[\"destacado\",\"Sociedad\",\"Villa Mar\u00eda\"],\"inLanguage\":\"es\",\"potentialAction\":[{\"@type\":\"CommentAction\",\"name\":\"Comment\",\"target\":[\"https:\/\/elregionalvm.com.ar\/noticias-villa-maria\/si-firmo-un-aval-para-el-fortalecimiento-educativo-de-bibliotecas-escolares\/#respond\"]}]},{\"@type\":\"WebPage\",\"@id\":\"https:\/\/elregionalvm.com.ar\/noticias-villa-maria\/si-firmo-un-aval-para-el-fortalecimiento-educativo-de-bibliotecas-escolares\/\",\"url\":\"https:\/\/elregionalvm.com.ar\/noticias-villa-maria\/si-firmo-un-aval-para-el-fortalecimiento-educativo-de-bibliotecas-escolares\/\",\"name\":\"Se firm\u00f3 un aval para el Fortalecimiento Educativo de bibliotecas escolares - El Regional\",\"isPartOf\":{\"@id\":\"http:\/\/elregionalvm.com.ar\/noticias-villa-maria\/#website\"},\"primaryImageOfPage\":{\"@id\":\"https:\/\/elregionalvm.com.ar\/noticias-villa-maria\/si-firmo-un-aval-para-el-fortalecimiento-educativo-de-bibliotecas-escolares\/#primaryimage\"},\"image\":{\"@id\":\"https:\/\/elregionalvm.com.ar\/noticias-villa-maria\/si-firmo-un-aval-para-el-fortalecimiento-educativo-de-bibliotecas-escolares\/#primaryimage\"},\"thumbnailUrl\":\"https:\/\/i0.wp.com\/elregionalvm.com.ar\/noticias-villa-maria\/wp-content\/uploads\/2025\/09\/b6b71feaed8b447fa061f9d87754c1b6.png?fit=800%2C600&ssl=1\",\"datePublished\":\"2025-09-02T01:41:28+00:00\",\"dateModified\":\"2025-09-02T02:03:26+00:00\",\"author\":{\"@id\":\"http:\/\/elregionalvm.com.ar\/noticias-villa-maria\/#\/schema\/person\/a0fb9c422317faca23d50163151bc354\"},\"breadcrumb\":{\"@id\":\"https:\/\/elregionalvm.com.ar\/noticias-villa-maria\/si-firmo-un-aval-para-el-fortalecimiento-educativo-de-bibliotecas-escolares\/#breadcrumb\"},\"inLanguage\":\"es\",\"potentialAction\":[{\"@type\":\"ReadAction\",\"target\":[\"https:\/\/elregionalvm.com.ar\/noticias-villa-maria\/si-firmo-un-aval-para-el-fortalecimiento-educativo-de-bibliotecas-escolares\/\"]}]},{\"@type\":\"ImageObject\",\"inLanguage\":\"es\",\"@id\":\"https:\/\/elregionalvm.com.ar\/noticias-villa-maria\/si-firmo-un-aval-para-el-fortalecimiento-educativo-de-bibliotecas-escolares\/#primaryimage\",\"url\":\"https:\/\/i0.wp.com\/elregionalvm.com.ar\/noticias-villa-maria\/wp-content\/uploads\/2025\/09\/b6b71feaed8b447fa061f9d87754c1b6.png?fit=800%2C600&ssl=1\",\"contentUrl\":\"https:\/\/i0.wp.com\/elregionalvm.com.ar\/noticias-villa-maria\/wp-content\/uploads\/2025\/09\/b6b71feaed8b447fa061f9d87754c1b6.png?fit=800%2C600&ssl=1\",\"width\":800,\"height\":600},{\"@type\":\"BreadcrumbList\",\"@id\":\"https:\/\/elregionalvm.com.ar\/noticias-villa-maria\/si-firmo-un-aval-para-el-fortalecimiento-educativo-de-bibliotecas-escolares\/#breadcrumb\",\"itemListElement\":[{\"@type\":\"ListItem\",\"position\":1,\"name\":\"Portada\",\"item\":\"https:\/\/elregionalvm.com.ar\/noticias-villa-maria\/\"},{\"@type\":\"ListItem\",\"position\":2,\"name\":\"Se firm\u00f3 un aval para el Fortalecimiento Educativo de bibliotecas escolares\"}]},{\"@type\":\"WebSite\",\"@id\":\"http:\/\/elregionalvm.com.ar\/noticias-villa-maria\/#website\",\"url\":\"http:\/\/elregionalvm.com.ar\/noticias-villa-maria\/\",\"name\":\"El Regional\",\"description\":\"Mucho m\u00e1s que informaci\u00f3n\",\"potentialAction\":[{\"@type\":\"SearchAction\",\"target\":{\"@type\":\"EntryPoint\",\"urlTemplate\":\"http:\/\/elregionalvm.com.ar\/noticias-villa-maria\/?s={search_term_string}\"},\"query-input\":{\"@type\":\"PropertyValueSpecification\",\"valueRequired\":true,\"valueName\":\"search_term_string\"}}],\"inLanguage\":\"es\"},{\"@type\":\"Person\",\"@id\":\"http:\/\/elregionalvm.com.ar\/noticias-villa-maria\/#\/schema\/person\/a0fb9c422317faca23d50163151bc354\",\"name\":\"Contenidos El Regional\",\"image\":{\"@type\":\"ImageObject\",\"inLanguage\":\"es\",\"@id\":\"http:\/\/elregionalvm.com.ar\/noticias-villa-maria\/#\/schema\/person\/image\/\",\"url\":\"https:\/\/secure.gravatar.com\/avatar\/265b27cb2209af7bb3a1318f03305787d7981a5cc6e6cd08fe5a4ecdf99d4b48?s=96&d=mm&r=g\",\"contentUrl\":\"https:\/\/secure.gravatar.com\/avatar\/265b27cb2209af7bb3a1318f03305787d7981a5cc6e6cd08fe5a4ecdf99d4b48?s=96&d=mm&r=g\",\"caption\":\"Contenidos El Regional\"},\"url\":\"https:\/\/elregionalvm.com.ar\/noticias-villa-maria\/author\/contenido\/\"}]}<\/script>\n<!-- \/ Yoast SEO plugin. -->","yoast_head_json":{"title":"Se firm\u00f3 un aval para el Fortalecimiento Educativo de bibliotecas escolares - El Regional","robots":{"index":"index","follow":"follow","max-snippet":"max-snippet:-1","max-image-preview":"max-image-preview:large","max-video-preview":"max-video-preview:-1"},"canonical":"https:\/\/elregionalvm.com.ar\/noticias-villa-maria\/si-firmo-un-aval-para-el-fortalecimiento-educativo-de-bibliotecas-escolares\/","og_locale":"es_ES","og_type":"article","og_title":"Se firm\u00f3 un aval para el Fortalecimiento Educativo de bibliotecas escolares - El Regional","og_description":"Se firm\u00f3 un aval para participar como instituci\u00f3n copart\u00edcipe en el proyecto de extensi\u00f3n que busca consolidar una red de bibliotecas escolares en el marco del Programa de Fortalecimiento Educativo Territorial. La firma se concret\u00f3 entre la secretaria de Educaci\u00f3n, Adela Guirardelli , y el decano del Instituto de Ciencias Sociales de la Universidad Nacional [&hellip;]","og_url":"https:\/\/elregionalvm.com.ar\/noticias-villa-maria\/si-firmo-un-aval-para-el-fortalecimiento-educativo-de-bibliotecas-escolares\/","og_site_name":"El Regional","article_publisher":"https:\/\/www.facebook.com\/elregionalvm","article_published_time":"2025-09-02T01:41:28+00:00","article_modified_time":"2025-09-02T02:03:26+00:00","og_image":[{"width":800,"height":600,"url":"https:\/\/elregionalvm.com.ar\/noticias-villa-maria\/wp-content\/uploads\/2025\/09\/b6b71feaed8b447fa061f9d87754c1b6.png","type":"image\/png"}],"author":"Contenidos El Regional","twitter_card":"summary_large_image","twitter_creator":"@elregionalvm1","twitter_site":"@elregionalvm1","twitter_misc":{"Escrito por":"Contenidos El Regional","Tiempo de lectura":"1 minuto"},"schema":{"@context":"https:\/\/schema.org","@graph":[{"@type":"Article","@id":"https:\/\/elregionalvm.com.ar\/noticias-villa-maria\/si-firmo-un-aval-para-el-fortalecimiento-educativo-de-bibliotecas-escolares\/#article","isPartOf":{"@id":"https:\/\/elregionalvm.com.ar\/noticias-villa-maria\/si-firmo-un-aval-para-el-fortalecimiento-educativo-de-bibliotecas-escolares\/"},"author":{"name":"Contenidos El Regional","@id":"http:\/\/elregionalvm.com.ar\/noticias-villa-maria\/#\/schema\/person\/a0fb9c422317faca23d50163151bc354"},"headline":"Se firm\u00f3 un aval para el Fortalecimiento Educativo de bibliotecas escolares","datePublished":"2025-09-02T01:41:28+00:00","dateModified":"2025-09-02T02:03:26+00:00","mainEntityOfPage":{"@id":"https:\/\/elregionalvm.com.ar\/noticias-villa-maria\/si-firmo-un-aval-para-el-fortalecimiento-educativo-de-bibliotecas-escolares\/"},"wordCount":221,"commentCount":0,"image":{"@id":"https:\/\/elregionalvm.com.ar\/noticias-villa-maria\/si-firmo-un-aval-para-el-fortalecimiento-educativo-de-bibliotecas-escolares\/#primaryimage"},"thumbnailUrl":"https:\/\/i0.wp.com\/elregionalvm.com.ar\/noticias-villa-maria\/wp-content\/uploads\/2025\/09\/b6b71feaed8b447fa061f9d87754c1b6.png?fit=800%2C600&ssl=1","articleSection":["destacado","Sociedad","Villa Mar\u00eda"],"inLanguage":"es","potentialAction":[{"@type":"CommentAction","name":"Comment","target":["https:\/\/elregionalvm.com.ar\/noticias-villa-maria\/si-firmo-un-aval-para-el-fortalecimiento-educativo-de-bibliotecas-escolares\/#respond"]}]},{"@type":"WebPage","@id":"https:\/\/elregionalvm.com.ar\/noticias-villa-maria\/si-firmo-un-aval-para-el-fortalecimiento-educativo-de-bibliotecas-escolares\/","url":"https:\/\/elregionalvm.com.ar\/noticias-villa-maria\/si-firmo-un-aval-para-el-fortalecimiento-educativo-de-bibliotecas-escolares\/","name":"Se firm\u00f3 un aval para el Fortalecimiento Educativo de bibliotecas escolares - El Regional","isPartOf":{"@id":"http:\/\/elregionalvm.com.ar\/noticias-villa-maria\/#website"},"primaryImageOfPage":{"@id":"https:\/\/elregionalvm.com.ar\/noticias-villa-maria\/si-firmo-un-aval-para-el-fortalecimiento-educativo-de-bibliotecas-escolares\/#primaryimage"},"image":{"@id":"https:\/\/elregionalvm.com.ar\/noticias-villa-maria\/si-firmo-un-aval-para-el-fortalecimiento-educativo-de-bibliotecas-escolares\/#primaryimage"},"thumbnailUrl":"https:\/\/i0.wp.com\/elregionalvm.com.ar\/noticias-villa-maria\/wp-content\/uploads\/2025\/09\/b6b71feaed8b447fa061f9d87754c1b6.png?fit=800%2C600&ssl=1","datePublished":"2025-09-02T01:41:28+00:00","dateModified":"2025-09-02T02:03:26+00:00","author":{"@id":"http:\/\/elregionalvm.com.ar\/noticias-villa-maria\/#\/schema\/person\/a0fb9c422317faca23d50163151bc354"},"breadcrumb":{"@id":"https:\/\/elregionalvm.com.ar\/noticias-villa-maria\/si-firmo-un-aval-para-el-fortalecimiento-educativo-de-bibliotecas-escolares\/#breadcrumb"},"inLanguage":"es","potentialAction":[{"@type":"ReadAction","target":["https:\/\/elregionalvm.com.ar\/noticias-villa-maria\/si-firmo-un-aval-para-el-fortalecimiento-educativo-de-bibliotecas-escolares\/"]}]},{"@type":"ImageObject","inLanguage":"es","@id":"https:\/\/elregionalvm.com.ar\/noticias-villa-maria\/si-firmo-un-aval-para-el-fortalecimiento-educativo-de-bibliotecas-escolares\/#primaryimage","url":"https:\/\/i0.wp.com\/elregionalvm.com.ar\/noticias-villa-maria\/wp-content\/uploads\/2025\/09\/b6b71feaed8b447fa061f9d87754c1b6.png?fit=800%2C600&ssl=1","contentUrl":"https:\/\/i0.wp.com\/elregionalvm.com.ar\/noticias-villa-maria\/wp-content\/uploads\/2025\/09\/b6b71feaed8b447fa061f9d87754c1b6.png?fit=800%2C600&ssl=1","width":800,"height":600},{"@type":"BreadcrumbList","@id":"https:\/\/elregionalvm.com.ar\/noticias-villa-maria\/si-firmo-un-aval-para-el-fortalecimiento-educativo-de-bibliotecas-escolares\/#breadcrumb","itemListElement":[{"@type":"ListItem","position":1,"name":"Portada","item":"https:\/\/elregionalvm.com.ar\/noticias-villa-maria\/"},{"@type":"ListItem","position":2,"name":"Se firm\u00f3 un aval para el Fortalecimiento Educativo de bibliotecas escolares"}]},{"@type":"WebSite","@id":"http:\/\/elregionalvm.com.ar\/noticias-villa-maria\/#website","url":"http:\/\/elregionalvm.com.ar\/noticias-villa-maria\/","name":"El Regional","description":"Mucho m\u00e1s que informaci\u00f3n","potentialAction":[{"@type":"SearchAction","target":{"@type":"EntryPoint","urlTemplate":"http:\/\/elregionalvm.com.ar\/noticias-villa-maria\/?s={search_term_string}"},"query-input":{"@type":"PropertyValueSpecification","valueRequired":true,"valueName":"search_term_string"}}],"inLanguage":"es"},{"@type":"Person","@id":"http:\/\/elregionalvm.com.ar\/noticias-villa-maria\/#\/schema\/person\/a0fb9c422317faca23d50163151bc354","name":"Contenidos El Regional","image":{"@type":"ImageObject","inLanguage":"es","@id":"http:\/\/elregionalvm.com.ar\/noticias-villa-maria\/#\/schema\/person\/image\/","url":"https:\/\/secure.gravatar.com\/avatar\/265b27cb2209af7bb3a1318f03305787d7981a5cc6e6cd08fe5a4ecdf99d4b48?s=96&d=mm&r=g","contentUrl":"https:\/\/secure.gravatar.com\/avatar\/265b27cb2209af7bb3a1318f03305787d7981a5cc6e6cd08fe5a4ecdf99d4b48?s=96&d=mm&r=g","caption":"Contenidos El Regional"},"url":"https:\/\/elregionalvm.com.ar\/noticias-villa-maria\/author\/contenido\/"}]}},"jetpack_featured_media_url":"https:\/\/i0.wp.com\/elregionalvm.com.ar\/noticias-villa-maria\/wp-content\/uploads\/2025\/09\/b6b71feaed8b447fa061f9d87754c1b6.png?fit=800%2C600&ssl=1","jetpack_sharing_enabled":true,"_links":{"self":[{"href":"https:\/\/elregionalvm.com.ar\/noticias-villa-maria\/wp-json\/wp\/v2\/posts\/109671","targetHints":{"allow":["GET"]}}],"collection":[{"href":"https:\/\/elregionalvm.com.ar\/noticias-villa-maria\/wp-json\/wp\/v2\/posts"}],"about":[{"href":"https:\/\/elregionalvm.com.ar\/noticias-villa-maria\/wp-json\/wp\/v2\/types\/post"}],"author":[{"embeddable":true,"href":"https:\/\/elregionalvm.com.ar\/noticias-villa-maria\/wp-json\/wp\/v2\/users\/4"}],"replies":[{"embeddable":true,"href":"https:\/\/elregionalvm.com.ar\/noticias-villa-maria\/wp-json\/wp\/v2\/comments?post=109671"}],"version-history":[{"count":2,"href":"https:\/\/elregionalvm.com.ar\/noticias-villa-maria\/wp-json\/wp\/v2\/posts\/109671\/revisions"}],"predecessor-version":[{"id":109681,"href":"https:\/\/elregionalvm.com.ar\/noticias-villa-maria\/wp-json\/wp\/v2\/posts\/109671\/revisions\/109681"}],"wp:featuredmedia":[{"embeddable":true,"href":"https:\/\/elregionalvm.com.ar\/noticias-villa-maria\/wp-json\/wp\/v2\/media\/109672"}],"wp:attachment":[{"href":"https:\/\/elregionalvm.com.ar\/noticias-villa-maria\/wp-json\/wp\/v2\/media?parent=109671"}],"wp:term":[{"taxonomy":"category","embeddable":true,"href":"https:\/\/elregionalvm.com.ar\/noticias-villa-maria\/wp-json\/wp\/v2\/categories?post=109671"},{"taxonomy":"post_tag","embeddable":true,"href":"https:\/\/elregionalvm.com.ar\/noticias-villa-maria\/wp-json\/wp\/v2\/tags?post=109671"}],"curies":[{"name":"wp","href":"https:\/\/api.w.org\/{rel}","templated":true}]}}