{"id":109779,"date":"2025-09-06T02:27:58","date_gmt":"2025-09-06T02:27:58","guid":{"rendered":"https:\/\/elregionalvm.com.ar\/noticias-villa-maria\/?p=109779"},"modified":"2025-09-06T02:28:02","modified_gmt":"2025-09-06T02:28:02","slug":"mas-de-10-oficiales-formaran-parte-del-servicio-especial-de-operaciones-motorizadas","status":"publish","type":"post","link":"https:\/\/elregionalvm.com.ar\/noticias-villa-maria\/mas-de-10-oficiales-formaran-parte-del-servicio-especial-de-operaciones-motorizadas\/","title":{"rendered":"M\u00e1s de 10 oficiales formar\u00e1n parte del Servicio Especial de Operaciones Motorizadas"},"content":{"rendered":"\n<p>a trav\u00e9s de la Secretar\u00eda de Prevenci\u00f3n, Seguridad y Convivencia Urbana informa que, tras completar su capacitaci\u00f3n, 11 oficiales de la Polic\u00eda de C\u00f3rdoba se incorporar\u00e1n al Servicio Especial de Operaciones Motorizadas (SEOM).<\/p>\n\n\n\n<p>El cierre de la capacitaci\u00f3n se llev\u00f3 a cabo en la Escuela Granja y estuvo encabezado por la titular de la mencionada cartera, Guadalupe V\u00e1zquez, y miembros de las fuerzas de seguridad.<\/p>\n\n\n\n<p>All\u00ed, la secretaria V\u00e1zquez coment\u00f3:&nbsp;<em>\u00abEste es un grupo t\u00e1ctico que la gesti\u00f3n de Eduardo Accastello ha tra\u00eddo a Villa Mar\u00eda, en estos meses de gesti\u00f3n tenemos seis grupos especiales en la ciudad, lo que engrosa la log\u00edstica policial y hace que Villa Mar\u00eda sea m\u00e1s segura. En esta ciudad no negociamos la paz social, y esto tiene que ver con las gestiones que se realizan, con la predisposici\u00f3n del Gobierno de la provincia de C\u00f3rdoba, a trav\u00e9s del Ministerio de Seguridad, que hace que todo esto sea posible. Contar con una unidad especial como el SEOM nos pone muy contentos, porque estamos trabajando para que en Villa Mar\u00eda podamos vivir de manera m\u00e1s tranquila.\u00bb<\/em><\/p>\n\n\n\n<p><em>\u00abContar con estos grupos hace que la ciudad se posicione hoy, a nivel provincial, como uno de los polos del turismo y para hacer eventos masivos necesitamos contar con grupos especiales que van a trabajar en eventos deportivos, culturales, de espect\u00e1culos, recitales, pero tambi\u00e9n van a recorrer nuestras calles\u00bb<\/em><\/p>\n\n\n\n<p>Por su parte, el oficial principal Javier Villagra, jefe del Primer Curso B\u00e1sico de Formaci\u00f3n y Especializaci\u00f3n en Operaciones Motorizadas, explic\u00f3:&nbsp;<em>\u00abLlevamos a cabo un entrenamiento de personal policial, que inicia con una capacitaci\u00f3n en conducci\u00f3n en motocicletas de alta cilindrada, de las que se han entregado 600 unidades en la provincia de la marca Kawasaki. Hacemos un entrenamiento espec\u00edfico para pilotos y operadores para trabajar dentro del \u00e1mbito urbano y llevar tranquilidad a la sociedad\u00bb.<\/em><\/p>\n\n\n\n<p>Asimismo, la cabo Lucrecia Della Mea, instructora en Operaciones Motorizadas, a\u00f1adi\u00f3:&nbsp;<em>\u00abLos cursantes han adquirido capacitaci\u00f3n en control de multitudes, como as\u00ed tambi\u00e9n anti disturbio. Estar\u00e1n realizando acompa\u00f1amientos y traslados protocolares, delegaciones deportiva, tambi\u00e9n aprensiones selectivas y masivas, control de multitudes. Este equipo estar\u00e1 en funcionamiento muy pronto, sobre todo teniendo en cuenta que estamos cerca de la \u00e9poca de calor y Villa Mar\u00eda es sede de grandes eventos, y nosotros somos especialistas en control de multitudes\u00bb.<\/em><\/p>\n\n\n\n<p>El curso incluy\u00f3 diversas instancias de formaci\u00f3n y pr\u00e1cticas espec\u00edficas, con eje en la acci\u00f3n r\u00e1pida y el control de situaciones de disturbios. El SEOM tendr\u00e1 su base operativa en la Terminal de \u00d3mnibus, un punto neur\u00e1lgico de la ciudad, y estar\u00e1 especialmente preparado para intervenir en operativos antidisturbios, control de hinchadas, eventos culturales, aprehensiones y c\u00e1psulas de seguridad.<\/p>\n","protected":false},"excerpt":{"rendered":"<p>a trav\u00e9s de la Secretar\u00eda de Prevenci\u00f3n, Seguridad y Convivencia Urbana informa que, tras completar su capacitaci\u00f3n, 11 oficiales de la Polic\u00eda de C\u00f3rdoba se incorporar\u00e1n al Servicio Especial de Operaciones Motorizadas (SEOM). El cierre de la capacitaci\u00f3n se llev\u00f3 a cabo en la Escuela Granja y estuvo encabezado por la titular de la mencionada [&hellip;]<\/p>\n","protected":false},"author":4,"featured_media":109781,"comment_status":"open","ping_status":"open","sticky":false,"template":"","format":"standard","meta":{"site-sidebar-layout":"default","site-content-layout":"","ast-site-content-layout":"default","site-content-style":"default","site-sidebar-style":"default","ast-global-header-display":"","ast-banner-title-visibility":"","ast-main-header-display":"","ast-hfb-above-header-display":"","ast-hfb-below-header-display":"","ast-hfb-mobile-header-display":"","site-post-title":"","ast-breadcrumbs-content":"","ast-featured-img":"","footer-sml-layout":"","ast-disable-related-posts":"","theme-transparent-header-meta":"","adv-header-id-meta":"","stick-header-meta":"","header-above-stick-meta":"","header-main-stick-meta":"","header-below-stick-meta":"","astra-migrate-meta-layouts":"set","ast-page-background-enabled":"default","ast-page-background-meta":{"desktop":{"background-color":"","background-image":"","background-repeat":"repeat","background-position":"center center","background-size":"auto","background-attachment":"scroll","background-type":"","background-media":"","overlay-type":"","overlay-color":"","overlay-opacity":"","overlay-gradient":""},"tablet":{"background-color":"","background-image":"","background-repeat":"repeat","background-position":"center center","background-size":"auto","background-attachment":"scroll","background-type":"","background-media":"","overlay-type":"","overlay-color":"","overlay-opacity":"","overlay-gradient":""},"mobile":{"background-color":"","background-image":"","background-repeat":"repeat","background-position":"center center","background-size":"auto","background-attachment":"scroll","background-type":"","background-media":"","overlay-type":"","overlay-color":"","overlay-opacity":"","overlay-gradient":""}},"ast-content-background-meta":{"desktop":{"background-color":"var(--ast-global-color-5)","background-image":"","background-repeat":"repeat","background-position":"center center","background-size":"auto","background-attachment":"scroll","background-type":"","background-media":"","overlay-type":"","overlay-color":"","overlay-opacity":"","overlay-gradient":""},"tablet":{"background-color":"var(--ast-global-color-5)","background-image":"","background-repeat":"repeat","background-position":"center center","background-size":"auto","background-attachment":"scroll","background-type":"","background-media":"","overlay-type":"","overlay-color":"","overlay-opacity":"","overlay-gradient":""},"mobile":{"background-color":"var(--ast-global-color-5)","background-image":"","background-repeat":"repeat","background-position":"center center","background-size":"auto","background-attachment":"scroll","background-type":"","background-media":"","overlay-type":"","overlay-color":"","overlay-opacity":"","overlay-gradient":""}},"_jetpack_memberships_contains_paid_content":false,"_joinchat":[],"footnotes":""},"categories":[15302,1,5,2],"tags":[],"class_list":["post-109779","post","type-post","status-publish","format-standard","has-post-thumbnail","hentry","category-destacado","category-sin-categoria","category-sociedad","category-villa-maria"],"yoast_head":"<!-- This site is optimized with the Yoast SEO plugin v26.8 - https:\/\/yoast.com\/product\/yoast-seo-wordpress\/ -->\n<title>M\u00e1s de 10 oficiales formar\u00e1n parte del Servicio Especial de Operaciones Motorizadas - El Regional<\/title>\n<meta name=\"robots\" content=\"index, follow, max-snippet:-1, max-image-preview:large, max-video-preview:-1\" \/>\n<link rel=\"canonical\" href=\"https:\/\/elregionalvm.com.ar\/noticias-villa-maria\/mas-de-10-oficiales-formaran-parte-del-servicio-especial-de-operaciones-motorizadas\/\" \/>\n<meta property=\"og:locale\" content=\"es_ES\" \/>\n<meta property=\"og:type\" content=\"article\" \/>\n<meta property=\"og:title\" content=\"M\u00e1s de 10 oficiales formar\u00e1n parte del Servicio Especial de Operaciones Motorizadas - El Regional\" \/>\n<meta property=\"og:description\" content=\"a trav\u00e9s de la Secretar\u00eda de Prevenci\u00f3n, Seguridad y Convivencia Urbana informa que, tras completar su capacitaci\u00f3n, 11 oficiales de la Polic\u00eda de C\u00f3rdoba se incorporar\u00e1n al Servicio Especial de Operaciones Motorizadas (SEOM). El cierre de la capacitaci\u00f3n se llev\u00f3 a cabo en la Escuela Granja y estuvo encabezado por la titular de la mencionada [&hellip;]\" \/>\n<meta property=\"og:url\" content=\"https:\/\/elregionalvm.com.ar\/noticias-villa-maria\/mas-de-10-oficiales-formaran-parte-del-servicio-especial-de-operaciones-motorizadas\/\" \/>\n<meta property=\"og:site_name\" content=\"El Regional\" \/>\n<meta property=\"article:publisher\" content=\"https:\/\/www.facebook.com\/elregionalvm\" \/>\n<meta property=\"article:published_time\" content=\"2025-09-06T02:27:58+00:00\" \/>\n<meta property=\"article:modified_time\" content=\"2025-09-06T02:28:02+00:00\" \/>\n<meta property=\"og:image\" content=\"https:\/\/elregionalvm.com.ar\/noticias-villa-maria\/wp-content\/uploads\/2025\/09\/5a6ae348d92d4f899fc0f4f4f49c7d72-1.jpeg\" \/>\n\t<meta property=\"og:image:width\" content=\"800\" \/>\n\t<meta property=\"og:image:height\" content=\"600\" \/>\n\t<meta property=\"og:image:type\" content=\"image\/jpeg\" \/>\n<meta name=\"author\" content=\"Contenidos El Regional\" \/>\n<meta name=\"twitter:card\" content=\"summary_large_image\" \/>\n<meta name=\"twitter:creator\" content=\"@elregionalvm1\" \/>\n<meta name=\"twitter:site\" content=\"@elregionalvm1\" \/>\n<meta name=\"twitter:label1\" content=\"Escrito por\" \/>\n\t<meta name=\"twitter:data1\" content=\"Contenidos El Regional\" \/>\n\t<meta name=\"twitter:label2\" content=\"Tiempo de lectura\" \/>\n\t<meta name=\"twitter:data2\" content=\"3 minutos\" \/>\n<script type=\"application\/ld+json\" class=\"yoast-schema-graph\">{\"@context\":\"https:\/\/schema.org\",\"@graph\":[{\"@type\":\"Article\",\"@id\":\"https:\/\/elregionalvm.com.ar\/noticias-villa-maria\/mas-de-10-oficiales-formaran-parte-del-servicio-especial-de-operaciones-motorizadas\/#article\",\"isPartOf\":{\"@id\":\"https:\/\/elregionalvm.com.ar\/noticias-villa-maria\/mas-de-10-oficiales-formaran-parte-del-servicio-especial-de-operaciones-motorizadas\/\"},\"author\":{\"name\":\"Contenidos El Regional\",\"@id\":\"http:\/\/elregionalvm.com.ar\/noticias-villa-maria\/#\/schema\/person\/a0fb9c422317faca23d50163151bc354\"},\"headline\":\"M\u00e1s de 10 oficiales formar\u00e1n parte del Servicio Especial de Operaciones Motorizadas\",\"datePublished\":\"2025-09-06T02:27:58+00:00\",\"dateModified\":\"2025-09-06T02:28:02+00:00\",\"mainEntityOfPage\":{\"@id\":\"https:\/\/elregionalvm.com.ar\/noticias-villa-maria\/mas-de-10-oficiales-formaran-parte-del-servicio-especial-de-operaciones-motorizadas\/\"},\"wordCount\":500,\"commentCount\":0,\"image\":{\"@id\":\"https:\/\/elregionalvm.com.ar\/noticias-villa-maria\/mas-de-10-oficiales-formaran-parte-del-servicio-especial-de-operaciones-motorizadas\/#primaryimage\"},\"thumbnailUrl\":\"https:\/\/i0.wp.com\/elregionalvm.com.ar\/noticias-villa-maria\/wp-content\/uploads\/2025\/09\/5a6ae348d92d4f899fc0f4f4f49c7d72-1.jpeg?fit=800%2C600&ssl=1\",\"articleSection\":{\"0\":\"destacado\",\"2\":\"Sociedad\",\"3\":\"Villa Mar\u00eda\"},\"inLanguage\":\"es\",\"potentialAction\":[{\"@type\":\"CommentAction\",\"name\":\"Comment\",\"target\":[\"https:\/\/elregionalvm.com.ar\/noticias-villa-maria\/mas-de-10-oficiales-formaran-parte-del-servicio-especial-de-operaciones-motorizadas\/#respond\"]}]},{\"@type\":\"WebPage\",\"@id\":\"https:\/\/elregionalvm.com.ar\/noticias-villa-maria\/mas-de-10-oficiales-formaran-parte-del-servicio-especial-de-operaciones-motorizadas\/\",\"url\":\"https:\/\/elregionalvm.com.ar\/noticias-villa-maria\/mas-de-10-oficiales-formaran-parte-del-servicio-especial-de-operaciones-motorizadas\/\",\"name\":\"M\u00e1s de 10 oficiales formar\u00e1n parte del Servicio Especial de Operaciones Motorizadas - El Regional\",\"isPartOf\":{\"@id\":\"http:\/\/elregionalvm.com.ar\/noticias-villa-maria\/#website\"},\"primaryImageOfPage\":{\"@id\":\"https:\/\/elregionalvm.com.ar\/noticias-villa-maria\/mas-de-10-oficiales-formaran-parte-del-servicio-especial-de-operaciones-motorizadas\/#primaryimage\"},\"image\":{\"@id\":\"https:\/\/elregionalvm.com.ar\/noticias-villa-maria\/mas-de-10-oficiales-formaran-parte-del-servicio-especial-de-operaciones-motorizadas\/#primaryimage\"},\"thumbnailUrl\":\"https:\/\/i0.wp.com\/elregionalvm.com.ar\/noticias-villa-maria\/wp-content\/uploads\/2025\/09\/5a6ae348d92d4f899fc0f4f4f49c7d72-1.jpeg?fit=800%2C600&ssl=1\",\"datePublished\":\"2025-09-06T02:27:58+00:00\",\"dateModified\":\"2025-09-06T02:28:02+00:00\",\"author\":{\"@id\":\"http:\/\/elregionalvm.com.ar\/noticias-villa-maria\/#\/schema\/person\/a0fb9c422317faca23d50163151bc354\"},\"breadcrumb\":{\"@id\":\"https:\/\/elregionalvm.com.ar\/noticias-villa-maria\/mas-de-10-oficiales-formaran-parte-del-servicio-especial-de-operaciones-motorizadas\/#breadcrumb\"},\"inLanguage\":\"es\",\"potentialAction\":[{\"@type\":\"ReadAction\",\"target\":[\"https:\/\/elregionalvm.com.ar\/noticias-villa-maria\/mas-de-10-oficiales-formaran-parte-del-servicio-especial-de-operaciones-motorizadas\/\"]}]},{\"@type\":\"ImageObject\",\"inLanguage\":\"es\",\"@id\":\"https:\/\/elregionalvm.com.ar\/noticias-villa-maria\/mas-de-10-oficiales-formaran-parte-del-servicio-especial-de-operaciones-motorizadas\/#primaryimage\",\"url\":\"https:\/\/i0.wp.com\/elregionalvm.com.ar\/noticias-villa-maria\/wp-content\/uploads\/2025\/09\/5a6ae348d92d4f899fc0f4f4f49c7d72-1.jpeg?fit=800%2C600&ssl=1\",\"contentUrl\":\"https:\/\/i0.wp.com\/elregionalvm.com.ar\/noticias-villa-maria\/wp-content\/uploads\/2025\/09\/5a6ae348d92d4f899fc0f4f4f49c7d72-1.jpeg?fit=800%2C600&ssl=1\",\"width\":800,\"height\":600},{\"@type\":\"BreadcrumbList\",\"@id\":\"https:\/\/elregionalvm.com.ar\/noticias-villa-maria\/mas-de-10-oficiales-formaran-parte-del-servicio-especial-de-operaciones-motorizadas\/#breadcrumb\",\"itemListElement\":[{\"@type\":\"ListItem\",\"position\":1,\"name\":\"Portada\",\"item\":\"https:\/\/elregionalvm.com.ar\/noticias-villa-maria\/\"},{\"@type\":\"ListItem\",\"position\":2,\"name\":\"M\u00e1s de 10 oficiales formar\u00e1n parte del Servicio Especial de Operaciones Motorizadas\"}]},{\"@type\":\"WebSite\",\"@id\":\"http:\/\/elregionalvm.com.ar\/noticias-villa-maria\/#website\",\"url\":\"http:\/\/elregionalvm.com.ar\/noticias-villa-maria\/\",\"name\":\"El Regional\",\"description\":\"Mucho m\u00e1s que informaci\u00f3n\",\"potentialAction\":[{\"@type\":\"SearchAction\",\"target\":{\"@type\":\"EntryPoint\",\"urlTemplate\":\"http:\/\/elregionalvm.com.ar\/noticias-villa-maria\/?s={search_term_string}\"},\"query-input\":{\"@type\":\"PropertyValueSpecification\",\"valueRequired\":true,\"valueName\":\"search_term_string\"}}],\"inLanguage\":\"es\"},{\"@type\":\"Person\",\"@id\":\"http:\/\/elregionalvm.com.ar\/noticias-villa-maria\/#\/schema\/person\/a0fb9c422317faca23d50163151bc354\",\"name\":\"Contenidos El Regional\",\"image\":{\"@type\":\"ImageObject\",\"inLanguage\":\"es\",\"@id\":\"http:\/\/elregionalvm.com.ar\/noticias-villa-maria\/#\/schema\/person\/image\/\",\"url\":\"https:\/\/secure.gravatar.com\/avatar\/265b27cb2209af7bb3a1318f03305787d7981a5cc6e6cd08fe5a4ecdf99d4b48?s=96&d=mm&r=g\",\"contentUrl\":\"https:\/\/secure.gravatar.com\/avatar\/265b27cb2209af7bb3a1318f03305787d7981a5cc6e6cd08fe5a4ecdf99d4b48?s=96&d=mm&r=g\",\"caption\":\"Contenidos El Regional\"},\"url\":\"https:\/\/elregionalvm.com.ar\/noticias-villa-maria\/author\/contenido\/\"}]}<\/script>\n<!-- \/ Yoast SEO plugin. -->","yoast_head_json":{"title":"M\u00e1s de 10 oficiales formar\u00e1n parte del Servicio Especial de Operaciones Motorizadas - El Regional","robots":{"index":"index","follow":"follow","max-snippet":"max-snippet:-1","max-image-preview":"max-image-preview:large","max-video-preview":"max-video-preview:-1"},"canonical":"https:\/\/elregionalvm.com.ar\/noticias-villa-maria\/mas-de-10-oficiales-formaran-parte-del-servicio-especial-de-operaciones-motorizadas\/","og_locale":"es_ES","og_type":"article","og_title":"M\u00e1s de 10 oficiales formar\u00e1n parte del Servicio Especial de Operaciones Motorizadas - El Regional","og_description":"a trav\u00e9s de la Secretar\u00eda de Prevenci\u00f3n, Seguridad y Convivencia Urbana informa que, tras completar su capacitaci\u00f3n, 11 oficiales de la Polic\u00eda de C\u00f3rdoba se incorporar\u00e1n al Servicio Especial de Operaciones Motorizadas (SEOM). El cierre de la capacitaci\u00f3n se llev\u00f3 a cabo en la Escuela Granja y estuvo encabezado por la titular de la mencionada [&hellip;]","og_url":"https:\/\/elregionalvm.com.ar\/noticias-villa-maria\/mas-de-10-oficiales-formaran-parte-del-servicio-especial-de-operaciones-motorizadas\/","og_site_name":"El Regional","article_publisher":"https:\/\/www.facebook.com\/elregionalvm","article_published_time":"2025-09-06T02:27:58+00:00","article_modified_time":"2025-09-06T02:28:02+00:00","og_image":[{"width":800,"height":600,"url":"https:\/\/elregionalvm.com.ar\/noticias-villa-maria\/wp-content\/uploads\/2025\/09\/5a6ae348d92d4f899fc0f4f4f49c7d72-1.jpeg","type":"image\/jpeg"}],"author":"Contenidos El Regional","twitter_card":"summary_large_image","twitter_creator":"@elregionalvm1","twitter_site":"@elregionalvm1","twitter_misc":{"Escrito por":"Contenidos El Regional","Tiempo de lectura":"3 minutos"},"schema":{"@context":"https:\/\/schema.org","@graph":[{"@type":"Article","@id":"https:\/\/elregionalvm.com.ar\/noticias-villa-maria\/mas-de-10-oficiales-formaran-parte-del-servicio-especial-de-operaciones-motorizadas\/#article","isPartOf":{"@id":"https:\/\/elregionalvm.com.ar\/noticias-villa-maria\/mas-de-10-oficiales-formaran-parte-del-servicio-especial-de-operaciones-motorizadas\/"},"author":{"name":"Contenidos El Regional","@id":"http:\/\/elregionalvm.com.ar\/noticias-villa-maria\/#\/schema\/person\/a0fb9c422317faca23d50163151bc354"},"headline":"M\u00e1s de 10 oficiales formar\u00e1n parte del Servicio Especial de Operaciones Motorizadas","datePublished":"2025-09-06T02:27:58+00:00","dateModified":"2025-09-06T02:28:02+00:00","mainEntityOfPage":{"@id":"https:\/\/elregionalvm.com.ar\/noticias-villa-maria\/mas-de-10-oficiales-formaran-parte-del-servicio-especial-de-operaciones-motorizadas\/"},"wordCount":500,"commentCount":0,"image":{"@id":"https:\/\/elregionalvm.com.ar\/noticias-villa-maria\/mas-de-10-oficiales-formaran-parte-del-servicio-especial-de-operaciones-motorizadas\/#primaryimage"},"thumbnailUrl":"https:\/\/i0.wp.com\/elregionalvm.com.ar\/noticias-villa-maria\/wp-content\/uploads\/2025\/09\/5a6ae348d92d4f899fc0f4f4f49c7d72-1.jpeg?fit=800%2C600&ssl=1","articleSection":{"0":"destacado","2":"Sociedad","3":"Villa Mar\u00eda"},"inLanguage":"es","potentialAction":[{"@type":"CommentAction","name":"Comment","target":["https:\/\/elregionalvm.com.ar\/noticias-villa-maria\/mas-de-10-oficiales-formaran-parte-del-servicio-especial-de-operaciones-motorizadas\/#respond"]}]},{"@type":"WebPage","@id":"https:\/\/elregionalvm.com.ar\/noticias-villa-maria\/mas-de-10-oficiales-formaran-parte-del-servicio-especial-de-operaciones-motorizadas\/","url":"https:\/\/elregionalvm.com.ar\/noticias-villa-maria\/mas-de-10-oficiales-formaran-parte-del-servicio-especial-de-operaciones-motorizadas\/","name":"M\u00e1s de 10 oficiales formar\u00e1n parte del Servicio Especial de Operaciones Motorizadas - El Regional","isPartOf":{"@id":"http:\/\/elregionalvm.com.ar\/noticias-villa-maria\/#website"},"primaryImageOfPage":{"@id":"https:\/\/elregionalvm.com.ar\/noticias-villa-maria\/mas-de-10-oficiales-formaran-parte-del-servicio-especial-de-operaciones-motorizadas\/#primaryimage"},"image":{"@id":"https:\/\/elregionalvm.com.ar\/noticias-villa-maria\/mas-de-10-oficiales-formaran-parte-del-servicio-especial-de-operaciones-motorizadas\/#primaryimage"},"thumbnailUrl":"https:\/\/i0.wp.com\/elregionalvm.com.ar\/noticias-villa-maria\/wp-content\/uploads\/2025\/09\/5a6ae348d92d4f899fc0f4f4f49c7d72-1.jpeg?fit=800%2C600&ssl=1","datePublished":"2025-09-06T02:27:58+00:00","dateModified":"2025-09-06T02:28:02+00:00","author":{"@id":"http:\/\/elregionalvm.com.ar\/noticias-villa-maria\/#\/schema\/person\/a0fb9c422317faca23d50163151bc354"},"breadcrumb":{"@id":"https:\/\/elregionalvm.com.ar\/noticias-villa-maria\/mas-de-10-oficiales-formaran-parte-del-servicio-especial-de-operaciones-motorizadas\/#breadcrumb"},"inLanguage":"es","potentialAction":[{"@type":"ReadAction","target":["https:\/\/elregionalvm.com.ar\/noticias-villa-maria\/mas-de-10-oficiales-formaran-parte-del-servicio-especial-de-operaciones-motorizadas\/"]}]},{"@type":"ImageObject","inLanguage":"es","@id":"https:\/\/elregionalvm.com.ar\/noticias-villa-maria\/mas-de-10-oficiales-formaran-parte-del-servicio-especial-de-operaciones-motorizadas\/#primaryimage","url":"https:\/\/i0.wp.com\/elregionalvm.com.ar\/noticias-villa-maria\/wp-content\/uploads\/2025\/09\/5a6ae348d92d4f899fc0f4f4f49c7d72-1.jpeg?fit=800%2C600&ssl=1","contentUrl":"https:\/\/i0.wp.com\/elregionalvm.com.ar\/noticias-villa-maria\/wp-content\/uploads\/2025\/09\/5a6ae348d92d4f899fc0f4f4f49c7d72-1.jpeg?fit=800%2C600&ssl=1","width":800,"height":600},{"@type":"BreadcrumbList","@id":"https:\/\/elregionalvm.com.ar\/noticias-villa-maria\/mas-de-10-oficiales-formaran-parte-del-servicio-especial-de-operaciones-motorizadas\/#breadcrumb","itemListElement":[{"@type":"ListItem","position":1,"name":"Portada","item":"https:\/\/elregionalvm.com.ar\/noticias-villa-maria\/"},{"@type":"ListItem","position":2,"name":"M\u00e1s de 10 oficiales formar\u00e1n parte del Servicio Especial de Operaciones Motorizadas"}]},{"@type":"WebSite","@id":"http:\/\/elregionalvm.com.ar\/noticias-villa-maria\/#website","url":"http:\/\/elregionalvm.com.ar\/noticias-villa-maria\/","name":"El Regional","description":"Mucho m\u00e1s que informaci\u00f3n","potentialAction":[{"@type":"SearchAction","target":{"@type":"EntryPoint","urlTemplate":"http:\/\/elregionalvm.com.ar\/noticias-villa-maria\/?s={search_term_string}"},"query-input":{"@type":"PropertyValueSpecification","valueRequired":true,"valueName":"search_term_string"}}],"inLanguage":"es"},{"@type":"Person","@id":"http:\/\/elregionalvm.com.ar\/noticias-villa-maria\/#\/schema\/person\/a0fb9c422317faca23d50163151bc354","name":"Contenidos El Regional","image":{"@type":"ImageObject","inLanguage":"es","@id":"http:\/\/elregionalvm.com.ar\/noticias-villa-maria\/#\/schema\/person\/image\/","url":"https:\/\/secure.gravatar.com\/avatar\/265b27cb2209af7bb3a1318f03305787d7981a5cc6e6cd08fe5a4ecdf99d4b48?s=96&d=mm&r=g","contentUrl":"https:\/\/secure.gravatar.com\/avatar\/265b27cb2209af7bb3a1318f03305787d7981a5cc6e6cd08fe5a4ecdf99d4b48?s=96&d=mm&r=g","caption":"Contenidos El Regional"},"url":"https:\/\/elregionalvm.com.ar\/noticias-villa-maria\/author\/contenido\/"}]}},"jetpack_featured_media_url":"https:\/\/i0.wp.com\/elregionalvm.com.ar\/noticias-villa-maria\/wp-content\/uploads\/2025\/09\/5a6ae348d92d4f899fc0f4f4f49c7d72-1.jpeg?fit=800%2C600&ssl=1","jetpack_sharing_enabled":true,"_links":{"self":[{"href":"https:\/\/elregionalvm.com.ar\/noticias-villa-maria\/wp-json\/wp\/v2\/posts\/109779","targetHints":{"allow":["GET"]}}],"collection":[{"href":"https:\/\/elregionalvm.com.ar\/noticias-villa-maria\/wp-json\/wp\/v2\/posts"}],"about":[{"href":"https:\/\/elregionalvm.com.ar\/noticias-villa-maria\/wp-json\/wp\/v2\/types\/post"}],"author":[{"embeddable":true,"href":"https:\/\/elregionalvm.com.ar\/noticias-villa-maria\/wp-json\/wp\/v2\/users\/4"}],"replies":[{"embeddable":true,"href":"https:\/\/elregionalvm.com.ar\/noticias-villa-maria\/wp-json\/wp\/v2\/comments?post=109779"}],"version-history":[{"count":1,"href":"https:\/\/elregionalvm.com.ar\/noticias-villa-maria\/wp-json\/wp\/v2\/posts\/109779\/revisions"}],"predecessor-version":[{"id":109782,"href":"https:\/\/elregionalvm.com.ar\/noticias-villa-maria\/wp-json\/wp\/v2\/posts\/109779\/revisions\/109782"}],"wp:featuredmedia":[{"embeddable":true,"href":"https:\/\/elregionalvm.com.ar\/noticias-villa-maria\/wp-json\/wp\/v2\/media\/109781"}],"wp:attachment":[{"href":"https:\/\/elregionalvm.com.ar\/noticias-villa-maria\/wp-json\/wp\/v2\/media?parent=109779"}],"wp:term":[{"taxonomy":"category","embeddable":true,"href":"https:\/\/elregionalvm.com.ar\/noticias-villa-maria\/wp-json\/wp\/v2\/categories?post=109779"},{"taxonomy":"post_tag","embeddable":true,"href":"https:\/\/elregionalvm.com.ar\/noticias-villa-maria\/wp-json\/wp\/v2\/tags?post=109779"}],"curies":[{"name":"wp","href":"https:\/\/api.w.org\/{rel}","templated":true}]}}