{"id":109788,"date":"2025-09-06T02:58:43","date_gmt":"2025-09-06T02:58:43","guid":{"rendered":"https:\/\/elregionalvm.com.ar\/noticias-villa-maria\/?p=109788"},"modified":"2025-09-08T02:02:06","modified_gmt":"2025-09-08T02:02:06","slug":"quedo-inaugurada-la-mega-exposicion-del-centro-argentino-2025","status":"publish","type":"post","link":"https:\/\/elregionalvm.com.ar\/noticias-villa-maria\/quedo-inaugurada-la-mega-exposicion-del-centro-argentino-2025\/","title":{"rendered":"Qued\u00f3 inaugurada la Mega Exposici\u00f3n del Centro Argentino 2025"},"content":{"rendered":"\n<p>El intendente Eduardo Accastello particip\u00f3, junto al ministro de Bioagroindustria de la provincia, Sergio Busso, la legisladora Ver\u00f3nica Navarro Alegre, el presidente de la Sociedad Rural Villa Mar\u00eda, Juan Jos\u00e9 Reale, y el director de la muestra, Jos\u00e9 Iachetta, de la inauguraci\u00f3n oficial de la Mega Exposici\u00f3n del Centro Argentino (MECA25), que se lleva a cabo desde hoy hasta el domingo 7 en el predio de la Sociedad Rural.<\/p>\n\n\n\n<p>Al respecto, el intendente&nbsp;<strong>Eduardo Accastello<\/strong>&nbsp;expres\u00f3:&nbsp;<em><strong>\u201cEs de gran trascendencia y un orgullo recuperar para la regi\u00f3n centro, n\u00facleo de la agroindustria y de la lecher\u00eda argentina que representa Villa Mar\u00eda, esta exposici\u00f3n. A partir de ahora no hay vuelta atr\u00e1s. Nuestra ciudad es, sin dudas, un punto log\u00edstico y estrat\u00e9gico fundamental, donde la bioagroindustria, la ganader\u00eda y la innovaci\u00f3n tecnol\u00f3gica forman parte de la simbiosis entre el campo y la industria\u00bb.<\/strong><\/em><\/p>\n\n\n\n<p><em><strong>\u00abQuiero agradecer a todos los que hicieron posible este logro como a la Sociedad Rural, al ministro que hoy nos acompa\u00f1a y a los apasionados como Jos\u00e9 Iachetta, que nunca baj\u00f3 los brazos. Estamos muy felices y orgullosos de que el campo vuelva a reunirse en Villa Mar\u00eda\u201d.<\/strong><\/em><\/p>\n\n\n\n<p>En este marco, el jefe comunal agreg\u00f3:<\/p>\n\n\n\n<p><em><strong>\u201cSurgieron ideas para potenciar esta mega exposici\u00f3n en los pr\u00f3ximos a\u00f1os y vamos a trabajar para lograrlo, para que se convierta en la m\u00e1s importante del interior del pa\u00eds. C\u00f3rdoba es ejemplo de esta visi\u00f3n de provincias que trabajan juntas, como Santa Fe y Entre R\u00edos a trav\u00e9s de la Regi\u00f3n Centro. Villa Mar\u00eda quiere ser el kil\u00f3metro cero de la industria l\u00e1ctea argentina, del sector ganadero y de la bioenerg\u00eda, y en ese camino tenemos mucho para aportar y tambi\u00e9n para aprender\u201d.<\/strong><\/em><\/p>\n\n\n\n<p>Por su parte, el ministro Sergio Busso manifest\u00f3:&nbsp;<em>\u201cNo tengo ninguna duda de que Villa Mar\u00eda marca el pulso de lo que es C\u00f3rdoba, y C\u00f3rdoba marca el pulso de lo que es la Argentina. Por eso no tengo m\u00e1s que felicitarlos por esta mega muestra que seguramente tendr\u00e1 mucho futuro\u00bb.<\/em><\/p>\n\n\n\n<p><em>\u00abM\u00e1s all\u00e1 de las dificultades y del contexto complejo, quiero reconocer a las autoridades, al Ateneo y a todos los que colaboraron para que esta exposici\u00f3n se concrete. Es un evento muy valorado por la gente que lo convierte en una verdadera fiesta popular, donde el campo y la ciudad van de la mano, todos juntos pensando en un modelo de pa\u00eds que garantice que el esfuerzo de la gente no sea en vano\u201d.<\/em><\/p>\n\n\n\n<p>A su turno, el presidente de la Sociedad Rural de Villa Mar\u00eda, Juan Jos\u00e9 Reale, se\u00f1al\u00f3:<\/p>\n\n\n\n<p><em>\u201cEste evento se hace con mucho sacrificio, pero tambi\u00e9n con mucho cari\u00f1o. Villa Mar\u00eda necesitaba contar nuevamente con esta exposici\u00f3n y hoy estamos muy felices de ver el sue\u00f1o cumplido\u201d.<\/em><\/p>\n\n\n\n<p>En la misma l\u00ednea, el organizador del evento y director del Grupo Todo Agro, Jos\u00e9 Mar\u00eda Iachetta, destac\u00f3:<\/p>\n\n\n\n<p><em>\u201cSe pudo concretar la mayor muestra de la historia de Villa Mar\u00eda y la regi\u00f3n, y eso fue posible porque cientos de personas, tanto del sector p\u00fablico como del sector privado, nos pusimos de acuerdo y decidimos ir por mas. Invitamos a las familias a recorrer con tiempo el predio, porque es realmente muy grande, y a disfrutar de un lindo d\u00eda de campo\u201d.<\/em><\/p>\n\n\n\n<p>Adem\u00e1s, estuvieron presentes el director de Lecher\u00eda de la Naci\u00f3n, Sebasti\u00e1n Alconada; el director de Lecher\u00eda de Santa Fe, Carlos De Lorenzi; intendentes de la regi\u00f3n; integrantes del Departamento Ejecutivo Municipal; concejales; referentes del sector y vecinos.<\/p>\n\n\n\n<p><strong>&nbsp;Propuestas del evento<\/strong><\/p>\n\n\n\n<p>La MECA25 ofrece una amplia agenda que combina exhibiciones, actividades t\u00e9cnicas y propuestas abiertas a la comunidad. Entre ellas, se destaca la muestra \u201cCuenca Villa Mar\u00eda, potencia quesera\u201d, que expone productos y sus diversas aplicaciones.<\/p>\n\n\n\n<p>Durante la jornada inaugural se realizaron la Fiesta del Holando, Remate, Granja y Mascotas, las Olimp\u00edadas de Bioenerg\u00eda y Valor Agregado \u201cMario Bragachini\u201d, la jornada \u201cM\u00e1s Ma\u00edz, M\u00e1s Sorgo y M\u00e1s Girasol en la Regi\u00f3n Central\u201d, Alfalfa en Acci\u00f3n, y la Competencia Rob\u00f3tica en colaboraci\u00f3n cozn la UTN, entre otras.<\/p>\n\n\n\n<p>La programaci\u00f3n continuar\u00e1 el viernes con una variada grilla de actividades, entre las que se destacan la jornada \u201cLa Lecher\u00eda del Futuro\u201d, un taller sobre drones agr\u00edcolas, la jornada \u201cTodoCerdos 2025\u201d, encuentros ganaderos y nuevas ediciones de Remate, Granja y Mascotas.<\/p>\n\n\n\n<p>Quienes deseen consultar el cronograma completo pueden hacerlo en: &#x1f449;&nbsp;<a href=\"https:\/\/www.villamaria.gob.ar\/novedades\/2025\/9\/4\/megaexpovillamaria.com.ar\">megaexpovillamaria.com.ar<\/a><\/p>\n","protected":false},"excerpt":{"rendered":"<p>El intendente Eduardo Accastello particip\u00f3, junto al ministro de Bioagroindustria de la provincia, Sergio Busso, la legisladora Ver\u00f3nica Navarro Alegre, el presidente de la Sociedad Rural Villa Mar\u00eda, Juan Jos\u00e9 Reale, y el director de la muestra, Jos\u00e9 Iachetta, de la inauguraci\u00f3n oficial de la Mega Exposici\u00f3n del Centro Argentino (MECA25), que se lleva a [&hellip;]<\/p>\n","protected":false},"author":4,"featured_media":109789,"comment_status":"open","ping_status":"open","sticky":false,"template":"","format":"standard","meta":{"site-sidebar-layout":"default","site-content-layout":"","ast-site-content-layout":"default","site-content-style":"default","site-sidebar-style":"default","ast-global-header-display":"","ast-banner-title-visibility":"","ast-main-header-display":"","ast-hfb-above-header-display":"","ast-hfb-below-header-display":"","ast-hfb-mobile-header-display":"","site-post-title":"","ast-breadcrumbs-content":"","ast-featured-img":"","footer-sml-layout":"","ast-disable-related-posts":"","theme-transparent-header-meta":"","adv-header-id-meta":"","stick-header-meta":"","header-above-stick-meta":"","header-main-stick-meta":"","header-below-stick-meta":"","astra-migrate-meta-layouts":"set","ast-page-background-enabled":"default","ast-page-background-meta":{"desktop":{"background-color":"","background-image":"","background-repeat":"repeat","background-position":"center center","background-size":"auto","background-attachment":"scroll","background-type":"","background-media":"","overlay-type":"","overlay-color":"","overlay-opacity":"","overlay-gradient":""},"tablet":{"background-color":"","background-image":"","background-repeat":"repeat","background-position":"center center","background-size":"auto","background-attachment":"scroll","background-type":"","background-media":"","overlay-type":"","overlay-color":"","overlay-opacity":"","overlay-gradient":""},"mobile":{"background-color":"","background-image":"","background-repeat":"repeat","background-position":"center center","background-size":"auto","background-attachment":"scroll","background-type":"","background-media":"","overlay-type":"","overlay-color":"","overlay-opacity":"","overlay-gradient":""}},"ast-content-background-meta":{"desktop":{"background-color":"var(--ast-global-color-5)","background-image":"","background-repeat":"repeat","background-position":"center center","background-size":"auto","background-attachment":"scroll","background-type":"","background-media":"","overlay-type":"","overlay-color":"","overlay-opacity":"","overlay-gradient":""},"tablet":{"background-color":"var(--ast-global-color-5)","background-image":"","background-repeat":"repeat","background-position":"center center","background-size":"auto","background-attachment":"scroll","background-type":"","background-media":"","overlay-type":"","overlay-color":"","overlay-opacity":"","overlay-gradient":""},"mobile":{"background-color":"var(--ast-global-color-5)","background-image":"","background-repeat":"repeat","background-position":"center center","background-size":"auto","background-attachment":"scroll","background-type":"","background-media":"","overlay-type":"","overlay-color":"","overlay-opacity":"","overlay-gradient":""}},"_jetpack_memberships_contains_paid_content":false,"_joinchat":[],"footnotes":""},"categories":[5,2],"tags":[],"class_list":["post-109788","post","type-post","status-publish","format-standard","has-post-thumbnail","hentry","category-sociedad","category-villa-maria"],"yoast_head":"<!-- This site is optimized with the Yoast SEO plugin v26.8 - https:\/\/yoast.com\/product\/yoast-seo-wordpress\/ -->\n<title>Qued\u00f3 inaugurada la Mega Exposici\u00f3n del Centro Argentino 2025 - El Regional<\/title>\n<meta name=\"robots\" content=\"index, follow, max-snippet:-1, max-image-preview:large, max-video-preview:-1\" \/>\n<link rel=\"canonical\" href=\"https:\/\/elregionalvm.com.ar\/noticias-villa-maria\/quedo-inaugurada-la-mega-exposicion-del-centro-argentino-2025\/\" \/>\n<meta property=\"og:locale\" content=\"es_ES\" \/>\n<meta property=\"og:type\" content=\"article\" \/>\n<meta property=\"og:title\" content=\"Qued\u00f3 inaugurada la Mega Exposici\u00f3n del Centro Argentino 2025 - El Regional\" \/>\n<meta property=\"og:description\" content=\"El intendente Eduardo Accastello particip\u00f3, junto al ministro de Bioagroindustria de la provincia, Sergio Busso, la legisladora Ver\u00f3nica Navarro Alegre, el presidente de la Sociedad Rural Villa Mar\u00eda, Juan Jos\u00e9 Reale, y el director de la muestra, Jos\u00e9 Iachetta, de la inauguraci\u00f3n oficial de la Mega Exposici\u00f3n del Centro Argentino (MECA25), que se lleva a [&hellip;]\" \/>\n<meta property=\"og:url\" content=\"https:\/\/elregionalvm.com.ar\/noticias-villa-maria\/quedo-inaugurada-la-mega-exposicion-del-centro-argentino-2025\/\" \/>\n<meta property=\"og:site_name\" content=\"El Regional\" \/>\n<meta property=\"article:publisher\" content=\"https:\/\/www.facebook.com\/elregionalvm\" \/>\n<meta property=\"article:published_time\" content=\"2025-09-06T02:58:43+00:00\" \/>\n<meta property=\"article:modified_time\" content=\"2025-09-08T02:02:06+00:00\" \/>\n<meta property=\"og:image\" content=\"https:\/\/elregionalvm.com.ar\/noticias-villa-maria\/wp-content\/uploads\/2025\/09\/9c3628582aab4f369d5bb59fa7216622-tn.jpeg\" \/>\n\t<meta property=\"og:image:width\" content=\"480\" \/>\n\t<meta property=\"og:image:height\" content=\"360\" \/>\n\t<meta property=\"og:image:type\" content=\"image\/jpeg\" \/>\n<meta name=\"author\" content=\"Contenidos El Regional\" \/>\n<meta name=\"twitter:card\" content=\"summary_large_image\" \/>\n<meta name=\"twitter:creator\" content=\"@elregionalvm1\" \/>\n<meta name=\"twitter:site\" content=\"@elregionalvm1\" \/>\n<meta name=\"twitter:label1\" content=\"Escrito por\" \/>\n\t<meta name=\"twitter:data1\" content=\"Contenidos El Regional\" \/>\n\t<meta name=\"twitter:label2\" content=\"Tiempo de lectura\" \/>\n\t<meta name=\"twitter:data2\" content=\"4 minutos\" \/>\n<script type=\"application\/ld+json\" class=\"yoast-schema-graph\">{\"@context\":\"https:\/\/schema.org\",\"@graph\":[{\"@type\":\"Article\",\"@id\":\"https:\/\/elregionalvm.com.ar\/noticias-villa-maria\/quedo-inaugurada-la-mega-exposicion-del-centro-argentino-2025\/#article\",\"isPartOf\":{\"@id\":\"https:\/\/elregionalvm.com.ar\/noticias-villa-maria\/quedo-inaugurada-la-mega-exposicion-del-centro-argentino-2025\/\"},\"author\":{\"name\":\"Contenidos El Regional\",\"@id\":\"http:\/\/elregionalvm.com.ar\/noticias-villa-maria\/#\/schema\/person\/a0fb9c422317faca23d50163151bc354\"},\"headline\":\"Qued\u00f3 inaugurada la Mega Exposici\u00f3n del Centro Argentino 2025\",\"datePublished\":\"2025-09-06T02:58:43+00:00\",\"dateModified\":\"2025-09-08T02:02:06+00:00\",\"mainEntityOfPage\":{\"@id\":\"https:\/\/elregionalvm.com.ar\/noticias-villa-maria\/quedo-inaugurada-la-mega-exposicion-del-centro-argentino-2025\/\"},\"wordCount\":799,\"commentCount\":0,\"image\":{\"@id\":\"https:\/\/elregionalvm.com.ar\/noticias-villa-maria\/quedo-inaugurada-la-mega-exposicion-del-centro-argentino-2025\/#primaryimage\"},\"thumbnailUrl\":\"https:\/\/i0.wp.com\/elregionalvm.com.ar\/noticias-villa-maria\/wp-content\/uploads\/2025\/09\/9c3628582aab4f369d5bb59fa7216622-tn.jpeg?fit=480%2C360&ssl=1\",\"articleSection\":[\"Sociedad\",\"Villa Mar\u00eda\"],\"inLanguage\":\"es\",\"potentialAction\":[{\"@type\":\"CommentAction\",\"name\":\"Comment\",\"target\":[\"https:\/\/elregionalvm.com.ar\/noticias-villa-maria\/quedo-inaugurada-la-mega-exposicion-del-centro-argentino-2025\/#respond\"]}]},{\"@type\":\"WebPage\",\"@id\":\"https:\/\/elregionalvm.com.ar\/noticias-villa-maria\/quedo-inaugurada-la-mega-exposicion-del-centro-argentino-2025\/\",\"url\":\"https:\/\/elregionalvm.com.ar\/noticias-villa-maria\/quedo-inaugurada-la-mega-exposicion-del-centro-argentino-2025\/\",\"name\":\"Qued\u00f3 inaugurada la Mega Exposici\u00f3n del Centro Argentino 2025 - El Regional\",\"isPartOf\":{\"@id\":\"http:\/\/elregionalvm.com.ar\/noticias-villa-maria\/#website\"},\"primaryImageOfPage\":{\"@id\":\"https:\/\/elregionalvm.com.ar\/noticias-villa-maria\/quedo-inaugurada-la-mega-exposicion-del-centro-argentino-2025\/#primaryimage\"},\"image\":{\"@id\":\"https:\/\/elregionalvm.com.ar\/noticias-villa-maria\/quedo-inaugurada-la-mega-exposicion-del-centro-argentino-2025\/#primaryimage\"},\"thumbnailUrl\":\"https:\/\/i0.wp.com\/elregionalvm.com.ar\/noticias-villa-maria\/wp-content\/uploads\/2025\/09\/9c3628582aab4f369d5bb59fa7216622-tn.jpeg?fit=480%2C360&ssl=1\",\"datePublished\":\"2025-09-06T02:58:43+00:00\",\"dateModified\":\"2025-09-08T02:02:06+00:00\",\"author\":{\"@id\":\"http:\/\/elregionalvm.com.ar\/noticias-villa-maria\/#\/schema\/person\/a0fb9c422317faca23d50163151bc354\"},\"breadcrumb\":{\"@id\":\"https:\/\/elregionalvm.com.ar\/noticias-villa-maria\/quedo-inaugurada-la-mega-exposicion-del-centro-argentino-2025\/#breadcrumb\"},\"inLanguage\":\"es\",\"potentialAction\":[{\"@type\":\"ReadAction\",\"target\":[\"https:\/\/elregionalvm.com.ar\/noticias-villa-maria\/quedo-inaugurada-la-mega-exposicion-del-centro-argentino-2025\/\"]}]},{\"@type\":\"ImageObject\",\"inLanguage\":\"es\",\"@id\":\"https:\/\/elregionalvm.com.ar\/noticias-villa-maria\/quedo-inaugurada-la-mega-exposicion-del-centro-argentino-2025\/#primaryimage\",\"url\":\"https:\/\/i0.wp.com\/elregionalvm.com.ar\/noticias-villa-maria\/wp-content\/uploads\/2025\/09\/9c3628582aab4f369d5bb59fa7216622-tn.jpeg?fit=480%2C360&ssl=1\",\"contentUrl\":\"https:\/\/i0.wp.com\/elregionalvm.com.ar\/noticias-villa-maria\/wp-content\/uploads\/2025\/09\/9c3628582aab4f369d5bb59fa7216622-tn.jpeg?fit=480%2C360&ssl=1\",\"width\":480,\"height\":360},{\"@type\":\"BreadcrumbList\",\"@id\":\"https:\/\/elregionalvm.com.ar\/noticias-villa-maria\/quedo-inaugurada-la-mega-exposicion-del-centro-argentino-2025\/#breadcrumb\",\"itemListElement\":[{\"@type\":\"ListItem\",\"position\":1,\"name\":\"Portada\",\"item\":\"https:\/\/elregionalvm.com.ar\/noticias-villa-maria\/\"},{\"@type\":\"ListItem\",\"position\":2,\"name\":\"Qued\u00f3 inaugurada la Mega Exposici\u00f3n del Centro Argentino 2025\"}]},{\"@type\":\"WebSite\",\"@id\":\"http:\/\/elregionalvm.com.ar\/noticias-villa-maria\/#website\",\"url\":\"http:\/\/elregionalvm.com.ar\/noticias-villa-maria\/\",\"name\":\"El Regional\",\"description\":\"Mucho m\u00e1s que informaci\u00f3n\",\"potentialAction\":[{\"@type\":\"SearchAction\",\"target\":{\"@type\":\"EntryPoint\",\"urlTemplate\":\"http:\/\/elregionalvm.com.ar\/noticias-villa-maria\/?s={search_term_string}\"},\"query-input\":{\"@type\":\"PropertyValueSpecification\",\"valueRequired\":true,\"valueName\":\"search_term_string\"}}],\"inLanguage\":\"es\"},{\"@type\":\"Person\",\"@id\":\"http:\/\/elregionalvm.com.ar\/noticias-villa-maria\/#\/schema\/person\/a0fb9c422317faca23d50163151bc354\",\"name\":\"Contenidos El Regional\",\"image\":{\"@type\":\"ImageObject\",\"inLanguage\":\"es\",\"@id\":\"http:\/\/elregionalvm.com.ar\/noticias-villa-maria\/#\/schema\/person\/image\/\",\"url\":\"https:\/\/secure.gravatar.com\/avatar\/265b27cb2209af7bb3a1318f03305787d7981a5cc6e6cd08fe5a4ecdf99d4b48?s=96&d=mm&r=g\",\"contentUrl\":\"https:\/\/secure.gravatar.com\/avatar\/265b27cb2209af7bb3a1318f03305787d7981a5cc6e6cd08fe5a4ecdf99d4b48?s=96&d=mm&r=g\",\"caption\":\"Contenidos El Regional\"},\"url\":\"https:\/\/elregionalvm.com.ar\/noticias-villa-maria\/author\/contenido\/\"}]}<\/script>\n<!-- \/ Yoast SEO plugin. -->","yoast_head_json":{"title":"Qued\u00f3 inaugurada la Mega Exposici\u00f3n del Centro Argentino 2025 - El Regional","robots":{"index":"index","follow":"follow","max-snippet":"max-snippet:-1","max-image-preview":"max-image-preview:large","max-video-preview":"max-video-preview:-1"},"canonical":"https:\/\/elregionalvm.com.ar\/noticias-villa-maria\/quedo-inaugurada-la-mega-exposicion-del-centro-argentino-2025\/","og_locale":"es_ES","og_type":"article","og_title":"Qued\u00f3 inaugurada la Mega Exposici\u00f3n del Centro Argentino 2025 - El Regional","og_description":"El intendente Eduardo Accastello particip\u00f3, junto al ministro de Bioagroindustria de la provincia, Sergio Busso, la legisladora Ver\u00f3nica Navarro Alegre, el presidente de la Sociedad Rural Villa Mar\u00eda, Juan Jos\u00e9 Reale, y el director de la muestra, Jos\u00e9 Iachetta, de la inauguraci\u00f3n oficial de la Mega Exposici\u00f3n del Centro Argentino (MECA25), que se lleva a [&hellip;]","og_url":"https:\/\/elregionalvm.com.ar\/noticias-villa-maria\/quedo-inaugurada-la-mega-exposicion-del-centro-argentino-2025\/","og_site_name":"El Regional","article_publisher":"https:\/\/www.facebook.com\/elregionalvm","article_published_time":"2025-09-06T02:58:43+00:00","article_modified_time":"2025-09-08T02:02:06+00:00","og_image":[{"width":480,"height":360,"url":"https:\/\/elregionalvm.com.ar\/noticias-villa-maria\/wp-content\/uploads\/2025\/09\/9c3628582aab4f369d5bb59fa7216622-tn.jpeg","type":"image\/jpeg"}],"author":"Contenidos El Regional","twitter_card":"summary_large_image","twitter_creator":"@elregionalvm1","twitter_site":"@elregionalvm1","twitter_misc":{"Escrito por":"Contenidos El Regional","Tiempo de lectura":"4 minutos"},"schema":{"@context":"https:\/\/schema.org","@graph":[{"@type":"Article","@id":"https:\/\/elregionalvm.com.ar\/noticias-villa-maria\/quedo-inaugurada-la-mega-exposicion-del-centro-argentino-2025\/#article","isPartOf":{"@id":"https:\/\/elregionalvm.com.ar\/noticias-villa-maria\/quedo-inaugurada-la-mega-exposicion-del-centro-argentino-2025\/"},"author":{"name":"Contenidos El Regional","@id":"http:\/\/elregionalvm.com.ar\/noticias-villa-maria\/#\/schema\/person\/a0fb9c422317faca23d50163151bc354"},"headline":"Qued\u00f3 inaugurada la Mega Exposici\u00f3n del Centro Argentino 2025","datePublished":"2025-09-06T02:58:43+00:00","dateModified":"2025-09-08T02:02:06+00:00","mainEntityOfPage":{"@id":"https:\/\/elregionalvm.com.ar\/noticias-villa-maria\/quedo-inaugurada-la-mega-exposicion-del-centro-argentino-2025\/"},"wordCount":799,"commentCount":0,"image":{"@id":"https:\/\/elregionalvm.com.ar\/noticias-villa-maria\/quedo-inaugurada-la-mega-exposicion-del-centro-argentino-2025\/#primaryimage"},"thumbnailUrl":"https:\/\/i0.wp.com\/elregionalvm.com.ar\/noticias-villa-maria\/wp-content\/uploads\/2025\/09\/9c3628582aab4f369d5bb59fa7216622-tn.jpeg?fit=480%2C360&ssl=1","articleSection":["Sociedad","Villa Mar\u00eda"],"inLanguage":"es","potentialAction":[{"@type":"CommentAction","name":"Comment","target":["https:\/\/elregionalvm.com.ar\/noticias-villa-maria\/quedo-inaugurada-la-mega-exposicion-del-centro-argentino-2025\/#respond"]}]},{"@type":"WebPage","@id":"https:\/\/elregionalvm.com.ar\/noticias-villa-maria\/quedo-inaugurada-la-mega-exposicion-del-centro-argentino-2025\/","url":"https:\/\/elregionalvm.com.ar\/noticias-villa-maria\/quedo-inaugurada-la-mega-exposicion-del-centro-argentino-2025\/","name":"Qued\u00f3 inaugurada la Mega Exposici\u00f3n del Centro Argentino 2025 - El Regional","isPartOf":{"@id":"http:\/\/elregionalvm.com.ar\/noticias-villa-maria\/#website"},"primaryImageOfPage":{"@id":"https:\/\/elregionalvm.com.ar\/noticias-villa-maria\/quedo-inaugurada-la-mega-exposicion-del-centro-argentino-2025\/#primaryimage"},"image":{"@id":"https:\/\/elregionalvm.com.ar\/noticias-villa-maria\/quedo-inaugurada-la-mega-exposicion-del-centro-argentino-2025\/#primaryimage"},"thumbnailUrl":"https:\/\/i0.wp.com\/elregionalvm.com.ar\/noticias-villa-maria\/wp-content\/uploads\/2025\/09\/9c3628582aab4f369d5bb59fa7216622-tn.jpeg?fit=480%2C360&ssl=1","datePublished":"2025-09-06T02:58:43+00:00","dateModified":"2025-09-08T02:02:06+00:00","author":{"@id":"http:\/\/elregionalvm.com.ar\/noticias-villa-maria\/#\/schema\/person\/a0fb9c422317faca23d50163151bc354"},"breadcrumb":{"@id":"https:\/\/elregionalvm.com.ar\/noticias-villa-maria\/quedo-inaugurada-la-mega-exposicion-del-centro-argentino-2025\/#breadcrumb"},"inLanguage":"es","potentialAction":[{"@type":"ReadAction","target":["https:\/\/elregionalvm.com.ar\/noticias-villa-maria\/quedo-inaugurada-la-mega-exposicion-del-centro-argentino-2025\/"]}]},{"@type":"ImageObject","inLanguage":"es","@id":"https:\/\/elregionalvm.com.ar\/noticias-villa-maria\/quedo-inaugurada-la-mega-exposicion-del-centro-argentino-2025\/#primaryimage","url":"https:\/\/i0.wp.com\/elregionalvm.com.ar\/noticias-villa-maria\/wp-content\/uploads\/2025\/09\/9c3628582aab4f369d5bb59fa7216622-tn.jpeg?fit=480%2C360&ssl=1","contentUrl":"https:\/\/i0.wp.com\/elregionalvm.com.ar\/noticias-villa-maria\/wp-content\/uploads\/2025\/09\/9c3628582aab4f369d5bb59fa7216622-tn.jpeg?fit=480%2C360&ssl=1","width":480,"height":360},{"@type":"BreadcrumbList","@id":"https:\/\/elregionalvm.com.ar\/noticias-villa-maria\/quedo-inaugurada-la-mega-exposicion-del-centro-argentino-2025\/#breadcrumb","itemListElement":[{"@type":"ListItem","position":1,"name":"Portada","item":"https:\/\/elregionalvm.com.ar\/noticias-villa-maria\/"},{"@type":"ListItem","position":2,"name":"Qued\u00f3 inaugurada la Mega Exposici\u00f3n del Centro Argentino 2025"}]},{"@type":"WebSite","@id":"http:\/\/elregionalvm.com.ar\/noticias-villa-maria\/#website","url":"http:\/\/elregionalvm.com.ar\/noticias-villa-maria\/","name":"El Regional","description":"Mucho m\u00e1s que informaci\u00f3n","potentialAction":[{"@type":"SearchAction","target":{"@type":"EntryPoint","urlTemplate":"http:\/\/elregionalvm.com.ar\/noticias-villa-maria\/?s={search_term_string}"},"query-input":{"@type":"PropertyValueSpecification","valueRequired":true,"valueName":"search_term_string"}}],"inLanguage":"es"},{"@type":"Person","@id":"http:\/\/elregionalvm.com.ar\/noticias-villa-maria\/#\/schema\/person\/a0fb9c422317faca23d50163151bc354","name":"Contenidos El Regional","image":{"@type":"ImageObject","inLanguage":"es","@id":"http:\/\/elregionalvm.com.ar\/noticias-villa-maria\/#\/schema\/person\/image\/","url":"https:\/\/secure.gravatar.com\/avatar\/265b27cb2209af7bb3a1318f03305787d7981a5cc6e6cd08fe5a4ecdf99d4b48?s=96&d=mm&r=g","contentUrl":"https:\/\/secure.gravatar.com\/avatar\/265b27cb2209af7bb3a1318f03305787d7981a5cc6e6cd08fe5a4ecdf99d4b48?s=96&d=mm&r=g","caption":"Contenidos El Regional"},"url":"https:\/\/elregionalvm.com.ar\/noticias-villa-maria\/author\/contenido\/"}]}},"jetpack_featured_media_url":"https:\/\/i0.wp.com\/elregionalvm.com.ar\/noticias-villa-maria\/wp-content\/uploads\/2025\/09\/9c3628582aab4f369d5bb59fa7216622-tn.jpeg?fit=480%2C360&ssl=1","jetpack_sharing_enabled":true,"_links":{"self":[{"href":"https:\/\/elregionalvm.com.ar\/noticias-villa-maria\/wp-json\/wp\/v2\/posts\/109788","targetHints":{"allow":["GET"]}}],"collection":[{"href":"https:\/\/elregionalvm.com.ar\/noticias-villa-maria\/wp-json\/wp\/v2\/posts"}],"about":[{"href":"https:\/\/elregionalvm.com.ar\/noticias-villa-maria\/wp-json\/wp\/v2\/types\/post"}],"author":[{"embeddable":true,"href":"https:\/\/elregionalvm.com.ar\/noticias-villa-maria\/wp-json\/wp\/v2\/users\/4"}],"replies":[{"embeddable":true,"href":"https:\/\/elregionalvm.com.ar\/noticias-villa-maria\/wp-json\/wp\/v2\/comments?post=109788"}],"version-history":[{"count":1,"href":"https:\/\/elregionalvm.com.ar\/noticias-villa-maria\/wp-json\/wp\/v2\/posts\/109788\/revisions"}],"predecessor-version":[{"id":109790,"href":"https:\/\/elregionalvm.com.ar\/noticias-villa-maria\/wp-json\/wp\/v2\/posts\/109788\/revisions\/109790"}],"wp:featuredmedia":[{"embeddable":true,"href":"https:\/\/elregionalvm.com.ar\/noticias-villa-maria\/wp-json\/wp\/v2\/media\/109789"}],"wp:attachment":[{"href":"https:\/\/elregionalvm.com.ar\/noticias-villa-maria\/wp-json\/wp\/v2\/media?parent=109788"}],"wp:term":[{"taxonomy":"category","embeddable":true,"href":"https:\/\/elregionalvm.com.ar\/noticias-villa-maria\/wp-json\/wp\/v2\/categories?post=109788"},{"taxonomy":"post_tag","embeddable":true,"href":"https:\/\/elregionalvm.com.ar\/noticias-villa-maria\/wp-json\/wp\/v2\/tags?post=109788"}],"curies":[{"name":"wp","href":"https:\/\/api.w.org\/{rel}","templated":true}]}}