{"id":110309,"date":"2025-09-25T00:09:15","date_gmt":"2025-09-25T00:09:15","guid":{"rendered":"https:\/\/elregionalvm.com.ar\/noticias-villa-maria\/?p=110309"},"modified":"2025-09-25T00:09:20","modified_gmt":"2025-09-25T00:09:20","slug":"la-secretaria-de-la-mujer-de-cordoba-claudia-martinez-y-a-la-directora-regional-de-onu-maria-vaeza-estuvieron-de-visita-en-villa-maria","status":"publish","type":"post","link":"https:\/\/elregionalvm.com.ar\/noticias-villa-maria\/la-secretaria-de-la-mujer-de-cordoba-claudia-martinez-y-a-la-directora-regional-de-onu-maria-vaeza-estuvieron-de-visita-en-villa-maria\/","title":{"rendered":"La secretaria de la mujer de C\u00f3rdoba, Claudia Mart\u00ednez, y a la Directora Regional de ONU, Mar\u00eda Vaeza estuvieron de visita en Villa Mar\u00eda"},"content":{"rendered":"\n<p>El intendente Eduardo Accastello, acompa\u00f1ado por la legisladora Ver\u00f3nica Navarro Alegre, recibi\u00f3 en el Palacio Municipal a la secretaria de la Mujer de la Provincia de C\u00f3rdoba, Claudia Mart\u00ednez y la directora Regional de ONU Mujeres para las Am\u00e9ricas y el Caribe, Mar\u00eda Noel Vaeza, en el marco del D\u00eda Internacional de los Derechos Pol\u00edticos de Mujeres, que se conmemora cada 23 de septiembre.<\/p>\n\n\n\n<p>Tambi\u00e9n particip\u00f3 el secretario de Desarrollo Humano y Territorio, Agust\u00edn Turletti Mino.&nbsp;<\/p>\n\n\n\n<p>Al respecto, el intendente Accastello dijo:<em><strong>&nbsp;\u00abEs un placer compartir una charla con mujeres lideresas como &nbsp;Claudia y Mar\u00eda Noel. Ellas, como tantas mujeres que d\u00eda a d\u00eda son pilar central de la vida comunitaria, nos marcan el camino con sus ideas, trabajo, fortalezas y convicciones. Por eso, lo que necesitamos es siempre igualdad de oportunidades para todos y, d\u00edas como el de hoy, son muy importantes para visibilizar el derecho de las mujeres a la participaci\u00f3n irrestricta en la vida social y pol\u00edtica. Esto que hoy es com\u00fan, no fu\u00e9 as\u00ed durante mucho tiempo y no debemos naturalizar ni relajarnos con el terreno ganado, siempre es buen momento para reforzar esta lucha por la igualdad que apoyamos y de la que todos somos parte\u00bb<\/strong><\/em><\/p>\n\n\n\n<p>Al referirse al Encuentro de Lideresas, la secretaria de la Mujer, Claudia Mart\u00ednez expres\u00f3:&nbsp;<em>\u201cFue un encuentro maravilloso, donde pudimos compartir experiencias, escuchar testimonios de mujeres sobre como ha sido su trayectoria en la pol\u00edtica, en lo comunitario, y salimos con much\u00edsima fuerza, porque sabemos que m\u00e1s mujeres en los \u00e1mbitos de decisi\u00f3n y en el \u00e1mbito pol\u00edtico, cambian la pol\u00edtica para mejor. Es un gusto tambi\u00e9n estar acompa\u00f1ado a Ver\u00f3nica, apoyarla, ella hoy como candidata diputada nacional, siento que es una gran mujer que nos representa y es muy importante que le demos nuestro apoyo\u201d .&nbsp;<\/em><\/p>\n\n\n\n<p>Por su parte, la legisladora Ver\u00f3nica Navarro Alegre, expres\u00f3:&nbsp;<em>\u00abEstos espacios buscan el encuentro, el di\u00e1logo, poder escucharnos y tender redes para visibilizar cada vez m\u00e1s los derechos de las mujeres. Hace mas de 75 a\u00f1os, con la Ley 13.010, logramos la igualdad pol\u00edtica que fu\u00e9 el fruto de muchas luchas que buscaron hacernos escuchar y tener los mismos derechos que los hombres. Mucho se ha constru\u00eddo desde entonces, pero sabemos cuanto falta en materia de derechos laborales, econ\u00f3micos, acceso a la salud y tantas otras cuestiones que son nuestro desaf\u00edo actu\u00e1l y por lo cual seguiremos trabajando\u00bb<\/em><\/p>\n\n\n\n<p>Finalmente, la directora Regional de ONU Mujeres para las Am\u00e9ricas y el Caribe, Mar\u00eda Noel Vaeza, a\u00f1adi\u00f3:&nbsp;<em>\u201cEs un placer estar en Villa Mar\u00eda, nos dieron un recibimiento maravilloso, pudimos conversar con el intendente Accastello sobre como las mujeres son tan importantes en su gobierno, como \u00e9l las ha promocionado y c\u00f3mo \u00e9l encuentra que las mujeres son estrat\u00e9gicas, emp\u00e1ticas, tienen un liderazgo diferente, complementario y necesario para el crecimiento de la ciudad y cumplir con los objetivos de escucha de lo que necesitamos las mujeres en el mundo\u201d.<\/em><\/p>\n","protected":false},"excerpt":{"rendered":"<p>El intendente Eduardo Accastello, acompa\u00f1ado por la legisladora Ver\u00f3nica Navarro Alegre, recibi\u00f3 en el Palacio Municipal a la secretaria de la Mujer de la Provincia de C\u00f3rdoba, Claudia Mart\u00ednez y la directora Regional de ONU Mujeres para las Am\u00e9ricas y el Caribe, Mar\u00eda Noel Vaeza, en el marco del D\u00eda Internacional de los Derechos Pol\u00edticos [&hellip;]<\/p>\n","protected":false},"author":4,"featured_media":110310,"comment_status":"open","ping_status":"open","sticky":false,"template":"","format":"standard","meta":{"site-sidebar-layout":"default","site-content-layout":"","ast-site-content-layout":"default","site-content-style":"default","site-sidebar-style":"default","ast-global-header-display":"","ast-banner-title-visibility":"","ast-main-header-display":"","ast-hfb-above-header-display":"","ast-hfb-below-header-display":"","ast-hfb-mobile-header-display":"","site-post-title":"","ast-breadcrumbs-content":"","ast-featured-img":"","footer-sml-layout":"","ast-disable-related-posts":"","theme-transparent-header-meta":"","adv-header-id-meta":"","stick-header-meta":"","header-above-stick-meta":"","header-main-stick-meta":"","header-below-stick-meta":"","astra-migrate-meta-layouts":"set","ast-page-background-enabled":"default","ast-page-background-meta":{"desktop":{"background-color":"","background-image":"","background-repeat":"repeat","background-position":"center center","background-size":"auto","background-attachment":"scroll","background-type":"","background-media":"","overlay-type":"","overlay-color":"","overlay-opacity":"","overlay-gradient":""},"tablet":{"background-color":"","background-image":"","background-repeat":"repeat","background-position":"center center","background-size":"auto","background-attachment":"scroll","background-type":"","background-media":"","overlay-type":"","overlay-color":"","overlay-opacity":"","overlay-gradient":""},"mobile":{"background-color":"","background-image":"","background-repeat":"repeat","background-position":"center center","background-size":"auto","background-attachment":"scroll","background-type":"","background-media":"","overlay-type":"","overlay-color":"","overlay-opacity":"","overlay-gradient":""}},"ast-content-background-meta":{"desktop":{"background-color":"var(--ast-global-color-5)","background-image":"","background-repeat":"repeat","background-position":"center center","background-size":"auto","background-attachment":"scroll","background-type":"","background-media":"","overlay-type":"","overlay-color":"","overlay-opacity":"","overlay-gradient":""},"tablet":{"background-color":"var(--ast-global-color-5)","background-image":"","background-repeat":"repeat","background-position":"center center","background-size":"auto","background-attachment":"scroll","background-type":"","background-media":"","overlay-type":"","overlay-color":"","overlay-opacity":"","overlay-gradient":""},"mobile":{"background-color":"var(--ast-global-color-5)","background-image":"","background-repeat":"repeat","background-position":"center center","background-size":"auto","background-attachment":"scroll","background-type":"","background-media":"","overlay-type":"","overlay-color":"","overlay-opacity":"","overlay-gradient":""}},"_jetpack_memberships_contains_paid_content":false,"_joinchat":[],"footnotes":""},"categories":[15302,5,2],"tags":[],"class_list":["post-110309","post","type-post","status-publish","format-standard","has-post-thumbnail","hentry","category-destacado","category-sociedad","category-villa-maria"],"yoast_head":"<!-- This site is optimized with the Yoast SEO plugin v26.8 - https:\/\/yoast.com\/product\/yoast-seo-wordpress\/ -->\n<title>La secretaria de la mujer de C\u00f3rdoba, Claudia Mart\u00ednez, y a la Directora Regional de ONU, Mar\u00eda Vaeza estuvieron de visita en Villa Mar\u00eda - El Regional<\/title>\n<meta name=\"robots\" content=\"index, follow, max-snippet:-1, max-image-preview:large, max-video-preview:-1\" \/>\n<link rel=\"canonical\" href=\"https:\/\/elregionalvm.com.ar\/noticias-villa-maria\/la-secretaria-de-la-mujer-de-cordoba-claudia-martinez-y-a-la-directora-regional-de-onu-maria-vaeza-estuvieron-de-visita-en-villa-maria\/\" \/>\n<meta property=\"og:locale\" content=\"es_ES\" \/>\n<meta property=\"og:type\" content=\"article\" \/>\n<meta property=\"og:title\" content=\"La secretaria de la mujer de C\u00f3rdoba, Claudia Mart\u00ednez, y a la Directora Regional de ONU, Mar\u00eda Vaeza estuvieron de visita en Villa Mar\u00eda - El Regional\" \/>\n<meta property=\"og:description\" content=\"El intendente Eduardo Accastello, acompa\u00f1ado por la legisladora Ver\u00f3nica Navarro Alegre, recibi\u00f3 en el Palacio Municipal a la secretaria de la Mujer de la Provincia de C\u00f3rdoba, Claudia Mart\u00ednez y la directora Regional de ONU Mujeres para las Am\u00e9ricas y el Caribe, Mar\u00eda Noel Vaeza, en el marco del D\u00eda Internacional de los Derechos Pol\u00edticos [&hellip;]\" \/>\n<meta property=\"og:url\" content=\"https:\/\/elregionalvm.com.ar\/noticias-villa-maria\/la-secretaria-de-la-mujer-de-cordoba-claudia-martinez-y-a-la-directora-regional-de-onu-maria-vaeza-estuvieron-de-visita-en-villa-maria\/\" \/>\n<meta property=\"og:site_name\" content=\"El Regional\" \/>\n<meta property=\"article:publisher\" content=\"https:\/\/www.facebook.com\/elregionalvm\" \/>\n<meta property=\"article:published_time\" content=\"2025-09-25T00:09:15+00:00\" \/>\n<meta property=\"article:modified_time\" content=\"2025-09-25T00:09:20+00:00\" \/>\n<meta property=\"og:image\" content=\"https:\/\/elregionalvm.com.ar\/noticias-villa-maria\/wp-content\/uploads\/2025\/09\/854afcee62264b3ba94ee265a2de2c62.jpeg\" \/>\n\t<meta property=\"og:image:width\" content=\"800\" \/>\n\t<meta property=\"og:image:height\" content=\"600\" \/>\n\t<meta property=\"og:image:type\" content=\"image\/jpeg\" \/>\n<meta name=\"author\" content=\"Contenidos El Regional\" \/>\n<meta name=\"twitter:card\" content=\"summary_large_image\" \/>\n<meta name=\"twitter:creator\" content=\"@elregionalvm1\" \/>\n<meta name=\"twitter:site\" content=\"@elregionalvm1\" \/>\n<meta name=\"twitter:label1\" content=\"Escrito por\" \/>\n\t<meta name=\"twitter:data1\" content=\"Contenidos El Regional\" \/>\n\t<meta name=\"twitter:label2\" content=\"Tiempo de lectura\" \/>\n\t<meta name=\"twitter:data2\" content=\"3 minutos\" \/>\n<script type=\"application\/ld+json\" class=\"yoast-schema-graph\">{\"@context\":\"https:\/\/schema.org\",\"@graph\":[{\"@type\":\"Article\",\"@id\":\"https:\/\/elregionalvm.com.ar\/noticias-villa-maria\/la-secretaria-de-la-mujer-de-cordoba-claudia-martinez-y-a-la-directora-regional-de-onu-maria-vaeza-estuvieron-de-visita-en-villa-maria\/#article\",\"isPartOf\":{\"@id\":\"https:\/\/elregionalvm.com.ar\/noticias-villa-maria\/la-secretaria-de-la-mujer-de-cordoba-claudia-martinez-y-a-la-directora-regional-de-onu-maria-vaeza-estuvieron-de-visita-en-villa-maria\/\"},\"author\":{\"name\":\"Contenidos El Regional\",\"@id\":\"http:\/\/elregionalvm.com.ar\/noticias-villa-maria\/#\/schema\/person\/a0fb9c422317faca23d50163151bc354\"},\"headline\":\"La secretaria de la mujer de C\u00f3rdoba, Claudia Mart\u00ednez, y a la Directora Regional de ONU, Mar\u00eda Vaeza estuvieron de visita en Villa Mar\u00eda\",\"datePublished\":\"2025-09-25T00:09:15+00:00\",\"dateModified\":\"2025-09-25T00:09:20+00:00\",\"mainEntityOfPage\":{\"@id\":\"https:\/\/elregionalvm.com.ar\/noticias-villa-maria\/la-secretaria-de-la-mujer-de-cordoba-claudia-martinez-y-a-la-directora-regional-de-onu-maria-vaeza-estuvieron-de-visita-en-villa-maria\/\"},\"wordCount\":559,\"commentCount\":0,\"image\":{\"@id\":\"https:\/\/elregionalvm.com.ar\/noticias-villa-maria\/la-secretaria-de-la-mujer-de-cordoba-claudia-martinez-y-a-la-directora-regional-de-onu-maria-vaeza-estuvieron-de-visita-en-villa-maria\/#primaryimage\"},\"thumbnailUrl\":\"https:\/\/i0.wp.com\/elregionalvm.com.ar\/noticias-villa-maria\/wp-content\/uploads\/2025\/09\/854afcee62264b3ba94ee265a2de2c62.jpeg?fit=800%2C600&ssl=1\",\"articleSection\":[\"destacado\",\"Sociedad\",\"Villa Mar\u00eda\"],\"inLanguage\":\"es\",\"potentialAction\":[{\"@type\":\"CommentAction\",\"name\":\"Comment\",\"target\":[\"https:\/\/elregionalvm.com.ar\/noticias-villa-maria\/la-secretaria-de-la-mujer-de-cordoba-claudia-martinez-y-a-la-directora-regional-de-onu-maria-vaeza-estuvieron-de-visita-en-villa-maria\/#respond\"]}]},{\"@type\":\"WebPage\",\"@id\":\"https:\/\/elregionalvm.com.ar\/noticias-villa-maria\/la-secretaria-de-la-mujer-de-cordoba-claudia-martinez-y-a-la-directora-regional-de-onu-maria-vaeza-estuvieron-de-visita-en-villa-maria\/\",\"url\":\"https:\/\/elregionalvm.com.ar\/noticias-villa-maria\/la-secretaria-de-la-mujer-de-cordoba-claudia-martinez-y-a-la-directora-regional-de-onu-maria-vaeza-estuvieron-de-visita-en-villa-maria\/\",\"name\":\"La secretaria de la mujer de C\u00f3rdoba, Claudia Mart\u00ednez, y a la Directora Regional de ONU, Mar\u00eda Vaeza estuvieron de visita en Villa Mar\u00eda - El Regional\",\"isPartOf\":{\"@id\":\"http:\/\/elregionalvm.com.ar\/noticias-villa-maria\/#website\"},\"primaryImageOfPage\":{\"@id\":\"https:\/\/elregionalvm.com.ar\/noticias-villa-maria\/la-secretaria-de-la-mujer-de-cordoba-claudia-martinez-y-a-la-directora-regional-de-onu-maria-vaeza-estuvieron-de-visita-en-villa-maria\/#primaryimage\"},\"image\":{\"@id\":\"https:\/\/elregionalvm.com.ar\/noticias-villa-maria\/la-secretaria-de-la-mujer-de-cordoba-claudia-martinez-y-a-la-directora-regional-de-onu-maria-vaeza-estuvieron-de-visita-en-villa-maria\/#primaryimage\"},\"thumbnailUrl\":\"https:\/\/i0.wp.com\/elregionalvm.com.ar\/noticias-villa-maria\/wp-content\/uploads\/2025\/09\/854afcee62264b3ba94ee265a2de2c62.jpeg?fit=800%2C600&ssl=1\",\"datePublished\":\"2025-09-25T00:09:15+00:00\",\"dateModified\":\"2025-09-25T00:09:20+00:00\",\"author\":{\"@id\":\"http:\/\/elregionalvm.com.ar\/noticias-villa-maria\/#\/schema\/person\/a0fb9c422317faca23d50163151bc354\"},\"breadcrumb\":{\"@id\":\"https:\/\/elregionalvm.com.ar\/noticias-villa-maria\/la-secretaria-de-la-mujer-de-cordoba-claudia-martinez-y-a-la-directora-regional-de-onu-maria-vaeza-estuvieron-de-visita-en-villa-maria\/#breadcrumb\"},\"inLanguage\":\"es\",\"potentialAction\":[{\"@type\":\"ReadAction\",\"target\":[\"https:\/\/elregionalvm.com.ar\/noticias-villa-maria\/la-secretaria-de-la-mujer-de-cordoba-claudia-martinez-y-a-la-directora-regional-de-onu-maria-vaeza-estuvieron-de-visita-en-villa-maria\/\"]}]},{\"@type\":\"ImageObject\",\"inLanguage\":\"es\",\"@id\":\"https:\/\/elregionalvm.com.ar\/noticias-villa-maria\/la-secretaria-de-la-mujer-de-cordoba-claudia-martinez-y-a-la-directora-regional-de-onu-maria-vaeza-estuvieron-de-visita-en-villa-maria\/#primaryimage\",\"url\":\"https:\/\/i0.wp.com\/elregionalvm.com.ar\/noticias-villa-maria\/wp-content\/uploads\/2025\/09\/854afcee62264b3ba94ee265a2de2c62.jpeg?fit=800%2C600&ssl=1\",\"contentUrl\":\"https:\/\/i0.wp.com\/elregionalvm.com.ar\/noticias-villa-maria\/wp-content\/uploads\/2025\/09\/854afcee62264b3ba94ee265a2de2c62.jpeg?fit=800%2C600&ssl=1\",\"width\":800,\"height\":600},{\"@type\":\"BreadcrumbList\",\"@id\":\"https:\/\/elregionalvm.com.ar\/noticias-villa-maria\/la-secretaria-de-la-mujer-de-cordoba-claudia-martinez-y-a-la-directora-regional-de-onu-maria-vaeza-estuvieron-de-visita-en-villa-maria\/#breadcrumb\",\"itemListElement\":[{\"@type\":\"ListItem\",\"position\":1,\"name\":\"Portada\",\"item\":\"https:\/\/elregionalvm.com.ar\/noticias-villa-maria\/\"},{\"@type\":\"ListItem\",\"position\":2,\"name\":\"La secretaria de la mujer de C\u00f3rdoba, Claudia Mart\u00ednez, y a la Directora Regional de ONU, Mar\u00eda Vaeza estuvieron de visita en Villa Mar\u00eda\"}]},{\"@type\":\"WebSite\",\"@id\":\"http:\/\/elregionalvm.com.ar\/noticias-villa-maria\/#website\",\"url\":\"http:\/\/elregionalvm.com.ar\/noticias-villa-maria\/\",\"name\":\"El Regional\",\"description\":\"Mucho m\u00e1s que informaci\u00f3n\",\"potentialAction\":[{\"@type\":\"SearchAction\",\"target\":{\"@type\":\"EntryPoint\",\"urlTemplate\":\"http:\/\/elregionalvm.com.ar\/noticias-villa-maria\/?s={search_term_string}\"},\"query-input\":{\"@type\":\"PropertyValueSpecification\",\"valueRequired\":true,\"valueName\":\"search_term_string\"}}],\"inLanguage\":\"es\"},{\"@type\":\"Person\",\"@id\":\"http:\/\/elregionalvm.com.ar\/noticias-villa-maria\/#\/schema\/person\/a0fb9c422317faca23d50163151bc354\",\"name\":\"Contenidos El Regional\",\"image\":{\"@type\":\"ImageObject\",\"inLanguage\":\"es\",\"@id\":\"http:\/\/elregionalvm.com.ar\/noticias-villa-maria\/#\/schema\/person\/image\/\",\"url\":\"https:\/\/secure.gravatar.com\/avatar\/265b27cb2209af7bb3a1318f03305787d7981a5cc6e6cd08fe5a4ecdf99d4b48?s=96&d=mm&r=g\",\"contentUrl\":\"https:\/\/secure.gravatar.com\/avatar\/265b27cb2209af7bb3a1318f03305787d7981a5cc6e6cd08fe5a4ecdf99d4b48?s=96&d=mm&r=g\",\"caption\":\"Contenidos El Regional\"},\"url\":\"https:\/\/elregionalvm.com.ar\/noticias-villa-maria\/author\/contenido\/\"}]}<\/script>\n<!-- \/ Yoast SEO plugin. -->","yoast_head_json":{"title":"La secretaria de la mujer de C\u00f3rdoba, Claudia Mart\u00ednez, y a la Directora Regional de ONU, Mar\u00eda Vaeza estuvieron de visita en Villa Mar\u00eda - El Regional","robots":{"index":"index","follow":"follow","max-snippet":"max-snippet:-1","max-image-preview":"max-image-preview:large","max-video-preview":"max-video-preview:-1"},"canonical":"https:\/\/elregionalvm.com.ar\/noticias-villa-maria\/la-secretaria-de-la-mujer-de-cordoba-claudia-martinez-y-a-la-directora-regional-de-onu-maria-vaeza-estuvieron-de-visita-en-villa-maria\/","og_locale":"es_ES","og_type":"article","og_title":"La secretaria de la mujer de C\u00f3rdoba, Claudia Mart\u00ednez, y a la Directora Regional de ONU, Mar\u00eda Vaeza estuvieron de visita en Villa Mar\u00eda - El Regional","og_description":"El intendente Eduardo Accastello, acompa\u00f1ado por la legisladora Ver\u00f3nica Navarro Alegre, recibi\u00f3 en el Palacio Municipal a la secretaria de la Mujer de la Provincia de C\u00f3rdoba, Claudia Mart\u00ednez y la directora Regional de ONU Mujeres para las Am\u00e9ricas y el Caribe, Mar\u00eda Noel Vaeza, en el marco del D\u00eda Internacional de los Derechos Pol\u00edticos [&hellip;]","og_url":"https:\/\/elregionalvm.com.ar\/noticias-villa-maria\/la-secretaria-de-la-mujer-de-cordoba-claudia-martinez-y-a-la-directora-regional-de-onu-maria-vaeza-estuvieron-de-visita-en-villa-maria\/","og_site_name":"El Regional","article_publisher":"https:\/\/www.facebook.com\/elregionalvm","article_published_time":"2025-09-25T00:09:15+00:00","article_modified_time":"2025-09-25T00:09:20+00:00","og_image":[{"width":800,"height":600,"url":"https:\/\/elregionalvm.com.ar\/noticias-villa-maria\/wp-content\/uploads\/2025\/09\/854afcee62264b3ba94ee265a2de2c62.jpeg","type":"image\/jpeg"}],"author":"Contenidos El Regional","twitter_card":"summary_large_image","twitter_creator":"@elregionalvm1","twitter_site":"@elregionalvm1","twitter_misc":{"Escrito por":"Contenidos El Regional","Tiempo de lectura":"3 minutos"},"schema":{"@context":"https:\/\/schema.org","@graph":[{"@type":"Article","@id":"https:\/\/elregionalvm.com.ar\/noticias-villa-maria\/la-secretaria-de-la-mujer-de-cordoba-claudia-martinez-y-a-la-directora-regional-de-onu-maria-vaeza-estuvieron-de-visita-en-villa-maria\/#article","isPartOf":{"@id":"https:\/\/elregionalvm.com.ar\/noticias-villa-maria\/la-secretaria-de-la-mujer-de-cordoba-claudia-martinez-y-a-la-directora-regional-de-onu-maria-vaeza-estuvieron-de-visita-en-villa-maria\/"},"author":{"name":"Contenidos El Regional","@id":"http:\/\/elregionalvm.com.ar\/noticias-villa-maria\/#\/schema\/person\/a0fb9c422317faca23d50163151bc354"},"headline":"La secretaria de la mujer de C\u00f3rdoba, Claudia Mart\u00ednez, y a la Directora Regional de ONU, Mar\u00eda Vaeza estuvieron de visita en Villa Mar\u00eda","datePublished":"2025-09-25T00:09:15+00:00","dateModified":"2025-09-25T00:09:20+00:00","mainEntityOfPage":{"@id":"https:\/\/elregionalvm.com.ar\/noticias-villa-maria\/la-secretaria-de-la-mujer-de-cordoba-claudia-martinez-y-a-la-directora-regional-de-onu-maria-vaeza-estuvieron-de-visita-en-villa-maria\/"},"wordCount":559,"commentCount":0,"image":{"@id":"https:\/\/elregionalvm.com.ar\/noticias-villa-maria\/la-secretaria-de-la-mujer-de-cordoba-claudia-martinez-y-a-la-directora-regional-de-onu-maria-vaeza-estuvieron-de-visita-en-villa-maria\/#primaryimage"},"thumbnailUrl":"https:\/\/i0.wp.com\/elregionalvm.com.ar\/noticias-villa-maria\/wp-content\/uploads\/2025\/09\/854afcee62264b3ba94ee265a2de2c62.jpeg?fit=800%2C600&ssl=1","articleSection":["destacado","Sociedad","Villa Mar\u00eda"],"inLanguage":"es","potentialAction":[{"@type":"CommentAction","name":"Comment","target":["https:\/\/elregionalvm.com.ar\/noticias-villa-maria\/la-secretaria-de-la-mujer-de-cordoba-claudia-martinez-y-a-la-directora-regional-de-onu-maria-vaeza-estuvieron-de-visita-en-villa-maria\/#respond"]}]},{"@type":"WebPage","@id":"https:\/\/elregionalvm.com.ar\/noticias-villa-maria\/la-secretaria-de-la-mujer-de-cordoba-claudia-martinez-y-a-la-directora-regional-de-onu-maria-vaeza-estuvieron-de-visita-en-villa-maria\/","url":"https:\/\/elregionalvm.com.ar\/noticias-villa-maria\/la-secretaria-de-la-mujer-de-cordoba-claudia-martinez-y-a-la-directora-regional-de-onu-maria-vaeza-estuvieron-de-visita-en-villa-maria\/","name":"La secretaria de la mujer de C\u00f3rdoba, Claudia Mart\u00ednez, y a la Directora Regional de ONU, Mar\u00eda Vaeza estuvieron de visita en Villa Mar\u00eda - El Regional","isPartOf":{"@id":"http:\/\/elregionalvm.com.ar\/noticias-villa-maria\/#website"},"primaryImageOfPage":{"@id":"https:\/\/elregionalvm.com.ar\/noticias-villa-maria\/la-secretaria-de-la-mujer-de-cordoba-claudia-martinez-y-a-la-directora-regional-de-onu-maria-vaeza-estuvieron-de-visita-en-villa-maria\/#primaryimage"},"image":{"@id":"https:\/\/elregionalvm.com.ar\/noticias-villa-maria\/la-secretaria-de-la-mujer-de-cordoba-claudia-martinez-y-a-la-directora-regional-de-onu-maria-vaeza-estuvieron-de-visita-en-villa-maria\/#primaryimage"},"thumbnailUrl":"https:\/\/i0.wp.com\/elregionalvm.com.ar\/noticias-villa-maria\/wp-content\/uploads\/2025\/09\/854afcee62264b3ba94ee265a2de2c62.jpeg?fit=800%2C600&ssl=1","datePublished":"2025-09-25T00:09:15+00:00","dateModified":"2025-09-25T00:09:20+00:00","author":{"@id":"http:\/\/elregionalvm.com.ar\/noticias-villa-maria\/#\/schema\/person\/a0fb9c422317faca23d50163151bc354"},"breadcrumb":{"@id":"https:\/\/elregionalvm.com.ar\/noticias-villa-maria\/la-secretaria-de-la-mujer-de-cordoba-claudia-martinez-y-a-la-directora-regional-de-onu-maria-vaeza-estuvieron-de-visita-en-villa-maria\/#breadcrumb"},"inLanguage":"es","potentialAction":[{"@type":"ReadAction","target":["https:\/\/elregionalvm.com.ar\/noticias-villa-maria\/la-secretaria-de-la-mujer-de-cordoba-claudia-martinez-y-a-la-directora-regional-de-onu-maria-vaeza-estuvieron-de-visita-en-villa-maria\/"]}]},{"@type":"ImageObject","inLanguage":"es","@id":"https:\/\/elregionalvm.com.ar\/noticias-villa-maria\/la-secretaria-de-la-mujer-de-cordoba-claudia-martinez-y-a-la-directora-regional-de-onu-maria-vaeza-estuvieron-de-visita-en-villa-maria\/#primaryimage","url":"https:\/\/i0.wp.com\/elregionalvm.com.ar\/noticias-villa-maria\/wp-content\/uploads\/2025\/09\/854afcee62264b3ba94ee265a2de2c62.jpeg?fit=800%2C600&ssl=1","contentUrl":"https:\/\/i0.wp.com\/elregionalvm.com.ar\/noticias-villa-maria\/wp-content\/uploads\/2025\/09\/854afcee62264b3ba94ee265a2de2c62.jpeg?fit=800%2C600&ssl=1","width":800,"height":600},{"@type":"BreadcrumbList","@id":"https:\/\/elregionalvm.com.ar\/noticias-villa-maria\/la-secretaria-de-la-mujer-de-cordoba-claudia-martinez-y-a-la-directora-regional-de-onu-maria-vaeza-estuvieron-de-visita-en-villa-maria\/#breadcrumb","itemListElement":[{"@type":"ListItem","position":1,"name":"Portada","item":"https:\/\/elregionalvm.com.ar\/noticias-villa-maria\/"},{"@type":"ListItem","position":2,"name":"La secretaria de la mujer de C\u00f3rdoba, Claudia Mart\u00ednez, y a la Directora Regional de ONU, Mar\u00eda Vaeza estuvieron de visita en Villa Mar\u00eda"}]},{"@type":"WebSite","@id":"http:\/\/elregionalvm.com.ar\/noticias-villa-maria\/#website","url":"http:\/\/elregionalvm.com.ar\/noticias-villa-maria\/","name":"El Regional","description":"Mucho m\u00e1s que informaci\u00f3n","potentialAction":[{"@type":"SearchAction","target":{"@type":"EntryPoint","urlTemplate":"http:\/\/elregionalvm.com.ar\/noticias-villa-maria\/?s={search_term_string}"},"query-input":{"@type":"PropertyValueSpecification","valueRequired":true,"valueName":"search_term_string"}}],"inLanguage":"es"},{"@type":"Person","@id":"http:\/\/elregionalvm.com.ar\/noticias-villa-maria\/#\/schema\/person\/a0fb9c422317faca23d50163151bc354","name":"Contenidos El Regional","image":{"@type":"ImageObject","inLanguage":"es","@id":"http:\/\/elregionalvm.com.ar\/noticias-villa-maria\/#\/schema\/person\/image\/","url":"https:\/\/secure.gravatar.com\/avatar\/265b27cb2209af7bb3a1318f03305787d7981a5cc6e6cd08fe5a4ecdf99d4b48?s=96&d=mm&r=g","contentUrl":"https:\/\/secure.gravatar.com\/avatar\/265b27cb2209af7bb3a1318f03305787d7981a5cc6e6cd08fe5a4ecdf99d4b48?s=96&d=mm&r=g","caption":"Contenidos El Regional"},"url":"https:\/\/elregionalvm.com.ar\/noticias-villa-maria\/author\/contenido\/"}]}},"jetpack_featured_media_url":"https:\/\/i0.wp.com\/elregionalvm.com.ar\/noticias-villa-maria\/wp-content\/uploads\/2025\/09\/854afcee62264b3ba94ee265a2de2c62.jpeg?fit=800%2C600&ssl=1","jetpack_sharing_enabled":true,"_links":{"self":[{"href":"https:\/\/elregionalvm.com.ar\/noticias-villa-maria\/wp-json\/wp\/v2\/posts\/110309","targetHints":{"allow":["GET"]}}],"collection":[{"href":"https:\/\/elregionalvm.com.ar\/noticias-villa-maria\/wp-json\/wp\/v2\/posts"}],"about":[{"href":"https:\/\/elregionalvm.com.ar\/noticias-villa-maria\/wp-json\/wp\/v2\/types\/post"}],"author":[{"embeddable":true,"href":"https:\/\/elregionalvm.com.ar\/noticias-villa-maria\/wp-json\/wp\/v2\/users\/4"}],"replies":[{"embeddable":true,"href":"https:\/\/elregionalvm.com.ar\/noticias-villa-maria\/wp-json\/wp\/v2\/comments?post=110309"}],"version-history":[{"count":1,"href":"https:\/\/elregionalvm.com.ar\/noticias-villa-maria\/wp-json\/wp\/v2\/posts\/110309\/revisions"}],"predecessor-version":[{"id":110311,"href":"https:\/\/elregionalvm.com.ar\/noticias-villa-maria\/wp-json\/wp\/v2\/posts\/110309\/revisions\/110311"}],"wp:featuredmedia":[{"embeddable":true,"href":"https:\/\/elregionalvm.com.ar\/noticias-villa-maria\/wp-json\/wp\/v2\/media\/110310"}],"wp:attachment":[{"href":"https:\/\/elregionalvm.com.ar\/noticias-villa-maria\/wp-json\/wp\/v2\/media?parent=110309"}],"wp:term":[{"taxonomy":"category","embeddable":true,"href":"https:\/\/elregionalvm.com.ar\/noticias-villa-maria\/wp-json\/wp\/v2\/categories?post=110309"},{"taxonomy":"post_tag","embeddable":true,"href":"https:\/\/elregionalvm.com.ar\/noticias-villa-maria\/wp-json\/wp\/v2\/tags?post=110309"}],"curies":[{"name":"wp","href":"https:\/\/api.w.org\/{rel}","templated":true}]}}