{"id":110325,"date":"2025-09-25T00:55:08","date_gmt":"2025-09-25T00:55:08","guid":{"rendered":"https:\/\/elregionalvm.com.ar\/noticias-villa-maria\/?p=110325"},"modified":"2025-09-25T00:55:12","modified_gmt":"2025-09-25T00:55:12","slug":"villa-maria-exporta-marco-un-record-con-475-reuniones-de-negocios","status":"publish","type":"post","link":"https:\/\/elregionalvm.com.ar\/noticias-villa-maria\/villa-maria-exporta-marco-un-record-con-475-reuniones-de-negocios\/","title":{"rendered":"Villa Mar\u00eda Exporta marc\u00f3 un r\u00e9cord con 475 reuniones de negocios"},"content":{"rendered":"\n<p>Durante tres d\u00edas, una delegaci\u00f3n de empresarios extranjeros particip\u00f3 en la 21\u00b0 edici\u00f3n de Villa Mar\u00eda Exporta. El objetivo de esta misi\u00f3n inversa organizada por la Agencia ProC\u00f3rdoba junto con la Asociaci\u00f3n de Empresarios de la Regi\u00f3n Centro Argentino (AERCA), fue reunir a empresas nacionales con importadores de diferentes partes del mundo.<\/p>\n\n\n\n<p>De esta edici\u00f3n, participaron&nbsp;<strong>16 operadores internacionales<\/strong>&nbsp;provenientes de 10 mercados:&nbsp;<strong>Brasil, Chile, Colombia, Costa Rica, Espa\u00f1a, Estados Unidos, M\u00e9xico, Paraguay, Per\u00fa y Uruguay.<\/strong>&nbsp;<\/p>\n\n\n\n<p>Como&nbsp;<strong>contrapartes locales, asistieron 60 empresas productoras de alimentos y bebidas<\/strong>, mayoritariamente de la Provincia de C\u00f3rdoba, aunque tambi\u00e9n hubo firmas de Buenos Aires, Mendoza y Santa Fe.&nbsp;<\/p>\n\n\n\n<p>En el marco de la ronda de negocios, se llevaron a cabo un total de&nbsp;<strong>475 encuentros B2B<\/strong>&nbsp;entre empresarios locales y operadores internacionales, lo que marc\u00f3 un r\u00e9cord hist\u00f3rico.<\/p>\n\n\n\n<p>Adem\u00e1s, la delegaci\u00f3n extranjera realiz\u00f3 recorridos por plantas industriales de Villa Mar\u00eda y la regi\u00f3n. Estas visitas t\u00e9cnicas generan un agregado de valor que le permite a los importadores conocer de primera mano la calidad, los procesos y la capacidad de producci\u00f3n de las empresas, fortaleciendo la confianza y facilitando la concreci\u00f3n de acuerdos comerciales a largo plazo.<\/p>\n\n\n\n<p>Las firmas que abrieron sus puertas para mostrar su producci\u00f3n fueron Palmesano -Golosinas OENP, Noal S.A., La Tonadita-Elcor S.A., Bolicrok, Capilla del Se\u00f1or, Escuela FUNESIL, Tambo Modelo FUNESIL y Tambo Mharnes.<\/p>\n\n\n\n<p><strong>Pablo De Chiara<\/strong>, presidente de la Agencia ProC\u00f3rdoba, explic\u00f3:&nbsp;<em>\u201cNos estimula que los compradores internacionales conozcan nuestras empresas, nuestros trabajadores, porque confiamos en la enorme calidad y el valor que le aportan a toda la econom\u00eda de C\u00f3rdoba. Cuando se concreta una venta internacional, se llevan las materias primas que cultivamos en nuestra provincia y se llevan todo el esfuerzo de nuestras industrias en cada uno de esos productos.\u201d<\/em><\/p>\n\n\n\n<p><em>\u201cC\u00f3rdoba est\u00e1 conformada por una matriz de empresas pymes, y es muy importante poder construir valor a partir del trabajo de esas familias y de todas esas industrias. El ecosistema que hay en Villa Mar\u00eda es un ejemplo que perdura y motiva las ganas de trabajar en equipo, valoramos mucho esa alianza de los sectores p\u00fablico y privado\u201d<\/em>, concluy\u00f3 De Chiara.<\/p>\n\n\n\n<p>Por su parte, la coordinadora de la C\u00e1mara de Comercio Exterior de AERCA,&nbsp;<strong>Pilar Mart\u00ednez<\/strong>&nbsp;afirm\u00f3:&nbsp;<em>\u201cSe superaron las expectativas, hubo un incremento muy importante en el n\u00famero de reuniones y recibimos comentarios muy positivos de los operadores internacionales que destacaron la calidad profesional de la organizaci\u00f3n, la variedad y la calidad de productos y la preparaci\u00f3n de nuestras empresas locales\u201d.<\/em><\/p>\n\n\n\n<p>Y asegur\u00f3:&nbsp;<em>\u201cMuchos de ellos incluso expresaron la decisi\u00f3n firme de avanzar en el cierre de negocios, lo que nos deja una proyecci\u00f3n muy alentadora. Con estos resultados, sentimos que nuestro objetivo est\u00e1 m\u00e1s que cumplido: abrir m\u00e1s oportunidades de crecimiento y proyecci\u00f3n internacional para las empresas de nuestra regi\u00f3n\u201d.<\/em><\/p>\n","protected":false},"excerpt":{"rendered":"<p>Durante tres d\u00edas, una delegaci\u00f3n de empresarios extranjeros particip\u00f3 en la 21\u00b0 edici\u00f3n de Villa Mar\u00eda Exporta. El objetivo de esta misi\u00f3n inversa organizada por la Agencia ProC\u00f3rdoba junto con la Asociaci\u00f3n de Empresarios de la Regi\u00f3n Centro Argentino (AERCA), fue reunir a empresas nacionales con importadores de diferentes partes del mundo. De esta edici\u00f3n, [&hellip;]<\/p>\n","protected":false},"author":4,"featured_media":110326,"comment_status":"open","ping_status":"open","sticky":false,"template":"","format":"standard","meta":{"site-sidebar-layout":"default","site-content-layout":"","ast-site-content-layout":"default","site-content-style":"default","site-sidebar-style":"default","ast-global-header-display":"","ast-banner-title-visibility":"","ast-main-header-display":"","ast-hfb-above-header-display":"","ast-hfb-below-header-display":"","ast-hfb-mobile-header-display":"","site-post-title":"","ast-breadcrumbs-content":"","ast-featured-img":"","footer-sml-layout":"","ast-disable-related-posts":"","theme-transparent-header-meta":"","adv-header-id-meta":"","stick-header-meta":"","header-above-stick-meta":"","header-main-stick-meta":"","header-below-stick-meta":"","astra-migrate-meta-layouts":"set","ast-page-background-enabled":"default","ast-page-background-meta":{"desktop":{"background-color":"","background-image":"","background-repeat":"repeat","background-position":"center center","background-size":"auto","background-attachment":"scroll","background-type":"","background-media":"","overlay-type":"","overlay-color":"","overlay-opacity":"","overlay-gradient":""},"tablet":{"background-color":"","background-image":"","background-repeat":"repeat","background-position":"center center","background-size":"auto","background-attachment":"scroll","background-type":"","background-media":"","overlay-type":"","overlay-color":"","overlay-opacity":"","overlay-gradient":""},"mobile":{"background-color":"","background-image":"","background-repeat":"repeat","background-position":"center center","background-size":"auto","background-attachment":"scroll","background-type":"","background-media":"","overlay-type":"","overlay-color":"","overlay-opacity":"","overlay-gradient":""}},"ast-content-background-meta":{"desktop":{"background-color":"var(--ast-global-color-5)","background-image":"","background-repeat":"repeat","background-position":"center center","background-size":"auto","background-attachment":"scroll","background-type":"","background-media":"","overlay-type":"","overlay-color":"","overlay-opacity":"","overlay-gradient":""},"tablet":{"background-color":"var(--ast-global-color-5)","background-image":"","background-repeat":"repeat","background-position":"center center","background-size":"auto","background-attachment":"scroll","background-type":"","background-media":"","overlay-type":"","overlay-color":"","overlay-opacity":"","overlay-gradient":""},"mobile":{"background-color":"var(--ast-global-color-5)","background-image":"","background-repeat":"repeat","background-position":"center center","background-size":"auto","background-attachment":"scroll","background-type":"","background-media":"","overlay-type":"","overlay-color":"","overlay-opacity":"","overlay-gradient":""}},"_jetpack_memberships_contains_paid_content":false,"_joinchat":[],"footnotes":""},"categories":[15302,5,2],"tags":[],"class_list":["post-110325","post","type-post","status-publish","format-standard","has-post-thumbnail","hentry","category-destacado","category-sociedad","category-villa-maria"],"yoast_head":"<!-- This site is optimized with the Yoast SEO plugin v26.8 - https:\/\/yoast.com\/product\/yoast-seo-wordpress\/ -->\n<title>Villa Mar\u00eda Exporta marc\u00f3 un r\u00e9cord con 475 reuniones de negocios - El Regional<\/title>\n<meta name=\"robots\" content=\"index, follow, max-snippet:-1, max-image-preview:large, max-video-preview:-1\" \/>\n<link rel=\"canonical\" href=\"https:\/\/elregionalvm.com.ar\/noticias-villa-maria\/villa-maria-exporta-marco-un-record-con-475-reuniones-de-negocios\/\" \/>\n<meta property=\"og:locale\" content=\"es_ES\" \/>\n<meta property=\"og:type\" content=\"article\" \/>\n<meta property=\"og:title\" content=\"Villa Mar\u00eda Exporta marc\u00f3 un r\u00e9cord con 475 reuniones de negocios - El Regional\" \/>\n<meta property=\"og:description\" content=\"Durante tres d\u00edas, una delegaci\u00f3n de empresarios extranjeros particip\u00f3 en la 21\u00b0 edici\u00f3n de Villa Mar\u00eda Exporta. El objetivo de esta misi\u00f3n inversa organizada por la Agencia ProC\u00f3rdoba junto con la Asociaci\u00f3n de Empresarios de la Regi\u00f3n Centro Argentino (AERCA), fue reunir a empresas nacionales con importadores de diferentes partes del mundo. De esta edici\u00f3n, [&hellip;]\" \/>\n<meta property=\"og:url\" content=\"https:\/\/elregionalvm.com.ar\/noticias-villa-maria\/villa-maria-exporta-marco-un-record-con-475-reuniones-de-negocios\/\" \/>\n<meta property=\"og:site_name\" content=\"El Regional\" \/>\n<meta property=\"article:publisher\" content=\"https:\/\/www.facebook.com\/elregionalvm\" \/>\n<meta property=\"article:published_time\" content=\"2025-09-25T00:55:08+00:00\" \/>\n<meta property=\"article:modified_time\" content=\"2025-09-25T00:55:12+00:00\" \/>\n<meta property=\"og:image\" content=\"https:\/\/elregionalvm.com.ar\/noticias-villa-maria\/wp-content\/uploads\/2025\/09\/VME25-5-1.jpg\" \/>\n\t<meta property=\"og:image:width\" content=\"993\" \/>\n\t<meta property=\"og:image:height\" content=\"661\" \/>\n\t<meta property=\"og:image:type\" content=\"image\/jpeg\" \/>\n<meta name=\"author\" content=\"Contenidos El Regional\" \/>\n<meta name=\"twitter:card\" content=\"summary_large_image\" \/>\n<meta name=\"twitter:creator\" content=\"@elregionalvm1\" \/>\n<meta name=\"twitter:site\" content=\"@elregionalvm1\" \/>\n<meta name=\"twitter:label1\" content=\"Escrito por\" \/>\n\t<meta name=\"twitter:data1\" content=\"Contenidos El Regional\" \/>\n\t<meta name=\"twitter:label2\" content=\"Tiempo de lectura\" \/>\n\t<meta name=\"twitter:data2\" content=\"3 minutos\" \/>\n<script type=\"application\/ld+json\" class=\"yoast-schema-graph\">{\"@context\":\"https:\/\/schema.org\",\"@graph\":[{\"@type\":\"Article\",\"@id\":\"https:\/\/elregionalvm.com.ar\/noticias-villa-maria\/villa-maria-exporta-marco-un-record-con-475-reuniones-de-negocios\/#article\",\"isPartOf\":{\"@id\":\"https:\/\/elregionalvm.com.ar\/noticias-villa-maria\/villa-maria-exporta-marco-un-record-con-475-reuniones-de-negocios\/\"},\"author\":{\"name\":\"Contenidos El Regional\",\"@id\":\"http:\/\/elregionalvm.com.ar\/noticias-villa-maria\/#\/schema\/person\/a0fb9c422317faca23d50163151bc354\"},\"headline\":\"Villa Mar\u00eda Exporta marc\u00f3 un r\u00e9cord con 475 reuniones de negocios\",\"datePublished\":\"2025-09-25T00:55:08+00:00\",\"dateModified\":\"2025-09-25T00:55:12+00:00\",\"mainEntityOfPage\":{\"@id\":\"https:\/\/elregionalvm.com.ar\/noticias-villa-maria\/villa-maria-exporta-marco-un-record-con-475-reuniones-de-negocios\/\"},\"wordCount\":528,\"commentCount\":0,\"image\":{\"@id\":\"https:\/\/elregionalvm.com.ar\/noticias-villa-maria\/villa-maria-exporta-marco-un-record-con-475-reuniones-de-negocios\/#primaryimage\"},\"thumbnailUrl\":\"https:\/\/i0.wp.com\/elregionalvm.com.ar\/noticias-villa-maria\/wp-content\/uploads\/2025\/09\/VME25-5-1.jpg?fit=993%2C661&ssl=1\",\"articleSection\":[\"destacado\",\"Sociedad\",\"Villa Mar\u00eda\"],\"inLanguage\":\"es\",\"potentialAction\":[{\"@type\":\"CommentAction\",\"name\":\"Comment\",\"target\":[\"https:\/\/elregionalvm.com.ar\/noticias-villa-maria\/villa-maria-exporta-marco-un-record-con-475-reuniones-de-negocios\/#respond\"]}]},{\"@type\":\"WebPage\",\"@id\":\"https:\/\/elregionalvm.com.ar\/noticias-villa-maria\/villa-maria-exporta-marco-un-record-con-475-reuniones-de-negocios\/\",\"url\":\"https:\/\/elregionalvm.com.ar\/noticias-villa-maria\/villa-maria-exporta-marco-un-record-con-475-reuniones-de-negocios\/\",\"name\":\"Villa Mar\u00eda Exporta marc\u00f3 un r\u00e9cord con 475 reuniones de negocios - El Regional\",\"isPartOf\":{\"@id\":\"http:\/\/elregionalvm.com.ar\/noticias-villa-maria\/#website\"},\"primaryImageOfPage\":{\"@id\":\"https:\/\/elregionalvm.com.ar\/noticias-villa-maria\/villa-maria-exporta-marco-un-record-con-475-reuniones-de-negocios\/#primaryimage\"},\"image\":{\"@id\":\"https:\/\/elregionalvm.com.ar\/noticias-villa-maria\/villa-maria-exporta-marco-un-record-con-475-reuniones-de-negocios\/#primaryimage\"},\"thumbnailUrl\":\"https:\/\/i0.wp.com\/elregionalvm.com.ar\/noticias-villa-maria\/wp-content\/uploads\/2025\/09\/VME25-5-1.jpg?fit=993%2C661&ssl=1\",\"datePublished\":\"2025-09-25T00:55:08+00:00\",\"dateModified\":\"2025-09-25T00:55:12+00:00\",\"author\":{\"@id\":\"http:\/\/elregionalvm.com.ar\/noticias-villa-maria\/#\/schema\/person\/a0fb9c422317faca23d50163151bc354\"},\"breadcrumb\":{\"@id\":\"https:\/\/elregionalvm.com.ar\/noticias-villa-maria\/villa-maria-exporta-marco-un-record-con-475-reuniones-de-negocios\/#breadcrumb\"},\"inLanguage\":\"es\",\"potentialAction\":[{\"@type\":\"ReadAction\",\"target\":[\"https:\/\/elregionalvm.com.ar\/noticias-villa-maria\/villa-maria-exporta-marco-un-record-con-475-reuniones-de-negocios\/\"]}]},{\"@type\":\"ImageObject\",\"inLanguage\":\"es\",\"@id\":\"https:\/\/elregionalvm.com.ar\/noticias-villa-maria\/villa-maria-exporta-marco-un-record-con-475-reuniones-de-negocios\/#primaryimage\",\"url\":\"https:\/\/i0.wp.com\/elregionalvm.com.ar\/noticias-villa-maria\/wp-content\/uploads\/2025\/09\/VME25-5-1.jpg?fit=993%2C661&ssl=1\",\"contentUrl\":\"https:\/\/i0.wp.com\/elregionalvm.com.ar\/noticias-villa-maria\/wp-content\/uploads\/2025\/09\/VME25-5-1.jpg?fit=993%2C661&ssl=1\",\"width\":993,\"height\":661},{\"@type\":\"BreadcrumbList\",\"@id\":\"https:\/\/elregionalvm.com.ar\/noticias-villa-maria\/villa-maria-exporta-marco-un-record-con-475-reuniones-de-negocios\/#breadcrumb\",\"itemListElement\":[{\"@type\":\"ListItem\",\"position\":1,\"name\":\"Portada\",\"item\":\"https:\/\/elregionalvm.com.ar\/noticias-villa-maria\/\"},{\"@type\":\"ListItem\",\"position\":2,\"name\":\"Villa Mar\u00eda Exporta marc\u00f3 un r\u00e9cord con 475 reuniones de negocios\"}]},{\"@type\":\"WebSite\",\"@id\":\"http:\/\/elregionalvm.com.ar\/noticias-villa-maria\/#website\",\"url\":\"http:\/\/elregionalvm.com.ar\/noticias-villa-maria\/\",\"name\":\"El Regional\",\"description\":\"Mucho m\u00e1s que informaci\u00f3n\",\"potentialAction\":[{\"@type\":\"SearchAction\",\"target\":{\"@type\":\"EntryPoint\",\"urlTemplate\":\"http:\/\/elregionalvm.com.ar\/noticias-villa-maria\/?s={search_term_string}\"},\"query-input\":{\"@type\":\"PropertyValueSpecification\",\"valueRequired\":true,\"valueName\":\"search_term_string\"}}],\"inLanguage\":\"es\"},{\"@type\":\"Person\",\"@id\":\"http:\/\/elregionalvm.com.ar\/noticias-villa-maria\/#\/schema\/person\/a0fb9c422317faca23d50163151bc354\",\"name\":\"Contenidos El Regional\",\"image\":{\"@type\":\"ImageObject\",\"inLanguage\":\"es\",\"@id\":\"http:\/\/elregionalvm.com.ar\/noticias-villa-maria\/#\/schema\/person\/image\/\",\"url\":\"https:\/\/secure.gravatar.com\/avatar\/265b27cb2209af7bb3a1318f03305787d7981a5cc6e6cd08fe5a4ecdf99d4b48?s=96&d=mm&r=g\",\"contentUrl\":\"https:\/\/secure.gravatar.com\/avatar\/265b27cb2209af7bb3a1318f03305787d7981a5cc6e6cd08fe5a4ecdf99d4b48?s=96&d=mm&r=g\",\"caption\":\"Contenidos El Regional\"},\"url\":\"https:\/\/elregionalvm.com.ar\/noticias-villa-maria\/author\/contenido\/\"}]}<\/script>\n<!-- \/ Yoast SEO plugin. -->","yoast_head_json":{"title":"Villa Mar\u00eda Exporta marc\u00f3 un r\u00e9cord con 475 reuniones de negocios - El Regional","robots":{"index":"index","follow":"follow","max-snippet":"max-snippet:-1","max-image-preview":"max-image-preview:large","max-video-preview":"max-video-preview:-1"},"canonical":"https:\/\/elregionalvm.com.ar\/noticias-villa-maria\/villa-maria-exporta-marco-un-record-con-475-reuniones-de-negocios\/","og_locale":"es_ES","og_type":"article","og_title":"Villa Mar\u00eda Exporta marc\u00f3 un r\u00e9cord con 475 reuniones de negocios - El Regional","og_description":"Durante tres d\u00edas, una delegaci\u00f3n de empresarios extranjeros particip\u00f3 en la 21\u00b0 edici\u00f3n de Villa Mar\u00eda Exporta. El objetivo de esta misi\u00f3n inversa organizada por la Agencia ProC\u00f3rdoba junto con la Asociaci\u00f3n de Empresarios de la Regi\u00f3n Centro Argentino (AERCA), fue reunir a empresas nacionales con importadores de diferentes partes del mundo. De esta edici\u00f3n, [&hellip;]","og_url":"https:\/\/elregionalvm.com.ar\/noticias-villa-maria\/villa-maria-exporta-marco-un-record-con-475-reuniones-de-negocios\/","og_site_name":"El Regional","article_publisher":"https:\/\/www.facebook.com\/elregionalvm","article_published_time":"2025-09-25T00:55:08+00:00","article_modified_time":"2025-09-25T00:55:12+00:00","og_image":[{"width":993,"height":661,"url":"https:\/\/elregionalvm.com.ar\/noticias-villa-maria\/wp-content\/uploads\/2025\/09\/VME25-5-1.jpg","type":"image\/jpeg"}],"author":"Contenidos El Regional","twitter_card":"summary_large_image","twitter_creator":"@elregionalvm1","twitter_site":"@elregionalvm1","twitter_misc":{"Escrito por":"Contenidos El Regional","Tiempo de lectura":"3 minutos"},"schema":{"@context":"https:\/\/schema.org","@graph":[{"@type":"Article","@id":"https:\/\/elregionalvm.com.ar\/noticias-villa-maria\/villa-maria-exporta-marco-un-record-con-475-reuniones-de-negocios\/#article","isPartOf":{"@id":"https:\/\/elregionalvm.com.ar\/noticias-villa-maria\/villa-maria-exporta-marco-un-record-con-475-reuniones-de-negocios\/"},"author":{"name":"Contenidos El Regional","@id":"http:\/\/elregionalvm.com.ar\/noticias-villa-maria\/#\/schema\/person\/a0fb9c422317faca23d50163151bc354"},"headline":"Villa Mar\u00eda Exporta marc\u00f3 un r\u00e9cord con 475 reuniones de negocios","datePublished":"2025-09-25T00:55:08+00:00","dateModified":"2025-09-25T00:55:12+00:00","mainEntityOfPage":{"@id":"https:\/\/elregionalvm.com.ar\/noticias-villa-maria\/villa-maria-exporta-marco-un-record-con-475-reuniones-de-negocios\/"},"wordCount":528,"commentCount":0,"image":{"@id":"https:\/\/elregionalvm.com.ar\/noticias-villa-maria\/villa-maria-exporta-marco-un-record-con-475-reuniones-de-negocios\/#primaryimage"},"thumbnailUrl":"https:\/\/i0.wp.com\/elregionalvm.com.ar\/noticias-villa-maria\/wp-content\/uploads\/2025\/09\/VME25-5-1.jpg?fit=993%2C661&ssl=1","articleSection":["destacado","Sociedad","Villa Mar\u00eda"],"inLanguage":"es","potentialAction":[{"@type":"CommentAction","name":"Comment","target":["https:\/\/elregionalvm.com.ar\/noticias-villa-maria\/villa-maria-exporta-marco-un-record-con-475-reuniones-de-negocios\/#respond"]}]},{"@type":"WebPage","@id":"https:\/\/elregionalvm.com.ar\/noticias-villa-maria\/villa-maria-exporta-marco-un-record-con-475-reuniones-de-negocios\/","url":"https:\/\/elregionalvm.com.ar\/noticias-villa-maria\/villa-maria-exporta-marco-un-record-con-475-reuniones-de-negocios\/","name":"Villa Mar\u00eda Exporta marc\u00f3 un r\u00e9cord con 475 reuniones de negocios - El Regional","isPartOf":{"@id":"http:\/\/elregionalvm.com.ar\/noticias-villa-maria\/#website"},"primaryImageOfPage":{"@id":"https:\/\/elregionalvm.com.ar\/noticias-villa-maria\/villa-maria-exporta-marco-un-record-con-475-reuniones-de-negocios\/#primaryimage"},"image":{"@id":"https:\/\/elregionalvm.com.ar\/noticias-villa-maria\/villa-maria-exporta-marco-un-record-con-475-reuniones-de-negocios\/#primaryimage"},"thumbnailUrl":"https:\/\/i0.wp.com\/elregionalvm.com.ar\/noticias-villa-maria\/wp-content\/uploads\/2025\/09\/VME25-5-1.jpg?fit=993%2C661&ssl=1","datePublished":"2025-09-25T00:55:08+00:00","dateModified":"2025-09-25T00:55:12+00:00","author":{"@id":"http:\/\/elregionalvm.com.ar\/noticias-villa-maria\/#\/schema\/person\/a0fb9c422317faca23d50163151bc354"},"breadcrumb":{"@id":"https:\/\/elregionalvm.com.ar\/noticias-villa-maria\/villa-maria-exporta-marco-un-record-con-475-reuniones-de-negocios\/#breadcrumb"},"inLanguage":"es","potentialAction":[{"@type":"ReadAction","target":["https:\/\/elregionalvm.com.ar\/noticias-villa-maria\/villa-maria-exporta-marco-un-record-con-475-reuniones-de-negocios\/"]}]},{"@type":"ImageObject","inLanguage":"es","@id":"https:\/\/elregionalvm.com.ar\/noticias-villa-maria\/villa-maria-exporta-marco-un-record-con-475-reuniones-de-negocios\/#primaryimage","url":"https:\/\/i0.wp.com\/elregionalvm.com.ar\/noticias-villa-maria\/wp-content\/uploads\/2025\/09\/VME25-5-1.jpg?fit=993%2C661&ssl=1","contentUrl":"https:\/\/i0.wp.com\/elregionalvm.com.ar\/noticias-villa-maria\/wp-content\/uploads\/2025\/09\/VME25-5-1.jpg?fit=993%2C661&ssl=1","width":993,"height":661},{"@type":"BreadcrumbList","@id":"https:\/\/elregionalvm.com.ar\/noticias-villa-maria\/villa-maria-exporta-marco-un-record-con-475-reuniones-de-negocios\/#breadcrumb","itemListElement":[{"@type":"ListItem","position":1,"name":"Portada","item":"https:\/\/elregionalvm.com.ar\/noticias-villa-maria\/"},{"@type":"ListItem","position":2,"name":"Villa Mar\u00eda Exporta marc\u00f3 un r\u00e9cord con 475 reuniones de negocios"}]},{"@type":"WebSite","@id":"http:\/\/elregionalvm.com.ar\/noticias-villa-maria\/#website","url":"http:\/\/elregionalvm.com.ar\/noticias-villa-maria\/","name":"El Regional","description":"Mucho m\u00e1s que informaci\u00f3n","potentialAction":[{"@type":"SearchAction","target":{"@type":"EntryPoint","urlTemplate":"http:\/\/elregionalvm.com.ar\/noticias-villa-maria\/?s={search_term_string}"},"query-input":{"@type":"PropertyValueSpecification","valueRequired":true,"valueName":"search_term_string"}}],"inLanguage":"es"},{"@type":"Person","@id":"http:\/\/elregionalvm.com.ar\/noticias-villa-maria\/#\/schema\/person\/a0fb9c422317faca23d50163151bc354","name":"Contenidos El Regional","image":{"@type":"ImageObject","inLanguage":"es","@id":"http:\/\/elregionalvm.com.ar\/noticias-villa-maria\/#\/schema\/person\/image\/","url":"https:\/\/secure.gravatar.com\/avatar\/265b27cb2209af7bb3a1318f03305787d7981a5cc6e6cd08fe5a4ecdf99d4b48?s=96&d=mm&r=g","contentUrl":"https:\/\/secure.gravatar.com\/avatar\/265b27cb2209af7bb3a1318f03305787d7981a5cc6e6cd08fe5a4ecdf99d4b48?s=96&d=mm&r=g","caption":"Contenidos El Regional"},"url":"https:\/\/elregionalvm.com.ar\/noticias-villa-maria\/author\/contenido\/"}]}},"jetpack_featured_media_url":"https:\/\/i0.wp.com\/elregionalvm.com.ar\/noticias-villa-maria\/wp-content\/uploads\/2025\/09\/VME25-5-1.jpg?fit=993%2C661&ssl=1","jetpack_sharing_enabled":true,"_links":{"self":[{"href":"https:\/\/elregionalvm.com.ar\/noticias-villa-maria\/wp-json\/wp\/v2\/posts\/110325","targetHints":{"allow":["GET"]}}],"collection":[{"href":"https:\/\/elregionalvm.com.ar\/noticias-villa-maria\/wp-json\/wp\/v2\/posts"}],"about":[{"href":"https:\/\/elregionalvm.com.ar\/noticias-villa-maria\/wp-json\/wp\/v2\/types\/post"}],"author":[{"embeddable":true,"href":"https:\/\/elregionalvm.com.ar\/noticias-villa-maria\/wp-json\/wp\/v2\/users\/4"}],"replies":[{"embeddable":true,"href":"https:\/\/elregionalvm.com.ar\/noticias-villa-maria\/wp-json\/wp\/v2\/comments?post=110325"}],"version-history":[{"count":1,"href":"https:\/\/elregionalvm.com.ar\/noticias-villa-maria\/wp-json\/wp\/v2\/posts\/110325\/revisions"}],"predecessor-version":[{"id":110327,"href":"https:\/\/elregionalvm.com.ar\/noticias-villa-maria\/wp-json\/wp\/v2\/posts\/110325\/revisions\/110327"}],"wp:featuredmedia":[{"embeddable":true,"href":"https:\/\/elregionalvm.com.ar\/noticias-villa-maria\/wp-json\/wp\/v2\/media\/110326"}],"wp:attachment":[{"href":"https:\/\/elregionalvm.com.ar\/noticias-villa-maria\/wp-json\/wp\/v2\/media?parent=110325"}],"wp:term":[{"taxonomy":"category","embeddable":true,"href":"https:\/\/elregionalvm.com.ar\/noticias-villa-maria\/wp-json\/wp\/v2\/categories?post=110325"},{"taxonomy":"post_tag","embeddable":true,"href":"https:\/\/elregionalvm.com.ar\/noticias-villa-maria\/wp-json\/wp\/v2\/tags?post=110325"}],"curies":[{"name":"wp","href":"https:\/\/api.w.org\/{rel}","templated":true}]}}