{"id":110328,"date":"2025-09-25T00:58:15","date_gmt":"2025-09-25T00:58:15","guid":{"rendered":"https:\/\/elregionalvm.com.ar\/noticias-villa-maria\/?p=110328"},"modified":"2025-09-25T00:58:31","modified_gmt":"2025-09-25T00:58:31","slug":"olimpiadas-de-programacion-2025-se-encuentran-las-inscripciones-abiertas-hasta-el-28-de-septiembre","status":"publish","type":"post","link":"https:\/\/elregionalvm.com.ar\/noticias-villa-maria\/olimpiadas-de-programacion-2025-se-encuentran-las-inscripciones-abiertas-hasta-el-28-de-septiembre\/","title":{"rendered":"\u201cOlimpiadas de Programaci\u00f3n 2025\u201d: se encuentran las inscripciones abiertas hasta el 28 de septiembre"},"content":{"rendered":"\n<p>A trav\u00e9s de la Secretar\u00eda de Educaci\u00f3n invita a participar de las \u201cOlimpiadas de Programaci\u00f3n 2025\u201d, que tendr\u00e1n lugar en la sede de la Tecnoteca durante el mes de octubre.<\/p>\n\n\n\n<p>La iniciativa, dirigida a estudiantes de quinto a\u00f1o del nivel medio de instituciones p\u00fablicas o privadas, es libre y gratuita y contempla cuatro jornadas de capacitaci\u00f3n intensiva en programaci\u00f3n y pensamiento computacional.&nbsp;<\/p>\n\n\n\n<p>Al respecto, la secretaria de Educaci\u00f3n, Adela Guirardelli, coment\u00f3:&nbsp;<em>\u201cEste evento est\u00e1 pensado para poder trabajar junto a los quintos a\u00f1os de los secundarios, va a desarrollarse en cuatro instancias de capacitaci\u00f3n intensa, con una olimpiada o competencia como cierre. Los equipos van a ser de tres integrantes, con capacidad para 20, destinado tanto a las instituciones p\u00fablicas como privadas\u201d.&nbsp;<\/em><\/p>\n\n\n\n<p>En la ocasi\u00f3n, tambi\u00e9n se explic\u00f3 que la supervisi\u00f3n estar\u00e1 a cargo de profesionales del Instituto Leibnitz y de la cartera de Educaci\u00f3n local, junto a estudiantes en formaci\u00f3n profesionalizante, utilizando las aulas, computadoras y conectividad de la Tecnoteca para garantizar el correcto desarrollo del evento.<\/p>\n\n\n\n<p>Al respecto, el director del Instituto Leibnitz, Marcelo Morini, manifest\u00f3:&nbsp;<em>\u201cQueremos pensar en el futuro y descubrir talentos, y que los j\u00f3venes vean la importancia que tiene la programaci\u00f3n, pensando en que los estudiantes de nivel medio son grandes consumidores de tecnolog\u00edas, y el desaf\u00edo que tenemos es que sean productores, que generen esas tecnolog\u00edas, y para esto tenemos que formarlos sin esperar a que empiecen el nivel superior. El enfoque ser\u00e1 desde lo l\u00fadico y orientado hacia lo pr\u00e1ctico, los estudiantes tendr\u00e1n una capacitaci\u00f3n r\u00e1pida, muy acertada y enfocada en los desaf\u00edos de hoy\u201d. &nbsp;<\/em><\/p>\n\n\n\n<p>El coordinador de Educaci\u00f3n, St\u00e9fano Tiezzi, destac\u00f3 que las capacitaciones buscan acercar a los estudiantes a la programaci\u00f3n, despertar vocaciones y ofrecer una experiencia enriquecedora con premios y reconocimientos.<\/p>\n\n\n\n<p>Cabe destacar que la iniciativa surgi\u00f3 en parte del trabajo con los Centros de Estudiantes a trav\u00e9s del programa \u201cA La Par\u201d y las Coordinaciones Locales de Educaci\u00f3n (CLE y CLE Estudiantil).&nbsp;<br>Acompa\u00f1\u00f3 la presentaci\u00f3n el director de Juventudes, Lucas Accastello<\/p>\n\n\n\n<p><strong>Requisitos, inscripciones y cronograma<\/strong><\/p>\n\n\n\n<p>Para participar de las \u201cOlimpiadas de Programaci\u00f3n 2025\u201d es necesario conformar equipos de hasta tres estudiantes, con el aval de las instituciones educativas a las que asisten, e inscribirse por medio de Villa Mar\u00eda Digital (ViDi) o trav\u00e9s del siguiente enlace:&nbsp;<a href=\"https:\/\/vidi.villamaria.gob.ar\/tramite\/es-AR\/#\/form-loader\/OLIMP_PROG\">https:\/\/vidi.villamaria.gob.ar\/tramite\/es-AR\/#\/form-loader\/OLIMP_PROG<\/a>&nbsp;Tambi\u00e9n pueden acercarse a la sede de la Tecnoteca para su inscripci\u00f3n.&nbsp;<\/p>\n\n\n\n<p>S\u00f3lo se admitir\u00e1n 20 equipos, por lo que la capacidad es limitada. No se requieren conocimientos previos, y el lenguaje computacional a trabajar ser\u00e1 Phyton.&nbsp;<\/p>\n\n\n\n<p>La propuesta se desarrollar\u00e1 a lo largo de cuatro s\u00e1bados: 4, 11, 18 y 25 de octubre, para culminar el 1 de noviembre con una competencia final entre los equipos.<\/p>\n","protected":false},"excerpt":{"rendered":"<p>A trav\u00e9s de la Secretar\u00eda de Educaci\u00f3n invita a participar de las \u201cOlimpiadas de Programaci\u00f3n 2025\u201d, que tendr\u00e1n lugar en la sede de la Tecnoteca durante el mes de octubre. La iniciativa, dirigida a estudiantes de quinto a\u00f1o del nivel medio de instituciones p\u00fablicas o privadas, es libre y gratuita y contempla cuatro jornadas de [&hellip;]<\/p>\n","protected":false},"author":4,"featured_media":110329,"comment_status":"open","ping_status":"open","sticky":false,"template":"","format":"standard","meta":{"site-sidebar-layout":"default","site-content-layout":"","ast-site-content-layout":"default","site-content-style":"default","site-sidebar-style":"default","ast-global-header-display":"","ast-banner-title-visibility":"","ast-main-header-display":"","ast-hfb-above-header-display":"","ast-hfb-below-header-display":"","ast-hfb-mobile-header-display":"","site-post-title":"","ast-breadcrumbs-content":"","ast-featured-img":"","footer-sml-layout":"","ast-disable-related-posts":"","theme-transparent-header-meta":"","adv-header-id-meta":"","stick-header-meta":"","header-above-stick-meta":"","header-main-stick-meta":"","header-below-stick-meta":"","astra-migrate-meta-layouts":"set","ast-page-background-enabled":"default","ast-page-background-meta":{"desktop":{"background-color":"","background-image":"","background-repeat":"repeat","background-position":"center center","background-size":"auto","background-attachment":"scroll","background-type":"","background-media":"","overlay-type":"","overlay-color":"","overlay-opacity":"","overlay-gradient":""},"tablet":{"background-color":"","background-image":"","background-repeat":"repeat","background-position":"center center","background-size":"auto","background-attachment":"scroll","background-type":"","background-media":"","overlay-type":"","overlay-color":"","overlay-opacity":"","overlay-gradient":""},"mobile":{"background-color":"","background-image":"","background-repeat":"repeat","background-position":"center center","background-size":"auto","background-attachment":"scroll","background-type":"","background-media":"","overlay-type":"","overlay-color":"","overlay-opacity":"","overlay-gradient":""}},"ast-content-background-meta":{"desktop":{"background-color":"var(--ast-global-color-5)","background-image":"","background-repeat":"repeat","background-position":"center center","background-size":"auto","background-attachment":"scroll","background-type":"","background-media":"","overlay-type":"","overlay-color":"","overlay-opacity":"","overlay-gradient":""},"tablet":{"background-color":"var(--ast-global-color-5)","background-image":"","background-repeat":"repeat","background-position":"center center","background-size":"auto","background-attachment":"scroll","background-type":"","background-media":"","overlay-type":"","overlay-color":"","overlay-opacity":"","overlay-gradient":""},"mobile":{"background-color":"var(--ast-global-color-5)","background-image":"","background-repeat":"repeat","background-position":"center center","background-size":"auto","background-attachment":"scroll","background-type":"","background-media":"","overlay-type":"","overlay-color":"","overlay-opacity":"","overlay-gradient":""}},"_jetpack_memberships_contains_paid_content":false,"_joinchat":[],"footnotes":""},"categories":[15302,5,2],"tags":[],"class_list":["post-110328","post","type-post","status-publish","format-standard","has-post-thumbnail","hentry","category-destacado","category-sociedad","category-villa-maria"],"yoast_head":"<!-- This site is optimized with the Yoast SEO plugin v26.8 - https:\/\/yoast.com\/product\/yoast-seo-wordpress\/ -->\n<title>\u201cOlimpiadas de Programaci\u00f3n 2025\u201d: se encuentran las inscripciones abiertas hasta el 28 de septiembre - El Regional<\/title>\n<meta name=\"robots\" content=\"index, follow, max-snippet:-1, max-image-preview:large, max-video-preview:-1\" \/>\n<link rel=\"canonical\" href=\"https:\/\/elregionalvm.com.ar\/noticias-villa-maria\/olimpiadas-de-programacion-2025-se-encuentran-las-inscripciones-abiertas-hasta-el-28-de-septiembre\/\" \/>\n<meta property=\"og:locale\" content=\"es_ES\" \/>\n<meta property=\"og:type\" content=\"article\" \/>\n<meta property=\"og:title\" content=\"\u201cOlimpiadas de Programaci\u00f3n 2025\u201d: se encuentran las inscripciones abiertas hasta el 28 de septiembre - El Regional\" \/>\n<meta property=\"og:description\" content=\"A trav\u00e9s de la Secretar\u00eda de Educaci\u00f3n invita a participar de las \u201cOlimpiadas de Programaci\u00f3n 2025\u201d, que tendr\u00e1n lugar en la sede de la Tecnoteca durante el mes de octubre. La iniciativa, dirigida a estudiantes de quinto a\u00f1o del nivel medio de instituciones p\u00fablicas o privadas, es libre y gratuita y contempla cuatro jornadas de [&hellip;]\" \/>\n<meta property=\"og:url\" content=\"https:\/\/elregionalvm.com.ar\/noticias-villa-maria\/olimpiadas-de-programacion-2025-se-encuentran-las-inscripciones-abiertas-hasta-el-28-de-septiembre\/\" \/>\n<meta property=\"og:site_name\" content=\"El Regional\" \/>\n<meta property=\"article:publisher\" content=\"https:\/\/www.facebook.com\/elregionalvm\" \/>\n<meta property=\"article:published_time\" content=\"2025-09-25T00:58:15+00:00\" \/>\n<meta property=\"article:modified_time\" content=\"2025-09-25T00:58:31+00:00\" \/>\n<meta property=\"og:image\" content=\"https:\/\/elregionalvm.com.ar\/noticias-villa-maria\/wp-content\/uploads\/2025\/09\/cbdf81583f4c4c6fad434c9db027ef59.jpeg\" \/>\n\t<meta property=\"og:image:width\" content=\"800\" \/>\n\t<meta property=\"og:image:height\" content=\"600\" \/>\n\t<meta property=\"og:image:type\" content=\"image\/jpeg\" \/>\n<meta name=\"author\" content=\"Contenidos El Regional\" \/>\n<meta name=\"twitter:card\" content=\"summary_large_image\" \/>\n<meta name=\"twitter:creator\" content=\"@elregionalvm1\" \/>\n<meta name=\"twitter:site\" content=\"@elregionalvm1\" \/>\n<meta name=\"twitter:label1\" content=\"Escrito por\" \/>\n\t<meta name=\"twitter:data1\" content=\"Contenidos El Regional\" \/>\n\t<meta name=\"twitter:label2\" content=\"Tiempo de lectura\" \/>\n\t<meta name=\"twitter:data2\" content=\"3 minutos\" \/>\n<script type=\"application\/ld+json\" class=\"yoast-schema-graph\">{\"@context\":\"https:\/\/schema.org\",\"@graph\":[{\"@type\":\"Article\",\"@id\":\"https:\/\/elregionalvm.com.ar\/noticias-villa-maria\/olimpiadas-de-programacion-2025-se-encuentran-las-inscripciones-abiertas-hasta-el-28-de-septiembre\/#article\",\"isPartOf\":{\"@id\":\"https:\/\/elregionalvm.com.ar\/noticias-villa-maria\/olimpiadas-de-programacion-2025-se-encuentran-las-inscripciones-abiertas-hasta-el-28-de-septiembre\/\"},\"author\":{\"name\":\"Contenidos El Regional\",\"@id\":\"http:\/\/elregionalvm.com.ar\/noticias-villa-maria\/#\/schema\/person\/a0fb9c422317faca23d50163151bc354\"},\"headline\":\"\u201cOlimpiadas de Programaci\u00f3n 2025\u201d: se encuentran las inscripciones abiertas hasta el 28 de septiembre\",\"datePublished\":\"2025-09-25T00:58:15+00:00\",\"dateModified\":\"2025-09-25T00:58:31+00:00\",\"mainEntityOfPage\":{\"@id\":\"https:\/\/elregionalvm.com.ar\/noticias-villa-maria\/olimpiadas-de-programacion-2025-se-encuentran-las-inscripciones-abiertas-hasta-el-28-de-septiembre\/\"},\"wordCount\":512,\"commentCount\":0,\"image\":{\"@id\":\"https:\/\/elregionalvm.com.ar\/noticias-villa-maria\/olimpiadas-de-programacion-2025-se-encuentran-las-inscripciones-abiertas-hasta-el-28-de-septiembre\/#primaryimage\"},\"thumbnailUrl\":\"https:\/\/i0.wp.com\/elregionalvm.com.ar\/noticias-villa-maria\/wp-content\/uploads\/2025\/09\/cbdf81583f4c4c6fad434c9db027ef59.jpeg?fit=800%2C600&ssl=1\",\"articleSection\":[\"destacado\",\"Sociedad\",\"Villa Mar\u00eda\"],\"inLanguage\":\"es\",\"potentialAction\":[{\"@type\":\"CommentAction\",\"name\":\"Comment\",\"target\":[\"https:\/\/elregionalvm.com.ar\/noticias-villa-maria\/olimpiadas-de-programacion-2025-se-encuentran-las-inscripciones-abiertas-hasta-el-28-de-septiembre\/#respond\"]}]},{\"@type\":\"WebPage\",\"@id\":\"https:\/\/elregionalvm.com.ar\/noticias-villa-maria\/olimpiadas-de-programacion-2025-se-encuentran-las-inscripciones-abiertas-hasta-el-28-de-septiembre\/\",\"url\":\"https:\/\/elregionalvm.com.ar\/noticias-villa-maria\/olimpiadas-de-programacion-2025-se-encuentran-las-inscripciones-abiertas-hasta-el-28-de-septiembre\/\",\"name\":\"\u201cOlimpiadas de Programaci\u00f3n 2025\u201d: se encuentran las inscripciones abiertas hasta el 28 de septiembre - El Regional\",\"isPartOf\":{\"@id\":\"http:\/\/elregionalvm.com.ar\/noticias-villa-maria\/#website\"},\"primaryImageOfPage\":{\"@id\":\"https:\/\/elregionalvm.com.ar\/noticias-villa-maria\/olimpiadas-de-programacion-2025-se-encuentran-las-inscripciones-abiertas-hasta-el-28-de-septiembre\/#primaryimage\"},\"image\":{\"@id\":\"https:\/\/elregionalvm.com.ar\/noticias-villa-maria\/olimpiadas-de-programacion-2025-se-encuentran-las-inscripciones-abiertas-hasta-el-28-de-septiembre\/#primaryimage\"},\"thumbnailUrl\":\"https:\/\/i0.wp.com\/elregionalvm.com.ar\/noticias-villa-maria\/wp-content\/uploads\/2025\/09\/cbdf81583f4c4c6fad434c9db027ef59.jpeg?fit=800%2C600&ssl=1\",\"datePublished\":\"2025-09-25T00:58:15+00:00\",\"dateModified\":\"2025-09-25T00:58:31+00:00\",\"author\":{\"@id\":\"http:\/\/elregionalvm.com.ar\/noticias-villa-maria\/#\/schema\/person\/a0fb9c422317faca23d50163151bc354\"},\"breadcrumb\":{\"@id\":\"https:\/\/elregionalvm.com.ar\/noticias-villa-maria\/olimpiadas-de-programacion-2025-se-encuentran-las-inscripciones-abiertas-hasta-el-28-de-septiembre\/#breadcrumb\"},\"inLanguage\":\"es\",\"potentialAction\":[{\"@type\":\"ReadAction\",\"target\":[\"https:\/\/elregionalvm.com.ar\/noticias-villa-maria\/olimpiadas-de-programacion-2025-se-encuentran-las-inscripciones-abiertas-hasta-el-28-de-septiembre\/\"]}]},{\"@type\":\"ImageObject\",\"inLanguage\":\"es\",\"@id\":\"https:\/\/elregionalvm.com.ar\/noticias-villa-maria\/olimpiadas-de-programacion-2025-se-encuentran-las-inscripciones-abiertas-hasta-el-28-de-septiembre\/#primaryimage\",\"url\":\"https:\/\/i0.wp.com\/elregionalvm.com.ar\/noticias-villa-maria\/wp-content\/uploads\/2025\/09\/cbdf81583f4c4c6fad434c9db027ef59.jpeg?fit=800%2C600&ssl=1\",\"contentUrl\":\"https:\/\/i0.wp.com\/elregionalvm.com.ar\/noticias-villa-maria\/wp-content\/uploads\/2025\/09\/cbdf81583f4c4c6fad434c9db027ef59.jpeg?fit=800%2C600&ssl=1\",\"width\":800,\"height\":600},{\"@type\":\"BreadcrumbList\",\"@id\":\"https:\/\/elregionalvm.com.ar\/noticias-villa-maria\/olimpiadas-de-programacion-2025-se-encuentran-las-inscripciones-abiertas-hasta-el-28-de-septiembre\/#breadcrumb\",\"itemListElement\":[{\"@type\":\"ListItem\",\"position\":1,\"name\":\"Portada\",\"item\":\"https:\/\/elregionalvm.com.ar\/noticias-villa-maria\/\"},{\"@type\":\"ListItem\",\"position\":2,\"name\":\"\u201cOlimpiadas de Programaci\u00f3n 2025\u201d: se encuentran las inscripciones abiertas hasta el 28 de septiembre\"}]},{\"@type\":\"WebSite\",\"@id\":\"http:\/\/elregionalvm.com.ar\/noticias-villa-maria\/#website\",\"url\":\"http:\/\/elregionalvm.com.ar\/noticias-villa-maria\/\",\"name\":\"El Regional\",\"description\":\"Mucho m\u00e1s que informaci\u00f3n\",\"potentialAction\":[{\"@type\":\"SearchAction\",\"target\":{\"@type\":\"EntryPoint\",\"urlTemplate\":\"http:\/\/elregionalvm.com.ar\/noticias-villa-maria\/?s={search_term_string}\"},\"query-input\":{\"@type\":\"PropertyValueSpecification\",\"valueRequired\":true,\"valueName\":\"search_term_string\"}}],\"inLanguage\":\"es\"},{\"@type\":\"Person\",\"@id\":\"http:\/\/elregionalvm.com.ar\/noticias-villa-maria\/#\/schema\/person\/a0fb9c422317faca23d50163151bc354\",\"name\":\"Contenidos El Regional\",\"image\":{\"@type\":\"ImageObject\",\"inLanguage\":\"es\",\"@id\":\"http:\/\/elregionalvm.com.ar\/noticias-villa-maria\/#\/schema\/person\/image\/\",\"url\":\"https:\/\/secure.gravatar.com\/avatar\/265b27cb2209af7bb3a1318f03305787d7981a5cc6e6cd08fe5a4ecdf99d4b48?s=96&d=mm&r=g\",\"contentUrl\":\"https:\/\/secure.gravatar.com\/avatar\/265b27cb2209af7bb3a1318f03305787d7981a5cc6e6cd08fe5a4ecdf99d4b48?s=96&d=mm&r=g\",\"caption\":\"Contenidos El Regional\"},\"url\":\"https:\/\/elregionalvm.com.ar\/noticias-villa-maria\/author\/contenido\/\"}]}<\/script>\n<!-- \/ Yoast SEO plugin. -->","yoast_head_json":{"title":"\u201cOlimpiadas de Programaci\u00f3n 2025\u201d: se encuentran las inscripciones abiertas hasta el 28 de septiembre - El Regional","robots":{"index":"index","follow":"follow","max-snippet":"max-snippet:-1","max-image-preview":"max-image-preview:large","max-video-preview":"max-video-preview:-1"},"canonical":"https:\/\/elregionalvm.com.ar\/noticias-villa-maria\/olimpiadas-de-programacion-2025-se-encuentran-las-inscripciones-abiertas-hasta-el-28-de-septiembre\/","og_locale":"es_ES","og_type":"article","og_title":"\u201cOlimpiadas de Programaci\u00f3n 2025\u201d: se encuentran las inscripciones abiertas hasta el 28 de septiembre - El Regional","og_description":"A trav\u00e9s de la Secretar\u00eda de Educaci\u00f3n invita a participar de las \u201cOlimpiadas de Programaci\u00f3n 2025\u201d, que tendr\u00e1n lugar en la sede de la Tecnoteca durante el mes de octubre. La iniciativa, dirigida a estudiantes de quinto a\u00f1o del nivel medio de instituciones p\u00fablicas o privadas, es libre y gratuita y contempla cuatro jornadas de [&hellip;]","og_url":"https:\/\/elregionalvm.com.ar\/noticias-villa-maria\/olimpiadas-de-programacion-2025-se-encuentran-las-inscripciones-abiertas-hasta-el-28-de-septiembre\/","og_site_name":"El Regional","article_publisher":"https:\/\/www.facebook.com\/elregionalvm","article_published_time":"2025-09-25T00:58:15+00:00","article_modified_time":"2025-09-25T00:58:31+00:00","og_image":[{"width":800,"height":600,"url":"https:\/\/elregionalvm.com.ar\/noticias-villa-maria\/wp-content\/uploads\/2025\/09\/cbdf81583f4c4c6fad434c9db027ef59.jpeg","type":"image\/jpeg"}],"author":"Contenidos El Regional","twitter_card":"summary_large_image","twitter_creator":"@elregionalvm1","twitter_site":"@elregionalvm1","twitter_misc":{"Escrito por":"Contenidos El Regional","Tiempo de lectura":"3 minutos"},"schema":{"@context":"https:\/\/schema.org","@graph":[{"@type":"Article","@id":"https:\/\/elregionalvm.com.ar\/noticias-villa-maria\/olimpiadas-de-programacion-2025-se-encuentran-las-inscripciones-abiertas-hasta-el-28-de-septiembre\/#article","isPartOf":{"@id":"https:\/\/elregionalvm.com.ar\/noticias-villa-maria\/olimpiadas-de-programacion-2025-se-encuentran-las-inscripciones-abiertas-hasta-el-28-de-septiembre\/"},"author":{"name":"Contenidos El Regional","@id":"http:\/\/elregionalvm.com.ar\/noticias-villa-maria\/#\/schema\/person\/a0fb9c422317faca23d50163151bc354"},"headline":"\u201cOlimpiadas de Programaci\u00f3n 2025\u201d: se encuentran las inscripciones abiertas hasta el 28 de septiembre","datePublished":"2025-09-25T00:58:15+00:00","dateModified":"2025-09-25T00:58:31+00:00","mainEntityOfPage":{"@id":"https:\/\/elregionalvm.com.ar\/noticias-villa-maria\/olimpiadas-de-programacion-2025-se-encuentran-las-inscripciones-abiertas-hasta-el-28-de-septiembre\/"},"wordCount":512,"commentCount":0,"image":{"@id":"https:\/\/elregionalvm.com.ar\/noticias-villa-maria\/olimpiadas-de-programacion-2025-se-encuentran-las-inscripciones-abiertas-hasta-el-28-de-septiembre\/#primaryimage"},"thumbnailUrl":"https:\/\/i0.wp.com\/elregionalvm.com.ar\/noticias-villa-maria\/wp-content\/uploads\/2025\/09\/cbdf81583f4c4c6fad434c9db027ef59.jpeg?fit=800%2C600&ssl=1","articleSection":["destacado","Sociedad","Villa Mar\u00eda"],"inLanguage":"es","potentialAction":[{"@type":"CommentAction","name":"Comment","target":["https:\/\/elregionalvm.com.ar\/noticias-villa-maria\/olimpiadas-de-programacion-2025-se-encuentran-las-inscripciones-abiertas-hasta-el-28-de-septiembre\/#respond"]}]},{"@type":"WebPage","@id":"https:\/\/elregionalvm.com.ar\/noticias-villa-maria\/olimpiadas-de-programacion-2025-se-encuentran-las-inscripciones-abiertas-hasta-el-28-de-septiembre\/","url":"https:\/\/elregionalvm.com.ar\/noticias-villa-maria\/olimpiadas-de-programacion-2025-se-encuentran-las-inscripciones-abiertas-hasta-el-28-de-septiembre\/","name":"\u201cOlimpiadas de Programaci\u00f3n 2025\u201d: se encuentran las inscripciones abiertas hasta el 28 de septiembre - El Regional","isPartOf":{"@id":"http:\/\/elregionalvm.com.ar\/noticias-villa-maria\/#website"},"primaryImageOfPage":{"@id":"https:\/\/elregionalvm.com.ar\/noticias-villa-maria\/olimpiadas-de-programacion-2025-se-encuentran-las-inscripciones-abiertas-hasta-el-28-de-septiembre\/#primaryimage"},"image":{"@id":"https:\/\/elregionalvm.com.ar\/noticias-villa-maria\/olimpiadas-de-programacion-2025-se-encuentran-las-inscripciones-abiertas-hasta-el-28-de-septiembre\/#primaryimage"},"thumbnailUrl":"https:\/\/i0.wp.com\/elregionalvm.com.ar\/noticias-villa-maria\/wp-content\/uploads\/2025\/09\/cbdf81583f4c4c6fad434c9db027ef59.jpeg?fit=800%2C600&ssl=1","datePublished":"2025-09-25T00:58:15+00:00","dateModified":"2025-09-25T00:58:31+00:00","author":{"@id":"http:\/\/elregionalvm.com.ar\/noticias-villa-maria\/#\/schema\/person\/a0fb9c422317faca23d50163151bc354"},"breadcrumb":{"@id":"https:\/\/elregionalvm.com.ar\/noticias-villa-maria\/olimpiadas-de-programacion-2025-se-encuentran-las-inscripciones-abiertas-hasta-el-28-de-septiembre\/#breadcrumb"},"inLanguage":"es","potentialAction":[{"@type":"ReadAction","target":["https:\/\/elregionalvm.com.ar\/noticias-villa-maria\/olimpiadas-de-programacion-2025-se-encuentran-las-inscripciones-abiertas-hasta-el-28-de-septiembre\/"]}]},{"@type":"ImageObject","inLanguage":"es","@id":"https:\/\/elregionalvm.com.ar\/noticias-villa-maria\/olimpiadas-de-programacion-2025-se-encuentran-las-inscripciones-abiertas-hasta-el-28-de-septiembre\/#primaryimage","url":"https:\/\/i0.wp.com\/elregionalvm.com.ar\/noticias-villa-maria\/wp-content\/uploads\/2025\/09\/cbdf81583f4c4c6fad434c9db027ef59.jpeg?fit=800%2C600&ssl=1","contentUrl":"https:\/\/i0.wp.com\/elregionalvm.com.ar\/noticias-villa-maria\/wp-content\/uploads\/2025\/09\/cbdf81583f4c4c6fad434c9db027ef59.jpeg?fit=800%2C600&ssl=1","width":800,"height":600},{"@type":"BreadcrumbList","@id":"https:\/\/elregionalvm.com.ar\/noticias-villa-maria\/olimpiadas-de-programacion-2025-se-encuentran-las-inscripciones-abiertas-hasta-el-28-de-septiembre\/#breadcrumb","itemListElement":[{"@type":"ListItem","position":1,"name":"Portada","item":"https:\/\/elregionalvm.com.ar\/noticias-villa-maria\/"},{"@type":"ListItem","position":2,"name":"\u201cOlimpiadas de Programaci\u00f3n 2025\u201d: se encuentran las inscripciones abiertas hasta el 28 de septiembre"}]},{"@type":"WebSite","@id":"http:\/\/elregionalvm.com.ar\/noticias-villa-maria\/#website","url":"http:\/\/elregionalvm.com.ar\/noticias-villa-maria\/","name":"El Regional","description":"Mucho m\u00e1s que informaci\u00f3n","potentialAction":[{"@type":"SearchAction","target":{"@type":"EntryPoint","urlTemplate":"http:\/\/elregionalvm.com.ar\/noticias-villa-maria\/?s={search_term_string}"},"query-input":{"@type":"PropertyValueSpecification","valueRequired":true,"valueName":"search_term_string"}}],"inLanguage":"es"},{"@type":"Person","@id":"http:\/\/elregionalvm.com.ar\/noticias-villa-maria\/#\/schema\/person\/a0fb9c422317faca23d50163151bc354","name":"Contenidos El Regional","image":{"@type":"ImageObject","inLanguage":"es","@id":"http:\/\/elregionalvm.com.ar\/noticias-villa-maria\/#\/schema\/person\/image\/","url":"https:\/\/secure.gravatar.com\/avatar\/265b27cb2209af7bb3a1318f03305787d7981a5cc6e6cd08fe5a4ecdf99d4b48?s=96&d=mm&r=g","contentUrl":"https:\/\/secure.gravatar.com\/avatar\/265b27cb2209af7bb3a1318f03305787d7981a5cc6e6cd08fe5a4ecdf99d4b48?s=96&d=mm&r=g","caption":"Contenidos El Regional"},"url":"https:\/\/elregionalvm.com.ar\/noticias-villa-maria\/author\/contenido\/"}]}},"jetpack_featured_media_url":"https:\/\/i0.wp.com\/elregionalvm.com.ar\/noticias-villa-maria\/wp-content\/uploads\/2025\/09\/cbdf81583f4c4c6fad434c9db027ef59.jpeg?fit=800%2C600&ssl=1","jetpack_sharing_enabled":true,"_links":{"self":[{"href":"https:\/\/elregionalvm.com.ar\/noticias-villa-maria\/wp-json\/wp\/v2\/posts\/110328","targetHints":{"allow":["GET"]}}],"collection":[{"href":"https:\/\/elregionalvm.com.ar\/noticias-villa-maria\/wp-json\/wp\/v2\/posts"}],"about":[{"href":"https:\/\/elregionalvm.com.ar\/noticias-villa-maria\/wp-json\/wp\/v2\/types\/post"}],"author":[{"embeddable":true,"href":"https:\/\/elregionalvm.com.ar\/noticias-villa-maria\/wp-json\/wp\/v2\/users\/4"}],"replies":[{"embeddable":true,"href":"https:\/\/elregionalvm.com.ar\/noticias-villa-maria\/wp-json\/wp\/v2\/comments?post=110328"}],"version-history":[{"count":1,"href":"https:\/\/elregionalvm.com.ar\/noticias-villa-maria\/wp-json\/wp\/v2\/posts\/110328\/revisions"}],"predecessor-version":[{"id":110330,"href":"https:\/\/elregionalvm.com.ar\/noticias-villa-maria\/wp-json\/wp\/v2\/posts\/110328\/revisions\/110330"}],"wp:featuredmedia":[{"embeddable":true,"href":"https:\/\/elregionalvm.com.ar\/noticias-villa-maria\/wp-json\/wp\/v2\/media\/110329"}],"wp:attachment":[{"href":"https:\/\/elregionalvm.com.ar\/noticias-villa-maria\/wp-json\/wp\/v2\/media?parent=110328"}],"wp:term":[{"taxonomy":"category","embeddable":true,"href":"https:\/\/elregionalvm.com.ar\/noticias-villa-maria\/wp-json\/wp\/v2\/categories?post=110328"},{"taxonomy":"post_tag","embeddable":true,"href":"https:\/\/elregionalvm.com.ar\/noticias-villa-maria\/wp-json\/wp\/v2\/tags?post=110328"}],"curies":[{"name":"wp","href":"https:\/\/api.w.org\/{rel}","templated":true}]}}