{"id":110366,"date":"2025-09-26T17:52:54","date_gmt":"2025-09-26T17:52:54","guid":{"rendered":"https:\/\/elregionalvm.com.ar\/noticias-villa-maria\/?p=110366"},"modified":"2025-10-02T03:03:01","modified_gmt":"2025-10-02T03:03:01","slug":"historias-de-las-sierras-cordobesas-al-helado-fin-del-mundo-lorena-gonzalez-la-primera-mujer-en-liderar-la-base-marambio","status":"publish","type":"post","link":"https:\/\/elregionalvm.com.ar\/noticias-villa-maria\/historias-de-las-sierras-cordobesas-al-helado-fin-del-mundo-lorena-gonzalez-la-primera-mujer-en-liderar-la-base-marambio\/","title":{"rendered":"[Historias] De las sierras cordobesas al helado fin del mundo: Lorena Gonz\u00e1lez, la primera mujer en liderar la Base Marambio"},"content":{"rendered":"\n<h3 class=\"wp-block-heading\"><strong>Oriunda de Cosqu\u00edn (C\u00f3rdoba) la Teniente de Nav\u00edo Lorena Alejandra Gonz\u00e1lez cumple con el desaf\u00edo de ser la primera mujer de la Armada Argentina en desempe\u00f1arse como Segundo Jefe de una base ant\u00e1rtica, la Base Ant\u00e1rtica Conjunta (BAC) Marambio. Habla de la comisi\u00f3n, su funci\u00f3n, la rutina de vivir en los confines del planeta y el recuerdo de su ciudad natal.<\/strong><\/h3>\n\n\n\n<p><\/p>\n\n\n\n<p>Desde hace m\u00e1s de nueve meses, la Teniente de Nav\u00edo Lorena Alejandra Gonz\u00e1lez vive y trabaja en la Ant\u00e1rtida, donde el liderazgo, la responsabilidad y la camarader\u00eda son los pilares esenciales para enfrentar los desaf\u00edos que se presentan en uno de los ambientes m\u00e1s hostiles del planeta.<\/p>\n\n\n\n<p>El continente blanco impone sus propias reglas. Los vientos g\u00e9lidos y el aislamiento ense\u00f1an una lecci\u00f3n fundamental: la supervivencia no depende de la dominaci\u00f3n, sino de la humildad.<\/p>\n\n\n\n<p>La cooperaci\u00f3n y el \u00e9xito de la misi\u00f3n depende de la capacidad de adaptarse a un entorno dif\u00edcil. La meteorolog\u00eda dicta la rutina diaria, y cada decisi\u00f3n que se toma debe ser analizada cuidadosamente para minimizar riesgos.<\/p>\n\n\n\n<p>En este escenario, la Teniente de Nav\u00edo Gonz\u00e1lez asumi\u00f3 un desaf\u00edo hist\u00f3rico: convertirse en la primera mujer de la Armada Argentina en ocupar el cargo de Segundo Jefe de Base en Marambio.<\/p>\n\n\n\n<p><\/p>\n\n\n\n<figure class=\"wp-block-image size-large\"><img data-recalc-dims=\"1\" fetchpriority=\"high\" decoding=\"async\" width=\"1024\" height=\"603\" src=\"https:\/\/i0.wp.com\/elregionalvm.com.ar\/noticias-villa-maria\/wp-content\/uploads\/2025\/09\/MA_TN-Gonzalez-Base-Marambio-Cordoba_07.jpg?resize=1024%2C603&#038;ssl=1\" alt=\"\" class=\"wp-image-110374\" srcset=\"https:\/\/i0.wp.com\/elregionalvm.com.ar\/noticias-villa-maria\/wp-content\/uploads\/2025\/09\/MA_TN-Gonzalez-Base-Marambio-Cordoba_07.jpg?resize=1024%2C603&amp;ssl=1 1024w, https:\/\/i0.wp.com\/elregionalvm.com.ar\/noticias-villa-maria\/wp-content\/uploads\/2025\/09\/MA_TN-Gonzalez-Base-Marambio-Cordoba_07.jpg?resize=300%2C177&amp;ssl=1 300w, https:\/\/i0.wp.com\/elregionalvm.com.ar\/noticias-villa-maria\/wp-content\/uploads\/2025\/09\/MA_TN-Gonzalez-Base-Marambio-Cordoba_07.jpg?resize=768%2C452&amp;ssl=1 768w, https:\/\/i0.wp.com\/elregionalvm.com.ar\/noticias-villa-maria\/wp-content\/uploads\/2025\/09\/MA_TN-Gonzalez-Base-Marambio-Cordoba_07.jpg?resize=1536%2C904&amp;ssl=1 1536w, https:\/\/i0.wp.com\/elregionalvm.com.ar\/noticias-villa-maria\/wp-content\/uploads\/2025\/09\/MA_TN-Gonzalez-Base-Marambio-Cordoba_07.jpg?w=1920&amp;ssl=1 1920w\" sizes=\"(max-width: 1000px) 100vw, 1000px\" \/><\/figure>\n\n\n\n<p><\/p>\n\n\n\n<p>\u201cLos primeros d\u00edas no fueron f\u00e1ciles. A poco de llegar, un brote de salmonela afect\u00f3 a gran parte de la dotaci\u00f3n. Fue un momento exigente y cr\u00edtico: hubo que redoblar esfuerzos, cuidados y reorganizar tareas para que todo siguiera funcionando normalmente\u201d, recuerda.<\/p>\n\n\n\n<p>Lorena Gonz\u00e1lez naci\u00f3 el 9 de enero de 1987 en la ciudad cordobesa de Cosqu\u00edn, conocida como la Capital Nacional del Folklore. En el barrio La Toma transcurri\u00f3 casi toda su infancia y adolescencia, hasta que en el 2007 ingres\u00f3 a la Armada Argentina.<\/p>\n\n\n\n<p>Un grupo de j\u00f3venes cadetes navales brindaron una exposici\u00f3n en su escuela secundaria, el IPEM N\u00ba 157 \u201cPresidente Sarmiento\u201d y lograron motivar a Lorena con sus prolijos uniformes y sus palabras acerca del estilo de vida naval y sus desaf\u00edos.<\/p>\n\n\n\n<p>Tras egresar en el 2011 de la Escuela Naval Militar, como Guardiamarina del Cuerpo Comando Escalaf\u00f3n Naval, se especializ\u00f3 en Comunicaciones Navales en 2014. Hoy destaca que lo que m\u00e1s valora de la Armada Argentina es su multiplicidad, ya que es una Fuerza que combina aspectos a\u00e9reos, terrestres y navales, adem\u00e1s de brindar la posibilidad de navegar en distintas unidades, conocer diferentes culturas; aspectos que enriquecieron su formaci\u00f3n profesional y personal.<\/p>\n\n\n\n<p><\/p>\n\n\n\n<figure class=\"wp-block-image size-large\"><img data-recalc-dims=\"1\" decoding=\"async\" width=\"1024\" height=\"603\" src=\"https:\/\/i0.wp.com\/elregionalvm.com.ar\/noticias-villa-maria\/wp-content\/uploads\/2025\/09\/MA_TN-Gonzalez-Base-Marambio-Cordoba_02.jpg?resize=1024%2C603&#038;ssl=1\" alt=\"\" class=\"wp-image-110372\" srcset=\"https:\/\/i0.wp.com\/elregionalvm.com.ar\/noticias-villa-maria\/wp-content\/uploads\/2025\/09\/MA_TN-Gonzalez-Base-Marambio-Cordoba_02.jpg?resize=1024%2C603&amp;ssl=1 1024w, https:\/\/i0.wp.com\/elregionalvm.com.ar\/noticias-villa-maria\/wp-content\/uploads\/2025\/09\/MA_TN-Gonzalez-Base-Marambio-Cordoba_02.jpg?resize=300%2C177&amp;ssl=1 300w, https:\/\/i0.wp.com\/elregionalvm.com.ar\/noticias-villa-maria\/wp-content\/uploads\/2025\/09\/MA_TN-Gonzalez-Base-Marambio-Cordoba_02.jpg?resize=768%2C452&amp;ssl=1 768w, https:\/\/i0.wp.com\/elregionalvm.com.ar\/noticias-villa-maria\/wp-content\/uploads\/2025\/09\/MA_TN-Gonzalez-Base-Marambio-Cordoba_02.jpg?resize=1536%2C904&amp;ssl=1 1536w, https:\/\/i0.wp.com\/elregionalvm.com.ar\/noticias-villa-maria\/wp-content\/uploads\/2025\/09\/MA_TN-Gonzalez-Base-Marambio-Cordoba_02.jpg?w=1920&amp;ssl=1 1920w\" sizes=\"(max-width: 1000px) 100vw, 1000px\" \/><\/figure>\n\n\n\n<p><\/p>\n\n\n\n<p><strong>Su hogar en el Valle de Punilla<\/strong><\/p>\n\n\n\n<p>De su ciudad natal -famosa por el r\u00edo Cosqu\u00edn y el festival que congrega a grandes figuras del cantar folkl\u00f3rico argentino- recuerda las comidas, sobre todo los asados compartidos en familia y las empanadas de su mam\u00e1. Lorena es la segunda de seis hermanos: Jes\u00fas Pablo, Nahuel, Ayel\u00e9n, Diego y Claudio. Y cada vez que el servicio se lo permite, regresa a su casa.<\/p>\n\n\n\n<p>Sus hermanos mayores, que formaron sus familias, residen actualmente en C\u00f3rdoba; mientras que dos de los menores siguieron sus pasos y pertenecen a la Instituci\u00f3n: \u201cCompartimos la misma vocaci\u00f3n de servicio. Diego es Cabo Primero y Claudio es Guardiamarina, ambos est\u00e1n destinados en la Base Naval Puerto Belgrano, al sur de la provincia de Buenos Aires\u201d, detalla.<\/p>\n\n\n\n<p>En sus tiempos libres disfruta realizar deportes al aire libre y viajar. Ahora que se encuentra en los confines del mundo, busca actividades recreativas para mantener su bienestar mental y f\u00edsico y el del resto de la dotaci\u00f3n.<\/p>\n\n\n\n<p><\/p>\n\n\n\n<figure class=\"wp-block-image size-large\"><img data-recalc-dims=\"1\" decoding=\"async\" width=\"1024\" height=\"603\" src=\"https:\/\/i0.wp.com\/elregionalvm.com.ar\/noticias-villa-maria\/wp-content\/uploads\/2025\/09\/MA_TN-Gonzalez-Base-Marambio-Cordoba_06.jpg?resize=1024%2C603&#038;ssl=1\" alt=\"\" class=\"wp-image-110370\" srcset=\"https:\/\/i0.wp.com\/elregionalvm.com.ar\/noticias-villa-maria\/wp-content\/uploads\/2025\/09\/MA_TN-Gonzalez-Base-Marambio-Cordoba_06.jpg?resize=1024%2C603&amp;ssl=1 1024w, https:\/\/i0.wp.com\/elregionalvm.com.ar\/noticias-villa-maria\/wp-content\/uploads\/2025\/09\/MA_TN-Gonzalez-Base-Marambio-Cordoba_06.jpg?resize=300%2C177&amp;ssl=1 300w, https:\/\/i0.wp.com\/elregionalvm.com.ar\/noticias-villa-maria\/wp-content\/uploads\/2025\/09\/MA_TN-Gonzalez-Base-Marambio-Cordoba_06.jpg?resize=768%2C452&amp;ssl=1 768w, https:\/\/i0.wp.com\/elregionalvm.com.ar\/noticias-villa-maria\/wp-content\/uploads\/2025\/09\/MA_TN-Gonzalez-Base-Marambio-Cordoba_06.jpg?resize=1536%2C904&amp;ssl=1 1536w, https:\/\/i0.wp.com\/elregionalvm.com.ar\/noticias-villa-maria\/wp-content\/uploads\/2025\/09\/MA_TN-Gonzalez-Base-Marambio-Cordoba_06.jpg?w=1920&amp;ssl=1 1920w\" sizes=\"(max-width: 1000px) 100vw, 1000px\" \/><\/figure>\n\n\n\n<p><\/p>\n\n\n\n<p>En \u00e9pocas estivales, donde el clima es m\u00e1s benigno, se realizan en Marambio paseos y caminatas guiadas a lugares cercanos de inter\u00e9s o puntos panor\u00e1micos en la isla. Mientras que durante el largo y oscuro per\u00edodo invernal el gimnasio es la herramienta fundamental.<\/p>\n\n\n\n<p><strong>Liderazgo y misi\u00f3n en los confines del mundo<\/strong><\/p>\n\n\n\n<p>Fundada en 1969, BAC Marambio se erige sobre una meseta de 200 metros sobre el nivel del mar y es una de las principales plataformas log\u00edsticas del pa\u00eds en la Ant\u00e1rtida.<\/p>\n\n\n\n<p>All\u00ed conviven 77 almas, entre personal cient\u00edfico y t\u00e9cnico de la Direcci\u00f3n Nacional del Ant\u00e1rtico (DNA); meteor\u00f3logos y observadores meteorol\u00f3gicos del Servicio Meteorol\u00f3gico Nacional (SMN); y una dotaci\u00f3n militar conjunta de las tres Fuerzas Armadas Argentinas; principalmente el Escuadr\u00f3n Aerom\u00f3vil 1\/7 Sk\u00faa de la Fuerza A\u00e9rea, por la predominante actividad a\u00e9rea de la base.<\/p>\n\n\n\n<p>Como Segundo Jefe de Base, la teniente Gonz\u00e1lez es responsable de la administraci\u00f3n del personal, control operacional y log\u00edstica, adem\u00e1s de la seguridad y prevenci\u00f3n de accidentes. La funci\u00f3n del cargo es asegurar que Marambio pueda seguir operando si el Jefe de Base no est\u00e1 disponible.<\/p>\n\n\n\n<p>La jornada comienza con una reuni\u00f3n de coordinaci\u00f3n junto a los encargados de cada dependencia, donde se planifican las tareas diarias que dependen de las condiciones meteorol\u00f3gicas, ya que las temperaturas pueden descender hasta los -45\u00b0C y la exposici\u00f3n exterior muy limitada.<\/p>\n\n\n\n<p>\u201cLa base es como una peque\u00f1a ciudad donde todos estamos las 24 horas juntos. Convivir y ser jefe en la Ant\u00e1rtida demanda un liderazgo que exige, no s\u00f3lo dar \u00f3rdenes, sino paciencia, flexibilidad y empat\u00eda\u201d, destaca.<\/p>\n\n\n\n<p>\u201cVivimos aislados por largos per\u00edodos, con desaf\u00edos constantes que van desde el clima extremo hasta el mantenimiento de la moral. Hay que aprender a escuchar y dar una pronta soluci\u00f3n a los problemas. El rol del l\u00edder muchas veces se transforma en un punto de apoyo, un confidente y consejero para el personal\u201d, explica.<\/p>\n\n\n\n<p>Cuando le notificaron que era la primera mujer naval en ocupar este cargo, signific\u00f3 para ella un orgullo y privilegio, adem\u00e1s de una gran sorpresa: \u201cAunque la Ant\u00e1rtida no distingue g\u00e9neros; lo que cuenta es la capacidad, la preparaci\u00f3n y el compromiso. Haber llegado a este puesto es una responsabilidad y una oportunidad para abrir camino\u201d, afirma.<\/p>\n\n\n\n<p><\/p>\n\n\n\n<figure class=\"wp-block-image size-large\"><img data-recalc-dims=\"1\" loading=\"lazy\" decoding=\"async\" width=\"1024\" height=\"603\" src=\"https:\/\/i0.wp.com\/elregionalvm.com.ar\/noticias-villa-maria\/wp-content\/uploads\/2025\/09\/MA_TN-Gonzalez-Base-Marambio-Cordoba_04.jpg?resize=1024%2C603&#038;ssl=1\" alt=\"\" class=\"wp-image-110373\" srcset=\"https:\/\/i0.wp.com\/elregionalvm.com.ar\/noticias-villa-maria\/wp-content\/uploads\/2025\/09\/MA_TN-Gonzalez-Base-Marambio-Cordoba_04.jpg?resize=1024%2C603&amp;ssl=1 1024w, https:\/\/i0.wp.com\/elregionalvm.com.ar\/noticias-villa-maria\/wp-content\/uploads\/2025\/09\/MA_TN-Gonzalez-Base-Marambio-Cordoba_04.jpg?resize=300%2C177&amp;ssl=1 300w, https:\/\/i0.wp.com\/elregionalvm.com.ar\/noticias-villa-maria\/wp-content\/uploads\/2025\/09\/MA_TN-Gonzalez-Base-Marambio-Cordoba_04.jpg?resize=768%2C452&amp;ssl=1 768w, https:\/\/i0.wp.com\/elregionalvm.com.ar\/noticias-villa-maria\/wp-content\/uploads\/2025\/09\/MA_TN-Gonzalez-Base-Marambio-Cordoba_04.jpg?resize=1536%2C904&amp;ssl=1 1536w, https:\/\/i0.wp.com\/elregionalvm.com.ar\/noticias-villa-maria\/wp-content\/uploads\/2025\/09\/MA_TN-Gonzalez-Base-Marambio-Cordoba_04.jpg?w=1920&amp;ssl=1 1920w\" sizes=\"(max-width: 1000px) 100vw, 1000px\" \/><\/figure>\n\n\n\n<p><\/p>\n\n\n\n<p>El crecimiento de la presencia femenina en las campa\u00f1as ant\u00e1rticas ha sido notorio en las \u00faltimas d\u00e9cadas, aunque los roles de conducci\u00f3n contin\u00faan siendo terreno en expansi\u00f3n, su designaci\u00f3n marca un hito hist\u00f3rico y se transforma en una referente para las nuevas generaciones de oficiales.<\/p>\n\n\n\n<p>\u201cCumplir una funci\u00f3n en la Ant\u00e1rtida, es como estar en una escuela de liderazgo. Cada d\u00eda en la Base Marambio es una demostraci\u00f3n de trabajo en equipo, superaci\u00f3n y compromiso inquebrantable con la misi\u00f3n de defender nuestra soberan\u00eda y apoyar la investigaci\u00f3n cient\u00edfica\u201d, asegura.<\/p>\n\n\n\n<p>Su formaci\u00f3n militar en la Armada Argentina le ha proporcionado las herramientas esenciales para enfrentar los desaf\u00edos de un entorno tan extremo y subraya que el mayor desaf\u00edo de su misi\u00f3n es garantizar que toda la dotaci\u00f3n regrese sana y salva al continente: \u201cLa seguridad es la prioridad absoluta: cada salida requiere equipos de protecci\u00f3n, precauci\u00f3n extrema y paciencia\u201d.<\/p>\n\n\n\n<p>Lorena Gonz\u00e1lez concluye animando a los j\u00f3venes a elegir un camino distinto y no temer al desaf\u00edo: \u201cAn\u00edmense a so\u00f1ar y a descubrir nuevos horizontes; la capacidad y la aptitud est\u00e1n en cada uno, solo hay que atreverse\u201d.<\/p>\n\n\n\n<p><\/p>\n\n\n\n<p><\/p>\n\n\n\n<ul class=\"wp-block-list\">\n<li><em>Texto enviado por la Lic. Mar\u00eda Silvina Rosas, desde \u00abMar Adentro\u00bb, Gaceta Marinera Armada Argentina<\/em><\/li>\n<\/ul>\n\n\n\n<p><\/p>\n","protected":false},"excerpt":{"rendered":"<p>Oriunda de Cosqu\u00edn (C\u00f3rdoba) la Teniente de Nav\u00edo Lorena Alejandra Gonz\u00e1lez cumple con el desaf\u00edo de ser la primera mujer de la Armada Argentina en desempe\u00f1arse como Segundo Jefe de una base ant\u00e1rtica, la Base Ant\u00e1rtica Conjunta (BAC) Marambio. Habla de la comisi\u00f3n, su funci\u00f3n, la rutina de vivir en los confines del planeta y [&hellip;]<\/p>\n","protected":false},"author":4,"featured_media":110371,"comment_status":"open","ping_status":"open","sticky":false,"template":"","format":"standard","meta":{"site-sidebar-layout":"default","site-content-layout":"","ast-site-content-layout":"default","site-content-style":"default","site-sidebar-style":"default","ast-global-header-display":"","ast-banner-title-visibility":"","ast-main-header-display":"","ast-hfb-above-header-display":"","ast-hfb-below-header-display":"","ast-hfb-mobile-header-display":"","site-post-title":"","ast-breadcrumbs-content":"","ast-featured-img":"","footer-sml-layout":"","ast-disable-related-posts":"","theme-transparent-header-meta":"","adv-header-id-meta":"","stick-header-meta":"","header-above-stick-meta":"","header-main-stick-meta":"","header-below-stick-meta":"","astra-migrate-meta-layouts":"set","ast-page-background-enabled":"default","ast-page-background-meta":{"desktop":{"background-color":"","background-image":"","background-repeat":"repeat","background-position":"center center","background-size":"auto","background-attachment":"scroll","background-type":"","background-media":"","overlay-type":"","overlay-color":"","overlay-opacity":"","overlay-gradient":""},"tablet":{"background-color":"","background-image":"","background-repeat":"repeat","background-position":"center center","background-size":"auto","background-attachment":"scroll","background-type":"","background-media":"","overlay-type":"","overlay-color":"","overlay-opacity":"","overlay-gradient":""},"mobile":{"background-color":"","background-image":"","background-repeat":"repeat","background-position":"center center","background-size":"auto","background-attachment":"scroll","background-type":"","background-media":"","overlay-type":"","overlay-color":"","overlay-opacity":"","overlay-gradient":""}},"ast-content-background-meta":{"desktop":{"background-color":"var(--ast-global-color-5)","background-image":"","background-repeat":"repeat","background-position":"center center","background-size":"auto","background-attachment":"scroll","background-type":"","background-media":"","overlay-type":"","overlay-color":"","overlay-opacity":"","overlay-gradient":""},"tablet":{"background-color":"var(--ast-global-color-5)","background-image":"","background-repeat":"repeat","background-position":"center center","background-size":"auto","background-attachment":"scroll","background-type":"","background-media":"","overlay-type":"","overlay-color":"","overlay-opacity":"","overlay-gradient":""},"mobile":{"background-color":"var(--ast-global-color-5)","background-image":"","background-repeat":"repeat","background-position":"center center","background-size":"auto","background-attachment":"scroll","background-type":"","background-media":"","overlay-type":"","overlay-color":"","overlay-opacity":"","overlay-gradient":""}},"_jetpack_memberships_contains_paid_content":false,"_joinchat":[],"footnotes":""},"categories":[2098,3557],"tags":[7118,18630,25200,25198,25199,26,23892,2069],"class_list":["post-110366","post","type-post","status-publish","format-standard","has-post-thumbnail","hentry","category-historias","category-tercera","tag-antartida","tag-armada-argentina","tag-base-antartica","tag-base-marambio","tag-lorena-gonzalez","tag-mujer","tag-pionera","tag-principal"],"yoast_head":"<!-- This site is optimized with the Yoast SEO plugin v26.8 - https:\/\/yoast.com\/product\/yoast-seo-wordpress\/ -->\n<title>[Historias] De las sierras cordobesas al helado fin del mundo: Lorena Gonz\u00e1lez, la primera mujer en liderar la Base Marambio - El Regional<\/title>\n<meta name=\"robots\" content=\"index, follow, max-snippet:-1, max-image-preview:large, max-video-preview:-1\" \/>\n<link rel=\"canonical\" href=\"https:\/\/elregionalvm.com.ar\/noticias-villa-maria\/historias-de-las-sierras-cordobesas-al-helado-fin-del-mundo-lorena-gonzalez-la-primera-mujer-en-liderar-la-base-marambio\/\" \/>\n<meta property=\"og:locale\" content=\"es_ES\" \/>\n<meta property=\"og:type\" content=\"article\" \/>\n<meta property=\"og:title\" content=\"[Historias] De las sierras cordobesas al helado fin del mundo: Lorena Gonz\u00e1lez, la primera mujer en liderar la Base Marambio - El Regional\" \/>\n<meta property=\"og:description\" content=\"Oriunda de Cosqu\u00edn (C\u00f3rdoba) la Teniente de Nav\u00edo Lorena Alejandra Gonz\u00e1lez cumple con el desaf\u00edo de ser la primera mujer de la Armada Argentina en desempe\u00f1arse como Segundo Jefe de una base ant\u00e1rtica, la Base Ant\u00e1rtica Conjunta (BAC) Marambio. Habla de la comisi\u00f3n, su funci\u00f3n, la rutina de vivir en los confines del planeta y [&hellip;]\" \/>\n<meta property=\"og:url\" content=\"https:\/\/elregionalvm.com.ar\/noticias-villa-maria\/historias-de-las-sierras-cordobesas-al-helado-fin-del-mundo-lorena-gonzalez-la-primera-mujer-en-liderar-la-base-marambio\/\" \/>\n<meta property=\"og:site_name\" content=\"El Regional\" \/>\n<meta property=\"article:publisher\" content=\"https:\/\/www.facebook.com\/elregionalvm\" \/>\n<meta property=\"article:published_time\" content=\"2025-09-26T17:52:54+00:00\" \/>\n<meta property=\"article:modified_time\" content=\"2025-10-02T03:03:01+00:00\" \/>\n<meta property=\"og:image\" content=\"https:\/\/elregionalvm.com.ar\/noticias-villa-maria\/wp-content\/uploads\/2025\/09\/MA_TN-Gonzalez-Base-Marambio-Cordoba_01.jpg\" \/>\n\t<meta property=\"og:image:width\" content=\"1920\" \/>\n\t<meta property=\"og:image:height\" content=\"1130\" \/>\n\t<meta property=\"og:image:type\" content=\"image\/jpeg\" \/>\n<meta name=\"author\" content=\"Contenidos El Regional\" \/>\n<meta name=\"twitter:card\" content=\"summary_large_image\" \/>\n<meta name=\"twitter:creator\" content=\"@elregionalvm1\" \/>\n<meta name=\"twitter:site\" content=\"@elregionalvm1\" \/>\n<meta name=\"twitter:label1\" content=\"Escrito por\" \/>\n\t<meta name=\"twitter:data1\" content=\"Contenidos El Regional\" \/>\n\t<meta name=\"twitter:label2\" content=\"Tiempo de lectura\" \/>\n\t<meta name=\"twitter:data2\" content=\"7 minutos\" \/>\n<script type=\"application\/ld+json\" class=\"yoast-schema-graph\">{\"@context\":\"https:\/\/schema.org\",\"@graph\":[{\"@type\":\"Article\",\"@id\":\"https:\/\/elregionalvm.com.ar\/noticias-villa-maria\/historias-de-las-sierras-cordobesas-al-helado-fin-del-mundo-lorena-gonzalez-la-primera-mujer-en-liderar-la-base-marambio\/#article\",\"isPartOf\":{\"@id\":\"https:\/\/elregionalvm.com.ar\/noticias-villa-maria\/historias-de-las-sierras-cordobesas-al-helado-fin-del-mundo-lorena-gonzalez-la-primera-mujer-en-liderar-la-base-marambio\/\"},\"author\":{\"name\":\"Contenidos El Regional\",\"@id\":\"http:\/\/elregionalvm.com.ar\/noticias-villa-maria\/#\/schema\/person\/a0fb9c422317faca23d50163151bc354\"},\"headline\":\"[Historias] De las sierras cordobesas al helado fin del mundo: Lorena Gonz\u00e1lez, la primera mujer en liderar la Base Marambio\",\"datePublished\":\"2025-09-26T17:52:54+00:00\",\"dateModified\":\"2025-10-02T03:03:01+00:00\",\"mainEntityOfPage\":{\"@id\":\"https:\/\/elregionalvm.com.ar\/noticias-villa-maria\/historias-de-las-sierras-cordobesas-al-helado-fin-del-mundo-lorena-gonzalez-la-primera-mujer-en-liderar-la-base-marambio\/\"},\"wordCount\":1280,\"commentCount\":0,\"image\":{\"@id\":\"https:\/\/elregionalvm.com.ar\/noticias-villa-maria\/historias-de-las-sierras-cordobesas-al-helado-fin-del-mundo-lorena-gonzalez-la-primera-mujer-en-liderar-la-base-marambio\/#primaryimage\"},\"thumbnailUrl\":\"https:\/\/i0.wp.com\/elregionalvm.com.ar\/noticias-villa-maria\/wp-content\/uploads\/2025\/09\/MA_TN-Gonzalez-Base-Marambio-Cordoba_01.jpg?fit=1920%2C1130&ssl=1\",\"keywords\":[\"Ant\u00e1rtida\",\"Armada Argentina\",\"base ant\u00e1rtica\",\"Base Marambio\",\"Lorena Gonz\u00e1lez\",\"mujer\",\"pionera\",\"principal\"],\"articleSection\":[\"Historias\",\"tercera\"],\"inLanguage\":\"es\",\"potentialAction\":[{\"@type\":\"CommentAction\",\"name\":\"Comment\",\"target\":[\"https:\/\/elregionalvm.com.ar\/noticias-villa-maria\/historias-de-las-sierras-cordobesas-al-helado-fin-del-mundo-lorena-gonzalez-la-primera-mujer-en-liderar-la-base-marambio\/#respond\"]}]},{\"@type\":\"WebPage\",\"@id\":\"https:\/\/elregionalvm.com.ar\/noticias-villa-maria\/historias-de-las-sierras-cordobesas-al-helado-fin-del-mundo-lorena-gonzalez-la-primera-mujer-en-liderar-la-base-marambio\/\",\"url\":\"https:\/\/elregionalvm.com.ar\/noticias-villa-maria\/historias-de-las-sierras-cordobesas-al-helado-fin-del-mundo-lorena-gonzalez-la-primera-mujer-en-liderar-la-base-marambio\/\",\"name\":\"[Historias] De las sierras cordobesas al helado fin del mundo: Lorena Gonz\u00e1lez, la primera mujer en liderar la Base Marambio - El Regional\",\"isPartOf\":{\"@id\":\"http:\/\/elregionalvm.com.ar\/noticias-villa-maria\/#website\"},\"primaryImageOfPage\":{\"@id\":\"https:\/\/elregionalvm.com.ar\/noticias-villa-maria\/historias-de-las-sierras-cordobesas-al-helado-fin-del-mundo-lorena-gonzalez-la-primera-mujer-en-liderar-la-base-marambio\/#primaryimage\"},\"image\":{\"@id\":\"https:\/\/elregionalvm.com.ar\/noticias-villa-maria\/historias-de-las-sierras-cordobesas-al-helado-fin-del-mundo-lorena-gonzalez-la-primera-mujer-en-liderar-la-base-marambio\/#primaryimage\"},\"thumbnailUrl\":\"https:\/\/i0.wp.com\/elregionalvm.com.ar\/noticias-villa-maria\/wp-content\/uploads\/2025\/09\/MA_TN-Gonzalez-Base-Marambio-Cordoba_01.jpg?fit=1920%2C1130&ssl=1\",\"datePublished\":\"2025-09-26T17:52:54+00:00\",\"dateModified\":\"2025-10-02T03:03:01+00:00\",\"author\":{\"@id\":\"http:\/\/elregionalvm.com.ar\/noticias-villa-maria\/#\/schema\/person\/a0fb9c422317faca23d50163151bc354\"},\"breadcrumb\":{\"@id\":\"https:\/\/elregionalvm.com.ar\/noticias-villa-maria\/historias-de-las-sierras-cordobesas-al-helado-fin-del-mundo-lorena-gonzalez-la-primera-mujer-en-liderar-la-base-marambio\/#breadcrumb\"},\"inLanguage\":\"es\",\"potentialAction\":[{\"@type\":\"ReadAction\",\"target\":[\"https:\/\/elregionalvm.com.ar\/noticias-villa-maria\/historias-de-las-sierras-cordobesas-al-helado-fin-del-mundo-lorena-gonzalez-la-primera-mujer-en-liderar-la-base-marambio\/\"]}]},{\"@type\":\"ImageObject\",\"inLanguage\":\"es\",\"@id\":\"https:\/\/elregionalvm.com.ar\/noticias-villa-maria\/historias-de-las-sierras-cordobesas-al-helado-fin-del-mundo-lorena-gonzalez-la-primera-mujer-en-liderar-la-base-marambio\/#primaryimage\",\"url\":\"https:\/\/i0.wp.com\/elregionalvm.com.ar\/noticias-villa-maria\/wp-content\/uploads\/2025\/09\/MA_TN-Gonzalez-Base-Marambio-Cordoba_01.jpg?fit=1920%2C1130&ssl=1\",\"contentUrl\":\"https:\/\/i0.wp.com\/elregionalvm.com.ar\/noticias-villa-maria\/wp-content\/uploads\/2025\/09\/MA_TN-Gonzalez-Base-Marambio-Cordoba_01.jpg?fit=1920%2C1130&ssl=1\",\"width\":1920,\"height\":1130},{\"@type\":\"BreadcrumbList\",\"@id\":\"https:\/\/elregionalvm.com.ar\/noticias-villa-maria\/historias-de-las-sierras-cordobesas-al-helado-fin-del-mundo-lorena-gonzalez-la-primera-mujer-en-liderar-la-base-marambio\/#breadcrumb\",\"itemListElement\":[{\"@type\":\"ListItem\",\"position\":1,\"name\":\"Portada\",\"item\":\"https:\/\/elregionalvm.com.ar\/noticias-villa-maria\/\"},{\"@type\":\"ListItem\",\"position\":2,\"name\":\"[Historias] De las sierras cordobesas al helado fin del mundo: Lorena Gonz\u00e1lez, la primera mujer en liderar la Base Marambio\"}]},{\"@type\":\"WebSite\",\"@id\":\"http:\/\/elregionalvm.com.ar\/noticias-villa-maria\/#website\",\"url\":\"http:\/\/elregionalvm.com.ar\/noticias-villa-maria\/\",\"name\":\"El Regional\",\"description\":\"Mucho m\u00e1s que informaci\u00f3n\",\"potentialAction\":[{\"@type\":\"SearchAction\",\"target\":{\"@type\":\"EntryPoint\",\"urlTemplate\":\"http:\/\/elregionalvm.com.ar\/noticias-villa-maria\/?s={search_term_string}\"},\"query-input\":{\"@type\":\"PropertyValueSpecification\",\"valueRequired\":true,\"valueName\":\"search_term_string\"}}],\"inLanguage\":\"es\"},{\"@type\":\"Person\",\"@id\":\"http:\/\/elregionalvm.com.ar\/noticias-villa-maria\/#\/schema\/person\/a0fb9c422317faca23d50163151bc354\",\"name\":\"Contenidos El Regional\",\"image\":{\"@type\":\"ImageObject\",\"inLanguage\":\"es\",\"@id\":\"http:\/\/elregionalvm.com.ar\/noticias-villa-maria\/#\/schema\/person\/image\/\",\"url\":\"https:\/\/secure.gravatar.com\/avatar\/265b27cb2209af7bb3a1318f03305787d7981a5cc6e6cd08fe5a4ecdf99d4b48?s=96&d=mm&r=g\",\"contentUrl\":\"https:\/\/secure.gravatar.com\/avatar\/265b27cb2209af7bb3a1318f03305787d7981a5cc6e6cd08fe5a4ecdf99d4b48?s=96&d=mm&r=g\",\"caption\":\"Contenidos El Regional\"},\"url\":\"https:\/\/elregionalvm.com.ar\/noticias-villa-maria\/author\/contenido\/\"}]}<\/script>\n<!-- \/ Yoast SEO plugin. -->","yoast_head_json":{"title":"[Historias] De las sierras cordobesas al helado fin del mundo: Lorena Gonz\u00e1lez, la primera mujer en liderar la Base Marambio - El Regional","robots":{"index":"index","follow":"follow","max-snippet":"max-snippet:-1","max-image-preview":"max-image-preview:large","max-video-preview":"max-video-preview:-1"},"canonical":"https:\/\/elregionalvm.com.ar\/noticias-villa-maria\/historias-de-las-sierras-cordobesas-al-helado-fin-del-mundo-lorena-gonzalez-la-primera-mujer-en-liderar-la-base-marambio\/","og_locale":"es_ES","og_type":"article","og_title":"[Historias] De las sierras cordobesas al helado fin del mundo: Lorena Gonz\u00e1lez, la primera mujer en liderar la Base Marambio - El Regional","og_description":"Oriunda de Cosqu\u00edn (C\u00f3rdoba) la Teniente de Nav\u00edo Lorena Alejandra Gonz\u00e1lez cumple con el desaf\u00edo de ser la primera mujer de la Armada Argentina en desempe\u00f1arse como Segundo Jefe de una base ant\u00e1rtica, la Base Ant\u00e1rtica Conjunta (BAC) Marambio. Habla de la comisi\u00f3n, su funci\u00f3n, la rutina de vivir en los confines del planeta y [&hellip;]","og_url":"https:\/\/elregionalvm.com.ar\/noticias-villa-maria\/historias-de-las-sierras-cordobesas-al-helado-fin-del-mundo-lorena-gonzalez-la-primera-mujer-en-liderar-la-base-marambio\/","og_site_name":"El Regional","article_publisher":"https:\/\/www.facebook.com\/elregionalvm","article_published_time":"2025-09-26T17:52:54+00:00","article_modified_time":"2025-10-02T03:03:01+00:00","og_image":[{"width":1920,"height":1130,"url":"https:\/\/elregionalvm.com.ar\/noticias-villa-maria\/wp-content\/uploads\/2025\/09\/MA_TN-Gonzalez-Base-Marambio-Cordoba_01.jpg","type":"image\/jpeg"}],"author":"Contenidos El Regional","twitter_card":"summary_large_image","twitter_creator":"@elregionalvm1","twitter_site":"@elregionalvm1","twitter_misc":{"Escrito por":"Contenidos El Regional","Tiempo de lectura":"7 minutos"},"schema":{"@context":"https:\/\/schema.org","@graph":[{"@type":"Article","@id":"https:\/\/elregionalvm.com.ar\/noticias-villa-maria\/historias-de-las-sierras-cordobesas-al-helado-fin-del-mundo-lorena-gonzalez-la-primera-mujer-en-liderar-la-base-marambio\/#article","isPartOf":{"@id":"https:\/\/elregionalvm.com.ar\/noticias-villa-maria\/historias-de-las-sierras-cordobesas-al-helado-fin-del-mundo-lorena-gonzalez-la-primera-mujer-en-liderar-la-base-marambio\/"},"author":{"name":"Contenidos El Regional","@id":"http:\/\/elregionalvm.com.ar\/noticias-villa-maria\/#\/schema\/person\/a0fb9c422317faca23d50163151bc354"},"headline":"[Historias] De las sierras cordobesas al helado fin del mundo: Lorena Gonz\u00e1lez, la primera mujer en liderar la Base Marambio","datePublished":"2025-09-26T17:52:54+00:00","dateModified":"2025-10-02T03:03:01+00:00","mainEntityOfPage":{"@id":"https:\/\/elregionalvm.com.ar\/noticias-villa-maria\/historias-de-las-sierras-cordobesas-al-helado-fin-del-mundo-lorena-gonzalez-la-primera-mujer-en-liderar-la-base-marambio\/"},"wordCount":1280,"commentCount":0,"image":{"@id":"https:\/\/elregionalvm.com.ar\/noticias-villa-maria\/historias-de-las-sierras-cordobesas-al-helado-fin-del-mundo-lorena-gonzalez-la-primera-mujer-en-liderar-la-base-marambio\/#primaryimage"},"thumbnailUrl":"https:\/\/i0.wp.com\/elregionalvm.com.ar\/noticias-villa-maria\/wp-content\/uploads\/2025\/09\/MA_TN-Gonzalez-Base-Marambio-Cordoba_01.jpg?fit=1920%2C1130&ssl=1","keywords":["Ant\u00e1rtida","Armada Argentina","base ant\u00e1rtica","Base Marambio","Lorena Gonz\u00e1lez","mujer","pionera","principal"],"articleSection":["Historias","tercera"],"inLanguage":"es","potentialAction":[{"@type":"CommentAction","name":"Comment","target":["https:\/\/elregionalvm.com.ar\/noticias-villa-maria\/historias-de-las-sierras-cordobesas-al-helado-fin-del-mundo-lorena-gonzalez-la-primera-mujer-en-liderar-la-base-marambio\/#respond"]}]},{"@type":"WebPage","@id":"https:\/\/elregionalvm.com.ar\/noticias-villa-maria\/historias-de-las-sierras-cordobesas-al-helado-fin-del-mundo-lorena-gonzalez-la-primera-mujer-en-liderar-la-base-marambio\/","url":"https:\/\/elregionalvm.com.ar\/noticias-villa-maria\/historias-de-las-sierras-cordobesas-al-helado-fin-del-mundo-lorena-gonzalez-la-primera-mujer-en-liderar-la-base-marambio\/","name":"[Historias] De las sierras cordobesas al helado fin del mundo: Lorena Gonz\u00e1lez, la primera mujer en liderar la Base Marambio - El Regional","isPartOf":{"@id":"http:\/\/elregionalvm.com.ar\/noticias-villa-maria\/#website"},"primaryImageOfPage":{"@id":"https:\/\/elregionalvm.com.ar\/noticias-villa-maria\/historias-de-las-sierras-cordobesas-al-helado-fin-del-mundo-lorena-gonzalez-la-primera-mujer-en-liderar-la-base-marambio\/#primaryimage"},"image":{"@id":"https:\/\/elregionalvm.com.ar\/noticias-villa-maria\/historias-de-las-sierras-cordobesas-al-helado-fin-del-mundo-lorena-gonzalez-la-primera-mujer-en-liderar-la-base-marambio\/#primaryimage"},"thumbnailUrl":"https:\/\/i0.wp.com\/elregionalvm.com.ar\/noticias-villa-maria\/wp-content\/uploads\/2025\/09\/MA_TN-Gonzalez-Base-Marambio-Cordoba_01.jpg?fit=1920%2C1130&ssl=1","datePublished":"2025-09-26T17:52:54+00:00","dateModified":"2025-10-02T03:03:01+00:00","author":{"@id":"http:\/\/elregionalvm.com.ar\/noticias-villa-maria\/#\/schema\/person\/a0fb9c422317faca23d50163151bc354"},"breadcrumb":{"@id":"https:\/\/elregionalvm.com.ar\/noticias-villa-maria\/historias-de-las-sierras-cordobesas-al-helado-fin-del-mundo-lorena-gonzalez-la-primera-mujer-en-liderar-la-base-marambio\/#breadcrumb"},"inLanguage":"es","potentialAction":[{"@type":"ReadAction","target":["https:\/\/elregionalvm.com.ar\/noticias-villa-maria\/historias-de-las-sierras-cordobesas-al-helado-fin-del-mundo-lorena-gonzalez-la-primera-mujer-en-liderar-la-base-marambio\/"]}]},{"@type":"ImageObject","inLanguage":"es","@id":"https:\/\/elregionalvm.com.ar\/noticias-villa-maria\/historias-de-las-sierras-cordobesas-al-helado-fin-del-mundo-lorena-gonzalez-la-primera-mujer-en-liderar-la-base-marambio\/#primaryimage","url":"https:\/\/i0.wp.com\/elregionalvm.com.ar\/noticias-villa-maria\/wp-content\/uploads\/2025\/09\/MA_TN-Gonzalez-Base-Marambio-Cordoba_01.jpg?fit=1920%2C1130&ssl=1","contentUrl":"https:\/\/i0.wp.com\/elregionalvm.com.ar\/noticias-villa-maria\/wp-content\/uploads\/2025\/09\/MA_TN-Gonzalez-Base-Marambio-Cordoba_01.jpg?fit=1920%2C1130&ssl=1","width":1920,"height":1130},{"@type":"BreadcrumbList","@id":"https:\/\/elregionalvm.com.ar\/noticias-villa-maria\/historias-de-las-sierras-cordobesas-al-helado-fin-del-mundo-lorena-gonzalez-la-primera-mujer-en-liderar-la-base-marambio\/#breadcrumb","itemListElement":[{"@type":"ListItem","position":1,"name":"Portada","item":"https:\/\/elregionalvm.com.ar\/noticias-villa-maria\/"},{"@type":"ListItem","position":2,"name":"[Historias] De las sierras cordobesas al helado fin del mundo: Lorena Gonz\u00e1lez, la primera mujer en liderar la Base Marambio"}]},{"@type":"WebSite","@id":"http:\/\/elregionalvm.com.ar\/noticias-villa-maria\/#website","url":"http:\/\/elregionalvm.com.ar\/noticias-villa-maria\/","name":"El Regional","description":"Mucho m\u00e1s que informaci\u00f3n","potentialAction":[{"@type":"SearchAction","target":{"@type":"EntryPoint","urlTemplate":"http:\/\/elregionalvm.com.ar\/noticias-villa-maria\/?s={search_term_string}"},"query-input":{"@type":"PropertyValueSpecification","valueRequired":true,"valueName":"search_term_string"}}],"inLanguage":"es"},{"@type":"Person","@id":"http:\/\/elregionalvm.com.ar\/noticias-villa-maria\/#\/schema\/person\/a0fb9c422317faca23d50163151bc354","name":"Contenidos El Regional","image":{"@type":"ImageObject","inLanguage":"es","@id":"http:\/\/elregionalvm.com.ar\/noticias-villa-maria\/#\/schema\/person\/image\/","url":"https:\/\/secure.gravatar.com\/avatar\/265b27cb2209af7bb3a1318f03305787d7981a5cc6e6cd08fe5a4ecdf99d4b48?s=96&d=mm&r=g","contentUrl":"https:\/\/secure.gravatar.com\/avatar\/265b27cb2209af7bb3a1318f03305787d7981a5cc6e6cd08fe5a4ecdf99d4b48?s=96&d=mm&r=g","caption":"Contenidos El Regional"},"url":"https:\/\/elregionalvm.com.ar\/noticias-villa-maria\/author\/contenido\/"}]}},"jetpack_featured_media_url":"https:\/\/i0.wp.com\/elregionalvm.com.ar\/noticias-villa-maria\/wp-content\/uploads\/2025\/09\/MA_TN-Gonzalez-Base-Marambio-Cordoba_01.jpg?fit=1920%2C1130&ssl=1","jetpack_sharing_enabled":true,"_links":{"self":[{"href":"https:\/\/elregionalvm.com.ar\/noticias-villa-maria\/wp-json\/wp\/v2\/posts\/110366","targetHints":{"allow":["GET"]}}],"collection":[{"href":"https:\/\/elregionalvm.com.ar\/noticias-villa-maria\/wp-json\/wp\/v2\/posts"}],"about":[{"href":"https:\/\/elregionalvm.com.ar\/noticias-villa-maria\/wp-json\/wp\/v2\/types\/post"}],"author":[{"embeddable":true,"href":"https:\/\/elregionalvm.com.ar\/noticias-villa-maria\/wp-json\/wp\/v2\/users\/4"}],"replies":[{"embeddable":true,"href":"https:\/\/elregionalvm.com.ar\/noticias-villa-maria\/wp-json\/wp\/v2\/comments?post=110366"}],"version-history":[{"count":4,"href":"https:\/\/elregionalvm.com.ar\/noticias-villa-maria\/wp-json\/wp\/v2\/posts\/110366\/revisions"}],"predecessor-version":[{"id":110376,"href":"https:\/\/elregionalvm.com.ar\/noticias-villa-maria\/wp-json\/wp\/v2\/posts\/110366\/revisions\/110376"}],"wp:featuredmedia":[{"embeddable":true,"href":"https:\/\/elregionalvm.com.ar\/noticias-villa-maria\/wp-json\/wp\/v2\/media\/110371"}],"wp:attachment":[{"href":"https:\/\/elregionalvm.com.ar\/noticias-villa-maria\/wp-json\/wp\/v2\/media?parent=110366"}],"wp:term":[{"taxonomy":"category","embeddable":true,"href":"https:\/\/elregionalvm.com.ar\/noticias-villa-maria\/wp-json\/wp\/v2\/categories?post=110366"},{"taxonomy":"post_tag","embeddable":true,"href":"https:\/\/elregionalvm.com.ar\/noticias-villa-maria\/wp-json\/wp\/v2\/tags?post=110366"}],"curies":[{"name":"wp","href":"https:\/\/api.w.org\/{rel}","templated":true}]}}