{"id":110571,"date":"2025-10-02T00:13:06","date_gmt":"2025-10-02T00:13:06","guid":{"rendered":"https:\/\/elregionalvm.com.ar\/noticias-villa-maria\/?p=110571"},"modified":"2025-10-02T00:13:09","modified_gmt":"2025-10-02T00:13:09","slug":"se-inauguro-el-centro-integral-municipal-para-personas-mayores-papa-francisco-en-el-bulevar-alvear","status":"publish","type":"post","link":"https:\/\/elregionalvm.com.ar\/noticias-villa-maria\/se-inauguro-el-centro-integral-municipal-para-personas-mayores-papa-francisco-en-el-bulevar-alvear\/","title":{"rendered":"Se inaugur\u00f3 el Centro Integral Municipal para Personas Mayores \u201cPapa Francisco\u201d en el bulevar Alvear"},"content":{"rendered":"\n<p>\u00a0El intendente Eduardo Accastello, la vicegobernadora Myrian Prunotto y la legisladora Ver\u00f3nica Navarro Alegre, inauguraron el Centro Integral Municipal para Personas Mayores \u201cPapa Francisco\u201d en el bulevar Alvear, al 1136.<\/p>\n\n\n\n<p>Tambi\u00e9n particip\u00f3 el Obispo Diocesano, Samuel Jofr\u00e9 Giraudo, vecinos, autoridades de los centros de jubilados, entre otros.<\/p>\n\n\n\n<p>En la oportunidad, el intendente Accastello expres\u00f3:&nbsp;<em><strong>\u201cEstamos felices de este logro tan importante, as\u00ed se construye comunidad, los adultos mayores fueron los que hicieron de Villa Mar\u00eda una ciudad hermosa, se merecen nuestro respeto y acompa\u00f1amiento. Lamentablemente desde el gobierno nacional se olvidaron de los jubilados y discapacitados, pero ac\u00e1 est\u00e1 la solidaridad de los villamarienses y la provincia para ayudar y acompa\u00f1ar a todos los que necesitan. Villa Mar\u00eda no para de crecer y tampoco de amar, por eso somos una ciudad m\u00e1s humana\u00bb.<\/strong><\/em><\/p>\n\n\n\n<p>Asimismo, la vicegobernadora Prunotto expres\u00f3:&nbsp;<em>Desde el Gobierno provincial, junto al gobernador Mart\u00edn Llaryora, acompa\u00f1amos y apoyamos las gestiones del intendente y destacamos que Villa Mar\u00eda es uno de los pocos municipios que cuenta con un Consejo Asesor del Adulto Mayor que articula directamente con el Consejo Provincial, y eso es sinergia.\u00bb<\/em><\/p>\n\n\n\n<p>\u00abMuchos aprendimos de nuestros mayores los valores de la familia, el trabajo y el estudio y hoy m\u00e1s que nunca necesitamos reafirmarlos, porque son la base sobre la cual queremos seguir construyendo nuestra sociedad\u00bb.<\/p>\n\n\n\n<p>A su turno, el secretario Agust\u00edn Turletti, agreg\u00f3:&nbsp;<em>\u00abEl Centro llevar\u00e1 el nombre Papa Francisco, un referente que nunca se olvid\u00f3 de quienes mas necesitan. Este espacio, permitir\u00e1 a compartir distintoa talleres y actividades recreativas porque en Villa Mar\u00eda todos tenemos un lugar para sentirnos bien\u2019&#8217;.<\/em><\/p>\n\n\n\n<p>Asimismo, la referente del Centro de Jubilados Fraternales, &nbsp;Marta Guerrero, coment\u00f3:&nbsp;<strong>\u201cEste espacio significa mucho para nosotros. El se\u00f1or Intendente se ocupa permanentemente de nuestra comunidad. Formo parte del Consejo Municipal de Adultos Mayores y conozco todo el trabajo que se realiza. Esta acci\u00f3n representa m\u00e1s actividades y m\u00e1s trabajo en conjunto con los dem\u00e1s centros de jubilados y vecinos, a quienes seguimos invitando a sumarse.\u201d<\/strong><\/p>\n\n\n\n<p><strong>La inauguraci\u00f3n<\/strong><\/p>\n\n\n\n<p>En la jornada se llev\u00f3 a cabo el tradicional corte de cinta por parte de las autoridades y se hizo un recorrido junto a todos los presentes de las nuevas instalaciones. Asimismo se descubri\u00f3 una placa en honor al doctor Hugo Jos\u00e9 Gagliesi, quien hizo la donaci\u00f3n de las instalaciones del consultorio m\u00e9dico.<\/p>\n\n\n\n<p>En el Centro \u00abPapa Francisco\u00bb se dictar\u00e1n talleres de alfabetizaci\u00f3n digital, yoga, pintura, entre otras. Ademas, el centro funcionar\u00e1 tambi\u00e9n como sede de reuni\u00f3n del Consejo Asesor de Adultos Mayores.<\/p>\n\n\n\n<p>Participaron del evento, el presidente del Concejo Deliberante, Juan Pablo Inglese; el secretario de Salud, Juli\u00e1n L\u00f3pez; el vicario general de la Di\u00f3cesis de Villa Mar\u00eda, Alberto Bustamante, entre otras autoridades.<\/p>\n\n\n\n<p><\/p>\n","protected":false},"excerpt":{"rendered":"<p>\u00a0El intendente Eduardo Accastello, la vicegobernadora Myrian Prunotto y la legisladora Ver\u00f3nica Navarro Alegre, inauguraron el Centro Integral Municipal para Personas Mayores \u201cPapa Francisco\u201d en el bulevar Alvear, al 1136. Tambi\u00e9n particip\u00f3 el Obispo Diocesano, Samuel Jofr\u00e9 Giraudo, vecinos, autoridades de los centros de jubilados, entre otros. En la oportunidad, el intendente Accastello expres\u00f3:&nbsp;\u201cEstamos felices [&hellip;]<\/p>\n","protected":false},"author":4,"featured_media":110572,"comment_status":"open","ping_status":"open","sticky":false,"template":"","format":"standard","meta":{"site-sidebar-layout":"default","site-content-layout":"","ast-site-content-layout":"default","site-content-style":"default","site-sidebar-style":"default","ast-global-header-display":"","ast-banner-title-visibility":"","ast-main-header-display":"","ast-hfb-above-header-display":"","ast-hfb-below-header-display":"","ast-hfb-mobile-header-display":"","site-post-title":"","ast-breadcrumbs-content":"","ast-featured-img":"","footer-sml-layout":"","ast-disable-related-posts":"","theme-transparent-header-meta":"","adv-header-id-meta":"","stick-header-meta":"","header-above-stick-meta":"","header-main-stick-meta":"","header-below-stick-meta":"","astra-migrate-meta-layouts":"set","ast-page-background-enabled":"default","ast-page-background-meta":{"desktop":{"background-color":"","background-image":"","background-repeat":"repeat","background-position":"center center","background-size":"auto","background-attachment":"scroll","background-type":"","background-media":"","overlay-type":"","overlay-color":"","overlay-opacity":"","overlay-gradient":""},"tablet":{"background-color":"","background-image":"","background-repeat":"repeat","background-position":"center center","background-size":"auto","background-attachment":"scroll","background-type":"","background-media":"","overlay-type":"","overlay-color":"","overlay-opacity":"","overlay-gradient":""},"mobile":{"background-color":"","background-image":"","background-repeat":"repeat","background-position":"center center","background-size":"auto","background-attachment":"scroll","background-type":"","background-media":"","overlay-type":"","overlay-color":"","overlay-opacity":"","overlay-gradient":""}},"ast-content-background-meta":{"desktop":{"background-color":"var(--ast-global-color-5)","background-image":"","background-repeat":"repeat","background-position":"center center","background-size":"auto","background-attachment":"scroll","background-type":"","background-media":"","overlay-type":"","overlay-color":"","overlay-opacity":"","overlay-gradient":""},"tablet":{"background-color":"var(--ast-global-color-5)","background-image":"","background-repeat":"repeat","background-position":"center center","background-size":"auto","background-attachment":"scroll","background-type":"","background-media":"","overlay-type":"","overlay-color":"","overlay-opacity":"","overlay-gradient":""},"mobile":{"background-color":"var(--ast-global-color-5)","background-image":"","background-repeat":"repeat","background-position":"center center","background-size":"auto","background-attachment":"scroll","background-type":"","background-media":"","overlay-type":"","overlay-color":"","overlay-opacity":"","overlay-gradient":""}},"_jetpack_memberships_contains_paid_content":false,"_joinchat":[],"footnotes":""},"categories":[15302,5,2],"tags":[],"class_list":["post-110571","post","type-post","status-publish","format-standard","has-post-thumbnail","hentry","category-destacado","category-sociedad","category-villa-maria"],"yoast_head":"<!-- This site is optimized with the Yoast SEO plugin v26.8 - https:\/\/yoast.com\/product\/yoast-seo-wordpress\/ -->\n<title>Se inaugur\u00f3 el Centro Integral Municipal para Personas Mayores \u201cPapa Francisco\u201d en el bulevar Alvear - El Regional<\/title>\n<meta name=\"robots\" content=\"index, follow, max-snippet:-1, max-image-preview:large, max-video-preview:-1\" \/>\n<link rel=\"canonical\" href=\"https:\/\/elregionalvm.com.ar\/noticias-villa-maria\/se-inauguro-el-centro-integral-municipal-para-personas-mayores-papa-francisco-en-el-bulevar-alvear\/\" \/>\n<meta property=\"og:locale\" content=\"es_ES\" \/>\n<meta property=\"og:type\" content=\"article\" \/>\n<meta property=\"og:title\" content=\"Se inaugur\u00f3 el Centro Integral Municipal para Personas Mayores \u201cPapa Francisco\u201d en el bulevar Alvear - El Regional\" \/>\n<meta property=\"og:description\" content=\"\u00a0El intendente Eduardo Accastello, la vicegobernadora Myrian Prunotto y la legisladora Ver\u00f3nica Navarro Alegre, inauguraron el Centro Integral Municipal para Personas Mayores \u201cPapa Francisco\u201d en el bulevar Alvear, al 1136. Tambi\u00e9n particip\u00f3 el Obispo Diocesano, Samuel Jofr\u00e9 Giraudo, vecinos, autoridades de los centros de jubilados, entre otros. En la oportunidad, el intendente Accastello expres\u00f3:&nbsp;\u201cEstamos felices [&hellip;]\" \/>\n<meta property=\"og:url\" content=\"https:\/\/elregionalvm.com.ar\/noticias-villa-maria\/se-inauguro-el-centro-integral-municipal-para-personas-mayores-papa-francisco-en-el-bulevar-alvear\/\" \/>\n<meta property=\"og:site_name\" content=\"El Regional\" \/>\n<meta property=\"article:publisher\" content=\"https:\/\/www.facebook.com\/elregionalvm\" \/>\n<meta property=\"article:published_time\" content=\"2025-10-02T00:13:06+00:00\" \/>\n<meta property=\"article:modified_time\" content=\"2025-10-02T00:13:09+00:00\" \/>\n<meta property=\"og:image\" content=\"https:\/\/elregionalvm.com.ar\/noticias-villa-maria\/wp-content\/uploads\/2025\/10\/23d6cdfc12014a74b6cb0f5befe5df5a.jpeg\" \/>\n\t<meta property=\"og:image:width\" content=\"800\" \/>\n\t<meta property=\"og:image:height\" content=\"600\" \/>\n\t<meta property=\"og:image:type\" content=\"image\/jpeg\" \/>\n<meta name=\"author\" content=\"Contenidos El Regional\" \/>\n<meta name=\"twitter:card\" content=\"summary_large_image\" \/>\n<meta name=\"twitter:creator\" content=\"@elregionalvm1\" \/>\n<meta name=\"twitter:site\" content=\"@elregionalvm1\" \/>\n<meta name=\"twitter:label1\" content=\"Escrito por\" \/>\n\t<meta name=\"twitter:data1\" content=\"Contenidos El Regional\" \/>\n\t<meta name=\"twitter:label2\" content=\"Tiempo de lectura\" \/>\n\t<meta name=\"twitter:data2\" content=\"3 minutos\" \/>\n<script type=\"application\/ld+json\" class=\"yoast-schema-graph\">{\"@context\":\"https:\/\/schema.org\",\"@graph\":[{\"@type\":\"Article\",\"@id\":\"https:\/\/elregionalvm.com.ar\/noticias-villa-maria\/se-inauguro-el-centro-integral-municipal-para-personas-mayores-papa-francisco-en-el-bulevar-alvear\/#article\",\"isPartOf\":{\"@id\":\"https:\/\/elregionalvm.com.ar\/noticias-villa-maria\/se-inauguro-el-centro-integral-municipal-para-personas-mayores-papa-francisco-en-el-bulevar-alvear\/\"},\"author\":{\"name\":\"Contenidos El Regional\",\"@id\":\"http:\/\/elregionalvm.com.ar\/noticias-villa-maria\/#\/schema\/person\/a0fb9c422317faca23d50163151bc354\"},\"headline\":\"Se inaugur\u00f3 el Centro Integral Municipal para Personas Mayores \u201cPapa Francisco\u201d en el bulevar Alvear\",\"datePublished\":\"2025-10-02T00:13:06+00:00\",\"dateModified\":\"2025-10-02T00:13:09+00:00\",\"mainEntityOfPage\":{\"@id\":\"https:\/\/elregionalvm.com.ar\/noticias-villa-maria\/se-inauguro-el-centro-integral-municipal-para-personas-mayores-papa-francisco-en-el-bulevar-alvear\/\"},\"wordCount\":495,\"commentCount\":0,\"image\":{\"@id\":\"https:\/\/elregionalvm.com.ar\/noticias-villa-maria\/se-inauguro-el-centro-integral-municipal-para-personas-mayores-papa-francisco-en-el-bulevar-alvear\/#primaryimage\"},\"thumbnailUrl\":\"https:\/\/i0.wp.com\/elregionalvm.com.ar\/noticias-villa-maria\/wp-content\/uploads\/2025\/10\/23d6cdfc12014a74b6cb0f5befe5df5a.jpeg?fit=800%2C600&ssl=1\",\"articleSection\":[\"destacado\",\"Sociedad\",\"Villa Mar\u00eda\"],\"inLanguage\":\"es\",\"potentialAction\":[{\"@type\":\"CommentAction\",\"name\":\"Comment\",\"target\":[\"https:\/\/elregionalvm.com.ar\/noticias-villa-maria\/se-inauguro-el-centro-integral-municipal-para-personas-mayores-papa-francisco-en-el-bulevar-alvear\/#respond\"]}]},{\"@type\":\"WebPage\",\"@id\":\"https:\/\/elregionalvm.com.ar\/noticias-villa-maria\/se-inauguro-el-centro-integral-municipal-para-personas-mayores-papa-francisco-en-el-bulevar-alvear\/\",\"url\":\"https:\/\/elregionalvm.com.ar\/noticias-villa-maria\/se-inauguro-el-centro-integral-municipal-para-personas-mayores-papa-francisco-en-el-bulevar-alvear\/\",\"name\":\"Se inaugur\u00f3 el Centro Integral Municipal para Personas Mayores \u201cPapa Francisco\u201d en el bulevar Alvear - El Regional\",\"isPartOf\":{\"@id\":\"http:\/\/elregionalvm.com.ar\/noticias-villa-maria\/#website\"},\"primaryImageOfPage\":{\"@id\":\"https:\/\/elregionalvm.com.ar\/noticias-villa-maria\/se-inauguro-el-centro-integral-municipal-para-personas-mayores-papa-francisco-en-el-bulevar-alvear\/#primaryimage\"},\"image\":{\"@id\":\"https:\/\/elregionalvm.com.ar\/noticias-villa-maria\/se-inauguro-el-centro-integral-municipal-para-personas-mayores-papa-francisco-en-el-bulevar-alvear\/#primaryimage\"},\"thumbnailUrl\":\"https:\/\/i0.wp.com\/elregionalvm.com.ar\/noticias-villa-maria\/wp-content\/uploads\/2025\/10\/23d6cdfc12014a74b6cb0f5befe5df5a.jpeg?fit=800%2C600&ssl=1\",\"datePublished\":\"2025-10-02T00:13:06+00:00\",\"dateModified\":\"2025-10-02T00:13:09+00:00\",\"author\":{\"@id\":\"http:\/\/elregionalvm.com.ar\/noticias-villa-maria\/#\/schema\/person\/a0fb9c422317faca23d50163151bc354\"},\"breadcrumb\":{\"@id\":\"https:\/\/elregionalvm.com.ar\/noticias-villa-maria\/se-inauguro-el-centro-integral-municipal-para-personas-mayores-papa-francisco-en-el-bulevar-alvear\/#breadcrumb\"},\"inLanguage\":\"es\",\"potentialAction\":[{\"@type\":\"ReadAction\",\"target\":[\"https:\/\/elregionalvm.com.ar\/noticias-villa-maria\/se-inauguro-el-centro-integral-municipal-para-personas-mayores-papa-francisco-en-el-bulevar-alvear\/\"]}]},{\"@type\":\"ImageObject\",\"inLanguage\":\"es\",\"@id\":\"https:\/\/elregionalvm.com.ar\/noticias-villa-maria\/se-inauguro-el-centro-integral-municipal-para-personas-mayores-papa-francisco-en-el-bulevar-alvear\/#primaryimage\",\"url\":\"https:\/\/i0.wp.com\/elregionalvm.com.ar\/noticias-villa-maria\/wp-content\/uploads\/2025\/10\/23d6cdfc12014a74b6cb0f5befe5df5a.jpeg?fit=800%2C600&ssl=1\",\"contentUrl\":\"https:\/\/i0.wp.com\/elregionalvm.com.ar\/noticias-villa-maria\/wp-content\/uploads\/2025\/10\/23d6cdfc12014a74b6cb0f5befe5df5a.jpeg?fit=800%2C600&ssl=1\",\"width\":800,\"height\":600},{\"@type\":\"BreadcrumbList\",\"@id\":\"https:\/\/elregionalvm.com.ar\/noticias-villa-maria\/se-inauguro-el-centro-integral-municipal-para-personas-mayores-papa-francisco-en-el-bulevar-alvear\/#breadcrumb\",\"itemListElement\":[{\"@type\":\"ListItem\",\"position\":1,\"name\":\"Portada\",\"item\":\"https:\/\/elregionalvm.com.ar\/noticias-villa-maria\/\"},{\"@type\":\"ListItem\",\"position\":2,\"name\":\"Se inaugur\u00f3 el Centro Integral Municipal para Personas Mayores \u201cPapa Francisco\u201d en el bulevar Alvear\"}]},{\"@type\":\"WebSite\",\"@id\":\"http:\/\/elregionalvm.com.ar\/noticias-villa-maria\/#website\",\"url\":\"http:\/\/elregionalvm.com.ar\/noticias-villa-maria\/\",\"name\":\"El Regional\",\"description\":\"Mucho m\u00e1s que informaci\u00f3n\",\"potentialAction\":[{\"@type\":\"SearchAction\",\"target\":{\"@type\":\"EntryPoint\",\"urlTemplate\":\"http:\/\/elregionalvm.com.ar\/noticias-villa-maria\/?s={search_term_string}\"},\"query-input\":{\"@type\":\"PropertyValueSpecification\",\"valueRequired\":true,\"valueName\":\"search_term_string\"}}],\"inLanguage\":\"es\"},{\"@type\":\"Person\",\"@id\":\"http:\/\/elregionalvm.com.ar\/noticias-villa-maria\/#\/schema\/person\/a0fb9c422317faca23d50163151bc354\",\"name\":\"Contenidos El Regional\",\"image\":{\"@type\":\"ImageObject\",\"inLanguage\":\"es\",\"@id\":\"http:\/\/elregionalvm.com.ar\/noticias-villa-maria\/#\/schema\/person\/image\/\",\"url\":\"https:\/\/secure.gravatar.com\/avatar\/265b27cb2209af7bb3a1318f03305787d7981a5cc6e6cd08fe5a4ecdf99d4b48?s=96&d=mm&r=g\",\"contentUrl\":\"https:\/\/secure.gravatar.com\/avatar\/265b27cb2209af7bb3a1318f03305787d7981a5cc6e6cd08fe5a4ecdf99d4b48?s=96&d=mm&r=g\",\"caption\":\"Contenidos El Regional\"},\"url\":\"https:\/\/elregionalvm.com.ar\/noticias-villa-maria\/author\/contenido\/\"}]}<\/script>\n<!-- \/ Yoast SEO plugin. -->","yoast_head_json":{"title":"Se inaugur\u00f3 el Centro Integral Municipal para Personas Mayores \u201cPapa Francisco\u201d en el bulevar Alvear - El Regional","robots":{"index":"index","follow":"follow","max-snippet":"max-snippet:-1","max-image-preview":"max-image-preview:large","max-video-preview":"max-video-preview:-1"},"canonical":"https:\/\/elregionalvm.com.ar\/noticias-villa-maria\/se-inauguro-el-centro-integral-municipal-para-personas-mayores-papa-francisco-en-el-bulevar-alvear\/","og_locale":"es_ES","og_type":"article","og_title":"Se inaugur\u00f3 el Centro Integral Municipal para Personas Mayores \u201cPapa Francisco\u201d en el bulevar Alvear - El Regional","og_description":"\u00a0El intendente Eduardo Accastello, la vicegobernadora Myrian Prunotto y la legisladora Ver\u00f3nica Navarro Alegre, inauguraron el Centro Integral Municipal para Personas Mayores \u201cPapa Francisco\u201d en el bulevar Alvear, al 1136. Tambi\u00e9n particip\u00f3 el Obispo Diocesano, Samuel Jofr\u00e9 Giraudo, vecinos, autoridades de los centros de jubilados, entre otros. En la oportunidad, el intendente Accastello expres\u00f3:&nbsp;\u201cEstamos felices [&hellip;]","og_url":"https:\/\/elregionalvm.com.ar\/noticias-villa-maria\/se-inauguro-el-centro-integral-municipal-para-personas-mayores-papa-francisco-en-el-bulevar-alvear\/","og_site_name":"El Regional","article_publisher":"https:\/\/www.facebook.com\/elregionalvm","article_published_time":"2025-10-02T00:13:06+00:00","article_modified_time":"2025-10-02T00:13:09+00:00","og_image":[{"width":800,"height":600,"url":"https:\/\/elregionalvm.com.ar\/noticias-villa-maria\/wp-content\/uploads\/2025\/10\/23d6cdfc12014a74b6cb0f5befe5df5a.jpeg","type":"image\/jpeg"}],"author":"Contenidos El Regional","twitter_card":"summary_large_image","twitter_creator":"@elregionalvm1","twitter_site":"@elregionalvm1","twitter_misc":{"Escrito por":"Contenidos El Regional","Tiempo de lectura":"3 minutos"},"schema":{"@context":"https:\/\/schema.org","@graph":[{"@type":"Article","@id":"https:\/\/elregionalvm.com.ar\/noticias-villa-maria\/se-inauguro-el-centro-integral-municipal-para-personas-mayores-papa-francisco-en-el-bulevar-alvear\/#article","isPartOf":{"@id":"https:\/\/elregionalvm.com.ar\/noticias-villa-maria\/se-inauguro-el-centro-integral-municipal-para-personas-mayores-papa-francisco-en-el-bulevar-alvear\/"},"author":{"name":"Contenidos El Regional","@id":"http:\/\/elregionalvm.com.ar\/noticias-villa-maria\/#\/schema\/person\/a0fb9c422317faca23d50163151bc354"},"headline":"Se inaugur\u00f3 el Centro Integral Municipal para Personas Mayores \u201cPapa Francisco\u201d en el bulevar Alvear","datePublished":"2025-10-02T00:13:06+00:00","dateModified":"2025-10-02T00:13:09+00:00","mainEntityOfPage":{"@id":"https:\/\/elregionalvm.com.ar\/noticias-villa-maria\/se-inauguro-el-centro-integral-municipal-para-personas-mayores-papa-francisco-en-el-bulevar-alvear\/"},"wordCount":495,"commentCount":0,"image":{"@id":"https:\/\/elregionalvm.com.ar\/noticias-villa-maria\/se-inauguro-el-centro-integral-municipal-para-personas-mayores-papa-francisco-en-el-bulevar-alvear\/#primaryimage"},"thumbnailUrl":"https:\/\/i0.wp.com\/elregionalvm.com.ar\/noticias-villa-maria\/wp-content\/uploads\/2025\/10\/23d6cdfc12014a74b6cb0f5befe5df5a.jpeg?fit=800%2C600&ssl=1","articleSection":["destacado","Sociedad","Villa Mar\u00eda"],"inLanguage":"es","potentialAction":[{"@type":"CommentAction","name":"Comment","target":["https:\/\/elregionalvm.com.ar\/noticias-villa-maria\/se-inauguro-el-centro-integral-municipal-para-personas-mayores-papa-francisco-en-el-bulevar-alvear\/#respond"]}]},{"@type":"WebPage","@id":"https:\/\/elregionalvm.com.ar\/noticias-villa-maria\/se-inauguro-el-centro-integral-municipal-para-personas-mayores-papa-francisco-en-el-bulevar-alvear\/","url":"https:\/\/elregionalvm.com.ar\/noticias-villa-maria\/se-inauguro-el-centro-integral-municipal-para-personas-mayores-papa-francisco-en-el-bulevar-alvear\/","name":"Se inaugur\u00f3 el Centro Integral Municipal para Personas Mayores \u201cPapa Francisco\u201d en el bulevar Alvear - El Regional","isPartOf":{"@id":"http:\/\/elregionalvm.com.ar\/noticias-villa-maria\/#website"},"primaryImageOfPage":{"@id":"https:\/\/elregionalvm.com.ar\/noticias-villa-maria\/se-inauguro-el-centro-integral-municipal-para-personas-mayores-papa-francisco-en-el-bulevar-alvear\/#primaryimage"},"image":{"@id":"https:\/\/elregionalvm.com.ar\/noticias-villa-maria\/se-inauguro-el-centro-integral-municipal-para-personas-mayores-papa-francisco-en-el-bulevar-alvear\/#primaryimage"},"thumbnailUrl":"https:\/\/i0.wp.com\/elregionalvm.com.ar\/noticias-villa-maria\/wp-content\/uploads\/2025\/10\/23d6cdfc12014a74b6cb0f5befe5df5a.jpeg?fit=800%2C600&ssl=1","datePublished":"2025-10-02T00:13:06+00:00","dateModified":"2025-10-02T00:13:09+00:00","author":{"@id":"http:\/\/elregionalvm.com.ar\/noticias-villa-maria\/#\/schema\/person\/a0fb9c422317faca23d50163151bc354"},"breadcrumb":{"@id":"https:\/\/elregionalvm.com.ar\/noticias-villa-maria\/se-inauguro-el-centro-integral-municipal-para-personas-mayores-papa-francisco-en-el-bulevar-alvear\/#breadcrumb"},"inLanguage":"es","potentialAction":[{"@type":"ReadAction","target":["https:\/\/elregionalvm.com.ar\/noticias-villa-maria\/se-inauguro-el-centro-integral-municipal-para-personas-mayores-papa-francisco-en-el-bulevar-alvear\/"]}]},{"@type":"ImageObject","inLanguage":"es","@id":"https:\/\/elregionalvm.com.ar\/noticias-villa-maria\/se-inauguro-el-centro-integral-municipal-para-personas-mayores-papa-francisco-en-el-bulevar-alvear\/#primaryimage","url":"https:\/\/i0.wp.com\/elregionalvm.com.ar\/noticias-villa-maria\/wp-content\/uploads\/2025\/10\/23d6cdfc12014a74b6cb0f5befe5df5a.jpeg?fit=800%2C600&ssl=1","contentUrl":"https:\/\/i0.wp.com\/elregionalvm.com.ar\/noticias-villa-maria\/wp-content\/uploads\/2025\/10\/23d6cdfc12014a74b6cb0f5befe5df5a.jpeg?fit=800%2C600&ssl=1","width":800,"height":600},{"@type":"BreadcrumbList","@id":"https:\/\/elregionalvm.com.ar\/noticias-villa-maria\/se-inauguro-el-centro-integral-municipal-para-personas-mayores-papa-francisco-en-el-bulevar-alvear\/#breadcrumb","itemListElement":[{"@type":"ListItem","position":1,"name":"Portada","item":"https:\/\/elregionalvm.com.ar\/noticias-villa-maria\/"},{"@type":"ListItem","position":2,"name":"Se inaugur\u00f3 el Centro Integral Municipal para Personas Mayores \u201cPapa Francisco\u201d en el bulevar Alvear"}]},{"@type":"WebSite","@id":"http:\/\/elregionalvm.com.ar\/noticias-villa-maria\/#website","url":"http:\/\/elregionalvm.com.ar\/noticias-villa-maria\/","name":"El Regional","description":"Mucho m\u00e1s que informaci\u00f3n","potentialAction":[{"@type":"SearchAction","target":{"@type":"EntryPoint","urlTemplate":"http:\/\/elregionalvm.com.ar\/noticias-villa-maria\/?s={search_term_string}"},"query-input":{"@type":"PropertyValueSpecification","valueRequired":true,"valueName":"search_term_string"}}],"inLanguage":"es"},{"@type":"Person","@id":"http:\/\/elregionalvm.com.ar\/noticias-villa-maria\/#\/schema\/person\/a0fb9c422317faca23d50163151bc354","name":"Contenidos El Regional","image":{"@type":"ImageObject","inLanguage":"es","@id":"http:\/\/elregionalvm.com.ar\/noticias-villa-maria\/#\/schema\/person\/image\/","url":"https:\/\/secure.gravatar.com\/avatar\/265b27cb2209af7bb3a1318f03305787d7981a5cc6e6cd08fe5a4ecdf99d4b48?s=96&d=mm&r=g","contentUrl":"https:\/\/secure.gravatar.com\/avatar\/265b27cb2209af7bb3a1318f03305787d7981a5cc6e6cd08fe5a4ecdf99d4b48?s=96&d=mm&r=g","caption":"Contenidos El Regional"},"url":"https:\/\/elregionalvm.com.ar\/noticias-villa-maria\/author\/contenido\/"}]}},"jetpack_featured_media_url":"https:\/\/i0.wp.com\/elregionalvm.com.ar\/noticias-villa-maria\/wp-content\/uploads\/2025\/10\/23d6cdfc12014a74b6cb0f5befe5df5a.jpeg?fit=800%2C600&ssl=1","jetpack_sharing_enabled":true,"_links":{"self":[{"href":"https:\/\/elregionalvm.com.ar\/noticias-villa-maria\/wp-json\/wp\/v2\/posts\/110571","targetHints":{"allow":["GET"]}}],"collection":[{"href":"https:\/\/elregionalvm.com.ar\/noticias-villa-maria\/wp-json\/wp\/v2\/posts"}],"about":[{"href":"https:\/\/elregionalvm.com.ar\/noticias-villa-maria\/wp-json\/wp\/v2\/types\/post"}],"author":[{"embeddable":true,"href":"https:\/\/elregionalvm.com.ar\/noticias-villa-maria\/wp-json\/wp\/v2\/users\/4"}],"replies":[{"embeddable":true,"href":"https:\/\/elregionalvm.com.ar\/noticias-villa-maria\/wp-json\/wp\/v2\/comments?post=110571"}],"version-history":[{"count":1,"href":"https:\/\/elregionalvm.com.ar\/noticias-villa-maria\/wp-json\/wp\/v2\/posts\/110571\/revisions"}],"predecessor-version":[{"id":110573,"href":"https:\/\/elregionalvm.com.ar\/noticias-villa-maria\/wp-json\/wp\/v2\/posts\/110571\/revisions\/110573"}],"wp:featuredmedia":[{"embeddable":true,"href":"https:\/\/elregionalvm.com.ar\/noticias-villa-maria\/wp-json\/wp\/v2\/media\/110572"}],"wp:attachment":[{"href":"https:\/\/elregionalvm.com.ar\/noticias-villa-maria\/wp-json\/wp\/v2\/media?parent=110571"}],"wp:term":[{"taxonomy":"category","embeddable":true,"href":"https:\/\/elregionalvm.com.ar\/noticias-villa-maria\/wp-json\/wp\/v2\/categories?post=110571"},{"taxonomy":"post_tag","embeddable":true,"href":"https:\/\/elregionalvm.com.ar\/noticias-villa-maria\/wp-json\/wp\/v2\/tags?post=110571"}],"curies":[{"name":"wp","href":"https:\/\/api.w.org\/{rel}","templated":true}]}}