{"id":110591,"date":"2025-10-05T22:55:07","date_gmt":"2025-10-05T22:55:07","guid":{"rendered":"https:\/\/elregionalvm.com.ar\/noticias-villa-maria\/?p=110591"},"modified":"2025-10-12T23:55:12","modified_gmt":"2025-10-12T23:55:12","slug":"video-el-milagro-de-francina-la-beba-que-nacio-dos-veces","status":"publish","type":"post","link":"https:\/\/elregionalvm.com.ar\/noticias-villa-maria\/video-el-milagro-de-francina-la-beba-que-nacio-dos-veces\/","title":{"rendered":"[VIDEO] El milagro de Francina, la beba que naci\u00f3 dos veces"},"content":{"rendered":"\n<p>\u00abFran\u00bb naci\u00f3 hace poco m\u00e1s de dos meses. Pero volvi\u00f3 a nacer unos d\u00edas atr\u00e1s, luego de que un paro cardiorrespiratorio la mantuviera insconciente y sin reacci\u00f3n durante unos minutos que se hicieron eternos.<\/p>\n\n\n\n<p>Fran es Francina y es la beba adorada de su mam\u00e1, Miguelina, que tambi\u00e9n volvi\u00f3 a nacer cuando supo que su hija volv\u00eda a respirar, como aquella vez que la trajo a este agitado mundo. <\/p>\n\n\n\n<p>Paradojas de la existencia, mientras mam\u00e1 no puede dejar de ocultar su absoluta felicidad y de dibujar una sonrisa que ilumina, Fran lanza un peque\u00f1o llanto y otro, se queja, reclama. Pero, toda muestra de incomodidad resulta insignificante ante lo que ocurri\u00f3 en la madrugada del 12 de septiembre. <\/p>\n\n\n\n<p><\/p>\n\n\n\n<figure class=\"wp-block-gallery has-nested-images columns-default is-cropped wp-block-gallery-1 is-layout-flex wp-block-gallery-is-layout-flex\">\n<figure class=\"wp-block-image size-large\"><img data-recalc-dims=\"1\" fetchpriority=\"high\" decoding=\"async\" width=\"576\" height=\"1024\" data-id=\"110664\" src=\"https:\/\/i0.wp.com\/elregionalvm.com.ar\/noticias-villa-maria\/wp-content\/uploads\/2025\/10\/Fran-y-mama-en-brazos.jpeg?resize=576%2C1024&#038;ssl=1\" alt=\"\" class=\"wp-image-110664\" srcset=\"https:\/\/i0.wp.com\/elregionalvm.com.ar\/noticias-villa-maria\/wp-content\/uploads\/2025\/10\/Fran-y-mama-en-brazos.jpeg?resize=576%2C1024&amp;ssl=1 576w, https:\/\/i0.wp.com\/elregionalvm.com.ar\/noticias-villa-maria\/wp-content\/uploads\/2025\/10\/Fran-y-mama-en-brazos.jpeg?resize=169%2C300&amp;ssl=1 169w, https:\/\/i0.wp.com\/elregionalvm.com.ar\/noticias-villa-maria\/wp-content\/uploads\/2025\/10\/Fran-y-mama-en-brazos.jpeg?resize=768%2C1365&amp;ssl=1 768w, https:\/\/i0.wp.com\/elregionalvm.com.ar\/noticias-villa-maria\/wp-content\/uploads\/2025\/10\/Fran-y-mama-en-brazos.jpeg?resize=864%2C1536&amp;ssl=1 864w, https:\/\/i0.wp.com\/elregionalvm.com.ar\/noticias-villa-maria\/wp-content\/uploads\/2025\/10\/Fran-y-mama-en-brazos.jpeg?w=900&amp;ssl=1 900w\" sizes=\"(max-width: 576px) 100vw, 576px\" \/><\/figure>\n\n\n\n<figure class=\"wp-block-image size-large\"><img data-recalc-dims=\"1\" decoding=\"async\" width=\"689\" height=\"1024\" data-id=\"110667\" src=\"https:\/\/i0.wp.com\/elregionalvm.com.ar\/noticias-villa-maria\/wp-content\/uploads\/2025\/10\/Fran-y-Miguelina.jpeg?resize=689%2C1024&#038;ssl=1\" alt=\"\" class=\"wp-image-110667\" srcset=\"https:\/\/i0.wp.com\/elregionalvm.com.ar\/noticias-villa-maria\/wp-content\/uploads\/2025\/10\/Fran-y-Miguelina.jpeg?resize=689%2C1024&amp;ssl=1 689w, https:\/\/i0.wp.com\/elregionalvm.com.ar\/noticias-villa-maria\/wp-content\/uploads\/2025\/10\/Fran-y-Miguelina.jpeg?resize=202%2C300&amp;ssl=1 202w, https:\/\/i0.wp.com\/elregionalvm.com.ar\/noticias-villa-maria\/wp-content\/uploads\/2025\/10\/Fran-y-Miguelina.jpeg?resize=768%2C1142&amp;ssl=1 768w, https:\/\/i0.wp.com\/elregionalvm.com.ar\/noticias-villa-maria\/wp-content\/uploads\/2025\/10\/Fran-y-Miguelina.jpeg?w=900&amp;ssl=1 900w\" sizes=\"(max-width: 689px) 100vw, 689px\" \/><\/figure>\n<\/figure>\n\n\n\n<p><\/p>\n\n\n\n<p>Y lo que pas\u00f3 fue que Fran dej\u00f3 de reaccionar de un momento a otro y su mam\u00e1 llam\u00f3 por ayuda. <\/p>\n\n\n\n<p>Entre llantos y temores por lo que pod\u00eda ocurrirle a la beba de 41 d\u00edas, un sargento de la polic\u00eda la ayud\u00f3 a realizar las maniobras de reanimaci\u00f3n, mientras un cord\u00f3n sanitario buscaba que llegara lo m\u00e1s r\u00e1pido posible al Hospital Pasteur.<\/p>\n\n\n\n<p>El sargento se llama Dante Paz y no puede creer la repercusi\u00f3n medi\u00e1tica que tuvo su acci\u00f3n. Fue reconocido por la propia fuerza y la Municipalidad de Villa Mar\u00eda. Pero, lo que m\u00e1s lo satisface en su interior es haber contribuido a salvar una vida.<\/p>\n\n\n\n<p>Y el agradecimiento infinito de Miguelina y de toda su familia. Y el de todas las personas que conocen esta historia que se viraliz\u00f3 en las redes tan o m\u00e1s r\u00e1pido que el apuro por llegar a la guardia del hospital a las 3 de esa madrugada  que cambiar\u00eda todo,  en las vidas de Miguelina y pap\u00e1 Pablo. <\/p>\n\n\n\n<p><\/p>\n\n\n\n<figure class=\"wp-block-image size-large\"><img data-recalc-dims=\"1\" decoding=\"async\" width=\"1024\" height=\"768\" src=\"https:\/\/i0.wp.com\/elregionalvm.com.ar\/noticias-villa-maria\/wp-content\/uploads\/2025\/10\/Fran-y-Miguelina-con-policias.jpeg?resize=1024%2C768&#038;ssl=1\" alt=\"\" class=\"wp-image-110666\" srcset=\"https:\/\/i0.wp.com\/elregionalvm.com.ar\/noticias-villa-maria\/wp-content\/uploads\/2025\/10\/Fran-y-Miguelina-con-policias.jpeg?resize=1024%2C768&amp;ssl=1 1024w, https:\/\/i0.wp.com\/elregionalvm.com.ar\/noticias-villa-maria\/wp-content\/uploads\/2025\/10\/Fran-y-Miguelina-con-policias.jpeg?resize=300%2C225&amp;ssl=1 300w, https:\/\/i0.wp.com\/elregionalvm.com.ar\/noticias-villa-maria\/wp-content\/uploads\/2025\/10\/Fran-y-Miguelina-con-policias.jpeg?resize=768%2C576&amp;ssl=1 768w, https:\/\/i0.wp.com\/elregionalvm.com.ar\/noticias-villa-maria\/wp-content\/uploads\/2025\/10\/Fran-y-Miguelina-con-policias.jpeg?resize=1536%2C1152&amp;ssl=1 1536w, https:\/\/i0.wp.com\/elregionalvm.com.ar\/noticias-villa-maria\/wp-content\/uploads\/2025\/10\/Fran-y-Miguelina-con-policias.jpeg?w=1600&amp;ssl=1 1600w\" sizes=\"(max-width: 1000px) 100vw, 1000px\" \/><\/figure>\n\n\n\n<p><\/p>\n\n\n\n<p>\u00abDios nos envi\u00f3 un ej\u00e9rcito de \u00e1ngeles que le devolvi\u00f3 la felicidad a toda una familia\u00bb, cuenta Miguelina. No es para menos.<\/p>\n\n\n\n<p>Fran no respiraba, pero pudo volver a hacerlo. No fue nada f\u00e1cil, lo que vino despu\u00e9s. Desde esa noche hasta el 17 permaneci\u00f3 internada en el Hospital Pasteur, para luego ser atendida en C\u00f3rdoba hasta el 26 de septiembre. <\/p>\n\n\n\n<p>\u00abAcarito\u00bb, como le dicen a Fran los m\u00e1s cercanos (ya te vamos a contar por qu\u00e9) ya estaba mejor de salud, cuando su mam\u00e1 influencer en Tik Tok, con una amplia comunidad de seguidores, subi\u00f3 un video a redes donde agradec\u00eda la labor policial en general y la del sargento Paz en particular. <\/p>\n\n\n\n<p>Fran tuvo que quedarse unos d\u00edas m\u00e1s en la capital cordobesa hasta que en un acto policial, se mostr\u00f3 con mam\u00e1 y pap\u00e1 en p\u00fablico. Y nosotros, desde EL REGIONAL charlamos con Miguelina y Pablo, y la vimos radiante en sus brazos, como si nada hubiera pasado. <\/p>\n\n\n\n<p><\/p>\n\n\n\n<figure class=\"wp-block-image size-large\"><img data-recalc-dims=\"1\" loading=\"lazy\" decoding=\"async\" width=\"1024\" height=\"543\" src=\"https:\/\/i0.wp.com\/elregionalvm.com.ar\/noticias-villa-maria\/wp-content\/uploads\/2025\/10\/Francina-papas-y-policias-acto.jpeg?resize=1024%2C543&#038;ssl=1\" alt=\"\" class=\"wp-image-110668\" srcset=\"https:\/\/i0.wp.com\/elregionalvm.com.ar\/noticias-villa-maria\/wp-content\/uploads\/2025\/10\/Francina-papas-y-policias-acto.jpeg?resize=1024%2C543&amp;ssl=1 1024w, https:\/\/i0.wp.com\/elregionalvm.com.ar\/noticias-villa-maria\/wp-content\/uploads\/2025\/10\/Francina-papas-y-policias-acto.jpeg?resize=300%2C159&amp;ssl=1 300w, https:\/\/i0.wp.com\/elregionalvm.com.ar\/noticias-villa-maria\/wp-content\/uploads\/2025\/10\/Francina-papas-y-policias-acto.jpeg?resize=768%2C407&amp;ssl=1 768w, https:\/\/i0.wp.com\/elregionalvm.com.ar\/noticias-villa-maria\/wp-content\/uploads\/2025\/10\/Francina-papas-y-policias-acto.jpeg?w=1465&amp;ssl=1 1465w\" sizes=\"(max-width: 1000px) 100vw, 1000px\" \/><\/figure>\n\n\n\n<p><\/p>\n\n\n\n<p>La an\u00e9cdota del origen de su apodo queda para el final. \u00abLe digo Acarito chiquito porque una noches antes de que naciera, al pap\u00e1 se le dio que en la cama ten\u00edamos \u00e1caros. Rompi\u00f3 tanto que, a las 3 de la ma\u00f1ana lo mand\u00e9 a ba\u00f1ar, cambi\u00e9 las s\u00e1banas y ley\u00f3 que el calor mata a los \u00e1caros. Entonces puse el secador entre la s\u00e1bana de abajo y el colch\u00f3n\u00bb, recuerda Miguelina.<\/p>\n\n\n\n<p>Y contin\u00faa: \u00abLuego de ba\u00f1arse, me fui a ba\u00f1ar yo y \u00e9l sac\u00f3 el secador para tirarse calor en las piernas y casi queda pegado porque explot\u00f3 el secador. Fue muy gracioso porque \u00e9l dec\u00eda que le hubiera dado verg\u00fcenza decir que siendo mec\u00e1nico y corriendo en moto muriera por un secador de pelo\u00bb.<\/p>\n\n\n\n<p>Y deja para el final todo un dato de Fran. \u00abEl \u00fanico sonido que la calma es el de el secador\u2026 Literal, duerme con el sonido del secador en Youtube\u00bb.<\/p>\n\n\n\n<p>A esta altura, Fran puede darse los lujos que quiera, no?<\/p>\n\n\n\n<p><\/p>\n\n\n\n<ul class=\"wp-block-list\">\n<li><strong>Mir\u00e1 el video: <\/strong><\/li>\n\n\n\n<li><\/li>\n<\/ul>\n\n\n\n<figure class=\"wp-block-embed is-type-video is-provider-youtube wp-block-embed-youtube wp-embed-aspect-9-16 wp-has-aspect-ratio\"><div class=\"wp-block-embed__wrapper\">\n<iframe title=\"Francina, la beba del milagro\" width=\"422\" height=\"750\" src=\"https:\/\/www.youtube.com\/embed\/NUDIaC50DJw?feature=oembed\" frameborder=\"0\" allow=\"accelerometer; autoplay; clipboard-write; encrypted-media; gyroscope; picture-in-picture; web-share\" referrerpolicy=\"strict-origin-when-cross-origin\" allowfullscreen><\/iframe>\n<\/div><\/figure>\n","protected":false},"excerpt":{"rendered":"<p>\u00abFran\u00bb naci\u00f3 hace poco m\u00e1s de dos meses. Pero volvi\u00f3 a nacer unos d\u00edas atr\u00e1s, luego de que un paro cardiorrespiratorio la mantuviera insconciente y sin reacci\u00f3n durante unos minutos que se hicieron eternos. Fran es Francina y es la beba adorada de su mam\u00e1, Miguelina, que tambi\u00e9n volvi\u00f3 a nacer cuando supo que su [&hellip;]<\/p>\n","protected":false},"author":6,"featured_media":110670,"comment_status":"open","ping_status":"open","sticky":false,"template":"","format":"standard","meta":{"site-sidebar-layout":"default","site-content-layout":"","ast-site-content-layout":"default","site-content-style":"default","site-sidebar-style":"default","ast-global-header-display":"","ast-banner-title-visibility":"","ast-main-header-display":"","ast-hfb-above-header-display":"","ast-hfb-below-header-display":"","ast-hfb-mobile-header-display":"","site-post-title":"","ast-breadcrumbs-content":"","ast-featured-img":"","footer-sml-layout":"","ast-disable-related-posts":"","theme-transparent-header-meta":"","adv-header-id-meta":"","stick-header-meta":"","header-above-stick-meta":"","header-main-stick-meta":"","header-below-stick-meta":"","astra-migrate-meta-layouts":"set","ast-page-background-enabled":"default","ast-page-background-meta":{"desktop":{"background-color":"","background-image":"","background-repeat":"repeat","background-position":"center center","background-size":"auto","background-attachment":"scroll","background-type":"","background-media":"","overlay-type":"","overlay-color":"","overlay-opacity":"","overlay-gradient":""},"tablet":{"background-color":"","background-image":"","background-repeat":"repeat","background-position":"center center","background-size":"auto","background-attachment":"scroll","background-type":"","background-media":"","overlay-type":"","overlay-color":"","overlay-opacity":"","overlay-gradient":""},"mobile":{"background-color":"","background-image":"","background-repeat":"repeat","background-position":"center center","background-size":"auto","background-attachment":"scroll","background-type":"","background-media":"","overlay-type":"","overlay-color":"","overlay-opacity":"","overlay-gradient":""}},"ast-content-background-meta":{"desktop":{"background-color":"var(--ast-global-color-5)","background-image":"","background-repeat":"repeat","background-position":"center center","background-size":"auto","background-attachment":"scroll","background-type":"","background-media":"","overlay-type":"","overlay-color":"","overlay-opacity":"","overlay-gradient":""},"tablet":{"background-color":"var(--ast-global-color-5)","background-image":"","background-repeat":"repeat","background-position":"center center","background-size":"auto","background-attachment":"scroll","background-type":"","background-media":"","overlay-type":"","overlay-color":"","overlay-opacity":"","overlay-gradient":""},"mobile":{"background-color":"var(--ast-global-color-5)","background-image":"","background-repeat":"repeat","background-position":"center center","background-size":"auto","background-attachment":"scroll","background-type":"","background-media":"","overlay-type":"","overlay-color":"","overlay-opacity":"","overlay-gradient":""}},"_jetpack_memberships_contains_paid_content":false,"_joinchat":[],"footnotes":""},"categories":[2098,3557,2074,2],"tags":[3571,25196,25216,25217,4627,23571,2488,23847,3764,25219],"class_list":["post-110591","post","type-post","status-publish","format-standard","has-post-thumbnail","hentry","category-historias","category-tercera","category-videos","category-villa-maria","tag-ayuda","tag-beba","tag-francina","tag-miguelina","tag-milagro","tag-paro-cardiorrespiratorio","tag-policial","tag-redes","tag-tik-tok","tag-volver-a-nacer"],"yoast_head":"<!-- This site is optimized with the Yoast SEO plugin v26.8 - https:\/\/yoast.com\/product\/yoast-seo-wordpress\/ -->\n<title>[VIDEO] El milagro de Francina, la beba que naci\u00f3 dos veces - El Regional<\/title>\n<meta name=\"robots\" content=\"index, follow, max-snippet:-1, max-image-preview:large, max-video-preview:-1\" \/>\n<link rel=\"canonical\" href=\"https:\/\/elregionalvm.com.ar\/noticias-villa-maria\/video-el-milagro-de-francina-la-beba-que-nacio-dos-veces\/\" \/>\n<meta property=\"og:locale\" content=\"es_ES\" \/>\n<meta property=\"og:type\" content=\"article\" \/>\n<meta property=\"og:title\" content=\"[VIDEO] El milagro de Francina, la beba que naci\u00f3 dos veces - El Regional\" \/>\n<meta property=\"og:description\" content=\"\u00abFran\u00bb naci\u00f3 hace poco m\u00e1s de dos meses. Pero volvi\u00f3 a nacer unos d\u00edas atr\u00e1s, luego de que un paro cardiorrespiratorio la mantuviera insconciente y sin reacci\u00f3n durante unos minutos que se hicieron eternos. Fran es Francina y es la beba adorada de su mam\u00e1, Miguelina, que tambi\u00e9n volvi\u00f3 a nacer cuando supo que su [&hellip;]\" \/>\n<meta property=\"og:url\" content=\"https:\/\/elregionalvm.com.ar\/noticias-villa-maria\/video-el-milagro-de-francina-la-beba-que-nacio-dos-veces\/\" \/>\n<meta property=\"og:site_name\" content=\"El Regional\" \/>\n<meta property=\"article:publisher\" content=\"https:\/\/www.facebook.com\/elregionalvm\" \/>\n<meta property=\"article:published_time\" content=\"2025-10-05T22:55:07+00:00\" \/>\n<meta property=\"article:modified_time\" content=\"2025-10-12T23:55:12+00:00\" \/>\n<meta property=\"og:image\" content=\"https:\/\/elregionalvm.com.ar\/noticias-villa-maria\/wp-content\/uploads\/2025\/10\/Fran-mama-y-papa-1.jpeg\" \/>\n\t<meta property=\"og:image:width\" content=\"900\" \/>\n\t<meta property=\"og:image:height\" content=\"567\" \/>\n\t<meta property=\"og:image:type\" content=\"image\/jpeg\" \/>\n<meta name=\"author\" content=\"Germ\u00e1n Giacchero\" \/>\n<meta name=\"twitter:card\" content=\"summary_large_image\" \/>\n<meta name=\"twitter:creator\" content=\"@elregionalvm1\" \/>\n<meta name=\"twitter:site\" content=\"@elregionalvm1\" \/>\n<meta name=\"twitter:label1\" content=\"Escrito por\" \/>\n\t<meta name=\"twitter:data1\" content=\"Germ\u00e1n Giacchero\" \/>\n\t<meta name=\"twitter:label2\" content=\"Tiempo de lectura\" \/>\n\t<meta name=\"twitter:data2\" content=\"4 minutos\" \/>\n<script type=\"application\/ld+json\" class=\"yoast-schema-graph\">{\"@context\":\"https:\/\/schema.org\",\"@graph\":[{\"@type\":\"Article\",\"@id\":\"https:\/\/elregionalvm.com.ar\/noticias-villa-maria\/video-el-milagro-de-francina-la-beba-que-nacio-dos-veces\/#article\",\"isPartOf\":{\"@id\":\"https:\/\/elregionalvm.com.ar\/noticias-villa-maria\/video-el-milagro-de-francina-la-beba-que-nacio-dos-veces\/\"},\"author\":{\"name\":\"Germ\u00e1n Giacchero\",\"@id\":\"http:\/\/elregionalvm.com.ar\/noticias-villa-maria\/#\/schema\/person\/d5e4b04966154131701e52c45d3efec9\"},\"headline\":\"[VIDEO] El milagro de Francina, la beba que naci\u00f3 dos veces\",\"datePublished\":\"2025-10-05T22:55:07+00:00\",\"dateModified\":\"2025-10-12T23:55:12+00:00\",\"mainEntityOfPage\":{\"@id\":\"https:\/\/elregionalvm.com.ar\/noticias-villa-maria\/video-el-milagro-de-francina-la-beba-que-nacio-dos-veces\/\"},\"wordCount\":673,\"commentCount\":0,\"image\":{\"@id\":\"https:\/\/elregionalvm.com.ar\/noticias-villa-maria\/video-el-milagro-de-francina-la-beba-que-nacio-dos-veces\/#primaryimage\"},\"thumbnailUrl\":\"https:\/\/i0.wp.com\/elregionalvm.com.ar\/noticias-villa-maria\/wp-content\/uploads\/2025\/10\/Fran-mama-y-papa-1.jpeg?fit=900%2C567&ssl=1\",\"keywords\":[\"Ayuda\",\"beba\",\"fRANCINA\",\"Miguelina\",\"Milagro\",\"paro cardiorrespiratorio\",\"policial\",\"redes\",\"Tik Tok\",\"volver a nacer\"],\"articleSection\":[\"Historias\",\"tercera\",\"Videos\",\"Villa Mar\u00eda\"],\"inLanguage\":\"es\",\"potentialAction\":[{\"@type\":\"CommentAction\",\"name\":\"Comment\",\"target\":[\"https:\/\/elregionalvm.com.ar\/noticias-villa-maria\/video-el-milagro-de-francina-la-beba-que-nacio-dos-veces\/#respond\"]}]},{\"@type\":\"WebPage\",\"@id\":\"https:\/\/elregionalvm.com.ar\/noticias-villa-maria\/video-el-milagro-de-francina-la-beba-que-nacio-dos-veces\/\",\"url\":\"https:\/\/elregionalvm.com.ar\/noticias-villa-maria\/video-el-milagro-de-francina-la-beba-que-nacio-dos-veces\/\",\"name\":\"[VIDEO] El milagro de Francina, la beba que naci\u00f3 dos veces - El Regional\",\"isPartOf\":{\"@id\":\"http:\/\/elregionalvm.com.ar\/noticias-villa-maria\/#website\"},\"primaryImageOfPage\":{\"@id\":\"https:\/\/elregionalvm.com.ar\/noticias-villa-maria\/video-el-milagro-de-francina-la-beba-que-nacio-dos-veces\/#primaryimage\"},\"image\":{\"@id\":\"https:\/\/elregionalvm.com.ar\/noticias-villa-maria\/video-el-milagro-de-francina-la-beba-que-nacio-dos-veces\/#primaryimage\"},\"thumbnailUrl\":\"https:\/\/i0.wp.com\/elregionalvm.com.ar\/noticias-villa-maria\/wp-content\/uploads\/2025\/10\/Fran-mama-y-papa-1.jpeg?fit=900%2C567&ssl=1\",\"datePublished\":\"2025-10-05T22:55:07+00:00\",\"dateModified\":\"2025-10-12T23:55:12+00:00\",\"author\":{\"@id\":\"http:\/\/elregionalvm.com.ar\/noticias-villa-maria\/#\/schema\/person\/d5e4b04966154131701e52c45d3efec9\"},\"breadcrumb\":{\"@id\":\"https:\/\/elregionalvm.com.ar\/noticias-villa-maria\/video-el-milagro-de-francina-la-beba-que-nacio-dos-veces\/#breadcrumb\"},\"inLanguage\":\"es\",\"potentialAction\":[{\"@type\":\"ReadAction\",\"target\":[\"https:\/\/elregionalvm.com.ar\/noticias-villa-maria\/video-el-milagro-de-francina-la-beba-que-nacio-dos-veces\/\"]}]},{\"@type\":\"ImageObject\",\"inLanguage\":\"es\",\"@id\":\"https:\/\/elregionalvm.com.ar\/noticias-villa-maria\/video-el-milagro-de-francina-la-beba-que-nacio-dos-veces\/#primaryimage\",\"url\":\"https:\/\/i0.wp.com\/elregionalvm.com.ar\/noticias-villa-maria\/wp-content\/uploads\/2025\/10\/Fran-mama-y-papa-1.jpeg?fit=900%2C567&ssl=1\",\"contentUrl\":\"https:\/\/i0.wp.com\/elregionalvm.com.ar\/noticias-villa-maria\/wp-content\/uploads\/2025\/10\/Fran-mama-y-papa-1.jpeg?fit=900%2C567&ssl=1\",\"width\":900,\"height\":567},{\"@type\":\"BreadcrumbList\",\"@id\":\"https:\/\/elregionalvm.com.ar\/noticias-villa-maria\/video-el-milagro-de-francina-la-beba-que-nacio-dos-veces\/#breadcrumb\",\"itemListElement\":[{\"@type\":\"ListItem\",\"position\":1,\"name\":\"Portada\",\"item\":\"https:\/\/elregionalvm.com.ar\/noticias-villa-maria\/\"},{\"@type\":\"ListItem\",\"position\":2,\"name\":\"[VIDEO] El milagro de Francina, la beba que naci\u00f3 dos veces\"}]},{\"@type\":\"WebSite\",\"@id\":\"http:\/\/elregionalvm.com.ar\/noticias-villa-maria\/#website\",\"url\":\"http:\/\/elregionalvm.com.ar\/noticias-villa-maria\/\",\"name\":\"El Regional\",\"description\":\"Mucho m\u00e1s que informaci\u00f3n\",\"potentialAction\":[{\"@type\":\"SearchAction\",\"target\":{\"@type\":\"EntryPoint\",\"urlTemplate\":\"http:\/\/elregionalvm.com.ar\/noticias-villa-maria\/?s={search_term_string}\"},\"query-input\":{\"@type\":\"PropertyValueSpecification\",\"valueRequired\":true,\"valueName\":\"search_term_string\"}}],\"inLanguage\":\"es\"},{\"@type\":\"Person\",\"@id\":\"http:\/\/elregionalvm.com.ar\/noticias-villa-maria\/#\/schema\/person\/d5e4b04966154131701e52c45d3efec9\",\"name\":\"Germ\u00e1n Giacchero\",\"image\":{\"@type\":\"ImageObject\",\"inLanguage\":\"es\",\"@id\":\"http:\/\/elregionalvm.com.ar\/noticias-villa-maria\/#\/schema\/person\/image\/\",\"url\":\"https:\/\/secure.gravatar.com\/avatar\/fda163ba5ef0307ee5be9846e10f83b6e83d0cfb260d3b2464830318894c6b04?s=96&d=mm&r=g\",\"contentUrl\":\"https:\/\/secure.gravatar.com\/avatar\/fda163ba5ef0307ee5be9846e10f83b6e83d0cfb260d3b2464830318894c6b04?s=96&d=mm&r=g\",\"caption\":\"Germ\u00e1n Giacchero\"},\"url\":\"https:\/\/elregionalvm.com.ar\/noticias-villa-maria\/author\/germangiacchero\/\"}]}<\/script>\n<!-- \/ Yoast SEO plugin. -->","yoast_head_json":{"title":"[VIDEO] El milagro de Francina, la beba que naci\u00f3 dos veces - El Regional","robots":{"index":"index","follow":"follow","max-snippet":"max-snippet:-1","max-image-preview":"max-image-preview:large","max-video-preview":"max-video-preview:-1"},"canonical":"https:\/\/elregionalvm.com.ar\/noticias-villa-maria\/video-el-milagro-de-francina-la-beba-que-nacio-dos-veces\/","og_locale":"es_ES","og_type":"article","og_title":"[VIDEO] El milagro de Francina, la beba que naci\u00f3 dos veces - El Regional","og_description":"\u00abFran\u00bb naci\u00f3 hace poco m\u00e1s de dos meses. Pero volvi\u00f3 a nacer unos d\u00edas atr\u00e1s, luego de que un paro cardiorrespiratorio la mantuviera insconciente y sin reacci\u00f3n durante unos minutos que se hicieron eternos. Fran es Francina y es la beba adorada de su mam\u00e1, Miguelina, que tambi\u00e9n volvi\u00f3 a nacer cuando supo que su [&hellip;]","og_url":"https:\/\/elregionalvm.com.ar\/noticias-villa-maria\/video-el-milagro-de-francina-la-beba-que-nacio-dos-veces\/","og_site_name":"El Regional","article_publisher":"https:\/\/www.facebook.com\/elregionalvm","article_published_time":"2025-10-05T22:55:07+00:00","article_modified_time":"2025-10-12T23:55:12+00:00","og_image":[{"width":900,"height":567,"url":"https:\/\/elregionalvm.com.ar\/noticias-villa-maria\/wp-content\/uploads\/2025\/10\/Fran-mama-y-papa-1.jpeg","type":"image\/jpeg"}],"author":"Germ\u00e1n Giacchero","twitter_card":"summary_large_image","twitter_creator":"@elregionalvm1","twitter_site":"@elregionalvm1","twitter_misc":{"Escrito por":"Germ\u00e1n Giacchero","Tiempo de lectura":"4 minutos"},"schema":{"@context":"https:\/\/schema.org","@graph":[{"@type":"Article","@id":"https:\/\/elregionalvm.com.ar\/noticias-villa-maria\/video-el-milagro-de-francina-la-beba-que-nacio-dos-veces\/#article","isPartOf":{"@id":"https:\/\/elregionalvm.com.ar\/noticias-villa-maria\/video-el-milagro-de-francina-la-beba-que-nacio-dos-veces\/"},"author":{"name":"Germ\u00e1n Giacchero","@id":"http:\/\/elregionalvm.com.ar\/noticias-villa-maria\/#\/schema\/person\/d5e4b04966154131701e52c45d3efec9"},"headline":"[VIDEO] El milagro de Francina, la beba que naci\u00f3 dos veces","datePublished":"2025-10-05T22:55:07+00:00","dateModified":"2025-10-12T23:55:12+00:00","mainEntityOfPage":{"@id":"https:\/\/elregionalvm.com.ar\/noticias-villa-maria\/video-el-milagro-de-francina-la-beba-que-nacio-dos-veces\/"},"wordCount":673,"commentCount":0,"image":{"@id":"https:\/\/elregionalvm.com.ar\/noticias-villa-maria\/video-el-milagro-de-francina-la-beba-que-nacio-dos-veces\/#primaryimage"},"thumbnailUrl":"https:\/\/i0.wp.com\/elregionalvm.com.ar\/noticias-villa-maria\/wp-content\/uploads\/2025\/10\/Fran-mama-y-papa-1.jpeg?fit=900%2C567&ssl=1","keywords":["Ayuda","beba","fRANCINA","Miguelina","Milagro","paro cardiorrespiratorio","policial","redes","Tik Tok","volver a nacer"],"articleSection":["Historias","tercera","Videos","Villa Mar\u00eda"],"inLanguage":"es","potentialAction":[{"@type":"CommentAction","name":"Comment","target":["https:\/\/elregionalvm.com.ar\/noticias-villa-maria\/video-el-milagro-de-francina-la-beba-que-nacio-dos-veces\/#respond"]}]},{"@type":"WebPage","@id":"https:\/\/elregionalvm.com.ar\/noticias-villa-maria\/video-el-milagro-de-francina-la-beba-que-nacio-dos-veces\/","url":"https:\/\/elregionalvm.com.ar\/noticias-villa-maria\/video-el-milagro-de-francina-la-beba-que-nacio-dos-veces\/","name":"[VIDEO] El milagro de Francina, la beba que naci\u00f3 dos veces - El Regional","isPartOf":{"@id":"http:\/\/elregionalvm.com.ar\/noticias-villa-maria\/#website"},"primaryImageOfPage":{"@id":"https:\/\/elregionalvm.com.ar\/noticias-villa-maria\/video-el-milagro-de-francina-la-beba-que-nacio-dos-veces\/#primaryimage"},"image":{"@id":"https:\/\/elregionalvm.com.ar\/noticias-villa-maria\/video-el-milagro-de-francina-la-beba-que-nacio-dos-veces\/#primaryimage"},"thumbnailUrl":"https:\/\/i0.wp.com\/elregionalvm.com.ar\/noticias-villa-maria\/wp-content\/uploads\/2025\/10\/Fran-mama-y-papa-1.jpeg?fit=900%2C567&ssl=1","datePublished":"2025-10-05T22:55:07+00:00","dateModified":"2025-10-12T23:55:12+00:00","author":{"@id":"http:\/\/elregionalvm.com.ar\/noticias-villa-maria\/#\/schema\/person\/d5e4b04966154131701e52c45d3efec9"},"breadcrumb":{"@id":"https:\/\/elregionalvm.com.ar\/noticias-villa-maria\/video-el-milagro-de-francina-la-beba-que-nacio-dos-veces\/#breadcrumb"},"inLanguage":"es","potentialAction":[{"@type":"ReadAction","target":["https:\/\/elregionalvm.com.ar\/noticias-villa-maria\/video-el-milagro-de-francina-la-beba-que-nacio-dos-veces\/"]}]},{"@type":"ImageObject","inLanguage":"es","@id":"https:\/\/elregionalvm.com.ar\/noticias-villa-maria\/video-el-milagro-de-francina-la-beba-que-nacio-dos-veces\/#primaryimage","url":"https:\/\/i0.wp.com\/elregionalvm.com.ar\/noticias-villa-maria\/wp-content\/uploads\/2025\/10\/Fran-mama-y-papa-1.jpeg?fit=900%2C567&ssl=1","contentUrl":"https:\/\/i0.wp.com\/elregionalvm.com.ar\/noticias-villa-maria\/wp-content\/uploads\/2025\/10\/Fran-mama-y-papa-1.jpeg?fit=900%2C567&ssl=1","width":900,"height":567},{"@type":"BreadcrumbList","@id":"https:\/\/elregionalvm.com.ar\/noticias-villa-maria\/video-el-milagro-de-francina-la-beba-que-nacio-dos-veces\/#breadcrumb","itemListElement":[{"@type":"ListItem","position":1,"name":"Portada","item":"https:\/\/elregionalvm.com.ar\/noticias-villa-maria\/"},{"@type":"ListItem","position":2,"name":"[VIDEO] El milagro de Francina, la beba que naci\u00f3 dos veces"}]},{"@type":"WebSite","@id":"http:\/\/elregionalvm.com.ar\/noticias-villa-maria\/#website","url":"http:\/\/elregionalvm.com.ar\/noticias-villa-maria\/","name":"El Regional","description":"Mucho m\u00e1s que informaci\u00f3n","potentialAction":[{"@type":"SearchAction","target":{"@type":"EntryPoint","urlTemplate":"http:\/\/elregionalvm.com.ar\/noticias-villa-maria\/?s={search_term_string}"},"query-input":{"@type":"PropertyValueSpecification","valueRequired":true,"valueName":"search_term_string"}}],"inLanguage":"es"},{"@type":"Person","@id":"http:\/\/elregionalvm.com.ar\/noticias-villa-maria\/#\/schema\/person\/d5e4b04966154131701e52c45d3efec9","name":"Germ\u00e1n Giacchero","image":{"@type":"ImageObject","inLanguage":"es","@id":"http:\/\/elregionalvm.com.ar\/noticias-villa-maria\/#\/schema\/person\/image\/","url":"https:\/\/secure.gravatar.com\/avatar\/fda163ba5ef0307ee5be9846e10f83b6e83d0cfb260d3b2464830318894c6b04?s=96&d=mm&r=g","contentUrl":"https:\/\/secure.gravatar.com\/avatar\/fda163ba5ef0307ee5be9846e10f83b6e83d0cfb260d3b2464830318894c6b04?s=96&d=mm&r=g","caption":"Germ\u00e1n Giacchero"},"url":"https:\/\/elregionalvm.com.ar\/noticias-villa-maria\/author\/germangiacchero\/"}]}},"jetpack_featured_media_url":"https:\/\/i0.wp.com\/elregionalvm.com.ar\/noticias-villa-maria\/wp-content\/uploads\/2025\/10\/Fran-mama-y-papa-1.jpeg?fit=900%2C567&ssl=1","jetpack_sharing_enabled":true,"_links":{"self":[{"href":"https:\/\/elregionalvm.com.ar\/noticias-villa-maria\/wp-json\/wp\/v2\/posts\/110591","targetHints":{"allow":["GET"]}}],"collection":[{"href":"https:\/\/elregionalvm.com.ar\/noticias-villa-maria\/wp-json\/wp\/v2\/posts"}],"about":[{"href":"https:\/\/elregionalvm.com.ar\/noticias-villa-maria\/wp-json\/wp\/v2\/types\/post"}],"author":[{"embeddable":true,"href":"https:\/\/elregionalvm.com.ar\/noticias-villa-maria\/wp-json\/wp\/v2\/users\/6"}],"replies":[{"embeddable":true,"href":"https:\/\/elregionalvm.com.ar\/noticias-villa-maria\/wp-json\/wp\/v2\/comments?post=110591"}],"version-history":[{"count":10,"href":"https:\/\/elregionalvm.com.ar\/noticias-villa-maria\/wp-json\/wp\/v2\/posts\/110591\/revisions"}],"predecessor-version":[{"id":110669,"href":"https:\/\/elregionalvm.com.ar\/noticias-villa-maria\/wp-json\/wp\/v2\/posts\/110591\/revisions\/110669"}],"wp:featuredmedia":[{"embeddable":true,"href":"https:\/\/elregionalvm.com.ar\/noticias-villa-maria\/wp-json\/wp\/v2\/media\/110670"}],"wp:attachment":[{"href":"https:\/\/elregionalvm.com.ar\/noticias-villa-maria\/wp-json\/wp\/v2\/media?parent=110591"}],"wp:term":[{"taxonomy":"category","embeddable":true,"href":"https:\/\/elregionalvm.com.ar\/noticias-villa-maria\/wp-json\/wp\/v2\/categories?post=110591"},{"taxonomy":"post_tag","embeddable":true,"href":"https:\/\/elregionalvm.com.ar\/noticias-villa-maria\/wp-json\/wp\/v2\/tags?post=110591"}],"curies":[{"name":"wp","href":"https:\/\/api.w.org\/{rel}","templated":true}]}}