{"id":110597,"date":"2025-10-03T01:02:31","date_gmt":"2025-10-03T01:02:31","guid":{"rendered":"https:\/\/elregionalvm.com.ar\/noticias-villa-maria\/?p=110597"},"modified":"2025-10-03T01:02:53","modified_gmt":"2025-10-03T01:02:53","slug":"110597-2","status":"publish","type":"post","link":"https:\/\/elregionalvm.com.ar\/noticias-villa-maria\/110597-2\/","title":{"rendered":""},"content":{"rendered":"\n<p>\u201cEn menos de 30 d\u00edas hemos recorrido las 13 obras, firmado las 13 actas y ya todas est\u00e1n siendo puestas en marcha. Tenemos la satisfacci\u00f3n de ser parte de un gobierno que dice y hace\u201d, se\u00f1al\u00f3 la ministra de Desarrollo Humano, Liliana Montero, al referirse a los Centros de Desarrollo Infantil (CDI) que ya ejecuta la Provincia, luego de la decisi\u00f3n del gobierno nacional de abandonar la construcci\u00f3n de estos espacios.<\/p>\n\n\n\n<p>El centro infantil del Quilino junto con el de Cruz del Eje fueron los \u00faltimos de la serie de 13 que incluy\u00f3 tambi\u00e9n los de T\u00edo Pujio, Alta Gracia, R\u00edo Primero, Salsipuedes, Inriville, Isla Verde, Laborde, R\u00edo Cuarto, Malvinas Argentinas, Sald\u00e1n y Jes\u00fas Mar\u00eda, que con distintos grados de desarrollo quedaron abandonados por la Naci\u00f3n hace dos a\u00f1os.<\/p>\n\n\n\n<p>Ante la decisi\u00f3n de desfinanciar y no reanudar su construcci\u00f3n, despu\u00e9s de un a\u00f1o y medio de gestiones, el gobernador Mart\u00edn Llaryora obtuvo el traspaso de las 13 obras y dispuso una inversi\u00f3n de 5600 millones de pesos para concluirlas en un plazo m\u00e1ximo de ocho meses. Lo anunci\u00f3 el 1\u00ba de septiembre pasado. Abrir\u00e1n en el pr\u00f3ximo a\u00f1o lectivo para brindar atenci\u00f3n integral a 1560 ni\u00f1os y ni\u00f1as de 45 d\u00edas a 3 a\u00f1os.<\/p>\n\n\n\n<p><em>\u201cEstos centros de desarrollo infantil son el lugar donde la familia y la comunidad se van a encontrar para trabajar todos juntos para construir el mejor proyecto de vida para nuestros ni\u00f1os y ni\u00f1as\u201d,<\/em>&nbsp;se\u00f1al\u00f3 la ministra.<\/p>\n\n\n\n<p><em>\u201cNo es una tarea que se hace en soledad. El Gobierno de la Provincia trabaja en conjunto con los 427 municipios y comunas. En ese sentido, es parte de lo que entendemos como el Modelo C\u00f3rdoba: como trabajamos todos juntos para encontrar las soluciones\u201d,&nbsp;<\/em>agreg\u00f3 Montero, acompa\u00f1ada por el secretario Andr\u00e9s Caparroz, del Ministerio de Infraestructura, quien precis\u00f3 los detalles t\u00e9cnicos. En total, los 13 CDI representan 3200 metros cuadrados cubiertos al servicio de la primera infancia.<\/p>\n\n\n\n<p>La intendenta de Quilino, Mabel Godoy, consider\u00f3 que esta<em>&nbsp;\u201cobra so\u00f1ada y esperada por todo el pueblo\u201d ser\u00e1 un espacio para trabajar la esperanza y permitir\u00e1 cambiar la vida de las personas \u201cporque significa progreso, educaci\u00f3n, acompa\u00f1amiento y contenci\u00f3n para las familias\u201d.<\/em><\/p>\n\n\n\n<p>Con ella coincidi\u00f3 el legislador departamental Ra\u00fal Alberto Figueroa, para quien&nbsp;<em>\u201cun pueblo sin saber y conocimiento no tiene progreso\u201d.<\/em><\/p>\n\n\n\n<p>En Cruz del Eje, la obra del CDI est\u00e1 ubicada en el barrio Villa Elain y qued\u00f3 paralizada al 14%, por lo que la firma del acta para la reanudaci\u00f3n de los trabajos se vivi\u00f3 como una gran noticia que congreg\u00f3 tambi\u00e9n a toda la comunidad, instituciones y autoridades locales.<\/p>\n\n\n\n<p>Para el intendente Renato Raschetti,&nbsp;<em>\u201cse trata de una obra estrat\u00e9gica para los ni\u00f1os y ni\u00f1as que habitan el barrio y una decisi\u00f3n pol\u00edtica que beneficia a toda la zona\u201d.<\/em><\/p>\n\n\n\n<p>El legislador departamental Fernando Luna sostuvo que&nbsp;<em>\u201clo p\u00fablico debe cuidarse, y ac\u00e1 vamos a tener equipamiento p\u00fablico de calidad\u201d.<\/em><\/p>\n\n\n\n<p>El secretario Caparroz precis\u00f3 que se invertir\u00e1 un total de 500 millones para completar la obra, que estar\u00eda lista para el a\u00f1o pr\u00f3ximo.<\/p>\n\n\n\n<p>La ministra Montero viaj\u00f3 al norte cordob\u00e9s junto con el director de Descentralizaci\u00f3n, Gustavo Calzolari; la directora del programa Salas Cuna, In\u00e9s Zinny, y otros colaboradores del ministerio, para completar la jornada de trabajo en Cruz del Eje, donde concurri\u00f3 y mantuvo di\u00e1logo directo con las personas mayores que asisten al Hogar de D\u00eda Renacer y con la comunidad educativa de la Sala Cuna Tarzanito, donde llev\u00f3 equipamiento l\u00fadico educativo de la l\u00ednea Montessori.<\/p>\n\n\n\n<p><strong>T\u00edo Pujio y Alta Gracia<\/strong><\/p>\n\n\n\n<p>Esta semana tambi\u00e9n se concret\u00f3 la firma del reinicio de los centros infantiles de Alta Gracia y de T\u00edo Pujio.<\/p>\n\n\n\n<p><em>\u201cEs una obra que le dar\u00e1 posibilidades a cientos de ni\u00f1os de tener igualdad\u201d<\/em>, consider\u00f3 el intendente Marcos Torres, intendente de Alta Gracia.<\/p>\n\n\n\n<p>La obra est\u00e1 ubicada en barrio Parque San Juan y qued\u00f3 abandonada en la etapa de cimientos. El funcionario se\u00f1al\u00f3 que el CDI se integrar\u00e1 a los programas de desarrollo local y trabajar\u00e1 en sinergia multiplicando sus alcances. En marzo, abrir\u00e1 las puertas para recibir a 120 ni\u00f1os y acompa\u00f1ar a sus familias en el proceso de crianza.<\/p>\n\n\n\n<p><em>\u201cHoy es un d\u00eda muy importante para nuestra comunidad. Tenemos la suerte de ser una localidad que est\u00e1 en permanente crecimiento. El futuro del CDI tiene un gran significado de inclusi\u00f3n social y adem\u00e1s permite que los pap\u00e1s y las mam\u00e1s cuenten con un lugar seguro para dejar a sus hijos mientras trabajan. Eso abre nuevas posibilidades para las familias\u201d<\/em>, valor\u00f3 el intendente de T\u00edo Pujio, Ariel Petrocchi.<\/p>\n\n\n\n<p><em>\u201cNo es menor para la Provincia de C\u00f3rdoba poner en marcha estos Centros. Son pol\u00edticas que impactan en el desarrollo temprano de las infancias y para nosotros eso es una prioridad. Me consta el tremendo trabajo que hacen los gobiernos locales, que son la puerta de entrada de los reclamos de los ciudadanos. Pero frente a los problemas, buscamos soluciones. Es muy f\u00e1cil pasar la motosierra si uno no se sienta en la mesa con nadie\u201d,<\/em>&nbsp;refiri\u00f3 la ministra Montero.<\/p>\n","protected":false},"excerpt":{"rendered":"<p>\u201cEn menos de 30 d\u00edas hemos recorrido las 13 obras, firmado las 13 actas y ya todas est\u00e1n siendo puestas en marcha. Tenemos la satisfacci\u00f3n de ser parte de un gobierno que dice y hace\u201d, se\u00f1al\u00f3 la ministra de Desarrollo Humano, Liliana Montero, al referirse a los Centros de Desarrollo Infantil (CDI) que ya ejecuta [&hellip;]<\/p>\n","protected":false},"author":4,"featured_media":110598,"comment_status":"open","ping_status":"open","sticky":false,"template":"","format":"standard","meta":{"site-sidebar-layout":"default","site-content-layout":"","ast-site-content-layout":"default","site-content-style":"default","site-sidebar-style":"default","ast-global-header-display":"","ast-banner-title-visibility":"","ast-main-header-display":"","ast-hfb-above-header-display":"","ast-hfb-below-header-display":"","ast-hfb-mobile-header-display":"","site-post-title":"","ast-breadcrumbs-content":"","ast-featured-img":"","footer-sml-layout":"","ast-disable-related-posts":"","theme-transparent-header-meta":"","adv-header-id-meta":"","stick-header-meta":"","header-above-stick-meta":"","header-main-stick-meta":"","header-below-stick-meta":"","astra-migrate-meta-layouts":"set","ast-page-background-enabled":"default","ast-page-background-meta":{"desktop":{"background-color":"","background-image":"","background-repeat":"repeat","background-position":"center center","background-size":"auto","background-attachment":"scroll","background-type":"","background-media":"","overlay-type":"","overlay-color":"","overlay-opacity":"","overlay-gradient":""},"tablet":{"background-color":"","background-image":"","background-repeat":"repeat","background-position":"center center","background-size":"auto","background-attachment":"scroll","background-type":"","background-media":"","overlay-type":"","overlay-color":"","overlay-opacity":"","overlay-gradient":""},"mobile":{"background-color":"","background-image":"","background-repeat":"repeat","background-position":"center center","background-size":"auto","background-attachment":"scroll","background-type":"","background-media":"","overlay-type":"","overlay-color":"","overlay-opacity":"","overlay-gradient":""}},"ast-content-background-meta":{"desktop":{"background-color":"var(--ast-global-color-5)","background-image":"","background-repeat":"repeat","background-position":"center center","background-size":"auto","background-attachment":"scroll","background-type":"","background-media":"","overlay-type":"","overlay-color":"","overlay-opacity":"","overlay-gradient":""},"tablet":{"background-color":"var(--ast-global-color-5)","background-image":"","background-repeat":"repeat","background-position":"center center","background-size":"auto","background-attachment":"scroll","background-type":"","background-media":"","overlay-type":"","overlay-color":"","overlay-opacity":"","overlay-gradient":""},"mobile":{"background-color":"var(--ast-global-color-5)","background-image":"","background-repeat":"repeat","background-position":"center center","background-size":"auto","background-attachment":"scroll","background-type":"","background-media":"","overlay-type":"","overlay-color":"","overlay-opacity":"","overlay-gradient":""}},"_jetpack_memberships_contains_paid_content":false,"_joinchat":[],"footnotes":""},"categories":[1],"tags":[],"class_list":["post-110597","post","type-post","status-publish","format-standard","has-post-thumbnail","hentry","category-sin-categoria"],"yoast_head":"<!-- This site is optimized with the Yoast SEO plugin v26.8 - https:\/\/yoast.com\/product\/yoast-seo-wordpress\/ -->\n<title>- El Regional<\/title>\n<meta name=\"robots\" content=\"index, follow, max-snippet:-1, max-image-preview:large, max-video-preview:-1\" \/>\n<link rel=\"canonical\" href=\"https:\/\/elregionalvm.com.ar\/noticias-villa-maria\/110597-2\/\" \/>\n<meta property=\"og:locale\" content=\"es_ES\" \/>\n<meta property=\"og:type\" content=\"article\" \/>\n<meta property=\"og:title\" content=\"- El Regional\" \/>\n<meta property=\"og:description\" content=\"\u201cEn menos de 30 d\u00edas hemos recorrido las 13 obras, firmado las 13 actas y ya todas est\u00e1n siendo puestas en marcha. Tenemos la satisfacci\u00f3n de ser parte de un gobierno que dice y hace\u201d, se\u00f1al\u00f3 la ministra de Desarrollo Humano, Liliana Montero, al referirse a los Centros de Desarrollo Infantil (CDI) que ya ejecuta [&hellip;]\" \/>\n<meta property=\"og:url\" content=\"https:\/\/elregionalvm.com.ar\/noticias-villa-maria\/110597-2\/\" \/>\n<meta property=\"og:site_name\" content=\"El Regional\" \/>\n<meta property=\"article:publisher\" content=\"https:\/\/www.facebook.com\/elregionalvm\" \/>\n<meta property=\"article:published_time\" content=\"2025-10-03T01:02:31+00:00\" \/>\n<meta property=\"article:modified_time\" content=\"2025-10-03T01:02:53+00:00\" \/>\n<meta property=\"og:image\" content=\"https:\/\/elregionalvm.com.ar\/noticias-villa-maria\/wp-content\/uploads\/2025\/10\/WhatsApp-Image-2025-09-29-at-15.33.03.jpeg\" \/>\n\t<meta property=\"og:image:width\" content=\"801\" \/>\n\t<meta property=\"og:image:height\" content=\"475\" \/>\n\t<meta property=\"og:image:type\" content=\"image\/jpeg\" \/>\n<meta name=\"author\" content=\"Contenidos El Regional\" \/>\n<meta name=\"twitter:card\" content=\"summary_large_image\" \/>\n<meta name=\"twitter:creator\" content=\"@elregionalvm1\" \/>\n<meta name=\"twitter:site\" content=\"@elregionalvm1\" \/>\n<meta name=\"twitter:label1\" content=\"Escrito por\" \/>\n\t<meta name=\"twitter:data1\" content=\"Contenidos El Regional\" \/>\n\t<meta name=\"twitter:label2\" content=\"Tiempo de lectura\" \/>\n\t<meta name=\"twitter:data2\" content=\"5 minutos\" \/>\n<script type=\"application\/ld+json\" class=\"yoast-schema-graph\">{\"@context\":\"https:\/\/schema.org\",\"@graph\":[{\"@type\":\"Article\",\"@id\":\"https:\/\/elregionalvm.com.ar\/noticias-villa-maria\/110597-2\/#article\",\"isPartOf\":{\"@id\":\"https:\/\/elregionalvm.com.ar\/noticias-villa-maria\/110597-2\/\"},\"author\":{\"name\":\"Contenidos El Regional\",\"@id\":\"http:\/\/elregionalvm.com.ar\/noticias-villa-maria\/#\/schema\/person\/a0fb9c422317faca23d50163151bc354\"},\"headline\":\"Sin t\u00edtulo\",\"datePublished\":\"2025-10-03T01:02:31+00:00\",\"dateModified\":\"2025-10-03T01:02:53+00:00\",\"mainEntityOfPage\":{\"@id\":\"https:\/\/elregionalvm.com.ar\/noticias-villa-maria\/110597-2\/\"},\"wordCount\":899,\"commentCount\":0,\"image\":{\"@id\":\"https:\/\/elregionalvm.com.ar\/noticias-villa-maria\/110597-2\/#primaryimage\"},\"thumbnailUrl\":\"https:\/\/i0.wp.com\/elregionalvm.com.ar\/noticias-villa-maria\/wp-content\/uploads\/2025\/10\/WhatsApp-Image-2025-09-29-at-15.33.03.jpeg?fit=801%2C475&ssl=1\",\"inLanguage\":\"es\",\"potentialAction\":[{\"@type\":\"CommentAction\",\"name\":\"Comment\",\"target\":[\"https:\/\/elregionalvm.com.ar\/noticias-villa-maria\/110597-2\/#respond\"]}]},{\"@type\":\"WebPage\",\"@id\":\"https:\/\/elregionalvm.com.ar\/noticias-villa-maria\/110597-2\/\",\"url\":\"https:\/\/elregionalvm.com.ar\/noticias-villa-maria\/110597-2\/\",\"name\":\"- El Regional\",\"isPartOf\":{\"@id\":\"http:\/\/elregionalvm.com.ar\/noticias-villa-maria\/#website\"},\"primaryImageOfPage\":{\"@id\":\"https:\/\/elregionalvm.com.ar\/noticias-villa-maria\/110597-2\/#primaryimage\"},\"image\":{\"@id\":\"https:\/\/elregionalvm.com.ar\/noticias-villa-maria\/110597-2\/#primaryimage\"},\"thumbnailUrl\":\"https:\/\/i0.wp.com\/elregionalvm.com.ar\/noticias-villa-maria\/wp-content\/uploads\/2025\/10\/WhatsApp-Image-2025-09-29-at-15.33.03.jpeg?fit=801%2C475&ssl=1\",\"datePublished\":\"2025-10-03T01:02:31+00:00\",\"dateModified\":\"2025-10-03T01:02:53+00:00\",\"author\":{\"@id\":\"http:\/\/elregionalvm.com.ar\/noticias-villa-maria\/#\/schema\/person\/a0fb9c422317faca23d50163151bc354\"},\"inLanguage\":\"es\",\"potentialAction\":[{\"@type\":\"ReadAction\",\"target\":[\"https:\/\/elregionalvm.com.ar\/noticias-villa-maria\/110597-2\/\"]}]},{\"@type\":\"ImageObject\",\"inLanguage\":\"es\",\"@id\":\"https:\/\/elregionalvm.com.ar\/noticias-villa-maria\/110597-2\/#primaryimage\",\"url\":\"https:\/\/i0.wp.com\/elregionalvm.com.ar\/noticias-villa-maria\/wp-content\/uploads\/2025\/10\/WhatsApp-Image-2025-09-29-at-15.33.03.jpeg?fit=801%2C475&ssl=1\",\"contentUrl\":\"https:\/\/i0.wp.com\/elregionalvm.com.ar\/noticias-villa-maria\/wp-content\/uploads\/2025\/10\/WhatsApp-Image-2025-09-29-at-15.33.03.jpeg?fit=801%2C475&ssl=1\",\"width\":801,\"height\":475},{\"@type\":\"WebSite\",\"@id\":\"http:\/\/elregionalvm.com.ar\/noticias-villa-maria\/#website\",\"url\":\"http:\/\/elregionalvm.com.ar\/noticias-villa-maria\/\",\"name\":\"El Regional\",\"description\":\"Mucho m\u00e1s que informaci\u00f3n\",\"potentialAction\":[{\"@type\":\"SearchAction\",\"target\":{\"@type\":\"EntryPoint\",\"urlTemplate\":\"http:\/\/elregionalvm.com.ar\/noticias-villa-maria\/?s={search_term_string}\"},\"query-input\":{\"@type\":\"PropertyValueSpecification\",\"valueRequired\":true,\"valueName\":\"search_term_string\"}}],\"inLanguage\":\"es\"},{\"@type\":\"Person\",\"@id\":\"http:\/\/elregionalvm.com.ar\/noticias-villa-maria\/#\/schema\/person\/a0fb9c422317faca23d50163151bc354\",\"name\":\"Contenidos El Regional\",\"image\":{\"@type\":\"ImageObject\",\"inLanguage\":\"es\",\"@id\":\"http:\/\/elregionalvm.com.ar\/noticias-villa-maria\/#\/schema\/person\/image\/\",\"url\":\"https:\/\/secure.gravatar.com\/avatar\/265b27cb2209af7bb3a1318f03305787d7981a5cc6e6cd08fe5a4ecdf99d4b48?s=96&d=mm&r=g\",\"contentUrl\":\"https:\/\/secure.gravatar.com\/avatar\/265b27cb2209af7bb3a1318f03305787d7981a5cc6e6cd08fe5a4ecdf99d4b48?s=96&d=mm&r=g\",\"caption\":\"Contenidos El Regional\"},\"url\":\"https:\/\/elregionalvm.com.ar\/noticias-villa-maria\/author\/contenido\/\"}]}<\/script>\n<!-- \/ Yoast SEO plugin. -->","yoast_head_json":{"title":"- El Regional","robots":{"index":"index","follow":"follow","max-snippet":"max-snippet:-1","max-image-preview":"max-image-preview:large","max-video-preview":"max-video-preview:-1"},"canonical":"https:\/\/elregionalvm.com.ar\/noticias-villa-maria\/110597-2\/","og_locale":"es_ES","og_type":"article","og_title":"- El Regional","og_description":"\u201cEn menos de 30 d\u00edas hemos recorrido las 13 obras, firmado las 13 actas y ya todas est\u00e1n siendo puestas en marcha. Tenemos la satisfacci\u00f3n de ser parte de un gobierno que dice y hace\u201d, se\u00f1al\u00f3 la ministra de Desarrollo Humano, Liliana Montero, al referirse a los Centros de Desarrollo Infantil (CDI) que ya ejecuta [&hellip;]","og_url":"https:\/\/elregionalvm.com.ar\/noticias-villa-maria\/110597-2\/","og_site_name":"El Regional","article_publisher":"https:\/\/www.facebook.com\/elregionalvm","article_published_time":"2025-10-03T01:02:31+00:00","article_modified_time":"2025-10-03T01:02:53+00:00","og_image":[{"width":801,"height":475,"url":"https:\/\/elregionalvm.com.ar\/noticias-villa-maria\/wp-content\/uploads\/2025\/10\/WhatsApp-Image-2025-09-29-at-15.33.03.jpeg","type":"image\/jpeg"}],"author":"Contenidos El Regional","twitter_card":"summary_large_image","twitter_creator":"@elregionalvm1","twitter_site":"@elregionalvm1","twitter_misc":{"Escrito por":"Contenidos El Regional","Tiempo de lectura":"5 minutos"},"schema":{"@context":"https:\/\/schema.org","@graph":[{"@type":"Article","@id":"https:\/\/elregionalvm.com.ar\/noticias-villa-maria\/110597-2\/#article","isPartOf":{"@id":"https:\/\/elregionalvm.com.ar\/noticias-villa-maria\/110597-2\/"},"author":{"name":"Contenidos El Regional","@id":"http:\/\/elregionalvm.com.ar\/noticias-villa-maria\/#\/schema\/person\/a0fb9c422317faca23d50163151bc354"},"headline":"Sin t\u00edtulo","datePublished":"2025-10-03T01:02:31+00:00","dateModified":"2025-10-03T01:02:53+00:00","mainEntityOfPage":{"@id":"https:\/\/elregionalvm.com.ar\/noticias-villa-maria\/110597-2\/"},"wordCount":899,"commentCount":0,"image":{"@id":"https:\/\/elregionalvm.com.ar\/noticias-villa-maria\/110597-2\/#primaryimage"},"thumbnailUrl":"https:\/\/i0.wp.com\/elregionalvm.com.ar\/noticias-villa-maria\/wp-content\/uploads\/2025\/10\/WhatsApp-Image-2025-09-29-at-15.33.03.jpeg?fit=801%2C475&ssl=1","inLanguage":"es","potentialAction":[{"@type":"CommentAction","name":"Comment","target":["https:\/\/elregionalvm.com.ar\/noticias-villa-maria\/110597-2\/#respond"]}]},{"@type":"WebPage","@id":"https:\/\/elregionalvm.com.ar\/noticias-villa-maria\/110597-2\/","url":"https:\/\/elregionalvm.com.ar\/noticias-villa-maria\/110597-2\/","name":"- El Regional","isPartOf":{"@id":"http:\/\/elregionalvm.com.ar\/noticias-villa-maria\/#website"},"primaryImageOfPage":{"@id":"https:\/\/elregionalvm.com.ar\/noticias-villa-maria\/110597-2\/#primaryimage"},"image":{"@id":"https:\/\/elregionalvm.com.ar\/noticias-villa-maria\/110597-2\/#primaryimage"},"thumbnailUrl":"https:\/\/i0.wp.com\/elregionalvm.com.ar\/noticias-villa-maria\/wp-content\/uploads\/2025\/10\/WhatsApp-Image-2025-09-29-at-15.33.03.jpeg?fit=801%2C475&ssl=1","datePublished":"2025-10-03T01:02:31+00:00","dateModified":"2025-10-03T01:02:53+00:00","author":{"@id":"http:\/\/elregionalvm.com.ar\/noticias-villa-maria\/#\/schema\/person\/a0fb9c422317faca23d50163151bc354"},"inLanguage":"es","potentialAction":[{"@type":"ReadAction","target":["https:\/\/elregionalvm.com.ar\/noticias-villa-maria\/110597-2\/"]}]},{"@type":"ImageObject","inLanguage":"es","@id":"https:\/\/elregionalvm.com.ar\/noticias-villa-maria\/110597-2\/#primaryimage","url":"https:\/\/i0.wp.com\/elregionalvm.com.ar\/noticias-villa-maria\/wp-content\/uploads\/2025\/10\/WhatsApp-Image-2025-09-29-at-15.33.03.jpeg?fit=801%2C475&ssl=1","contentUrl":"https:\/\/i0.wp.com\/elregionalvm.com.ar\/noticias-villa-maria\/wp-content\/uploads\/2025\/10\/WhatsApp-Image-2025-09-29-at-15.33.03.jpeg?fit=801%2C475&ssl=1","width":801,"height":475},{"@type":"WebSite","@id":"http:\/\/elregionalvm.com.ar\/noticias-villa-maria\/#website","url":"http:\/\/elregionalvm.com.ar\/noticias-villa-maria\/","name":"El Regional","description":"Mucho m\u00e1s que informaci\u00f3n","potentialAction":[{"@type":"SearchAction","target":{"@type":"EntryPoint","urlTemplate":"http:\/\/elregionalvm.com.ar\/noticias-villa-maria\/?s={search_term_string}"},"query-input":{"@type":"PropertyValueSpecification","valueRequired":true,"valueName":"search_term_string"}}],"inLanguage":"es"},{"@type":"Person","@id":"http:\/\/elregionalvm.com.ar\/noticias-villa-maria\/#\/schema\/person\/a0fb9c422317faca23d50163151bc354","name":"Contenidos El Regional","image":{"@type":"ImageObject","inLanguage":"es","@id":"http:\/\/elregionalvm.com.ar\/noticias-villa-maria\/#\/schema\/person\/image\/","url":"https:\/\/secure.gravatar.com\/avatar\/265b27cb2209af7bb3a1318f03305787d7981a5cc6e6cd08fe5a4ecdf99d4b48?s=96&d=mm&r=g","contentUrl":"https:\/\/secure.gravatar.com\/avatar\/265b27cb2209af7bb3a1318f03305787d7981a5cc6e6cd08fe5a4ecdf99d4b48?s=96&d=mm&r=g","caption":"Contenidos El Regional"},"url":"https:\/\/elregionalvm.com.ar\/noticias-villa-maria\/author\/contenido\/"}]}},"jetpack_featured_media_url":"https:\/\/i0.wp.com\/elregionalvm.com.ar\/noticias-villa-maria\/wp-content\/uploads\/2025\/10\/WhatsApp-Image-2025-09-29-at-15.33.03.jpeg?fit=801%2C475&ssl=1","jetpack_sharing_enabled":true,"_links":{"self":[{"href":"https:\/\/elregionalvm.com.ar\/noticias-villa-maria\/wp-json\/wp\/v2\/posts\/110597","targetHints":{"allow":["GET"]}}],"collection":[{"href":"https:\/\/elregionalvm.com.ar\/noticias-villa-maria\/wp-json\/wp\/v2\/posts"}],"about":[{"href":"https:\/\/elregionalvm.com.ar\/noticias-villa-maria\/wp-json\/wp\/v2\/types\/post"}],"author":[{"embeddable":true,"href":"https:\/\/elregionalvm.com.ar\/noticias-villa-maria\/wp-json\/wp\/v2\/users\/4"}],"replies":[{"embeddable":true,"href":"https:\/\/elregionalvm.com.ar\/noticias-villa-maria\/wp-json\/wp\/v2\/comments?post=110597"}],"version-history":[{"count":1,"href":"https:\/\/elregionalvm.com.ar\/noticias-villa-maria\/wp-json\/wp\/v2\/posts\/110597\/revisions"}],"predecessor-version":[{"id":110599,"href":"https:\/\/elregionalvm.com.ar\/noticias-villa-maria\/wp-json\/wp\/v2\/posts\/110597\/revisions\/110599"}],"wp:featuredmedia":[{"embeddable":true,"href":"https:\/\/elregionalvm.com.ar\/noticias-villa-maria\/wp-json\/wp\/v2\/media\/110598"}],"wp:attachment":[{"href":"https:\/\/elregionalvm.com.ar\/noticias-villa-maria\/wp-json\/wp\/v2\/media?parent=110597"}],"wp:term":[{"taxonomy":"category","embeddable":true,"href":"https:\/\/elregionalvm.com.ar\/noticias-villa-maria\/wp-json\/wp\/v2\/categories?post=110597"},{"taxonomy":"post_tag","embeddable":true,"href":"https:\/\/elregionalvm.com.ar\/noticias-villa-maria\/wp-json\/wp\/v2\/tags?post=110597"}],"curies":[{"name":"wp","href":"https:\/\/api.w.org\/{rel}","templated":true}]}}