{"id":110600,"date":"2025-10-03T01:06:03","date_gmt":"2025-10-03T01:06:03","guid":{"rendered":"https:\/\/elregionalvm.com.ar\/noticias-villa-maria\/?p=110600"},"modified":"2025-10-03T01:06:05","modified_gmt":"2025-10-03T01:06:05","slug":"bomberos-voluntarios-recibieron-aporte-economico","status":"publish","type":"post","link":"https:\/\/elregionalvm.com.ar\/noticias-villa-maria\/bomberos-voluntarios-recibieron-aporte-economico\/","title":{"rendered":"Bomberos Voluntarios recibieron aporte econ\u00f3mico"},"content":{"rendered":"\n<p>El intendente Eduardo Accastello, junto a la legisladora provincial, Ver\u00f3nica Navarro Alegre, realizaron la entrega de un aporte econ\u00f3mico a la Asociaci\u00f3n de Bomberos Voluntarios de Villa Mar\u00eda.<\/p>\n\n\n\n<p>Por parte de la entidad recibieron el mismo, el presidente de la Comisi\u00f3n Directiva de la instituci\u00f3n, Dante Roganti, y el jefe del cuerpo activo, Gustavo Nicola.<\/p>\n\n\n\n<p>Al respecto, el intendente&nbsp;<strong>Eduardo Accastello<\/strong>, expres\u00f3:&nbsp;<em><strong>\u201cEstamos presentes apoyando la tarea de nuestros servidores, fundamentalmente en momentos donde los recursos son escasos. Nos sentimos muy orgullosos de nuestros Bomberos Voluntarios que son reconocidos nacionalmente por su accionar y equipamiento\u201d.<\/strong><\/em><\/p>\n\n\n\n<p>Por su parte, la legisladora Navarro Alegre, expres\u00f3:&nbsp;<em>\u00abEl aporte solicitado por nuestro querido cuartel de bomberos va a ser utilizado para cambiar techos y pisos del cuartel. Es una instituci\u00f3n que est\u00e1 pr\u00f3xima a cumplir 75 a\u00f1os de edad, as\u00ed que entre toda la comunidad y el gobierno de la provincia de C\u00f3rdoba los queremos acompa\u00f1ar en este aniversario\u2019\u2019.<\/em><\/p>\n\n\n\n<p>De igual modo, Nicola agreg\u00f3:&nbsp;<em>\u2018\u2019Con este aporte del Gobierno de C\u00f3rdoba, y gracias al acompa\u00f1amiento de la Municipalidad y del intendente, podremos encarar la reforma edilicia de nuestra instituci\u00f3n. A lo largo de estos a\u00f1os priorizamos el equipamiento y las autobombas, pero ahora es momento de mejorar nuestras instalaciones para que est\u00e9n a la altura del 75\u00ba aniversario de los Bomberos de Villa Mar\u00eda.\u201d<\/em><\/p>\n\n\n\n<p>En el marco del encuentro, se otorg\u00f3 un aporte provincial de 40 millones de pesos, que ser\u00e1 destinado a obras de remodelaci\u00f3n y puesta en valor de la sede de la instituci\u00f3n, ubicada en el centro de la ciudad.<\/p>\n","protected":false},"excerpt":{"rendered":"<p>El intendente Eduardo Accastello, junto a la legisladora provincial, Ver\u00f3nica Navarro Alegre, realizaron la entrega de un aporte econ\u00f3mico a la Asociaci\u00f3n de Bomberos Voluntarios de Villa Mar\u00eda. Por parte de la entidad recibieron el mismo, el presidente de la Comisi\u00f3n Directiva de la instituci\u00f3n, Dante Roganti, y el jefe del cuerpo activo, Gustavo Nicola. [&hellip;]<\/p>\n","protected":false},"author":4,"featured_media":110601,"comment_status":"open","ping_status":"open","sticky":false,"template":"","format":"standard","meta":{"site-sidebar-layout":"default","site-content-layout":"","ast-site-content-layout":"default","site-content-style":"default","site-sidebar-style":"default","ast-global-header-display":"","ast-banner-title-visibility":"","ast-main-header-display":"","ast-hfb-above-header-display":"","ast-hfb-below-header-display":"","ast-hfb-mobile-header-display":"","site-post-title":"","ast-breadcrumbs-content":"","ast-featured-img":"","footer-sml-layout":"","ast-disable-related-posts":"","theme-transparent-header-meta":"","adv-header-id-meta":"","stick-header-meta":"","header-above-stick-meta":"","header-main-stick-meta":"","header-below-stick-meta":"","astra-migrate-meta-layouts":"set","ast-page-background-enabled":"default","ast-page-background-meta":{"desktop":{"background-color":"","background-image":"","background-repeat":"repeat","background-position":"center center","background-size":"auto","background-attachment":"scroll","background-type":"","background-media":"","overlay-type":"","overlay-color":"","overlay-opacity":"","overlay-gradient":""},"tablet":{"background-color":"","background-image":"","background-repeat":"repeat","background-position":"center center","background-size":"auto","background-attachment":"scroll","background-type":"","background-media":"","overlay-type":"","overlay-color":"","overlay-opacity":"","overlay-gradient":""},"mobile":{"background-color":"","background-image":"","background-repeat":"repeat","background-position":"center center","background-size":"auto","background-attachment":"scroll","background-type":"","background-media":"","overlay-type":"","overlay-color":"","overlay-opacity":"","overlay-gradient":""}},"ast-content-background-meta":{"desktop":{"background-color":"var(--ast-global-color-5)","background-image":"","background-repeat":"repeat","background-position":"center center","background-size":"auto","background-attachment":"scroll","background-type":"","background-media":"","overlay-type":"","overlay-color":"","overlay-opacity":"","overlay-gradient":""},"tablet":{"background-color":"var(--ast-global-color-5)","background-image":"","background-repeat":"repeat","background-position":"center center","background-size":"auto","background-attachment":"scroll","background-type":"","background-media":"","overlay-type":"","overlay-color":"","overlay-opacity":"","overlay-gradient":""},"mobile":{"background-color":"var(--ast-global-color-5)","background-image":"","background-repeat":"repeat","background-position":"center center","background-size":"auto","background-attachment":"scroll","background-type":"","background-media":"","overlay-type":"","overlay-color":"","overlay-opacity":"","overlay-gradient":""}},"_jetpack_memberships_contains_paid_content":false,"_joinchat":[],"footnotes":""},"categories":[15302,5,2],"tags":[],"class_list":["post-110600","post","type-post","status-publish","format-standard","has-post-thumbnail","hentry","category-destacado","category-sociedad","category-villa-maria"],"yoast_head":"<!-- This site is optimized with the Yoast SEO plugin v26.8 - https:\/\/yoast.com\/product\/yoast-seo-wordpress\/ -->\n<title>Bomberos Voluntarios recibieron aporte econ\u00f3mico - El Regional<\/title>\n<meta name=\"robots\" content=\"index, follow, max-snippet:-1, max-image-preview:large, max-video-preview:-1\" \/>\n<link rel=\"canonical\" href=\"https:\/\/elregionalvm.com.ar\/noticias-villa-maria\/bomberos-voluntarios-recibieron-aporte-economico\/\" \/>\n<meta property=\"og:locale\" content=\"es_ES\" \/>\n<meta property=\"og:type\" content=\"article\" \/>\n<meta property=\"og:title\" content=\"Bomberos Voluntarios recibieron aporte econ\u00f3mico - El Regional\" \/>\n<meta property=\"og:description\" content=\"El intendente Eduardo Accastello, junto a la legisladora provincial, Ver\u00f3nica Navarro Alegre, realizaron la entrega de un aporte econ\u00f3mico a la Asociaci\u00f3n de Bomberos Voluntarios de Villa Mar\u00eda. Por parte de la entidad recibieron el mismo, el presidente de la Comisi\u00f3n Directiva de la instituci\u00f3n, Dante Roganti, y el jefe del cuerpo activo, Gustavo Nicola. [&hellip;]\" \/>\n<meta property=\"og:url\" content=\"https:\/\/elregionalvm.com.ar\/noticias-villa-maria\/bomberos-voluntarios-recibieron-aporte-economico\/\" \/>\n<meta property=\"og:site_name\" content=\"El Regional\" \/>\n<meta property=\"article:publisher\" content=\"https:\/\/www.facebook.com\/elregionalvm\" \/>\n<meta property=\"article:published_time\" content=\"2025-10-03T01:06:03+00:00\" \/>\n<meta property=\"article:modified_time\" content=\"2025-10-03T01:06:05+00:00\" \/>\n<meta property=\"og:image\" content=\"https:\/\/elregionalvm.com.ar\/noticias-villa-maria\/wp-content\/uploads\/2025\/10\/04352028587a4eeab28f2e09136d3447.jpeg\" \/>\n\t<meta property=\"og:image:width\" content=\"800\" \/>\n\t<meta property=\"og:image:height\" content=\"600\" \/>\n\t<meta property=\"og:image:type\" content=\"image\/jpeg\" \/>\n<meta name=\"author\" content=\"Contenidos El Regional\" \/>\n<meta name=\"twitter:card\" content=\"summary_large_image\" \/>\n<meta name=\"twitter:creator\" content=\"@elregionalvm1\" \/>\n<meta name=\"twitter:site\" content=\"@elregionalvm1\" \/>\n<meta name=\"twitter:label1\" content=\"Escrito por\" \/>\n\t<meta name=\"twitter:data1\" content=\"Contenidos El Regional\" \/>\n\t<meta name=\"twitter:label2\" content=\"Tiempo de lectura\" \/>\n\t<meta name=\"twitter:data2\" content=\"2 minutos\" \/>\n<script type=\"application\/ld+json\" class=\"yoast-schema-graph\">{\"@context\":\"https:\/\/schema.org\",\"@graph\":[{\"@type\":\"Article\",\"@id\":\"https:\/\/elregionalvm.com.ar\/noticias-villa-maria\/bomberos-voluntarios-recibieron-aporte-economico\/#article\",\"isPartOf\":{\"@id\":\"https:\/\/elregionalvm.com.ar\/noticias-villa-maria\/bomberos-voluntarios-recibieron-aporte-economico\/\"},\"author\":{\"name\":\"Contenidos El Regional\",\"@id\":\"http:\/\/elregionalvm.com.ar\/noticias-villa-maria\/#\/schema\/person\/a0fb9c422317faca23d50163151bc354\"},\"headline\":\"Bomberos Voluntarios recibieron aporte econ\u00f3mico\",\"datePublished\":\"2025-10-03T01:06:03+00:00\",\"dateModified\":\"2025-10-03T01:06:05+00:00\",\"mainEntityOfPage\":{\"@id\":\"https:\/\/elregionalvm.com.ar\/noticias-villa-maria\/bomberos-voluntarios-recibieron-aporte-economico\/\"},\"wordCount\":285,\"commentCount\":0,\"image\":{\"@id\":\"https:\/\/elregionalvm.com.ar\/noticias-villa-maria\/bomberos-voluntarios-recibieron-aporte-economico\/#primaryimage\"},\"thumbnailUrl\":\"https:\/\/i0.wp.com\/elregionalvm.com.ar\/noticias-villa-maria\/wp-content\/uploads\/2025\/10\/04352028587a4eeab28f2e09136d3447.jpeg?fit=800%2C600&ssl=1\",\"articleSection\":[\"destacado\",\"Sociedad\",\"Villa Mar\u00eda\"],\"inLanguage\":\"es\",\"potentialAction\":[{\"@type\":\"CommentAction\",\"name\":\"Comment\",\"target\":[\"https:\/\/elregionalvm.com.ar\/noticias-villa-maria\/bomberos-voluntarios-recibieron-aporte-economico\/#respond\"]}]},{\"@type\":\"WebPage\",\"@id\":\"https:\/\/elregionalvm.com.ar\/noticias-villa-maria\/bomberos-voluntarios-recibieron-aporte-economico\/\",\"url\":\"https:\/\/elregionalvm.com.ar\/noticias-villa-maria\/bomberos-voluntarios-recibieron-aporte-economico\/\",\"name\":\"Bomberos Voluntarios recibieron aporte econ\u00f3mico - El Regional\",\"isPartOf\":{\"@id\":\"http:\/\/elregionalvm.com.ar\/noticias-villa-maria\/#website\"},\"primaryImageOfPage\":{\"@id\":\"https:\/\/elregionalvm.com.ar\/noticias-villa-maria\/bomberos-voluntarios-recibieron-aporte-economico\/#primaryimage\"},\"image\":{\"@id\":\"https:\/\/elregionalvm.com.ar\/noticias-villa-maria\/bomberos-voluntarios-recibieron-aporte-economico\/#primaryimage\"},\"thumbnailUrl\":\"https:\/\/i0.wp.com\/elregionalvm.com.ar\/noticias-villa-maria\/wp-content\/uploads\/2025\/10\/04352028587a4eeab28f2e09136d3447.jpeg?fit=800%2C600&ssl=1\",\"datePublished\":\"2025-10-03T01:06:03+00:00\",\"dateModified\":\"2025-10-03T01:06:05+00:00\",\"author\":{\"@id\":\"http:\/\/elregionalvm.com.ar\/noticias-villa-maria\/#\/schema\/person\/a0fb9c422317faca23d50163151bc354\"},\"breadcrumb\":{\"@id\":\"https:\/\/elregionalvm.com.ar\/noticias-villa-maria\/bomberos-voluntarios-recibieron-aporte-economico\/#breadcrumb\"},\"inLanguage\":\"es\",\"potentialAction\":[{\"@type\":\"ReadAction\",\"target\":[\"https:\/\/elregionalvm.com.ar\/noticias-villa-maria\/bomberos-voluntarios-recibieron-aporte-economico\/\"]}]},{\"@type\":\"ImageObject\",\"inLanguage\":\"es\",\"@id\":\"https:\/\/elregionalvm.com.ar\/noticias-villa-maria\/bomberos-voluntarios-recibieron-aporte-economico\/#primaryimage\",\"url\":\"https:\/\/i0.wp.com\/elregionalvm.com.ar\/noticias-villa-maria\/wp-content\/uploads\/2025\/10\/04352028587a4eeab28f2e09136d3447.jpeg?fit=800%2C600&ssl=1\",\"contentUrl\":\"https:\/\/i0.wp.com\/elregionalvm.com.ar\/noticias-villa-maria\/wp-content\/uploads\/2025\/10\/04352028587a4eeab28f2e09136d3447.jpeg?fit=800%2C600&ssl=1\",\"width\":800,\"height\":600},{\"@type\":\"BreadcrumbList\",\"@id\":\"https:\/\/elregionalvm.com.ar\/noticias-villa-maria\/bomberos-voluntarios-recibieron-aporte-economico\/#breadcrumb\",\"itemListElement\":[{\"@type\":\"ListItem\",\"position\":1,\"name\":\"Portada\",\"item\":\"https:\/\/elregionalvm.com.ar\/noticias-villa-maria\/\"},{\"@type\":\"ListItem\",\"position\":2,\"name\":\"Bomberos Voluntarios recibieron aporte econ\u00f3mico\"}]},{\"@type\":\"WebSite\",\"@id\":\"http:\/\/elregionalvm.com.ar\/noticias-villa-maria\/#website\",\"url\":\"http:\/\/elregionalvm.com.ar\/noticias-villa-maria\/\",\"name\":\"El Regional\",\"description\":\"Mucho m\u00e1s que informaci\u00f3n\",\"potentialAction\":[{\"@type\":\"SearchAction\",\"target\":{\"@type\":\"EntryPoint\",\"urlTemplate\":\"http:\/\/elregionalvm.com.ar\/noticias-villa-maria\/?s={search_term_string}\"},\"query-input\":{\"@type\":\"PropertyValueSpecification\",\"valueRequired\":true,\"valueName\":\"search_term_string\"}}],\"inLanguage\":\"es\"},{\"@type\":\"Person\",\"@id\":\"http:\/\/elregionalvm.com.ar\/noticias-villa-maria\/#\/schema\/person\/a0fb9c422317faca23d50163151bc354\",\"name\":\"Contenidos El Regional\",\"image\":{\"@type\":\"ImageObject\",\"inLanguage\":\"es\",\"@id\":\"http:\/\/elregionalvm.com.ar\/noticias-villa-maria\/#\/schema\/person\/image\/\",\"url\":\"https:\/\/secure.gravatar.com\/avatar\/265b27cb2209af7bb3a1318f03305787d7981a5cc6e6cd08fe5a4ecdf99d4b48?s=96&d=mm&r=g\",\"contentUrl\":\"https:\/\/secure.gravatar.com\/avatar\/265b27cb2209af7bb3a1318f03305787d7981a5cc6e6cd08fe5a4ecdf99d4b48?s=96&d=mm&r=g\",\"caption\":\"Contenidos El Regional\"},\"url\":\"https:\/\/elregionalvm.com.ar\/noticias-villa-maria\/author\/contenido\/\"}]}<\/script>\n<!-- \/ Yoast SEO plugin. -->","yoast_head_json":{"title":"Bomberos Voluntarios recibieron aporte econ\u00f3mico - El Regional","robots":{"index":"index","follow":"follow","max-snippet":"max-snippet:-1","max-image-preview":"max-image-preview:large","max-video-preview":"max-video-preview:-1"},"canonical":"https:\/\/elregionalvm.com.ar\/noticias-villa-maria\/bomberos-voluntarios-recibieron-aporte-economico\/","og_locale":"es_ES","og_type":"article","og_title":"Bomberos Voluntarios recibieron aporte econ\u00f3mico - El Regional","og_description":"El intendente Eduardo Accastello, junto a la legisladora provincial, Ver\u00f3nica Navarro Alegre, realizaron la entrega de un aporte econ\u00f3mico a la Asociaci\u00f3n de Bomberos Voluntarios de Villa Mar\u00eda. Por parte de la entidad recibieron el mismo, el presidente de la Comisi\u00f3n Directiva de la instituci\u00f3n, Dante Roganti, y el jefe del cuerpo activo, Gustavo Nicola. [&hellip;]","og_url":"https:\/\/elregionalvm.com.ar\/noticias-villa-maria\/bomberos-voluntarios-recibieron-aporte-economico\/","og_site_name":"El Regional","article_publisher":"https:\/\/www.facebook.com\/elregionalvm","article_published_time":"2025-10-03T01:06:03+00:00","article_modified_time":"2025-10-03T01:06:05+00:00","og_image":[{"width":800,"height":600,"url":"https:\/\/elregionalvm.com.ar\/noticias-villa-maria\/wp-content\/uploads\/2025\/10\/04352028587a4eeab28f2e09136d3447.jpeg","type":"image\/jpeg"}],"author":"Contenidos El Regional","twitter_card":"summary_large_image","twitter_creator":"@elregionalvm1","twitter_site":"@elregionalvm1","twitter_misc":{"Escrito por":"Contenidos El Regional","Tiempo de lectura":"2 minutos"},"schema":{"@context":"https:\/\/schema.org","@graph":[{"@type":"Article","@id":"https:\/\/elregionalvm.com.ar\/noticias-villa-maria\/bomberos-voluntarios-recibieron-aporte-economico\/#article","isPartOf":{"@id":"https:\/\/elregionalvm.com.ar\/noticias-villa-maria\/bomberos-voluntarios-recibieron-aporte-economico\/"},"author":{"name":"Contenidos El Regional","@id":"http:\/\/elregionalvm.com.ar\/noticias-villa-maria\/#\/schema\/person\/a0fb9c422317faca23d50163151bc354"},"headline":"Bomberos Voluntarios recibieron aporte econ\u00f3mico","datePublished":"2025-10-03T01:06:03+00:00","dateModified":"2025-10-03T01:06:05+00:00","mainEntityOfPage":{"@id":"https:\/\/elregionalvm.com.ar\/noticias-villa-maria\/bomberos-voluntarios-recibieron-aporte-economico\/"},"wordCount":285,"commentCount":0,"image":{"@id":"https:\/\/elregionalvm.com.ar\/noticias-villa-maria\/bomberos-voluntarios-recibieron-aporte-economico\/#primaryimage"},"thumbnailUrl":"https:\/\/i0.wp.com\/elregionalvm.com.ar\/noticias-villa-maria\/wp-content\/uploads\/2025\/10\/04352028587a4eeab28f2e09136d3447.jpeg?fit=800%2C600&ssl=1","articleSection":["destacado","Sociedad","Villa Mar\u00eda"],"inLanguage":"es","potentialAction":[{"@type":"CommentAction","name":"Comment","target":["https:\/\/elregionalvm.com.ar\/noticias-villa-maria\/bomberos-voluntarios-recibieron-aporte-economico\/#respond"]}]},{"@type":"WebPage","@id":"https:\/\/elregionalvm.com.ar\/noticias-villa-maria\/bomberos-voluntarios-recibieron-aporte-economico\/","url":"https:\/\/elregionalvm.com.ar\/noticias-villa-maria\/bomberos-voluntarios-recibieron-aporte-economico\/","name":"Bomberos Voluntarios recibieron aporte econ\u00f3mico - El Regional","isPartOf":{"@id":"http:\/\/elregionalvm.com.ar\/noticias-villa-maria\/#website"},"primaryImageOfPage":{"@id":"https:\/\/elregionalvm.com.ar\/noticias-villa-maria\/bomberos-voluntarios-recibieron-aporte-economico\/#primaryimage"},"image":{"@id":"https:\/\/elregionalvm.com.ar\/noticias-villa-maria\/bomberos-voluntarios-recibieron-aporte-economico\/#primaryimage"},"thumbnailUrl":"https:\/\/i0.wp.com\/elregionalvm.com.ar\/noticias-villa-maria\/wp-content\/uploads\/2025\/10\/04352028587a4eeab28f2e09136d3447.jpeg?fit=800%2C600&ssl=1","datePublished":"2025-10-03T01:06:03+00:00","dateModified":"2025-10-03T01:06:05+00:00","author":{"@id":"http:\/\/elregionalvm.com.ar\/noticias-villa-maria\/#\/schema\/person\/a0fb9c422317faca23d50163151bc354"},"breadcrumb":{"@id":"https:\/\/elregionalvm.com.ar\/noticias-villa-maria\/bomberos-voluntarios-recibieron-aporte-economico\/#breadcrumb"},"inLanguage":"es","potentialAction":[{"@type":"ReadAction","target":["https:\/\/elregionalvm.com.ar\/noticias-villa-maria\/bomberos-voluntarios-recibieron-aporte-economico\/"]}]},{"@type":"ImageObject","inLanguage":"es","@id":"https:\/\/elregionalvm.com.ar\/noticias-villa-maria\/bomberos-voluntarios-recibieron-aporte-economico\/#primaryimage","url":"https:\/\/i0.wp.com\/elregionalvm.com.ar\/noticias-villa-maria\/wp-content\/uploads\/2025\/10\/04352028587a4eeab28f2e09136d3447.jpeg?fit=800%2C600&ssl=1","contentUrl":"https:\/\/i0.wp.com\/elregionalvm.com.ar\/noticias-villa-maria\/wp-content\/uploads\/2025\/10\/04352028587a4eeab28f2e09136d3447.jpeg?fit=800%2C600&ssl=1","width":800,"height":600},{"@type":"BreadcrumbList","@id":"https:\/\/elregionalvm.com.ar\/noticias-villa-maria\/bomberos-voluntarios-recibieron-aporte-economico\/#breadcrumb","itemListElement":[{"@type":"ListItem","position":1,"name":"Portada","item":"https:\/\/elregionalvm.com.ar\/noticias-villa-maria\/"},{"@type":"ListItem","position":2,"name":"Bomberos Voluntarios recibieron aporte econ\u00f3mico"}]},{"@type":"WebSite","@id":"http:\/\/elregionalvm.com.ar\/noticias-villa-maria\/#website","url":"http:\/\/elregionalvm.com.ar\/noticias-villa-maria\/","name":"El Regional","description":"Mucho m\u00e1s que informaci\u00f3n","potentialAction":[{"@type":"SearchAction","target":{"@type":"EntryPoint","urlTemplate":"http:\/\/elregionalvm.com.ar\/noticias-villa-maria\/?s={search_term_string}"},"query-input":{"@type":"PropertyValueSpecification","valueRequired":true,"valueName":"search_term_string"}}],"inLanguage":"es"},{"@type":"Person","@id":"http:\/\/elregionalvm.com.ar\/noticias-villa-maria\/#\/schema\/person\/a0fb9c422317faca23d50163151bc354","name":"Contenidos El Regional","image":{"@type":"ImageObject","inLanguage":"es","@id":"http:\/\/elregionalvm.com.ar\/noticias-villa-maria\/#\/schema\/person\/image\/","url":"https:\/\/secure.gravatar.com\/avatar\/265b27cb2209af7bb3a1318f03305787d7981a5cc6e6cd08fe5a4ecdf99d4b48?s=96&d=mm&r=g","contentUrl":"https:\/\/secure.gravatar.com\/avatar\/265b27cb2209af7bb3a1318f03305787d7981a5cc6e6cd08fe5a4ecdf99d4b48?s=96&d=mm&r=g","caption":"Contenidos El Regional"},"url":"https:\/\/elregionalvm.com.ar\/noticias-villa-maria\/author\/contenido\/"}]}},"jetpack_featured_media_url":"https:\/\/i0.wp.com\/elregionalvm.com.ar\/noticias-villa-maria\/wp-content\/uploads\/2025\/10\/04352028587a4eeab28f2e09136d3447.jpeg?fit=800%2C600&ssl=1","jetpack_sharing_enabled":true,"_links":{"self":[{"href":"https:\/\/elregionalvm.com.ar\/noticias-villa-maria\/wp-json\/wp\/v2\/posts\/110600","targetHints":{"allow":["GET"]}}],"collection":[{"href":"https:\/\/elregionalvm.com.ar\/noticias-villa-maria\/wp-json\/wp\/v2\/posts"}],"about":[{"href":"https:\/\/elregionalvm.com.ar\/noticias-villa-maria\/wp-json\/wp\/v2\/types\/post"}],"author":[{"embeddable":true,"href":"https:\/\/elregionalvm.com.ar\/noticias-villa-maria\/wp-json\/wp\/v2\/users\/4"}],"replies":[{"embeddable":true,"href":"https:\/\/elregionalvm.com.ar\/noticias-villa-maria\/wp-json\/wp\/v2\/comments?post=110600"}],"version-history":[{"count":1,"href":"https:\/\/elregionalvm.com.ar\/noticias-villa-maria\/wp-json\/wp\/v2\/posts\/110600\/revisions"}],"predecessor-version":[{"id":110602,"href":"https:\/\/elregionalvm.com.ar\/noticias-villa-maria\/wp-json\/wp\/v2\/posts\/110600\/revisions\/110602"}],"wp:featuredmedia":[{"embeddable":true,"href":"https:\/\/elregionalvm.com.ar\/noticias-villa-maria\/wp-json\/wp\/v2\/media\/110601"}],"wp:attachment":[{"href":"https:\/\/elregionalvm.com.ar\/noticias-villa-maria\/wp-json\/wp\/v2\/media?parent=110600"}],"wp:term":[{"taxonomy":"category","embeddable":true,"href":"https:\/\/elregionalvm.com.ar\/noticias-villa-maria\/wp-json\/wp\/v2\/categories?post=110600"},{"taxonomy":"post_tag","embeddable":true,"href":"https:\/\/elregionalvm.com.ar\/noticias-villa-maria\/wp-json\/wp\/v2\/tags?post=110600"}],"curies":[{"name":"wp","href":"https:\/\/api.w.org\/{rel}","templated":true}]}}