{"id":110603,"date":"2025-10-03T01:07:47","date_gmt":"2025-10-03T01:07:47","guid":{"rendered":"https:\/\/elregionalvm.com.ar\/noticias-villa-maria\/?p=110603"},"modified":"2025-10-03T01:07:50","modified_gmt":"2025-10-03T01:07:50","slug":"llaryora-promulgo-la-ley-del-programa-de-igualdad-territorial","status":"publish","type":"post","link":"https:\/\/elregionalvm.com.ar\/noticias-villa-maria\/llaryora-promulgo-la-ley-del-programa-de-igualdad-territorial\/","title":{"rendered":"Llaryora Promulg\u00f3 la Ley del Programa de Igualdad Territorial"},"content":{"rendered":"\n<p>El gobernador Mart\u00edn Llaryora promulg\u00f3 la Ley del Programa de Igualdad Territorial, que fuera aprobada por la Legislatura Unicameral, en una sesi\u00f3n especial, el pasado 16 de septiembre en la ciudad de Cruz del Eje.<\/p>\n\n\n\n<p>El programa de \u201cPromoci\u00f3n para el Desarrollo e Igualdad Territorial de la provincia de C\u00f3rdoba\u201d es una iniciativa impulsada por el Mandatario provincial con el objetivo de reducir las desigualdades territoriales mediante la promoci\u00f3n, el desarrollo, crecimiento y consolidaci\u00f3n de 13 departamentos de las regiones Noroeste y Sur de la provincia.<\/p>\n\n\n\n<p>La Ley establece la promoci\u00f3n de acciones o proyectos vinculados a la industria, el turismo, el sector primario y de la salud. En 2025, el Gobierno de C\u00f3rdoba destinar\u00e1 130 mil millones de pesos para financiar estos beneficios.<\/p>\n\n\n\n<p>La conformaci\u00f3n del Programa surge del di\u00e1logo del Estado provincial con diversos sectores, instituciones, gobiernos y organizaciones locales, quienes junto a funcionarios provinciales de diversas \u00e1reas fueron protagonistas de mesas de trabajo que receptaron propuestas, inquietudes y necesidades de cada regi\u00f3n.<\/p>\n\n\n\n<p>La norma tendr\u00e1 aplicaci\u00f3n en los departamentos R\u00edo Seco, Tulumba, Sobremonte, Ischil\u00edn, Cruz del Eje, Minas, Pocho, San Alberto, San Javier; Totoral y las pedan\u00edas Casta\u00f1o, Chalacea, Tim\u00f3n Cruz, Esquina y suburbios del Departamento R\u00edo Primero de la regi\u00f3n noroeste.<\/p>\n\n\n\n<p>En la zona sur, las medidas de la Ley de Promoci\u00f3n para el Desarrollo e Igualdad Territorial de la provincia de C\u00f3rdoba ser\u00e1n aplicables en los departamentos Presidente Roque S\u00e1enz Pe\u00f1a y General Roca.<\/p>\n\n\n\n<p>El programa hab\u00eda sido presentado en febrero del corriente a\u00f1o por el gobernador Mart\u00edn Llaryora, durante su discurso de apertura de sesiones ordinarias de la Unicameral.&nbsp;<em>\u201cQueremos crear las condiciones necesarias para que los empresarios de C\u00f3rdoba vean y exploten el enorme potencial econ\u00f3mico de estas dos regiones de la provincia\u201d<\/em>, explic\u00f3 en aquella oportunidad.<\/p>\n\n\n\n<p>El Mandatario provincial resalt\u00f3 que este tipo de iniciativas son posibles a partir del super\u00e1vit consolidado que desde hace a\u00f1os tiene la Provincia:&nbsp;<em>\u201cVamos a usar parte del super\u00e1vit para poner en marcha el Plan de Igualdad Territorial del Noroeste y del Sur Sur Cordob\u00e9s, con una fuerte y planificada inversi\u00f3n en infraestructura; con un programa espec\u00edfico de promoci\u00f3n econ\u00f3mica mediante incentivos fiscales y una apuesta a la educaci\u00f3n como motor del desarrollo de las personas, todo esto en un contexto de fortalecimiento institucional de los municipios y comunas de ambas regiones\u201d.<\/em><\/p>\n\n\n\n<h3 class=\"wp-block-heading\">Las medidas<\/h3>\n\n\n\n<p>Seg\u00fan detalla el Bolet\u00edn Oficial, el desarrollo se efectuar\u00e1 mediante incentivos fiscales a personas humanas y jur\u00eddicas radicadas o que se radiquen en estos lugares, con la utilizaci\u00f3n por parte del Estado provincial del instrumento de la exenci\u00f3n tributaria y la reducci\u00f3n del impuesto que corresponda.<\/p>\n\n\n\n<p>Para la industria, los beneficios fiscales establecidos son: deducci\u00f3n del 100 por ciento en el impuesto sobre los Ingresos Brutos y exenci\u00f3n en el impuesto de Sellos.<\/p>\n\n\n\n<p>Para el turismo, la exenci\u00f3n equivale a la inversi\u00f3n realizada, con requisitos de permanencia m\u00ednima de seis a\u00f1os.<\/p>\n\n\n\n<p>Para el sector primario, los beneficios son del 50 por ciento en Ingresos Brutos, destinados a inversiones que den impulso a la industria agropecuaria.<\/p>\n\n\n\n<p>En tanto, para el rubro salud se crean incentivos que permitir\u00e1n fortalecer la red sanitaria en las regiones Noroeste y Sur-Sur, ampliando la capacidad de atenci\u00f3n donde m\u00e1s se necesita.<\/p>\n\n\n\n<p>Asimismo, la nueva Ley prev\u00e9 controles estrictos y sanciones; y la creaci\u00f3n de un registro \u00fanico de actividades promovidas. Excluye a quienes se dediquen a los juegos de azar. Y faculta al Ministerio de Econom\u00eda provincial a crear consejos asesores, con representaci\u00f3n de distintos sectores.<\/p>\n","protected":false},"excerpt":{"rendered":"<p>El gobernador Mart\u00edn Llaryora promulg\u00f3 la Ley del Programa de Igualdad Territorial, que fuera aprobada por la Legislatura Unicameral, en una sesi\u00f3n especial, el pasado 16 de septiembre en la ciudad de Cruz del Eje. El programa de \u201cPromoci\u00f3n para el Desarrollo e Igualdad Territorial de la provincia de C\u00f3rdoba\u201d es una iniciativa impulsada por [&hellip;]<\/p>\n","protected":false},"author":4,"featured_media":110604,"comment_status":"open","ping_status":"open","sticky":false,"template":"","format":"standard","meta":{"site-sidebar-layout":"default","site-content-layout":"","ast-site-content-layout":"default","site-content-style":"default","site-sidebar-style":"default","ast-global-header-display":"","ast-banner-title-visibility":"","ast-main-header-display":"","ast-hfb-above-header-display":"","ast-hfb-below-header-display":"","ast-hfb-mobile-header-display":"","site-post-title":"","ast-breadcrumbs-content":"","ast-featured-img":"","footer-sml-layout":"","ast-disable-related-posts":"","theme-transparent-header-meta":"","adv-header-id-meta":"","stick-header-meta":"","header-above-stick-meta":"","header-main-stick-meta":"","header-below-stick-meta":"","astra-migrate-meta-layouts":"set","ast-page-background-enabled":"default","ast-page-background-meta":{"desktop":{"background-color":"","background-image":"","background-repeat":"repeat","background-position":"center center","background-size":"auto","background-attachment":"scroll","background-type":"","background-media":"","overlay-type":"","overlay-color":"","overlay-opacity":"","overlay-gradient":""},"tablet":{"background-color":"","background-image":"","background-repeat":"repeat","background-position":"center center","background-size":"auto","background-attachment":"scroll","background-type":"","background-media":"","overlay-type":"","overlay-color":"","overlay-opacity":"","overlay-gradient":""},"mobile":{"background-color":"","background-image":"","background-repeat":"repeat","background-position":"center center","background-size":"auto","background-attachment":"scroll","background-type":"","background-media":"","overlay-type":"","overlay-color":"","overlay-opacity":"","overlay-gradient":""}},"ast-content-background-meta":{"desktop":{"background-color":"var(--ast-global-color-5)","background-image":"","background-repeat":"repeat","background-position":"center center","background-size":"auto","background-attachment":"scroll","background-type":"","background-media":"","overlay-type":"","overlay-color":"","overlay-opacity":"","overlay-gradient":""},"tablet":{"background-color":"var(--ast-global-color-5)","background-image":"","background-repeat":"repeat","background-position":"center center","background-size":"auto","background-attachment":"scroll","background-type":"","background-media":"","overlay-type":"","overlay-color":"","overlay-opacity":"","overlay-gradient":""},"mobile":{"background-color":"var(--ast-global-color-5)","background-image":"","background-repeat":"repeat","background-position":"center center","background-size":"auto","background-attachment":"scroll","background-type":"","background-media":"","overlay-type":"","overlay-color":"","overlay-opacity":"","overlay-gradient":""}},"_jetpack_memberships_contains_paid_content":false,"_joinchat":[],"footnotes":""},"categories":[15302,16095,5],"tags":[],"class_list":["post-110603","post","type-post","status-publish","format-standard","has-post-thumbnail","hentry","category-destacado","category-provinciales","category-sociedad"],"yoast_head":"<!-- This site is optimized with the Yoast SEO plugin v26.8 - https:\/\/yoast.com\/product\/yoast-seo-wordpress\/ -->\n<title>Llaryora Promulg\u00f3 la Ley del Programa de Igualdad Territorial - El Regional<\/title>\n<meta name=\"robots\" content=\"index, follow, max-snippet:-1, max-image-preview:large, max-video-preview:-1\" \/>\n<link rel=\"canonical\" href=\"https:\/\/elregionalvm.com.ar\/noticias-villa-maria\/llaryora-promulgo-la-ley-del-programa-de-igualdad-territorial\/\" \/>\n<meta property=\"og:locale\" content=\"es_ES\" \/>\n<meta property=\"og:type\" content=\"article\" \/>\n<meta property=\"og:title\" content=\"Llaryora Promulg\u00f3 la Ley del Programa de Igualdad Territorial - El Regional\" \/>\n<meta property=\"og:description\" content=\"El gobernador Mart\u00edn Llaryora promulg\u00f3 la Ley del Programa de Igualdad Territorial, que fuera aprobada por la Legislatura Unicameral, en una sesi\u00f3n especial, el pasado 16 de septiembre en la ciudad de Cruz del Eje. El programa de \u201cPromoci\u00f3n para el Desarrollo e Igualdad Territorial de la provincia de C\u00f3rdoba\u201d es una iniciativa impulsada por [&hellip;]\" \/>\n<meta property=\"og:url\" content=\"https:\/\/elregionalvm.com.ar\/noticias-villa-maria\/llaryora-promulgo-la-ley-del-programa-de-igualdad-territorial\/\" \/>\n<meta property=\"og:site_name\" content=\"El Regional\" \/>\n<meta property=\"article:publisher\" content=\"https:\/\/www.facebook.com\/elregionalvm\" \/>\n<meta property=\"article:published_time\" content=\"2025-10-03T01:07:47+00:00\" \/>\n<meta property=\"article:modified_time\" content=\"2025-10-03T01:07:50+00:00\" \/>\n<meta property=\"og:image\" content=\"https:\/\/elregionalvm.com.ar\/noticias-villa-maria\/wp-content\/uploads\/2025\/10\/Firma-2-1024x682-1.jpg\" \/>\n\t<meta property=\"og:image:width\" content=\"1024\" \/>\n\t<meta property=\"og:image:height\" content=\"682\" \/>\n\t<meta property=\"og:image:type\" content=\"image\/jpeg\" \/>\n<meta name=\"author\" content=\"Contenidos El Regional\" \/>\n<meta name=\"twitter:card\" content=\"summary_large_image\" \/>\n<meta name=\"twitter:creator\" content=\"@elregionalvm1\" \/>\n<meta name=\"twitter:site\" content=\"@elregionalvm1\" \/>\n<meta name=\"twitter:label1\" content=\"Escrito por\" \/>\n\t<meta name=\"twitter:data1\" content=\"Contenidos El Regional\" \/>\n\t<meta name=\"twitter:label2\" content=\"Tiempo de lectura\" \/>\n\t<meta name=\"twitter:data2\" content=\"3 minutos\" \/>\n<script type=\"application\/ld+json\" class=\"yoast-schema-graph\">{\"@context\":\"https:\/\/schema.org\",\"@graph\":[{\"@type\":\"Article\",\"@id\":\"https:\/\/elregionalvm.com.ar\/noticias-villa-maria\/llaryora-promulgo-la-ley-del-programa-de-igualdad-territorial\/#article\",\"isPartOf\":{\"@id\":\"https:\/\/elregionalvm.com.ar\/noticias-villa-maria\/llaryora-promulgo-la-ley-del-programa-de-igualdad-territorial\/\"},\"author\":{\"name\":\"Contenidos El Regional\",\"@id\":\"http:\/\/elregionalvm.com.ar\/noticias-villa-maria\/#\/schema\/person\/a0fb9c422317faca23d50163151bc354\"},\"headline\":\"Llaryora Promulg\u00f3 la Ley del Programa de Igualdad Territorial\",\"datePublished\":\"2025-10-03T01:07:47+00:00\",\"dateModified\":\"2025-10-03T01:07:50+00:00\",\"mainEntityOfPage\":{\"@id\":\"https:\/\/elregionalvm.com.ar\/noticias-villa-maria\/llaryora-promulgo-la-ley-del-programa-de-igualdad-territorial\/\"},\"wordCount\":639,\"commentCount\":0,\"image\":{\"@id\":\"https:\/\/elregionalvm.com.ar\/noticias-villa-maria\/llaryora-promulgo-la-ley-del-programa-de-igualdad-territorial\/#primaryimage\"},\"thumbnailUrl\":\"https:\/\/i0.wp.com\/elregionalvm.com.ar\/noticias-villa-maria\/wp-content\/uploads\/2025\/10\/Firma-2-1024x682-1.jpg?fit=1024%2C682&ssl=1\",\"articleSection\":[\"destacado\",\"Provinciales\",\"Sociedad\"],\"inLanguage\":\"es\",\"potentialAction\":[{\"@type\":\"CommentAction\",\"name\":\"Comment\",\"target\":[\"https:\/\/elregionalvm.com.ar\/noticias-villa-maria\/llaryora-promulgo-la-ley-del-programa-de-igualdad-territorial\/#respond\"]}]},{\"@type\":\"WebPage\",\"@id\":\"https:\/\/elregionalvm.com.ar\/noticias-villa-maria\/llaryora-promulgo-la-ley-del-programa-de-igualdad-territorial\/\",\"url\":\"https:\/\/elregionalvm.com.ar\/noticias-villa-maria\/llaryora-promulgo-la-ley-del-programa-de-igualdad-territorial\/\",\"name\":\"Llaryora Promulg\u00f3 la Ley del Programa de Igualdad Territorial - El Regional\",\"isPartOf\":{\"@id\":\"http:\/\/elregionalvm.com.ar\/noticias-villa-maria\/#website\"},\"primaryImageOfPage\":{\"@id\":\"https:\/\/elregionalvm.com.ar\/noticias-villa-maria\/llaryora-promulgo-la-ley-del-programa-de-igualdad-territorial\/#primaryimage\"},\"image\":{\"@id\":\"https:\/\/elregionalvm.com.ar\/noticias-villa-maria\/llaryora-promulgo-la-ley-del-programa-de-igualdad-territorial\/#primaryimage\"},\"thumbnailUrl\":\"https:\/\/i0.wp.com\/elregionalvm.com.ar\/noticias-villa-maria\/wp-content\/uploads\/2025\/10\/Firma-2-1024x682-1.jpg?fit=1024%2C682&ssl=1\",\"datePublished\":\"2025-10-03T01:07:47+00:00\",\"dateModified\":\"2025-10-03T01:07:50+00:00\",\"author\":{\"@id\":\"http:\/\/elregionalvm.com.ar\/noticias-villa-maria\/#\/schema\/person\/a0fb9c422317faca23d50163151bc354\"},\"breadcrumb\":{\"@id\":\"https:\/\/elregionalvm.com.ar\/noticias-villa-maria\/llaryora-promulgo-la-ley-del-programa-de-igualdad-territorial\/#breadcrumb\"},\"inLanguage\":\"es\",\"potentialAction\":[{\"@type\":\"ReadAction\",\"target\":[\"https:\/\/elregionalvm.com.ar\/noticias-villa-maria\/llaryora-promulgo-la-ley-del-programa-de-igualdad-territorial\/\"]}]},{\"@type\":\"ImageObject\",\"inLanguage\":\"es\",\"@id\":\"https:\/\/elregionalvm.com.ar\/noticias-villa-maria\/llaryora-promulgo-la-ley-del-programa-de-igualdad-territorial\/#primaryimage\",\"url\":\"https:\/\/i0.wp.com\/elregionalvm.com.ar\/noticias-villa-maria\/wp-content\/uploads\/2025\/10\/Firma-2-1024x682-1.jpg?fit=1024%2C682&ssl=1\",\"contentUrl\":\"https:\/\/i0.wp.com\/elregionalvm.com.ar\/noticias-villa-maria\/wp-content\/uploads\/2025\/10\/Firma-2-1024x682-1.jpg?fit=1024%2C682&ssl=1\",\"width\":1024,\"height\":682},{\"@type\":\"BreadcrumbList\",\"@id\":\"https:\/\/elregionalvm.com.ar\/noticias-villa-maria\/llaryora-promulgo-la-ley-del-programa-de-igualdad-territorial\/#breadcrumb\",\"itemListElement\":[{\"@type\":\"ListItem\",\"position\":1,\"name\":\"Portada\",\"item\":\"https:\/\/elregionalvm.com.ar\/noticias-villa-maria\/\"},{\"@type\":\"ListItem\",\"position\":2,\"name\":\"Llaryora Promulg\u00f3 la Ley del Programa de Igualdad Territorial\"}]},{\"@type\":\"WebSite\",\"@id\":\"http:\/\/elregionalvm.com.ar\/noticias-villa-maria\/#website\",\"url\":\"http:\/\/elregionalvm.com.ar\/noticias-villa-maria\/\",\"name\":\"El Regional\",\"description\":\"Mucho m\u00e1s que informaci\u00f3n\",\"potentialAction\":[{\"@type\":\"SearchAction\",\"target\":{\"@type\":\"EntryPoint\",\"urlTemplate\":\"http:\/\/elregionalvm.com.ar\/noticias-villa-maria\/?s={search_term_string}\"},\"query-input\":{\"@type\":\"PropertyValueSpecification\",\"valueRequired\":true,\"valueName\":\"search_term_string\"}}],\"inLanguage\":\"es\"},{\"@type\":\"Person\",\"@id\":\"http:\/\/elregionalvm.com.ar\/noticias-villa-maria\/#\/schema\/person\/a0fb9c422317faca23d50163151bc354\",\"name\":\"Contenidos El Regional\",\"image\":{\"@type\":\"ImageObject\",\"inLanguage\":\"es\",\"@id\":\"http:\/\/elregionalvm.com.ar\/noticias-villa-maria\/#\/schema\/person\/image\/\",\"url\":\"https:\/\/secure.gravatar.com\/avatar\/265b27cb2209af7bb3a1318f03305787d7981a5cc6e6cd08fe5a4ecdf99d4b48?s=96&d=mm&r=g\",\"contentUrl\":\"https:\/\/secure.gravatar.com\/avatar\/265b27cb2209af7bb3a1318f03305787d7981a5cc6e6cd08fe5a4ecdf99d4b48?s=96&d=mm&r=g\",\"caption\":\"Contenidos El Regional\"},\"url\":\"https:\/\/elregionalvm.com.ar\/noticias-villa-maria\/author\/contenido\/\"}]}<\/script>\n<!-- \/ Yoast SEO plugin. -->","yoast_head_json":{"title":"Llaryora Promulg\u00f3 la Ley del Programa de Igualdad Territorial - El Regional","robots":{"index":"index","follow":"follow","max-snippet":"max-snippet:-1","max-image-preview":"max-image-preview:large","max-video-preview":"max-video-preview:-1"},"canonical":"https:\/\/elregionalvm.com.ar\/noticias-villa-maria\/llaryora-promulgo-la-ley-del-programa-de-igualdad-territorial\/","og_locale":"es_ES","og_type":"article","og_title":"Llaryora Promulg\u00f3 la Ley del Programa de Igualdad Territorial - El Regional","og_description":"El gobernador Mart\u00edn Llaryora promulg\u00f3 la Ley del Programa de Igualdad Territorial, que fuera aprobada por la Legislatura Unicameral, en una sesi\u00f3n especial, el pasado 16 de septiembre en la ciudad de Cruz del Eje. El programa de \u201cPromoci\u00f3n para el Desarrollo e Igualdad Territorial de la provincia de C\u00f3rdoba\u201d es una iniciativa impulsada por [&hellip;]","og_url":"https:\/\/elregionalvm.com.ar\/noticias-villa-maria\/llaryora-promulgo-la-ley-del-programa-de-igualdad-territorial\/","og_site_name":"El Regional","article_publisher":"https:\/\/www.facebook.com\/elregionalvm","article_published_time":"2025-10-03T01:07:47+00:00","article_modified_time":"2025-10-03T01:07:50+00:00","og_image":[{"width":1024,"height":682,"url":"https:\/\/elregionalvm.com.ar\/noticias-villa-maria\/wp-content\/uploads\/2025\/10\/Firma-2-1024x682-1.jpg","type":"image\/jpeg"}],"author":"Contenidos El Regional","twitter_card":"summary_large_image","twitter_creator":"@elregionalvm1","twitter_site":"@elregionalvm1","twitter_misc":{"Escrito por":"Contenidos El Regional","Tiempo de lectura":"3 minutos"},"schema":{"@context":"https:\/\/schema.org","@graph":[{"@type":"Article","@id":"https:\/\/elregionalvm.com.ar\/noticias-villa-maria\/llaryora-promulgo-la-ley-del-programa-de-igualdad-territorial\/#article","isPartOf":{"@id":"https:\/\/elregionalvm.com.ar\/noticias-villa-maria\/llaryora-promulgo-la-ley-del-programa-de-igualdad-territorial\/"},"author":{"name":"Contenidos El Regional","@id":"http:\/\/elregionalvm.com.ar\/noticias-villa-maria\/#\/schema\/person\/a0fb9c422317faca23d50163151bc354"},"headline":"Llaryora Promulg\u00f3 la Ley del Programa de Igualdad Territorial","datePublished":"2025-10-03T01:07:47+00:00","dateModified":"2025-10-03T01:07:50+00:00","mainEntityOfPage":{"@id":"https:\/\/elregionalvm.com.ar\/noticias-villa-maria\/llaryora-promulgo-la-ley-del-programa-de-igualdad-territorial\/"},"wordCount":639,"commentCount":0,"image":{"@id":"https:\/\/elregionalvm.com.ar\/noticias-villa-maria\/llaryora-promulgo-la-ley-del-programa-de-igualdad-territorial\/#primaryimage"},"thumbnailUrl":"https:\/\/i0.wp.com\/elregionalvm.com.ar\/noticias-villa-maria\/wp-content\/uploads\/2025\/10\/Firma-2-1024x682-1.jpg?fit=1024%2C682&ssl=1","articleSection":["destacado","Provinciales","Sociedad"],"inLanguage":"es","potentialAction":[{"@type":"CommentAction","name":"Comment","target":["https:\/\/elregionalvm.com.ar\/noticias-villa-maria\/llaryora-promulgo-la-ley-del-programa-de-igualdad-territorial\/#respond"]}]},{"@type":"WebPage","@id":"https:\/\/elregionalvm.com.ar\/noticias-villa-maria\/llaryora-promulgo-la-ley-del-programa-de-igualdad-territorial\/","url":"https:\/\/elregionalvm.com.ar\/noticias-villa-maria\/llaryora-promulgo-la-ley-del-programa-de-igualdad-territorial\/","name":"Llaryora Promulg\u00f3 la Ley del Programa de Igualdad Territorial - El Regional","isPartOf":{"@id":"http:\/\/elregionalvm.com.ar\/noticias-villa-maria\/#website"},"primaryImageOfPage":{"@id":"https:\/\/elregionalvm.com.ar\/noticias-villa-maria\/llaryora-promulgo-la-ley-del-programa-de-igualdad-territorial\/#primaryimage"},"image":{"@id":"https:\/\/elregionalvm.com.ar\/noticias-villa-maria\/llaryora-promulgo-la-ley-del-programa-de-igualdad-territorial\/#primaryimage"},"thumbnailUrl":"https:\/\/i0.wp.com\/elregionalvm.com.ar\/noticias-villa-maria\/wp-content\/uploads\/2025\/10\/Firma-2-1024x682-1.jpg?fit=1024%2C682&ssl=1","datePublished":"2025-10-03T01:07:47+00:00","dateModified":"2025-10-03T01:07:50+00:00","author":{"@id":"http:\/\/elregionalvm.com.ar\/noticias-villa-maria\/#\/schema\/person\/a0fb9c422317faca23d50163151bc354"},"breadcrumb":{"@id":"https:\/\/elregionalvm.com.ar\/noticias-villa-maria\/llaryora-promulgo-la-ley-del-programa-de-igualdad-territorial\/#breadcrumb"},"inLanguage":"es","potentialAction":[{"@type":"ReadAction","target":["https:\/\/elregionalvm.com.ar\/noticias-villa-maria\/llaryora-promulgo-la-ley-del-programa-de-igualdad-territorial\/"]}]},{"@type":"ImageObject","inLanguage":"es","@id":"https:\/\/elregionalvm.com.ar\/noticias-villa-maria\/llaryora-promulgo-la-ley-del-programa-de-igualdad-territorial\/#primaryimage","url":"https:\/\/i0.wp.com\/elregionalvm.com.ar\/noticias-villa-maria\/wp-content\/uploads\/2025\/10\/Firma-2-1024x682-1.jpg?fit=1024%2C682&ssl=1","contentUrl":"https:\/\/i0.wp.com\/elregionalvm.com.ar\/noticias-villa-maria\/wp-content\/uploads\/2025\/10\/Firma-2-1024x682-1.jpg?fit=1024%2C682&ssl=1","width":1024,"height":682},{"@type":"BreadcrumbList","@id":"https:\/\/elregionalvm.com.ar\/noticias-villa-maria\/llaryora-promulgo-la-ley-del-programa-de-igualdad-territorial\/#breadcrumb","itemListElement":[{"@type":"ListItem","position":1,"name":"Portada","item":"https:\/\/elregionalvm.com.ar\/noticias-villa-maria\/"},{"@type":"ListItem","position":2,"name":"Llaryora Promulg\u00f3 la Ley del Programa de Igualdad Territorial"}]},{"@type":"WebSite","@id":"http:\/\/elregionalvm.com.ar\/noticias-villa-maria\/#website","url":"http:\/\/elregionalvm.com.ar\/noticias-villa-maria\/","name":"El Regional","description":"Mucho m\u00e1s que informaci\u00f3n","potentialAction":[{"@type":"SearchAction","target":{"@type":"EntryPoint","urlTemplate":"http:\/\/elregionalvm.com.ar\/noticias-villa-maria\/?s={search_term_string}"},"query-input":{"@type":"PropertyValueSpecification","valueRequired":true,"valueName":"search_term_string"}}],"inLanguage":"es"},{"@type":"Person","@id":"http:\/\/elregionalvm.com.ar\/noticias-villa-maria\/#\/schema\/person\/a0fb9c422317faca23d50163151bc354","name":"Contenidos El Regional","image":{"@type":"ImageObject","inLanguage":"es","@id":"http:\/\/elregionalvm.com.ar\/noticias-villa-maria\/#\/schema\/person\/image\/","url":"https:\/\/secure.gravatar.com\/avatar\/265b27cb2209af7bb3a1318f03305787d7981a5cc6e6cd08fe5a4ecdf99d4b48?s=96&d=mm&r=g","contentUrl":"https:\/\/secure.gravatar.com\/avatar\/265b27cb2209af7bb3a1318f03305787d7981a5cc6e6cd08fe5a4ecdf99d4b48?s=96&d=mm&r=g","caption":"Contenidos El Regional"},"url":"https:\/\/elregionalvm.com.ar\/noticias-villa-maria\/author\/contenido\/"}]}},"jetpack_featured_media_url":"https:\/\/i0.wp.com\/elregionalvm.com.ar\/noticias-villa-maria\/wp-content\/uploads\/2025\/10\/Firma-2-1024x682-1.jpg?fit=1024%2C682&ssl=1","jetpack_sharing_enabled":true,"_links":{"self":[{"href":"https:\/\/elregionalvm.com.ar\/noticias-villa-maria\/wp-json\/wp\/v2\/posts\/110603","targetHints":{"allow":["GET"]}}],"collection":[{"href":"https:\/\/elregionalvm.com.ar\/noticias-villa-maria\/wp-json\/wp\/v2\/posts"}],"about":[{"href":"https:\/\/elregionalvm.com.ar\/noticias-villa-maria\/wp-json\/wp\/v2\/types\/post"}],"author":[{"embeddable":true,"href":"https:\/\/elregionalvm.com.ar\/noticias-villa-maria\/wp-json\/wp\/v2\/users\/4"}],"replies":[{"embeddable":true,"href":"https:\/\/elregionalvm.com.ar\/noticias-villa-maria\/wp-json\/wp\/v2\/comments?post=110603"}],"version-history":[{"count":1,"href":"https:\/\/elregionalvm.com.ar\/noticias-villa-maria\/wp-json\/wp\/v2\/posts\/110603\/revisions"}],"predecessor-version":[{"id":110605,"href":"https:\/\/elregionalvm.com.ar\/noticias-villa-maria\/wp-json\/wp\/v2\/posts\/110603\/revisions\/110605"}],"wp:featuredmedia":[{"embeddable":true,"href":"https:\/\/elregionalvm.com.ar\/noticias-villa-maria\/wp-json\/wp\/v2\/media\/110604"}],"wp:attachment":[{"href":"https:\/\/elregionalvm.com.ar\/noticias-villa-maria\/wp-json\/wp\/v2\/media?parent=110603"}],"wp:term":[{"taxonomy":"category","embeddable":true,"href":"https:\/\/elregionalvm.com.ar\/noticias-villa-maria\/wp-json\/wp\/v2\/categories?post=110603"},{"taxonomy":"post_tag","embeddable":true,"href":"https:\/\/elregionalvm.com.ar\/noticias-villa-maria\/wp-json\/wp\/v2\/tags?post=110603"}],"curies":[{"name":"wp","href":"https:\/\/api.w.org\/{rel}","templated":true}]}}