{"id":110610,"date":"2025-10-03T01:13:38","date_gmt":"2025-10-03T01:13:38","guid":{"rendered":"https:\/\/elregionalvm.com.ar\/noticias-villa-maria\/?p=110610"},"modified":"2025-10-03T01:13:51","modified_gmt":"2025-10-03T01:13:51","slug":"aerca-manifiesta-su-descontento-por-el-cierre-de-la-calles-del-microcentro-en-fechas-claves-de-ventas","status":"publish","type":"post","link":"https:\/\/elregionalvm.com.ar\/noticias-villa-maria\/aerca-manifiesta-su-descontento-por-el-cierre-de-la-calles-del-microcentro-en-fechas-claves-de-ventas\/","title":{"rendered":"AERCA manifiesta su descontento por el cierre de la calles del microcentro en fechas claves de ventas"},"content":{"rendered":"\n<p>En la \u00faltima jornada, comerciantes de esa zona se han comunicado para expresar su malestar por el desarrollo de esta obra que coincide con el inicio de la actividad comercial en el marco del d\u00eda de la madre.<\/p>\n\n\n\n<figure class=\"wp-block-image size-large\"><img data-recalc-dims=\"1\" fetchpriority=\"high\" decoding=\"async\" width=\"576\" height=\"1024\" src=\"https:\/\/i0.wp.com\/elregionalvm.com.ar\/noticias-villa-maria\/wp-content\/uploads\/2025\/10\/WhatsApp-Image-2025-10-02-at-11.06.49-AM.jpeg?resize=576%2C1024&#038;ssl=1\" alt=\"\" class=\"wp-image-110612\" srcset=\"https:\/\/i0.wp.com\/elregionalvm.com.ar\/noticias-villa-maria\/wp-content\/uploads\/2025\/10\/WhatsApp-Image-2025-10-02-at-11.06.49-AM.jpeg?resize=576%2C1024&amp;ssl=1 576w, https:\/\/i0.wp.com\/elregionalvm.com.ar\/noticias-villa-maria\/wp-content\/uploads\/2025\/10\/WhatsApp-Image-2025-10-02-at-11.06.49-AM.jpeg?resize=169%2C300&amp;ssl=1 169w, https:\/\/i0.wp.com\/elregionalvm.com.ar\/noticias-villa-maria\/wp-content\/uploads\/2025\/10\/WhatsApp-Image-2025-10-02-at-11.06.49-AM.jpeg?w=720&amp;ssl=1 720w\" sizes=\"(max-width: 576px) 100vw, 576px\" \/><\/figure>\n\n\n\n<p>La obra impide el acceso de veh\u00edculos y el estacionamiento afectando a los comercios que se encuentran radicados en las calles intervenidas. El d\u00eda de la madre es una de las fechas comerciales m\u00e1s relevantes durante el a\u00f1o. De hecho, es una de las cuatro m\u00e1s importantes, y esperadas por el sector comercial, junto a la conmemoraci\u00f3n del d\u00eda del padre, d\u00eda del ni\u00f1o y la celebraci\u00f3n de navidad.<\/p>\n\n\n\n<p>La coordinadora de la C\u00e1mara de Comercio, Servicios y Turismo, Laura Varetto afirm\u00f3: \u00abDesde AERCA entendemos y acompa\u00f1amos el reclamo de los comerciantes ante tan ansiada fecha comercial. Como instituci\u00f3n representante reconocemos que la obra es necesaria para el desarrollo y el avance del microcentro de la ciudad, pero consideramos que la elecci\u00f3n de las fechas no son las adecuadas porque afectan directamente a una de las zonas comerciales m\u00e1s importantes de Villa Mar\u00eda\u00bb.<\/p>\n","protected":false},"excerpt":{"rendered":"<p>En la \u00faltima jornada, comerciantes de esa zona se han comunicado para expresar su malestar por el desarrollo de esta obra que coincide con el inicio de la actividad comercial en el marco del d\u00eda de la madre. La obra impide el acceso de veh\u00edculos y el estacionamiento afectando a los comercios que se encuentran [&hellip;]<\/p>\n","protected":false},"author":4,"featured_media":110611,"comment_status":"open","ping_status":"open","sticky":false,"template":"","format":"standard","meta":{"site-sidebar-layout":"default","site-content-layout":"","ast-site-content-layout":"default","site-content-style":"default","site-sidebar-style":"default","ast-global-header-display":"","ast-banner-title-visibility":"","ast-main-header-display":"","ast-hfb-above-header-display":"","ast-hfb-below-header-display":"","ast-hfb-mobile-header-display":"","site-post-title":"","ast-breadcrumbs-content":"","ast-featured-img":"","footer-sml-layout":"","ast-disable-related-posts":"","theme-transparent-header-meta":"","adv-header-id-meta":"","stick-header-meta":"","header-above-stick-meta":"","header-main-stick-meta":"","header-below-stick-meta":"","astra-migrate-meta-layouts":"set","ast-page-background-enabled":"default","ast-page-background-meta":{"desktop":{"background-color":"","background-image":"","background-repeat":"repeat","background-position":"center center","background-size":"auto","background-attachment":"scroll","background-type":"","background-media":"","overlay-type":"","overlay-color":"","overlay-opacity":"","overlay-gradient":""},"tablet":{"background-color":"","background-image":"","background-repeat":"repeat","background-position":"center center","background-size":"auto","background-attachment":"scroll","background-type":"","background-media":"","overlay-type":"","overlay-color":"","overlay-opacity":"","overlay-gradient":""},"mobile":{"background-color":"","background-image":"","background-repeat":"repeat","background-position":"center center","background-size":"auto","background-attachment":"scroll","background-type":"","background-media":"","overlay-type":"","overlay-color":"","overlay-opacity":"","overlay-gradient":""}},"ast-content-background-meta":{"desktop":{"background-color":"var(--ast-global-color-5)","background-image":"","background-repeat":"repeat","background-position":"center center","background-size":"auto","background-attachment":"scroll","background-type":"","background-media":"","overlay-type":"","overlay-color":"","overlay-opacity":"","overlay-gradient":""},"tablet":{"background-color":"var(--ast-global-color-5)","background-image":"","background-repeat":"repeat","background-position":"center center","background-size":"auto","background-attachment":"scroll","background-type":"","background-media":"","overlay-type":"","overlay-color":"","overlay-opacity":"","overlay-gradient":""},"mobile":{"background-color":"var(--ast-global-color-5)","background-image":"","background-repeat":"repeat","background-position":"center center","background-size":"auto","background-attachment":"scroll","background-type":"","background-media":"","overlay-type":"","overlay-color":"","overlay-opacity":"","overlay-gradient":""}},"_jetpack_memberships_contains_paid_content":false,"_joinchat":[],"footnotes":""},"categories":[15302,5,2],"tags":[],"class_list":["post-110610","post","type-post","status-publish","format-standard","has-post-thumbnail","hentry","category-destacado","category-sociedad","category-villa-maria"],"yoast_head":"<!-- This site is optimized with the Yoast SEO plugin v26.8 - https:\/\/yoast.com\/product\/yoast-seo-wordpress\/ -->\n<title>AERCA manifiesta su descontento por el cierre de la calles del microcentro en fechas claves de ventas - El Regional<\/title>\n<meta name=\"robots\" content=\"index, follow, max-snippet:-1, max-image-preview:large, max-video-preview:-1\" \/>\n<link rel=\"canonical\" href=\"https:\/\/elregionalvm.com.ar\/noticias-villa-maria\/aerca-manifiesta-su-descontento-por-el-cierre-de-la-calles-del-microcentro-en-fechas-claves-de-ventas\/\" \/>\n<meta property=\"og:locale\" content=\"es_ES\" \/>\n<meta property=\"og:type\" content=\"article\" \/>\n<meta property=\"og:title\" content=\"AERCA manifiesta su descontento por el cierre de la calles del microcentro en fechas claves de ventas - El Regional\" \/>\n<meta property=\"og:description\" content=\"En la \u00faltima jornada, comerciantes de esa zona se han comunicado para expresar su malestar por el desarrollo de esta obra que coincide con el inicio de la actividad comercial en el marco del d\u00eda de la madre. La obra impide el acceso de veh\u00edculos y el estacionamiento afectando a los comercios que se encuentran [&hellip;]\" \/>\n<meta property=\"og:url\" content=\"https:\/\/elregionalvm.com.ar\/noticias-villa-maria\/aerca-manifiesta-su-descontento-por-el-cierre-de-la-calles-del-microcentro-en-fechas-claves-de-ventas\/\" \/>\n<meta property=\"og:site_name\" content=\"El Regional\" \/>\n<meta property=\"article:publisher\" content=\"https:\/\/www.facebook.com\/elregionalvm\" \/>\n<meta property=\"article:published_time\" content=\"2025-10-03T01:13:38+00:00\" \/>\n<meta property=\"article:modified_time\" content=\"2025-10-03T01:13:51+00:00\" \/>\n<meta property=\"og:image\" content=\"https:\/\/elregionalvm.com.ar\/noticias-villa-maria\/wp-content\/uploads\/2025\/10\/WhatsApp-Image-2025-10-02-at-11.06.48-AM.jpeg\" \/>\n\t<meta property=\"og:image:width\" content=\"720\" \/>\n\t<meta property=\"og:image:height\" content=\"1280\" \/>\n\t<meta property=\"og:image:type\" content=\"image\/jpeg\" \/>\n<meta name=\"author\" content=\"Contenidos El Regional\" \/>\n<meta name=\"twitter:card\" content=\"summary_large_image\" \/>\n<meta name=\"twitter:creator\" content=\"@elregionalvm1\" \/>\n<meta name=\"twitter:site\" content=\"@elregionalvm1\" \/>\n<meta name=\"twitter:label1\" content=\"Escrito por\" \/>\n\t<meta name=\"twitter:data1\" content=\"Contenidos El Regional\" \/>\n\t<meta name=\"twitter:label2\" content=\"Tiempo de lectura\" \/>\n\t<meta name=\"twitter:data2\" content=\"2 minutos\" \/>\n<script type=\"application\/ld+json\" class=\"yoast-schema-graph\">{\"@context\":\"https:\/\/schema.org\",\"@graph\":[{\"@type\":\"Article\",\"@id\":\"https:\/\/elregionalvm.com.ar\/noticias-villa-maria\/aerca-manifiesta-su-descontento-por-el-cierre-de-la-calles-del-microcentro-en-fechas-claves-de-ventas\/#article\",\"isPartOf\":{\"@id\":\"https:\/\/elregionalvm.com.ar\/noticias-villa-maria\/aerca-manifiesta-su-descontento-por-el-cierre-de-la-calles-del-microcentro-en-fechas-claves-de-ventas\/\"},\"author\":{\"name\":\"Contenidos El Regional\",\"@id\":\"http:\/\/elregionalvm.com.ar\/noticias-villa-maria\/#\/schema\/person\/a0fb9c422317faca23d50163151bc354\"},\"headline\":\"AERCA manifiesta su descontento por el cierre de la calles del microcentro en fechas claves de ventas\",\"datePublished\":\"2025-10-03T01:13:38+00:00\",\"dateModified\":\"2025-10-03T01:13:51+00:00\",\"mainEntityOfPage\":{\"@id\":\"https:\/\/elregionalvm.com.ar\/noticias-villa-maria\/aerca-manifiesta-su-descontento-por-el-cierre-de-la-calles-del-microcentro-en-fechas-claves-de-ventas\/\"},\"wordCount\":215,\"commentCount\":0,\"image\":{\"@id\":\"https:\/\/elregionalvm.com.ar\/noticias-villa-maria\/aerca-manifiesta-su-descontento-por-el-cierre-de-la-calles-del-microcentro-en-fechas-claves-de-ventas\/#primaryimage\"},\"thumbnailUrl\":\"https:\/\/i0.wp.com\/elregionalvm.com.ar\/noticias-villa-maria\/wp-content\/uploads\/2025\/10\/WhatsApp-Image-2025-10-02-at-11.06.48-AM.jpeg?fit=720%2C1280&ssl=1\",\"articleSection\":[\"destacado\",\"Sociedad\",\"Villa Mar\u00eda\"],\"inLanguage\":\"es\",\"potentialAction\":[{\"@type\":\"CommentAction\",\"name\":\"Comment\",\"target\":[\"https:\/\/elregionalvm.com.ar\/noticias-villa-maria\/aerca-manifiesta-su-descontento-por-el-cierre-de-la-calles-del-microcentro-en-fechas-claves-de-ventas\/#respond\"]}]},{\"@type\":\"WebPage\",\"@id\":\"https:\/\/elregionalvm.com.ar\/noticias-villa-maria\/aerca-manifiesta-su-descontento-por-el-cierre-de-la-calles-del-microcentro-en-fechas-claves-de-ventas\/\",\"url\":\"https:\/\/elregionalvm.com.ar\/noticias-villa-maria\/aerca-manifiesta-su-descontento-por-el-cierre-de-la-calles-del-microcentro-en-fechas-claves-de-ventas\/\",\"name\":\"AERCA manifiesta su descontento por el cierre de la calles del microcentro en fechas claves de ventas - El Regional\",\"isPartOf\":{\"@id\":\"http:\/\/elregionalvm.com.ar\/noticias-villa-maria\/#website\"},\"primaryImageOfPage\":{\"@id\":\"https:\/\/elregionalvm.com.ar\/noticias-villa-maria\/aerca-manifiesta-su-descontento-por-el-cierre-de-la-calles-del-microcentro-en-fechas-claves-de-ventas\/#primaryimage\"},\"image\":{\"@id\":\"https:\/\/elregionalvm.com.ar\/noticias-villa-maria\/aerca-manifiesta-su-descontento-por-el-cierre-de-la-calles-del-microcentro-en-fechas-claves-de-ventas\/#primaryimage\"},\"thumbnailUrl\":\"https:\/\/i0.wp.com\/elregionalvm.com.ar\/noticias-villa-maria\/wp-content\/uploads\/2025\/10\/WhatsApp-Image-2025-10-02-at-11.06.48-AM.jpeg?fit=720%2C1280&ssl=1\",\"datePublished\":\"2025-10-03T01:13:38+00:00\",\"dateModified\":\"2025-10-03T01:13:51+00:00\",\"author\":{\"@id\":\"http:\/\/elregionalvm.com.ar\/noticias-villa-maria\/#\/schema\/person\/a0fb9c422317faca23d50163151bc354\"},\"breadcrumb\":{\"@id\":\"https:\/\/elregionalvm.com.ar\/noticias-villa-maria\/aerca-manifiesta-su-descontento-por-el-cierre-de-la-calles-del-microcentro-en-fechas-claves-de-ventas\/#breadcrumb\"},\"inLanguage\":\"es\",\"potentialAction\":[{\"@type\":\"ReadAction\",\"target\":[\"https:\/\/elregionalvm.com.ar\/noticias-villa-maria\/aerca-manifiesta-su-descontento-por-el-cierre-de-la-calles-del-microcentro-en-fechas-claves-de-ventas\/\"]}]},{\"@type\":\"ImageObject\",\"inLanguage\":\"es\",\"@id\":\"https:\/\/elregionalvm.com.ar\/noticias-villa-maria\/aerca-manifiesta-su-descontento-por-el-cierre-de-la-calles-del-microcentro-en-fechas-claves-de-ventas\/#primaryimage\",\"url\":\"https:\/\/i0.wp.com\/elregionalvm.com.ar\/noticias-villa-maria\/wp-content\/uploads\/2025\/10\/WhatsApp-Image-2025-10-02-at-11.06.48-AM.jpeg?fit=720%2C1280&ssl=1\",\"contentUrl\":\"https:\/\/i0.wp.com\/elregionalvm.com.ar\/noticias-villa-maria\/wp-content\/uploads\/2025\/10\/WhatsApp-Image-2025-10-02-at-11.06.48-AM.jpeg?fit=720%2C1280&ssl=1\",\"width\":720,\"height\":1280},{\"@type\":\"BreadcrumbList\",\"@id\":\"https:\/\/elregionalvm.com.ar\/noticias-villa-maria\/aerca-manifiesta-su-descontento-por-el-cierre-de-la-calles-del-microcentro-en-fechas-claves-de-ventas\/#breadcrumb\",\"itemListElement\":[{\"@type\":\"ListItem\",\"position\":1,\"name\":\"Portada\",\"item\":\"https:\/\/elregionalvm.com.ar\/noticias-villa-maria\/\"},{\"@type\":\"ListItem\",\"position\":2,\"name\":\"AERCA manifiesta su descontento por el cierre de la calles del microcentro en fechas claves de ventas\"}]},{\"@type\":\"WebSite\",\"@id\":\"http:\/\/elregionalvm.com.ar\/noticias-villa-maria\/#website\",\"url\":\"http:\/\/elregionalvm.com.ar\/noticias-villa-maria\/\",\"name\":\"El Regional\",\"description\":\"Mucho m\u00e1s que informaci\u00f3n\",\"potentialAction\":[{\"@type\":\"SearchAction\",\"target\":{\"@type\":\"EntryPoint\",\"urlTemplate\":\"http:\/\/elregionalvm.com.ar\/noticias-villa-maria\/?s={search_term_string}\"},\"query-input\":{\"@type\":\"PropertyValueSpecification\",\"valueRequired\":true,\"valueName\":\"search_term_string\"}}],\"inLanguage\":\"es\"},{\"@type\":\"Person\",\"@id\":\"http:\/\/elregionalvm.com.ar\/noticias-villa-maria\/#\/schema\/person\/a0fb9c422317faca23d50163151bc354\",\"name\":\"Contenidos El Regional\",\"image\":{\"@type\":\"ImageObject\",\"inLanguage\":\"es\",\"@id\":\"http:\/\/elregionalvm.com.ar\/noticias-villa-maria\/#\/schema\/person\/image\/\",\"url\":\"https:\/\/secure.gravatar.com\/avatar\/265b27cb2209af7bb3a1318f03305787d7981a5cc6e6cd08fe5a4ecdf99d4b48?s=96&d=mm&r=g\",\"contentUrl\":\"https:\/\/secure.gravatar.com\/avatar\/265b27cb2209af7bb3a1318f03305787d7981a5cc6e6cd08fe5a4ecdf99d4b48?s=96&d=mm&r=g\",\"caption\":\"Contenidos El Regional\"},\"url\":\"https:\/\/elregionalvm.com.ar\/noticias-villa-maria\/author\/contenido\/\"}]}<\/script>\n<!-- \/ Yoast SEO plugin. -->","yoast_head_json":{"title":"AERCA manifiesta su descontento por el cierre de la calles del microcentro en fechas claves de ventas - El Regional","robots":{"index":"index","follow":"follow","max-snippet":"max-snippet:-1","max-image-preview":"max-image-preview:large","max-video-preview":"max-video-preview:-1"},"canonical":"https:\/\/elregionalvm.com.ar\/noticias-villa-maria\/aerca-manifiesta-su-descontento-por-el-cierre-de-la-calles-del-microcentro-en-fechas-claves-de-ventas\/","og_locale":"es_ES","og_type":"article","og_title":"AERCA manifiesta su descontento por el cierre de la calles del microcentro en fechas claves de ventas - El Regional","og_description":"En la \u00faltima jornada, comerciantes de esa zona se han comunicado para expresar su malestar por el desarrollo de esta obra que coincide con el inicio de la actividad comercial en el marco del d\u00eda de la madre. La obra impide el acceso de veh\u00edculos y el estacionamiento afectando a los comercios que se encuentran [&hellip;]","og_url":"https:\/\/elregionalvm.com.ar\/noticias-villa-maria\/aerca-manifiesta-su-descontento-por-el-cierre-de-la-calles-del-microcentro-en-fechas-claves-de-ventas\/","og_site_name":"El Regional","article_publisher":"https:\/\/www.facebook.com\/elregionalvm","article_published_time":"2025-10-03T01:13:38+00:00","article_modified_time":"2025-10-03T01:13:51+00:00","og_image":[{"width":720,"height":1280,"url":"https:\/\/elregionalvm.com.ar\/noticias-villa-maria\/wp-content\/uploads\/2025\/10\/WhatsApp-Image-2025-10-02-at-11.06.48-AM.jpeg","type":"image\/jpeg"}],"author":"Contenidos El Regional","twitter_card":"summary_large_image","twitter_creator":"@elregionalvm1","twitter_site":"@elregionalvm1","twitter_misc":{"Escrito por":"Contenidos El Regional","Tiempo de lectura":"2 minutos"},"schema":{"@context":"https:\/\/schema.org","@graph":[{"@type":"Article","@id":"https:\/\/elregionalvm.com.ar\/noticias-villa-maria\/aerca-manifiesta-su-descontento-por-el-cierre-de-la-calles-del-microcentro-en-fechas-claves-de-ventas\/#article","isPartOf":{"@id":"https:\/\/elregionalvm.com.ar\/noticias-villa-maria\/aerca-manifiesta-su-descontento-por-el-cierre-de-la-calles-del-microcentro-en-fechas-claves-de-ventas\/"},"author":{"name":"Contenidos El Regional","@id":"http:\/\/elregionalvm.com.ar\/noticias-villa-maria\/#\/schema\/person\/a0fb9c422317faca23d50163151bc354"},"headline":"AERCA manifiesta su descontento por el cierre de la calles del microcentro en fechas claves de ventas","datePublished":"2025-10-03T01:13:38+00:00","dateModified":"2025-10-03T01:13:51+00:00","mainEntityOfPage":{"@id":"https:\/\/elregionalvm.com.ar\/noticias-villa-maria\/aerca-manifiesta-su-descontento-por-el-cierre-de-la-calles-del-microcentro-en-fechas-claves-de-ventas\/"},"wordCount":215,"commentCount":0,"image":{"@id":"https:\/\/elregionalvm.com.ar\/noticias-villa-maria\/aerca-manifiesta-su-descontento-por-el-cierre-de-la-calles-del-microcentro-en-fechas-claves-de-ventas\/#primaryimage"},"thumbnailUrl":"https:\/\/i0.wp.com\/elregionalvm.com.ar\/noticias-villa-maria\/wp-content\/uploads\/2025\/10\/WhatsApp-Image-2025-10-02-at-11.06.48-AM.jpeg?fit=720%2C1280&ssl=1","articleSection":["destacado","Sociedad","Villa Mar\u00eda"],"inLanguage":"es","potentialAction":[{"@type":"CommentAction","name":"Comment","target":["https:\/\/elregionalvm.com.ar\/noticias-villa-maria\/aerca-manifiesta-su-descontento-por-el-cierre-de-la-calles-del-microcentro-en-fechas-claves-de-ventas\/#respond"]}]},{"@type":"WebPage","@id":"https:\/\/elregionalvm.com.ar\/noticias-villa-maria\/aerca-manifiesta-su-descontento-por-el-cierre-de-la-calles-del-microcentro-en-fechas-claves-de-ventas\/","url":"https:\/\/elregionalvm.com.ar\/noticias-villa-maria\/aerca-manifiesta-su-descontento-por-el-cierre-de-la-calles-del-microcentro-en-fechas-claves-de-ventas\/","name":"AERCA manifiesta su descontento por el cierre de la calles del microcentro en fechas claves de ventas - El Regional","isPartOf":{"@id":"http:\/\/elregionalvm.com.ar\/noticias-villa-maria\/#website"},"primaryImageOfPage":{"@id":"https:\/\/elregionalvm.com.ar\/noticias-villa-maria\/aerca-manifiesta-su-descontento-por-el-cierre-de-la-calles-del-microcentro-en-fechas-claves-de-ventas\/#primaryimage"},"image":{"@id":"https:\/\/elregionalvm.com.ar\/noticias-villa-maria\/aerca-manifiesta-su-descontento-por-el-cierre-de-la-calles-del-microcentro-en-fechas-claves-de-ventas\/#primaryimage"},"thumbnailUrl":"https:\/\/i0.wp.com\/elregionalvm.com.ar\/noticias-villa-maria\/wp-content\/uploads\/2025\/10\/WhatsApp-Image-2025-10-02-at-11.06.48-AM.jpeg?fit=720%2C1280&ssl=1","datePublished":"2025-10-03T01:13:38+00:00","dateModified":"2025-10-03T01:13:51+00:00","author":{"@id":"http:\/\/elregionalvm.com.ar\/noticias-villa-maria\/#\/schema\/person\/a0fb9c422317faca23d50163151bc354"},"breadcrumb":{"@id":"https:\/\/elregionalvm.com.ar\/noticias-villa-maria\/aerca-manifiesta-su-descontento-por-el-cierre-de-la-calles-del-microcentro-en-fechas-claves-de-ventas\/#breadcrumb"},"inLanguage":"es","potentialAction":[{"@type":"ReadAction","target":["https:\/\/elregionalvm.com.ar\/noticias-villa-maria\/aerca-manifiesta-su-descontento-por-el-cierre-de-la-calles-del-microcentro-en-fechas-claves-de-ventas\/"]}]},{"@type":"ImageObject","inLanguage":"es","@id":"https:\/\/elregionalvm.com.ar\/noticias-villa-maria\/aerca-manifiesta-su-descontento-por-el-cierre-de-la-calles-del-microcentro-en-fechas-claves-de-ventas\/#primaryimage","url":"https:\/\/i0.wp.com\/elregionalvm.com.ar\/noticias-villa-maria\/wp-content\/uploads\/2025\/10\/WhatsApp-Image-2025-10-02-at-11.06.48-AM.jpeg?fit=720%2C1280&ssl=1","contentUrl":"https:\/\/i0.wp.com\/elregionalvm.com.ar\/noticias-villa-maria\/wp-content\/uploads\/2025\/10\/WhatsApp-Image-2025-10-02-at-11.06.48-AM.jpeg?fit=720%2C1280&ssl=1","width":720,"height":1280},{"@type":"BreadcrumbList","@id":"https:\/\/elregionalvm.com.ar\/noticias-villa-maria\/aerca-manifiesta-su-descontento-por-el-cierre-de-la-calles-del-microcentro-en-fechas-claves-de-ventas\/#breadcrumb","itemListElement":[{"@type":"ListItem","position":1,"name":"Portada","item":"https:\/\/elregionalvm.com.ar\/noticias-villa-maria\/"},{"@type":"ListItem","position":2,"name":"AERCA manifiesta su descontento por el cierre de la calles del microcentro en fechas claves de ventas"}]},{"@type":"WebSite","@id":"http:\/\/elregionalvm.com.ar\/noticias-villa-maria\/#website","url":"http:\/\/elregionalvm.com.ar\/noticias-villa-maria\/","name":"El Regional","description":"Mucho m\u00e1s que informaci\u00f3n","potentialAction":[{"@type":"SearchAction","target":{"@type":"EntryPoint","urlTemplate":"http:\/\/elregionalvm.com.ar\/noticias-villa-maria\/?s={search_term_string}"},"query-input":{"@type":"PropertyValueSpecification","valueRequired":true,"valueName":"search_term_string"}}],"inLanguage":"es"},{"@type":"Person","@id":"http:\/\/elregionalvm.com.ar\/noticias-villa-maria\/#\/schema\/person\/a0fb9c422317faca23d50163151bc354","name":"Contenidos El Regional","image":{"@type":"ImageObject","inLanguage":"es","@id":"http:\/\/elregionalvm.com.ar\/noticias-villa-maria\/#\/schema\/person\/image\/","url":"https:\/\/secure.gravatar.com\/avatar\/265b27cb2209af7bb3a1318f03305787d7981a5cc6e6cd08fe5a4ecdf99d4b48?s=96&d=mm&r=g","contentUrl":"https:\/\/secure.gravatar.com\/avatar\/265b27cb2209af7bb3a1318f03305787d7981a5cc6e6cd08fe5a4ecdf99d4b48?s=96&d=mm&r=g","caption":"Contenidos El Regional"},"url":"https:\/\/elregionalvm.com.ar\/noticias-villa-maria\/author\/contenido\/"}]}},"jetpack_featured_media_url":"https:\/\/i0.wp.com\/elregionalvm.com.ar\/noticias-villa-maria\/wp-content\/uploads\/2025\/10\/WhatsApp-Image-2025-10-02-at-11.06.48-AM.jpeg?fit=720%2C1280&ssl=1","jetpack_sharing_enabled":true,"_links":{"self":[{"href":"https:\/\/elregionalvm.com.ar\/noticias-villa-maria\/wp-json\/wp\/v2\/posts\/110610","targetHints":{"allow":["GET"]}}],"collection":[{"href":"https:\/\/elregionalvm.com.ar\/noticias-villa-maria\/wp-json\/wp\/v2\/posts"}],"about":[{"href":"https:\/\/elregionalvm.com.ar\/noticias-villa-maria\/wp-json\/wp\/v2\/types\/post"}],"author":[{"embeddable":true,"href":"https:\/\/elregionalvm.com.ar\/noticias-villa-maria\/wp-json\/wp\/v2\/users\/4"}],"replies":[{"embeddable":true,"href":"https:\/\/elregionalvm.com.ar\/noticias-villa-maria\/wp-json\/wp\/v2\/comments?post=110610"}],"version-history":[{"count":1,"href":"https:\/\/elregionalvm.com.ar\/noticias-villa-maria\/wp-json\/wp\/v2\/posts\/110610\/revisions"}],"predecessor-version":[{"id":110613,"href":"https:\/\/elregionalvm.com.ar\/noticias-villa-maria\/wp-json\/wp\/v2\/posts\/110610\/revisions\/110613"}],"wp:featuredmedia":[{"embeddable":true,"href":"https:\/\/elregionalvm.com.ar\/noticias-villa-maria\/wp-json\/wp\/v2\/media\/110611"}],"wp:attachment":[{"href":"https:\/\/elregionalvm.com.ar\/noticias-villa-maria\/wp-json\/wp\/v2\/media?parent=110610"}],"wp:term":[{"taxonomy":"category","embeddable":true,"href":"https:\/\/elregionalvm.com.ar\/noticias-villa-maria\/wp-json\/wp\/v2\/categories?post=110610"},{"taxonomy":"post_tag","embeddable":true,"href":"https:\/\/elregionalvm.com.ar\/noticias-villa-maria\/wp-json\/wp\/v2\/tags?post=110610"}],"curies":[{"name":"wp","href":"https:\/\/api.w.org\/{rel}","templated":true}]}}