{"id":110629,"date":"2025-10-03T22:28:24","date_gmt":"2025-10-03T22:28:24","guid":{"rendered":"https:\/\/elregionalvm.com.ar\/noticias-villa-maria\/?p=110629"},"modified":"2025-10-05T23:42:43","modified_gmt":"2025-10-05T23:42:43","slug":"en-una-nueva-sesion-del-concejo-deliberante-anunciaron-proyectos-y-actividades-artisticas-culturales-para-la-ciudad","status":"publish","type":"post","link":"https:\/\/elregionalvm.com.ar\/noticias-villa-maria\/en-una-nueva-sesion-del-concejo-deliberante-anunciaron-proyectos-y-actividades-artisticas-culturales-para-la-ciudad\/","title":{"rendered":"Concejo Deliberante: Anunciaron proyectos y actividades artisticas, culturales para la ciudad"},"content":{"rendered":"\n<p>Pasado el mediod\u00eda de este viernes, se llev\u00f3 adelante la habitual sesi\u00f3n del Concejo Deliberante. En ese sentido, concejales de la ciudad aprobaron en primera lectura dos proyectos del Departamento Ejecutivo Municipal beneficiosos para los vecinos y vecinas.<\/p>\n\n\n\n<p>Cabe destacar que el siguiente paso ser\u00e1 la convocatoria a Audiencia P\u00fablica, tal como lo establece el art\u00edculo 120 de la Carta Org\u00e1nica Municipal, antes de avanzar con el tratamiento en segunda lectura.<\/p>\n\n\n\n<p>Con respecto a estas dos iniciativas, en primera instancia, se aprob\u00f3 un Proyecto de Ordenanza que modifica la Ordenanza N\u00b0 8.150 y su modificatoria, la Ordenanza N\u00b0 8.204.<\/p>\n\n\n\n<p>Sobre este punto, la concejala Yaslil Oses manifest\u00f3: \u201cLo primero que quiero decir es que esto nada tiene que ver con un aumento de las tasas. Esto se fundamenta en el gran desempe\u00f1o en cuanto a la recaudaci\u00f3n y la superaci\u00f3n de las metas ya proyectadas y pactadas hasta la fecha. Es decir, la Municipalidad de Villa Mar\u00eda preve\u00eda recaudar hasta diciembre inclusive un monto determinado, el cual hoy ha sido superado, y ha superado esos objetivos debido a la confianza que los vecinos tienen en la municipalidad y en la gesti\u00f3n\u201d.<\/p>\n\n\n\n<p>\u201cHabi\u00e9ndose alcanzado la meta planificada antes de lo previsto, es decir, antes del mes de diciembre, y viendo la municipalidad que a\u00fan tiene margen para recaudar hasta ese mes, es que solicita este aumento presupuestario, que nada tiene que ver con un aumento en las tasas, sino con lo que ya estaba pactado y previsto\u201d, agreg\u00f3 Oses.<\/p>\n\n\n\n<p>\u201cReitero, nada tiene que ver con un aumento de las tasas, sino con una proyecci\u00f3n que se hizo, se super\u00f3 esa proyecci\u00f3n y las metas que se pensaban alcanzar hasta diciembre se superaron antes de lo previsto. Eso habla de la eficiencia financiera y de la gran confianza que tienen los vecinos y vecinas de Villa Mar\u00eda en la gesti\u00f3n municipal\u201d, cerr\u00f3 la concejala.<\/p>\n\n\n\n<p>Luego, se aprob\u00f3 tambi\u00e9n en primera lectura un proyecto que faculta al DEM a gestionar y tomar un pr\u00e9stamo del Fondo Permanente para la Financiaci\u00f3n de Proyectos y Programas de los Gobiernos Locales de la Provincia de C\u00f3rdoba.<\/p>\n\n\n\n<p>M\u00e1s adelante, concejales aprobaron otros dos Proyectos de Ordenanza: uno designando con el nombre de \u201cPlaza Ra\u00edces\u201d, y otro modificando el art\u00edculo 2\u00b0 de la Ordenanza N\u00b0 7.593.<\/p>\n\n\n\n<p>Posteriormente, se aprobaron una serie de declaraciones de inter\u00e9s, entre ellas: la realizaci\u00f3n de la Feria Intercultural; la celebraci\u00f3n de los 15 a\u00f1os de trayectoria del grupo musical \u201cCuerdo y Cuero\u201d; la destacada actuaci\u00f3n del Cuerpo de Bomberos Voluntarios de Villa Mar\u00eda en la 9\u00b0 Edici\u00f3n de las Olimp\u00edadas de Habilidades Bomberiles de C\u00f3rdoba; la 3\u00b0 Mega Expo Multimarcas y la 5\u00b0 Edici\u00f3n del Foro de Emprendedores y L\u00edderes Sociales (FELS).<\/p>\n\n\n\n<p>Tambi\u00e9n: el 88\u00b0 Aniversario del IPET N\u00b0 56 \u201cAbraham Ju\u00e1rez\u201d; el Encuentro de Radioaficionados Villa Mar\u00eda 2025; el 3\u00b0 Congreso de Psicopedagog\u00eda del Interior \u201cAprender y Sentir: Innovaciones en Psicopedagog\u00eda y Salud Mental\u201d; el Encuentro Nacional de J\u00f3venes Piamonteses y la conmemoraci\u00f3n del 60\u00b0 Aniversario de la Escuela Especial Clotilde Mar\u00eda Sabattini.<\/p>\n\n\n\n<p>Por \u00faltimo, se aprob\u00f3 un proyecto que ratifica el Convenio Espec\u00edfico de Colaboraci\u00f3n celebrado entre el Instituto Municipal de la Vivienda e Infraestructura y el Club Deportivo Argentino Villa Mar\u00eda.<\/p>\n","protected":false},"excerpt":{"rendered":"<p>Pasado el mediod\u00eda de este viernes, se llev\u00f3 adelante la habitual sesi\u00f3n del Concejo Deliberante. En ese sentido, concejales de la ciudad aprobaron en primera lectura dos proyectos del Departamento Ejecutivo Municipal beneficiosos para los vecinos y vecinas. Cabe destacar que el siguiente paso ser\u00e1 la convocatoria a Audiencia P\u00fablica, tal como lo establece el [&hellip;]<\/p>\n","protected":false},"author":4,"featured_media":110630,"comment_status":"open","ping_status":"open","sticky":false,"template":"","format":"standard","meta":{"site-sidebar-layout":"default","site-content-layout":"","ast-site-content-layout":"default","site-content-style":"default","site-sidebar-style":"default","ast-global-header-display":"","ast-banner-title-visibility":"","ast-main-header-display":"","ast-hfb-above-header-display":"","ast-hfb-below-header-display":"","ast-hfb-mobile-header-display":"","site-post-title":"","ast-breadcrumbs-content":"","ast-featured-img":"","footer-sml-layout":"","ast-disable-related-posts":"","theme-transparent-header-meta":"","adv-header-id-meta":"","stick-header-meta":"","header-above-stick-meta":"","header-main-stick-meta":"","header-below-stick-meta":"","astra-migrate-meta-layouts":"set","ast-page-background-enabled":"default","ast-page-background-meta":{"desktop":{"background-color":"","background-image":"","background-repeat":"repeat","background-position":"center center","background-size":"auto","background-attachment":"scroll","background-type":"","background-media":"","overlay-type":"","overlay-color":"","overlay-opacity":"","overlay-gradient":""},"tablet":{"background-color":"","background-image":"","background-repeat":"repeat","background-position":"center center","background-size":"auto","background-attachment":"scroll","background-type":"","background-media":"","overlay-type":"","overlay-color":"","overlay-opacity":"","overlay-gradient":""},"mobile":{"background-color":"","background-image":"","background-repeat":"repeat","background-position":"center center","background-size":"auto","background-attachment":"scroll","background-type":"","background-media":"","overlay-type":"","overlay-color":"","overlay-opacity":"","overlay-gradient":""}},"ast-content-background-meta":{"desktop":{"background-color":"var(--ast-global-color-5)","background-image":"","background-repeat":"repeat","background-position":"center center","background-size":"auto","background-attachment":"scroll","background-type":"","background-media":"","overlay-type":"","overlay-color":"","overlay-opacity":"","overlay-gradient":""},"tablet":{"background-color":"var(--ast-global-color-5)","background-image":"","background-repeat":"repeat","background-position":"center center","background-size":"auto","background-attachment":"scroll","background-type":"","background-media":"","overlay-type":"","overlay-color":"","overlay-opacity":"","overlay-gradient":""},"mobile":{"background-color":"var(--ast-global-color-5)","background-image":"","background-repeat":"repeat","background-position":"center center","background-size":"auto","background-attachment":"scroll","background-type":"","background-media":"","overlay-type":"","overlay-color":"","overlay-opacity":"","overlay-gradient":""}},"_jetpack_memberships_contains_paid_content":false,"_joinchat":[],"footnotes":""},"categories":[15302,5,2],"tags":[],"class_list":["post-110629","post","type-post","status-publish","format-standard","has-post-thumbnail","hentry","category-destacado","category-sociedad","category-villa-maria"],"yoast_head":"<!-- This site is optimized with the Yoast SEO plugin v26.8 - https:\/\/yoast.com\/product\/yoast-seo-wordpress\/ -->\n<title>Concejo Deliberante: Anunciaron proyectos y actividades artisticas, culturales para la ciudad - El Regional<\/title>\n<meta name=\"robots\" content=\"index, follow, max-snippet:-1, max-image-preview:large, max-video-preview:-1\" \/>\n<link rel=\"canonical\" href=\"https:\/\/elregionalvm.com.ar\/noticias-villa-maria\/en-una-nueva-sesion-del-concejo-deliberante-anunciaron-proyectos-y-actividades-artisticas-culturales-para-la-ciudad\/\" \/>\n<meta property=\"og:locale\" content=\"es_ES\" \/>\n<meta property=\"og:type\" content=\"article\" \/>\n<meta property=\"og:title\" content=\"Concejo Deliberante: Anunciaron proyectos y actividades artisticas, culturales para la ciudad - El Regional\" \/>\n<meta property=\"og:description\" content=\"Pasado el mediod\u00eda de este viernes, se llev\u00f3 adelante la habitual sesi\u00f3n del Concejo Deliberante. En ese sentido, concejales de la ciudad aprobaron en primera lectura dos proyectos del Departamento Ejecutivo Municipal beneficiosos para los vecinos y vecinas. Cabe destacar que el siguiente paso ser\u00e1 la convocatoria a Audiencia P\u00fablica, tal como lo establece el [&hellip;]\" \/>\n<meta property=\"og:url\" content=\"https:\/\/elregionalvm.com.ar\/noticias-villa-maria\/en-una-nueva-sesion-del-concejo-deliberante-anunciaron-proyectos-y-actividades-artisticas-culturales-para-la-ciudad\/\" \/>\n<meta property=\"og:site_name\" content=\"El Regional\" \/>\n<meta property=\"article:publisher\" content=\"https:\/\/www.facebook.com\/elregionalvm\" \/>\n<meta property=\"article:published_time\" content=\"2025-10-03T22:28:24+00:00\" \/>\n<meta property=\"article:modified_time\" content=\"2025-10-05T23:42:43+00:00\" \/>\n<meta property=\"og:image\" content=\"https:\/\/elregionalvm.com.ar\/noticias-villa-maria\/wp-content\/uploads\/2025\/10\/WhatsApp-Image-2025-10-03-at-4.07.42-PM.jpeg\" \/>\n\t<meta property=\"og:image:width\" content=\"1600\" \/>\n\t<meta property=\"og:image:height\" content=\"899\" \/>\n\t<meta property=\"og:image:type\" content=\"image\/jpeg\" \/>\n<meta name=\"author\" content=\"Contenidos El Regional\" \/>\n<meta name=\"twitter:card\" content=\"summary_large_image\" \/>\n<meta name=\"twitter:creator\" content=\"@elregionalvm1\" \/>\n<meta name=\"twitter:site\" content=\"@elregionalvm1\" \/>\n<meta name=\"twitter:label1\" content=\"Escrito por\" \/>\n\t<meta name=\"twitter:data1\" content=\"Contenidos El Regional\" \/>\n\t<meta name=\"twitter:label2\" content=\"Tiempo de lectura\" \/>\n\t<meta name=\"twitter:data2\" content=\"3 minutos\" \/>\n<script type=\"application\/ld+json\" class=\"yoast-schema-graph\">{\"@context\":\"https:\/\/schema.org\",\"@graph\":[{\"@type\":\"Article\",\"@id\":\"https:\/\/elregionalvm.com.ar\/noticias-villa-maria\/en-una-nueva-sesion-del-concejo-deliberante-anunciaron-proyectos-y-actividades-artisticas-culturales-para-la-ciudad\/#article\",\"isPartOf\":{\"@id\":\"https:\/\/elregionalvm.com.ar\/noticias-villa-maria\/en-una-nueva-sesion-del-concejo-deliberante-anunciaron-proyectos-y-actividades-artisticas-culturales-para-la-ciudad\/\"},\"author\":{\"name\":\"Contenidos El Regional\",\"@id\":\"http:\/\/elregionalvm.com.ar\/noticias-villa-maria\/#\/schema\/person\/a0fb9c422317faca23d50163151bc354\"},\"headline\":\"Concejo Deliberante: Anunciaron proyectos y actividades artisticas, culturales para la ciudad\",\"datePublished\":\"2025-10-03T22:28:24+00:00\",\"dateModified\":\"2025-10-05T23:42:43+00:00\",\"mainEntityOfPage\":{\"@id\":\"https:\/\/elregionalvm.com.ar\/noticias-villa-maria\/en-una-nueva-sesion-del-concejo-deliberante-anunciaron-proyectos-y-actividades-artisticas-culturales-para-la-ciudad\/\"},\"wordCount\":574,\"commentCount\":0,\"image\":{\"@id\":\"https:\/\/elregionalvm.com.ar\/noticias-villa-maria\/en-una-nueva-sesion-del-concejo-deliberante-anunciaron-proyectos-y-actividades-artisticas-culturales-para-la-ciudad\/#primaryimage\"},\"thumbnailUrl\":\"https:\/\/i0.wp.com\/elregionalvm.com.ar\/noticias-villa-maria\/wp-content\/uploads\/2025\/10\/WhatsApp-Image-2025-10-03-at-4.07.42-PM.jpeg?fit=1600%2C899&ssl=1\",\"articleSection\":[\"destacado\",\"Sociedad\",\"Villa Mar\u00eda\"],\"inLanguage\":\"es\",\"potentialAction\":[{\"@type\":\"CommentAction\",\"name\":\"Comment\",\"target\":[\"https:\/\/elregionalvm.com.ar\/noticias-villa-maria\/en-una-nueva-sesion-del-concejo-deliberante-anunciaron-proyectos-y-actividades-artisticas-culturales-para-la-ciudad\/#respond\"]}]},{\"@type\":\"WebPage\",\"@id\":\"https:\/\/elregionalvm.com.ar\/noticias-villa-maria\/en-una-nueva-sesion-del-concejo-deliberante-anunciaron-proyectos-y-actividades-artisticas-culturales-para-la-ciudad\/\",\"url\":\"https:\/\/elregionalvm.com.ar\/noticias-villa-maria\/en-una-nueva-sesion-del-concejo-deliberante-anunciaron-proyectos-y-actividades-artisticas-culturales-para-la-ciudad\/\",\"name\":\"Concejo Deliberante: Anunciaron proyectos y actividades artisticas, culturales para la ciudad - El Regional\",\"isPartOf\":{\"@id\":\"http:\/\/elregionalvm.com.ar\/noticias-villa-maria\/#website\"},\"primaryImageOfPage\":{\"@id\":\"https:\/\/elregionalvm.com.ar\/noticias-villa-maria\/en-una-nueva-sesion-del-concejo-deliberante-anunciaron-proyectos-y-actividades-artisticas-culturales-para-la-ciudad\/#primaryimage\"},\"image\":{\"@id\":\"https:\/\/elregionalvm.com.ar\/noticias-villa-maria\/en-una-nueva-sesion-del-concejo-deliberante-anunciaron-proyectos-y-actividades-artisticas-culturales-para-la-ciudad\/#primaryimage\"},\"thumbnailUrl\":\"https:\/\/i0.wp.com\/elregionalvm.com.ar\/noticias-villa-maria\/wp-content\/uploads\/2025\/10\/WhatsApp-Image-2025-10-03-at-4.07.42-PM.jpeg?fit=1600%2C899&ssl=1\",\"datePublished\":\"2025-10-03T22:28:24+00:00\",\"dateModified\":\"2025-10-05T23:42:43+00:00\",\"author\":{\"@id\":\"http:\/\/elregionalvm.com.ar\/noticias-villa-maria\/#\/schema\/person\/a0fb9c422317faca23d50163151bc354\"},\"breadcrumb\":{\"@id\":\"https:\/\/elregionalvm.com.ar\/noticias-villa-maria\/en-una-nueva-sesion-del-concejo-deliberante-anunciaron-proyectos-y-actividades-artisticas-culturales-para-la-ciudad\/#breadcrumb\"},\"inLanguage\":\"es\",\"potentialAction\":[{\"@type\":\"ReadAction\",\"target\":[\"https:\/\/elregionalvm.com.ar\/noticias-villa-maria\/en-una-nueva-sesion-del-concejo-deliberante-anunciaron-proyectos-y-actividades-artisticas-culturales-para-la-ciudad\/\"]}]},{\"@type\":\"ImageObject\",\"inLanguage\":\"es\",\"@id\":\"https:\/\/elregionalvm.com.ar\/noticias-villa-maria\/en-una-nueva-sesion-del-concejo-deliberante-anunciaron-proyectos-y-actividades-artisticas-culturales-para-la-ciudad\/#primaryimage\",\"url\":\"https:\/\/i0.wp.com\/elregionalvm.com.ar\/noticias-villa-maria\/wp-content\/uploads\/2025\/10\/WhatsApp-Image-2025-10-03-at-4.07.42-PM.jpeg?fit=1600%2C899&ssl=1\",\"contentUrl\":\"https:\/\/i0.wp.com\/elregionalvm.com.ar\/noticias-villa-maria\/wp-content\/uploads\/2025\/10\/WhatsApp-Image-2025-10-03-at-4.07.42-PM.jpeg?fit=1600%2C899&ssl=1\",\"width\":1600,\"height\":899},{\"@type\":\"BreadcrumbList\",\"@id\":\"https:\/\/elregionalvm.com.ar\/noticias-villa-maria\/en-una-nueva-sesion-del-concejo-deliberante-anunciaron-proyectos-y-actividades-artisticas-culturales-para-la-ciudad\/#breadcrumb\",\"itemListElement\":[{\"@type\":\"ListItem\",\"position\":1,\"name\":\"Portada\",\"item\":\"https:\/\/elregionalvm.com.ar\/noticias-villa-maria\/\"},{\"@type\":\"ListItem\",\"position\":2,\"name\":\"Concejo Deliberante: Anunciaron proyectos y actividades artisticas, culturales para la ciudad\"}]},{\"@type\":\"WebSite\",\"@id\":\"http:\/\/elregionalvm.com.ar\/noticias-villa-maria\/#website\",\"url\":\"http:\/\/elregionalvm.com.ar\/noticias-villa-maria\/\",\"name\":\"El Regional\",\"description\":\"Mucho m\u00e1s que informaci\u00f3n\",\"potentialAction\":[{\"@type\":\"SearchAction\",\"target\":{\"@type\":\"EntryPoint\",\"urlTemplate\":\"http:\/\/elregionalvm.com.ar\/noticias-villa-maria\/?s={search_term_string}\"},\"query-input\":{\"@type\":\"PropertyValueSpecification\",\"valueRequired\":true,\"valueName\":\"search_term_string\"}}],\"inLanguage\":\"es\"},{\"@type\":\"Person\",\"@id\":\"http:\/\/elregionalvm.com.ar\/noticias-villa-maria\/#\/schema\/person\/a0fb9c422317faca23d50163151bc354\",\"name\":\"Contenidos El Regional\",\"image\":{\"@type\":\"ImageObject\",\"inLanguage\":\"es\",\"@id\":\"http:\/\/elregionalvm.com.ar\/noticias-villa-maria\/#\/schema\/person\/image\/\",\"url\":\"https:\/\/secure.gravatar.com\/avatar\/265b27cb2209af7bb3a1318f03305787d7981a5cc6e6cd08fe5a4ecdf99d4b48?s=96&d=mm&r=g\",\"contentUrl\":\"https:\/\/secure.gravatar.com\/avatar\/265b27cb2209af7bb3a1318f03305787d7981a5cc6e6cd08fe5a4ecdf99d4b48?s=96&d=mm&r=g\",\"caption\":\"Contenidos El Regional\"},\"url\":\"https:\/\/elregionalvm.com.ar\/noticias-villa-maria\/author\/contenido\/\"}]}<\/script>\n<!-- \/ Yoast SEO plugin. -->","yoast_head_json":{"title":"Concejo Deliberante: Anunciaron proyectos y actividades artisticas, culturales para la ciudad - El Regional","robots":{"index":"index","follow":"follow","max-snippet":"max-snippet:-1","max-image-preview":"max-image-preview:large","max-video-preview":"max-video-preview:-1"},"canonical":"https:\/\/elregionalvm.com.ar\/noticias-villa-maria\/en-una-nueva-sesion-del-concejo-deliberante-anunciaron-proyectos-y-actividades-artisticas-culturales-para-la-ciudad\/","og_locale":"es_ES","og_type":"article","og_title":"Concejo Deliberante: Anunciaron proyectos y actividades artisticas, culturales para la ciudad - El Regional","og_description":"Pasado el mediod\u00eda de este viernes, se llev\u00f3 adelante la habitual sesi\u00f3n del Concejo Deliberante. En ese sentido, concejales de la ciudad aprobaron en primera lectura dos proyectos del Departamento Ejecutivo Municipal beneficiosos para los vecinos y vecinas. Cabe destacar que el siguiente paso ser\u00e1 la convocatoria a Audiencia P\u00fablica, tal como lo establece el [&hellip;]","og_url":"https:\/\/elregionalvm.com.ar\/noticias-villa-maria\/en-una-nueva-sesion-del-concejo-deliberante-anunciaron-proyectos-y-actividades-artisticas-culturales-para-la-ciudad\/","og_site_name":"El Regional","article_publisher":"https:\/\/www.facebook.com\/elregionalvm","article_published_time":"2025-10-03T22:28:24+00:00","article_modified_time":"2025-10-05T23:42:43+00:00","og_image":[{"width":1600,"height":899,"url":"https:\/\/elregionalvm.com.ar\/noticias-villa-maria\/wp-content\/uploads\/2025\/10\/WhatsApp-Image-2025-10-03-at-4.07.42-PM.jpeg","type":"image\/jpeg"}],"author":"Contenidos El Regional","twitter_card":"summary_large_image","twitter_creator":"@elregionalvm1","twitter_site":"@elregionalvm1","twitter_misc":{"Escrito por":"Contenidos El Regional","Tiempo de lectura":"3 minutos"},"schema":{"@context":"https:\/\/schema.org","@graph":[{"@type":"Article","@id":"https:\/\/elregionalvm.com.ar\/noticias-villa-maria\/en-una-nueva-sesion-del-concejo-deliberante-anunciaron-proyectos-y-actividades-artisticas-culturales-para-la-ciudad\/#article","isPartOf":{"@id":"https:\/\/elregionalvm.com.ar\/noticias-villa-maria\/en-una-nueva-sesion-del-concejo-deliberante-anunciaron-proyectos-y-actividades-artisticas-culturales-para-la-ciudad\/"},"author":{"name":"Contenidos El Regional","@id":"http:\/\/elregionalvm.com.ar\/noticias-villa-maria\/#\/schema\/person\/a0fb9c422317faca23d50163151bc354"},"headline":"Concejo Deliberante: Anunciaron proyectos y actividades artisticas, culturales para la ciudad","datePublished":"2025-10-03T22:28:24+00:00","dateModified":"2025-10-05T23:42:43+00:00","mainEntityOfPage":{"@id":"https:\/\/elregionalvm.com.ar\/noticias-villa-maria\/en-una-nueva-sesion-del-concejo-deliberante-anunciaron-proyectos-y-actividades-artisticas-culturales-para-la-ciudad\/"},"wordCount":574,"commentCount":0,"image":{"@id":"https:\/\/elregionalvm.com.ar\/noticias-villa-maria\/en-una-nueva-sesion-del-concejo-deliberante-anunciaron-proyectos-y-actividades-artisticas-culturales-para-la-ciudad\/#primaryimage"},"thumbnailUrl":"https:\/\/i0.wp.com\/elregionalvm.com.ar\/noticias-villa-maria\/wp-content\/uploads\/2025\/10\/WhatsApp-Image-2025-10-03-at-4.07.42-PM.jpeg?fit=1600%2C899&ssl=1","articleSection":["destacado","Sociedad","Villa Mar\u00eda"],"inLanguage":"es","potentialAction":[{"@type":"CommentAction","name":"Comment","target":["https:\/\/elregionalvm.com.ar\/noticias-villa-maria\/en-una-nueva-sesion-del-concejo-deliberante-anunciaron-proyectos-y-actividades-artisticas-culturales-para-la-ciudad\/#respond"]}]},{"@type":"WebPage","@id":"https:\/\/elregionalvm.com.ar\/noticias-villa-maria\/en-una-nueva-sesion-del-concejo-deliberante-anunciaron-proyectos-y-actividades-artisticas-culturales-para-la-ciudad\/","url":"https:\/\/elregionalvm.com.ar\/noticias-villa-maria\/en-una-nueva-sesion-del-concejo-deliberante-anunciaron-proyectos-y-actividades-artisticas-culturales-para-la-ciudad\/","name":"Concejo Deliberante: Anunciaron proyectos y actividades artisticas, culturales para la ciudad - El Regional","isPartOf":{"@id":"http:\/\/elregionalvm.com.ar\/noticias-villa-maria\/#website"},"primaryImageOfPage":{"@id":"https:\/\/elregionalvm.com.ar\/noticias-villa-maria\/en-una-nueva-sesion-del-concejo-deliberante-anunciaron-proyectos-y-actividades-artisticas-culturales-para-la-ciudad\/#primaryimage"},"image":{"@id":"https:\/\/elregionalvm.com.ar\/noticias-villa-maria\/en-una-nueva-sesion-del-concejo-deliberante-anunciaron-proyectos-y-actividades-artisticas-culturales-para-la-ciudad\/#primaryimage"},"thumbnailUrl":"https:\/\/i0.wp.com\/elregionalvm.com.ar\/noticias-villa-maria\/wp-content\/uploads\/2025\/10\/WhatsApp-Image-2025-10-03-at-4.07.42-PM.jpeg?fit=1600%2C899&ssl=1","datePublished":"2025-10-03T22:28:24+00:00","dateModified":"2025-10-05T23:42:43+00:00","author":{"@id":"http:\/\/elregionalvm.com.ar\/noticias-villa-maria\/#\/schema\/person\/a0fb9c422317faca23d50163151bc354"},"breadcrumb":{"@id":"https:\/\/elregionalvm.com.ar\/noticias-villa-maria\/en-una-nueva-sesion-del-concejo-deliberante-anunciaron-proyectos-y-actividades-artisticas-culturales-para-la-ciudad\/#breadcrumb"},"inLanguage":"es","potentialAction":[{"@type":"ReadAction","target":["https:\/\/elregionalvm.com.ar\/noticias-villa-maria\/en-una-nueva-sesion-del-concejo-deliberante-anunciaron-proyectos-y-actividades-artisticas-culturales-para-la-ciudad\/"]}]},{"@type":"ImageObject","inLanguage":"es","@id":"https:\/\/elregionalvm.com.ar\/noticias-villa-maria\/en-una-nueva-sesion-del-concejo-deliberante-anunciaron-proyectos-y-actividades-artisticas-culturales-para-la-ciudad\/#primaryimage","url":"https:\/\/i0.wp.com\/elregionalvm.com.ar\/noticias-villa-maria\/wp-content\/uploads\/2025\/10\/WhatsApp-Image-2025-10-03-at-4.07.42-PM.jpeg?fit=1600%2C899&ssl=1","contentUrl":"https:\/\/i0.wp.com\/elregionalvm.com.ar\/noticias-villa-maria\/wp-content\/uploads\/2025\/10\/WhatsApp-Image-2025-10-03-at-4.07.42-PM.jpeg?fit=1600%2C899&ssl=1","width":1600,"height":899},{"@type":"BreadcrumbList","@id":"https:\/\/elregionalvm.com.ar\/noticias-villa-maria\/en-una-nueva-sesion-del-concejo-deliberante-anunciaron-proyectos-y-actividades-artisticas-culturales-para-la-ciudad\/#breadcrumb","itemListElement":[{"@type":"ListItem","position":1,"name":"Portada","item":"https:\/\/elregionalvm.com.ar\/noticias-villa-maria\/"},{"@type":"ListItem","position":2,"name":"Concejo Deliberante: Anunciaron proyectos y actividades artisticas, culturales para la ciudad"}]},{"@type":"WebSite","@id":"http:\/\/elregionalvm.com.ar\/noticias-villa-maria\/#website","url":"http:\/\/elregionalvm.com.ar\/noticias-villa-maria\/","name":"El Regional","description":"Mucho m\u00e1s que informaci\u00f3n","potentialAction":[{"@type":"SearchAction","target":{"@type":"EntryPoint","urlTemplate":"http:\/\/elregionalvm.com.ar\/noticias-villa-maria\/?s={search_term_string}"},"query-input":{"@type":"PropertyValueSpecification","valueRequired":true,"valueName":"search_term_string"}}],"inLanguage":"es"},{"@type":"Person","@id":"http:\/\/elregionalvm.com.ar\/noticias-villa-maria\/#\/schema\/person\/a0fb9c422317faca23d50163151bc354","name":"Contenidos El Regional","image":{"@type":"ImageObject","inLanguage":"es","@id":"http:\/\/elregionalvm.com.ar\/noticias-villa-maria\/#\/schema\/person\/image\/","url":"https:\/\/secure.gravatar.com\/avatar\/265b27cb2209af7bb3a1318f03305787d7981a5cc6e6cd08fe5a4ecdf99d4b48?s=96&d=mm&r=g","contentUrl":"https:\/\/secure.gravatar.com\/avatar\/265b27cb2209af7bb3a1318f03305787d7981a5cc6e6cd08fe5a4ecdf99d4b48?s=96&d=mm&r=g","caption":"Contenidos El Regional"},"url":"https:\/\/elregionalvm.com.ar\/noticias-villa-maria\/author\/contenido\/"}]}},"jetpack_featured_media_url":"https:\/\/i0.wp.com\/elregionalvm.com.ar\/noticias-villa-maria\/wp-content\/uploads\/2025\/10\/WhatsApp-Image-2025-10-03-at-4.07.42-PM.jpeg?fit=1600%2C899&ssl=1","jetpack_sharing_enabled":true,"_links":{"self":[{"href":"https:\/\/elregionalvm.com.ar\/noticias-villa-maria\/wp-json\/wp\/v2\/posts\/110629","targetHints":{"allow":["GET"]}}],"collection":[{"href":"https:\/\/elregionalvm.com.ar\/noticias-villa-maria\/wp-json\/wp\/v2\/posts"}],"about":[{"href":"https:\/\/elregionalvm.com.ar\/noticias-villa-maria\/wp-json\/wp\/v2\/types\/post"}],"author":[{"embeddable":true,"href":"https:\/\/elregionalvm.com.ar\/noticias-villa-maria\/wp-json\/wp\/v2\/users\/4"}],"replies":[{"embeddable":true,"href":"https:\/\/elregionalvm.com.ar\/noticias-villa-maria\/wp-json\/wp\/v2\/comments?post=110629"}],"version-history":[{"count":2,"href":"https:\/\/elregionalvm.com.ar\/noticias-villa-maria\/wp-json\/wp\/v2\/posts\/110629\/revisions"}],"predecessor-version":[{"id":110682,"href":"https:\/\/elregionalvm.com.ar\/noticias-villa-maria\/wp-json\/wp\/v2\/posts\/110629\/revisions\/110682"}],"wp:featuredmedia":[{"embeddable":true,"href":"https:\/\/elregionalvm.com.ar\/noticias-villa-maria\/wp-json\/wp\/v2\/media\/110630"}],"wp:attachment":[{"href":"https:\/\/elregionalvm.com.ar\/noticias-villa-maria\/wp-json\/wp\/v2\/media?parent=110629"}],"wp:term":[{"taxonomy":"category","embeddable":true,"href":"https:\/\/elregionalvm.com.ar\/noticias-villa-maria\/wp-json\/wp\/v2\/categories?post=110629"},{"taxonomy":"post_tag","embeddable":true,"href":"https:\/\/elregionalvm.com.ar\/noticias-villa-maria\/wp-json\/wp\/v2\/tags?post=110629"}],"curies":[{"name":"wp","href":"https:\/\/api.w.org\/{rel}","templated":true}]}}