{"id":110632,"date":"2025-10-03T22:34:07","date_gmt":"2025-10-03T22:34:07","guid":{"rendered":"https:\/\/elregionalvm.com.ar\/noticias-villa-maria\/?p=110632"},"modified":"2025-10-03T22:34:10","modified_gmt":"2025-10-03T22:34:10","slug":"una-nueva-empresa-de-villa-maria-formara-parte-del-pilt","status":"publish","type":"post","link":"https:\/\/elregionalvm.com.ar\/noticias-villa-maria\/una-nueva-empresa-de-villa-maria-formara-parte-del-pilt\/","title":{"rendered":"Una nueva empresa de Villa Mar\u00eda formar\u00e1 parte del PILT"},"content":{"rendered":"\n<p>La empresa JP Aberturas comenz\u00f3 a operar recientemente desde el Parque Industrial, Log\u00edstico y Tecnol\u00f3gico Villa Mar\u00eda (PILT), a partir del alquiler de una nave de 700 metros cuadrados. All\u00ed mont\u00f3 una l\u00ednea de producci\u00f3n automatizada con equipamiento adquirido poco tiempo atr\u00e1s en China.<\/p>\n\n\n\n<p>Si bien la firma ya viene trabajando desde hace a\u00f1os en Villa Mar\u00eda, fabricando aberturas de aluminio y amoblamiento de distinto tipo, defini\u00f3 trasladar parte de sus actividades al PILT para abocarse en el nuevo espacio espec\u00edficamente a la elaboraci\u00f3n de muebles de cocina, como alacenas, bajo mesadas o islas de cocina; vanitorys; muebles de oficina, entre otros.<\/p>\n\n\n\n<p>Seg\u00fan indic\u00f3 Luciano Petraglia, miembro de la empresa familiar, ya est\u00e1 finalizando la \u00faltima etapa de calibraci\u00f3n de los equipos para que puedan desarrollar a pleno su capacidad. El emplazamiento en el Parque tambi\u00e9n posibilitar\u00e1 el acceso a beneficios impositivos especiales a la organizaci\u00f3n, que redundar\u00e1 en mayor competitividad.<\/p>\n\n\n\n<p>Vale mencionar que para atender a los requerimientos productivos, JP Aberturas increment\u00f3 su equipo de trabajo, sumando 7 personas a las actividades.<\/p>\n\n\n\n<p>En otro orden, es importante se\u00f1alar que la empresa est\u00e1 elaborando una propuesta para ceder equipamiento a un tradicional instituto de educaci\u00f3n t\u00e9cnica de la ciudad, con la finalidad que los estudiantes puedan aprender a manejar el equipamiento que utilizan las industrias del sector en la actualidad.<\/p>\n","protected":false},"excerpt":{"rendered":"<p>La empresa JP Aberturas comenz\u00f3 a operar recientemente desde el Parque Industrial, Log\u00edstico y Tecnol\u00f3gico Villa Mar\u00eda (PILT), a partir del alquiler de una nave de 700 metros cuadrados. All\u00ed mont\u00f3 una l\u00ednea de producci\u00f3n automatizada con equipamiento adquirido poco tiempo atr\u00e1s en China. Si bien la firma ya viene trabajando desde hace a\u00f1os en [&hellip;]<\/p>\n","protected":false},"author":4,"featured_media":110633,"comment_status":"open","ping_status":"open","sticky":false,"template":"","format":"standard","meta":{"site-sidebar-layout":"default","site-content-layout":"","ast-site-content-layout":"default","site-content-style":"default","site-sidebar-style":"default","ast-global-header-display":"","ast-banner-title-visibility":"","ast-main-header-display":"","ast-hfb-above-header-display":"","ast-hfb-below-header-display":"","ast-hfb-mobile-header-display":"","site-post-title":"","ast-breadcrumbs-content":"","ast-featured-img":"","footer-sml-layout":"","ast-disable-related-posts":"","theme-transparent-header-meta":"","adv-header-id-meta":"","stick-header-meta":"","header-above-stick-meta":"","header-main-stick-meta":"","header-below-stick-meta":"","astra-migrate-meta-layouts":"set","ast-page-background-enabled":"default","ast-page-background-meta":{"desktop":{"background-color":"","background-image":"","background-repeat":"repeat","background-position":"center center","background-size":"auto","background-attachment":"scroll","background-type":"","background-media":"","overlay-type":"","overlay-color":"","overlay-opacity":"","overlay-gradient":""},"tablet":{"background-color":"","background-image":"","background-repeat":"repeat","background-position":"center center","background-size":"auto","background-attachment":"scroll","background-type":"","background-media":"","overlay-type":"","overlay-color":"","overlay-opacity":"","overlay-gradient":""},"mobile":{"background-color":"","background-image":"","background-repeat":"repeat","background-position":"center center","background-size":"auto","background-attachment":"scroll","background-type":"","background-media":"","overlay-type":"","overlay-color":"","overlay-opacity":"","overlay-gradient":""}},"ast-content-background-meta":{"desktop":{"background-color":"var(--ast-global-color-5)","background-image":"","background-repeat":"repeat","background-position":"center center","background-size":"auto","background-attachment":"scroll","background-type":"","background-media":"","overlay-type":"","overlay-color":"","overlay-opacity":"","overlay-gradient":""},"tablet":{"background-color":"var(--ast-global-color-5)","background-image":"","background-repeat":"repeat","background-position":"center center","background-size":"auto","background-attachment":"scroll","background-type":"","background-media":"","overlay-type":"","overlay-color":"","overlay-opacity":"","overlay-gradient":""},"mobile":{"background-color":"var(--ast-global-color-5)","background-image":"","background-repeat":"repeat","background-position":"center center","background-size":"auto","background-attachment":"scroll","background-type":"","background-media":"","overlay-type":"","overlay-color":"","overlay-opacity":"","overlay-gradient":""}},"_jetpack_memberships_contains_paid_content":false,"_joinchat":[],"footnotes":""},"categories":[15302,5,2],"tags":[],"class_list":["post-110632","post","type-post","status-publish","format-standard","has-post-thumbnail","hentry","category-destacado","category-sociedad","category-villa-maria"],"yoast_head":"<!-- This site is optimized with the Yoast SEO plugin v26.8 - https:\/\/yoast.com\/product\/yoast-seo-wordpress\/ -->\n<title>Una nueva empresa de Villa Mar\u00eda formar\u00e1 parte del PILT - El Regional<\/title>\n<meta name=\"robots\" content=\"index, follow, max-snippet:-1, max-image-preview:large, max-video-preview:-1\" \/>\n<link rel=\"canonical\" href=\"https:\/\/elregionalvm.com.ar\/noticias-villa-maria\/una-nueva-empresa-de-villa-maria-formara-parte-del-pilt\/\" \/>\n<meta property=\"og:locale\" content=\"es_ES\" \/>\n<meta property=\"og:type\" content=\"article\" \/>\n<meta property=\"og:title\" content=\"Una nueva empresa de Villa Mar\u00eda formar\u00e1 parte del PILT - El Regional\" \/>\n<meta property=\"og:description\" content=\"La empresa JP Aberturas comenz\u00f3 a operar recientemente desde el Parque Industrial, Log\u00edstico y Tecnol\u00f3gico Villa Mar\u00eda (PILT), a partir del alquiler de una nave de 700 metros cuadrados. All\u00ed mont\u00f3 una l\u00ednea de producci\u00f3n automatizada con equipamiento adquirido poco tiempo atr\u00e1s en China. Si bien la firma ya viene trabajando desde hace a\u00f1os en [&hellip;]\" \/>\n<meta property=\"og:url\" content=\"https:\/\/elregionalvm.com.ar\/noticias-villa-maria\/una-nueva-empresa-de-villa-maria-formara-parte-del-pilt\/\" \/>\n<meta property=\"og:site_name\" content=\"El Regional\" \/>\n<meta property=\"article:publisher\" content=\"https:\/\/www.facebook.com\/elregionalvm\" \/>\n<meta property=\"article:published_time\" content=\"2025-10-03T22:34:07+00:00\" \/>\n<meta property=\"article:modified_time\" content=\"2025-10-03T22:34:10+00:00\" \/>\n<meta property=\"og:image\" content=\"https:\/\/elregionalvm.com.ar\/noticias-villa-maria\/wp-content\/uploads\/2025\/10\/WhatsApp-Image-2025-10-03-at-2.24.42-PM.jpeg\" \/>\n\t<meta property=\"og:image:width\" content=\"1327\" \/>\n\t<meta property=\"og:image:height\" content=\"765\" \/>\n\t<meta property=\"og:image:type\" content=\"image\/jpeg\" \/>\n<meta name=\"author\" content=\"Contenidos El Regional\" \/>\n<meta name=\"twitter:card\" content=\"summary_large_image\" \/>\n<meta name=\"twitter:creator\" content=\"@elregionalvm1\" \/>\n<meta name=\"twitter:site\" content=\"@elregionalvm1\" \/>\n<meta name=\"twitter:label1\" content=\"Escrito por\" \/>\n\t<meta name=\"twitter:data1\" content=\"Contenidos El Regional\" \/>\n\t<meta name=\"twitter:label2\" content=\"Tiempo de lectura\" \/>\n\t<meta name=\"twitter:data2\" content=\"2 minutos\" \/>\n<script type=\"application\/ld+json\" class=\"yoast-schema-graph\">{\"@context\":\"https:\/\/schema.org\",\"@graph\":[{\"@type\":\"Article\",\"@id\":\"https:\/\/elregionalvm.com.ar\/noticias-villa-maria\/una-nueva-empresa-de-villa-maria-formara-parte-del-pilt\/#article\",\"isPartOf\":{\"@id\":\"https:\/\/elregionalvm.com.ar\/noticias-villa-maria\/una-nueva-empresa-de-villa-maria-formara-parte-del-pilt\/\"},\"author\":{\"name\":\"Contenidos El Regional\",\"@id\":\"http:\/\/elregionalvm.com.ar\/noticias-villa-maria\/#\/schema\/person\/a0fb9c422317faca23d50163151bc354\"},\"headline\":\"Una nueva empresa de Villa Mar\u00eda formar\u00e1 parte del PILT\",\"datePublished\":\"2025-10-03T22:34:07+00:00\",\"dateModified\":\"2025-10-03T22:34:10+00:00\",\"mainEntityOfPage\":{\"@id\":\"https:\/\/elregionalvm.com.ar\/noticias-villa-maria\/una-nueva-empresa-de-villa-maria-formara-parte-del-pilt\/\"},\"wordCount\":246,\"commentCount\":0,\"image\":{\"@id\":\"https:\/\/elregionalvm.com.ar\/noticias-villa-maria\/una-nueva-empresa-de-villa-maria-formara-parte-del-pilt\/#primaryimage\"},\"thumbnailUrl\":\"https:\/\/i0.wp.com\/elregionalvm.com.ar\/noticias-villa-maria\/wp-content\/uploads\/2025\/10\/WhatsApp-Image-2025-10-03-at-2.24.42-PM.jpeg?fit=1327%2C765&ssl=1\",\"articleSection\":[\"destacado\",\"Sociedad\",\"Villa Mar\u00eda\"],\"inLanguage\":\"es\",\"potentialAction\":[{\"@type\":\"CommentAction\",\"name\":\"Comment\",\"target\":[\"https:\/\/elregionalvm.com.ar\/noticias-villa-maria\/una-nueva-empresa-de-villa-maria-formara-parte-del-pilt\/#respond\"]}]},{\"@type\":\"WebPage\",\"@id\":\"https:\/\/elregionalvm.com.ar\/noticias-villa-maria\/una-nueva-empresa-de-villa-maria-formara-parte-del-pilt\/\",\"url\":\"https:\/\/elregionalvm.com.ar\/noticias-villa-maria\/una-nueva-empresa-de-villa-maria-formara-parte-del-pilt\/\",\"name\":\"Una nueva empresa de Villa Mar\u00eda formar\u00e1 parte del PILT - El Regional\",\"isPartOf\":{\"@id\":\"http:\/\/elregionalvm.com.ar\/noticias-villa-maria\/#website\"},\"primaryImageOfPage\":{\"@id\":\"https:\/\/elregionalvm.com.ar\/noticias-villa-maria\/una-nueva-empresa-de-villa-maria-formara-parte-del-pilt\/#primaryimage\"},\"image\":{\"@id\":\"https:\/\/elregionalvm.com.ar\/noticias-villa-maria\/una-nueva-empresa-de-villa-maria-formara-parte-del-pilt\/#primaryimage\"},\"thumbnailUrl\":\"https:\/\/i0.wp.com\/elregionalvm.com.ar\/noticias-villa-maria\/wp-content\/uploads\/2025\/10\/WhatsApp-Image-2025-10-03-at-2.24.42-PM.jpeg?fit=1327%2C765&ssl=1\",\"datePublished\":\"2025-10-03T22:34:07+00:00\",\"dateModified\":\"2025-10-03T22:34:10+00:00\",\"author\":{\"@id\":\"http:\/\/elregionalvm.com.ar\/noticias-villa-maria\/#\/schema\/person\/a0fb9c422317faca23d50163151bc354\"},\"breadcrumb\":{\"@id\":\"https:\/\/elregionalvm.com.ar\/noticias-villa-maria\/una-nueva-empresa-de-villa-maria-formara-parte-del-pilt\/#breadcrumb\"},\"inLanguage\":\"es\",\"potentialAction\":[{\"@type\":\"ReadAction\",\"target\":[\"https:\/\/elregionalvm.com.ar\/noticias-villa-maria\/una-nueva-empresa-de-villa-maria-formara-parte-del-pilt\/\"]}]},{\"@type\":\"ImageObject\",\"inLanguage\":\"es\",\"@id\":\"https:\/\/elregionalvm.com.ar\/noticias-villa-maria\/una-nueva-empresa-de-villa-maria-formara-parte-del-pilt\/#primaryimage\",\"url\":\"https:\/\/i0.wp.com\/elregionalvm.com.ar\/noticias-villa-maria\/wp-content\/uploads\/2025\/10\/WhatsApp-Image-2025-10-03-at-2.24.42-PM.jpeg?fit=1327%2C765&ssl=1\",\"contentUrl\":\"https:\/\/i0.wp.com\/elregionalvm.com.ar\/noticias-villa-maria\/wp-content\/uploads\/2025\/10\/WhatsApp-Image-2025-10-03-at-2.24.42-PM.jpeg?fit=1327%2C765&ssl=1\",\"width\":1327,\"height\":765},{\"@type\":\"BreadcrumbList\",\"@id\":\"https:\/\/elregionalvm.com.ar\/noticias-villa-maria\/una-nueva-empresa-de-villa-maria-formara-parte-del-pilt\/#breadcrumb\",\"itemListElement\":[{\"@type\":\"ListItem\",\"position\":1,\"name\":\"Portada\",\"item\":\"https:\/\/elregionalvm.com.ar\/noticias-villa-maria\/\"},{\"@type\":\"ListItem\",\"position\":2,\"name\":\"Una nueva empresa de Villa Mar\u00eda formar\u00e1 parte del PILT\"}]},{\"@type\":\"WebSite\",\"@id\":\"http:\/\/elregionalvm.com.ar\/noticias-villa-maria\/#website\",\"url\":\"http:\/\/elregionalvm.com.ar\/noticias-villa-maria\/\",\"name\":\"El Regional\",\"description\":\"Mucho m\u00e1s que informaci\u00f3n\",\"potentialAction\":[{\"@type\":\"SearchAction\",\"target\":{\"@type\":\"EntryPoint\",\"urlTemplate\":\"http:\/\/elregionalvm.com.ar\/noticias-villa-maria\/?s={search_term_string}\"},\"query-input\":{\"@type\":\"PropertyValueSpecification\",\"valueRequired\":true,\"valueName\":\"search_term_string\"}}],\"inLanguage\":\"es\"},{\"@type\":\"Person\",\"@id\":\"http:\/\/elregionalvm.com.ar\/noticias-villa-maria\/#\/schema\/person\/a0fb9c422317faca23d50163151bc354\",\"name\":\"Contenidos El Regional\",\"image\":{\"@type\":\"ImageObject\",\"inLanguage\":\"es\",\"@id\":\"http:\/\/elregionalvm.com.ar\/noticias-villa-maria\/#\/schema\/person\/image\/\",\"url\":\"https:\/\/secure.gravatar.com\/avatar\/265b27cb2209af7bb3a1318f03305787d7981a5cc6e6cd08fe5a4ecdf99d4b48?s=96&d=mm&r=g\",\"contentUrl\":\"https:\/\/secure.gravatar.com\/avatar\/265b27cb2209af7bb3a1318f03305787d7981a5cc6e6cd08fe5a4ecdf99d4b48?s=96&d=mm&r=g\",\"caption\":\"Contenidos El Regional\"},\"url\":\"https:\/\/elregionalvm.com.ar\/noticias-villa-maria\/author\/contenido\/\"}]}<\/script>\n<!-- \/ Yoast SEO plugin. -->","yoast_head_json":{"title":"Una nueva empresa de Villa Mar\u00eda formar\u00e1 parte del PILT - El Regional","robots":{"index":"index","follow":"follow","max-snippet":"max-snippet:-1","max-image-preview":"max-image-preview:large","max-video-preview":"max-video-preview:-1"},"canonical":"https:\/\/elregionalvm.com.ar\/noticias-villa-maria\/una-nueva-empresa-de-villa-maria-formara-parte-del-pilt\/","og_locale":"es_ES","og_type":"article","og_title":"Una nueva empresa de Villa Mar\u00eda formar\u00e1 parte del PILT - El Regional","og_description":"La empresa JP Aberturas comenz\u00f3 a operar recientemente desde el Parque Industrial, Log\u00edstico y Tecnol\u00f3gico Villa Mar\u00eda (PILT), a partir del alquiler de una nave de 700 metros cuadrados. All\u00ed mont\u00f3 una l\u00ednea de producci\u00f3n automatizada con equipamiento adquirido poco tiempo atr\u00e1s en China. Si bien la firma ya viene trabajando desde hace a\u00f1os en [&hellip;]","og_url":"https:\/\/elregionalvm.com.ar\/noticias-villa-maria\/una-nueva-empresa-de-villa-maria-formara-parte-del-pilt\/","og_site_name":"El Regional","article_publisher":"https:\/\/www.facebook.com\/elregionalvm","article_published_time":"2025-10-03T22:34:07+00:00","article_modified_time":"2025-10-03T22:34:10+00:00","og_image":[{"width":1327,"height":765,"url":"https:\/\/elregionalvm.com.ar\/noticias-villa-maria\/wp-content\/uploads\/2025\/10\/WhatsApp-Image-2025-10-03-at-2.24.42-PM.jpeg","type":"image\/jpeg"}],"author":"Contenidos El Regional","twitter_card":"summary_large_image","twitter_creator":"@elregionalvm1","twitter_site":"@elregionalvm1","twitter_misc":{"Escrito por":"Contenidos El Regional","Tiempo de lectura":"2 minutos"},"schema":{"@context":"https:\/\/schema.org","@graph":[{"@type":"Article","@id":"https:\/\/elregionalvm.com.ar\/noticias-villa-maria\/una-nueva-empresa-de-villa-maria-formara-parte-del-pilt\/#article","isPartOf":{"@id":"https:\/\/elregionalvm.com.ar\/noticias-villa-maria\/una-nueva-empresa-de-villa-maria-formara-parte-del-pilt\/"},"author":{"name":"Contenidos El Regional","@id":"http:\/\/elregionalvm.com.ar\/noticias-villa-maria\/#\/schema\/person\/a0fb9c422317faca23d50163151bc354"},"headline":"Una nueva empresa de Villa Mar\u00eda formar\u00e1 parte del PILT","datePublished":"2025-10-03T22:34:07+00:00","dateModified":"2025-10-03T22:34:10+00:00","mainEntityOfPage":{"@id":"https:\/\/elregionalvm.com.ar\/noticias-villa-maria\/una-nueva-empresa-de-villa-maria-formara-parte-del-pilt\/"},"wordCount":246,"commentCount":0,"image":{"@id":"https:\/\/elregionalvm.com.ar\/noticias-villa-maria\/una-nueva-empresa-de-villa-maria-formara-parte-del-pilt\/#primaryimage"},"thumbnailUrl":"https:\/\/i0.wp.com\/elregionalvm.com.ar\/noticias-villa-maria\/wp-content\/uploads\/2025\/10\/WhatsApp-Image-2025-10-03-at-2.24.42-PM.jpeg?fit=1327%2C765&ssl=1","articleSection":["destacado","Sociedad","Villa Mar\u00eda"],"inLanguage":"es","potentialAction":[{"@type":"CommentAction","name":"Comment","target":["https:\/\/elregionalvm.com.ar\/noticias-villa-maria\/una-nueva-empresa-de-villa-maria-formara-parte-del-pilt\/#respond"]}]},{"@type":"WebPage","@id":"https:\/\/elregionalvm.com.ar\/noticias-villa-maria\/una-nueva-empresa-de-villa-maria-formara-parte-del-pilt\/","url":"https:\/\/elregionalvm.com.ar\/noticias-villa-maria\/una-nueva-empresa-de-villa-maria-formara-parte-del-pilt\/","name":"Una nueva empresa de Villa Mar\u00eda formar\u00e1 parte del PILT - El Regional","isPartOf":{"@id":"http:\/\/elregionalvm.com.ar\/noticias-villa-maria\/#website"},"primaryImageOfPage":{"@id":"https:\/\/elregionalvm.com.ar\/noticias-villa-maria\/una-nueva-empresa-de-villa-maria-formara-parte-del-pilt\/#primaryimage"},"image":{"@id":"https:\/\/elregionalvm.com.ar\/noticias-villa-maria\/una-nueva-empresa-de-villa-maria-formara-parte-del-pilt\/#primaryimage"},"thumbnailUrl":"https:\/\/i0.wp.com\/elregionalvm.com.ar\/noticias-villa-maria\/wp-content\/uploads\/2025\/10\/WhatsApp-Image-2025-10-03-at-2.24.42-PM.jpeg?fit=1327%2C765&ssl=1","datePublished":"2025-10-03T22:34:07+00:00","dateModified":"2025-10-03T22:34:10+00:00","author":{"@id":"http:\/\/elregionalvm.com.ar\/noticias-villa-maria\/#\/schema\/person\/a0fb9c422317faca23d50163151bc354"},"breadcrumb":{"@id":"https:\/\/elregionalvm.com.ar\/noticias-villa-maria\/una-nueva-empresa-de-villa-maria-formara-parte-del-pilt\/#breadcrumb"},"inLanguage":"es","potentialAction":[{"@type":"ReadAction","target":["https:\/\/elregionalvm.com.ar\/noticias-villa-maria\/una-nueva-empresa-de-villa-maria-formara-parte-del-pilt\/"]}]},{"@type":"ImageObject","inLanguage":"es","@id":"https:\/\/elregionalvm.com.ar\/noticias-villa-maria\/una-nueva-empresa-de-villa-maria-formara-parte-del-pilt\/#primaryimage","url":"https:\/\/i0.wp.com\/elregionalvm.com.ar\/noticias-villa-maria\/wp-content\/uploads\/2025\/10\/WhatsApp-Image-2025-10-03-at-2.24.42-PM.jpeg?fit=1327%2C765&ssl=1","contentUrl":"https:\/\/i0.wp.com\/elregionalvm.com.ar\/noticias-villa-maria\/wp-content\/uploads\/2025\/10\/WhatsApp-Image-2025-10-03-at-2.24.42-PM.jpeg?fit=1327%2C765&ssl=1","width":1327,"height":765},{"@type":"BreadcrumbList","@id":"https:\/\/elregionalvm.com.ar\/noticias-villa-maria\/una-nueva-empresa-de-villa-maria-formara-parte-del-pilt\/#breadcrumb","itemListElement":[{"@type":"ListItem","position":1,"name":"Portada","item":"https:\/\/elregionalvm.com.ar\/noticias-villa-maria\/"},{"@type":"ListItem","position":2,"name":"Una nueva empresa de Villa Mar\u00eda formar\u00e1 parte del PILT"}]},{"@type":"WebSite","@id":"http:\/\/elregionalvm.com.ar\/noticias-villa-maria\/#website","url":"http:\/\/elregionalvm.com.ar\/noticias-villa-maria\/","name":"El Regional","description":"Mucho m\u00e1s que informaci\u00f3n","potentialAction":[{"@type":"SearchAction","target":{"@type":"EntryPoint","urlTemplate":"http:\/\/elregionalvm.com.ar\/noticias-villa-maria\/?s={search_term_string}"},"query-input":{"@type":"PropertyValueSpecification","valueRequired":true,"valueName":"search_term_string"}}],"inLanguage":"es"},{"@type":"Person","@id":"http:\/\/elregionalvm.com.ar\/noticias-villa-maria\/#\/schema\/person\/a0fb9c422317faca23d50163151bc354","name":"Contenidos El Regional","image":{"@type":"ImageObject","inLanguage":"es","@id":"http:\/\/elregionalvm.com.ar\/noticias-villa-maria\/#\/schema\/person\/image\/","url":"https:\/\/secure.gravatar.com\/avatar\/265b27cb2209af7bb3a1318f03305787d7981a5cc6e6cd08fe5a4ecdf99d4b48?s=96&d=mm&r=g","contentUrl":"https:\/\/secure.gravatar.com\/avatar\/265b27cb2209af7bb3a1318f03305787d7981a5cc6e6cd08fe5a4ecdf99d4b48?s=96&d=mm&r=g","caption":"Contenidos El Regional"},"url":"https:\/\/elregionalvm.com.ar\/noticias-villa-maria\/author\/contenido\/"}]}},"jetpack_featured_media_url":"https:\/\/i0.wp.com\/elregionalvm.com.ar\/noticias-villa-maria\/wp-content\/uploads\/2025\/10\/WhatsApp-Image-2025-10-03-at-2.24.42-PM.jpeg?fit=1327%2C765&ssl=1","jetpack_sharing_enabled":true,"_links":{"self":[{"href":"https:\/\/elregionalvm.com.ar\/noticias-villa-maria\/wp-json\/wp\/v2\/posts\/110632","targetHints":{"allow":["GET"]}}],"collection":[{"href":"https:\/\/elregionalvm.com.ar\/noticias-villa-maria\/wp-json\/wp\/v2\/posts"}],"about":[{"href":"https:\/\/elregionalvm.com.ar\/noticias-villa-maria\/wp-json\/wp\/v2\/types\/post"}],"author":[{"embeddable":true,"href":"https:\/\/elregionalvm.com.ar\/noticias-villa-maria\/wp-json\/wp\/v2\/users\/4"}],"replies":[{"embeddable":true,"href":"https:\/\/elregionalvm.com.ar\/noticias-villa-maria\/wp-json\/wp\/v2\/comments?post=110632"}],"version-history":[{"count":1,"href":"https:\/\/elregionalvm.com.ar\/noticias-villa-maria\/wp-json\/wp\/v2\/posts\/110632\/revisions"}],"predecessor-version":[{"id":110634,"href":"https:\/\/elregionalvm.com.ar\/noticias-villa-maria\/wp-json\/wp\/v2\/posts\/110632\/revisions\/110634"}],"wp:featuredmedia":[{"embeddable":true,"href":"https:\/\/elregionalvm.com.ar\/noticias-villa-maria\/wp-json\/wp\/v2\/media\/110633"}],"wp:attachment":[{"href":"https:\/\/elregionalvm.com.ar\/noticias-villa-maria\/wp-json\/wp\/v2\/media?parent=110632"}],"wp:term":[{"taxonomy":"category","embeddable":true,"href":"https:\/\/elregionalvm.com.ar\/noticias-villa-maria\/wp-json\/wp\/v2\/categories?post=110632"},{"taxonomy":"post_tag","embeddable":true,"href":"https:\/\/elregionalvm.com.ar\/noticias-villa-maria\/wp-json\/wp\/v2\/tags?post=110632"}],"curies":[{"name":"wp","href":"https:\/\/api.w.org\/{rel}","templated":true}]}}