{"id":110645,"date":"2025-10-03T23:10:21","date_gmt":"2025-10-03T23:10:21","guid":{"rendered":"https:\/\/elregionalvm.com.ar\/noticias-villa-maria\/?p=110645"},"modified":"2025-10-03T23:10:23","modified_gmt":"2025-10-03T23:10:23","slug":"detuvieron-al-padre-de-pitu-daniel-profugo-por-estafas","status":"publish","type":"post","link":"https:\/\/elregionalvm.com.ar\/noticias-villa-maria\/detuvieron-al-padre-de-pitu-daniel-profugo-por-estafas\/","title":{"rendered":"Detuvieron al padre de \u00abPitu\u00bb Daniel, pr\u00f3fugo por estafas"},"content":{"rendered":"\n<p>En horas de la ma\u00f1ana de la fecha, personal de la Divisi\u00f3n Investigaciones de esta Unidad Departamental conjuntamente con personal de la D.I.O. (Direcci\u00f3n de Operaci\u00f3n Investigativa dependiente del Ministerio P\u00fablico Fiscal) procedi\u00f3 a cumplimentar diferentes \u00d3rdenes Judiciales de Allanamiento para diferentes domicilios de esta ciudad de Villa Mar\u00eda, en barrios Mariano Moreno, Palermo y Rivadavia; de acuerdo a lo solicitado por la Fiscal\u00eda de Instrucci\u00f3n de Fuero M\u00faltiple N\u00ba 2 a cargo de la Dra. Juliana Companys, Sec. Dra. Ardissino.<\/p>\n\n\n\n<figure class=\"wp-block-image size-large\"><img data-recalc-dims=\"1\" fetchpriority=\"high\" decoding=\"async\" width=\"1024\" height=\"768\" src=\"https:\/\/i0.wp.com\/elregionalvm.com.ar\/noticias-villa-maria\/wp-content\/uploads\/2025\/10\/WhatsApp-Image-2025-10-03-at-7.41.56-PM.jpeg?resize=1024%2C768&#038;ssl=1\" alt=\"\" class=\"wp-image-110647\" srcset=\"https:\/\/i0.wp.com\/elregionalvm.com.ar\/noticias-villa-maria\/wp-content\/uploads\/2025\/10\/WhatsApp-Image-2025-10-03-at-7.41.56-PM.jpeg?resize=1024%2C768&amp;ssl=1 1024w, https:\/\/i0.wp.com\/elregionalvm.com.ar\/noticias-villa-maria\/wp-content\/uploads\/2025\/10\/WhatsApp-Image-2025-10-03-at-7.41.56-PM.jpeg?resize=300%2C225&amp;ssl=1 300w, https:\/\/i0.wp.com\/elregionalvm.com.ar\/noticias-villa-maria\/wp-content\/uploads\/2025\/10\/WhatsApp-Image-2025-10-03-at-7.41.56-PM.jpeg?resize=768%2C576&amp;ssl=1 768w, https:\/\/i0.wp.com\/elregionalvm.com.ar\/noticias-villa-maria\/wp-content\/uploads\/2025\/10\/WhatsApp-Image-2025-10-03-at-7.41.56-PM.jpeg?resize=1536%2C1152&amp;ssl=1 1536w, https:\/\/i0.wp.com\/elregionalvm.com.ar\/noticias-villa-maria\/wp-content\/uploads\/2025\/10\/WhatsApp-Image-2025-10-03-at-7.41.56-PM.jpeg?w=1600&amp;ssl=1 1600w\" sizes=\"(max-width: 1000px) 100vw, 1000px\" \/><\/figure>\n\n\n\n<p>Como resultado de los procedimientos se obtuvo resultado positivo para lo pretendido para la causa en curso, procediendo al secuestro de dispositivos electr\u00f3nicos, una importante suma de dinero en moneda nacional y d\u00f3lares estadounidenses, Cheques, y documentos varios con relaci\u00f3n a lo investigado; materializ\u00e1ndose adem\u00e1s en la ocasi\u00f3n la aprehensi\u00f3n de un hombre de 67 a\u00f1os de edad por supuesto autor del delito de \u201cEncubrimiento\u201d.<\/p>\n\n\n\n<p>Todo ello en el contexto de una investigaci\u00f3n judicial en curso, por la que se encuentra pr\u00f3fugo desde hace varios meses Jorge Ra\u00fal Daniel, alias \u201cPitu\u201d, y de quien el actual aprehendido resulta su padre; causa iniciada por la supuesta comisi\u00f3n de hechos reiterados de Estafa de la que surgieron diferentes damnificados que habr\u00edan depositado dinero a cambio de promesas de importantes intereses.<br>En este sentido cabe mencionar que el principal acusado cuenta con Pedido de Captura vigente, y que se contin\u00faan diligenciando tareas investigativas ordenadas expresamente por la Magistrada interviniente.<\/p>\n","protected":false},"excerpt":{"rendered":"<p>En horas de la ma\u00f1ana de la fecha, personal de la Divisi\u00f3n Investigaciones de esta Unidad Departamental conjuntamente con personal de la D.I.O. (Direcci\u00f3n de Operaci\u00f3n Investigativa dependiente del Ministerio P\u00fablico Fiscal) procedi\u00f3 a cumplimentar diferentes \u00d3rdenes Judiciales de Allanamiento para diferentes domicilios de esta ciudad de Villa Mar\u00eda, en barrios Mariano Moreno, Palermo y [&hellip;]<\/p>\n","protected":false},"author":4,"featured_media":110646,"comment_status":"open","ping_status":"open","sticky":false,"template":"","format":"standard","meta":{"site-sidebar-layout":"default","site-content-layout":"","ast-site-content-layout":"default","site-content-style":"default","site-sidebar-style":"default","ast-global-header-display":"","ast-banner-title-visibility":"","ast-main-header-display":"","ast-hfb-above-header-display":"","ast-hfb-below-header-display":"","ast-hfb-mobile-header-display":"","site-post-title":"","ast-breadcrumbs-content":"","ast-featured-img":"","footer-sml-layout":"","ast-disable-related-posts":"","theme-transparent-header-meta":"","adv-header-id-meta":"","stick-header-meta":"","header-above-stick-meta":"","header-main-stick-meta":"","header-below-stick-meta":"","astra-migrate-meta-layouts":"set","ast-page-background-enabled":"default","ast-page-background-meta":{"desktop":{"background-color":"","background-image":"","background-repeat":"repeat","background-position":"center center","background-size":"auto","background-attachment":"scroll","background-type":"","background-media":"","overlay-type":"","overlay-color":"","overlay-opacity":"","overlay-gradient":""},"tablet":{"background-color":"","background-image":"","background-repeat":"repeat","background-position":"center center","background-size":"auto","background-attachment":"scroll","background-type":"","background-media":"","overlay-type":"","overlay-color":"","overlay-opacity":"","overlay-gradient":""},"mobile":{"background-color":"","background-image":"","background-repeat":"repeat","background-position":"center center","background-size":"auto","background-attachment":"scroll","background-type":"","background-media":"","overlay-type":"","overlay-color":"","overlay-opacity":"","overlay-gradient":""}},"ast-content-background-meta":{"desktop":{"background-color":"var(--ast-global-color-5)","background-image":"","background-repeat":"repeat","background-position":"center center","background-size":"auto","background-attachment":"scroll","background-type":"","background-media":"","overlay-type":"","overlay-color":"","overlay-opacity":"","overlay-gradient":""},"tablet":{"background-color":"var(--ast-global-color-5)","background-image":"","background-repeat":"repeat","background-position":"center center","background-size":"auto","background-attachment":"scroll","background-type":"","background-media":"","overlay-type":"","overlay-color":"","overlay-opacity":"","overlay-gradient":""},"mobile":{"background-color":"var(--ast-global-color-5)","background-image":"","background-repeat":"repeat","background-position":"center center","background-size":"auto","background-attachment":"scroll","background-type":"","background-media":"","overlay-type":"","overlay-color":"","overlay-opacity":"","overlay-gradient":""}},"_jetpack_memberships_contains_paid_content":false,"_joinchat":[],"footnotes":""},"categories":[15302,2234,5,2],"tags":[],"class_list":["post-110645","post","type-post","status-publish","format-standard","has-post-thumbnail","hentry","category-destacado","category-policiales","category-sociedad","category-villa-maria"],"yoast_head":"<!-- This site is optimized with the Yoast SEO plugin v26.8 - https:\/\/yoast.com\/product\/yoast-seo-wordpress\/ -->\n<title>Detuvieron al padre de &quot;Pitu&quot; Daniel, pr\u00f3fugo por estafas - El Regional<\/title>\n<meta name=\"robots\" content=\"index, follow, max-snippet:-1, max-image-preview:large, max-video-preview:-1\" \/>\n<link rel=\"canonical\" href=\"https:\/\/elregionalvm.com.ar\/noticias-villa-maria\/detuvieron-al-padre-de-pitu-daniel-profugo-por-estafas\/\" \/>\n<meta property=\"og:locale\" content=\"es_ES\" \/>\n<meta property=\"og:type\" content=\"article\" \/>\n<meta property=\"og:title\" content=\"Detuvieron al padre de &quot;Pitu&quot; Daniel, pr\u00f3fugo por estafas - El Regional\" \/>\n<meta property=\"og:description\" content=\"En horas de la ma\u00f1ana de la fecha, personal de la Divisi\u00f3n Investigaciones de esta Unidad Departamental conjuntamente con personal de la D.I.O. (Direcci\u00f3n de Operaci\u00f3n Investigativa dependiente del Ministerio P\u00fablico Fiscal) procedi\u00f3 a cumplimentar diferentes \u00d3rdenes Judiciales de Allanamiento para diferentes domicilios de esta ciudad de Villa Mar\u00eda, en barrios Mariano Moreno, Palermo y [&hellip;]\" \/>\n<meta property=\"og:url\" content=\"https:\/\/elregionalvm.com.ar\/noticias-villa-maria\/detuvieron-al-padre-de-pitu-daniel-profugo-por-estafas\/\" \/>\n<meta property=\"og:site_name\" content=\"El Regional\" \/>\n<meta property=\"article:publisher\" content=\"https:\/\/www.facebook.com\/elregionalvm\" \/>\n<meta property=\"article:published_time\" content=\"2025-10-03T23:10:21+00:00\" \/>\n<meta property=\"article:modified_time\" content=\"2025-10-03T23:10:23+00:00\" \/>\n<meta property=\"og:image\" content=\"https:\/\/elregionalvm.com.ar\/noticias-villa-maria\/wp-content\/uploads\/2025\/10\/WhatsApp-Image-2025-10-03-at-7.41.55-PM.jpeg\" \/>\n\t<meta property=\"og:image:width\" content=\"1200\" \/>\n\t<meta property=\"og:image:height\" content=\"1600\" \/>\n\t<meta property=\"og:image:type\" content=\"image\/jpeg\" \/>\n<meta name=\"author\" content=\"Contenidos El Regional\" \/>\n<meta name=\"twitter:card\" content=\"summary_large_image\" \/>\n<meta name=\"twitter:creator\" content=\"@elregionalvm1\" \/>\n<meta name=\"twitter:site\" content=\"@elregionalvm1\" \/>\n<meta name=\"twitter:label1\" content=\"Escrito por\" \/>\n\t<meta name=\"twitter:data1\" content=\"Contenidos El Regional\" \/>\n\t<meta name=\"twitter:label2\" content=\"Tiempo de lectura\" \/>\n\t<meta name=\"twitter:data2\" content=\"2 minutos\" \/>\n<script type=\"application\/ld+json\" class=\"yoast-schema-graph\">{\"@context\":\"https:\/\/schema.org\",\"@graph\":[{\"@type\":\"Article\",\"@id\":\"https:\/\/elregionalvm.com.ar\/noticias-villa-maria\/detuvieron-al-padre-de-pitu-daniel-profugo-por-estafas\/#article\",\"isPartOf\":{\"@id\":\"https:\/\/elregionalvm.com.ar\/noticias-villa-maria\/detuvieron-al-padre-de-pitu-daniel-profugo-por-estafas\/\"},\"author\":{\"name\":\"Contenidos El Regional\",\"@id\":\"http:\/\/elregionalvm.com.ar\/noticias-villa-maria\/#\/schema\/person\/a0fb9c422317faca23d50163151bc354\"},\"headline\":\"Detuvieron al padre de \u00abPitu\u00bb Daniel, pr\u00f3fugo por estafas\",\"datePublished\":\"2025-10-03T23:10:21+00:00\",\"dateModified\":\"2025-10-03T23:10:23+00:00\",\"mainEntityOfPage\":{\"@id\":\"https:\/\/elregionalvm.com.ar\/noticias-villa-maria\/detuvieron-al-padre-de-pitu-daniel-profugo-por-estafas\/\"},\"wordCount\":270,\"commentCount\":0,\"image\":{\"@id\":\"https:\/\/elregionalvm.com.ar\/noticias-villa-maria\/detuvieron-al-padre-de-pitu-daniel-profugo-por-estafas\/#primaryimage\"},\"thumbnailUrl\":\"https:\/\/i0.wp.com\/elregionalvm.com.ar\/noticias-villa-maria\/wp-content\/uploads\/2025\/10\/WhatsApp-Image-2025-10-03-at-7.41.55-PM.jpeg?fit=1200%2C1600&ssl=1\",\"articleSection\":[\"destacado\",\"Policiales\",\"Sociedad\",\"Villa Mar\u00eda\"],\"inLanguage\":\"es\",\"potentialAction\":[{\"@type\":\"CommentAction\",\"name\":\"Comment\",\"target\":[\"https:\/\/elregionalvm.com.ar\/noticias-villa-maria\/detuvieron-al-padre-de-pitu-daniel-profugo-por-estafas\/#respond\"]}]},{\"@type\":\"WebPage\",\"@id\":\"https:\/\/elregionalvm.com.ar\/noticias-villa-maria\/detuvieron-al-padre-de-pitu-daniel-profugo-por-estafas\/\",\"url\":\"https:\/\/elregionalvm.com.ar\/noticias-villa-maria\/detuvieron-al-padre-de-pitu-daniel-profugo-por-estafas\/\",\"name\":\"Detuvieron al padre de \\\"Pitu\\\" Daniel, pr\u00f3fugo por estafas - El Regional\",\"isPartOf\":{\"@id\":\"http:\/\/elregionalvm.com.ar\/noticias-villa-maria\/#website\"},\"primaryImageOfPage\":{\"@id\":\"https:\/\/elregionalvm.com.ar\/noticias-villa-maria\/detuvieron-al-padre-de-pitu-daniel-profugo-por-estafas\/#primaryimage\"},\"image\":{\"@id\":\"https:\/\/elregionalvm.com.ar\/noticias-villa-maria\/detuvieron-al-padre-de-pitu-daniel-profugo-por-estafas\/#primaryimage\"},\"thumbnailUrl\":\"https:\/\/i0.wp.com\/elregionalvm.com.ar\/noticias-villa-maria\/wp-content\/uploads\/2025\/10\/WhatsApp-Image-2025-10-03-at-7.41.55-PM.jpeg?fit=1200%2C1600&ssl=1\",\"datePublished\":\"2025-10-03T23:10:21+00:00\",\"dateModified\":\"2025-10-03T23:10:23+00:00\",\"author\":{\"@id\":\"http:\/\/elregionalvm.com.ar\/noticias-villa-maria\/#\/schema\/person\/a0fb9c422317faca23d50163151bc354\"},\"breadcrumb\":{\"@id\":\"https:\/\/elregionalvm.com.ar\/noticias-villa-maria\/detuvieron-al-padre-de-pitu-daniel-profugo-por-estafas\/#breadcrumb\"},\"inLanguage\":\"es\",\"potentialAction\":[{\"@type\":\"ReadAction\",\"target\":[\"https:\/\/elregionalvm.com.ar\/noticias-villa-maria\/detuvieron-al-padre-de-pitu-daniel-profugo-por-estafas\/\"]}]},{\"@type\":\"ImageObject\",\"inLanguage\":\"es\",\"@id\":\"https:\/\/elregionalvm.com.ar\/noticias-villa-maria\/detuvieron-al-padre-de-pitu-daniel-profugo-por-estafas\/#primaryimage\",\"url\":\"https:\/\/i0.wp.com\/elregionalvm.com.ar\/noticias-villa-maria\/wp-content\/uploads\/2025\/10\/WhatsApp-Image-2025-10-03-at-7.41.55-PM.jpeg?fit=1200%2C1600&ssl=1\",\"contentUrl\":\"https:\/\/i0.wp.com\/elregionalvm.com.ar\/noticias-villa-maria\/wp-content\/uploads\/2025\/10\/WhatsApp-Image-2025-10-03-at-7.41.55-PM.jpeg?fit=1200%2C1600&ssl=1\",\"width\":1200,\"height\":1600},{\"@type\":\"BreadcrumbList\",\"@id\":\"https:\/\/elregionalvm.com.ar\/noticias-villa-maria\/detuvieron-al-padre-de-pitu-daniel-profugo-por-estafas\/#breadcrumb\",\"itemListElement\":[{\"@type\":\"ListItem\",\"position\":1,\"name\":\"Portada\",\"item\":\"https:\/\/elregionalvm.com.ar\/noticias-villa-maria\/\"},{\"@type\":\"ListItem\",\"position\":2,\"name\":\"Detuvieron al padre de \u00abPitu\u00bb Daniel, pr\u00f3fugo por estafas\"}]},{\"@type\":\"WebSite\",\"@id\":\"http:\/\/elregionalvm.com.ar\/noticias-villa-maria\/#website\",\"url\":\"http:\/\/elregionalvm.com.ar\/noticias-villa-maria\/\",\"name\":\"El Regional\",\"description\":\"Mucho m\u00e1s que informaci\u00f3n\",\"potentialAction\":[{\"@type\":\"SearchAction\",\"target\":{\"@type\":\"EntryPoint\",\"urlTemplate\":\"http:\/\/elregionalvm.com.ar\/noticias-villa-maria\/?s={search_term_string}\"},\"query-input\":{\"@type\":\"PropertyValueSpecification\",\"valueRequired\":true,\"valueName\":\"search_term_string\"}}],\"inLanguage\":\"es\"},{\"@type\":\"Person\",\"@id\":\"http:\/\/elregionalvm.com.ar\/noticias-villa-maria\/#\/schema\/person\/a0fb9c422317faca23d50163151bc354\",\"name\":\"Contenidos El Regional\",\"image\":{\"@type\":\"ImageObject\",\"inLanguage\":\"es\",\"@id\":\"http:\/\/elregionalvm.com.ar\/noticias-villa-maria\/#\/schema\/person\/image\/\",\"url\":\"https:\/\/secure.gravatar.com\/avatar\/265b27cb2209af7bb3a1318f03305787d7981a5cc6e6cd08fe5a4ecdf99d4b48?s=96&d=mm&r=g\",\"contentUrl\":\"https:\/\/secure.gravatar.com\/avatar\/265b27cb2209af7bb3a1318f03305787d7981a5cc6e6cd08fe5a4ecdf99d4b48?s=96&d=mm&r=g\",\"caption\":\"Contenidos El Regional\"},\"url\":\"https:\/\/elregionalvm.com.ar\/noticias-villa-maria\/author\/contenido\/\"}]}<\/script>\n<!-- \/ Yoast SEO plugin. -->","yoast_head_json":{"title":"Detuvieron al padre de \"Pitu\" Daniel, pr\u00f3fugo por estafas - El Regional","robots":{"index":"index","follow":"follow","max-snippet":"max-snippet:-1","max-image-preview":"max-image-preview:large","max-video-preview":"max-video-preview:-1"},"canonical":"https:\/\/elregionalvm.com.ar\/noticias-villa-maria\/detuvieron-al-padre-de-pitu-daniel-profugo-por-estafas\/","og_locale":"es_ES","og_type":"article","og_title":"Detuvieron al padre de \"Pitu\" Daniel, pr\u00f3fugo por estafas - El Regional","og_description":"En horas de la ma\u00f1ana de la fecha, personal de la Divisi\u00f3n Investigaciones de esta Unidad Departamental conjuntamente con personal de la D.I.O. (Direcci\u00f3n de Operaci\u00f3n Investigativa dependiente del Ministerio P\u00fablico Fiscal) procedi\u00f3 a cumplimentar diferentes \u00d3rdenes Judiciales de Allanamiento para diferentes domicilios de esta ciudad de Villa Mar\u00eda, en barrios Mariano Moreno, Palermo y [&hellip;]","og_url":"https:\/\/elregionalvm.com.ar\/noticias-villa-maria\/detuvieron-al-padre-de-pitu-daniel-profugo-por-estafas\/","og_site_name":"El Regional","article_publisher":"https:\/\/www.facebook.com\/elregionalvm","article_published_time":"2025-10-03T23:10:21+00:00","article_modified_time":"2025-10-03T23:10:23+00:00","og_image":[{"width":1200,"height":1600,"url":"https:\/\/elregionalvm.com.ar\/noticias-villa-maria\/wp-content\/uploads\/2025\/10\/WhatsApp-Image-2025-10-03-at-7.41.55-PM.jpeg","type":"image\/jpeg"}],"author":"Contenidos El Regional","twitter_card":"summary_large_image","twitter_creator":"@elregionalvm1","twitter_site":"@elregionalvm1","twitter_misc":{"Escrito por":"Contenidos El Regional","Tiempo de lectura":"2 minutos"},"schema":{"@context":"https:\/\/schema.org","@graph":[{"@type":"Article","@id":"https:\/\/elregionalvm.com.ar\/noticias-villa-maria\/detuvieron-al-padre-de-pitu-daniel-profugo-por-estafas\/#article","isPartOf":{"@id":"https:\/\/elregionalvm.com.ar\/noticias-villa-maria\/detuvieron-al-padre-de-pitu-daniel-profugo-por-estafas\/"},"author":{"name":"Contenidos El Regional","@id":"http:\/\/elregionalvm.com.ar\/noticias-villa-maria\/#\/schema\/person\/a0fb9c422317faca23d50163151bc354"},"headline":"Detuvieron al padre de \u00abPitu\u00bb Daniel, pr\u00f3fugo por estafas","datePublished":"2025-10-03T23:10:21+00:00","dateModified":"2025-10-03T23:10:23+00:00","mainEntityOfPage":{"@id":"https:\/\/elregionalvm.com.ar\/noticias-villa-maria\/detuvieron-al-padre-de-pitu-daniel-profugo-por-estafas\/"},"wordCount":270,"commentCount":0,"image":{"@id":"https:\/\/elregionalvm.com.ar\/noticias-villa-maria\/detuvieron-al-padre-de-pitu-daniel-profugo-por-estafas\/#primaryimage"},"thumbnailUrl":"https:\/\/i0.wp.com\/elregionalvm.com.ar\/noticias-villa-maria\/wp-content\/uploads\/2025\/10\/WhatsApp-Image-2025-10-03-at-7.41.55-PM.jpeg?fit=1200%2C1600&ssl=1","articleSection":["destacado","Policiales","Sociedad","Villa Mar\u00eda"],"inLanguage":"es","potentialAction":[{"@type":"CommentAction","name":"Comment","target":["https:\/\/elregionalvm.com.ar\/noticias-villa-maria\/detuvieron-al-padre-de-pitu-daniel-profugo-por-estafas\/#respond"]}]},{"@type":"WebPage","@id":"https:\/\/elregionalvm.com.ar\/noticias-villa-maria\/detuvieron-al-padre-de-pitu-daniel-profugo-por-estafas\/","url":"https:\/\/elregionalvm.com.ar\/noticias-villa-maria\/detuvieron-al-padre-de-pitu-daniel-profugo-por-estafas\/","name":"Detuvieron al padre de \"Pitu\" Daniel, pr\u00f3fugo por estafas - El Regional","isPartOf":{"@id":"http:\/\/elregionalvm.com.ar\/noticias-villa-maria\/#website"},"primaryImageOfPage":{"@id":"https:\/\/elregionalvm.com.ar\/noticias-villa-maria\/detuvieron-al-padre-de-pitu-daniel-profugo-por-estafas\/#primaryimage"},"image":{"@id":"https:\/\/elregionalvm.com.ar\/noticias-villa-maria\/detuvieron-al-padre-de-pitu-daniel-profugo-por-estafas\/#primaryimage"},"thumbnailUrl":"https:\/\/i0.wp.com\/elregionalvm.com.ar\/noticias-villa-maria\/wp-content\/uploads\/2025\/10\/WhatsApp-Image-2025-10-03-at-7.41.55-PM.jpeg?fit=1200%2C1600&ssl=1","datePublished":"2025-10-03T23:10:21+00:00","dateModified":"2025-10-03T23:10:23+00:00","author":{"@id":"http:\/\/elregionalvm.com.ar\/noticias-villa-maria\/#\/schema\/person\/a0fb9c422317faca23d50163151bc354"},"breadcrumb":{"@id":"https:\/\/elregionalvm.com.ar\/noticias-villa-maria\/detuvieron-al-padre-de-pitu-daniel-profugo-por-estafas\/#breadcrumb"},"inLanguage":"es","potentialAction":[{"@type":"ReadAction","target":["https:\/\/elregionalvm.com.ar\/noticias-villa-maria\/detuvieron-al-padre-de-pitu-daniel-profugo-por-estafas\/"]}]},{"@type":"ImageObject","inLanguage":"es","@id":"https:\/\/elregionalvm.com.ar\/noticias-villa-maria\/detuvieron-al-padre-de-pitu-daniel-profugo-por-estafas\/#primaryimage","url":"https:\/\/i0.wp.com\/elregionalvm.com.ar\/noticias-villa-maria\/wp-content\/uploads\/2025\/10\/WhatsApp-Image-2025-10-03-at-7.41.55-PM.jpeg?fit=1200%2C1600&ssl=1","contentUrl":"https:\/\/i0.wp.com\/elregionalvm.com.ar\/noticias-villa-maria\/wp-content\/uploads\/2025\/10\/WhatsApp-Image-2025-10-03-at-7.41.55-PM.jpeg?fit=1200%2C1600&ssl=1","width":1200,"height":1600},{"@type":"BreadcrumbList","@id":"https:\/\/elregionalvm.com.ar\/noticias-villa-maria\/detuvieron-al-padre-de-pitu-daniel-profugo-por-estafas\/#breadcrumb","itemListElement":[{"@type":"ListItem","position":1,"name":"Portada","item":"https:\/\/elregionalvm.com.ar\/noticias-villa-maria\/"},{"@type":"ListItem","position":2,"name":"Detuvieron al padre de \u00abPitu\u00bb Daniel, pr\u00f3fugo por estafas"}]},{"@type":"WebSite","@id":"http:\/\/elregionalvm.com.ar\/noticias-villa-maria\/#website","url":"http:\/\/elregionalvm.com.ar\/noticias-villa-maria\/","name":"El Regional","description":"Mucho m\u00e1s que informaci\u00f3n","potentialAction":[{"@type":"SearchAction","target":{"@type":"EntryPoint","urlTemplate":"http:\/\/elregionalvm.com.ar\/noticias-villa-maria\/?s={search_term_string}"},"query-input":{"@type":"PropertyValueSpecification","valueRequired":true,"valueName":"search_term_string"}}],"inLanguage":"es"},{"@type":"Person","@id":"http:\/\/elregionalvm.com.ar\/noticias-villa-maria\/#\/schema\/person\/a0fb9c422317faca23d50163151bc354","name":"Contenidos El Regional","image":{"@type":"ImageObject","inLanguage":"es","@id":"http:\/\/elregionalvm.com.ar\/noticias-villa-maria\/#\/schema\/person\/image\/","url":"https:\/\/secure.gravatar.com\/avatar\/265b27cb2209af7bb3a1318f03305787d7981a5cc6e6cd08fe5a4ecdf99d4b48?s=96&d=mm&r=g","contentUrl":"https:\/\/secure.gravatar.com\/avatar\/265b27cb2209af7bb3a1318f03305787d7981a5cc6e6cd08fe5a4ecdf99d4b48?s=96&d=mm&r=g","caption":"Contenidos El Regional"},"url":"https:\/\/elregionalvm.com.ar\/noticias-villa-maria\/author\/contenido\/"}]}},"jetpack_featured_media_url":"https:\/\/i0.wp.com\/elregionalvm.com.ar\/noticias-villa-maria\/wp-content\/uploads\/2025\/10\/WhatsApp-Image-2025-10-03-at-7.41.55-PM.jpeg?fit=1200%2C1600&ssl=1","jetpack_sharing_enabled":true,"_links":{"self":[{"href":"https:\/\/elregionalvm.com.ar\/noticias-villa-maria\/wp-json\/wp\/v2\/posts\/110645","targetHints":{"allow":["GET"]}}],"collection":[{"href":"https:\/\/elregionalvm.com.ar\/noticias-villa-maria\/wp-json\/wp\/v2\/posts"}],"about":[{"href":"https:\/\/elregionalvm.com.ar\/noticias-villa-maria\/wp-json\/wp\/v2\/types\/post"}],"author":[{"embeddable":true,"href":"https:\/\/elregionalvm.com.ar\/noticias-villa-maria\/wp-json\/wp\/v2\/users\/4"}],"replies":[{"embeddable":true,"href":"https:\/\/elregionalvm.com.ar\/noticias-villa-maria\/wp-json\/wp\/v2\/comments?post=110645"}],"version-history":[{"count":1,"href":"https:\/\/elregionalvm.com.ar\/noticias-villa-maria\/wp-json\/wp\/v2\/posts\/110645\/revisions"}],"predecessor-version":[{"id":110648,"href":"https:\/\/elregionalvm.com.ar\/noticias-villa-maria\/wp-json\/wp\/v2\/posts\/110645\/revisions\/110648"}],"wp:featuredmedia":[{"embeddable":true,"href":"https:\/\/elregionalvm.com.ar\/noticias-villa-maria\/wp-json\/wp\/v2\/media\/110646"}],"wp:attachment":[{"href":"https:\/\/elregionalvm.com.ar\/noticias-villa-maria\/wp-json\/wp\/v2\/media?parent=110645"}],"wp:term":[{"taxonomy":"category","embeddable":true,"href":"https:\/\/elregionalvm.com.ar\/noticias-villa-maria\/wp-json\/wp\/v2\/categories?post=110645"},{"taxonomy":"post_tag","embeddable":true,"href":"https:\/\/elregionalvm.com.ar\/noticias-villa-maria\/wp-json\/wp\/v2\/tags?post=110645"}],"curies":[{"name":"wp","href":"https:\/\/api.w.org\/{rel}","templated":true}]}}