{"id":110652,"date":"2025-10-03T23:21:44","date_gmt":"2025-10-03T23:21:44","guid":{"rendered":"https:\/\/elregionalvm.com.ar\/noticias-villa-maria\/?p=110652"},"modified":"2025-10-03T23:21:47","modified_gmt":"2025-10-03T23:21:47","slug":"elijo-cuidarme-se-presento-la-campana-de-concientizacion-y-control-preventivo-del-cancer-de-mama","status":"publish","type":"post","link":"https:\/\/elregionalvm.com.ar\/noticias-villa-maria\/elijo-cuidarme-se-presento-la-campana-de-concientizacion-y-control-preventivo-del-cancer-de-mama\/","title":{"rendered":"Elijo Cuidarme: Se present\u00f3 la campa\u00f1a de concientizaci\u00f3n y control preventivo del c\u00e1ncer de mama"},"content":{"rendered":"\n<p>Ya est\u00e1 en marcha una nueva edici\u00f3n del programa \u201cC\u00f3rdoba Rosa\u201d, iniciativa que tiene por objetivo fin promover actividades de concientizaci\u00f3n y promoci\u00f3n de la salud vinculadas al c\u00e1ncer de mama.<\/p>\n\n\n\n<p>La Campa\u00f1a \u201cC\u00f3rdoba Rosa\u201d se desarrolla en el mes de octubre conforme la Ley Provincial N\u00b0 10.503 y sancionada por la Legislatura de C\u00f3rdoba en 2017.<\/p>\n\n\n\n<p>Est\u00e1 destinada a promover la prevenci\u00f3n y concientizaci\u00f3n activa sobre el c\u00e1ncer de mama en todo el territorio provincial.<\/p>\n\n\n\n<p>La propuesta tiene como finalidad visibilizar el alcance de esta patolog\u00eda y la importancia de la detecci\u00f3n precoz y pronto tratamiento, mediante una agenda de actividades que sensibilizan sobre el valor de los controles mamarios, en un trabajo articulado entre los sectores p\u00fablico, privado y el tercer sector.<\/p>\n\n\n\n<p>La presentaci\u00f3n de la campa\u00f1a 2025 estuvo encabezada por los Ministerios de Desarrollo Social y Promoci\u00f3n del Empleo y de Salud; adem\u00e1s de la Secretar\u00eda de la Mujer; APROSS; y organizaciones de la sociedad civil que conforman el Foro C\u00f3rdoba Rosa.<\/p>\n\n\n\n<p>\u201c<em>Para nosotros Octubre Rosa es muy importante por todo el trabajo que ustedes realizan durante todo el a\u00f1o y que se visibiliza con esta Campa\u00f1a que tiene como objetivo informar, acompa\u00f1ar, facilitar y simplificar la accesibilidad para hacerse las mamograf\u00edas y tomar conciencia del cuidado<\/em>\u201d, dijo la ministra de Desarrollo Social, Laura Jure.<\/p>\n\n\n\n<p>Por su parte, su par de Salud, Ricardo Pieckenstainer resalt\u00f3 que \u201c<em>durante el mes de octubre, el acceso a la salud, a las mamograf\u00edas y a los controles ginecol\u00f3gicos va a estar disponible en todos los hospitales p\u00fablicos de la provincia. M\u00e1s el acceso a los mam\u00f3grafos m\u00f3viles del Apross en el interior<\/em>\u201d.<\/p>\n\n\n\n<p>De esta manera, todas las mujeres, a trav\u00e9s del CIDI, tendr\u00e1n la oportunidad de acceder a una mamograf\u00eda sin turno y sin pedido m\u00e9dico, s\u00f3lo con sus datos personales.<\/p>\n\n\n\n<p>Para conocer c\u00f3mo acceder a los controles, ingresar al siguiente link:&nbsp;<a href=\"https:\/\/ministeriodesalud.cba.gov.ar\/cordoba-rosa\" target=\"_blank\" rel=\"noreferrer noopener\">https:\/\/ministeriodesalud.cba.gov.ar\/cordoba-rosa<\/a><\/p>\n\n\n\n<p>Asimismo, el presidente de APROSS, Pablo Venturuzzi, anunci\u00f3 que van a haber turnos asignados sin cobro de co-seguros y sin pedido m\u00e9dicos para que se puedan hacer las mamograf\u00edas en toda la red prestacional y se\u00f1al\u00f3 que se va a contar con los mam\u00f3grafos circulando por todo el territorio provincial durante todo el a\u00f1o.<\/p>\n\n\n\n<p>\u201c<em>El c\u00e1ncer de mama es una de las principales causas de muerte en nuestro pa\u00eds, pero la detecci\u00f3n temprana hace que la tasa de sobrevida supere el 95%<\/em>\u201d, explic\u00f3 el presidente.<\/p>\n\n\n\n<p>Este Foro est\u00e1 conformado \u2013adem\u00e1s del Gobierno provincial- por el Consejo de M\u00e9dicos de la Provincia de C\u00f3rdoba; Liga Argentina de Lucha contra el C\u00e1ncer; Asociaci\u00f3n de Onc\u00f3logos Cl\u00ednicos de C\u00f3rdoba; Voluntarias Luchas contra el C\u00e1ncer Fundaci\u00f3n Amazonas; Fundaci\u00f3n Guapas; Fundaci\u00f3n Coraz\u00f3n de Mujer; Body &amp; Life; Fundaci\u00f3n Resilientes por el Mundo; Colegio Profesional de Kinesi\u00f3logos y Fisioterapeutas de la Provincia de C\u00f3rdoba; Fundaci\u00f3n Fundar Esperanza; Proyecto Colibr\u00ed; Fundaci\u00f3n Vanesa Dur\u00e1n; Sindicato de Amas de Casa de la Rep\u00fablica Argentina-C\u00f3rdoba; ComuniCancer Foundation.<\/p>\n\n\n\n<h4 class=\"wp-block-heading\">Campa\u00f1a 2025 \u201cElijo Cuidarme\u201d<\/h4>\n\n\n\n<p>La iniciativa est\u00e1 pensada como una invitaci\u00f3n a las mujeres a hacer uso del derecho a cuidar de su salud siempre, instando a que presten atenci\u00f3n consciente y voluntariamente a sus controles y estudios mamarios y ginecol\u00f3gicos, y a que sus entornos tambi\u00e9n se involucren y acompa\u00f1en.<\/p>\n\n\n\n<p>Acompa\u00f1ando el lema, el lazo color rosa es el s\u00edmbolo internacional usado por personas, compa\u00f1\u00edas y organizaciones en todo el mundo, que se comprometen a crear conciencia sobre el c\u00e1ncer de mama, prevenci\u00f3n, detecci\u00f3n precoz, tratamiento y cuidados.<\/p>\n\n\n\n<p>De acuerdo a la normativa vigente, se iluminan de color rosa durante todo el mes, edificios de distintas dependencias en el interior provincial y en la ciudad de C\u00f3rdoba, entre ellos: el Centro C\u00edvico, Legislatura Unicameral, Centro Cultural C\u00f3rdoba, Polo de la Mujer, Faro del Parque Sarmiento, Espacio Mujeres Tec, Hospital Ferreyra, Rueda Eiffel, Agencia C\u00f3rdoba Joven, C\u00fapula del Paseo del Buen Pastor, Agencia C\u00f3rdoba Deportes, Municipalidad de C\u00f3rdoba, Pabell\u00f3n Argentina de la UNC.<\/p>\n\n\n\n<p>Para acceder a la agenda de actividades, ingresar al siguiente link:&nbsp;<a href=\"https:\/\/www.cba.gov.ar\/cordoba-rosa\/\" target=\"_blank\" rel=\"noreferrer noopener\">https:\/\/www.cba.gov.ar\/cordoba-rosa\/<\/a><\/p>\n","protected":false},"excerpt":{"rendered":"<p>Ya est\u00e1 en marcha una nueva edici\u00f3n del programa \u201cC\u00f3rdoba Rosa\u201d, iniciativa que tiene por objetivo fin promover actividades de concientizaci\u00f3n y promoci\u00f3n de la salud vinculadas al c\u00e1ncer de mama. La Campa\u00f1a \u201cC\u00f3rdoba Rosa\u201d se desarrolla en el mes de octubre conforme la Ley Provincial N\u00b0 10.503 y sancionada por la Legislatura de C\u00f3rdoba [&hellip;]<\/p>\n","protected":false},"author":4,"featured_media":110653,"comment_status":"open","ping_status":"open","sticky":false,"template":"","format":"standard","meta":{"site-sidebar-layout":"default","site-content-layout":"","ast-site-content-layout":"default","site-content-style":"default","site-sidebar-style":"default","ast-global-header-display":"","ast-banner-title-visibility":"","ast-main-header-display":"","ast-hfb-above-header-display":"","ast-hfb-below-header-display":"","ast-hfb-mobile-header-display":"","site-post-title":"","ast-breadcrumbs-content":"","ast-featured-img":"","footer-sml-layout":"","ast-disable-related-posts":"","theme-transparent-header-meta":"","adv-header-id-meta":"","stick-header-meta":"","header-above-stick-meta":"","header-main-stick-meta":"","header-below-stick-meta":"","astra-migrate-meta-layouts":"set","ast-page-background-enabled":"default","ast-page-background-meta":{"desktop":{"background-color":"","background-image":"","background-repeat":"repeat","background-position":"center center","background-size":"auto","background-attachment":"scroll","background-type":"","background-media":"","overlay-type":"","overlay-color":"","overlay-opacity":"","overlay-gradient":""},"tablet":{"background-color":"","background-image":"","background-repeat":"repeat","background-position":"center center","background-size":"auto","background-attachment":"scroll","background-type":"","background-media":"","overlay-type":"","overlay-color":"","overlay-opacity":"","overlay-gradient":""},"mobile":{"background-color":"","background-image":"","background-repeat":"repeat","background-position":"center center","background-size":"auto","background-attachment":"scroll","background-type":"","background-media":"","overlay-type":"","overlay-color":"","overlay-opacity":"","overlay-gradient":""}},"ast-content-background-meta":{"desktop":{"background-color":"var(--ast-global-color-5)","background-image":"","background-repeat":"repeat","background-position":"center center","background-size":"auto","background-attachment":"scroll","background-type":"","background-media":"","overlay-type":"","overlay-color":"","overlay-opacity":"","overlay-gradient":""},"tablet":{"background-color":"var(--ast-global-color-5)","background-image":"","background-repeat":"repeat","background-position":"center center","background-size":"auto","background-attachment":"scroll","background-type":"","background-media":"","overlay-type":"","overlay-color":"","overlay-opacity":"","overlay-gradient":""},"mobile":{"background-color":"var(--ast-global-color-5)","background-image":"","background-repeat":"repeat","background-position":"center center","background-size":"auto","background-attachment":"scroll","background-type":"","background-media":"","overlay-type":"","overlay-color":"","overlay-opacity":"","overlay-gradient":""}},"_jetpack_memberships_contains_paid_content":false,"_joinchat":[],"footnotes":""},"categories":[15302,16095,5],"tags":[],"class_list":["post-110652","post","type-post","status-publish","format-standard","has-post-thumbnail","hentry","category-destacado","category-provinciales","category-sociedad"],"yoast_head":"<!-- This site is optimized with the Yoast SEO plugin v26.8 - https:\/\/yoast.com\/product\/yoast-seo-wordpress\/ -->\n<title>Elijo Cuidarme: Se present\u00f3 la campa\u00f1a de concientizaci\u00f3n y control preventivo del c\u00e1ncer de mama - El Regional<\/title>\n<meta name=\"robots\" content=\"index, follow, max-snippet:-1, max-image-preview:large, max-video-preview:-1\" \/>\n<link rel=\"canonical\" href=\"https:\/\/elregionalvm.com.ar\/noticias-villa-maria\/elijo-cuidarme-se-presento-la-campana-de-concientizacion-y-control-preventivo-del-cancer-de-mama\/\" \/>\n<meta property=\"og:locale\" content=\"es_ES\" \/>\n<meta property=\"og:type\" content=\"article\" \/>\n<meta property=\"og:title\" content=\"Elijo Cuidarme: Se present\u00f3 la campa\u00f1a de concientizaci\u00f3n y control preventivo del c\u00e1ncer de mama - El Regional\" \/>\n<meta property=\"og:description\" content=\"Ya est\u00e1 en marcha una nueva edici\u00f3n del programa \u201cC\u00f3rdoba Rosa\u201d, iniciativa que tiene por objetivo fin promover actividades de concientizaci\u00f3n y promoci\u00f3n de la salud vinculadas al c\u00e1ncer de mama. La Campa\u00f1a \u201cC\u00f3rdoba Rosa\u201d se desarrolla en el mes de octubre conforme la Ley Provincial N\u00b0 10.503 y sancionada por la Legislatura de C\u00f3rdoba [&hellip;]\" \/>\n<meta property=\"og:url\" content=\"https:\/\/elregionalvm.com.ar\/noticias-villa-maria\/elijo-cuidarme-se-presento-la-campana-de-concientizacion-y-control-preventivo-del-cancer-de-mama\/\" \/>\n<meta property=\"og:site_name\" content=\"El Regional\" \/>\n<meta property=\"article:publisher\" content=\"https:\/\/www.facebook.com\/elregionalvm\" \/>\n<meta property=\"article:published_time\" content=\"2025-10-03T23:21:44+00:00\" \/>\n<meta property=\"article:modified_time\" content=\"2025-10-03T23:21:47+00:00\" \/>\n<meta property=\"og:image\" content=\"https:\/\/elregionalvm.com.ar\/noticias-villa-maria\/wp-content\/uploads\/2025\/10\/Cordoba-Rosa-la-Provincia-presento-la-Campana-2025-Elijo-Cuidarme-3.jpeg\" \/>\n\t<meta property=\"og:image:width\" content=\"990\" \/>\n\t<meta property=\"og:image:height\" content=\"660\" \/>\n\t<meta property=\"og:image:type\" content=\"image\/jpeg\" \/>\n<meta name=\"author\" content=\"Contenidos El Regional\" \/>\n<meta name=\"twitter:card\" content=\"summary_large_image\" \/>\n<meta name=\"twitter:creator\" content=\"@elregionalvm1\" \/>\n<meta name=\"twitter:site\" content=\"@elregionalvm1\" \/>\n<meta name=\"twitter:label1\" content=\"Escrito por\" \/>\n\t<meta name=\"twitter:data1\" content=\"Contenidos El Regional\" \/>\n\t<meta name=\"twitter:label2\" content=\"Tiempo de lectura\" \/>\n\t<meta name=\"twitter:data2\" content=\"4 minutos\" \/>\n<script type=\"application\/ld+json\" class=\"yoast-schema-graph\">{\"@context\":\"https:\/\/schema.org\",\"@graph\":[{\"@type\":\"Article\",\"@id\":\"https:\/\/elregionalvm.com.ar\/noticias-villa-maria\/elijo-cuidarme-se-presento-la-campana-de-concientizacion-y-control-preventivo-del-cancer-de-mama\/#article\",\"isPartOf\":{\"@id\":\"https:\/\/elregionalvm.com.ar\/noticias-villa-maria\/elijo-cuidarme-se-presento-la-campana-de-concientizacion-y-control-preventivo-del-cancer-de-mama\/\"},\"author\":{\"name\":\"Contenidos El Regional\",\"@id\":\"http:\/\/elregionalvm.com.ar\/noticias-villa-maria\/#\/schema\/person\/a0fb9c422317faca23d50163151bc354\"},\"headline\":\"Elijo Cuidarme: Se present\u00f3 la campa\u00f1a de concientizaci\u00f3n y control preventivo del c\u00e1ncer de mama\",\"datePublished\":\"2025-10-03T23:21:44+00:00\",\"dateModified\":\"2025-10-03T23:21:47+00:00\",\"mainEntityOfPage\":{\"@id\":\"https:\/\/elregionalvm.com.ar\/noticias-villa-maria\/elijo-cuidarme-se-presento-la-campana-de-concientizacion-y-control-preventivo-del-cancer-de-mama\/\"},\"wordCount\":764,\"commentCount\":0,\"image\":{\"@id\":\"https:\/\/elregionalvm.com.ar\/noticias-villa-maria\/elijo-cuidarme-se-presento-la-campana-de-concientizacion-y-control-preventivo-del-cancer-de-mama\/#primaryimage\"},\"thumbnailUrl\":\"https:\/\/i0.wp.com\/elregionalvm.com.ar\/noticias-villa-maria\/wp-content\/uploads\/2025\/10\/Cordoba-Rosa-la-Provincia-presento-la-Campana-2025-Elijo-Cuidarme-3.jpeg?fit=990%2C660&ssl=1\",\"articleSection\":[\"destacado\",\"Provinciales\",\"Sociedad\"],\"inLanguage\":\"es\",\"potentialAction\":[{\"@type\":\"CommentAction\",\"name\":\"Comment\",\"target\":[\"https:\/\/elregionalvm.com.ar\/noticias-villa-maria\/elijo-cuidarme-se-presento-la-campana-de-concientizacion-y-control-preventivo-del-cancer-de-mama\/#respond\"]}]},{\"@type\":\"WebPage\",\"@id\":\"https:\/\/elregionalvm.com.ar\/noticias-villa-maria\/elijo-cuidarme-se-presento-la-campana-de-concientizacion-y-control-preventivo-del-cancer-de-mama\/\",\"url\":\"https:\/\/elregionalvm.com.ar\/noticias-villa-maria\/elijo-cuidarme-se-presento-la-campana-de-concientizacion-y-control-preventivo-del-cancer-de-mama\/\",\"name\":\"Elijo Cuidarme: Se present\u00f3 la campa\u00f1a de concientizaci\u00f3n y control preventivo del c\u00e1ncer de mama - El Regional\",\"isPartOf\":{\"@id\":\"http:\/\/elregionalvm.com.ar\/noticias-villa-maria\/#website\"},\"primaryImageOfPage\":{\"@id\":\"https:\/\/elregionalvm.com.ar\/noticias-villa-maria\/elijo-cuidarme-se-presento-la-campana-de-concientizacion-y-control-preventivo-del-cancer-de-mama\/#primaryimage\"},\"image\":{\"@id\":\"https:\/\/elregionalvm.com.ar\/noticias-villa-maria\/elijo-cuidarme-se-presento-la-campana-de-concientizacion-y-control-preventivo-del-cancer-de-mama\/#primaryimage\"},\"thumbnailUrl\":\"https:\/\/i0.wp.com\/elregionalvm.com.ar\/noticias-villa-maria\/wp-content\/uploads\/2025\/10\/Cordoba-Rosa-la-Provincia-presento-la-Campana-2025-Elijo-Cuidarme-3.jpeg?fit=990%2C660&ssl=1\",\"datePublished\":\"2025-10-03T23:21:44+00:00\",\"dateModified\":\"2025-10-03T23:21:47+00:00\",\"author\":{\"@id\":\"http:\/\/elregionalvm.com.ar\/noticias-villa-maria\/#\/schema\/person\/a0fb9c422317faca23d50163151bc354\"},\"breadcrumb\":{\"@id\":\"https:\/\/elregionalvm.com.ar\/noticias-villa-maria\/elijo-cuidarme-se-presento-la-campana-de-concientizacion-y-control-preventivo-del-cancer-de-mama\/#breadcrumb\"},\"inLanguage\":\"es\",\"potentialAction\":[{\"@type\":\"ReadAction\",\"target\":[\"https:\/\/elregionalvm.com.ar\/noticias-villa-maria\/elijo-cuidarme-se-presento-la-campana-de-concientizacion-y-control-preventivo-del-cancer-de-mama\/\"]}]},{\"@type\":\"ImageObject\",\"inLanguage\":\"es\",\"@id\":\"https:\/\/elregionalvm.com.ar\/noticias-villa-maria\/elijo-cuidarme-se-presento-la-campana-de-concientizacion-y-control-preventivo-del-cancer-de-mama\/#primaryimage\",\"url\":\"https:\/\/i0.wp.com\/elregionalvm.com.ar\/noticias-villa-maria\/wp-content\/uploads\/2025\/10\/Cordoba-Rosa-la-Provincia-presento-la-Campana-2025-Elijo-Cuidarme-3.jpeg?fit=990%2C660&ssl=1\",\"contentUrl\":\"https:\/\/i0.wp.com\/elregionalvm.com.ar\/noticias-villa-maria\/wp-content\/uploads\/2025\/10\/Cordoba-Rosa-la-Provincia-presento-la-Campana-2025-Elijo-Cuidarme-3.jpeg?fit=990%2C660&ssl=1\",\"width\":990,\"height\":660},{\"@type\":\"BreadcrumbList\",\"@id\":\"https:\/\/elregionalvm.com.ar\/noticias-villa-maria\/elijo-cuidarme-se-presento-la-campana-de-concientizacion-y-control-preventivo-del-cancer-de-mama\/#breadcrumb\",\"itemListElement\":[{\"@type\":\"ListItem\",\"position\":1,\"name\":\"Portada\",\"item\":\"https:\/\/elregionalvm.com.ar\/noticias-villa-maria\/\"},{\"@type\":\"ListItem\",\"position\":2,\"name\":\"Elijo Cuidarme: Se present\u00f3 la campa\u00f1a de concientizaci\u00f3n y control preventivo del c\u00e1ncer de mama\"}]},{\"@type\":\"WebSite\",\"@id\":\"http:\/\/elregionalvm.com.ar\/noticias-villa-maria\/#website\",\"url\":\"http:\/\/elregionalvm.com.ar\/noticias-villa-maria\/\",\"name\":\"El Regional\",\"description\":\"Mucho m\u00e1s que informaci\u00f3n\",\"potentialAction\":[{\"@type\":\"SearchAction\",\"target\":{\"@type\":\"EntryPoint\",\"urlTemplate\":\"http:\/\/elregionalvm.com.ar\/noticias-villa-maria\/?s={search_term_string}\"},\"query-input\":{\"@type\":\"PropertyValueSpecification\",\"valueRequired\":true,\"valueName\":\"search_term_string\"}}],\"inLanguage\":\"es\"},{\"@type\":\"Person\",\"@id\":\"http:\/\/elregionalvm.com.ar\/noticias-villa-maria\/#\/schema\/person\/a0fb9c422317faca23d50163151bc354\",\"name\":\"Contenidos El Regional\",\"image\":{\"@type\":\"ImageObject\",\"inLanguage\":\"es\",\"@id\":\"http:\/\/elregionalvm.com.ar\/noticias-villa-maria\/#\/schema\/person\/image\/\",\"url\":\"https:\/\/secure.gravatar.com\/avatar\/265b27cb2209af7bb3a1318f03305787d7981a5cc6e6cd08fe5a4ecdf99d4b48?s=96&d=mm&r=g\",\"contentUrl\":\"https:\/\/secure.gravatar.com\/avatar\/265b27cb2209af7bb3a1318f03305787d7981a5cc6e6cd08fe5a4ecdf99d4b48?s=96&d=mm&r=g\",\"caption\":\"Contenidos El Regional\"},\"url\":\"https:\/\/elregionalvm.com.ar\/noticias-villa-maria\/author\/contenido\/\"}]}<\/script>\n<!-- \/ Yoast SEO plugin. -->","yoast_head_json":{"title":"Elijo Cuidarme: Se present\u00f3 la campa\u00f1a de concientizaci\u00f3n y control preventivo del c\u00e1ncer de mama - El Regional","robots":{"index":"index","follow":"follow","max-snippet":"max-snippet:-1","max-image-preview":"max-image-preview:large","max-video-preview":"max-video-preview:-1"},"canonical":"https:\/\/elregionalvm.com.ar\/noticias-villa-maria\/elijo-cuidarme-se-presento-la-campana-de-concientizacion-y-control-preventivo-del-cancer-de-mama\/","og_locale":"es_ES","og_type":"article","og_title":"Elijo Cuidarme: Se present\u00f3 la campa\u00f1a de concientizaci\u00f3n y control preventivo del c\u00e1ncer de mama - El Regional","og_description":"Ya est\u00e1 en marcha una nueva edici\u00f3n del programa \u201cC\u00f3rdoba Rosa\u201d, iniciativa que tiene por objetivo fin promover actividades de concientizaci\u00f3n y promoci\u00f3n de la salud vinculadas al c\u00e1ncer de mama. La Campa\u00f1a \u201cC\u00f3rdoba Rosa\u201d se desarrolla en el mes de octubre conforme la Ley Provincial N\u00b0 10.503 y sancionada por la Legislatura de C\u00f3rdoba [&hellip;]","og_url":"https:\/\/elregionalvm.com.ar\/noticias-villa-maria\/elijo-cuidarme-se-presento-la-campana-de-concientizacion-y-control-preventivo-del-cancer-de-mama\/","og_site_name":"El Regional","article_publisher":"https:\/\/www.facebook.com\/elregionalvm","article_published_time":"2025-10-03T23:21:44+00:00","article_modified_time":"2025-10-03T23:21:47+00:00","og_image":[{"width":990,"height":660,"url":"https:\/\/elregionalvm.com.ar\/noticias-villa-maria\/wp-content\/uploads\/2025\/10\/Cordoba-Rosa-la-Provincia-presento-la-Campana-2025-Elijo-Cuidarme-3.jpeg","type":"image\/jpeg"}],"author":"Contenidos El Regional","twitter_card":"summary_large_image","twitter_creator":"@elregionalvm1","twitter_site":"@elregionalvm1","twitter_misc":{"Escrito por":"Contenidos El Regional","Tiempo de lectura":"4 minutos"},"schema":{"@context":"https:\/\/schema.org","@graph":[{"@type":"Article","@id":"https:\/\/elregionalvm.com.ar\/noticias-villa-maria\/elijo-cuidarme-se-presento-la-campana-de-concientizacion-y-control-preventivo-del-cancer-de-mama\/#article","isPartOf":{"@id":"https:\/\/elregionalvm.com.ar\/noticias-villa-maria\/elijo-cuidarme-se-presento-la-campana-de-concientizacion-y-control-preventivo-del-cancer-de-mama\/"},"author":{"name":"Contenidos El Regional","@id":"http:\/\/elregionalvm.com.ar\/noticias-villa-maria\/#\/schema\/person\/a0fb9c422317faca23d50163151bc354"},"headline":"Elijo Cuidarme: Se present\u00f3 la campa\u00f1a de concientizaci\u00f3n y control preventivo del c\u00e1ncer de mama","datePublished":"2025-10-03T23:21:44+00:00","dateModified":"2025-10-03T23:21:47+00:00","mainEntityOfPage":{"@id":"https:\/\/elregionalvm.com.ar\/noticias-villa-maria\/elijo-cuidarme-se-presento-la-campana-de-concientizacion-y-control-preventivo-del-cancer-de-mama\/"},"wordCount":764,"commentCount":0,"image":{"@id":"https:\/\/elregionalvm.com.ar\/noticias-villa-maria\/elijo-cuidarme-se-presento-la-campana-de-concientizacion-y-control-preventivo-del-cancer-de-mama\/#primaryimage"},"thumbnailUrl":"https:\/\/i0.wp.com\/elregionalvm.com.ar\/noticias-villa-maria\/wp-content\/uploads\/2025\/10\/Cordoba-Rosa-la-Provincia-presento-la-Campana-2025-Elijo-Cuidarme-3.jpeg?fit=990%2C660&ssl=1","articleSection":["destacado","Provinciales","Sociedad"],"inLanguage":"es","potentialAction":[{"@type":"CommentAction","name":"Comment","target":["https:\/\/elregionalvm.com.ar\/noticias-villa-maria\/elijo-cuidarme-se-presento-la-campana-de-concientizacion-y-control-preventivo-del-cancer-de-mama\/#respond"]}]},{"@type":"WebPage","@id":"https:\/\/elregionalvm.com.ar\/noticias-villa-maria\/elijo-cuidarme-se-presento-la-campana-de-concientizacion-y-control-preventivo-del-cancer-de-mama\/","url":"https:\/\/elregionalvm.com.ar\/noticias-villa-maria\/elijo-cuidarme-se-presento-la-campana-de-concientizacion-y-control-preventivo-del-cancer-de-mama\/","name":"Elijo Cuidarme: Se present\u00f3 la campa\u00f1a de concientizaci\u00f3n y control preventivo del c\u00e1ncer de mama - El Regional","isPartOf":{"@id":"http:\/\/elregionalvm.com.ar\/noticias-villa-maria\/#website"},"primaryImageOfPage":{"@id":"https:\/\/elregionalvm.com.ar\/noticias-villa-maria\/elijo-cuidarme-se-presento-la-campana-de-concientizacion-y-control-preventivo-del-cancer-de-mama\/#primaryimage"},"image":{"@id":"https:\/\/elregionalvm.com.ar\/noticias-villa-maria\/elijo-cuidarme-se-presento-la-campana-de-concientizacion-y-control-preventivo-del-cancer-de-mama\/#primaryimage"},"thumbnailUrl":"https:\/\/i0.wp.com\/elregionalvm.com.ar\/noticias-villa-maria\/wp-content\/uploads\/2025\/10\/Cordoba-Rosa-la-Provincia-presento-la-Campana-2025-Elijo-Cuidarme-3.jpeg?fit=990%2C660&ssl=1","datePublished":"2025-10-03T23:21:44+00:00","dateModified":"2025-10-03T23:21:47+00:00","author":{"@id":"http:\/\/elregionalvm.com.ar\/noticias-villa-maria\/#\/schema\/person\/a0fb9c422317faca23d50163151bc354"},"breadcrumb":{"@id":"https:\/\/elregionalvm.com.ar\/noticias-villa-maria\/elijo-cuidarme-se-presento-la-campana-de-concientizacion-y-control-preventivo-del-cancer-de-mama\/#breadcrumb"},"inLanguage":"es","potentialAction":[{"@type":"ReadAction","target":["https:\/\/elregionalvm.com.ar\/noticias-villa-maria\/elijo-cuidarme-se-presento-la-campana-de-concientizacion-y-control-preventivo-del-cancer-de-mama\/"]}]},{"@type":"ImageObject","inLanguage":"es","@id":"https:\/\/elregionalvm.com.ar\/noticias-villa-maria\/elijo-cuidarme-se-presento-la-campana-de-concientizacion-y-control-preventivo-del-cancer-de-mama\/#primaryimage","url":"https:\/\/i0.wp.com\/elregionalvm.com.ar\/noticias-villa-maria\/wp-content\/uploads\/2025\/10\/Cordoba-Rosa-la-Provincia-presento-la-Campana-2025-Elijo-Cuidarme-3.jpeg?fit=990%2C660&ssl=1","contentUrl":"https:\/\/i0.wp.com\/elregionalvm.com.ar\/noticias-villa-maria\/wp-content\/uploads\/2025\/10\/Cordoba-Rosa-la-Provincia-presento-la-Campana-2025-Elijo-Cuidarme-3.jpeg?fit=990%2C660&ssl=1","width":990,"height":660},{"@type":"BreadcrumbList","@id":"https:\/\/elregionalvm.com.ar\/noticias-villa-maria\/elijo-cuidarme-se-presento-la-campana-de-concientizacion-y-control-preventivo-del-cancer-de-mama\/#breadcrumb","itemListElement":[{"@type":"ListItem","position":1,"name":"Portada","item":"https:\/\/elregionalvm.com.ar\/noticias-villa-maria\/"},{"@type":"ListItem","position":2,"name":"Elijo Cuidarme: Se present\u00f3 la campa\u00f1a de concientizaci\u00f3n y control preventivo del c\u00e1ncer de mama"}]},{"@type":"WebSite","@id":"http:\/\/elregionalvm.com.ar\/noticias-villa-maria\/#website","url":"http:\/\/elregionalvm.com.ar\/noticias-villa-maria\/","name":"El Regional","description":"Mucho m\u00e1s que informaci\u00f3n","potentialAction":[{"@type":"SearchAction","target":{"@type":"EntryPoint","urlTemplate":"http:\/\/elregionalvm.com.ar\/noticias-villa-maria\/?s={search_term_string}"},"query-input":{"@type":"PropertyValueSpecification","valueRequired":true,"valueName":"search_term_string"}}],"inLanguage":"es"},{"@type":"Person","@id":"http:\/\/elregionalvm.com.ar\/noticias-villa-maria\/#\/schema\/person\/a0fb9c422317faca23d50163151bc354","name":"Contenidos El Regional","image":{"@type":"ImageObject","inLanguage":"es","@id":"http:\/\/elregionalvm.com.ar\/noticias-villa-maria\/#\/schema\/person\/image\/","url":"https:\/\/secure.gravatar.com\/avatar\/265b27cb2209af7bb3a1318f03305787d7981a5cc6e6cd08fe5a4ecdf99d4b48?s=96&d=mm&r=g","contentUrl":"https:\/\/secure.gravatar.com\/avatar\/265b27cb2209af7bb3a1318f03305787d7981a5cc6e6cd08fe5a4ecdf99d4b48?s=96&d=mm&r=g","caption":"Contenidos El Regional"},"url":"https:\/\/elregionalvm.com.ar\/noticias-villa-maria\/author\/contenido\/"}]}},"jetpack_featured_media_url":"https:\/\/i0.wp.com\/elregionalvm.com.ar\/noticias-villa-maria\/wp-content\/uploads\/2025\/10\/Cordoba-Rosa-la-Provincia-presento-la-Campana-2025-Elijo-Cuidarme-3.jpeg?fit=990%2C660&ssl=1","jetpack_sharing_enabled":true,"_links":{"self":[{"href":"https:\/\/elregionalvm.com.ar\/noticias-villa-maria\/wp-json\/wp\/v2\/posts\/110652","targetHints":{"allow":["GET"]}}],"collection":[{"href":"https:\/\/elregionalvm.com.ar\/noticias-villa-maria\/wp-json\/wp\/v2\/posts"}],"about":[{"href":"https:\/\/elregionalvm.com.ar\/noticias-villa-maria\/wp-json\/wp\/v2\/types\/post"}],"author":[{"embeddable":true,"href":"https:\/\/elregionalvm.com.ar\/noticias-villa-maria\/wp-json\/wp\/v2\/users\/4"}],"replies":[{"embeddable":true,"href":"https:\/\/elregionalvm.com.ar\/noticias-villa-maria\/wp-json\/wp\/v2\/comments?post=110652"}],"version-history":[{"count":1,"href":"https:\/\/elregionalvm.com.ar\/noticias-villa-maria\/wp-json\/wp\/v2\/posts\/110652\/revisions"}],"predecessor-version":[{"id":110654,"href":"https:\/\/elregionalvm.com.ar\/noticias-villa-maria\/wp-json\/wp\/v2\/posts\/110652\/revisions\/110654"}],"wp:featuredmedia":[{"embeddable":true,"href":"https:\/\/elregionalvm.com.ar\/noticias-villa-maria\/wp-json\/wp\/v2\/media\/110653"}],"wp:attachment":[{"href":"https:\/\/elregionalvm.com.ar\/noticias-villa-maria\/wp-json\/wp\/v2\/media?parent=110652"}],"wp:term":[{"taxonomy":"category","embeddable":true,"href":"https:\/\/elregionalvm.com.ar\/noticias-villa-maria\/wp-json\/wp\/v2\/categories?post=110652"},{"taxonomy":"post_tag","embeddable":true,"href":"https:\/\/elregionalvm.com.ar\/noticias-villa-maria\/wp-json\/wp\/v2\/tags?post=110652"}],"curies":[{"name":"wp","href":"https:\/\/api.w.org\/{rel}","templated":true}]}}