{"id":110655,"date":"2025-10-03T23:24:00","date_gmt":"2025-10-03T23:24:00","guid":{"rendered":"https:\/\/elregionalvm.com.ar\/noticias-villa-maria\/?p=110655"},"modified":"2025-10-05T23:43:41","modified_gmt":"2025-10-05T23:43:41","slug":"comenzo-el-curso-de-operador-de-videovigilancia","status":"publish","type":"post","link":"https:\/\/elregionalvm.com.ar\/noticias-villa-maria\/comenzo-el-curso-de-operador-de-videovigilancia\/","title":{"rendered":"Comenz\u00f3 el Curso de Operador de Videovigilancia"},"content":{"rendered":"\n<p>\u00a0A trav\u00e9s de la Secretar\u00eda de Prevenci\u00f3n, Seguridad y Convivencia Urbana, informa que comenz\u00f3 la primera jornada del Curso de Operador de Videovigilancia, nivel inicial, destinado tanto al \u00e1mbito p\u00fablico como privado.<\/p>\n\n\n\n<p>Del acto de apertura particip\u00f3 el intendente municipal Eduardo Accastello; la secretaria de Prevenci\u00f3n, Seguridad y Convivencia Urbana, Guadalupe V\u00e1zquez y el subsecretario de Seguridad, Fernando Jones.<\/p>\n\n\n\n<p>Al respecto, el intendente Accastello dijo:&nbsp;<strong><em>\u201cEn Villa Mar\u00eda, que es una ciudad innovadora y que no negocia la paz social, trabajamos por una vigilancia inteligente a trav\u00e9s del Centro Municipal de Monitoreo, con una gesti\u00f3n interinstitucional articulada que fortalece la seguridad ciudadana, la prevenci\u00f3n y la capacidad de respuesta frente al delito\u201d.<\/em><\/strong><\/p>\n\n\n\n<p>Mientras que Guadalupe V\u00e1zquez, expres\u00f3:&nbsp;<em>\u201cCon esta iniciativa potenciamos los centros de monitoreos p\u00fablicos y privados. La propuesta es la primera iniciativa de su tipo en la provincia, donde nuestra ciudad es referente en la materia\u201d.<\/em><\/p>\n\n\n\n<p>El curso, que se desarrolla en el Centro Cultural Comunitario Leonardo Favio, tendr\u00e1 otros encuentros los d\u00edas 9, 16 y 23 de octubre, en el horario de 10 a 13 horas.<\/p>\n\n\n\n<p>Cabe destacar que la instancia, que cont\u00f3 con la participaci\u00f3n de cursantes provenientes de nueve ciudades de C\u00f3rdoba, otorga certificaci\u00f3n oficial a quienes completen la capacitaci\u00f3n que es dictada por operadores del Centro Municipal de Monitoreo.<\/p>\n\n\n\n<p><\/p>\n","protected":false},"excerpt":{"rendered":"<p>\u00a0A trav\u00e9s de la Secretar\u00eda de Prevenci\u00f3n, Seguridad y Convivencia Urbana, informa que comenz\u00f3 la primera jornada del Curso de Operador de Videovigilancia, nivel inicial, destinado tanto al \u00e1mbito p\u00fablico como privado. Del acto de apertura particip\u00f3 el intendente municipal Eduardo Accastello; la secretaria de Prevenci\u00f3n, Seguridad y Convivencia Urbana, Guadalupe V\u00e1zquez y el subsecretario [&hellip;]<\/p>\n","protected":false},"author":4,"featured_media":110656,"comment_status":"open","ping_status":"open","sticky":false,"template":"","format":"standard","meta":{"site-sidebar-layout":"default","site-content-layout":"","ast-site-content-layout":"default","site-content-style":"default","site-sidebar-style":"default","ast-global-header-display":"","ast-banner-title-visibility":"","ast-main-header-display":"","ast-hfb-above-header-display":"","ast-hfb-below-header-display":"","ast-hfb-mobile-header-display":"","site-post-title":"","ast-breadcrumbs-content":"","ast-featured-img":"","footer-sml-layout":"","ast-disable-related-posts":"","theme-transparent-header-meta":"","adv-header-id-meta":"","stick-header-meta":"","header-above-stick-meta":"","header-main-stick-meta":"","header-below-stick-meta":"","astra-migrate-meta-layouts":"set","ast-page-background-enabled":"default","ast-page-background-meta":{"desktop":{"background-color":"","background-image":"","background-repeat":"repeat","background-position":"center center","background-size":"auto","background-attachment":"scroll","background-type":"","background-media":"","overlay-type":"","overlay-color":"","overlay-opacity":"","overlay-gradient":""},"tablet":{"background-color":"","background-image":"","background-repeat":"repeat","background-position":"center center","background-size":"auto","background-attachment":"scroll","background-type":"","background-media":"","overlay-type":"","overlay-color":"","overlay-opacity":"","overlay-gradient":""},"mobile":{"background-color":"","background-image":"","background-repeat":"repeat","background-position":"center center","background-size":"auto","background-attachment":"scroll","background-type":"","background-media":"","overlay-type":"","overlay-color":"","overlay-opacity":"","overlay-gradient":""}},"ast-content-background-meta":{"desktop":{"background-color":"var(--ast-global-color-5)","background-image":"","background-repeat":"repeat","background-position":"center center","background-size":"auto","background-attachment":"scroll","background-type":"","background-media":"","overlay-type":"","overlay-color":"","overlay-opacity":"","overlay-gradient":""},"tablet":{"background-color":"var(--ast-global-color-5)","background-image":"","background-repeat":"repeat","background-position":"center center","background-size":"auto","background-attachment":"scroll","background-type":"","background-media":"","overlay-type":"","overlay-color":"","overlay-opacity":"","overlay-gradient":""},"mobile":{"background-color":"var(--ast-global-color-5)","background-image":"","background-repeat":"repeat","background-position":"center center","background-size":"auto","background-attachment":"scroll","background-type":"","background-media":"","overlay-type":"","overlay-color":"","overlay-opacity":"","overlay-gradient":""}},"_jetpack_memberships_contains_paid_content":false,"_joinchat":[],"footnotes":""},"categories":[5,2],"tags":[],"class_list":["post-110655","post","type-post","status-publish","format-standard","has-post-thumbnail","hentry","category-sociedad","category-villa-maria"],"yoast_head":"<!-- This site is optimized with the Yoast SEO plugin v26.8 - https:\/\/yoast.com\/product\/yoast-seo-wordpress\/ -->\n<title>Comenz\u00f3 el Curso de Operador de Videovigilancia - El Regional<\/title>\n<meta name=\"robots\" content=\"index, follow, max-snippet:-1, max-image-preview:large, max-video-preview:-1\" \/>\n<link rel=\"canonical\" href=\"https:\/\/elregionalvm.com.ar\/noticias-villa-maria\/comenzo-el-curso-de-operador-de-videovigilancia\/\" \/>\n<meta property=\"og:locale\" content=\"es_ES\" \/>\n<meta property=\"og:type\" content=\"article\" \/>\n<meta property=\"og:title\" content=\"Comenz\u00f3 el Curso de Operador de Videovigilancia - El Regional\" \/>\n<meta property=\"og:description\" content=\"\u00a0A trav\u00e9s de la Secretar\u00eda de Prevenci\u00f3n, Seguridad y Convivencia Urbana, informa que comenz\u00f3 la primera jornada del Curso de Operador de Videovigilancia, nivel inicial, destinado tanto al \u00e1mbito p\u00fablico como privado. Del acto de apertura particip\u00f3 el intendente municipal Eduardo Accastello; la secretaria de Prevenci\u00f3n, Seguridad y Convivencia Urbana, Guadalupe V\u00e1zquez y el subsecretario [&hellip;]\" \/>\n<meta property=\"og:url\" content=\"https:\/\/elregionalvm.com.ar\/noticias-villa-maria\/comenzo-el-curso-de-operador-de-videovigilancia\/\" \/>\n<meta property=\"og:site_name\" content=\"El Regional\" \/>\n<meta property=\"article:publisher\" content=\"https:\/\/www.facebook.com\/elregionalvm\" \/>\n<meta property=\"article:published_time\" content=\"2025-10-03T23:24:00+00:00\" \/>\n<meta property=\"article:modified_time\" content=\"2025-10-05T23:43:41+00:00\" \/>\n<meta property=\"og:image\" content=\"https:\/\/elregionalvm.com.ar\/noticias-villa-maria\/wp-content\/uploads\/2025\/10\/5d5569333fa844ff9b15de7dc4f17a32.jpeg\" \/>\n\t<meta property=\"og:image:width\" content=\"800\" \/>\n\t<meta property=\"og:image:height\" content=\"600\" \/>\n\t<meta property=\"og:image:type\" content=\"image\/jpeg\" \/>\n<meta name=\"author\" content=\"Contenidos El Regional\" \/>\n<meta name=\"twitter:card\" content=\"summary_large_image\" \/>\n<meta name=\"twitter:creator\" content=\"@elregionalvm1\" \/>\n<meta name=\"twitter:site\" content=\"@elregionalvm1\" \/>\n<meta name=\"twitter:label1\" content=\"Escrito por\" \/>\n\t<meta name=\"twitter:data1\" content=\"Contenidos El Regional\" \/>\n\t<meta name=\"twitter:label2\" content=\"Tiempo de lectura\" \/>\n\t<meta name=\"twitter:data2\" content=\"2 minutos\" \/>\n<script type=\"application\/ld+json\" class=\"yoast-schema-graph\">{\"@context\":\"https:\/\/schema.org\",\"@graph\":[{\"@type\":\"Article\",\"@id\":\"https:\/\/elregionalvm.com.ar\/noticias-villa-maria\/comenzo-el-curso-de-operador-de-videovigilancia\/#article\",\"isPartOf\":{\"@id\":\"https:\/\/elregionalvm.com.ar\/noticias-villa-maria\/comenzo-el-curso-de-operador-de-videovigilancia\/\"},\"author\":{\"name\":\"Contenidos El Regional\",\"@id\":\"http:\/\/elregionalvm.com.ar\/noticias-villa-maria\/#\/schema\/person\/a0fb9c422317faca23d50163151bc354\"},\"headline\":\"Comenz\u00f3 el Curso de Operador de Videovigilancia\",\"datePublished\":\"2025-10-03T23:24:00+00:00\",\"dateModified\":\"2025-10-05T23:43:41+00:00\",\"mainEntityOfPage\":{\"@id\":\"https:\/\/elregionalvm.com.ar\/noticias-villa-maria\/comenzo-el-curso-de-operador-de-videovigilancia\/\"},\"wordCount\":236,\"commentCount\":0,\"image\":{\"@id\":\"https:\/\/elregionalvm.com.ar\/noticias-villa-maria\/comenzo-el-curso-de-operador-de-videovigilancia\/#primaryimage\"},\"thumbnailUrl\":\"https:\/\/i0.wp.com\/elregionalvm.com.ar\/noticias-villa-maria\/wp-content\/uploads\/2025\/10\/5d5569333fa844ff9b15de7dc4f17a32.jpeg?fit=800%2C600&ssl=1\",\"articleSection\":[\"Sociedad\",\"Villa Mar\u00eda\"],\"inLanguage\":\"es\",\"potentialAction\":[{\"@type\":\"CommentAction\",\"name\":\"Comment\",\"target\":[\"https:\/\/elregionalvm.com.ar\/noticias-villa-maria\/comenzo-el-curso-de-operador-de-videovigilancia\/#respond\"]}]},{\"@type\":\"WebPage\",\"@id\":\"https:\/\/elregionalvm.com.ar\/noticias-villa-maria\/comenzo-el-curso-de-operador-de-videovigilancia\/\",\"url\":\"https:\/\/elregionalvm.com.ar\/noticias-villa-maria\/comenzo-el-curso-de-operador-de-videovigilancia\/\",\"name\":\"Comenz\u00f3 el Curso de Operador de Videovigilancia - El Regional\",\"isPartOf\":{\"@id\":\"http:\/\/elregionalvm.com.ar\/noticias-villa-maria\/#website\"},\"primaryImageOfPage\":{\"@id\":\"https:\/\/elregionalvm.com.ar\/noticias-villa-maria\/comenzo-el-curso-de-operador-de-videovigilancia\/#primaryimage\"},\"image\":{\"@id\":\"https:\/\/elregionalvm.com.ar\/noticias-villa-maria\/comenzo-el-curso-de-operador-de-videovigilancia\/#primaryimage\"},\"thumbnailUrl\":\"https:\/\/i0.wp.com\/elregionalvm.com.ar\/noticias-villa-maria\/wp-content\/uploads\/2025\/10\/5d5569333fa844ff9b15de7dc4f17a32.jpeg?fit=800%2C600&ssl=1\",\"datePublished\":\"2025-10-03T23:24:00+00:00\",\"dateModified\":\"2025-10-05T23:43:41+00:00\",\"author\":{\"@id\":\"http:\/\/elregionalvm.com.ar\/noticias-villa-maria\/#\/schema\/person\/a0fb9c422317faca23d50163151bc354\"},\"breadcrumb\":{\"@id\":\"https:\/\/elregionalvm.com.ar\/noticias-villa-maria\/comenzo-el-curso-de-operador-de-videovigilancia\/#breadcrumb\"},\"inLanguage\":\"es\",\"potentialAction\":[{\"@type\":\"ReadAction\",\"target\":[\"https:\/\/elregionalvm.com.ar\/noticias-villa-maria\/comenzo-el-curso-de-operador-de-videovigilancia\/\"]}]},{\"@type\":\"ImageObject\",\"inLanguage\":\"es\",\"@id\":\"https:\/\/elregionalvm.com.ar\/noticias-villa-maria\/comenzo-el-curso-de-operador-de-videovigilancia\/#primaryimage\",\"url\":\"https:\/\/i0.wp.com\/elregionalvm.com.ar\/noticias-villa-maria\/wp-content\/uploads\/2025\/10\/5d5569333fa844ff9b15de7dc4f17a32.jpeg?fit=800%2C600&ssl=1\",\"contentUrl\":\"https:\/\/i0.wp.com\/elregionalvm.com.ar\/noticias-villa-maria\/wp-content\/uploads\/2025\/10\/5d5569333fa844ff9b15de7dc4f17a32.jpeg?fit=800%2C600&ssl=1\",\"width\":800,\"height\":600},{\"@type\":\"BreadcrumbList\",\"@id\":\"https:\/\/elregionalvm.com.ar\/noticias-villa-maria\/comenzo-el-curso-de-operador-de-videovigilancia\/#breadcrumb\",\"itemListElement\":[{\"@type\":\"ListItem\",\"position\":1,\"name\":\"Portada\",\"item\":\"https:\/\/elregionalvm.com.ar\/noticias-villa-maria\/\"},{\"@type\":\"ListItem\",\"position\":2,\"name\":\"Comenz\u00f3 el Curso de Operador de Videovigilancia\"}]},{\"@type\":\"WebSite\",\"@id\":\"http:\/\/elregionalvm.com.ar\/noticias-villa-maria\/#website\",\"url\":\"http:\/\/elregionalvm.com.ar\/noticias-villa-maria\/\",\"name\":\"El Regional\",\"description\":\"Mucho m\u00e1s que informaci\u00f3n\",\"potentialAction\":[{\"@type\":\"SearchAction\",\"target\":{\"@type\":\"EntryPoint\",\"urlTemplate\":\"http:\/\/elregionalvm.com.ar\/noticias-villa-maria\/?s={search_term_string}\"},\"query-input\":{\"@type\":\"PropertyValueSpecification\",\"valueRequired\":true,\"valueName\":\"search_term_string\"}}],\"inLanguage\":\"es\"},{\"@type\":\"Person\",\"@id\":\"http:\/\/elregionalvm.com.ar\/noticias-villa-maria\/#\/schema\/person\/a0fb9c422317faca23d50163151bc354\",\"name\":\"Contenidos El Regional\",\"image\":{\"@type\":\"ImageObject\",\"inLanguage\":\"es\",\"@id\":\"http:\/\/elregionalvm.com.ar\/noticias-villa-maria\/#\/schema\/person\/image\/\",\"url\":\"https:\/\/secure.gravatar.com\/avatar\/265b27cb2209af7bb3a1318f03305787d7981a5cc6e6cd08fe5a4ecdf99d4b48?s=96&d=mm&r=g\",\"contentUrl\":\"https:\/\/secure.gravatar.com\/avatar\/265b27cb2209af7bb3a1318f03305787d7981a5cc6e6cd08fe5a4ecdf99d4b48?s=96&d=mm&r=g\",\"caption\":\"Contenidos El Regional\"},\"url\":\"https:\/\/elregionalvm.com.ar\/noticias-villa-maria\/author\/contenido\/\"}]}<\/script>\n<!-- \/ Yoast SEO plugin. -->","yoast_head_json":{"title":"Comenz\u00f3 el Curso de Operador de Videovigilancia - El Regional","robots":{"index":"index","follow":"follow","max-snippet":"max-snippet:-1","max-image-preview":"max-image-preview:large","max-video-preview":"max-video-preview:-1"},"canonical":"https:\/\/elregionalvm.com.ar\/noticias-villa-maria\/comenzo-el-curso-de-operador-de-videovigilancia\/","og_locale":"es_ES","og_type":"article","og_title":"Comenz\u00f3 el Curso de Operador de Videovigilancia - El Regional","og_description":"\u00a0A trav\u00e9s de la Secretar\u00eda de Prevenci\u00f3n, Seguridad y Convivencia Urbana, informa que comenz\u00f3 la primera jornada del Curso de Operador de Videovigilancia, nivel inicial, destinado tanto al \u00e1mbito p\u00fablico como privado. Del acto de apertura particip\u00f3 el intendente municipal Eduardo Accastello; la secretaria de Prevenci\u00f3n, Seguridad y Convivencia Urbana, Guadalupe V\u00e1zquez y el subsecretario [&hellip;]","og_url":"https:\/\/elregionalvm.com.ar\/noticias-villa-maria\/comenzo-el-curso-de-operador-de-videovigilancia\/","og_site_name":"El Regional","article_publisher":"https:\/\/www.facebook.com\/elregionalvm","article_published_time":"2025-10-03T23:24:00+00:00","article_modified_time":"2025-10-05T23:43:41+00:00","og_image":[{"width":800,"height":600,"url":"https:\/\/elregionalvm.com.ar\/noticias-villa-maria\/wp-content\/uploads\/2025\/10\/5d5569333fa844ff9b15de7dc4f17a32.jpeg","type":"image\/jpeg"}],"author":"Contenidos El Regional","twitter_card":"summary_large_image","twitter_creator":"@elregionalvm1","twitter_site":"@elregionalvm1","twitter_misc":{"Escrito por":"Contenidos El Regional","Tiempo de lectura":"2 minutos"},"schema":{"@context":"https:\/\/schema.org","@graph":[{"@type":"Article","@id":"https:\/\/elregionalvm.com.ar\/noticias-villa-maria\/comenzo-el-curso-de-operador-de-videovigilancia\/#article","isPartOf":{"@id":"https:\/\/elregionalvm.com.ar\/noticias-villa-maria\/comenzo-el-curso-de-operador-de-videovigilancia\/"},"author":{"name":"Contenidos El Regional","@id":"http:\/\/elregionalvm.com.ar\/noticias-villa-maria\/#\/schema\/person\/a0fb9c422317faca23d50163151bc354"},"headline":"Comenz\u00f3 el Curso de Operador de Videovigilancia","datePublished":"2025-10-03T23:24:00+00:00","dateModified":"2025-10-05T23:43:41+00:00","mainEntityOfPage":{"@id":"https:\/\/elregionalvm.com.ar\/noticias-villa-maria\/comenzo-el-curso-de-operador-de-videovigilancia\/"},"wordCount":236,"commentCount":0,"image":{"@id":"https:\/\/elregionalvm.com.ar\/noticias-villa-maria\/comenzo-el-curso-de-operador-de-videovigilancia\/#primaryimage"},"thumbnailUrl":"https:\/\/i0.wp.com\/elregionalvm.com.ar\/noticias-villa-maria\/wp-content\/uploads\/2025\/10\/5d5569333fa844ff9b15de7dc4f17a32.jpeg?fit=800%2C600&ssl=1","articleSection":["Sociedad","Villa Mar\u00eda"],"inLanguage":"es","potentialAction":[{"@type":"CommentAction","name":"Comment","target":["https:\/\/elregionalvm.com.ar\/noticias-villa-maria\/comenzo-el-curso-de-operador-de-videovigilancia\/#respond"]}]},{"@type":"WebPage","@id":"https:\/\/elregionalvm.com.ar\/noticias-villa-maria\/comenzo-el-curso-de-operador-de-videovigilancia\/","url":"https:\/\/elregionalvm.com.ar\/noticias-villa-maria\/comenzo-el-curso-de-operador-de-videovigilancia\/","name":"Comenz\u00f3 el Curso de Operador de Videovigilancia - El Regional","isPartOf":{"@id":"http:\/\/elregionalvm.com.ar\/noticias-villa-maria\/#website"},"primaryImageOfPage":{"@id":"https:\/\/elregionalvm.com.ar\/noticias-villa-maria\/comenzo-el-curso-de-operador-de-videovigilancia\/#primaryimage"},"image":{"@id":"https:\/\/elregionalvm.com.ar\/noticias-villa-maria\/comenzo-el-curso-de-operador-de-videovigilancia\/#primaryimage"},"thumbnailUrl":"https:\/\/i0.wp.com\/elregionalvm.com.ar\/noticias-villa-maria\/wp-content\/uploads\/2025\/10\/5d5569333fa844ff9b15de7dc4f17a32.jpeg?fit=800%2C600&ssl=1","datePublished":"2025-10-03T23:24:00+00:00","dateModified":"2025-10-05T23:43:41+00:00","author":{"@id":"http:\/\/elregionalvm.com.ar\/noticias-villa-maria\/#\/schema\/person\/a0fb9c422317faca23d50163151bc354"},"breadcrumb":{"@id":"https:\/\/elregionalvm.com.ar\/noticias-villa-maria\/comenzo-el-curso-de-operador-de-videovigilancia\/#breadcrumb"},"inLanguage":"es","potentialAction":[{"@type":"ReadAction","target":["https:\/\/elregionalvm.com.ar\/noticias-villa-maria\/comenzo-el-curso-de-operador-de-videovigilancia\/"]}]},{"@type":"ImageObject","inLanguage":"es","@id":"https:\/\/elregionalvm.com.ar\/noticias-villa-maria\/comenzo-el-curso-de-operador-de-videovigilancia\/#primaryimage","url":"https:\/\/i0.wp.com\/elregionalvm.com.ar\/noticias-villa-maria\/wp-content\/uploads\/2025\/10\/5d5569333fa844ff9b15de7dc4f17a32.jpeg?fit=800%2C600&ssl=1","contentUrl":"https:\/\/i0.wp.com\/elregionalvm.com.ar\/noticias-villa-maria\/wp-content\/uploads\/2025\/10\/5d5569333fa844ff9b15de7dc4f17a32.jpeg?fit=800%2C600&ssl=1","width":800,"height":600},{"@type":"BreadcrumbList","@id":"https:\/\/elregionalvm.com.ar\/noticias-villa-maria\/comenzo-el-curso-de-operador-de-videovigilancia\/#breadcrumb","itemListElement":[{"@type":"ListItem","position":1,"name":"Portada","item":"https:\/\/elregionalvm.com.ar\/noticias-villa-maria\/"},{"@type":"ListItem","position":2,"name":"Comenz\u00f3 el Curso de Operador de Videovigilancia"}]},{"@type":"WebSite","@id":"http:\/\/elregionalvm.com.ar\/noticias-villa-maria\/#website","url":"http:\/\/elregionalvm.com.ar\/noticias-villa-maria\/","name":"El Regional","description":"Mucho m\u00e1s que informaci\u00f3n","potentialAction":[{"@type":"SearchAction","target":{"@type":"EntryPoint","urlTemplate":"http:\/\/elregionalvm.com.ar\/noticias-villa-maria\/?s={search_term_string}"},"query-input":{"@type":"PropertyValueSpecification","valueRequired":true,"valueName":"search_term_string"}}],"inLanguage":"es"},{"@type":"Person","@id":"http:\/\/elregionalvm.com.ar\/noticias-villa-maria\/#\/schema\/person\/a0fb9c422317faca23d50163151bc354","name":"Contenidos El Regional","image":{"@type":"ImageObject","inLanguage":"es","@id":"http:\/\/elregionalvm.com.ar\/noticias-villa-maria\/#\/schema\/person\/image\/","url":"https:\/\/secure.gravatar.com\/avatar\/265b27cb2209af7bb3a1318f03305787d7981a5cc6e6cd08fe5a4ecdf99d4b48?s=96&d=mm&r=g","contentUrl":"https:\/\/secure.gravatar.com\/avatar\/265b27cb2209af7bb3a1318f03305787d7981a5cc6e6cd08fe5a4ecdf99d4b48?s=96&d=mm&r=g","caption":"Contenidos El Regional"},"url":"https:\/\/elregionalvm.com.ar\/noticias-villa-maria\/author\/contenido\/"}]}},"jetpack_featured_media_url":"https:\/\/i0.wp.com\/elregionalvm.com.ar\/noticias-villa-maria\/wp-content\/uploads\/2025\/10\/5d5569333fa844ff9b15de7dc4f17a32.jpeg?fit=800%2C600&ssl=1","jetpack_sharing_enabled":true,"_links":{"self":[{"href":"https:\/\/elregionalvm.com.ar\/noticias-villa-maria\/wp-json\/wp\/v2\/posts\/110655","targetHints":{"allow":["GET"]}}],"collection":[{"href":"https:\/\/elregionalvm.com.ar\/noticias-villa-maria\/wp-json\/wp\/v2\/posts"}],"about":[{"href":"https:\/\/elregionalvm.com.ar\/noticias-villa-maria\/wp-json\/wp\/v2\/types\/post"}],"author":[{"embeddable":true,"href":"https:\/\/elregionalvm.com.ar\/noticias-villa-maria\/wp-json\/wp\/v2\/users\/4"}],"replies":[{"embeddable":true,"href":"https:\/\/elregionalvm.com.ar\/noticias-villa-maria\/wp-json\/wp\/v2\/comments?post=110655"}],"version-history":[{"count":1,"href":"https:\/\/elregionalvm.com.ar\/noticias-villa-maria\/wp-json\/wp\/v2\/posts\/110655\/revisions"}],"predecessor-version":[{"id":110657,"href":"https:\/\/elregionalvm.com.ar\/noticias-villa-maria\/wp-json\/wp\/v2\/posts\/110655\/revisions\/110657"}],"wp:featuredmedia":[{"embeddable":true,"href":"https:\/\/elregionalvm.com.ar\/noticias-villa-maria\/wp-json\/wp\/v2\/media\/110656"}],"wp:attachment":[{"href":"https:\/\/elregionalvm.com.ar\/noticias-villa-maria\/wp-json\/wp\/v2\/media?parent=110655"}],"wp:term":[{"taxonomy":"category","embeddable":true,"href":"https:\/\/elregionalvm.com.ar\/noticias-villa-maria\/wp-json\/wp\/v2\/categories?post=110655"},{"taxonomy":"post_tag","embeddable":true,"href":"https:\/\/elregionalvm.com.ar\/noticias-villa-maria\/wp-json\/wp\/v2\/tags?post=110655"}],"curies":[{"name":"wp","href":"https:\/\/api.w.org\/{rel}","templated":true}]}}