{"id":110715,"date":"2025-10-07T02:40:42","date_gmt":"2025-10-07T02:40:42","guid":{"rendered":"https:\/\/elregionalvm.com.ar\/noticias-villa-maria\/?p=110715"},"modified":"2025-10-15T01:44:00","modified_gmt":"2025-10-15T01:44:00","slug":"la-infancia-de-los-lideres-cristobal-colon-el-loco","status":"publish","type":"post","link":"https:\/\/elregionalvm.com.ar\/noticias-villa-maria\/la-infancia-de-los-lideres-cristobal-colon-el-loco\/","title":{"rendered":"[La infancia de los l\u00edderes] Crist\u00f3bal Col\u00f3n, el loco&#8230;"},"content":{"rendered":"\n<h3 class=\"wp-block-heading\"><strong>La figura del navegante genov\u00e9s al servicio de Espa\u00f1a es controvertida y pol\u00e9mica. Este 12 de octubre se cumple un nuevo aniversario del desembarco en tierras americanas. A continuaci\u00f3n, se presenta una historia de su infancia, recopilada en el libro \u201c50 Cuentos de Peque\u00f1os\u2026 de Grandes Personalidades\u201d.<\/strong><\/h3>\n\n\n\n<p><\/p>\n\n\n\n<p><strong>Escribe: Prof. Luis Luj\u00e1n<\/strong><\/p>\n\n\n\n<p><\/p>\n\n\n\n<p>Al ni\u00f1o le agradaba el mar. Su mente infantil estaba llena de monstruos y de fantas\u00edas incre\u00edbles, tan sorprendentes que sus padres, en muchas ocasiones, le ordenaban hacer silencio porque si sus m\u00e1s profundos temores eran o\u00eddos por miembros de la Iglesia, posiblemente lo acusar\u00edan de tener una mente sacr\u00edlega.<\/p>\n\n\n\n<p>Pero \u00e9l era un ni\u00f1o y le gustaba el mar. Sus padres, humildes tejedores, eran miembros respetables de esa sociedad burguesa. \u00c9l no deseaba aprender el oficio de sus progenitores y, al parecer, a sus hermanos tampoco.<\/p>\n\n\n\n<p>Al ni\u00f1o s\u00f3lo le gustaba el mar, y tambi\u00e9n a su hermanito mayor, pero las locuras s\u00f3lo eran todas de \u00e9l. \u00bfQu\u00e9 dir\u00eda la Santa Inquisici\u00f3n de sus extra\u00f1as ideas?<\/p>\n\n\n\n<p>Pero era un ni\u00f1o y su mente infantil no ten\u00eda l\u00edmites. Disfrutaba de sus apenas diez a\u00f1os reci\u00e9n cumplidos cuando naveg\u00f3 por primera vez, y presinti\u00f3 que sus sue\u00f1os se har\u00edan realidades a partir de ese preciso instante.<\/p>\n\n\n\n<p>Se pos\u00f3 en la proa de esa nave y mir\u00f3 calladamente hacia el horizonte muy lejano. Y all\u00ed vio c\u00f3mo las nubes lo llamaban a aventurarse m\u00e1s all\u00e1 de los l\u00edmites imponibles de la raz\u00f3n. Era copos de nubes, accidentes del viento, juegos de \u00e1ngeles.<\/p>\n\n\n\n<p><\/p>\n\n\n\n<figure class=\"wp-block-image size-large\"><img data-recalc-dims=\"1\" fetchpriority=\"high\" decoding=\"async\" width=\"1024\" height=\"576\" src=\"https:\/\/i0.wp.com\/elregionalvm.com.ar\/noticias-villa-maria\/wp-content\/uploads\/2025\/10\/Cristobal-colon-1.jpg?resize=1024%2C576&#038;ssl=1\" alt=\"\" class=\"wp-image-110719\"\/><\/figure>\n\n\n\n<p><\/p>\n\n\n\n<p>-\u00a1Capit\u00e1n! \u2013grit\u00f3 el ni\u00f1o- \u00bfQu\u00e9 hay m\u00e1s all\u00e1 de ese horizonte enorme que est\u00e1 a la vista?<\/p>\n\n\n\n<p>-Nada, ni\u00f1o loco, no hay nada all\u00ed, s\u00f3lo agua y m\u00e1s agua.<\/p>\n\n\n\n<p>-\u00bfPero qu\u00e9 hay m\u00e1s all\u00e1 de esas aguas, mi Capit\u00e1n?<\/p>\n\n\n\n<p>-\u00a1Ya te contest\u00e9! Los viajeros que intentaron la aventura de conocer los secretos de los mares jam\u00e1s regresaron.<\/p>\n\n\n\n<p>-\u00a1Pero tiene que haber algo m\u00e1s!<\/p>\n\n\n\n<p>-\u00a1Ni\u00f1o loco, t\u00fa y tus fantas\u00edas!<\/p>\n\n\n\n<p>Cuando regres\u00f3 a su hogar inmediatamente busc\u00f3 a su \u00fanica hermana para contarle sus anhelos, sus deseos, sus presentimientos. Ella lo escuch\u00f3 sin comprender sus delirios y all\u00ed comprob\u00f3 lo que los dem\u00e1s dec\u00edan de \u00e9l, que el pobre ni\u00f1o estaba cada d\u00eda m\u00e1s trastornado por el mar.<\/p>\n\n\n\n<p>-Querido ni\u00f1o, deja ya de tus sue\u00f1os imposibles y regresa a la realidad.<\/p>\n\n\n\n<p>-Pero, hermana, siento en el alma un llamado hacia esos lugares extremos, ver\u00e1s que alg\u00fan d\u00eda me dar\u00e1s t\u00fa la raz\u00f3n.<\/p>\n\n\n\n<p>-Ni\u00f1o, por qu\u00e9 no eres coherente como tu hermano Bartolomeo, que tambi\u00e9n le gusta el mar, pero \u00e9l no ve fantasmas ni musas sobra las aguas, simplemente es un marinero como tantos otros.<\/p>\n\n\n\n<p>Y a partir de all\u00ed una temible preocupaci\u00f3n invadi\u00f3 su hogar. El ni\u00f1o de diez a\u00f1os estaba enloqueciendo. Sus padres lo obligaron a permanecer en una sala solitaria y oscura durante un mes en penitencia por su d\u00e9bil estado mental y espiritual.<\/p>\n\n\n\n<p>El peque\u00f1o no comprend\u00eda por qu\u00e9 le pon\u00edan l\u00edmites a su imaginaci\u00f3n, pero sab\u00eda en su interior que sus padres tem\u00edan que los miembros de su comunidad se enterasen de sus locuras y sus blasfemias.<\/p>\n\n\n\n<p>Un sacerdote se acerc\u00f3 a su hogar y pretendi\u00f3 poner fin a sus locuras. Diez latigazos al amanecer, diez al medio d\u00eda, y otros tantos por las noches hasta que el ni\u00f1o abandonase las ideas que Satan\u00e1s depositaba en su mente.<\/p>\n\n\n\n<p>Toda locura era obra del maligno, del genio del mal. Y si el peque\u00f1o continuaba en sus delirios la Santa Inquisici\u00f3n lo juzgar\u00eda y pondr\u00eda fin a su desequilibro mental conden\u00e1ndolo a morir en la hoguera, como a las brujas y a los falsos profetas.<\/p>\n\n\n\n<p>\u00c9se fue el temor de sus padres, y por eso el ni\u00f1o guard\u00f3 silencio y acall\u00f3 sus sue\u00f1os.<\/p>\n\n\n\n<p>-Dom\u00e9nico y Susanna, su hijo est\u00e1 entrando en un estado de demencia y as\u00ed presentar\u00e9 el informe \u2013dijo el sacerdote a los padres del peque\u00f1o so\u00f1ador.<\/p>\n\n\n\n<p>-\u00a1Gracias! Le agradecemos cualquier favor que pudiese hacer hacia esta familia que no pretende ofender los principios de la Santa Iglesia. \u2013<\/p>\n\n\n\n<p>As\u00ed lo har\u00e9 porque son ustedes una familia muy respetable, pero cuiden en demas\u00eda a su hijo porque sus ideas pueden provocar la ira de los inquisidores.<\/p>\n\n\n\n<p>-\u00a1Lo haremos, s\u00f3lo tiene diez a\u00f1os y muchas fantas\u00edas!<\/p>\n\n\n\n<p><\/p>\n\n\n\n<figure class=\"wp-block-image size-large\"><img data-recalc-dims=\"1\" decoding=\"async\" width=\"1024\" height=\"576\" src=\"https:\/\/i0.wp.com\/elregionalvm.com.ar\/noticias-villa-maria\/wp-content\/uploads\/2021\/02\/cristobal-colon_.jpg?resize=1024%2C576&#038;ssl=1\" alt=\"\" class=\"wp-image-32304\" srcset=\"https:\/\/i0.wp.com\/elregionalvm.com.ar\/noticias-villa-maria\/wp-content\/uploads\/2021\/02\/cristobal-colon_.jpg?resize=1024%2C576&amp;ssl=1 1024w, https:\/\/i0.wp.com\/elregionalvm.com.ar\/noticias-villa-maria\/wp-content\/uploads\/2021\/02\/cristobal-colon_.jpg?resize=300%2C169&amp;ssl=1 300w, https:\/\/i0.wp.com\/elregionalvm.com.ar\/noticias-villa-maria\/wp-content\/uploads\/2021\/02\/cristobal-colon_.jpg?resize=768%2C432&amp;ssl=1 768w, https:\/\/i0.wp.com\/elregionalvm.com.ar\/noticias-villa-maria\/wp-content\/uploads\/2021\/02\/cristobal-colon_.jpg?w=1280&amp;ssl=1 1280w\" sizes=\"(max-width: 1000px) 100vw, 1000px\" \/><\/figure>\n\n\n\n<p><\/p>\n\n\n\n<p>Pero al ni\u00f1o le gustaba el mar. Tal vez no comprendi\u00f3 que sus locuras no eran tales, que sus fantas\u00edas podr\u00edan ser una inesperada realidad, que las quimeras que jugaban en sus noches de silencio eran las que lo llevar\u00edan m\u00e1s all\u00e1 de los mares.<\/p>\n\n\n\n<p>Cuando el joven abandon\u00f3 su ni\u00f1ez, con apenas quince a\u00f1os, nada ni nadie detuvo sus sue\u00f1os de marinero. Primeramente, fue grumete en una galera genovesa. Despu\u00e9s comand\u00f3 su barco. Hab\u00eda algo detr\u00e1s de esas nubes que le dec\u00edan que ten\u00eda que aventurarse al mar.<\/p>\n\n\n\n<p>Jam\u00e1s abandon\u00f3 su locura, jam\u00e1s calm\u00f3 su esp\u00edritu inquieto en noches de desventura. Todos se burlaron de \u00e9l desde su corta edad, el dec\u00edan \u201cel loco\u201d. Pero ese loco desafi\u00f3 con sus demencias a cuantas cortes quisieron sentenciarlo, a cuantas voces intentaron acallarlo.<\/p>\n\n\n\n<p>Era cierto que el loco estaba algo desquiciado por sus ideales. Pocos cre\u00edan en \u00e9l cuando expon\u00eda sus teor\u00edas. S\u00f3lo el viento y las gaviotas acompa\u00f1aban el vuelo de su imaginaci\u00f3n.<\/p>\n\n\n\n<p>Los a\u00f1os pasaban en vano para su ventura y dej\u00f3 olvidado los sue\u00f1os de su vertiginosa infancia. No hab\u00eda lugar para una sola locura en su vida. Todo ese estado delirante lo releg\u00f3 al olvido. La cordura fue su nueva compa\u00f1era. En el largo trajinar de sus d\u00edas en los mares, la desgracia recay\u00f3 sobre \u00e9l.<\/p>\n\n\n\n<p>La nave que comandaba qued\u00f3 envuelta en llamas y el naufragio sucumbi\u00f3 sus sue\u00f1os. Solo en el mar, prendido de un trozo de madera, nad\u00f3 a la deriva durante horas sin saber si saldr\u00eda de esa terrible traves\u00eda. Pero estaba en el mar, y el mar era su vida.<\/p>\n\n\n\n<p>No temi\u00f3. Sigui\u00f3 el vuelo de una gaviota con el anhelo de llegar hacia alguna playa. En su agon\u00eda, el joven marino comprendi\u00f3 que jam\u00e1s debi\u00f3 dejar escapar sus delirios y sus locuras.<\/p>\n\n\n\n<p>Entonces le jur\u00f3 al dios de los cielos, y tambi\u00e9n al dios de los mares, que si le dieran una oportunidad perseguir\u00eda sus locuras m\u00e1s all\u00e1 de ese horizonte azul, seguir\u00eda sus sue\u00f1os hasta hallar un nuevo mundo al otro lado de los oc\u00e9anos, promesa infinitamente imposible para los hombres de su \u00e9poca.<\/p>\n\n\n\n<p>A la ma\u00f1ana siguiente pudo visualizar la costa portuguesa de Lagos, cerca del cabo de San Vicente, y nad\u00f3 hasta all\u00ed. Era el 13 de agosto de 1476.<\/p>\n\n\n\n<p>Salv\u00f3 su vida y as\u00ed, el loco Crist\u00f3foro, cumpli\u00f3 su promesa a los dioses.<\/p>\n","protected":false},"excerpt":{"rendered":"<p>La figura del navegante genov\u00e9s al servicio de Espa\u00f1a es controvertida y pol\u00e9mica. Este 12 de octubre se cumple un nuevo aniversario del desembarco en tierras americanas. A continuaci\u00f3n, se presenta una historia de su infancia, recopilada en el libro \u201c50 Cuentos de Peque\u00f1os\u2026 de Grandes Personalidades\u201d. Escribe: Prof. Luis Luj\u00e1n Al ni\u00f1o le agradaba [&hellip;]<\/p>\n","protected":false},"author":4,"featured_media":110718,"comment_status":"open","ping_status":"open","sticky":false,"template":"","format":"standard","meta":{"site-sidebar-layout":"default","site-content-layout":"","ast-site-content-layout":"default","site-content-style":"default","site-sidebar-style":"default","ast-global-header-display":"","ast-banner-title-visibility":"","ast-main-header-display":"","ast-hfb-above-header-display":"","ast-hfb-below-header-display":"","ast-hfb-mobile-header-display":"","site-post-title":"","ast-breadcrumbs-content":"","ast-featured-img":"","footer-sml-layout":"","ast-disable-related-posts":"","theme-transparent-header-meta":"","adv-header-id-meta":"","stick-header-meta":"","header-above-stick-meta":"","header-main-stick-meta":"","header-below-stick-meta":"","astra-migrate-meta-layouts":"set","ast-page-background-enabled":"default","ast-page-background-meta":{"desktop":{"background-color":"","background-image":"","background-repeat":"repeat","background-position":"center center","background-size":"auto","background-attachment":"scroll","background-type":"","background-media":"","overlay-type":"","overlay-color":"","overlay-opacity":"","overlay-gradient":""},"tablet":{"background-color":"","background-image":"","background-repeat":"repeat","background-position":"center center","background-size":"auto","background-attachment":"scroll","background-type":"","background-media":"","overlay-type":"","overlay-color":"","overlay-opacity":"","overlay-gradient":""},"mobile":{"background-color":"","background-image":"","background-repeat":"repeat","background-position":"center center","background-size":"auto","background-attachment":"scroll","background-type":"","background-media":"","overlay-type":"","overlay-color":"","overlay-opacity":"","overlay-gradient":""}},"ast-content-background-meta":{"desktop":{"background-color":"var(--ast-global-color-5)","background-image":"","background-repeat":"repeat","background-position":"center center","background-size":"auto","background-attachment":"scroll","background-type":"","background-media":"","overlay-type":"","overlay-color":"","overlay-opacity":"","overlay-gradient":""},"tablet":{"background-color":"var(--ast-global-color-5)","background-image":"","background-repeat":"repeat","background-position":"center center","background-size":"auto","background-attachment":"scroll","background-type":"","background-media":"","overlay-type":"","overlay-color":"","overlay-opacity":"","overlay-gradient":""},"mobile":{"background-color":"var(--ast-global-color-5)","background-image":"","background-repeat":"repeat","background-position":"center center","background-size":"auto","background-attachment":"scroll","background-type":"","background-media":"","overlay-type":"","overlay-color":"","overlay-opacity":"","overlay-gradient":""}},"_jetpack_memberships_contains_paid_content":false,"_joinchat":[],"footnotes":""},"categories":[2098,3557],"tags":[4711,5805,16363,19742,2361,5347,14838,25223,15530,25224],"class_list":["post-110715","post","type-post","status-publish","format-standard","has-post-thumbnail","hentry","category-historias","category-tercera","tag-12-de-octubre","tag-america","tag-colon","tag-conquista","tag-espana","tag-infancia","tag-lideres","tag-loco","tag-mar","tag-navegante"],"yoast_head":"<!-- This site is optimized with the Yoast SEO plugin v26.8 - https:\/\/yoast.com\/product\/yoast-seo-wordpress\/ -->\n<title>[La infancia de los l\u00edderes] Crist\u00f3bal Col\u00f3n, el loco... - El Regional<\/title>\n<meta name=\"robots\" content=\"index, follow, max-snippet:-1, max-image-preview:large, max-video-preview:-1\" \/>\n<link rel=\"canonical\" href=\"https:\/\/elregionalvm.com.ar\/noticias-villa-maria\/la-infancia-de-los-lideres-cristobal-colon-el-loco\/\" \/>\n<meta property=\"og:locale\" content=\"es_ES\" \/>\n<meta property=\"og:type\" content=\"article\" \/>\n<meta property=\"og:title\" content=\"[La infancia de los l\u00edderes] Crist\u00f3bal Col\u00f3n, el loco... - El Regional\" \/>\n<meta property=\"og:description\" content=\"La figura del navegante genov\u00e9s al servicio de Espa\u00f1a es controvertida y pol\u00e9mica. Este 12 de octubre se cumple un nuevo aniversario del desembarco en tierras americanas. A continuaci\u00f3n, se presenta una historia de su infancia, recopilada en el libro \u201c50 Cuentos de Peque\u00f1os\u2026 de Grandes Personalidades\u201d. Escribe: Prof. Luis Luj\u00e1n Al ni\u00f1o le agradaba [&hellip;]\" \/>\n<meta property=\"og:url\" content=\"https:\/\/elregionalvm.com.ar\/noticias-villa-maria\/la-infancia-de-los-lideres-cristobal-colon-el-loco\/\" \/>\n<meta property=\"og:site_name\" content=\"El Regional\" \/>\n<meta property=\"article:publisher\" content=\"https:\/\/www.facebook.com\/elregionalvm\" \/>\n<meta property=\"article:published_time\" content=\"2025-10-07T02:40:42+00:00\" \/>\n<meta property=\"article:modified_time\" content=\"2025-10-15T01:44:00+00:00\" \/>\n<meta property=\"og:image\" content=\"https:\/\/elregionalvm.com.ar\/noticias-villa-maria\/wp-content\/uploads\/2025\/10\/Cristobal-colon-2.jpg\" \/>\n\t<meta property=\"og:image:width\" content=\"1240\" \/>\n\t<meta property=\"og:image:height\" content=\"698\" \/>\n\t<meta property=\"og:image:type\" content=\"image\/jpeg\" \/>\n<meta name=\"author\" content=\"Contenidos El Regional\" \/>\n<meta name=\"twitter:card\" content=\"summary_large_image\" \/>\n<meta name=\"twitter:creator\" content=\"@elregionalvm1\" \/>\n<meta name=\"twitter:site\" content=\"@elregionalvm1\" \/>\n<meta name=\"twitter:label1\" content=\"Escrito por\" \/>\n\t<meta name=\"twitter:data1\" content=\"Contenidos El Regional\" \/>\n\t<meta name=\"twitter:label2\" content=\"Tiempo de lectura\" \/>\n\t<meta name=\"twitter:data2\" content=\"6 minutos\" \/>\n<script type=\"application\/ld+json\" class=\"yoast-schema-graph\">{\"@context\":\"https:\/\/schema.org\",\"@graph\":[{\"@type\":\"Article\",\"@id\":\"https:\/\/elregionalvm.com.ar\/noticias-villa-maria\/la-infancia-de-los-lideres-cristobal-colon-el-loco\/#article\",\"isPartOf\":{\"@id\":\"https:\/\/elregionalvm.com.ar\/noticias-villa-maria\/la-infancia-de-los-lideres-cristobal-colon-el-loco\/\"},\"author\":{\"name\":\"Contenidos El Regional\",\"@id\":\"http:\/\/elregionalvm.com.ar\/noticias-villa-maria\/#\/schema\/person\/a0fb9c422317faca23d50163151bc354\"},\"headline\":\"[La infancia de los l\u00edderes] Crist\u00f3bal Col\u00f3n, el loco&#8230;\",\"datePublished\":\"2025-10-07T02:40:42+00:00\",\"dateModified\":\"2025-10-15T01:44:00+00:00\",\"mainEntityOfPage\":{\"@id\":\"https:\/\/elregionalvm.com.ar\/noticias-villa-maria\/la-infancia-de-los-lideres-cristobal-colon-el-loco\/\"},\"wordCount\":1237,\"commentCount\":0,\"image\":{\"@id\":\"https:\/\/elregionalvm.com.ar\/noticias-villa-maria\/la-infancia-de-los-lideres-cristobal-colon-el-loco\/#primaryimage\"},\"thumbnailUrl\":\"https:\/\/i0.wp.com\/elregionalvm.com.ar\/noticias-villa-maria\/wp-content\/uploads\/2025\/10\/Cristobal-colon-2.jpg?fit=1240%2C698&ssl=1\",\"keywords\":[\"12 de octubre\",\"Am\u00e9rica\",\"Col\u00f3n\",\"conquista\",\"Espa\u00f1a\",\"Infancia\",\"l\u00edderes\",\"loco\",\"mar\",\"navegante\"],\"articleSection\":[\"Historias\",\"tercera\"],\"inLanguage\":\"es\",\"potentialAction\":[{\"@type\":\"CommentAction\",\"name\":\"Comment\",\"target\":[\"https:\/\/elregionalvm.com.ar\/noticias-villa-maria\/la-infancia-de-los-lideres-cristobal-colon-el-loco\/#respond\"]}]},{\"@type\":\"WebPage\",\"@id\":\"https:\/\/elregionalvm.com.ar\/noticias-villa-maria\/la-infancia-de-los-lideres-cristobal-colon-el-loco\/\",\"url\":\"https:\/\/elregionalvm.com.ar\/noticias-villa-maria\/la-infancia-de-los-lideres-cristobal-colon-el-loco\/\",\"name\":\"[La infancia de los l\u00edderes] Crist\u00f3bal Col\u00f3n, el loco... - El Regional\",\"isPartOf\":{\"@id\":\"http:\/\/elregionalvm.com.ar\/noticias-villa-maria\/#website\"},\"primaryImageOfPage\":{\"@id\":\"https:\/\/elregionalvm.com.ar\/noticias-villa-maria\/la-infancia-de-los-lideres-cristobal-colon-el-loco\/#primaryimage\"},\"image\":{\"@id\":\"https:\/\/elregionalvm.com.ar\/noticias-villa-maria\/la-infancia-de-los-lideres-cristobal-colon-el-loco\/#primaryimage\"},\"thumbnailUrl\":\"https:\/\/i0.wp.com\/elregionalvm.com.ar\/noticias-villa-maria\/wp-content\/uploads\/2025\/10\/Cristobal-colon-2.jpg?fit=1240%2C698&ssl=1\",\"datePublished\":\"2025-10-07T02:40:42+00:00\",\"dateModified\":\"2025-10-15T01:44:00+00:00\",\"author\":{\"@id\":\"http:\/\/elregionalvm.com.ar\/noticias-villa-maria\/#\/schema\/person\/a0fb9c422317faca23d50163151bc354\"},\"breadcrumb\":{\"@id\":\"https:\/\/elregionalvm.com.ar\/noticias-villa-maria\/la-infancia-de-los-lideres-cristobal-colon-el-loco\/#breadcrumb\"},\"inLanguage\":\"es\",\"potentialAction\":[{\"@type\":\"ReadAction\",\"target\":[\"https:\/\/elregionalvm.com.ar\/noticias-villa-maria\/la-infancia-de-los-lideres-cristobal-colon-el-loco\/\"]}]},{\"@type\":\"ImageObject\",\"inLanguage\":\"es\",\"@id\":\"https:\/\/elregionalvm.com.ar\/noticias-villa-maria\/la-infancia-de-los-lideres-cristobal-colon-el-loco\/#primaryimage\",\"url\":\"https:\/\/i0.wp.com\/elregionalvm.com.ar\/noticias-villa-maria\/wp-content\/uploads\/2025\/10\/Cristobal-colon-2.jpg?fit=1240%2C698&ssl=1\",\"contentUrl\":\"https:\/\/i0.wp.com\/elregionalvm.com.ar\/noticias-villa-maria\/wp-content\/uploads\/2025\/10\/Cristobal-colon-2.jpg?fit=1240%2C698&ssl=1\",\"width\":1240,\"height\":698},{\"@type\":\"BreadcrumbList\",\"@id\":\"https:\/\/elregionalvm.com.ar\/noticias-villa-maria\/la-infancia-de-los-lideres-cristobal-colon-el-loco\/#breadcrumb\",\"itemListElement\":[{\"@type\":\"ListItem\",\"position\":1,\"name\":\"Portada\",\"item\":\"https:\/\/elregionalvm.com.ar\/noticias-villa-maria\/\"},{\"@type\":\"ListItem\",\"position\":2,\"name\":\"[La infancia de los l\u00edderes] Crist\u00f3bal Col\u00f3n, el loco&#8230;\"}]},{\"@type\":\"WebSite\",\"@id\":\"http:\/\/elregionalvm.com.ar\/noticias-villa-maria\/#website\",\"url\":\"http:\/\/elregionalvm.com.ar\/noticias-villa-maria\/\",\"name\":\"El Regional\",\"description\":\"Mucho m\u00e1s que informaci\u00f3n\",\"potentialAction\":[{\"@type\":\"SearchAction\",\"target\":{\"@type\":\"EntryPoint\",\"urlTemplate\":\"http:\/\/elregionalvm.com.ar\/noticias-villa-maria\/?s={search_term_string}\"},\"query-input\":{\"@type\":\"PropertyValueSpecification\",\"valueRequired\":true,\"valueName\":\"search_term_string\"}}],\"inLanguage\":\"es\"},{\"@type\":\"Person\",\"@id\":\"http:\/\/elregionalvm.com.ar\/noticias-villa-maria\/#\/schema\/person\/a0fb9c422317faca23d50163151bc354\",\"name\":\"Contenidos El Regional\",\"image\":{\"@type\":\"ImageObject\",\"inLanguage\":\"es\",\"@id\":\"http:\/\/elregionalvm.com.ar\/noticias-villa-maria\/#\/schema\/person\/image\/\",\"url\":\"https:\/\/secure.gravatar.com\/avatar\/265b27cb2209af7bb3a1318f03305787d7981a5cc6e6cd08fe5a4ecdf99d4b48?s=96&d=mm&r=g\",\"contentUrl\":\"https:\/\/secure.gravatar.com\/avatar\/265b27cb2209af7bb3a1318f03305787d7981a5cc6e6cd08fe5a4ecdf99d4b48?s=96&d=mm&r=g\",\"caption\":\"Contenidos El Regional\"},\"url\":\"https:\/\/elregionalvm.com.ar\/noticias-villa-maria\/author\/contenido\/\"}]}<\/script>\n<!-- \/ Yoast SEO plugin. -->","yoast_head_json":{"title":"[La infancia de los l\u00edderes] Crist\u00f3bal Col\u00f3n, el loco... - El Regional","robots":{"index":"index","follow":"follow","max-snippet":"max-snippet:-1","max-image-preview":"max-image-preview:large","max-video-preview":"max-video-preview:-1"},"canonical":"https:\/\/elregionalvm.com.ar\/noticias-villa-maria\/la-infancia-de-los-lideres-cristobal-colon-el-loco\/","og_locale":"es_ES","og_type":"article","og_title":"[La infancia de los l\u00edderes] Crist\u00f3bal Col\u00f3n, el loco... - El Regional","og_description":"La figura del navegante genov\u00e9s al servicio de Espa\u00f1a es controvertida y pol\u00e9mica. Este 12 de octubre se cumple un nuevo aniversario del desembarco en tierras americanas. A continuaci\u00f3n, se presenta una historia de su infancia, recopilada en el libro \u201c50 Cuentos de Peque\u00f1os\u2026 de Grandes Personalidades\u201d. Escribe: Prof. Luis Luj\u00e1n Al ni\u00f1o le agradaba [&hellip;]","og_url":"https:\/\/elregionalvm.com.ar\/noticias-villa-maria\/la-infancia-de-los-lideres-cristobal-colon-el-loco\/","og_site_name":"El Regional","article_publisher":"https:\/\/www.facebook.com\/elregionalvm","article_published_time":"2025-10-07T02:40:42+00:00","article_modified_time":"2025-10-15T01:44:00+00:00","og_image":[{"width":1240,"height":698,"url":"https:\/\/elregionalvm.com.ar\/noticias-villa-maria\/wp-content\/uploads\/2025\/10\/Cristobal-colon-2.jpg","type":"image\/jpeg"}],"author":"Contenidos El Regional","twitter_card":"summary_large_image","twitter_creator":"@elregionalvm1","twitter_site":"@elregionalvm1","twitter_misc":{"Escrito por":"Contenidos El Regional","Tiempo de lectura":"6 minutos"},"schema":{"@context":"https:\/\/schema.org","@graph":[{"@type":"Article","@id":"https:\/\/elregionalvm.com.ar\/noticias-villa-maria\/la-infancia-de-los-lideres-cristobal-colon-el-loco\/#article","isPartOf":{"@id":"https:\/\/elregionalvm.com.ar\/noticias-villa-maria\/la-infancia-de-los-lideres-cristobal-colon-el-loco\/"},"author":{"name":"Contenidos El Regional","@id":"http:\/\/elregionalvm.com.ar\/noticias-villa-maria\/#\/schema\/person\/a0fb9c422317faca23d50163151bc354"},"headline":"[La infancia de los l\u00edderes] Crist\u00f3bal Col\u00f3n, el loco&#8230;","datePublished":"2025-10-07T02:40:42+00:00","dateModified":"2025-10-15T01:44:00+00:00","mainEntityOfPage":{"@id":"https:\/\/elregionalvm.com.ar\/noticias-villa-maria\/la-infancia-de-los-lideres-cristobal-colon-el-loco\/"},"wordCount":1237,"commentCount":0,"image":{"@id":"https:\/\/elregionalvm.com.ar\/noticias-villa-maria\/la-infancia-de-los-lideres-cristobal-colon-el-loco\/#primaryimage"},"thumbnailUrl":"https:\/\/i0.wp.com\/elregionalvm.com.ar\/noticias-villa-maria\/wp-content\/uploads\/2025\/10\/Cristobal-colon-2.jpg?fit=1240%2C698&ssl=1","keywords":["12 de octubre","Am\u00e9rica","Col\u00f3n","conquista","Espa\u00f1a","Infancia","l\u00edderes","loco","mar","navegante"],"articleSection":["Historias","tercera"],"inLanguage":"es","potentialAction":[{"@type":"CommentAction","name":"Comment","target":["https:\/\/elregionalvm.com.ar\/noticias-villa-maria\/la-infancia-de-los-lideres-cristobal-colon-el-loco\/#respond"]}]},{"@type":"WebPage","@id":"https:\/\/elregionalvm.com.ar\/noticias-villa-maria\/la-infancia-de-los-lideres-cristobal-colon-el-loco\/","url":"https:\/\/elregionalvm.com.ar\/noticias-villa-maria\/la-infancia-de-los-lideres-cristobal-colon-el-loco\/","name":"[La infancia de los l\u00edderes] Crist\u00f3bal Col\u00f3n, el loco... - El Regional","isPartOf":{"@id":"http:\/\/elregionalvm.com.ar\/noticias-villa-maria\/#website"},"primaryImageOfPage":{"@id":"https:\/\/elregionalvm.com.ar\/noticias-villa-maria\/la-infancia-de-los-lideres-cristobal-colon-el-loco\/#primaryimage"},"image":{"@id":"https:\/\/elregionalvm.com.ar\/noticias-villa-maria\/la-infancia-de-los-lideres-cristobal-colon-el-loco\/#primaryimage"},"thumbnailUrl":"https:\/\/i0.wp.com\/elregionalvm.com.ar\/noticias-villa-maria\/wp-content\/uploads\/2025\/10\/Cristobal-colon-2.jpg?fit=1240%2C698&ssl=1","datePublished":"2025-10-07T02:40:42+00:00","dateModified":"2025-10-15T01:44:00+00:00","author":{"@id":"http:\/\/elregionalvm.com.ar\/noticias-villa-maria\/#\/schema\/person\/a0fb9c422317faca23d50163151bc354"},"breadcrumb":{"@id":"https:\/\/elregionalvm.com.ar\/noticias-villa-maria\/la-infancia-de-los-lideres-cristobal-colon-el-loco\/#breadcrumb"},"inLanguage":"es","potentialAction":[{"@type":"ReadAction","target":["https:\/\/elregionalvm.com.ar\/noticias-villa-maria\/la-infancia-de-los-lideres-cristobal-colon-el-loco\/"]}]},{"@type":"ImageObject","inLanguage":"es","@id":"https:\/\/elregionalvm.com.ar\/noticias-villa-maria\/la-infancia-de-los-lideres-cristobal-colon-el-loco\/#primaryimage","url":"https:\/\/i0.wp.com\/elregionalvm.com.ar\/noticias-villa-maria\/wp-content\/uploads\/2025\/10\/Cristobal-colon-2.jpg?fit=1240%2C698&ssl=1","contentUrl":"https:\/\/i0.wp.com\/elregionalvm.com.ar\/noticias-villa-maria\/wp-content\/uploads\/2025\/10\/Cristobal-colon-2.jpg?fit=1240%2C698&ssl=1","width":1240,"height":698},{"@type":"BreadcrumbList","@id":"https:\/\/elregionalvm.com.ar\/noticias-villa-maria\/la-infancia-de-los-lideres-cristobal-colon-el-loco\/#breadcrumb","itemListElement":[{"@type":"ListItem","position":1,"name":"Portada","item":"https:\/\/elregionalvm.com.ar\/noticias-villa-maria\/"},{"@type":"ListItem","position":2,"name":"[La infancia de los l\u00edderes] Crist\u00f3bal Col\u00f3n, el loco&#8230;"}]},{"@type":"WebSite","@id":"http:\/\/elregionalvm.com.ar\/noticias-villa-maria\/#website","url":"http:\/\/elregionalvm.com.ar\/noticias-villa-maria\/","name":"El Regional","description":"Mucho m\u00e1s que informaci\u00f3n","potentialAction":[{"@type":"SearchAction","target":{"@type":"EntryPoint","urlTemplate":"http:\/\/elregionalvm.com.ar\/noticias-villa-maria\/?s={search_term_string}"},"query-input":{"@type":"PropertyValueSpecification","valueRequired":true,"valueName":"search_term_string"}}],"inLanguage":"es"},{"@type":"Person","@id":"http:\/\/elregionalvm.com.ar\/noticias-villa-maria\/#\/schema\/person\/a0fb9c422317faca23d50163151bc354","name":"Contenidos El Regional","image":{"@type":"ImageObject","inLanguage":"es","@id":"http:\/\/elregionalvm.com.ar\/noticias-villa-maria\/#\/schema\/person\/image\/","url":"https:\/\/secure.gravatar.com\/avatar\/265b27cb2209af7bb3a1318f03305787d7981a5cc6e6cd08fe5a4ecdf99d4b48?s=96&d=mm&r=g","contentUrl":"https:\/\/secure.gravatar.com\/avatar\/265b27cb2209af7bb3a1318f03305787d7981a5cc6e6cd08fe5a4ecdf99d4b48?s=96&d=mm&r=g","caption":"Contenidos El Regional"},"url":"https:\/\/elregionalvm.com.ar\/noticias-villa-maria\/author\/contenido\/"}]}},"jetpack_featured_media_url":"https:\/\/i0.wp.com\/elregionalvm.com.ar\/noticias-villa-maria\/wp-content\/uploads\/2025\/10\/Cristobal-colon-2.jpg?fit=1240%2C698&ssl=1","jetpack_sharing_enabled":true,"_links":{"self":[{"href":"https:\/\/elregionalvm.com.ar\/noticias-villa-maria\/wp-json\/wp\/v2\/posts\/110715","targetHints":{"allow":["GET"]}}],"collection":[{"href":"https:\/\/elregionalvm.com.ar\/noticias-villa-maria\/wp-json\/wp\/v2\/posts"}],"about":[{"href":"https:\/\/elregionalvm.com.ar\/noticias-villa-maria\/wp-json\/wp\/v2\/types\/post"}],"author":[{"embeddable":true,"href":"https:\/\/elregionalvm.com.ar\/noticias-villa-maria\/wp-json\/wp\/v2\/users\/4"}],"replies":[{"embeddable":true,"href":"https:\/\/elregionalvm.com.ar\/noticias-villa-maria\/wp-json\/wp\/v2\/comments?post=110715"}],"version-history":[{"count":2,"href":"https:\/\/elregionalvm.com.ar\/noticias-villa-maria\/wp-json\/wp\/v2\/posts\/110715\/revisions"}],"predecessor-version":[{"id":110721,"href":"https:\/\/elregionalvm.com.ar\/noticias-villa-maria\/wp-json\/wp\/v2\/posts\/110715\/revisions\/110721"}],"wp:featuredmedia":[{"embeddable":true,"href":"https:\/\/elregionalvm.com.ar\/noticias-villa-maria\/wp-json\/wp\/v2\/media\/110718"}],"wp:attachment":[{"href":"https:\/\/elregionalvm.com.ar\/noticias-villa-maria\/wp-json\/wp\/v2\/media?parent=110715"}],"wp:term":[{"taxonomy":"category","embeddable":true,"href":"https:\/\/elregionalvm.com.ar\/noticias-villa-maria\/wp-json\/wp\/v2\/categories?post=110715"},{"taxonomy":"post_tag","embeddable":true,"href":"https:\/\/elregionalvm.com.ar\/noticias-villa-maria\/wp-json\/wp\/v2\/tags?post=110715"}],"curies":[{"name":"wp","href":"https:\/\/api.w.org\/{rel}","templated":true}]}}