{"id":111098,"date":"2025-10-20T02:25:23","date_gmt":"2025-10-20T02:25:23","guid":{"rendered":"https:\/\/elregionalvm.com.ar\/noticias-villa-maria\/?p=111098"},"modified":"2025-10-22T15:43:20","modified_gmt":"2025-10-22T15:43:20","slug":"musica-e-historia-la-bejarana-una-zarzuela-para-no-llorar-video","status":"publish","type":"post","link":"https:\/\/elregionalvm.com.ar\/noticias-villa-maria\/musica-e-historia-la-bejarana-una-zarzuela-para-no-llorar-video\/","title":{"rendered":"[M\u00fasica e Historia] La Bejarana, una zarzuela para  no llorar (VIDEO)"},"content":{"rendered":"\n<h3 class=\"wp-block-heading\"><strong><em>\u201cAl soldado de su patria la fortuna le acompa\u00f1a\u201d<\/em><\/strong><strong><em><\/em><\/strong><\/h3>\n\n\n\n<p><\/p>\n\n\n\n<p><strong>Escribe: Leo Mu\u00f1oz<\/strong><\/p>\n\n\n\n<p><\/p>\n\n\n\n<p><strong>La Bejarana<\/strong><\/p>\n\n\n\n<p>Compuesto por Francisco Alonso, el pasodoble \u201cLos Quintos\u201d de la zarzuela \u201cLa Bejarana\u201d fue adoptada en Espa\u00f1a como marcha militar, pasando a conocerse como \u201cla Bejarana\u201d. La zarzuela de referencia se estren\u00f3 en 1924, la grabaci\u00f3n compartida en el art\u00edculo corresponde a la orquesta y coro del Teatro Apolo de Madrid, compa\u00f1\u00eda l\u00edrica a la que estaba integrado Jes\u00fas Men\u00e9ndez, seg\u00fan referencias de Youtube.<\/p>\n\n\n\n<p>La zarzuela se ambienta en 1860 cerca de B\u00e9jar (Salamanca), inspirada en el amor de un joven trabajador y la hija de un rico hombre de campo, precisamente uno de las partes se llama \u201cBejarana, no me llores\u201d, fuente de la obre referida. Una antigua pel\u00edcula, perdida, tambi\u00e9n fue rodada basada en esta zarzuela.<\/p>\n\n\n\n<p><\/p>\n\n\n\n<figure class=\"wp-block-image size-full is-resized\"><img data-recalc-dims=\"1\" fetchpriority=\"high\" decoding=\"async\" width=\"800\" height=\"420\" src=\"https:\/\/i0.wp.com\/elregionalvm.com.ar\/noticias-villa-maria\/wp-content\/uploads\/2025\/10\/cartel-concierto-zarzuela-asociacion-bejarana-.jpg?resize=800%2C420&#038;ssl=1\" alt=\"\" class=\"wp-image-111103\" style=\"width:910px;height:auto\" srcset=\"https:\/\/i0.wp.com\/elregionalvm.com.ar\/noticias-villa-maria\/wp-content\/uploads\/2025\/10\/cartel-concierto-zarzuela-asociacion-bejarana-.jpg?w=800&amp;ssl=1 800w, https:\/\/i0.wp.com\/elregionalvm.com.ar\/noticias-villa-maria\/wp-content\/uploads\/2025\/10\/cartel-concierto-zarzuela-asociacion-bejarana-.jpg?resize=300%2C158&amp;ssl=1 300w, https:\/\/i0.wp.com\/elregionalvm.com.ar\/noticias-villa-maria\/wp-content\/uploads\/2025\/10\/cartel-concierto-zarzuela-asociacion-bejarana-.jpg?resize=768%2C403&amp;ssl=1 768w\" sizes=\"(max-width: 800px) 100vw, 800px\" \/><\/figure>\n\n\n\n<p><\/p>\n\n\n\n<p><strong>Zarzuela<\/strong><\/p>\n\n\n\n<p>La zarzuela es un g\u00e9nero teatral y musical espa\u00f1ol, en el que se alterna di\u00e1logo y canto, origin\u00e1ndose en el Siglo XVII. La diversidad de los temas abordados es notable, la picaresca, lo costumbrista, lo pol\u00edtico, aparecen en sus repertorios.<\/p>\n\n\n\n<p>En diversas pel\u00edculas aparecen zarzuelas, como en la argentina \u201cLa Patagonia Rebelde\u201d en la que la letra se relaciona con la justicia para los trabajadores. Cerca de Madrid se halla el Palacio de la Zarzuela, all\u00ed se presentaron las primeras obras del g\u00e9nero, lo que deriv\u00f3 en que as\u00ed tomara su nombre.<\/p>\n\n\n\n<p>En Argentina el sainete criollo es el fruto del encuentro entre la zarzuela, el tango y el sainete.<\/p>\n\n\n\n<p><\/p>\n\n\n\n<figure class=\"wp-block-embed is-type-video is-provider-youtube wp-block-embed-youtube wp-embed-aspect-16-9 wp-has-aspect-ratio\"><div class=\"wp-block-embed__wrapper\">\n<iframe title=\"Rondalla de los quintos de la zarzuela &quot;La Bejarana&quot; por Jes\u00fas Men\u00e9ndez\" width=\"500\" height=\"281\" src=\"https:\/\/www.youtube.com\/embed\/UBj0NU4iigM?feature=oembed\" frameborder=\"0\" allow=\"accelerometer; autoplay; clipboard-write; encrypted-media; gyroscope; picture-in-picture; web-share\" referrerpolicy=\"strict-origin-when-cross-origin\" allowfullscreen><\/iframe>\n<\/div><\/figure>\n\n\n\n<p><\/p>\n\n\n\n<p><strong>Los Quintos<\/strong><\/p>\n\n\n\n<p>En tiempo del servicio militar obligatorio en Espa\u00f1a, uno de cada cinco j\u00f3venes que cumpl\u00edan la mayor\u00eda de edad, prestaban este servicio, debido a esto se los llamaba \u201clos quintos\u201d, es decir uno de cada cinco.<\/p>\n\n\n\n<p>Sol\u00edan recorrer su poblado cantando y bebiendo, esto se llamaba \u201cla ronda de los quintos\u201d. A\u00fan en la actualidad, en Espa\u00f1a, suele llamarse quintos o fiesta de los quintos a la de aquellos varones que celebran su mayor\u00eda de edad, as\u00ed como realizar la ronda de quintos.<\/p>\n\n\n\n<p> El servicio militar obligatorio espa\u00f1ol termin\u00f3 en 2001, habiendo iniciado a fines del Siglo XVIII.<\/p>\n\n\n\n<p><\/p>\n\n\n\n<figure class=\"wp-block-embed is-type-video is-provider-youtube wp-block-embed-youtube wp-embed-aspect-4-3 wp-has-aspect-ratio\"><div class=\"wp-block-embed__wrapper\">\n<iframe title=\"Marchas Militares de Espa\u00f1a - Los Quintos (La Bejarana)\" width=\"500\" height=\"375\" src=\"https:\/\/www.youtube.com\/embed\/C60ByJDUZhY?feature=oembed\" frameborder=\"0\" allow=\"accelerometer; autoplay; clipboard-write; encrypted-media; gyroscope; picture-in-picture; web-share\" referrerpolicy=\"strict-origin-when-cross-origin\" allowfullscreen><\/iframe>\n<\/div><\/figure>\n\n\n\n<p><\/p>\n\n\n\n<p><strong>Fragmento de la Zarzuela:<\/strong><\/p>\n\n\n\n<p>Sargento:&nbsp; Bejarana, no me llores porque me voy a la guerra. Ya vendr\u00e1n tiempos mejores en que cuides la becerra mientras yo riego la tierra para que t\u00fa tengas flores. Partir\u00e1 mi regimiento porque le toc\u00f3 la suerte, mas no tengas sentimiento que&nbsp;librar\u00e1s&nbsp;de la muerte.<\/p>\n\n\n\n<p>Coro:&nbsp;&nbsp;Bejarana, no me llores porque me voy a la guerra. Ya vendr\u00e1n tiempos mejores en que cuides la becerra mientras yo riego la tierra para que t\u00fa tengas flores. La rondalla de guitarras dice que a las charras brinda su canci\u00f3n. Escuchando, cada moza suspira y solloza llena de aflicci\u00f3n.&nbsp;Si el amor se va, nunca su ilusi\u00f3n volver\u00e1.<\/p>\n\n\n\n<p>Sargento:&nbsp; Al soldado de su patria la fortuna le acompa\u00f1a. La fortuna le acompa\u00f1a. Que el sol de sus&nbsp;manecillas&nbsp;brilla sobre la franja amarilla de la bandera de Espa\u00f1a. De la bandera de Espa\u00f1a.<\/p>\n\n\n\n<p>Coro:&nbsp;Al soldado de su patria la fortuna le acompa\u00f1a. La fortuna le acompa\u00f1a. Que el sol de sus&nbsp;manecillas&nbsp;brilla sobre la franja amarilla de la bandera de Espa\u00f1a. De la bandera de Espa\u00f1a. Bejarana, no me llores.<\/p>\n","protected":false},"excerpt":{"rendered":"<p>\u201cAl soldado de su patria la fortuna le acompa\u00f1a\u201d Escribe: Leo Mu\u00f1oz La Bejarana Compuesto por Francisco Alonso, el pasodoble \u201cLos Quintos\u201d de la zarzuela \u201cLa Bejarana\u201d fue adoptada en Espa\u00f1a como marcha militar, pasando a conocerse como \u201cla Bejarana\u201d. La zarzuela de referencia se estren\u00f3 en 1924, la grabaci\u00f3n compartida en el art\u00edculo corresponde [&hellip;]<\/p>\n","protected":false},"author":4,"featured_media":111102,"comment_status":"open","ping_status":"open","sticky":false,"template":"","format":"standard","meta":{"site-sidebar-layout":"default","site-content-layout":"","ast-site-content-layout":"default","site-content-style":"default","site-sidebar-style":"default","ast-global-header-display":"","ast-banner-title-visibility":"","ast-main-header-display":"","ast-hfb-above-header-display":"","ast-hfb-below-header-display":"","ast-hfb-mobile-header-display":"","site-post-title":"","ast-breadcrumbs-content":"","ast-featured-img":"","footer-sml-layout":"","ast-disable-related-posts":"","theme-transparent-header-meta":"","adv-header-id-meta":"","stick-header-meta":"","header-above-stick-meta":"","header-main-stick-meta":"","header-below-stick-meta":"","astra-migrate-meta-layouts":"set","ast-page-background-enabled":"default","ast-page-background-meta":{"desktop":{"background-color":"","background-image":"","background-repeat":"repeat","background-position":"center center","background-size":"auto","background-attachment":"scroll","background-type":"","background-media":"","overlay-type":"","overlay-color":"","overlay-opacity":"","overlay-gradient":""},"tablet":{"background-color":"","background-image":"","background-repeat":"repeat","background-position":"center center","background-size":"auto","background-attachment":"scroll","background-type":"","background-media":"","overlay-type":"","overlay-color":"","overlay-opacity":"","overlay-gradient":""},"mobile":{"background-color":"","background-image":"","background-repeat":"repeat","background-position":"center center","background-size":"auto","background-attachment":"scroll","background-type":"","background-media":"","overlay-type":"","overlay-color":"","overlay-opacity":"","overlay-gradient":""}},"ast-content-background-meta":{"desktop":{"background-color":"var(--ast-global-color-5)","background-image":"","background-repeat":"repeat","background-position":"center center","background-size":"auto","background-attachment":"scroll","background-type":"","background-media":"","overlay-type":"","overlay-color":"","overlay-opacity":"","overlay-gradient":""},"tablet":{"background-color":"var(--ast-global-color-5)","background-image":"","background-repeat":"repeat","background-position":"center center","background-size":"auto","background-attachment":"scroll","background-type":"","background-media":"","overlay-type":"","overlay-color":"","overlay-opacity":"","overlay-gradient":""},"mobile":{"background-color":"var(--ast-global-color-5)","background-image":"","background-repeat":"repeat","background-position":"center center","background-size":"auto","background-attachment":"scroll","background-type":"","background-media":"","overlay-type":"","overlay-color":"","overlay-opacity":"","overlay-gradient":""}},"_jetpack_memberships_contains_paid_content":false,"_joinchat":[],"footnotes":""},"categories":[2098,3557,2074],"tags":[19,25241,2361,679,25242,2244,25240],"class_list":["post-111098","post","type-post","status-publish","format-standard","has-post-thumbnail","hentry","category-historias","category-tercera","category-videos","tag-amor","tag-bejarana","tag-espana","tag-historia","tag-llorar","tag-musica-e-historia","tag-zarzuela"],"yoast_head":"<!-- This site is optimized with the Yoast SEO plugin v26.8 - https:\/\/yoast.com\/product\/yoast-seo-wordpress\/ -->\n<title>[M\u00fasica e Historia] La Bejarana, una zarzuela para no llorar (VIDEO) - El Regional<\/title>\n<meta name=\"robots\" content=\"index, follow, max-snippet:-1, max-image-preview:large, max-video-preview:-1\" \/>\n<link rel=\"canonical\" href=\"https:\/\/elregionalvm.com.ar\/noticias-villa-maria\/musica-e-historia-la-bejarana-una-zarzuela-para-no-llorar-video\/\" \/>\n<meta property=\"og:locale\" content=\"es_ES\" \/>\n<meta property=\"og:type\" content=\"article\" \/>\n<meta property=\"og:title\" content=\"[M\u00fasica e Historia] La Bejarana, una zarzuela para no llorar (VIDEO) - El Regional\" \/>\n<meta property=\"og:description\" content=\"\u201cAl soldado de su patria la fortuna le acompa\u00f1a\u201d Escribe: Leo Mu\u00f1oz La Bejarana Compuesto por Francisco Alonso, el pasodoble \u201cLos Quintos\u201d de la zarzuela \u201cLa Bejarana\u201d fue adoptada en Espa\u00f1a como marcha militar, pasando a conocerse como \u201cla Bejarana\u201d. La zarzuela de referencia se estren\u00f3 en 1924, la grabaci\u00f3n compartida en el art\u00edculo corresponde [&hellip;]\" \/>\n<meta property=\"og:url\" content=\"https:\/\/elregionalvm.com.ar\/noticias-villa-maria\/musica-e-historia-la-bejarana-una-zarzuela-para-no-llorar-video\/\" \/>\n<meta property=\"og:site_name\" content=\"El Regional\" \/>\n<meta property=\"article:publisher\" content=\"https:\/\/www.facebook.com\/elregionalvm\" \/>\n<meta property=\"article:published_time\" content=\"2025-10-20T02:25:23+00:00\" \/>\n<meta property=\"article:modified_time\" content=\"2025-10-22T15:43:20+00:00\" \/>\n<meta property=\"og:image\" content=\"https:\/\/elregionalvm.com.ar\/noticias-villa-maria\/wp-content\/uploads\/2025\/10\/Zarzuela.jpg\" \/>\n\t<meta property=\"og:image:width\" content=\"1800\" \/>\n\t<meta property=\"og:image:height\" content=\"1200\" \/>\n\t<meta property=\"og:image:type\" content=\"image\/jpeg\" \/>\n<meta name=\"author\" content=\"Contenidos El Regional\" \/>\n<meta name=\"twitter:card\" content=\"summary_large_image\" \/>\n<meta name=\"twitter:creator\" content=\"@elregionalvm1\" \/>\n<meta name=\"twitter:site\" content=\"@elregionalvm1\" \/>\n<meta name=\"twitter:label1\" content=\"Escrito por\" \/>\n\t<meta name=\"twitter:data1\" content=\"Contenidos El Regional\" \/>\n\t<meta name=\"twitter:label2\" content=\"Tiempo de lectura\" \/>\n\t<meta name=\"twitter:data2\" content=\"3 minutos\" \/>\n<script type=\"application\/ld+json\" class=\"yoast-schema-graph\">{\"@context\":\"https:\/\/schema.org\",\"@graph\":[{\"@type\":\"Article\",\"@id\":\"https:\/\/elregionalvm.com.ar\/noticias-villa-maria\/musica-e-historia-la-bejarana-una-zarzuela-para-no-llorar-video\/#article\",\"isPartOf\":{\"@id\":\"https:\/\/elregionalvm.com.ar\/noticias-villa-maria\/musica-e-historia-la-bejarana-una-zarzuela-para-no-llorar-video\/\"},\"author\":{\"name\":\"Contenidos El Regional\",\"@id\":\"http:\/\/elregionalvm.com.ar\/noticias-villa-maria\/#\/schema\/person\/a0fb9c422317faca23d50163151bc354\"},\"headline\":\"[M\u00fasica e Historia] La Bejarana, una zarzuela para no llorar (VIDEO)\",\"datePublished\":\"2025-10-20T02:25:23+00:00\",\"dateModified\":\"2025-10-22T15:43:20+00:00\",\"mainEntityOfPage\":{\"@id\":\"https:\/\/elregionalvm.com.ar\/noticias-villa-maria\/musica-e-historia-la-bejarana-una-zarzuela-para-no-llorar-video\/\"},\"wordCount\":624,\"commentCount\":0,\"image\":{\"@id\":\"https:\/\/elregionalvm.com.ar\/noticias-villa-maria\/musica-e-historia-la-bejarana-una-zarzuela-para-no-llorar-video\/#primaryimage\"},\"thumbnailUrl\":\"https:\/\/i0.wp.com\/elregionalvm.com.ar\/noticias-villa-maria\/wp-content\/uploads\/2025\/10\/Zarzuela.jpg?fit=1800%2C1200&ssl=1\",\"keywords\":[\"amor\",\"Bejarana\",\"Espa\u00f1a\",\"historia\",\"llorar\",\"M\u00fasica e Historia\",\"zarzuela\"],\"articleSection\":[\"Historias\",\"tercera\",\"Videos\"],\"inLanguage\":\"es\",\"potentialAction\":[{\"@type\":\"CommentAction\",\"name\":\"Comment\",\"target\":[\"https:\/\/elregionalvm.com.ar\/noticias-villa-maria\/musica-e-historia-la-bejarana-una-zarzuela-para-no-llorar-video\/#respond\"]}]},{\"@type\":\"WebPage\",\"@id\":\"https:\/\/elregionalvm.com.ar\/noticias-villa-maria\/musica-e-historia-la-bejarana-una-zarzuela-para-no-llorar-video\/\",\"url\":\"https:\/\/elregionalvm.com.ar\/noticias-villa-maria\/musica-e-historia-la-bejarana-una-zarzuela-para-no-llorar-video\/\",\"name\":\"[M\u00fasica e Historia] La Bejarana, una zarzuela para no llorar (VIDEO) - El Regional\",\"isPartOf\":{\"@id\":\"http:\/\/elregionalvm.com.ar\/noticias-villa-maria\/#website\"},\"primaryImageOfPage\":{\"@id\":\"https:\/\/elregionalvm.com.ar\/noticias-villa-maria\/musica-e-historia-la-bejarana-una-zarzuela-para-no-llorar-video\/#primaryimage\"},\"image\":{\"@id\":\"https:\/\/elregionalvm.com.ar\/noticias-villa-maria\/musica-e-historia-la-bejarana-una-zarzuela-para-no-llorar-video\/#primaryimage\"},\"thumbnailUrl\":\"https:\/\/i0.wp.com\/elregionalvm.com.ar\/noticias-villa-maria\/wp-content\/uploads\/2025\/10\/Zarzuela.jpg?fit=1800%2C1200&ssl=1\",\"datePublished\":\"2025-10-20T02:25:23+00:00\",\"dateModified\":\"2025-10-22T15:43:20+00:00\",\"author\":{\"@id\":\"http:\/\/elregionalvm.com.ar\/noticias-villa-maria\/#\/schema\/person\/a0fb9c422317faca23d50163151bc354\"},\"breadcrumb\":{\"@id\":\"https:\/\/elregionalvm.com.ar\/noticias-villa-maria\/musica-e-historia-la-bejarana-una-zarzuela-para-no-llorar-video\/#breadcrumb\"},\"inLanguage\":\"es\",\"potentialAction\":[{\"@type\":\"ReadAction\",\"target\":[\"https:\/\/elregionalvm.com.ar\/noticias-villa-maria\/musica-e-historia-la-bejarana-una-zarzuela-para-no-llorar-video\/\"]}]},{\"@type\":\"ImageObject\",\"inLanguage\":\"es\",\"@id\":\"https:\/\/elregionalvm.com.ar\/noticias-villa-maria\/musica-e-historia-la-bejarana-una-zarzuela-para-no-llorar-video\/#primaryimage\",\"url\":\"https:\/\/i0.wp.com\/elregionalvm.com.ar\/noticias-villa-maria\/wp-content\/uploads\/2025\/10\/Zarzuela.jpg?fit=1800%2C1200&ssl=1\",\"contentUrl\":\"https:\/\/i0.wp.com\/elregionalvm.com.ar\/noticias-villa-maria\/wp-content\/uploads\/2025\/10\/Zarzuela.jpg?fit=1800%2C1200&ssl=1\",\"width\":1800,\"height\":1200},{\"@type\":\"BreadcrumbList\",\"@id\":\"https:\/\/elregionalvm.com.ar\/noticias-villa-maria\/musica-e-historia-la-bejarana-una-zarzuela-para-no-llorar-video\/#breadcrumb\",\"itemListElement\":[{\"@type\":\"ListItem\",\"position\":1,\"name\":\"Portada\",\"item\":\"https:\/\/elregionalvm.com.ar\/noticias-villa-maria\/\"},{\"@type\":\"ListItem\",\"position\":2,\"name\":\"[M\u00fasica e Historia] La Bejarana, una zarzuela para no llorar (VIDEO)\"}]},{\"@type\":\"WebSite\",\"@id\":\"http:\/\/elregionalvm.com.ar\/noticias-villa-maria\/#website\",\"url\":\"http:\/\/elregionalvm.com.ar\/noticias-villa-maria\/\",\"name\":\"El Regional\",\"description\":\"Mucho m\u00e1s que informaci\u00f3n\",\"potentialAction\":[{\"@type\":\"SearchAction\",\"target\":{\"@type\":\"EntryPoint\",\"urlTemplate\":\"http:\/\/elregionalvm.com.ar\/noticias-villa-maria\/?s={search_term_string}\"},\"query-input\":{\"@type\":\"PropertyValueSpecification\",\"valueRequired\":true,\"valueName\":\"search_term_string\"}}],\"inLanguage\":\"es\"},{\"@type\":\"Person\",\"@id\":\"http:\/\/elregionalvm.com.ar\/noticias-villa-maria\/#\/schema\/person\/a0fb9c422317faca23d50163151bc354\",\"name\":\"Contenidos El Regional\",\"image\":{\"@type\":\"ImageObject\",\"inLanguage\":\"es\",\"@id\":\"http:\/\/elregionalvm.com.ar\/noticias-villa-maria\/#\/schema\/person\/image\/\",\"url\":\"https:\/\/secure.gravatar.com\/avatar\/265b27cb2209af7bb3a1318f03305787d7981a5cc6e6cd08fe5a4ecdf99d4b48?s=96&d=mm&r=g\",\"contentUrl\":\"https:\/\/secure.gravatar.com\/avatar\/265b27cb2209af7bb3a1318f03305787d7981a5cc6e6cd08fe5a4ecdf99d4b48?s=96&d=mm&r=g\",\"caption\":\"Contenidos El Regional\"},\"url\":\"https:\/\/elregionalvm.com.ar\/noticias-villa-maria\/author\/contenido\/\"}]}<\/script>\n<!-- \/ Yoast SEO plugin. -->","yoast_head_json":{"title":"[M\u00fasica e Historia] La Bejarana, una zarzuela para no llorar (VIDEO) - El Regional","robots":{"index":"index","follow":"follow","max-snippet":"max-snippet:-1","max-image-preview":"max-image-preview:large","max-video-preview":"max-video-preview:-1"},"canonical":"https:\/\/elregionalvm.com.ar\/noticias-villa-maria\/musica-e-historia-la-bejarana-una-zarzuela-para-no-llorar-video\/","og_locale":"es_ES","og_type":"article","og_title":"[M\u00fasica e Historia] La Bejarana, una zarzuela para no llorar (VIDEO) - El Regional","og_description":"\u201cAl soldado de su patria la fortuna le acompa\u00f1a\u201d Escribe: Leo Mu\u00f1oz La Bejarana Compuesto por Francisco Alonso, el pasodoble \u201cLos Quintos\u201d de la zarzuela \u201cLa Bejarana\u201d fue adoptada en Espa\u00f1a como marcha militar, pasando a conocerse como \u201cla Bejarana\u201d. La zarzuela de referencia se estren\u00f3 en 1924, la grabaci\u00f3n compartida en el art\u00edculo corresponde [&hellip;]","og_url":"https:\/\/elregionalvm.com.ar\/noticias-villa-maria\/musica-e-historia-la-bejarana-una-zarzuela-para-no-llorar-video\/","og_site_name":"El Regional","article_publisher":"https:\/\/www.facebook.com\/elregionalvm","article_published_time":"2025-10-20T02:25:23+00:00","article_modified_time":"2025-10-22T15:43:20+00:00","og_image":[{"width":1800,"height":1200,"url":"https:\/\/elregionalvm.com.ar\/noticias-villa-maria\/wp-content\/uploads\/2025\/10\/Zarzuela.jpg","type":"image\/jpeg"}],"author":"Contenidos El Regional","twitter_card":"summary_large_image","twitter_creator":"@elregionalvm1","twitter_site":"@elregionalvm1","twitter_misc":{"Escrito por":"Contenidos El Regional","Tiempo de lectura":"3 minutos"},"schema":{"@context":"https:\/\/schema.org","@graph":[{"@type":"Article","@id":"https:\/\/elregionalvm.com.ar\/noticias-villa-maria\/musica-e-historia-la-bejarana-una-zarzuela-para-no-llorar-video\/#article","isPartOf":{"@id":"https:\/\/elregionalvm.com.ar\/noticias-villa-maria\/musica-e-historia-la-bejarana-una-zarzuela-para-no-llorar-video\/"},"author":{"name":"Contenidos El Regional","@id":"http:\/\/elregionalvm.com.ar\/noticias-villa-maria\/#\/schema\/person\/a0fb9c422317faca23d50163151bc354"},"headline":"[M\u00fasica e Historia] La Bejarana, una zarzuela para no llorar (VIDEO)","datePublished":"2025-10-20T02:25:23+00:00","dateModified":"2025-10-22T15:43:20+00:00","mainEntityOfPage":{"@id":"https:\/\/elregionalvm.com.ar\/noticias-villa-maria\/musica-e-historia-la-bejarana-una-zarzuela-para-no-llorar-video\/"},"wordCount":624,"commentCount":0,"image":{"@id":"https:\/\/elregionalvm.com.ar\/noticias-villa-maria\/musica-e-historia-la-bejarana-una-zarzuela-para-no-llorar-video\/#primaryimage"},"thumbnailUrl":"https:\/\/i0.wp.com\/elregionalvm.com.ar\/noticias-villa-maria\/wp-content\/uploads\/2025\/10\/Zarzuela.jpg?fit=1800%2C1200&ssl=1","keywords":["amor","Bejarana","Espa\u00f1a","historia","llorar","M\u00fasica e Historia","zarzuela"],"articleSection":["Historias","tercera","Videos"],"inLanguage":"es","potentialAction":[{"@type":"CommentAction","name":"Comment","target":["https:\/\/elregionalvm.com.ar\/noticias-villa-maria\/musica-e-historia-la-bejarana-una-zarzuela-para-no-llorar-video\/#respond"]}]},{"@type":"WebPage","@id":"https:\/\/elregionalvm.com.ar\/noticias-villa-maria\/musica-e-historia-la-bejarana-una-zarzuela-para-no-llorar-video\/","url":"https:\/\/elregionalvm.com.ar\/noticias-villa-maria\/musica-e-historia-la-bejarana-una-zarzuela-para-no-llorar-video\/","name":"[M\u00fasica e Historia] La Bejarana, una zarzuela para no llorar (VIDEO) - El Regional","isPartOf":{"@id":"http:\/\/elregionalvm.com.ar\/noticias-villa-maria\/#website"},"primaryImageOfPage":{"@id":"https:\/\/elregionalvm.com.ar\/noticias-villa-maria\/musica-e-historia-la-bejarana-una-zarzuela-para-no-llorar-video\/#primaryimage"},"image":{"@id":"https:\/\/elregionalvm.com.ar\/noticias-villa-maria\/musica-e-historia-la-bejarana-una-zarzuela-para-no-llorar-video\/#primaryimage"},"thumbnailUrl":"https:\/\/i0.wp.com\/elregionalvm.com.ar\/noticias-villa-maria\/wp-content\/uploads\/2025\/10\/Zarzuela.jpg?fit=1800%2C1200&ssl=1","datePublished":"2025-10-20T02:25:23+00:00","dateModified":"2025-10-22T15:43:20+00:00","author":{"@id":"http:\/\/elregionalvm.com.ar\/noticias-villa-maria\/#\/schema\/person\/a0fb9c422317faca23d50163151bc354"},"breadcrumb":{"@id":"https:\/\/elregionalvm.com.ar\/noticias-villa-maria\/musica-e-historia-la-bejarana-una-zarzuela-para-no-llorar-video\/#breadcrumb"},"inLanguage":"es","potentialAction":[{"@type":"ReadAction","target":["https:\/\/elregionalvm.com.ar\/noticias-villa-maria\/musica-e-historia-la-bejarana-una-zarzuela-para-no-llorar-video\/"]}]},{"@type":"ImageObject","inLanguage":"es","@id":"https:\/\/elregionalvm.com.ar\/noticias-villa-maria\/musica-e-historia-la-bejarana-una-zarzuela-para-no-llorar-video\/#primaryimage","url":"https:\/\/i0.wp.com\/elregionalvm.com.ar\/noticias-villa-maria\/wp-content\/uploads\/2025\/10\/Zarzuela.jpg?fit=1800%2C1200&ssl=1","contentUrl":"https:\/\/i0.wp.com\/elregionalvm.com.ar\/noticias-villa-maria\/wp-content\/uploads\/2025\/10\/Zarzuela.jpg?fit=1800%2C1200&ssl=1","width":1800,"height":1200},{"@type":"BreadcrumbList","@id":"https:\/\/elregionalvm.com.ar\/noticias-villa-maria\/musica-e-historia-la-bejarana-una-zarzuela-para-no-llorar-video\/#breadcrumb","itemListElement":[{"@type":"ListItem","position":1,"name":"Portada","item":"https:\/\/elregionalvm.com.ar\/noticias-villa-maria\/"},{"@type":"ListItem","position":2,"name":"[M\u00fasica e Historia] La Bejarana, una zarzuela para no llorar (VIDEO)"}]},{"@type":"WebSite","@id":"http:\/\/elregionalvm.com.ar\/noticias-villa-maria\/#website","url":"http:\/\/elregionalvm.com.ar\/noticias-villa-maria\/","name":"El Regional","description":"Mucho m\u00e1s que informaci\u00f3n","potentialAction":[{"@type":"SearchAction","target":{"@type":"EntryPoint","urlTemplate":"http:\/\/elregionalvm.com.ar\/noticias-villa-maria\/?s={search_term_string}"},"query-input":{"@type":"PropertyValueSpecification","valueRequired":true,"valueName":"search_term_string"}}],"inLanguage":"es"},{"@type":"Person","@id":"http:\/\/elregionalvm.com.ar\/noticias-villa-maria\/#\/schema\/person\/a0fb9c422317faca23d50163151bc354","name":"Contenidos El Regional","image":{"@type":"ImageObject","inLanguage":"es","@id":"http:\/\/elregionalvm.com.ar\/noticias-villa-maria\/#\/schema\/person\/image\/","url":"https:\/\/secure.gravatar.com\/avatar\/265b27cb2209af7bb3a1318f03305787d7981a5cc6e6cd08fe5a4ecdf99d4b48?s=96&d=mm&r=g","contentUrl":"https:\/\/secure.gravatar.com\/avatar\/265b27cb2209af7bb3a1318f03305787d7981a5cc6e6cd08fe5a4ecdf99d4b48?s=96&d=mm&r=g","caption":"Contenidos El Regional"},"url":"https:\/\/elregionalvm.com.ar\/noticias-villa-maria\/author\/contenido\/"}]}},"jetpack_featured_media_url":"https:\/\/i0.wp.com\/elregionalvm.com.ar\/noticias-villa-maria\/wp-content\/uploads\/2025\/10\/Zarzuela.jpg?fit=1800%2C1200&ssl=1","jetpack_sharing_enabled":true,"_links":{"self":[{"href":"https:\/\/elregionalvm.com.ar\/noticias-villa-maria\/wp-json\/wp\/v2\/posts\/111098","targetHints":{"allow":["GET"]}}],"collection":[{"href":"https:\/\/elregionalvm.com.ar\/noticias-villa-maria\/wp-json\/wp\/v2\/posts"}],"about":[{"href":"https:\/\/elregionalvm.com.ar\/noticias-villa-maria\/wp-json\/wp\/v2\/types\/post"}],"author":[{"embeddable":true,"href":"https:\/\/elregionalvm.com.ar\/noticias-villa-maria\/wp-json\/wp\/v2\/users\/4"}],"replies":[{"embeddable":true,"href":"https:\/\/elregionalvm.com.ar\/noticias-villa-maria\/wp-json\/wp\/v2\/comments?post=111098"}],"version-history":[{"count":4,"href":"https:\/\/elregionalvm.com.ar\/noticias-villa-maria\/wp-json\/wp\/v2\/posts\/111098\/revisions"}],"predecessor-version":[{"id":111104,"href":"https:\/\/elregionalvm.com.ar\/noticias-villa-maria\/wp-json\/wp\/v2\/posts\/111098\/revisions\/111104"}],"wp:featuredmedia":[{"embeddable":true,"href":"https:\/\/elregionalvm.com.ar\/noticias-villa-maria\/wp-json\/wp\/v2\/media\/111102"}],"wp:attachment":[{"href":"https:\/\/elregionalvm.com.ar\/noticias-villa-maria\/wp-json\/wp\/v2\/media?parent=111098"}],"wp:term":[{"taxonomy":"category","embeddable":true,"href":"https:\/\/elregionalvm.com.ar\/noticias-villa-maria\/wp-json\/wp\/v2\/categories?post=111098"},{"taxonomy":"post_tag","embeddable":true,"href":"https:\/\/elregionalvm.com.ar\/noticias-villa-maria\/wp-json\/wp\/v2\/tags?post=111098"}],"curies":[{"name":"wp","href":"https:\/\/api.w.org\/{rel}","templated":true}]}}