{"id":111506,"date":"2025-11-03T01:40:07","date_gmt":"2025-11-03T01:40:07","guid":{"rendered":"https:\/\/elregionalvm.com.ar\/noticias-villa-maria\/?p=111506"},"modified":"2025-11-04T20:28:26","modified_gmt":"2025-11-04T20:28:26","slug":"opinion-el-taxi-cordobes-al-limite-urge-la-intervencion-judicial-para-proteger-el-trabajo-local","status":"publish","type":"post","link":"https:\/\/elregionalvm.com.ar\/noticias-villa-maria\/opinion-el-taxi-cordobes-al-limite-urge-la-intervencion-judicial-para-proteger-el-trabajo-local\/","title":{"rendered":"[Opini\u00f3n] El taxi cordob\u00e9s al l\u00edmite: \u201cUrge la intervenci\u00f3n judicial para proteger el trabajo local\u00bb"},"content":{"rendered":"\n<h3 class=\"wp-block-heading\"><strong>La ciudad de C\u00f3rdoba est\u00e1 siendo testigo, de una silenciosa pero devastadora crisis que amenaza con la extinci\u00f3n de una fuente de trabajo tradicional y vital: el servicio de taxi.<\/strong><\/h3>\n\n\n\n<p><\/p>\n\n\n\n<p><strong>Escribe: Abogado Carlos Cafure<\/strong><\/p>\n\n\n\n<p><\/p>\n\n\n\n<p>La promoci\u00f3n de las plataformas electr\u00f3nicas extranjeras, ha sumido a miles de familias taxistas en una profunda desesperaci\u00f3n, al punto de comprometer la seguridad econ\u00f3mica de sus hogares.<\/p>\n\n\n\n<p>Es inaceptable que, en nuestra propia tierra, los intereses for\u00e1neos sean priorizados por la clase pol\u00edtica, traicionando a los trabajadores locales que han servido a la ciudad por d\u00e9cadas.<\/p>\n\n\n\n<p><strong>La realidad golpea duro en la familia taxista.<\/strong><\/p>\n\n\n\n<p>El ingreso, que antes garantizaba una vida digna, hoy a duras penas permite llevar un plato de comida a la mesa.<\/p>\n\n\n\n<p>Esta crisis es el resultado directo de una pol\u00edtica permisiva, que puso la ganancia extranjera por encima del bienestar cordob\u00e9s. Se est\u00e1 llevando al borde del colapso al transporte p\u00fablico automotor de nuestra ciudad, una pieza fundamental en la movilidad urbana.<\/p>\n\n\n\n<p><\/p>\n\n\n\n<figure class=\"wp-block-image size-full\"><img data-recalc-dims=\"1\" fetchpriority=\"high\" decoding=\"async\" width=\"987\" height=\"555\" src=\"https:\/\/i0.wp.com\/elregionalvm.com.ar\/noticias-villa-maria\/wp-content\/uploads\/2025\/08\/uber-taxi-cordoba-25.jpg?resize=987%2C555&#038;ssl=1\" alt=\"\" class=\"wp-image-109035\" srcset=\"https:\/\/i0.wp.com\/elregionalvm.com.ar\/noticias-villa-maria\/wp-content\/uploads\/2025\/08\/uber-taxi-cordoba-25.jpg?w=987&amp;ssl=1 987w, https:\/\/i0.wp.com\/elregionalvm.com.ar\/noticias-villa-maria\/wp-content\/uploads\/2025\/08\/uber-taxi-cordoba-25.jpg?resize=300%2C169&amp;ssl=1 300w, https:\/\/i0.wp.com\/elregionalvm.com.ar\/noticias-villa-maria\/wp-content\/uploads\/2025\/08\/uber-taxi-cordoba-25.jpg?resize=768%2C432&amp;ssl=1 768w\" sizes=\"(max-width: 987px) 100vw, 987px\" \/><\/figure>\n\n\n\n<p><\/p>\n\n\n\n<p>Las supuestas \u00abinnovaciones\u00bb de estas plataformas no son m\u00e1s que un velo para ocultar grandes irregularidades que operan en detrimento de la ciudadan\u00eda y del Estado:<\/p>\n\n\n\n<p>* Evasi\u00f3n Fiscal: Operan sin domicilio legal en el pa\u00eds y evaden sistem\u00e1ticamente impuestos locales que deber\u00edan contribuir a las arcas provinciales y municipales.<\/p>\n\n\n\n<p>* Competencia Desleal: No cumplen con las mismas exigencias de seguridad, habilitaci\u00f3n, o inspecci\u00f3n t\u00e9cnica rigurosa a las que est\u00e1 sometido el taxi legal.<\/p>\n\n\n\n<p>* Precariedad Laboral: Fomentan una relaci\u00f3n de falso \u00abcolaborador\u00bb para eludir responsabilidades laborales y previsionales con sus conductores.<\/p>\n\n\n\n<p>* Fuga de Divisas: Los beneficios econ\u00f3micos se giran al exterior, sin reinvertirse en la econom\u00eda local.<\/p>\n\n\n\n<p><strong>La esperanza de la familia taxista se deposita en el Poder Judicial de C\u00f3rdoba<\/strong><\/p>\n\n\n\n<p>Ante la inacci\u00f3n o complicidad pol\u00edtica, la esperanza de la familia taxista se deposita en el Poder Judicial de C\u00f3rdoba. Es su deber constitucional y moral proteger el trabajo, un derecho fundamental.<\/p>\n\n\n\n<p>Se le exige a la Justicia que tome cartas en el asunto, que investigue estas flagrantes irregularidades y ponga un freno a esta competencia pirata que destruye empleo. La protecci\u00f3n de las fuentes de trabajo del taxi es, en esencia, la protecci\u00f3n de la econom\u00eda y la dignidad de miles de cordobeses.<\/p>\n\n\n\n<p><\/p>\n\n\n\n<figure class=\"wp-block-image size-full\"><img data-recalc-dims=\"1\" decoding=\"async\" width=\"714\" height=\"909\" src=\"https:\/\/i0.wp.com\/elregionalvm.com.ar\/noticias-villa-maria\/wp-content\/uploads\/2025\/09\/Cafure-y-secretario-sindicato-peones-de-taxis.jpeg?resize=714%2C909&#038;ssl=1\" alt=\"\" class=\"wp-image-110275\" srcset=\"https:\/\/i0.wp.com\/elregionalvm.com.ar\/noticias-villa-maria\/wp-content\/uploads\/2025\/09\/Cafure-y-secretario-sindicato-peones-de-taxis.jpeg?w=714&amp;ssl=1 714w, https:\/\/i0.wp.com\/elregionalvm.com.ar\/noticias-villa-maria\/wp-content\/uploads\/2025\/09\/Cafure-y-secretario-sindicato-peones-de-taxis.jpeg?resize=236%2C300&amp;ssl=1 236w\" sizes=\"(max-width: 714px) 100vw, 714px\" \/><\/figure>\n\n\n\n<p><\/p>\n\n\n\n<p>En este contexto de lucha, la \u00fanica voz que resuena con firmeza es la del Sindicato de Peones de Taxis de C\u00f3rdoba (SIPETACO) y su secretario general, H\u00e9ctor Miguel Arias.<\/p>\n\n\n\n<p>\u00c9l ha emprendido un exhaustivo plan de luchas que abarca el \u00e1mbito legislativo, gremial y judicial. Arias ha sido claro: no descansar\u00e1 hasta erradicar este transporte ilegal a trav\u00e9s de plataformas extranjeras.<\/p>\n\n\n\n<p>El gremio har\u00e1 todo lo que est\u00e9 a su alcance, siempre dentro del marco de las leyes vigentes y el respeto a la Constituci\u00f3n Nacional y Provincial, para devolverle la tranquilidad y la seguridad laboral a la familia taxista.<\/p>\n\n\n\n<p>La dignidad del trabajo cordob\u00e9s no es negociable.<\/p>\n\n\n\n<p><\/p>\n\n\n\n<p><strong><em>(*) Asesor legal del Sindicato de Peones de Taxi de C\u00f3rdoba<\/em><\/strong><\/p>\n","protected":false},"excerpt":{"rendered":"<p>La ciudad de C\u00f3rdoba est\u00e1 siendo testigo, de una silenciosa pero devastadora crisis que amenaza con la extinci\u00f3n de una fuente de trabajo tradicional y vital: el servicio de taxi. Escribe: Abogado Carlos Cafure La promoci\u00f3n de las plataformas electr\u00f3nicas extranjeras, ha sumido a miles de familias taxistas en una profunda desesperaci\u00f3n, al punto de [&hellip;]<\/p>\n","protected":false},"author":4,"featured_media":109034,"comment_status":"open","ping_status":"open","sticky":false,"template":"","format":"standard","meta":{"site-sidebar-layout":"default","site-content-layout":"","ast-site-content-layout":"default","site-content-style":"default","site-sidebar-style":"default","ast-global-header-display":"","ast-banner-title-visibility":"","ast-main-header-display":"","ast-hfb-above-header-display":"","ast-hfb-below-header-display":"","ast-hfb-mobile-header-display":"","site-post-title":"","ast-breadcrumbs-content":"","ast-featured-img":"","footer-sml-layout":"","ast-disable-related-posts":"","theme-transparent-header-meta":"","adv-header-id-meta":"","stick-header-meta":"","header-above-stick-meta":"","header-main-stick-meta":"","header-below-stick-meta":"","astra-migrate-meta-layouts":"set","ast-page-background-enabled":"default","ast-page-background-meta":{"desktop":{"background-color":"","background-image":"","background-repeat":"repeat","background-position":"center center","background-size":"auto","background-attachment":"scroll","background-type":"","background-media":"","overlay-type":"","overlay-color":"","overlay-opacity":"","overlay-gradient":""},"tablet":{"background-color":"","background-image":"","background-repeat":"repeat","background-position":"center center","background-size":"auto","background-attachment":"scroll","background-type":"","background-media":"","overlay-type":"","overlay-color":"","overlay-opacity":"","overlay-gradient":""},"mobile":{"background-color":"","background-image":"","background-repeat":"repeat","background-position":"center center","background-size":"auto","background-attachment":"scroll","background-type":"","background-media":"","overlay-type":"","overlay-color":"","overlay-opacity":"","overlay-gradient":""}},"ast-content-background-meta":{"desktop":{"background-color":"var(--ast-global-color-5)","background-image":"","background-repeat":"repeat","background-position":"center center","background-size":"auto","background-attachment":"scroll","background-type":"","background-media":"","overlay-type":"","overlay-color":"","overlay-opacity":"","overlay-gradient":""},"tablet":{"background-color":"var(--ast-global-color-5)","background-image":"","background-repeat":"repeat","background-position":"center center","background-size":"auto","background-attachment":"scroll","background-type":"","background-media":"","overlay-type":"","overlay-color":"","overlay-opacity":"","overlay-gradient":""},"mobile":{"background-color":"var(--ast-global-color-5)","background-image":"","background-repeat":"repeat","background-position":"center center","background-size":"auto","background-attachment":"scroll","background-type":"","background-media":"","overlay-type":"","overlay-color":"","overlay-opacity":"","overlay-gradient":""}},"_jetpack_memberships_contains_paid_content":false,"_joinchat":[],"footnotes":""},"categories":[365,16095,3557],"tags":[322,814,21710,7480,519,25190,4308,24153],"class_list":["post-111506","post","type-post","status-publish","format-standard","has-post-thumbnail","hentry","category-opinion","category-provinciales","category-tercera","tag-cordoba","tag-crisis","tag-pasajeros","tag-poder-judicial","tag-politica","tag-sindicato","tag-taxis","tag-uber"],"yoast_head":"<!-- This site is optimized with the Yoast SEO plugin v26.8 - https:\/\/yoast.com\/product\/yoast-seo-wordpress\/ -->\n<title>[Opini\u00f3n] El taxi cordob\u00e9s al l\u00edmite: \u201cUrge la intervenci\u00f3n judicial para proteger el trabajo local&quot; - El Regional<\/title>\n<meta name=\"robots\" content=\"index, follow, max-snippet:-1, max-image-preview:large, max-video-preview:-1\" \/>\n<link rel=\"canonical\" href=\"https:\/\/elregionalvm.com.ar\/noticias-villa-maria\/opinion-el-taxi-cordobes-al-limite-urge-la-intervencion-judicial-para-proteger-el-trabajo-local\/\" \/>\n<meta property=\"og:locale\" content=\"es_ES\" \/>\n<meta property=\"og:type\" content=\"article\" \/>\n<meta property=\"og:title\" content=\"[Opini\u00f3n] El taxi cordob\u00e9s al l\u00edmite: \u201cUrge la intervenci\u00f3n judicial para proteger el trabajo local&quot; - El Regional\" \/>\n<meta property=\"og:description\" content=\"La ciudad de C\u00f3rdoba est\u00e1 siendo testigo, de una silenciosa pero devastadora crisis que amenaza con la extinci\u00f3n de una fuente de trabajo tradicional y vital: el servicio de taxi. Escribe: Abogado Carlos Cafure La promoci\u00f3n de las plataformas electr\u00f3nicas extranjeras, ha sumido a miles de familias taxistas en una profunda desesperaci\u00f3n, al punto de [&hellip;]\" \/>\n<meta property=\"og:url\" content=\"https:\/\/elregionalvm.com.ar\/noticias-villa-maria\/opinion-el-taxi-cordobes-al-limite-urge-la-intervencion-judicial-para-proteger-el-trabajo-local\/\" \/>\n<meta property=\"og:site_name\" content=\"El Regional\" \/>\n<meta property=\"article:publisher\" content=\"https:\/\/www.facebook.com\/elregionalvm\" \/>\n<meta property=\"article:published_time\" content=\"2025-11-03T01:40:07+00:00\" \/>\n<meta property=\"article:modified_time\" content=\"2025-11-04T20:28:26+00:00\" \/>\n<meta property=\"og:image\" content=\"https:\/\/elregionalvm.com.ar\/noticias-villa-maria\/wp-content\/uploads\/2025\/08\/Taxis-protestan-contra-Uber-Cordoba.jpg\" \/>\n\t<meta property=\"og:image:width\" content=\"1200\" \/>\n\t<meta property=\"og:image:height\" content=\"900\" \/>\n\t<meta property=\"og:image:type\" content=\"image\/jpeg\" \/>\n<meta name=\"author\" content=\"Contenidos El Regional\" \/>\n<meta name=\"twitter:card\" content=\"summary_large_image\" \/>\n<meta name=\"twitter:creator\" content=\"@elregionalvm1\" \/>\n<meta name=\"twitter:site\" content=\"@elregionalvm1\" \/>\n<meta name=\"twitter:label1\" content=\"Escrito por\" \/>\n\t<meta name=\"twitter:data1\" content=\"Contenidos El Regional\" \/>\n\t<meta name=\"twitter:label2\" content=\"Tiempo de lectura\" \/>\n\t<meta name=\"twitter:data2\" content=\"3 minutos\" \/>\n<script type=\"application\/ld+json\" class=\"yoast-schema-graph\">{\"@context\":\"https:\/\/schema.org\",\"@graph\":[{\"@type\":\"Article\",\"@id\":\"https:\/\/elregionalvm.com.ar\/noticias-villa-maria\/opinion-el-taxi-cordobes-al-limite-urge-la-intervencion-judicial-para-proteger-el-trabajo-local\/#article\",\"isPartOf\":{\"@id\":\"https:\/\/elregionalvm.com.ar\/noticias-villa-maria\/opinion-el-taxi-cordobes-al-limite-urge-la-intervencion-judicial-para-proteger-el-trabajo-local\/\"},\"author\":{\"name\":\"Contenidos El Regional\",\"@id\":\"http:\/\/elregionalvm.com.ar\/noticias-villa-maria\/#\/schema\/person\/a0fb9c422317faca23d50163151bc354\"},\"headline\":\"[Opini\u00f3n] El taxi cordob\u00e9s al l\u00edmite: \u201cUrge la intervenci\u00f3n judicial para proteger el trabajo local\u00bb\",\"datePublished\":\"2025-11-03T01:40:07+00:00\",\"dateModified\":\"2025-11-04T20:28:26+00:00\",\"mainEntityOfPage\":{\"@id\":\"https:\/\/elregionalvm.com.ar\/noticias-villa-maria\/opinion-el-taxi-cordobes-al-limite-urge-la-intervencion-judicial-para-proteger-el-trabajo-local\/\"},\"wordCount\":539,\"commentCount\":0,\"image\":{\"@id\":\"https:\/\/elregionalvm.com.ar\/noticias-villa-maria\/opinion-el-taxi-cordobes-al-limite-urge-la-intervencion-judicial-para-proteger-el-trabajo-local\/#primaryimage\"},\"thumbnailUrl\":\"https:\/\/i0.wp.com\/elregionalvm.com.ar\/noticias-villa-maria\/wp-content\/uploads\/2025\/08\/Taxis-protestan-contra-Uber-Cordoba.jpg?fit=1200%2C900&ssl=1\",\"keywords\":[\"c\u00f3rdoba\",\"crisis\",\"pasajeros\",\"Poder Judicial\",\"Pol\u00edtica\",\"sindicato\",\"Taxis\",\"Uber\"],\"articleSection\":[\"Opini\u00f3n\",\"Provinciales\",\"tercera\"],\"inLanguage\":\"es\",\"potentialAction\":[{\"@type\":\"CommentAction\",\"name\":\"Comment\",\"target\":[\"https:\/\/elregionalvm.com.ar\/noticias-villa-maria\/opinion-el-taxi-cordobes-al-limite-urge-la-intervencion-judicial-para-proteger-el-trabajo-local\/#respond\"]}]},{\"@type\":\"WebPage\",\"@id\":\"https:\/\/elregionalvm.com.ar\/noticias-villa-maria\/opinion-el-taxi-cordobes-al-limite-urge-la-intervencion-judicial-para-proteger-el-trabajo-local\/\",\"url\":\"https:\/\/elregionalvm.com.ar\/noticias-villa-maria\/opinion-el-taxi-cordobes-al-limite-urge-la-intervencion-judicial-para-proteger-el-trabajo-local\/\",\"name\":\"[Opini\u00f3n] El taxi cordob\u00e9s al l\u00edmite: \u201cUrge la intervenci\u00f3n judicial para proteger el trabajo local\\\" - El Regional\",\"isPartOf\":{\"@id\":\"http:\/\/elregionalvm.com.ar\/noticias-villa-maria\/#website\"},\"primaryImageOfPage\":{\"@id\":\"https:\/\/elregionalvm.com.ar\/noticias-villa-maria\/opinion-el-taxi-cordobes-al-limite-urge-la-intervencion-judicial-para-proteger-el-trabajo-local\/#primaryimage\"},\"image\":{\"@id\":\"https:\/\/elregionalvm.com.ar\/noticias-villa-maria\/opinion-el-taxi-cordobes-al-limite-urge-la-intervencion-judicial-para-proteger-el-trabajo-local\/#primaryimage\"},\"thumbnailUrl\":\"https:\/\/i0.wp.com\/elregionalvm.com.ar\/noticias-villa-maria\/wp-content\/uploads\/2025\/08\/Taxis-protestan-contra-Uber-Cordoba.jpg?fit=1200%2C900&ssl=1\",\"datePublished\":\"2025-11-03T01:40:07+00:00\",\"dateModified\":\"2025-11-04T20:28:26+00:00\",\"author\":{\"@id\":\"http:\/\/elregionalvm.com.ar\/noticias-villa-maria\/#\/schema\/person\/a0fb9c422317faca23d50163151bc354\"},\"breadcrumb\":{\"@id\":\"https:\/\/elregionalvm.com.ar\/noticias-villa-maria\/opinion-el-taxi-cordobes-al-limite-urge-la-intervencion-judicial-para-proteger-el-trabajo-local\/#breadcrumb\"},\"inLanguage\":\"es\",\"potentialAction\":[{\"@type\":\"ReadAction\",\"target\":[\"https:\/\/elregionalvm.com.ar\/noticias-villa-maria\/opinion-el-taxi-cordobes-al-limite-urge-la-intervencion-judicial-para-proteger-el-trabajo-local\/\"]}]},{\"@type\":\"ImageObject\",\"inLanguage\":\"es\",\"@id\":\"https:\/\/elregionalvm.com.ar\/noticias-villa-maria\/opinion-el-taxi-cordobes-al-limite-urge-la-intervencion-judicial-para-proteger-el-trabajo-local\/#primaryimage\",\"url\":\"https:\/\/i0.wp.com\/elregionalvm.com.ar\/noticias-villa-maria\/wp-content\/uploads\/2025\/08\/Taxis-protestan-contra-Uber-Cordoba.jpg?fit=1200%2C900&ssl=1\",\"contentUrl\":\"https:\/\/i0.wp.com\/elregionalvm.com.ar\/noticias-villa-maria\/wp-content\/uploads\/2025\/08\/Taxis-protestan-contra-Uber-Cordoba.jpg?fit=1200%2C900&ssl=1\",\"width\":1200,\"height\":900},{\"@type\":\"BreadcrumbList\",\"@id\":\"https:\/\/elregionalvm.com.ar\/noticias-villa-maria\/opinion-el-taxi-cordobes-al-limite-urge-la-intervencion-judicial-para-proteger-el-trabajo-local\/#breadcrumb\",\"itemListElement\":[{\"@type\":\"ListItem\",\"position\":1,\"name\":\"Portada\",\"item\":\"https:\/\/elregionalvm.com.ar\/noticias-villa-maria\/\"},{\"@type\":\"ListItem\",\"position\":2,\"name\":\"[Opini\u00f3n] El taxi cordob\u00e9s al l\u00edmite: \u201cUrge la intervenci\u00f3n judicial para proteger el trabajo local\u00bb\"}]},{\"@type\":\"WebSite\",\"@id\":\"http:\/\/elregionalvm.com.ar\/noticias-villa-maria\/#website\",\"url\":\"http:\/\/elregionalvm.com.ar\/noticias-villa-maria\/\",\"name\":\"El Regional\",\"description\":\"Mucho m\u00e1s que informaci\u00f3n\",\"potentialAction\":[{\"@type\":\"SearchAction\",\"target\":{\"@type\":\"EntryPoint\",\"urlTemplate\":\"http:\/\/elregionalvm.com.ar\/noticias-villa-maria\/?s={search_term_string}\"},\"query-input\":{\"@type\":\"PropertyValueSpecification\",\"valueRequired\":true,\"valueName\":\"search_term_string\"}}],\"inLanguage\":\"es\"},{\"@type\":\"Person\",\"@id\":\"http:\/\/elregionalvm.com.ar\/noticias-villa-maria\/#\/schema\/person\/a0fb9c422317faca23d50163151bc354\",\"name\":\"Contenidos El Regional\",\"image\":{\"@type\":\"ImageObject\",\"inLanguage\":\"es\",\"@id\":\"http:\/\/elregionalvm.com.ar\/noticias-villa-maria\/#\/schema\/person\/image\/\",\"url\":\"https:\/\/secure.gravatar.com\/avatar\/265b27cb2209af7bb3a1318f03305787d7981a5cc6e6cd08fe5a4ecdf99d4b48?s=96&d=mm&r=g\",\"contentUrl\":\"https:\/\/secure.gravatar.com\/avatar\/265b27cb2209af7bb3a1318f03305787d7981a5cc6e6cd08fe5a4ecdf99d4b48?s=96&d=mm&r=g\",\"caption\":\"Contenidos El Regional\"},\"url\":\"https:\/\/elregionalvm.com.ar\/noticias-villa-maria\/author\/contenido\/\"}]}<\/script>\n<!-- \/ Yoast SEO plugin. -->","yoast_head_json":{"title":"[Opini\u00f3n] El taxi cordob\u00e9s al l\u00edmite: \u201cUrge la intervenci\u00f3n judicial para proteger el trabajo local\" - El Regional","robots":{"index":"index","follow":"follow","max-snippet":"max-snippet:-1","max-image-preview":"max-image-preview:large","max-video-preview":"max-video-preview:-1"},"canonical":"https:\/\/elregionalvm.com.ar\/noticias-villa-maria\/opinion-el-taxi-cordobes-al-limite-urge-la-intervencion-judicial-para-proteger-el-trabajo-local\/","og_locale":"es_ES","og_type":"article","og_title":"[Opini\u00f3n] El taxi cordob\u00e9s al l\u00edmite: \u201cUrge la intervenci\u00f3n judicial para proteger el trabajo local\" - El Regional","og_description":"La ciudad de C\u00f3rdoba est\u00e1 siendo testigo, de una silenciosa pero devastadora crisis que amenaza con la extinci\u00f3n de una fuente de trabajo tradicional y vital: el servicio de taxi. Escribe: Abogado Carlos Cafure La promoci\u00f3n de las plataformas electr\u00f3nicas extranjeras, ha sumido a miles de familias taxistas en una profunda desesperaci\u00f3n, al punto de [&hellip;]","og_url":"https:\/\/elregionalvm.com.ar\/noticias-villa-maria\/opinion-el-taxi-cordobes-al-limite-urge-la-intervencion-judicial-para-proteger-el-trabajo-local\/","og_site_name":"El Regional","article_publisher":"https:\/\/www.facebook.com\/elregionalvm","article_published_time":"2025-11-03T01:40:07+00:00","article_modified_time":"2025-11-04T20:28:26+00:00","og_image":[{"width":1200,"height":900,"url":"https:\/\/elregionalvm.com.ar\/noticias-villa-maria\/wp-content\/uploads\/2025\/08\/Taxis-protestan-contra-Uber-Cordoba.jpg","type":"image\/jpeg"}],"author":"Contenidos El Regional","twitter_card":"summary_large_image","twitter_creator":"@elregionalvm1","twitter_site":"@elregionalvm1","twitter_misc":{"Escrito por":"Contenidos El Regional","Tiempo de lectura":"3 minutos"},"schema":{"@context":"https:\/\/schema.org","@graph":[{"@type":"Article","@id":"https:\/\/elregionalvm.com.ar\/noticias-villa-maria\/opinion-el-taxi-cordobes-al-limite-urge-la-intervencion-judicial-para-proteger-el-trabajo-local\/#article","isPartOf":{"@id":"https:\/\/elregionalvm.com.ar\/noticias-villa-maria\/opinion-el-taxi-cordobes-al-limite-urge-la-intervencion-judicial-para-proteger-el-trabajo-local\/"},"author":{"name":"Contenidos El Regional","@id":"http:\/\/elregionalvm.com.ar\/noticias-villa-maria\/#\/schema\/person\/a0fb9c422317faca23d50163151bc354"},"headline":"[Opini\u00f3n] El taxi cordob\u00e9s al l\u00edmite: \u201cUrge la intervenci\u00f3n judicial para proteger el trabajo local\u00bb","datePublished":"2025-11-03T01:40:07+00:00","dateModified":"2025-11-04T20:28:26+00:00","mainEntityOfPage":{"@id":"https:\/\/elregionalvm.com.ar\/noticias-villa-maria\/opinion-el-taxi-cordobes-al-limite-urge-la-intervencion-judicial-para-proteger-el-trabajo-local\/"},"wordCount":539,"commentCount":0,"image":{"@id":"https:\/\/elregionalvm.com.ar\/noticias-villa-maria\/opinion-el-taxi-cordobes-al-limite-urge-la-intervencion-judicial-para-proteger-el-trabajo-local\/#primaryimage"},"thumbnailUrl":"https:\/\/i0.wp.com\/elregionalvm.com.ar\/noticias-villa-maria\/wp-content\/uploads\/2025\/08\/Taxis-protestan-contra-Uber-Cordoba.jpg?fit=1200%2C900&ssl=1","keywords":["c\u00f3rdoba","crisis","pasajeros","Poder Judicial","Pol\u00edtica","sindicato","Taxis","Uber"],"articleSection":["Opini\u00f3n","Provinciales","tercera"],"inLanguage":"es","potentialAction":[{"@type":"CommentAction","name":"Comment","target":["https:\/\/elregionalvm.com.ar\/noticias-villa-maria\/opinion-el-taxi-cordobes-al-limite-urge-la-intervencion-judicial-para-proteger-el-trabajo-local\/#respond"]}]},{"@type":"WebPage","@id":"https:\/\/elregionalvm.com.ar\/noticias-villa-maria\/opinion-el-taxi-cordobes-al-limite-urge-la-intervencion-judicial-para-proteger-el-trabajo-local\/","url":"https:\/\/elregionalvm.com.ar\/noticias-villa-maria\/opinion-el-taxi-cordobes-al-limite-urge-la-intervencion-judicial-para-proteger-el-trabajo-local\/","name":"[Opini\u00f3n] El taxi cordob\u00e9s al l\u00edmite: \u201cUrge la intervenci\u00f3n judicial para proteger el trabajo local\" - El Regional","isPartOf":{"@id":"http:\/\/elregionalvm.com.ar\/noticias-villa-maria\/#website"},"primaryImageOfPage":{"@id":"https:\/\/elregionalvm.com.ar\/noticias-villa-maria\/opinion-el-taxi-cordobes-al-limite-urge-la-intervencion-judicial-para-proteger-el-trabajo-local\/#primaryimage"},"image":{"@id":"https:\/\/elregionalvm.com.ar\/noticias-villa-maria\/opinion-el-taxi-cordobes-al-limite-urge-la-intervencion-judicial-para-proteger-el-trabajo-local\/#primaryimage"},"thumbnailUrl":"https:\/\/i0.wp.com\/elregionalvm.com.ar\/noticias-villa-maria\/wp-content\/uploads\/2025\/08\/Taxis-protestan-contra-Uber-Cordoba.jpg?fit=1200%2C900&ssl=1","datePublished":"2025-11-03T01:40:07+00:00","dateModified":"2025-11-04T20:28:26+00:00","author":{"@id":"http:\/\/elregionalvm.com.ar\/noticias-villa-maria\/#\/schema\/person\/a0fb9c422317faca23d50163151bc354"},"breadcrumb":{"@id":"https:\/\/elregionalvm.com.ar\/noticias-villa-maria\/opinion-el-taxi-cordobes-al-limite-urge-la-intervencion-judicial-para-proteger-el-trabajo-local\/#breadcrumb"},"inLanguage":"es","potentialAction":[{"@type":"ReadAction","target":["https:\/\/elregionalvm.com.ar\/noticias-villa-maria\/opinion-el-taxi-cordobes-al-limite-urge-la-intervencion-judicial-para-proteger-el-trabajo-local\/"]}]},{"@type":"ImageObject","inLanguage":"es","@id":"https:\/\/elregionalvm.com.ar\/noticias-villa-maria\/opinion-el-taxi-cordobes-al-limite-urge-la-intervencion-judicial-para-proteger-el-trabajo-local\/#primaryimage","url":"https:\/\/i0.wp.com\/elregionalvm.com.ar\/noticias-villa-maria\/wp-content\/uploads\/2025\/08\/Taxis-protestan-contra-Uber-Cordoba.jpg?fit=1200%2C900&ssl=1","contentUrl":"https:\/\/i0.wp.com\/elregionalvm.com.ar\/noticias-villa-maria\/wp-content\/uploads\/2025\/08\/Taxis-protestan-contra-Uber-Cordoba.jpg?fit=1200%2C900&ssl=1","width":1200,"height":900},{"@type":"BreadcrumbList","@id":"https:\/\/elregionalvm.com.ar\/noticias-villa-maria\/opinion-el-taxi-cordobes-al-limite-urge-la-intervencion-judicial-para-proteger-el-trabajo-local\/#breadcrumb","itemListElement":[{"@type":"ListItem","position":1,"name":"Portada","item":"https:\/\/elregionalvm.com.ar\/noticias-villa-maria\/"},{"@type":"ListItem","position":2,"name":"[Opini\u00f3n] El taxi cordob\u00e9s al l\u00edmite: \u201cUrge la intervenci\u00f3n judicial para proteger el trabajo local\u00bb"}]},{"@type":"WebSite","@id":"http:\/\/elregionalvm.com.ar\/noticias-villa-maria\/#website","url":"http:\/\/elregionalvm.com.ar\/noticias-villa-maria\/","name":"El Regional","description":"Mucho m\u00e1s que informaci\u00f3n","potentialAction":[{"@type":"SearchAction","target":{"@type":"EntryPoint","urlTemplate":"http:\/\/elregionalvm.com.ar\/noticias-villa-maria\/?s={search_term_string}"},"query-input":{"@type":"PropertyValueSpecification","valueRequired":true,"valueName":"search_term_string"}}],"inLanguage":"es"},{"@type":"Person","@id":"http:\/\/elregionalvm.com.ar\/noticias-villa-maria\/#\/schema\/person\/a0fb9c422317faca23d50163151bc354","name":"Contenidos El Regional","image":{"@type":"ImageObject","inLanguage":"es","@id":"http:\/\/elregionalvm.com.ar\/noticias-villa-maria\/#\/schema\/person\/image\/","url":"https:\/\/secure.gravatar.com\/avatar\/265b27cb2209af7bb3a1318f03305787d7981a5cc6e6cd08fe5a4ecdf99d4b48?s=96&d=mm&r=g","contentUrl":"https:\/\/secure.gravatar.com\/avatar\/265b27cb2209af7bb3a1318f03305787d7981a5cc6e6cd08fe5a4ecdf99d4b48?s=96&d=mm&r=g","caption":"Contenidos El Regional"},"url":"https:\/\/elregionalvm.com.ar\/noticias-villa-maria\/author\/contenido\/"}]}},"jetpack_featured_media_url":"https:\/\/i0.wp.com\/elregionalvm.com.ar\/noticias-villa-maria\/wp-content\/uploads\/2025\/08\/Taxis-protestan-contra-Uber-Cordoba.jpg?fit=1200%2C900&ssl=1","jetpack_sharing_enabled":true,"_links":{"self":[{"href":"https:\/\/elregionalvm.com.ar\/noticias-villa-maria\/wp-json\/wp\/v2\/posts\/111506","targetHints":{"allow":["GET"]}}],"collection":[{"href":"https:\/\/elregionalvm.com.ar\/noticias-villa-maria\/wp-json\/wp\/v2\/posts"}],"about":[{"href":"https:\/\/elregionalvm.com.ar\/noticias-villa-maria\/wp-json\/wp\/v2\/types\/post"}],"author":[{"embeddable":true,"href":"https:\/\/elregionalvm.com.ar\/noticias-villa-maria\/wp-json\/wp\/v2\/users\/4"}],"replies":[{"embeddable":true,"href":"https:\/\/elregionalvm.com.ar\/noticias-villa-maria\/wp-json\/wp\/v2\/comments?post=111506"}],"version-history":[{"count":2,"href":"https:\/\/elregionalvm.com.ar\/noticias-villa-maria\/wp-json\/wp\/v2\/posts\/111506\/revisions"}],"predecessor-version":[{"id":111509,"href":"https:\/\/elregionalvm.com.ar\/noticias-villa-maria\/wp-json\/wp\/v2\/posts\/111506\/revisions\/111509"}],"wp:featuredmedia":[{"embeddable":true,"href":"https:\/\/elregionalvm.com.ar\/noticias-villa-maria\/wp-json\/wp\/v2\/media\/109034"}],"wp:attachment":[{"href":"https:\/\/elregionalvm.com.ar\/noticias-villa-maria\/wp-json\/wp\/v2\/media?parent=111506"}],"wp:term":[{"taxonomy":"category","embeddable":true,"href":"https:\/\/elregionalvm.com.ar\/noticias-villa-maria\/wp-json\/wp\/v2\/categories?post=111506"},{"taxonomy":"post_tag","embeddable":true,"href":"https:\/\/elregionalvm.com.ar\/noticias-villa-maria\/wp-json\/wp\/v2\/tags?post=111506"}],"curies":[{"name":"wp","href":"https:\/\/api.w.org\/{rel}","templated":true}]}}