{"id":111510,"date":"2025-11-03T02:12:42","date_gmt":"2025-11-03T02:12:42","guid":{"rendered":"https:\/\/elregionalvm.com.ar\/noticias-villa-maria\/?p=111510"},"modified":"2025-11-04T21:31:30","modified_gmt":"2025-11-04T21:31:30","slug":"historias-maradona-el-rey-tragico-y-un-cumpleanos-numero-65-que-no-pudo-ser","status":"publish","type":"post","link":"https:\/\/elregionalvm.com.ar\/noticias-villa-maria\/historias-maradona-el-rey-tragico-y-un-cumpleanos-numero-65-que-no-pudo-ser\/","title":{"rendered":"[Historias] Maradona, el rey tr\u00e1gico, y un cumplea\u00f1os n\u00famero 65 que no pudo ser"},"content":{"rendered":"\n<h3 class=\"wp-block-heading\"><strong>El 30 de octubre, Diego Armando Maradona hubiera cumplido 65 a\u00f1os. Pero, no pudo ser. La muerte lo alcanz\u00f3 presurosa casi un mes despu\u00e9s de que cantara los 60. Y se lo llev\u00f3 de la misma manera en que vuelan alto los \u00edconos argentinos: rodeado de misterios, tragedia y pol\u00e9mica.<\/strong><\/h3>\n\n\n\n<p><\/p>\n\n\n\n<p>\u00cddolo de barro con pies de oro y neuronas de plomo, Maradona volvi\u00f3 de la gordura extrema, de la locura y la muerte. Hasta que muri\u00f3, rodeado de pocos amigos, muchas manos negras y una pol\u00e9mica que nunca termina.<\/p>\n\n\n\n<p>Hart\u00f3 a muchos y enloqueci\u00f3 a otros tantos, pero demostr\u00f3 que pudo. A su manera, claro.<\/p>\n\n\n\n<p>Objeto de culto del espect\u00e1culo aut\u00f3ctono y global, era -lo es- una divinidad a quien millones de argentinos y for\u00e1neos rinden tributo pagano.<\/p>\n\n\n\n<p>\u00c9l, como pocos, sab\u00eda que el show deb\u00eda continuar.<\/p>\n\n\n\n<p>Con 60 pirulos encima, hace cinco a\u00f1os apenas pod\u00eda caminar y coordinar una oraci\u00f3n completa sin trastabillar en el intento. Pero segu\u00eda siendo el rey. Aunque estuviera al borde de la muerte sin saberlo.<\/p>\n\n\n\n<p>Un rey bien argentino, con un trono acondicionado para \u00e9l en un costado de la cancha y otro m\u00e1s que ser\u00e1 eterno en el imaginario colectivo.<\/p>\n\n\n\n<p><\/p>\n\n\n\n<figure class=\"wp-block-image size-large\"><img data-recalc-dims=\"1\" fetchpriority=\"high\" decoding=\"async\" width=\"1024\" height=\"576\" src=\"https:\/\/i0.wp.com\/elregionalvm.com.ar\/noticias-villa-maria\/wp-content\/uploads\/2020\/11\/Maradona-levanta-la-copa-del-Mundo.jpg?resize=1024%2C576&#038;ssl=1\" alt=\"\" class=\"wp-image-28214\" srcset=\"https:\/\/i0.wp.com\/elregionalvm.com.ar\/noticias-villa-maria\/wp-content\/uploads\/2020\/11\/Maradona-levanta-la-copa-del-Mundo.jpg?resize=1024%2C576&amp;ssl=1 1024w, https:\/\/i0.wp.com\/elregionalvm.com.ar\/noticias-villa-maria\/wp-content\/uploads\/2020\/11\/Maradona-levanta-la-copa-del-Mundo.jpg?resize=300%2C169&amp;ssl=1 300w, https:\/\/i0.wp.com\/elregionalvm.com.ar\/noticias-villa-maria\/wp-content\/uploads\/2020\/11\/Maradona-levanta-la-copa-del-Mundo.jpg?resize=768%2C432&amp;ssl=1 768w, https:\/\/i0.wp.com\/elregionalvm.com.ar\/noticias-villa-maria\/wp-content\/uploads\/2020\/11\/Maradona-levanta-la-copa-del-Mundo.jpg?w=1200&amp;ssl=1 1200w\" sizes=\"(max-width: 1000px) 100vw, 1000px\" \/><\/figure>\n\n\n\n<p><\/p>\n\n\n\n<p>Bar\u00f3n de Villa Fiorito, rey de N\u00e1poles, amo y se\u00f1or en los emiratos \u00e1rabes, soberano indiscutido en la patria chica del narco mexicano.<\/p>\n\n\n\n<p>Rey de reyes sin corona.<\/p>\n\n\n\n<p>Del planeta entero y de las galaxias vecinas.<\/p>\n\n\n\n<p>Uno de sus apodos m\u00e1s c\u00e9lebres, Dios\u2026<\/p>\n\n\n\n<p><\/p>\n\n\n\n<p><strong>A imagen y semejanza<\/strong><\/p>\n\n\n\n<p><\/p>\n\n\n\n<p>Maradona no se invent\u00f3 a s\u00ed mismo. La magia de sus botines y su arrebato neuronal aportaron lo suyo, pero \u00e9l es producto de una planificada creaci\u00f3n de la sociedad argentina.<\/p>\n\n\n\n<p>Construido a imagen y semejanza de un pueblo que necesita abrazarse a un manto protector, Maradona simboliza lo que los t\u00f3tems representaban para las tribus abor\u00edgenes de Am\u00e9rica del Norte y lo que los dioses de barro y oro encarnaban para los pueblos del antiguo Oriente.<\/p>\n\n\n\n<p>\u00bfDios pagano, mito, objeto de culto? Tal vez. \u201cBarrilete c\u00f3smico\u201d fue uno de los tantos apodos que recibi\u00f3 en la tarde que contra los ingleses cada rinc\u00f3n del planeta conoci\u00f3 \u201cla mano de Dios\u201d.<\/p>\n\n\n\n<p><\/p>\n\n\n\n<figure class=\"wp-block-image size-full\"><img data-recalc-dims=\"1\" decoding=\"async\" width=\"1000\" height=\"562\" src=\"https:\/\/i0.wp.com\/elregionalvm.com.ar\/noticias-villa-maria\/wp-content\/uploads\/2021\/06\/Maradona-festejo-gol-ingleses.jpg?resize=1000%2C562&#038;ssl=1\" alt=\"\" class=\"wp-image-39828\" srcset=\"https:\/\/i0.wp.com\/elregionalvm.com.ar\/noticias-villa-maria\/wp-content\/uploads\/2021\/06\/Maradona-festejo-gol-ingleses.jpg?w=1000&amp;ssl=1 1000w, https:\/\/i0.wp.com\/elregionalvm.com.ar\/noticias-villa-maria\/wp-content\/uploads\/2021\/06\/Maradona-festejo-gol-ingleses.jpg?resize=300%2C169&amp;ssl=1 300w, https:\/\/i0.wp.com\/elregionalvm.com.ar\/noticias-villa-maria\/wp-content\/uploads\/2021\/06\/Maradona-festejo-gol-ingleses.jpg?resize=768%2C432&amp;ssl=1 768w\" sizes=\"(max-width: 1000px) 100vw, 1000px\" \/><\/figure>\n\n\n\n<p><\/p>\n\n\n\n<p>Desde ese momento, si Pel\u00e9, el gran \u00edcono del f\u00fatbol brasile\u00f1o, era \u201cEl Rey\u201d, el 10 argentino, no pod\u00eda ser menos que \u201cDios\u201d.<\/p>\n\n\n\n<p>Diego hac\u00eda rato que hab\u00eda dejado de ser el pibe de Villa Fiorito y el hijo de Do\u00f1a Tota, y el pap\u00e1 de Dalma y Giannina, que eran lo que m\u00e1s quer\u00eda. Y ya casi nadie se acordaba de cuando destilaba el barro de los potreros.<\/p>\n\n\n\n<p><\/p>\n\n\n\n<p><strong>Cerca del cielo<\/strong>&#8230; <strong>y del infierno<\/strong><\/p>\n\n\n\n<p><\/p>\n\n\n\n<p>Los argentinos, al igual que los griegos de la Antig\u00fcedad, dotamos a nuestras deidades terrenales con los atributos que jam\u00e1s hallaremos en nosotros y con nuestros m\u00e1s terribles defectos.<\/p>\n\n\n\n<p>Por eso, no result\u00f3 casual el endiosamiento de Maradona. Elevado al nivel de divinidad, en su figura se condensan nuestras miserias y nuestros deseos, nuestras esperanzas y nuestras contradicciones. Y en este juego de paradojas, es venerado, pero tambi\u00e9n odiado.<\/p>\n\n\n\n<p>Los integrantes del Olimpo no s\u00f3lo se parec\u00edan a los hombres, sino que estaban en contacto con ellos. Divinidades caprichosas, impredecibles, a veces crueles y vengativas, distaban mucho de ser perfectas, pero eran adoradas por su gente.<\/p>\n\n\n\n<p>El gran pueblo argentino -\u00a1Salud!- lo adoraba, se espant\u00f3 de su gordura, pero no de su adicci\u00f3n a la coca\u00edna.<\/p>\n\n\n\n<p><\/p>\n\n\n\n<figure class=\"wp-block-image size-large\"><img data-recalc-dims=\"1\" decoding=\"async\" width=\"1024\" height=\"576\" src=\"https:\/\/i0.wp.com\/elregionalvm.com.ar\/noticias-villa-maria\/wp-content\/uploads\/2020\/11\/Maradona-Dios.jpg?resize=1024%2C576&#038;ssl=1\" alt=\"\" class=\"wp-image-28179\" srcset=\"https:\/\/i0.wp.com\/elregionalvm.com.ar\/noticias-villa-maria\/wp-content\/uploads\/2020\/11\/Maradona-Dios.jpg?resize=1024%2C576&amp;ssl=1 1024w, https:\/\/i0.wp.com\/elregionalvm.com.ar\/noticias-villa-maria\/wp-content\/uploads\/2020\/11\/Maradona-Dios.jpg?resize=300%2C169&amp;ssl=1 300w, https:\/\/i0.wp.com\/elregionalvm.com.ar\/noticias-villa-maria\/wp-content\/uploads\/2020\/11\/Maradona-Dios.jpg?resize=768%2C432&amp;ssl=1 768w, https:\/\/i0.wp.com\/elregionalvm.com.ar\/noticias-villa-maria\/wp-content\/uploads\/2020\/11\/Maradona-Dios.jpg?resize=1536%2C864&amp;ssl=1 1536w, https:\/\/i0.wp.com\/elregionalvm.com.ar\/noticias-villa-maria\/wp-content\/uploads\/2020\/11\/Maradona-Dios.jpg?w=1920&amp;ssl=1 1920w\" sizes=\"(max-width: 1000px) 100vw, 1000px\" \/><\/figure>\n\n\n\n<p><\/p>\n\n\n\n<p>Y como demandaba la tradicional necroficilia rioplatense, Maradona no pod\u00eda morir pobre, como el resto de los mortales si quer\u00eda pasar a la posteridad.<\/p>\n\n\n\n<p>Maradona es un mito viviente, una leyenda de carne y hueso port mortem, un patrimonio de la humanidad con sello de exportaci\u00f3n argentino.<\/p>\n\n\n\n<p>Fue dios plagado de varios vicios y algunas virtudes, amado, venerado, pero tambi\u00e9n odiado y ninguneado casi en la misma proporci\u00f3n.<\/p>\n\n\n\n<p>Por eso lo queremos tanto. Por eso lo odiamos tanto. Porque es igual que todos nosotros. En nuestros aciertos, en nuestras contradicciones y en nuestras diferencias.<\/p>\n\n\n\n<p>Por eso el final de sus d\u00edas no pod\u00eda ser menos tr\u00e1gico.<\/p>\n\n\n\n<p>De esa forma ingres\u00f3 para siempre en la selecta -y atormentada- galer\u00eda de los eternos mitos argentinos.<\/p>\n\n\n\n<p>Aunque no haya ning\u00fan otro que se le parezca.<\/p>\n","protected":false},"excerpt":{"rendered":"<p>El 30 de octubre, Diego Armando Maradona hubiera cumplido 65 a\u00f1os. Pero, no pudo ser. La muerte lo alcanz\u00f3 presurosa casi un mes despu\u00e9s de que cantara los 60. Y se lo llev\u00f3 de la misma manera en que vuelan alto los \u00edconos argentinos: rodeado de misterios, tragedia y pol\u00e9mica. \u00cddolo de barro con pies [&hellip;]<\/p>\n","protected":false},"author":6,"featured_media":111512,"comment_status":"open","ping_status":"open","sticky":false,"template":"","format":"standard","meta":{"site-sidebar-layout":"default","site-content-layout":"","ast-site-content-layout":"default","site-content-style":"default","site-sidebar-style":"default","ast-global-header-display":"","ast-banner-title-visibility":"","ast-main-header-display":"","ast-hfb-above-header-display":"","ast-hfb-below-header-display":"","ast-hfb-mobile-header-display":"","site-post-title":"","ast-breadcrumbs-content":"","ast-featured-img":"","footer-sml-layout":"","ast-disable-related-posts":"","theme-transparent-header-meta":"","adv-header-id-meta":"","stick-header-meta":"","header-above-stick-meta":"","header-main-stick-meta":"","header-below-stick-meta":"","astra-migrate-meta-layouts":"set","ast-page-background-enabled":"default","ast-page-background-meta":{"desktop":{"background-color":"","background-image":"","background-repeat":"repeat","background-position":"center center","background-size":"auto","background-attachment":"scroll","background-type":"","background-media":"","overlay-type":"","overlay-color":"","overlay-opacity":"","overlay-gradient":""},"tablet":{"background-color":"","background-image":"","background-repeat":"repeat","background-position":"center center","background-size":"auto","background-attachment":"scroll","background-type":"","background-media":"","overlay-type":"","overlay-color":"","overlay-opacity":"","overlay-gradient":""},"mobile":{"background-color":"","background-image":"","background-repeat":"repeat","background-position":"center center","background-size":"auto","background-attachment":"scroll","background-type":"","background-media":"","overlay-type":"","overlay-color":"","overlay-opacity":"","overlay-gradient":""}},"ast-content-background-meta":{"desktop":{"background-color":"var(--ast-global-color-5)","background-image":"","background-repeat":"repeat","background-position":"center center","background-size":"auto","background-attachment":"scroll","background-type":"","background-media":"","overlay-type":"","overlay-color":"","overlay-opacity":"","overlay-gradient":""},"tablet":{"background-color":"var(--ast-global-color-5)","background-image":"","background-repeat":"repeat","background-position":"center center","background-size":"auto","background-attachment":"scroll","background-type":"","background-media":"","overlay-type":"","overlay-color":"","overlay-opacity":"","overlay-gradient":""},"mobile":{"background-color":"var(--ast-global-color-5)","background-image":"","background-repeat":"repeat","background-position":"center center","background-size":"auto","background-attachment":"scroll","background-type":"","background-media":"","overlay-type":"","overlay-color":"","overlay-opacity":"","overlay-gradient":""}},"_jetpack_memberships_contains_paid_content":false,"_joinchat":[],"footnotes":""},"categories":[2098,3557],"tags":[1223,3249,340,677,100,5005,348],"class_list":["post-111510","post","type-post","status-publish","format-standard","has-post-thumbnail","hentry","category-historias","category-tercera","tag-aniversario","tag-cumpleanos","tag-futbol","tag-maradona","tag-muerte","tag-rey","tag-tragedia"],"yoast_head":"<!-- This site is optimized with the Yoast SEO plugin v26.8 - https:\/\/yoast.com\/product\/yoast-seo-wordpress\/ -->\n<title>[Historias] Maradona, el rey tr\u00e1gico, y un cumplea\u00f1os n\u00famero 65 que no pudo ser - El Regional<\/title>\n<meta name=\"robots\" content=\"index, follow, max-snippet:-1, max-image-preview:large, max-video-preview:-1\" \/>\n<link rel=\"canonical\" href=\"https:\/\/elregionalvm.com.ar\/noticias-villa-maria\/historias-maradona-el-rey-tragico-y-un-cumpleanos-numero-65-que-no-pudo-ser\/\" \/>\n<meta property=\"og:locale\" content=\"es_ES\" \/>\n<meta property=\"og:type\" content=\"article\" \/>\n<meta property=\"og:title\" content=\"[Historias] Maradona, el rey tr\u00e1gico, y un cumplea\u00f1os n\u00famero 65 que no pudo ser - El Regional\" \/>\n<meta property=\"og:description\" content=\"El 30 de octubre, Diego Armando Maradona hubiera cumplido 65 a\u00f1os. Pero, no pudo ser. La muerte lo alcanz\u00f3 presurosa casi un mes despu\u00e9s de que cantara los 60. Y se lo llev\u00f3 de la misma manera en que vuelan alto los \u00edconos argentinos: rodeado de misterios, tragedia y pol\u00e9mica. \u00cddolo de barro con pies [&hellip;]\" \/>\n<meta property=\"og:url\" content=\"https:\/\/elregionalvm.com.ar\/noticias-villa-maria\/historias-maradona-el-rey-tragico-y-un-cumpleanos-numero-65-que-no-pudo-ser\/\" \/>\n<meta property=\"og:site_name\" content=\"El Regional\" \/>\n<meta property=\"article:publisher\" content=\"https:\/\/www.facebook.com\/elregionalvm\" \/>\n<meta property=\"article:published_time\" content=\"2025-11-03T02:12:42+00:00\" \/>\n<meta property=\"article:modified_time\" content=\"2025-11-04T21:31:30+00:00\" \/>\n<meta property=\"og:image\" content=\"https:\/\/elregionalvm.com.ar\/noticias-villa-maria\/wp-content\/uploads\/2025\/11\/Maradona-pelota-cabeza.jpg\" \/>\n\t<meta property=\"og:image:width\" content=\"1024\" \/>\n\t<meta property=\"og:image:height\" content=\"683\" \/>\n\t<meta property=\"og:image:type\" content=\"image\/jpeg\" \/>\n<meta name=\"author\" content=\"Germ\u00e1n Giacchero\" \/>\n<meta name=\"twitter:card\" content=\"summary_large_image\" \/>\n<meta name=\"twitter:creator\" content=\"@elregionalvm1\" \/>\n<meta name=\"twitter:site\" content=\"@elregionalvm1\" \/>\n<meta name=\"twitter:label1\" content=\"Escrito por\" \/>\n\t<meta name=\"twitter:data1\" content=\"Germ\u00e1n Giacchero\" \/>\n\t<meta name=\"twitter:label2\" content=\"Tiempo de lectura\" \/>\n\t<meta name=\"twitter:data2\" content=\"4 minutos\" \/>\n<script type=\"application\/ld+json\" class=\"yoast-schema-graph\">{\"@context\":\"https:\/\/schema.org\",\"@graph\":[{\"@type\":\"Article\",\"@id\":\"https:\/\/elregionalvm.com.ar\/noticias-villa-maria\/historias-maradona-el-rey-tragico-y-un-cumpleanos-numero-65-que-no-pudo-ser\/#article\",\"isPartOf\":{\"@id\":\"https:\/\/elregionalvm.com.ar\/noticias-villa-maria\/historias-maradona-el-rey-tragico-y-un-cumpleanos-numero-65-que-no-pudo-ser\/\"},\"author\":{\"name\":\"Germ\u00e1n Giacchero\",\"@id\":\"http:\/\/elregionalvm.com.ar\/noticias-villa-maria\/#\/schema\/person\/d5e4b04966154131701e52c45d3efec9\"},\"headline\":\"[Historias] Maradona, el rey tr\u00e1gico, y un cumplea\u00f1os n\u00famero 65 que no pudo ser\",\"datePublished\":\"2025-11-03T02:12:42+00:00\",\"dateModified\":\"2025-11-04T21:31:30+00:00\",\"mainEntityOfPage\":{\"@id\":\"https:\/\/elregionalvm.com.ar\/noticias-villa-maria\/historias-maradona-el-rey-tragico-y-un-cumpleanos-numero-65-que-no-pudo-ser\/\"},\"wordCount\":752,\"commentCount\":0,\"image\":{\"@id\":\"https:\/\/elregionalvm.com.ar\/noticias-villa-maria\/historias-maradona-el-rey-tragico-y-un-cumpleanos-numero-65-que-no-pudo-ser\/#primaryimage\"},\"thumbnailUrl\":\"https:\/\/i0.wp.com\/elregionalvm.com.ar\/noticias-villa-maria\/wp-content\/uploads\/2025\/11\/Maradona-pelota-cabeza.jpg?fit=1024%2C683&ssl=1\",\"keywords\":[\"Aniversario\",\"Cumplea\u00f1os\",\"f\u00fatbol\",\"Maradona\",\"muerte\",\"Rey\",\"tragedia\"],\"articleSection\":[\"Historias\",\"tercera\"],\"inLanguage\":\"es\",\"potentialAction\":[{\"@type\":\"CommentAction\",\"name\":\"Comment\",\"target\":[\"https:\/\/elregionalvm.com.ar\/noticias-villa-maria\/historias-maradona-el-rey-tragico-y-un-cumpleanos-numero-65-que-no-pudo-ser\/#respond\"]}]},{\"@type\":\"WebPage\",\"@id\":\"https:\/\/elregionalvm.com.ar\/noticias-villa-maria\/historias-maradona-el-rey-tragico-y-un-cumpleanos-numero-65-que-no-pudo-ser\/\",\"url\":\"https:\/\/elregionalvm.com.ar\/noticias-villa-maria\/historias-maradona-el-rey-tragico-y-un-cumpleanos-numero-65-que-no-pudo-ser\/\",\"name\":\"[Historias] Maradona, el rey tr\u00e1gico, y un cumplea\u00f1os n\u00famero 65 que no pudo ser - El Regional\",\"isPartOf\":{\"@id\":\"http:\/\/elregionalvm.com.ar\/noticias-villa-maria\/#website\"},\"primaryImageOfPage\":{\"@id\":\"https:\/\/elregionalvm.com.ar\/noticias-villa-maria\/historias-maradona-el-rey-tragico-y-un-cumpleanos-numero-65-que-no-pudo-ser\/#primaryimage\"},\"image\":{\"@id\":\"https:\/\/elregionalvm.com.ar\/noticias-villa-maria\/historias-maradona-el-rey-tragico-y-un-cumpleanos-numero-65-que-no-pudo-ser\/#primaryimage\"},\"thumbnailUrl\":\"https:\/\/i0.wp.com\/elregionalvm.com.ar\/noticias-villa-maria\/wp-content\/uploads\/2025\/11\/Maradona-pelota-cabeza.jpg?fit=1024%2C683&ssl=1\",\"datePublished\":\"2025-11-03T02:12:42+00:00\",\"dateModified\":\"2025-11-04T21:31:30+00:00\",\"author\":{\"@id\":\"http:\/\/elregionalvm.com.ar\/noticias-villa-maria\/#\/schema\/person\/d5e4b04966154131701e52c45d3efec9\"},\"breadcrumb\":{\"@id\":\"https:\/\/elregionalvm.com.ar\/noticias-villa-maria\/historias-maradona-el-rey-tragico-y-un-cumpleanos-numero-65-que-no-pudo-ser\/#breadcrumb\"},\"inLanguage\":\"es\",\"potentialAction\":[{\"@type\":\"ReadAction\",\"target\":[\"https:\/\/elregionalvm.com.ar\/noticias-villa-maria\/historias-maradona-el-rey-tragico-y-un-cumpleanos-numero-65-que-no-pudo-ser\/\"]}]},{\"@type\":\"ImageObject\",\"inLanguage\":\"es\",\"@id\":\"https:\/\/elregionalvm.com.ar\/noticias-villa-maria\/historias-maradona-el-rey-tragico-y-un-cumpleanos-numero-65-que-no-pudo-ser\/#primaryimage\",\"url\":\"https:\/\/i0.wp.com\/elregionalvm.com.ar\/noticias-villa-maria\/wp-content\/uploads\/2025\/11\/Maradona-pelota-cabeza.jpg?fit=1024%2C683&ssl=1\",\"contentUrl\":\"https:\/\/i0.wp.com\/elregionalvm.com.ar\/noticias-villa-maria\/wp-content\/uploads\/2025\/11\/Maradona-pelota-cabeza.jpg?fit=1024%2C683&ssl=1\",\"width\":1024,\"height\":683},{\"@type\":\"BreadcrumbList\",\"@id\":\"https:\/\/elregionalvm.com.ar\/noticias-villa-maria\/historias-maradona-el-rey-tragico-y-un-cumpleanos-numero-65-que-no-pudo-ser\/#breadcrumb\",\"itemListElement\":[{\"@type\":\"ListItem\",\"position\":1,\"name\":\"Portada\",\"item\":\"https:\/\/elregionalvm.com.ar\/noticias-villa-maria\/\"},{\"@type\":\"ListItem\",\"position\":2,\"name\":\"[Historias] Maradona, el rey tr\u00e1gico, y un cumplea\u00f1os n\u00famero 65 que no pudo ser\"}]},{\"@type\":\"WebSite\",\"@id\":\"http:\/\/elregionalvm.com.ar\/noticias-villa-maria\/#website\",\"url\":\"http:\/\/elregionalvm.com.ar\/noticias-villa-maria\/\",\"name\":\"El Regional\",\"description\":\"Mucho m\u00e1s que informaci\u00f3n\",\"potentialAction\":[{\"@type\":\"SearchAction\",\"target\":{\"@type\":\"EntryPoint\",\"urlTemplate\":\"http:\/\/elregionalvm.com.ar\/noticias-villa-maria\/?s={search_term_string}\"},\"query-input\":{\"@type\":\"PropertyValueSpecification\",\"valueRequired\":true,\"valueName\":\"search_term_string\"}}],\"inLanguage\":\"es\"},{\"@type\":\"Person\",\"@id\":\"http:\/\/elregionalvm.com.ar\/noticias-villa-maria\/#\/schema\/person\/d5e4b04966154131701e52c45d3efec9\",\"name\":\"Germ\u00e1n Giacchero\",\"image\":{\"@type\":\"ImageObject\",\"inLanguage\":\"es\",\"@id\":\"http:\/\/elregionalvm.com.ar\/noticias-villa-maria\/#\/schema\/person\/image\/\",\"url\":\"https:\/\/secure.gravatar.com\/avatar\/fda163ba5ef0307ee5be9846e10f83b6e83d0cfb260d3b2464830318894c6b04?s=96&d=mm&r=g\",\"contentUrl\":\"https:\/\/secure.gravatar.com\/avatar\/fda163ba5ef0307ee5be9846e10f83b6e83d0cfb260d3b2464830318894c6b04?s=96&d=mm&r=g\",\"caption\":\"Germ\u00e1n Giacchero\"},\"url\":\"https:\/\/elregionalvm.com.ar\/noticias-villa-maria\/author\/germangiacchero\/\"}]}<\/script>\n<!-- \/ Yoast SEO plugin. -->","yoast_head_json":{"title":"[Historias] Maradona, el rey tr\u00e1gico, y un cumplea\u00f1os n\u00famero 65 que no pudo ser - El Regional","robots":{"index":"index","follow":"follow","max-snippet":"max-snippet:-1","max-image-preview":"max-image-preview:large","max-video-preview":"max-video-preview:-1"},"canonical":"https:\/\/elregionalvm.com.ar\/noticias-villa-maria\/historias-maradona-el-rey-tragico-y-un-cumpleanos-numero-65-que-no-pudo-ser\/","og_locale":"es_ES","og_type":"article","og_title":"[Historias] Maradona, el rey tr\u00e1gico, y un cumplea\u00f1os n\u00famero 65 que no pudo ser - El Regional","og_description":"El 30 de octubre, Diego Armando Maradona hubiera cumplido 65 a\u00f1os. Pero, no pudo ser. La muerte lo alcanz\u00f3 presurosa casi un mes despu\u00e9s de que cantara los 60. Y se lo llev\u00f3 de la misma manera en que vuelan alto los \u00edconos argentinos: rodeado de misterios, tragedia y pol\u00e9mica. \u00cddolo de barro con pies [&hellip;]","og_url":"https:\/\/elregionalvm.com.ar\/noticias-villa-maria\/historias-maradona-el-rey-tragico-y-un-cumpleanos-numero-65-que-no-pudo-ser\/","og_site_name":"El Regional","article_publisher":"https:\/\/www.facebook.com\/elregionalvm","article_published_time":"2025-11-03T02:12:42+00:00","article_modified_time":"2025-11-04T21:31:30+00:00","og_image":[{"width":1024,"height":683,"url":"https:\/\/elregionalvm.com.ar\/noticias-villa-maria\/wp-content\/uploads\/2025\/11\/Maradona-pelota-cabeza.jpg","type":"image\/jpeg"}],"author":"Germ\u00e1n Giacchero","twitter_card":"summary_large_image","twitter_creator":"@elregionalvm1","twitter_site":"@elregionalvm1","twitter_misc":{"Escrito por":"Germ\u00e1n Giacchero","Tiempo de lectura":"4 minutos"},"schema":{"@context":"https:\/\/schema.org","@graph":[{"@type":"Article","@id":"https:\/\/elregionalvm.com.ar\/noticias-villa-maria\/historias-maradona-el-rey-tragico-y-un-cumpleanos-numero-65-que-no-pudo-ser\/#article","isPartOf":{"@id":"https:\/\/elregionalvm.com.ar\/noticias-villa-maria\/historias-maradona-el-rey-tragico-y-un-cumpleanos-numero-65-que-no-pudo-ser\/"},"author":{"name":"Germ\u00e1n Giacchero","@id":"http:\/\/elregionalvm.com.ar\/noticias-villa-maria\/#\/schema\/person\/d5e4b04966154131701e52c45d3efec9"},"headline":"[Historias] Maradona, el rey tr\u00e1gico, y un cumplea\u00f1os n\u00famero 65 que no pudo ser","datePublished":"2025-11-03T02:12:42+00:00","dateModified":"2025-11-04T21:31:30+00:00","mainEntityOfPage":{"@id":"https:\/\/elregionalvm.com.ar\/noticias-villa-maria\/historias-maradona-el-rey-tragico-y-un-cumpleanos-numero-65-que-no-pudo-ser\/"},"wordCount":752,"commentCount":0,"image":{"@id":"https:\/\/elregionalvm.com.ar\/noticias-villa-maria\/historias-maradona-el-rey-tragico-y-un-cumpleanos-numero-65-que-no-pudo-ser\/#primaryimage"},"thumbnailUrl":"https:\/\/i0.wp.com\/elregionalvm.com.ar\/noticias-villa-maria\/wp-content\/uploads\/2025\/11\/Maradona-pelota-cabeza.jpg?fit=1024%2C683&ssl=1","keywords":["Aniversario","Cumplea\u00f1os","f\u00fatbol","Maradona","muerte","Rey","tragedia"],"articleSection":["Historias","tercera"],"inLanguage":"es","potentialAction":[{"@type":"CommentAction","name":"Comment","target":["https:\/\/elregionalvm.com.ar\/noticias-villa-maria\/historias-maradona-el-rey-tragico-y-un-cumpleanos-numero-65-que-no-pudo-ser\/#respond"]}]},{"@type":"WebPage","@id":"https:\/\/elregionalvm.com.ar\/noticias-villa-maria\/historias-maradona-el-rey-tragico-y-un-cumpleanos-numero-65-que-no-pudo-ser\/","url":"https:\/\/elregionalvm.com.ar\/noticias-villa-maria\/historias-maradona-el-rey-tragico-y-un-cumpleanos-numero-65-que-no-pudo-ser\/","name":"[Historias] Maradona, el rey tr\u00e1gico, y un cumplea\u00f1os n\u00famero 65 que no pudo ser - El Regional","isPartOf":{"@id":"http:\/\/elregionalvm.com.ar\/noticias-villa-maria\/#website"},"primaryImageOfPage":{"@id":"https:\/\/elregionalvm.com.ar\/noticias-villa-maria\/historias-maradona-el-rey-tragico-y-un-cumpleanos-numero-65-que-no-pudo-ser\/#primaryimage"},"image":{"@id":"https:\/\/elregionalvm.com.ar\/noticias-villa-maria\/historias-maradona-el-rey-tragico-y-un-cumpleanos-numero-65-que-no-pudo-ser\/#primaryimage"},"thumbnailUrl":"https:\/\/i0.wp.com\/elregionalvm.com.ar\/noticias-villa-maria\/wp-content\/uploads\/2025\/11\/Maradona-pelota-cabeza.jpg?fit=1024%2C683&ssl=1","datePublished":"2025-11-03T02:12:42+00:00","dateModified":"2025-11-04T21:31:30+00:00","author":{"@id":"http:\/\/elregionalvm.com.ar\/noticias-villa-maria\/#\/schema\/person\/d5e4b04966154131701e52c45d3efec9"},"breadcrumb":{"@id":"https:\/\/elregionalvm.com.ar\/noticias-villa-maria\/historias-maradona-el-rey-tragico-y-un-cumpleanos-numero-65-que-no-pudo-ser\/#breadcrumb"},"inLanguage":"es","potentialAction":[{"@type":"ReadAction","target":["https:\/\/elregionalvm.com.ar\/noticias-villa-maria\/historias-maradona-el-rey-tragico-y-un-cumpleanos-numero-65-que-no-pudo-ser\/"]}]},{"@type":"ImageObject","inLanguage":"es","@id":"https:\/\/elregionalvm.com.ar\/noticias-villa-maria\/historias-maradona-el-rey-tragico-y-un-cumpleanos-numero-65-que-no-pudo-ser\/#primaryimage","url":"https:\/\/i0.wp.com\/elregionalvm.com.ar\/noticias-villa-maria\/wp-content\/uploads\/2025\/11\/Maradona-pelota-cabeza.jpg?fit=1024%2C683&ssl=1","contentUrl":"https:\/\/i0.wp.com\/elregionalvm.com.ar\/noticias-villa-maria\/wp-content\/uploads\/2025\/11\/Maradona-pelota-cabeza.jpg?fit=1024%2C683&ssl=1","width":1024,"height":683},{"@type":"BreadcrumbList","@id":"https:\/\/elregionalvm.com.ar\/noticias-villa-maria\/historias-maradona-el-rey-tragico-y-un-cumpleanos-numero-65-que-no-pudo-ser\/#breadcrumb","itemListElement":[{"@type":"ListItem","position":1,"name":"Portada","item":"https:\/\/elregionalvm.com.ar\/noticias-villa-maria\/"},{"@type":"ListItem","position":2,"name":"[Historias] Maradona, el rey tr\u00e1gico, y un cumplea\u00f1os n\u00famero 65 que no pudo ser"}]},{"@type":"WebSite","@id":"http:\/\/elregionalvm.com.ar\/noticias-villa-maria\/#website","url":"http:\/\/elregionalvm.com.ar\/noticias-villa-maria\/","name":"El Regional","description":"Mucho m\u00e1s que informaci\u00f3n","potentialAction":[{"@type":"SearchAction","target":{"@type":"EntryPoint","urlTemplate":"http:\/\/elregionalvm.com.ar\/noticias-villa-maria\/?s={search_term_string}"},"query-input":{"@type":"PropertyValueSpecification","valueRequired":true,"valueName":"search_term_string"}}],"inLanguage":"es"},{"@type":"Person","@id":"http:\/\/elregionalvm.com.ar\/noticias-villa-maria\/#\/schema\/person\/d5e4b04966154131701e52c45d3efec9","name":"Germ\u00e1n Giacchero","image":{"@type":"ImageObject","inLanguage":"es","@id":"http:\/\/elregionalvm.com.ar\/noticias-villa-maria\/#\/schema\/person\/image\/","url":"https:\/\/secure.gravatar.com\/avatar\/fda163ba5ef0307ee5be9846e10f83b6e83d0cfb260d3b2464830318894c6b04?s=96&d=mm&r=g","contentUrl":"https:\/\/secure.gravatar.com\/avatar\/fda163ba5ef0307ee5be9846e10f83b6e83d0cfb260d3b2464830318894c6b04?s=96&d=mm&r=g","caption":"Germ\u00e1n Giacchero"},"url":"https:\/\/elregionalvm.com.ar\/noticias-villa-maria\/author\/germangiacchero\/"}]}},"jetpack_featured_media_url":"https:\/\/i0.wp.com\/elregionalvm.com.ar\/noticias-villa-maria\/wp-content\/uploads\/2025\/11\/Maradona-pelota-cabeza.jpg?fit=1024%2C683&ssl=1","jetpack_sharing_enabled":true,"_links":{"self":[{"href":"https:\/\/elregionalvm.com.ar\/noticias-villa-maria\/wp-json\/wp\/v2\/posts\/111510","targetHints":{"allow":["GET"]}}],"collection":[{"href":"https:\/\/elregionalvm.com.ar\/noticias-villa-maria\/wp-json\/wp\/v2\/posts"}],"about":[{"href":"https:\/\/elregionalvm.com.ar\/noticias-villa-maria\/wp-json\/wp\/v2\/types\/post"}],"author":[{"embeddable":true,"href":"https:\/\/elregionalvm.com.ar\/noticias-villa-maria\/wp-json\/wp\/v2\/users\/6"}],"replies":[{"embeddable":true,"href":"https:\/\/elregionalvm.com.ar\/noticias-villa-maria\/wp-json\/wp\/v2\/comments?post=111510"}],"version-history":[{"count":2,"href":"https:\/\/elregionalvm.com.ar\/noticias-villa-maria\/wp-json\/wp\/v2\/posts\/111510\/revisions"}],"predecessor-version":[{"id":111513,"href":"https:\/\/elregionalvm.com.ar\/noticias-villa-maria\/wp-json\/wp\/v2\/posts\/111510\/revisions\/111513"}],"wp:featuredmedia":[{"embeddable":true,"href":"https:\/\/elregionalvm.com.ar\/noticias-villa-maria\/wp-json\/wp\/v2\/media\/111512"}],"wp:attachment":[{"href":"https:\/\/elregionalvm.com.ar\/noticias-villa-maria\/wp-json\/wp\/v2\/media?parent=111510"}],"wp:term":[{"taxonomy":"category","embeddable":true,"href":"https:\/\/elregionalvm.com.ar\/noticias-villa-maria\/wp-json\/wp\/v2\/categories?post=111510"},{"taxonomy":"post_tag","embeddable":true,"href":"https:\/\/elregionalvm.com.ar\/noticias-villa-maria\/wp-json\/wp\/v2\/tags?post=111510"}],"curies":[{"name":"wp","href":"https:\/\/api.w.org\/{rel}","templated":true}]}}