{"id":112015,"date":"2025-11-19T02:38:07","date_gmt":"2025-11-19T02:38:07","guid":{"rendered":"https:\/\/elregionalvm.com.ar\/noticias-villa-maria\/?p=112015"},"modified":"2025-11-20T21:48:23","modified_gmt":"2025-11-20T21:48:23","slug":"video-el-parador-de-eddie-burguers-en-pausa-esperan-la-autorizacion-de-la-provincia","status":"publish","type":"post","link":"https:\/\/elregionalvm.com.ar\/noticias-villa-maria\/video-el-parador-de-eddie-burguers-en-pausa-esperan-la-autorizacion-de-la-provincia\/","title":{"rendered":"[VIDEO] El parador de Eddie Burguers en pausa: Esperan la autorizaci\u00f3n de la Provincia"},"content":{"rendered":"\n<h2 class=\"wp-block-heading\"><strong>\u00bfQu\u00e9 pas\u00f3 con el parador que la hamburgueser\u00eda \u00abEddie Burguers\u00bb planificaba construir en la bajada de calle Mendoza? Tras la pol\u00e9mica desatada, la firma dio marcha atr\u00e1s con los trabajos en el sector. El presidente del Ente de Deporte y Turismo, Alejandro Mana, indic\u00f3 que se est\u00e1 a la espera del permiso de la Provincia. <\/strong><\/h2>\n\n\n\n<p><\/p>\n\n\n\n<p>En pausa, a la espera de la autorizaci\u00f3n del \u00e1rea de Ambiente de la Provincia. As\u00ed se encuentra el tr\u00e1mite para la ejecuci\u00f3n de un parador en la bajada Mendoza al r\u00edo Ctalamochita.<\/p>\n\n\n\n<p>Tras la pol\u00e9mica desatada a partir de un video difundido por la empresa, donde se anticipaba un espacio con cemento a la orilla del r\u00edo, se dio marcha atr\u00e1s con el avance de obra.<\/p>\n\n\n\n<p>El municipio indic\u00f3 que todo estaba en orden, que la concesi\u00f3n del espacio hab\u00eda sido parte de la licitaci\u00f3n que les permiti\u00f3 quedarse con el local donde funcion\u00f3 la parrilla Fratondi. <\/p>\n\n\n\n<p>Pero, descart\u00f3 que el pliego permitiera una construcci\u00f3n fija con cemento a la orilla del r\u00edo. <\/p>\n\n\n\n<p><\/p>\n\n\n\n<figure class=\"wp-block-image size-large\"><img data-recalc-dims=\"1\" fetchpriority=\"high\" decoding=\"async\" width=\"1024\" height=\"768\" src=\"https:\/\/i0.wp.com\/elregionalvm.com.ar\/noticias-villa-maria\/wp-content\/uploads\/2025\/11\/Eddie-Burguers-obras.jpeg?resize=1024%2C768&#038;ssl=1\" alt=\"\" class=\"wp-image-112017\" srcset=\"https:\/\/i0.wp.com\/elregionalvm.com.ar\/noticias-villa-maria\/wp-content\/uploads\/2025\/11\/Eddie-Burguers-obras.jpeg?resize=1024%2C768&amp;ssl=1 1024w, https:\/\/i0.wp.com\/elregionalvm.com.ar\/noticias-villa-maria\/wp-content\/uploads\/2025\/11\/Eddie-Burguers-obras.jpeg?resize=300%2C225&amp;ssl=1 300w, https:\/\/i0.wp.com\/elregionalvm.com.ar\/noticias-villa-maria\/wp-content\/uploads\/2025\/11\/Eddie-Burguers-obras.jpeg?resize=768%2C576&amp;ssl=1 768w, https:\/\/i0.wp.com\/elregionalvm.com.ar\/noticias-villa-maria\/wp-content\/uploads\/2025\/11\/Eddie-Burguers-obras.jpeg?w=1280&amp;ssl=1 1280w\" sizes=\"(max-width: 1000px) 100vw, 1000px\" \/><\/figure>\n\n\n\n<p><\/p>\n\n\n\n<p>A los pocos d\u00edas, el terreno sobre el cual se hab\u00eda trabajado volvi\u00f3 a quedar en las mismas condiciones de antes.<\/p>\n\n\n\n<p>Y, aunque se difundi\u00f3 que se hab\u00eda dado marcha atr\u00e1s con el plan de instalar un parador, el titular del Ente de Deporte y Turismo, Alejandro Mana, indic\u00f3 que se encuentra en tr\u00e1mite en el \u00e1rea de Ambiente de la Provincia. <\/p>\n\n\n\n<p>El funcionario sostuvo, adem\u00e1s, que fue \u00abinjusto lo que pas\u00f3\u00bb con la pol\u00e9mica desatada. Y remarc\u00f3 que se busca potenciar a Villa Mar\u00eda con un perfil tur\u00edstico.<\/p>\n\n\n\n<p><\/p>\n\n\n\n<ul class=\"wp-block-list\">\n<li><strong>Mir\u00e1 el video: <\/strong><\/li>\n<\/ul>\n\n\n\n<p><\/p>\n\n\n\n<figure class=\"wp-block-embed is-type-video is-provider-youtube wp-block-embed-youtube wp-embed-aspect-9-16 wp-has-aspect-ratio\"><div class=\"wp-block-embed__wrapper\">\n<iframe title=\"\u00bfQu\u00e9 pas\u00f3 con el parador de Eddie Burguers al final?\" width=\"422\" height=\"750\" src=\"https:\/\/www.youtube.com\/embed\/7MCP9hUyOJU?feature=oembed\" frameborder=\"0\" allow=\"accelerometer; autoplay; clipboard-write; encrypted-media; gyroscope; picture-in-picture; web-share\" referrerpolicy=\"strict-origin-when-cross-origin\" allowfullscreen><\/iframe>\n<\/div><\/figure>\n\n\n\n<p><\/p>\n","protected":false},"excerpt":{"rendered":"<p>\u00bfQu\u00e9 pas\u00f3 con el parador que la hamburgueser\u00eda \u00abEddie Burguers\u00bb planificaba construir en la bajada de calle Mendoza? Tras la pol\u00e9mica desatada, la firma dio marcha atr\u00e1s con los trabajos en el sector. El presidente del Ente de Deporte y Turismo, Alejandro Mana, indic\u00f3 que se est\u00e1 a la espera del permiso de la Provincia. [&hellip;]<\/p>\n","protected":false},"author":6,"featured_media":112016,"comment_status":"open","ping_status":"open","sticky":false,"template":"","format":"standard","meta":{"site-sidebar-layout":"default","site-content-layout":"","ast-site-content-layout":"default","site-content-style":"default","site-sidebar-style":"default","ast-global-header-display":"","ast-banner-title-visibility":"","ast-main-header-display":"","ast-hfb-above-header-display":"","ast-hfb-below-header-display":"","ast-hfb-mobile-header-display":"","site-post-title":"","ast-breadcrumbs-content":"","ast-featured-img":"","footer-sml-layout":"","ast-disable-related-posts":"","theme-transparent-header-meta":"","adv-header-id-meta":"","stick-header-meta":"","header-above-stick-meta":"","header-main-stick-meta":"","header-below-stick-meta":"","astra-migrate-meta-layouts":"set","ast-page-background-enabled":"default","ast-page-background-meta":{"desktop":{"background-color":"","background-image":"","background-repeat":"repeat","background-position":"center center","background-size":"auto","background-attachment":"scroll","background-type":"","background-media":"","overlay-type":"","overlay-color":"","overlay-opacity":"","overlay-gradient":""},"tablet":{"background-color":"","background-image":"","background-repeat":"repeat","background-position":"center center","background-size":"auto","background-attachment":"scroll","background-type":"","background-media":"","overlay-type":"","overlay-color":"","overlay-opacity":"","overlay-gradient":""},"mobile":{"background-color":"","background-image":"","background-repeat":"repeat","background-position":"center center","background-size":"auto","background-attachment":"scroll","background-type":"","background-media":"","overlay-type":"","overlay-color":"","overlay-opacity":"","overlay-gradient":""}},"ast-content-background-meta":{"desktop":{"background-color":"var(--ast-global-color-5)","background-image":"","background-repeat":"repeat","background-position":"center center","background-size":"auto","background-attachment":"scroll","background-type":"","background-media":"","overlay-type":"","overlay-color":"","overlay-opacity":"","overlay-gradient":""},"tablet":{"background-color":"var(--ast-global-color-5)","background-image":"","background-repeat":"repeat","background-position":"center center","background-size":"auto","background-attachment":"scroll","background-type":"","background-media":"","overlay-type":"","overlay-color":"","overlay-opacity":"","overlay-gradient":""},"mobile":{"background-color":"var(--ast-global-color-5)","background-image":"","background-repeat":"repeat","background-position":"center center","background-size":"auto","background-attachment":"scroll","background-type":"","background-media":"","overlay-type":"","overlay-color":"","overlay-opacity":"","overlay-gradient":""}},"_jetpack_memberships_contains_paid_content":false,"_joinchat":[],"footnotes":""},"categories":[3557,2074,2],"tags":[25303,3199,322,638,25305,25304,25306,2416,69,14,1647,1236],"class_list":["post-112015","post","type-post","status-publish","format-standard","has-post-thumbnail","hentry","category-tercera","category-videos","category-villa-maria","tag-alejandro-mana","tag-ambiente","tag-cordoba","tag-deporte","tag-eddie-burguers","tag-parador","tag-pausa","tag-polemica","tag-provincia","tag-rio","tag-turismo","tag-verano"],"yoast_head":"<!-- This site is optimized with the Yoast SEO plugin v26.8 - https:\/\/yoast.com\/product\/yoast-seo-wordpress\/ -->\n<title>[VIDEO] El parador de Eddie Burguers en pausa: Esperan la autorizaci\u00f3n de la Provincia - El Regional<\/title>\n<meta name=\"robots\" content=\"index, follow, max-snippet:-1, max-image-preview:large, max-video-preview:-1\" \/>\n<link rel=\"canonical\" href=\"https:\/\/elregionalvm.com.ar\/noticias-villa-maria\/video-el-parador-de-eddie-burguers-en-pausa-esperan-la-autorizacion-de-la-provincia\/\" \/>\n<meta property=\"og:locale\" content=\"es_ES\" \/>\n<meta property=\"og:type\" content=\"article\" \/>\n<meta property=\"og:title\" content=\"[VIDEO] El parador de Eddie Burguers en pausa: Esperan la autorizaci\u00f3n de la Provincia - El Regional\" \/>\n<meta property=\"og:description\" content=\"\u00bfQu\u00e9 pas\u00f3 con el parador que la hamburgueser\u00eda \u00abEddie Burguers\u00bb planificaba construir en la bajada de calle Mendoza? Tras la pol\u00e9mica desatada, la firma dio marcha atr\u00e1s con los trabajos en el sector. El presidente del Ente de Deporte y Turismo, Alejandro Mana, indic\u00f3 que se est\u00e1 a la espera del permiso de la Provincia. [&hellip;]\" \/>\n<meta property=\"og:url\" content=\"https:\/\/elregionalvm.com.ar\/noticias-villa-maria\/video-el-parador-de-eddie-burguers-en-pausa-esperan-la-autorizacion-de-la-provincia\/\" \/>\n<meta property=\"og:site_name\" content=\"El Regional\" \/>\n<meta property=\"article:publisher\" content=\"https:\/\/www.facebook.com\/elregionalvm\" \/>\n<meta property=\"article:published_time\" content=\"2025-11-19T02:38:07+00:00\" \/>\n<meta property=\"article:modified_time\" content=\"2025-11-20T21:48:23+00:00\" \/>\n<meta property=\"og:image\" content=\"https:\/\/elregionalvm.com.ar\/noticias-villa-maria\/wp-content\/uploads\/2025\/11\/Eddie-Burguers-frente.jpeg\" \/>\n\t<meta property=\"og:image:width\" content=\"1280\" \/>\n\t<meta property=\"og:image:height\" content=\"960\" \/>\n\t<meta property=\"og:image:type\" content=\"image\/jpeg\" \/>\n<meta name=\"author\" content=\"Germ\u00e1n Giacchero\" \/>\n<meta name=\"twitter:card\" content=\"summary_large_image\" \/>\n<meta name=\"twitter:creator\" content=\"@elregionalvm1\" \/>\n<meta name=\"twitter:site\" content=\"@elregionalvm1\" \/>\n<meta name=\"twitter:label1\" content=\"Escrito por\" \/>\n\t<meta name=\"twitter:data1\" content=\"Germ\u00e1n Giacchero\" \/>\n\t<meta name=\"twitter:label2\" content=\"Tiempo de lectura\" \/>\n\t<meta name=\"twitter:data2\" content=\"2 minutos\" \/>\n<script type=\"application\/ld+json\" class=\"yoast-schema-graph\">{\"@context\":\"https:\/\/schema.org\",\"@graph\":[{\"@type\":\"Article\",\"@id\":\"https:\/\/elregionalvm.com.ar\/noticias-villa-maria\/video-el-parador-de-eddie-burguers-en-pausa-esperan-la-autorizacion-de-la-provincia\/#article\",\"isPartOf\":{\"@id\":\"https:\/\/elregionalvm.com.ar\/noticias-villa-maria\/video-el-parador-de-eddie-burguers-en-pausa-esperan-la-autorizacion-de-la-provincia\/\"},\"author\":{\"name\":\"Germ\u00e1n Giacchero\",\"@id\":\"http:\/\/elregionalvm.com.ar\/noticias-villa-maria\/#\/schema\/person\/d5e4b04966154131701e52c45d3efec9\"},\"headline\":\"[VIDEO] El parador de Eddie Burguers en pausa: Esperan la autorizaci\u00f3n de la Provincia\",\"datePublished\":\"2025-11-19T02:38:07+00:00\",\"dateModified\":\"2025-11-20T21:48:23+00:00\",\"mainEntityOfPage\":{\"@id\":\"https:\/\/elregionalvm.com.ar\/noticias-villa-maria\/video-el-parador-de-eddie-burguers-en-pausa-esperan-la-autorizacion-de-la-provincia\/\"},\"wordCount\":311,\"commentCount\":0,\"image\":{\"@id\":\"https:\/\/elregionalvm.com.ar\/noticias-villa-maria\/video-el-parador-de-eddie-burguers-en-pausa-esperan-la-autorizacion-de-la-provincia\/#primaryimage\"},\"thumbnailUrl\":\"https:\/\/i0.wp.com\/elregionalvm.com.ar\/noticias-villa-maria\/wp-content\/uploads\/2025\/11\/Eddie-Burguers-frente.jpeg?fit=1280%2C960&ssl=1\",\"keywords\":[\"Alejandro Mana\",\"Ambiente\",\"c\u00f3rdoba\",\"Deporte\",\"Eddie Burguers\",\"parador\",\"pausa\",\"pol\u00e9mica\",\"provincia\",\"rio\",\"turismo\",\"verano\"],\"articleSection\":[\"tercera\",\"Videos\",\"Villa Mar\u00eda\"],\"inLanguage\":\"es\",\"potentialAction\":[{\"@type\":\"CommentAction\",\"name\":\"Comment\",\"target\":[\"https:\/\/elregionalvm.com.ar\/noticias-villa-maria\/video-el-parador-de-eddie-burguers-en-pausa-esperan-la-autorizacion-de-la-provincia\/#respond\"]}]},{\"@type\":\"WebPage\",\"@id\":\"https:\/\/elregionalvm.com.ar\/noticias-villa-maria\/video-el-parador-de-eddie-burguers-en-pausa-esperan-la-autorizacion-de-la-provincia\/\",\"url\":\"https:\/\/elregionalvm.com.ar\/noticias-villa-maria\/video-el-parador-de-eddie-burguers-en-pausa-esperan-la-autorizacion-de-la-provincia\/\",\"name\":\"[VIDEO] El parador de Eddie Burguers en pausa: Esperan la autorizaci\u00f3n de la Provincia - El Regional\",\"isPartOf\":{\"@id\":\"http:\/\/elregionalvm.com.ar\/noticias-villa-maria\/#website\"},\"primaryImageOfPage\":{\"@id\":\"https:\/\/elregionalvm.com.ar\/noticias-villa-maria\/video-el-parador-de-eddie-burguers-en-pausa-esperan-la-autorizacion-de-la-provincia\/#primaryimage\"},\"image\":{\"@id\":\"https:\/\/elregionalvm.com.ar\/noticias-villa-maria\/video-el-parador-de-eddie-burguers-en-pausa-esperan-la-autorizacion-de-la-provincia\/#primaryimage\"},\"thumbnailUrl\":\"https:\/\/i0.wp.com\/elregionalvm.com.ar\/noticias-villa-maria\/wp-content\/uploads\/2025\/11\/Eddie-Burguers-frente.jpeg?fit=1280%2C960&ssl=1\",\"datePublished\":\"2025-11-19T02:38:07+00:00\",\"dateModified\":\"2025-11-20T21:48:23+00:00\",\"author\":{\"@id\":\"http:\/\/elregionalvm.com.ar\/noticias-villa-maria\/#\/schema\/person\/d5e4b04966154131701e52c45d3efec9\"},\"breadcrumb\":{\"@id\":\"https:\/\/elregionalvm.com.ar\/noticias-villa-maria\/video-el-parador-de-eddie-burguers-en-pausa-esperan-la-autorizacion-de-la-provincia\/#breadcrumb\"},\"inLanguage\":\"es\",\"potentialAction\":[{\"@type\":\"ReadAction\",\"target\":[\"https:\/\/elregionalvm.com.ar\/noticias-villa-maria\/video-el-parador-de-eddie-burguers-en-pausa-esperan-la-autorizacion-de-la-provincia\/\"]}]},{\"@type\":\"ImageObject\",\"inLanguage\":\"es\",\"@id\":\"https:\/\/elregionalvm.com.ar\/noticias-villa-maria\/video-el-parador-de-eddie-burguers-en-pausa-esperan-la-autorizacion-de-la-provincia\/#primaryimage\",\"url\":\"https:\/\/i0.wp.com\/elregionalvm.com.ar\/noticias-villa-maria\/wp-content\/uploads\/2025\/11\/Eddie-Burguers-frente.jpeg?fit=1280%2C960&ssl=1\",\"contentUrl\":\"https:\/\/i0.wp.com\/elregionalvm.com.ar\/noticias-villa-maria\/wp-content\/uploads\/2025\/11\/Eddie-Burguers-frente.jpeg?fit=1280%2C960&ssl=1\",\"width\":1280,\"height\":960},{\"@type\":\"BreadcrumbList\",\"@id\":\"https:\/\/elregionalvm.com.ar\/noticias-villa-maria\/video-el-parador-de-eddie-burguers-en-pausa-esperan-la-autorizacion-de-la-provincia\/#breadcrumb\",\"itemListElement\":[{\"@type\":\"ListItem\",\"position\":1,\"name\":\"Portada\",\"item\":\"https:\/\/elregionalvm.com.ar\/noticias-villa-maria\/\"},{\"@type\":\"ListItem\",\"position\":2,\"name\":\"[VIDEO] El parador de Eddie Burguers en pausa: Esperan la autorizaci\u00f3n de la Provincia\"}]},{\"@type\":\"WebSite\",\"@id\":\"http:\/\/elregionalvm.com.ar\/noticias-villa-maria\/#website\",\"url\":\"http:\/\/elregionalvm.com.ar\/noticias-villa-maria\/\",\"name\":\"El Regional\",\"description\":\"Mucho m\u00e1s que informaci\u00f3n\",\"potentialAction\":[{\"@type\":\"SearchAction\",\"target\":{\"@type\":\"EntryPoint\",\"urlTemplate\":\"http:\/\/elregionalvm.com.ar\/noticias-villa-maria\/?s={search_term_string}\"},\"query-input\":{\"@type\":\"PropertyValueSpecification\",\"valueRequired\":true,\"valueName\":\"search_term_string\"}}],\"inLanguage\":\"es\"},{\"@type\":\"Person\",\"@id\":\"http:\/\/elregionalvm.com.ar\/noticias-villa-maria\/#\/schema\/person\/d5e4b04966154131701e52c45d3efec9\",\"name\":\"Germ\u00e1n Giacchero\",\"image\":{\"@type\":\"ImageObject\",\"inLanguage\":\"es\",\"@id\":\"http:\/\/elregionalvm.com.ar\/noticias-villa-maria\/#\/schema\/person\/image\/\",\"url\":\"https:\/\/secure.gravatar.com\/avatar\/fda163ba5ef0307ee5be9846e10f83b6e83d0cfb260d3b2464830318894c6b04?s=96&d=mm&r=g\",\"contentUrl\":\"https:\/\/secure.gravatar.com\/avatar\/fda163ba5ef0307ee5be9846e10f83b6e83d0cfb260d3b2464830318894c6b04?s=96&d=mm&r=g\",\"caption\":\"Germ\u00e1n Giacchero\"},\"url\":\"https:\/\/elregionalvm.com.ar\/noticias-villa-maria\/author\/germangiacchero\/\"}]}<\/script>\n<!-- \/ Yoast SEO plugin. -->","yoast_head_json":{"title":"[VIDEO] El parador de Eddie Burguers en pausa: Esperan la autorizaci\u00f3n de la Provincia - El Regional","robots":{"index":"index","follow":"follow","max-snippet":"max-snippet:-1","max-image-preview":"max-image-preview:large","max-video-preview":"max-video-preview:-1"},"canonical":"https:\/\/elregionalvm.com.ar\/noticias-villa-maria\/video-el-parador-de-eddie-burguers-en-pausa-esperan-la-autorizacion-de-la-provincia\/","og_locale":"es_ES","og_type":"article","og_title":"[VIDEO] El parador de Eddie Burguers en pausa: Esperan la autorizaci\u00f3n de la Provincia - El Regional","og_description":"\u00bfQu\u00e9 pas\u00f3 con el parador que la hamburgueser\u00eda \u00abEddie Burguers\u00bb planificaba construir en la bajada de calle Mendoza? Tras la pol\u00e9mica desatada, la firma dio marcha atr\u00e1s con los trabajos en el sector. El presidente del Ente de Deporte y Turismo, Alejandro Mana, indic\u00f3 que se est\u00e1 a la espera del permiso de la Provincia. [&hellip;]","og_url":"https:\/\/elregionalvm.com.ar\/noticias-villa-maria\/video-el-parador-de-eddie-burguers-en-pausa-esperan-la-autorizacion-de-la-provincia\/","og_site_name":"El Regional","article_publisher":"https:\/\/www.facebook.com\/elregionalvm","article_published_time":"2025-11-19T02:38:07+00:00","article_modified_time":"2025-11-20T21:48:23+00:00","og_image":[{"width":1280,"height":960,"url":"https:\/\/elregionalvm.com.ar\/noticias-villa-maria\/wp-content\/uploads\/2025\/11\/Eddie-Burguers-frente.jpeg","type":"image\/jpeg"}],"author":"Germ\u00e1n Giacchero","twitter_card":"summary_large_image","twitter_creator":"@elregionalvm1","twitter_site":"@elregionalvm1","twitter_misc":{"Escrito por":"Germ\u00e1n Giacchero","Tiempo de lectura":"2 minutos"},"schema":{"@context":"https:\/\/schema.org","@graph":[{"@type":"Article","@id":"https:\/\/elregionalvm.com.ar\/noticias-villa-maria\/video-el-parador-de-eddie-burguers-en-pausa-esperan-la-autorizacion-de-la-provincia\/#article","isPartOf":{"@id":"https:\/\/elregionalvm.com.ar\/noticias-villa-maria\/video-el-parador-de-eddie-burguers-en-pausa-esperan-la-autorizacion-de-la-provincia\/"},"author":{"name":"Germ\u00e1n Giacchero","@id":"http:\/\/elregionalvm.com.ar\/noticias-villa-maria\/#\/schema\/person\/d5e4b04966154131701e52c45d3efec9"},"headline":"[VIDEO] El parador de Eddie Burguers en pausa: Esperan la autorizaci\u00f3n de la Provincia","datePublished":"2025-11-19T02:38:07+00:00","dateModified":"2025-11-20T21:48:23+00:00","mainEntityOfPage":{"@id":"https:\/\/elregionalvm.com.ar\/noticias-villa-maria\/video-el-parador-de-eddie-burguers-en-pausa-esperan-la-autorizacion-de-la-provincia\/"},"wordCount":311,"commentCount":0,"image":{"@id":"https:\/\/elregionalvm.com.ar\/noticias-villa-maria\/video-el-parador-de-eddie-burguers-en-pausa-esperan-la-autorizacion-de-la-provincia\/#primaryimage"},"thumbnailUrl":"https:\/\/i0.wp.com\/elregionalvm.com.ar\/noticias-villa-maria\/wp-content\/uploads\/2025\/11\/Eddie-Burguers-frente.jpeg?fit=1280%2C960&ssl=1","keywords":["Alejandro Mana","Ambiente","c\u00f3rdoba","Deporte","Eddie Burguers","parador","pausa","pol\u00e9mica","provincia","rio","turismo","verano"],"articleSection":["tercera","Videos","Villa Mar\u00eda"],"inLanguage":"es","potentialAction":[{"@type":"CommentAction","name":"Comment","target":["https:\/\/elregionalvm.com.ar\/noticias-villa-maria\/video-el-parador-de-eddie-burguers-en-pausa-esperan-la-autorizacion-de-la-provincia\/#respond"]}]},{"@type":"WebPage","@id":"https:\/\/elregionalvm.com.ar\/noticias-villa-maria\/video-el-parador-de-eddie-burguers-en-pausa-esperan-la-autorizacion-de-la-provincia\/","url":"https:\/\/elregionalvm.com.ar\/noticias-villa-maria\/video-el-parador-de-eddie-burguers-en-pausa-esperan-la-autorizacion-de-la-provincia\/","name":"[VIDEO] El parador de Eddie Burguers en pausa: Esperan la autorizaci\u00f3n de la Provincia - El Regional","isPartOf":{"@id":"http:\/\/elregionalvm.com.ar\/noticias-villa-maria\/#website"},"primaryImageOfPage":{"@id":"https:\/\/elregionalvm.com.ar\/noticias-villa-maria\/video-el-parador-de-eddie-burguers-en-pausa-esperan-la-autorizacion-de-la-provincia\/#primaryimage"},"image":{"@id":"https:\/\/elregionalvm.com.ar\/noticias-villa-maria\/video-el-parador-de-eddie-burguers-en-pausa-esperan-la-autorizacion-de-la-provincia\/#primaryimage"},"thumbnailUrl":"https:\/\/i0.wp.com\/elregionalvm.com.ar\/noticias-villa-maria\/wp-content\/uploads\/2025\/11\/Eddie-Burguers-frente.jpeg?fit=1280%2C960&ssl=1","datePublished":"2025-11-19T02:38:07+00:00","dateModified":"2025-11-20T21:48:23+00:00","author":{"@id":"http:\/\/elregionalvm.com.ar\/noticias-villa-maria\/#\/schema\/person\/d5e4b04966154131701e52c45d3efec9"},"breadcrumb":{"@id":"https:\/\/elregionalvm.com.ar\/noticias-villa-maria\/video-el-parador-de-eddie-burguers-en-pausa-esperan-la-autorizacion-de-la-provincia\/#breadcrumb"},"inLanguage":"es","potentialAction":[{"@type":"ReadAction","target":["https:\/\/elregionalvm.com.ar\/noticias-villa-maria\/video-el-parador-de-eddie-burguers-en-pausa-esperan-la-autorizacion-de-la-provincia\/"]}]},{"@type":"ImageObject","inLanguage":"es","@id":"https:\/\/elregionalvm.com.ar\/noticias-villa-maria\/video-el-parador-de-eddie-burguers-en-pausa-esperan-la-autorizacion-de-la-provincia\/#primaryimage","url":"https:\/\/i0.wp.com\/elregionalvm.com.ar\/noticias-villa-maria\/wp-content\/uploads\/2025\/11\/Eddie-Burguers-frente.jpeg?fit=1280%2C960&ssl=1","contentUrl":"https:\/\/i0.wp.com\/elregionalvm.com.ar\/noticias-villa-maria\/wp-content\/uploads\/2025\/11\/Eddie-Burguers-frente.jpeg?fit=1280%2C960&ssl=1","width":1280,"height":960},{"@type":"BreadcrumbList","@id":"https:\/\/elregionalvm.com.ar\/noticias-villa-maria\/video-el-parador-de-eddie-burguers-en-pausa-esperan-la-autorizacion-de-la-provincia\/#breadcrumb","itemListElement":[{"@type":"ListItem","position":1,"name":"Portada","item":"https:\/\/elregionalvm.com.ar\/noticias-villa-maria\/"},{"@type":"ListItem","position":2,"name":"[VIDEO] El parador de Eddie Burguers en pausa: Esperan la autorizaci\u00f3n de la Provincia"}]},{"@type":"WebSite","@id":"http:\/\/elregionalvm.com.ar\/noticias-villa-maria\/#website","url":"http:\/\/elregionalvm.com.ar\/noticias-villa-maria\/","name":"El Regional","description":"Mucho m\u00e1s que informaci\u00f3n","potentialAction":[{"@type":"SearchAction","target":{"@type":"EntryPoint","urlTemplate":"http:\/\/elregionalvm.com.ar\/noticias-villa-maria\/?s={search_term_string}"},"query-input":{"@type":"PropertyValueSpecification","valueRequired":true,"valueName":"search_term_string"}}],"inLanguage":"es"},{"@type":"Person","@id":"http:\/\/elregionalvm.com.ar\/noticias-villa-maria\/#\/schema\/person\/d5e4b04966154131701e52c45d3efec9","name":"Germ\u00e1n Giacchero","image":{"@type":"ImageObject","inLanguage":"es","@id":"http:\/\/elregionalvm.com.ar\/noticias-villa-maria\/#\/schema\/person\/image\/","url":"https:\/\/secure.gravatar.com\/avatar\/fda163ba5ef0307ee5be9846e10f83b6e83d0cfb260d3b2464830318894c6b04?s=96&d=mm&r=g","contentUrl":"https:\/\/secure.gravatar.com\/avatar\/fda163ba5ef0307ee5be9846e10f83b6e83d0cfb260d3b2464830318894c6b04?s=96&d=mm&r=g","caption":"Germ\u00e1n Giacchero"},"url":"https:\/\/elregionalvm.com.ar\/noticias-villa-maria\/author\/germangiacchero\/"}]}},"jetpack_featured_media_url":"https:\/\/i0.wp.com\/elregionalvm.com.ar\/noticias-villa-maria\/wp-content\/uploads\/2025\/11\/Eddie-Burguers-frente.jpeg?fit=1280%2C960&ssl=1","jetpack_sharing_enabled":true,"_links":{"self":[{"href":"https:\/\/elregionalvm.com.ar\/noticias-villa-maria\/wp-json\/wp\/v2\/posts\/112015","targetHints":{"allow":["GET"]}}],"collection":[{"href":"https:\/\/elregionalvm.com.ar\/noticias-villa-maria\/wp-json\/wp\/v2\/posts"}],"about":[{"href":"https:\/\/elregionalvm.com.ar\/noticias-villa-maria\/wp-json\/wp\/v2\/types\/post"}],"author":[{"embeddable":true,"href":"https:\/\/elregionalvm.com.ar\/noticias-villa-maria\/wp-json\/wp\/v2\/users\/6"}],"replies":[{"embeddable":true,"href":"https:\/\/elregionalvm.com.ar\/noticias-villa-maria\/wp-json\/wp\/v2\/comments?post=112015"}],"version-history":[{"count":1,"href":"https:\/\/elregionalvm.com.ar\/noticias-villa-maria\/wp-json\/wp\/v2\/posts\/112015\/revisions"}],"predecessor-version":[{"id":112018,"href":"https:\/\/elregionalvm.com.ar\/noticias-villa-maria\/wp-json\/wp\/v2\/posts\/112015\/revisions\/112018"}],"wp:featuredmedia":[{"embeddable":true,"href":"https:\/\/elregionalvm.com.ar\/noticias-villa-maria\/wp-json\/wp\/v2\/media\/112016"}],"wp:attachment":[{"href":"https:\/\/elregionalvm.com.ar\/noticias-villa-maria\/wp-json\/wp\/v2\/media?parent=112015"}],"wp:term":[{"taxonomy":"category","embeddable":true,"href":"https:\/\/elregionalvm.com.ar\/noticias-villa-maria\/wp-json\/wp\/v2\/categories?post=112015"},{"taxonomy":"post_tag","embeddable":true,"href":"https:\/\/elregionalvm.com.ar\/noticias-villa-maria\/wp-json\/wp\/v2\/tags?post=112015"}],"curies":[{"name":"wp","href":"https:\/\/api.w.org\/{rel}","templated":true}]}}