{"id":112032,"date":"2025-11-19T04:40:05","date_gmt":"2025-11-19T04:40:05","guid":{"rendered":"https:\/\/elregionalvm.com.ar\/noticias-villa-maria\/?p=112032"},"modified":"2025-11-19T04:40:08","modified_gmt":"2025-11-19T04:40:08","slug":"accastello-estuvo-visitando-junto-a-su-equipo-de-gabinete-el-nuevo-centro-logistico-de-mercado-libre","status":"publish","type":"post","link":"https:\/\/elregionalvm.com.ar\/noticias-villa-maria\/accastello-estuvo-visitando-junto-a-su-equipo-de-gabinete-el-nuevo-centro-logistico-de-mercado-libre\/","title":{"rendered":"Accastello estuvo visitando junto a su equipo de Gabinete el nuevo Centro Log\u00edstico de Mercado Libre"},"content":{"rendered":"\n<p>El intendente Eduardo Accastello recorri\u00f3, junto al director de Relaciones Gubernamentales para Argentina y Uruguay de Mercado Libre, Matias Fern\u00e1ndez D\u00edaz, las instalaciones del establecimiento donde se desarrolla un centro log\u00edstico de \u00faltima milla de la empresa.<\/p>\n\n\n\n<p>En el lugar, los presentes recorrieron las instalaciones y dialogaron acerca del impacto de la radicaci\u00f3n del nuevo nodo log\u00edstico. Cabe destacar que dicha instalaci\u00f3n, sumada a la de R\u00edo Cuarto, fortalecer\u00e1 la distribuci\u00f3n regional con mejoras sustanciales en los tiempos de env\u00edo y un positivo impacto en la din\u00e1mica econ\u00f3mica local.<\/p>\n\n\n\n<p>En este contexto, el intendente expres\u00f3:&nbsp;<em><strong>\u201c<\/strong><strong><em>Adem<\/em>\u00e1s de posicionarse como un HUB log\u00edstico, planteamos la importancia de que los productos villamarienses puedan incorporarse a esta red de comercio. La idea es que haya un ida y vuelta, que no solo se reciban productos, sino tambi\u00e9n que nosotros podamos enviar productos y que puedan competir internacionalmente. Villa Mar\u00eda cuenta con un enorme talento creativo formado en nuestras universidades y terciarios, con una ubicaci\u00f3n estrat\u00e9gica cerca de autopista y las autov\u00edas de ingreso que estan en marcha, lo que nos convierte en un punto clave para seguir creciendo y generar mas trabajo para los villamarienses\u00bb.<\/strong><\/em><\/p>\n\n\n\n<p>Participaron adem\u00e1s el presidente del Concejo Deliberante, Juan Pablo Inglese; el secretario de Econom\u00eda, Transformaci\u00f3n Digital y Desarrollo Productivo, Guillermo Pieckenstainer; y el gerente de Relaciones Gubernamentales para Argentina y Uruguay de Mercado Libre, \u2060Gabriel D\u00edaz Zolorzalo.<\/p>\n\n\n\n<p><strong>Mercado Libre<\/strong><\/p>\n\n\n\n<p>Cabe recordar que actualmente la empresa genera mas de 100.000 puestos de trabajo en Am\u00e9rica Latina, 15.000 en Argentina y estos nuevos centros log\u00edsticos impulsar\u00e1n m\u00e1s de 400 empleos beneficiando a m\u00e1s de 17.000 PyMEs y emprendedores cordobeses.<\/p>\n","protected":false},"excerpt":{"rendered":"<p>El intendente Eduardo Accastello recorri\u00f3, junto al director de Relaciones Gubernamentales para Argentina y Uruguay de Mercado Libre, Matias Fern\u00e1ndez D\u00edaz, las instalaciones del establecimiento donde se desarrolla un centro log\u00edstico de \u00faltima milla de la empresa. En el lugar, los presentes recorrieron las instalaciones y dialogaron acerca del impacto de la radicaci\u00f3n del nuevo [&hellip;]<\/p>\n","protected":false},"author":4,"featured_media":112033,"comment_status":"open","ping_status":"open","sticky":false,"template":"","format":"standard","meta":{"site-sidebar-layout":"default","site-content-layout":"","ast-site-content-layout":"default","site-content-style":"default","site-sidebar-style":"default","ast-global-header-display":"","ast-banner-title-visibility":"","ast-main-header-display":"","ast-hfb-above-header-display":"","ast-hfb-below-header-display":"","ast-hfb-mobile-header-display":"","site-post-title":"","ast-breadcrumbs-content":"","ast-featured-img":"","footer-sml-layout":"","ast-disable-related-posts":"","theme-transparent-header-meta":"","adv-header-id-meta":"","stick-header-meta":"","header-above-stick-meta":"","header-main-stick-meta":"","header-below-stick-meta":"","astra-migrate-meta-layouts":"set","ast-page-background-enabled":"default","ast-page-background-meta":{"desktop":{"background-color":"","background-image":"","background-repeat":"repeat","background-position":"center center","background-size":"auto","background-attachment":"scroll","background-type":"","background-media":"","overlay-type":"","overlay-color":"","overlay-opacity":"","overlay-gradient":""},"tablet":{"background-color":"","background-image":"","background-repeat":"repeat","background-position":"center center","background-size":"auto","background-attachment":"scroll","background-type":"","background-media":"","overlay-type":"","overlay-color":"","overlay-opacity":"","overlay-gradient":""},"mobile":{"background-color":"","background-image":"","background-repeat":"repeat","background-position":"center center","background-size":"auto","background-attachment":"scroll","background-type":"","background-media":"","overlay-type":"","overlay-color":"","overlay-opacity":"","overlay-gradient":""}},"ast-content-background-meta":{"desktop":{"background-color":"var(--ast-global-color-5)","background-image":"","background-repeat":"repeat","background-position":"center center","background-size":"auto","background-attachment":"scroll","background-type":"","background-media":"","overlay-type":"","overlay-color":"","overlay-opacity":"","overlay-gradient":""},"tablet":{"background-color":"var(--ast-global-color-5)","background-image":"","background-repeat":"repeat","background-position":"center center","background-size":"auto","background-attachment":"scroll","background-type":"","background-media":"","overlay-type":"","overlay-color":"","overlay-opacity":"","overlay-gradient":""},"mobile":{"background-color":"var(--ast-global-color-5)","background-image":"","background-repeat":"repeat","background-position":"center center","background-size":"auto","background-attachment":"scroll","background-type":"","background-media":"","overlay-type":"","overlay-color":"","overlay-opacity":"","overlay-gradient":""}},"_jetpack_memberships_contains_paid_content":false,"_joinchat":[],"footnotes":""},"categories":[15302,5,2],"tags":[],"class_list":["post-112032","post","type-post","status-publish","format-standard","has-post-thumbnail","hentry","category-destacado","category-sociedad","category-villa-maria"],"yoast_head":"<!-- This site is optimized with the Yoast SEO plugin v26.8 - https:\/\/yoast.com\/product\/yoast-seo-wordpress\/ -->\n<title>Accastello estuvo visitando junto a su equipo de Gabinete el nuevo Centro Log\u00edstico de Mercado Libre - El Regional<\/title>\n<meta name=\"robots\" content=\"index, follow, max-snippet:-1, max-image-preview:large, max-video-preview:-1\" \/>\n<link rel=\"canonical\" href=\"https:\/\/elregionalvm.com.ar\/noticias-villa-maria\/accastello-estuvo-visitando-junto-a-su-equipo-de-gabinete-el-nuevo-centro-logistico-de-mercado-libre\/\" \/>\n<meta property=\"og:locale\" content=\"es_ES\" \/>\n<meta property=\"og:type\" content=\"article\" \/>\n<meta property=\"og:title\" content=\"Accastello estuvo visitando junto a su equipo de Gabinete el nuevo Centro Log\u00edstico de Mercado Libre - El Regional\" \/>\n<meta property=\"og:description\" content=\"El intendente Eduardo Accastello recorri\u00f3, junto al director de Relaciones Gubernamentales para Argentina y Uruguay de Mercado Libre, Matias Fern\u00e1ndez D\u00edaz, las instalaciones del establecimiento donde se desarrolla un centro log\u00edstico de \u00faltima milla de la empresa. En el lugar, los presentes recorrieron las instalaciones y dialogaron acerca del impacto de la radicaci\u00f3n del nuevo [&hellip;]\" \/>\n<meta property=\"og:url\" content=\"https:\/\/elregionalvm.com.ar\/noticias-villa-maria\/accastello-estuvo-visitando-junto-a-su-equipo-de-gabinete-el-nuevo-centro-logistico-de-mercado-libre\/\" \/>\n<meta property=\"og:site_name\" content=\"El Regional\" \/>\n<meta property=\"article:publisher\" content=\"https:\/\/www.facebook.com\/elregionalvm\" \/>\n<meta property=\"article:published_time\" content=\"2025-11-19T04:40:05+00:00\" \/>\n<meta property=\"article:modified_time\" content=\"2025-11-19T04:40:08+00:00\" \/>\n<meta property=\"og:image\" content=\"https:\/\/elregionalvm.com.ar\/noticias-villa-maria\/wp-content\/uploads\/2025\/11\/af58d75f63d9425eb7e75fa8f8f19436.jpeg\" \/>\n\t<meta property=\"og:image:width\" content=\"800\" \/>\n\t<meta property=\"og:image:height\" content=\"600\" \/>\n\t<meta property=\"og:image:type\" content=\"image\/jpeg\" \/>\n<meta name=\"author\" content=\"Contenidos El Regional\" \/>\n<meta name=\"twitter:card\" content=\"summary_large_image\" \/>\n<meta name=\"twitter:creator\" content=\"@elregionalvm1\" \/>\n<meta name=\"twitter:site\" content=\"@elregionalvm1\" \/>\n<meta name=\"twitter:label1\" content=\"Escrito por\" \/>\n\t<meta name=\"twitter:data1\" content=\"Contenidos El Regional\" \/>\n\t<meta name=\"twitter:label2\" content=\"Tiempo de lectura\" \/>\n\t<meta name=\"twitter:data2\" content=\"2 minutos\" \/>\n<script type=\"application\/ld+json\" class=\"yoast-schema-graph\">{\"@context\":\"https:\/\/schema.org\",\"@graph\":[{\"@type\":\"Article\",\"@id\":\"https:\/\/elregionalvm.com.ar\/noticias-villa-maria\/accastello-estuvo-visitando-junto-a-su-equipo-de-gabinete-el-nuevo-centro-logistico-de-mercado-libre\/#article\",\"isPartOf\":{\"@id\":\"https:\/\/elregionalvm.com.ar\/noticias-villa-maria\/accastello-estuvo-visitando-junto-a-su-equipo-de-gabinete-el-nuevo-centro-logistico-de-mercado-libre\/\"},\"author\":{\"name\":\"Contenidos El Regional\",\"@id\":\"http:\/\/elregionalvm.com.ar\/noticias-villa-maria\/#\/schema\/person\/a0fb9c422317faca23d50163151bc354\"},\"headline\":\"Accastello estuvo visitando junto a su equipo de Gabinete el nuevo Centro Log\u00edstico de Mercado Libre\",\"datePublished\":\"2025-11-19T04:40:05+00:00\",\"dateModified\":\"2025-11-19T04:40:08+00:00\",\"mainEntityOfPage\":{\"@id\":\"https:\/\/elregionalvm.com.ar\/noticias-villa-maria\/accastello-estuvo-visitando-junto-a-su-equipo-de-gabinete-el-nuevo-centro-logistico-de-mercado-libre\/\"},\"wordCount\":310,\"commentCount\":0,\"image\":{\"@id\":\"https:\/\/elregionalvm.com.ar\/noticias-villa-maria\/accastello-estuvo-visitando-junto-a-su-equipo-de-gabinete-el-nuevo-centro-logistico-de-mercado-libre\/#primaryimage\"},\"thumbnailUrl\":\"https:\/\/i0.wp.com\/elregionalvm.com.ar\/noticias-villa-maria\/wp-content\/uploads\/2025\/11\/af58d75f63d9425eb7e75fa8f8f19436.jpeg?fit=800%2C600&ssl=1\",\"articleSection\":[\"destacado\",\"Sociedad\",\"Villa Mar\u00eda\"],\"inLanguage\":\"es\",\"potentialAction\":[{\"@type\":\"CommentAction\",\"name\":\"Comment\",\"target\":[\"https:\/\/elregionalvm.com.ar\/noticias-villa-maria\/accastello-estuvo-visitando-junto-a-su-equipo-de-gabinete-el-nuevo-centro-logistico-de-mercado-libre\/#respond\"]}]},{\"@type\":\"WebPage\",\"@id\":\"https:\/\/elregionalvm.com.ar\/noticias-villa-maria\/accastello-estuvo-visitando-junto-a-su-equipo-de-gabinete-el-nuevo-centro-logistico-de-mercado-libre\/\",\"url\":\"https:\/\/elregionalvm.com.ar\/noticias-villa-maria\/accastello-estuvo-visitando-junto-a-su-equipo-de-gabinete-el-nuevo-centro-logistico-de-mercado-libre\/\",\"name\":\"Accastello estuvo visitando junto a su equipo de Gabinete el nuevo Centro Log\u00edstico de Mercado Libre - El Regional\",\"isPartOf\":{\"@id\":\"http:\/\/elregionalvm.com.ar\/noticias-villa-maria\/#website\"},\"primaryImageOfPage\":{\"@id\":\"https:\/\/elregionalvm.com.ar\/noticias-villa-maria\/accastello-estuvo-visitando-junto-a-su-equipo-de-gabinete-el-nuevo-centro-logistico-de-mercado-libre\/#primaryimage\"},\"image\":{\"@id\":\"https:\/\/elregionalvm.com.ar\/noticias-villa-maria\/accastello-estuvo-visitando-junto-a-su-equipo-de-gabinete-el-nuevo-centro-logistico-de-mercado-libre\/#primaryimage\"},\"thumbnailUrl\":\"https:\/\/i0.wp.com\/elregionalvm.com.ar\/noticias-villa-maria\/wp-content\/uploads\/2025\/11\/af58d75f63d9425eb7e75fa8f8f19436.jpeg?fit=800%2C600&ssl=1\",\"datePublished\":\"2025-11-19T04:40:05+00:00\",\"dateModified\":\"2025-11-19T04:40:08+00:00\",\"author\":{\"@id\":\"http:\/\/elregionalvm.com.ar\/noticias-villa-maria\/#\/schema\/person\/a0fb9c422317faca23d50163151bc354\"},\"breadcrumb\":{\"@id\":\"https:\/\/elregionalvm.com.ar\/noticias-villa-maria\/accastello-estuvo-visitando-junto-a-su-equipo-de-gabinete-el-nuevo-centro-logistico-de-mercado-libre\/#breadcrumb\"},\"inLanguage\":\"es\",\"potentialAction\":[{\"@type\":\"ReadAction\",\"target\":[\"https:\/\/elregionalvm.com.ar\/noticias-villa-maria\/accastello-estuvo-visitando-junto-a-su-equipo-de-gabinete-el-nuevo-centro-logistico-de-mercado-libre\/\"]}]},{\"@type\":\"ImageObject\",\"inLanguage\":\"es\",\"@id\":\"https:\/\/elregionalvm.com.ar\/noticias-villa-maria\/accastello-estuvo-visitando-junto-a-su-equipo-de-gabinete-el-nuevo-centro-logistico-de-mercado-libre\/#primaryimage\",\"url\":\"https:\/\/i0.wp.com\/elregionalvm.com.ar\/noticias-villa-maria\/wp-content\/uploads\/2025\/11\/af58d75f63d9425eb7e75fa8f8f19436.jpeg?fit=800%2C600&ssl=1\",\"contentUrl\":\"https:\/\/i0.wp.com\/elregionalvm.com.ar\/noticias-villa-maria\/wp-content\/uploads\/2025\/11\/af58d75f63d9425eb7e75fa8f8f19436.jpeg?fit=800%2C600&ssl=1\",\"width\":800,\"height\":600},{\"@type\":\"BreadcrumbList\",\"@id\":\"https:\/\/elregionalvm.com.ar\/noticias-villa-maria\/accastello-estuvo-visitando-junto-a-su-equipo-de-gabinete-el-nuevo-centro-logistico-de-mercado-libre\/#breadcrumb\",\"itemListElement\":[{\"@type\":\"ListItem\",\"position\":1,\"name\":\"Portada\",\"item\":\"https:\/\/elregionalvm.com.ar\/noticias-villa-maria\/\"},{\"@type\":\"ListItem\",\"position\":2,\"name\":\"Accastello estuvo visitando junto a su equipo de Gabinete el nuevo Centro Log\u00edstico de Mercado Libre\"}]},{\"@type\":\"WebSite\",\"@id\":\"http:\/\/elregionalvm.com.ar\/noticias-villa-maria\/#website\",\"url\":\"http:\/\/elregionalvm.com.ar\/noticias-villa-maria\/\",\"name\":\"El Regional\",\"description\":\"Mucho m\u00e1s que informaci\u00f3n\",\"potentialAction\":[{\"@type\":\"SearchAction\",\"target\":{\"@type\":\"EntryPoint\",\"urlTemplate\":\"http:\/\/elregionalvm.com.ar\/noticias-villa-maria\/?s={search_term_string}\"},\"query-input\":{\"@type\":\"PropertyValueSpecification\",\"valueRequired\":true,\"valueName\":\"search_term_string\"}}],\"inLanguage\":\"es\"},{\"@type\":\"Person\",\"@id\":\"http:\/\/elregionalvm.com.ar\/noticias-villa-maria\/#\/schema\/person\/a0fb9c422317faca23d50163151bc354\",\"name\":\"Contenidos El Regional\",\"image\":{\"@type\":\"ImageObject\",\"inLanguage\":\"es\",\"@id\":\"http:\/\/elregionalvm.com.ar\/noticias-villa-maria\/#\/schema\/person\/image\/\",\"url\":\"https:\/\/secure.gravatar.com\/avatar\/265b27cb2209af7bb3a1318f03305787d7981a5cc6e6cd08fe5a4ecdf99d4b48?s=96&d=mm&r=g\",\"contentUrl\":\"https:\/\/secure.gravatar.com\/avatar\/265b27cb2209af7bb3a1318f03305787d7981a5cc6e6cd08fe5a4ecdf99d4b48?s=96&d=mm&r=g\",\"caption\":\"Contenidos El Regional\"},\"url\":\"https:\/\/elregionalvm.com.ar\/noticias-villa-maria\/author\/contenido\/\"}]}<\/script>\n<!-- \/ Yoast SEO plugin. -->","yoast_head_json":{"title":"Accastello estuvo visitando junto a su equipo de Gabinete el nuevo Centro Log\u00edstico de Mercado Libre - El Regional","robots":{"index":"index","follow":"follow","max-snippet":"max-snippet:-1","max-image-preview":"max-image-preview:large","max-video-preview":"max-video-preview:-1"},"canonical":"https:\/\/elregionalvm.com.ar\/noticias-villa-maria\/accastello-estuvo-visitando-junto-a-su-equipo-de-gabinete-el-nuevo-centro-logistico-de-mercado-libre\/","og_locale":"es_ES","og_type":"article","og_title":"Accastello estuvo visitando junto a su equipo de Gabinete el nuevo Centro Log\u00edstico de Mercado Libre - El Regional","og_description":"El intendente Eduardo Accastello recorri\u00f3, junto al director de Relaciones Gubernamentales para Argentina y Uruguay de Mercado Libre, Matias Fern\u00e1ndez D\u00edaz, las instalaciones del establecimiento donde se desarrolla un centro log\u00edstico de \u00faltima milla de la empresa. En el lugar, los presentes recorrieron las instalaciones y dialogaron acerca del impacto de la radicaci\u00f3n del nuevo [&hellip;]","og_url":"https:\/\/elregionalvm.com.ar\/noticias-villa-maria\/accastello-estuvo-visitando-junto-a-su-equipo-de-gabinete-el-nuevo-centro-logistico-de-mercado-libre\/","og_site_name":"El Regional","article_publisher":"https:\/\/www.facebook.com\/elregionalvm","article_published_time":"2025-11-19T04:40:05+00:00","article_modified_time":"2025-11-19T04:40:08+00:00","og_image":[{"width":800,"height":600,"url":"https:\/\/elregionalvm.com.ar\/noticias-villa-maria\/wp-content\/uploads\/2025\/11\/af58d75f63d9425eb7e75fa8f8f19436.jpeg","type":"image\/jpeg"}],"author":"Contenidos El Regional","twitter_card":"summary_large_image","twitter_creator":"@elregionalvm1","twitter_site":"@elregionalvm1","twitter_misc":{"Escrito por":"Contenidos El Regional","Tiempo de lectura":"2 minutos"},"schema":{"@context":"https:\/\/schema.org","@graph":[{"@type":"Article","@id":"https:\/\/elregionalvm.com.ar\/noticias-villa-maria\/accastello-estuvo-visitando-junto-a-su-equipo-de-gabinete-el-nuevo-centro-logistico-de-mercado-libre\/#article","isPartOf":{"@id":"https:\/\/elregionalvm.com.ar\/noticias-villa-maria\/accastello-estuvo-visitando-junto-a-su-equipo-de-gabinete-el-nuevo-centro-logistico-de-mercado-libre\/"},"author":{"name":"Contenidos El Regional","@id":"http:\/\/elregionalvm.com.ar\/noticias-villa-maria\/#\/schema\/person\/a0fb9c422317faca23d50163151bc354"},"headline":"Accastello estuvo visitando junto a su equipo de Gabinete el nuevo Centro Log\u00edstico de Mercado Libre","datePublished":"2025-11-19T04:40:05+00:00","dateModified":"2025-11-19T04:40:08+00:00","mainEntityOfPage":{"@id":"https:\/\/elregionalvm.com.ar\/noticias-villa-maria\/accastello-estuvo-visitando-junto-a-su-equipo-de-gabinete-el-nuevo-centro-logistico-de-mercado-libre\/"},"wordCount":310,"commentCount":0,"image":{"@id":"https:\/\/elregionalvm.com.ar\/noticias-villa-maria\/accastello-estuvo-visitando-junto-a-su-equipo-de-gabinete-el-nuevo-centro-logistico-de-mercado-libre\/#primaryimage"},"thumbnailUrl":"https:\/\/i0.wp.com\/elregionalvm.com.ar\/noticias-villa-maria\/wp-content\/uploads\/2025\/11\/af58d75f63d9425eb7e75fa8f8f19436.jpeg?fit=800%2C600&ssl=1","articleSection":["destacado","Sociedad","Villa Mar\u00eda"],"inLanguage":"es","potentialAction":[{"@type":"CommentAction","name":"Comment","target":["https:\/\/elregionalvm.com.ar\/noticias-villa-maria\/accastello-estuvo-visitando-junto-a-su-equipo-de-gabinete-el-nuevo-centro-logistico-de-mercado-libre\/#respond"]}]},{"@type":"WebPage","@id":"https:\/\/elregionalvm.com.ar\/noticias-villa-maria\/accastello-estuvo-visitando-junto-a-su-equipo-de-gabinete-el-nuevo-centro-logistico-de-mercado-libre\/","url":"https:\/\/elregionalvm.com.ar\/noticias-villa-maria\/accastello-estuvo-visitando-junto-a-su-equipo-de-gabinete-el-nuevo-centro-logistico-de-mercado-libre\/","name":"Accastello estuvo visitando junto a su equipo de Gabinete el nuevo Centro Log\u00edstico de Mercado Libre - El Regional","isPartOf":{"@id":"http:\/\/elregionalvm.com.ar\/noticias-villa-maria\/#website"},"primaryImageOfPage":{"@id":"https:\/\/elregionalvm.com.ar\/noticias-villa-maria\/accastello-estuvo-visitando-junto-a-su-equipo-de-gabinete-el-nuevo-centro-logistico-de-mercado-libre\/#primaryimage"},"image":{"@id":"https:\/\/elregionalvm.com.ar\/noticias-villa-maria\/accastello-estuvo-visitando-junto-a-su-equipo-de-gabinete-el-nuevo-centro-logistico-de-mercado-libre\/#primaryimage"},"thumbnailUrl":"https:\/\/i0.wp.com\/elregionalvm.com.ar\/noticias-villa-maria\/wp-content\/uploads\/2025\/11\/af58d75f63d9425eb7e75fa8f8f19436.jpeg?fit=800%2C600&ssl=1","datePublished":"2025-11-19T04:40:05+00:00","dateModified":"2025-11-19T04:40:08+00:00","author":{"@id":"http:\/\/elregionalvm.com.ar\/noticias-villa-maria\/#\/schema\/person\/a0fb9c422317faca23d50163151bc354"},"breadcrumb":{"@id":"https:\/\/elregionalvm.com.ar\/noticias-villa-maria\/accastello-estuvo-visitando-junto-a-su-equipo-de-gabinete-el-nuevo-centro-logistico-de-mercado-libre\/#breadcrumb"},"inLanguage":"es","potentialAction":[{"@type":"ReadAction","target":["https:\/\/elregionalvm.com.ar\/noticias-villa-maria\/accastello-estuvo-visitando-junto-a-su-equipo-de-gabinete-el-nuevo-centro-logistico-de-mercado-libre\/"]}]},{"@type":"ImageObject","inLanguage":"es","@id":"https:\/\/elregionalvm.com.ar\/noticias-villa-maria\/accastello-estuvo-visitando-junto-a-su-equipo-de-gabinete-el-nuevo-centro-logistico-de-mercado-libre\/#primaryimage","url":"https:\/\/i0.wp.com\/elregionalvm.com.ar\/noticias-villa-maria\/wp-content\/uploads\/2025\/11\/af58d75f63d9425eb7e75fa8f8f19436.jpeg?fit=800%2C600&ssl=1","contentUrl":"https:\/\/i0.wp.com\/elregionalvm.com.ar\/noticias-villa-maria\/wp-content\/uploads\/2025\/11\/af58d75f63d9425eb7e75fa8f8f19436.jpeg?fit=800%2C600&ssl=1","width":800,"height":600},{"@type":"BreadcrumbList","@id":"https:\/\/elregionalvm.com.ar\/noticias-villa-maria\/accastello-estuvo-visitando-junto-a-su-equipo-de-gabinete-el-nuevo-centro-logistico-de-mercado-libre\/#breadcrumb","itemListElement":[{"@type":"ListItem","position":1,"name":"Portada","item":"https:\/\/elregionalvm.com.ar\/noticias-villa-maria\/"},{"@type":"ListItem","position":2,"name":"Accastello estuvo visitando junto a su equipo de Gabinete el nuevo Centro Log\u00edstico de Mercado Libre"}]},{"@type":"WebSite","@id":"http:\/\/elregionalvm.com.ar\/noticias-villa-maria\/#website","url":"http:\/\/elregionalvm.com.ar\/noticias-villa-maria\/","name":"El Regional","description":"Mucho m\u00e1s que informaci\u00f3n","potentialAction":[{"@type":"SearchAction","target":{"@type":"EntryPoint","urlTemplate":"http:\/\/elregionalvm.com.ar\/noticias-villa-maria\/?s={search_term_string}"},"query-input":{"@type":"PropertyValueSpecification","valueRequired":true,"valueName":"search_term_string"}}],"inLanguage":"es"},{"@type":"Person","@id":"http:\/\/elregionalvm.com.ar\/noticias-villa-maria\/#\/schema\/person\/a0fb9c422317faca23d50163151bc354","name":"Contenidos El Regional","image":{"@type":"ImageObject","inLanguage":"es","@id":"http:\/\/elregionalvm.com.ar\/noticias-villa-maria\/#\/schema\/person\/image\/","url":"https:\/\/secure.gravatar.com\/avatar\/265b27cb2209af7bb3a1318f03305787d7981a5cc6e6cd08fe5a4ecdf99d4b48?s=96&d=mm&r=g","contentUrl":"https:\/\/secure.gravatar.com\/avatar\/265b27cb2209af7bb3a1318f03305787d7981a5cc6e6cd08fe5a4ecdf99d4b48?s=96&d=mm&r=g","caption":"Contenidos El Regional"},"url":"https:\/\/elregionalvm.com.ar\/noticias-villa-maria\/author\/contenido\/"}]}},"jetpack_featured_media_url":"https:\/\/i0.wp.com\/elregionalvm.com.ar\/noticias-villa-maria\/wp-content\/uploads\/2025\/11\/af58d75f63d9425eb7e75fa8f8f19436.jpeg?fit=800%2C600&ssl=1","jetpack_sharing_enabled":true,"_links":{"self":[{"href":"https:\/\/elregionalvm.com.ar\/noticias-villa-maria\/wp-json\/wp\/v2\/posts\/112032","targetHints":{"allow":["GET"]}}],"collection":[{"href":"https:\/\/elregionalvm.com.ar\/noticias-villa-maria\/wp-json\/wp\/v2\/posts"}],"about":[{"href":"https:\/\/elregionalvm.com.ar\/noticias-villa-maria\/wp-json\/wp\/v2\/types\/post"}],"author":[{"embeddable":true,"href":"https:\/\/elregionalvm.com.ar\/noticias-villa-maria\/wp-json\/wp\/v2\/users\/4"}],"replies":[{"embeddable":true,"href":"https:\/\/elregionalvm.com.ar\/noticias-villa-maria\/wp-json\/wp\/v2\/comments?post=112032"}],"version-history":[{"count":1,"href":"https:\/\/elregionalvm.com.ar\/noticias-villa-maria\/wp-json\/wp\/v2\/posts\/112032\/revisions"}],"predecessor-version":[{"id":112034,"href":"https:\/\/elregionalvm.com.ar\/noticias-villa-maria\/wp-json\/wp\/v2\/posts\/112032\/revisions\/112034"}],"wp:featuredmedia":[{"embeddable":true,"href":"https:\/\/elregionalvm.com.ar\/noticias-villa-maria\/wp-json\/wp\/v2\/media\/112033"}],"wp:attachment":[{"href":"https:\/\/elregionalvm.com.ar\/noticias-villa-maria\/wp-json\/wp\/v2\/media?parent=112032"}],"wp:term":[{"taxonomy":"category","embeddable":true,"href":"https:\/\/elregionalvm.com.ar\/noticias-villa-maria\/wp-json\/wp\/v2\/categories?post=112032"},{"taxonomy":"post_tag","embeddable":true,"href":"https:\/\/elregionalvm.com.ar\/noticias-villa-maria\/wp-json\/wp\/v2\/tags?post=112032"}],"curies":[{"name":"wp","href":"https:\/\/api.w.org\/{rel}","templated":true}]}}