{"id":112038,"date":"2025-11-19T04:57:43","date_gmt":"2025-11-19T04:57:43","guid":{"rendered":"https:\/\/elregionalvm.com.ar\/noticias-villa-maria\/?p=112038"},"modified":"2025-11-19T04:57:47","modified_gmt":"2025-11-19T04:57:47","slug":"se-presento-el-programa-sazon-para-realzar-el-turismo-y-la-produccion-gastronomica-local","status":"publish","type":"post","link":"https:\/\/elregionalvm.com.ar\/noticias-villa-maria\/se-presento-el-programa-sazon-para-realzar-el-turismo-y-la-produccion-gastronomica-local\/","title":{"rendered":"Se present\u00f3 el programa \u201cSaz\u00f3n\u201d para realzar el turismo y la producci\u00f3n gastron\u00f3mica local"},"content":{"rendered":"\n<p>El Ente Villa Mar\u00eda Deporte y Turismo, junto a la Agencia C\u00f3rdoba Turismo, productores y locales gastron\u00f3micos locales, dar\u00e1 inicio a la experiencia que pone en relevancia a los productores y potencia la identidad gastron\u00f3mica local, articulando al mismo tiempo entre el sector p\u00fablico y el privado.\u00a0<\/p>\n\n\n\n<p>Durante la presentaci\u00f3n, que tuvo lugar en el Hotel Am\u00e9rian, el presidente del mencionado Ente, Alejandro Mana, coment\u00f3:&nbsp;<em>\u00abQueda demostrado que en la articulaci\u00f3n de lo p\u00fablico y lo privado surgen ideas maravillosas, como darle valor a la gastronom\u00eda de nuestra ciudad. Hoy lanzamos el programa municipal gastron\u00f3mico denominado Saz\u00f3n, para potenciar el turismo que tiene como objetivo vincular a los gastron\u00f3micos y los productores locales, para que haya una identidad gastron\u00f3mica de Villa Mar\u00eda que se vea reflejada en los platos y que cada chef con su experiencia, su tradici\u00f3n, pueda poner en sabores, y que la gente venga a Villa Mar\u00eda y disfrute esa experiencia gastron\u00f3mica\u00bb.&nbsp;<\/em><\/p>\n\n\n\n<p><em>\u00abQueremos seguir apoyando a los gastron\u00f3micos, a los productores locales, y que en todos los restaurantes de Villa Mar\u00eda haya un men\u00fa donde se visibilice no solamente lo gastron\u00f3mico, sino tambi\u00e9n los productores locales. Estamos orgullosos de que Villa Mar\u00eda tenga todo de primer\u00edsimo nivel, tanto en materia gastron\u00f3mica, hotelera y comercial, que vamos a seguir potenciando\u00bb,<\/em>&nbsp;puntualiz\u00f3. &nbsp;<\/p>\n\n\n\n<p>Por su parte, la gerente general de Hotel Am\u00e9rian, Daniela Carballo, expres\u00f3:&nbsp;<em>\u00abLa identidad cultural es lo que nos hace \u00fanicos, es lo que nos da pertenencia, y expresarla a trav\u00e9s de la gastronom\u00eda es una de las formas m\u00e1s lindas para poder compartirla con los dem\u00e1s. Con esta iniciativa buscamos eso, poner en vidriera nuestra verdadera identidad gastron\u00f3mica, reflejar en un men\u00fa de pasos las bondades de nuestro clima y de nuestro suelo, la potencia de nuestra industria, la excelencia de sus procesos productivos, por supuesto, el empuje de nuestra gente y el talento de nuestros cocineros\u00bb .&nbsp;<\/em><\/p>\n\n\n\n<p><em>\u00abCon esta iniciativa reafirmamos nuestro compromiso de crear experiencias aut\u00e9nticas, con identidad, con historia y con sentido. Queremos que la gente sepa de d\u00f3nde viene cada producto, que conozcan que esta materia prima de alt\u00edsima calidad es de ac\u00e1, es nuestra, es villamariense. Gracias a la Municipalidad por acompa\u00f1ar e impulsar esta iniciativa que esperamos sea el primer paso para que en todos los espacios gastron\u00f3micos y tur\u00edsticos de nuestra ciudad se promueva y se muestre nuestra identidad gastron\u00f3mica regional\u00bb .&nbsp;<\/em><\/p>\n\n\n\n<p><strong>Todas las propuestas<\/strong><\/p>\n\n\n\n<p>Los interesados en participar del programa Saz\u00f3n pueden acceder al sitio web&nbsp;<a href=\"https:\/\/villamariaturismo.com.ar\/deporte-turismo\/sazon-turismo-gastronomico\/\">www.villamariaturismo.com.ar<\/a>&nbsp;para conocer cu\u00e1les son los restaurantes y locales gastron\u00f3micos adheridos, sus propuestas y generar reservas para vivir esta experiencia gastron\u00f3mica.<\/p>\n\n\n\n<p><strong>Trabajo mancomunado&nbsp;<\/strong><\/p>\n\n\n\n<p>Cabe destacar que el Gobierno local trabaja con el sector gastron\u00f3mico a lo largo de todo el a\u00f1o, junto a entidades que nuclean a trabajadores del rubro como UTUCO, junto a quienes se realiz\u00f3 el Tour de Cocinas y la Feria de Productos Regionales. Tambi\u00e9n se destacan las diversas Semanas Gastron\u00f3micas, que buscan seguir potenciando e impulsando la gastronom\u00eda de Villa Mar\u00eda, convirti\u00e9ndose en referente de la regi\u00f3n, con visitantes y turistas que se acercan a disfrutar de los diferentes espacios gastron\u00f3micos.<\/p>\n\n\n\n<p><strong>Experiencia del Hotel Am\u00e9rian&nbsp;<\/strong><\/p>\n\n\n\n<p>En el marco de la propuesta, dentro del restaurante Mar\u00eda, del Hotel Am\u00e9rian, se puede disfrutar de la propuesta Ra\u00edces, un men\u00fa cuya entrada, plato principal y postre est\u00e1n elaborados con productos de empresas y productores locales, tales como L\u00e1cteos las Tres, carnicer\u00eda Don Omar, Duy Am\u00eds y la bodega Familia Benito.&nbsp;<\/p>\n\n\n\n<p>Sobre este punto, el chef a cargo de la experiencia en dicha locaci\u00f3n, Norberto Niemetschek dijo que lo m\u00e1s importante es la articulaci\u00f3n entre los productores y quienes est\u00e1n del lado de la cocina y tienen la experiencia en la cocina regional.&nbsp;<\/p>\n\n\n\n<p>Acompa\u00f1aron la presentaci\u00f3n la legisladora provincial, Karina Bruno; el presidente del Concejo Deliberante, Juan Pablo Inglese; el director del Ente Villa Mar\u00eda Deporte y Turismo, Eduardo Piazza; el director de Turismo, Dino Gagliese; y representantes de las firmas participantes.<\/p>\n","protected":false},"excerpt":{"rendered":"<p>El Ente Villa Mar\u00eda Deporte y Turismo, junto a la Agencia C\u00f3rdoba Turismo, productores y locales gastron\u00f3micos locales, dar\u00e1 inicio a la experiencia que pone en relevancia a los productores y potencia la identidad gastron\u00f3mica local, articulando al mismo tiempo entre el sector p\u00fablico y el privado.\u00a0 Durante la presentaci\u00f3n, que tuvo lugar en el [&hellip;]<\/p>\n","protected":false},"author":4,"featured_media":112039,"comment_status":"open","ping_status":"open","sticky":false,"template":"","format":"standard","meta":{"site-sidebar-layout":"default","site-content-layout":"","ast-site-content-layout":"default","site-content-style":"default","site-sidebar-style":"default","ast-global-header-display":"","ast-banner-title-visibility":"","ast-main-header-display":"","ast-hfb-above-header-display":"","ast-hfb-below-header-display":"","ast-hfb-mobile-header-display":"","site-post-title":"","ast-breadcrumbs-content":"","ast-featured-img":"","footer-sml-layout":"","ast-disable-related-posts":"","theme-transparent-header-meta":"","adv-header-id-meta":"","stick-header-meta":"","header-above-stick-meta":"","header-main-stick-meta":"","header-below-stick-meta":"","astra-migrate-meta-layouts":"set","ast-page-background-enabled":"default","ast-page-background-meta":{"desktop":{"background-color":"","background-image":"","background-repeat":"repeat","background-position":"center center","background-size":"auto","background-attachment":"scroll","background-type":"","background-media":"","overlay-type":"","overlay-color":"","overlay-opacity":"","overlay-gradient":""},"tablet":{"background-color":"","background-image":"","background-repeat":"repeat","background-position":"center center","background-size":"auto","background-attachment":"scroll","background-type":"","background-media":"","overlay-type":"","overlay-color":"","overlay-opacity":"","overlay-gradient":""},"mobile":{"background-color":"","background-image":"","background-repeat":"repeat","background-position":"center center","background-size":"auto","background-attachment":"scroll","background-type":"","background-media":"","overlay-type":"","overlay-color":"","overlay-opacity":"","overlay-gradient":""}},"ast-content-background-meta":{"desktop":{"background-color":"var(--ast-global-color-5)","background-image":"","background-repeat":"repeat","background-position":"center center","background-size":"auto","background-attachment":"scroll","background-type":"","background-media":"","overlay-type":"","overlay-color":"","overlay-opacity":"","overlay-gradient":""},"tablet":{"background-color":"var(--ast-global-color-5)","background-image":"","background-repeat":"repeat","background-position":"center center","background-size":"auto","background-attachment":"scroll","background-type":"","background-media":"","overlay-type":"","overlay-color":"","overlay-opacity":"","overlay-gradient":""},"mobile":{"background-color":"var(--ast-global-color-5)","background-image":"","background-repeat":"repeat","background-position":"center center","background-size":"auto","background-attachment":"scroll","background-type":"","background-media":"","overlay-type":"","overlay-color":"","overlay-opacity":"","overlay-gradient":""}},"_jetpack_memberships_contains_paid_content":false,"_joinchat":[],"footnotes":""},"categories":[15302,5,2],"tags":[],"class_list":["post-112038","post","type-post","status-publish","format-standard","has-post-thumbnail","hentry","category-destacado","category-sociedad","category-villa-maria"],"yoast_head":"<!-- This site is optimized with the Yoast SEO plugin v26.8 - https:\/\/yoast.com\/product\/yoast-seo-wordpress\/ -->\n<title>Se present\u00f3 el programa \u201cSaz\u00f3n\u201d para realzar el turismo y la producci\u00f3n gastron\u00f3mica local - El Regional<\/title>\n<meta name=\"robots\" content=\"index, follow, max-snippet:-1, max-image-preview:large, max-video-preview:-1\" \/>\n<link rel=\"canonical\" href=\"https:\/\/elregionalvm.com.ar\/noticias-villa-maria\/se-presento-el-programa-sazon-para-realzar-el-turismo-y-la-produccion-gastronomica-local\/\" \/>\n<meta property=\"og:locale\" content=\"es_ES\" \/>\n<meta property=\"og:type\" content=\"article\" \/>\n<meta property=\"og:title\" content=\"Se present\u00f3 el programa \u201cSaz\u00f3n\u201d para realzar el turismo y la producci\u00f3n gastron\u00f3mica local - El Regional\" \/>\n<meta property=\"og:description\" content=\"El Ente Villa Mar\u00eda Deporte y Turismo, junto a la Agencia C\u00f3rdoba Turismo, productores y locales gastron\u00f3micos locales, dar\u00e1 inicio a la experiencia que pone en relevancia a los productores y potencia la identidad gastron\u00f3mica local, articulando al mismo tiempo entre el sector p\u00fablico y el privado.\u00a0 Durante la presentaci\u00f3n, que tuvo lugar en el [&hellip;]\" \/>\n<meta property=\"og:url\" content=\"https:\/\/elregionalvm.com.ar\/noticias-villa-maria\/se-presento-el-programa-sazon-para-realzar-el-turismo-y-la-produccion-gastronomica-local\/\" \/>\n<meta property=\"og:site_name\" content=\"El Regional\" \/>\n<meta property=\"article:publisher\" content=\"https:\/\/www.facebook.com\/elregionalvm\" \/>\n<meta property=\"article:published_time\" content=\"2025-11-19T04:57:43+00:00\" \/>\n<meta property=\"article:modified_time\" content=\"2025-11-19T04:57:47+00:00\" \/>\n<meta property=\"og:image\" content=\"https:\/\/elregionalvm.com.ar\/noticias-villa-maria\/wp-content\/uploads\/2025\/11\/d5946ed9e00243a480c34d51101366e8.jpeg\" \/>\n\t<meta property=\"og:image:width\" content=\"800\" \/>\n\t<meta property=\"og:image:height\" content=\"600\" \/>\n\t<meta property=\"og:image:type\" content=\"image\/jpeg\" \/>\n<meta name=\"author\" content=\"Contenidos El Regional\" \/>\n<meta name=\"twitter:card\" content=\"summary_large_image\" \/>\n<meta name=\"twitter:creator\" content=\"@elregionalvm1\" \/>\n<meta name=\"twitter:site\" content=\"@elregionalvm1\" \/>\n<meta name=\"twitter:label1\" content=\"Escrito por\" \/>\n\t<meta name=\"twitter:data1\" content=\"Contenidos El Regional\" \/>\n\t<meta name=\"twitter:label2\" content=\"Tiempo de lectura\" \/>\n\t<meta name=\"twitter:data2\" content=\"4 minutos\" \/>\n<script type=\"application\/ld+json\" class=\"yoast-schema-graph\">{\"@context\":\"https:\/\/schema.org\",\"@graph\":[{\"@type\":\"Article\",\"@id\":\"https:\/\/elregionalvm.com.ar\/noticias-villa-maria\/se-presento-el-programa-sazon-para-realzar-el-turismo-y-la-produccion-gastronomica-local\/#article\",\"isPartOf\":{\"@id\":\"https:\/\/elregionalvm.com.ar\/noticias-villa-maria\/se-presento-el-programa-sazon-para-realzar-el-turismo-y-la-produccion-gastronomica-local\/\"},\"author\":{\"name\":\"Contenidos El Regional\",\"@id\":\"http:\/\/elregionalvm.com.ar\/noticias-villa-maria\/#\/schema\/person\/a0fb9c422317faca23d50163151bc354\"},\"headline\":\"Se present\u00f3 el programa \u201cSaz\u00f3n\u201d para realzar el turismo y la producci\u00f3n gastron\u00f3mica local\",\"datePublished\":\"2025-11-19T04:57:43+00:00\",\"dateModified\":\"2025-11-19T04:57:47+00:00\",\"mainEntityOfPage\":{\"@id\":\"https:\/\/elregionalvm.com.ar\/noticias-villa-maria\/se-presento-el-programa-sazon-para-realzar-el-turismo-y-la-produccion-gastronomica-local\/\"},\"wordCount\":747,\"commentCount\":0,\"image\":{\"@id\":\"https:\/\/elregionalvm.com.ar\/noticias-villa-maria\/se-presento-el-programa-sazon-para-realzar-el-turismo-y-la-produccion-gastronomica-local\/#primaryimage\"},\"thumbnailUrl\":\"https:\/\/i0.wp.com\/elregionalvm.com.ar\/noticias-villa-maria\/wp-content\/uploads\/2025\/11\/d5946ed9e00243a480c34d51101366e8.jpeg?fit=800%2C600&ssl=1\",\"articleSection\":[\"destacado\",\"Sociedad\",\"Villa Mar\u00eda\"],\"inLanguage\":\"es\",\"potentialAction\":[{\"@type\":\"CommentAction\",\"name\":\"Comment\",\"target\":[\"https:\/\/elregionalvm.com.ar\/noticias-villa-maria\/se-presento-el-programa-sazon-para-realzar-el-turismo-y-la-produccion-gastronomica-local\/#respond\"]}]},{\"@type\":\"WebPage\",\"@id\":\"https:\/\/elregionalvm.com.ar\/noticias-villa-maria\/se-presento-el-programa-sazon-para-realzar-el-turismo-y-la-produccion-gastronomica-local\/\",\"url\":\"https:\/\/elregionalvm.com.ar\/noticias-villa-maria\/se-presento-el-programa-sazon-para-realzar-el-turismo-y-la-produccion-gastronomica-local\/\",\"name\":\"Se present\u00f3 el programa \u201cSaz\u00f3n\u201d para realzar el turismo y la producci\u00f3n gastron\u00f3mica local - El Regional\",\"isPartOf\":{\"@id\":\"http:\/\/elregionalvm.com.ar\/noticias-villa-maria\/#website\"},\"primaryImageOfPage\":{\"@id\":\"https:\/\/elregionalvm.com.ar\/noticias-villa-maria\/se-presento-el-programa-sazon-para-realzar-el-turismo-y-la-produccion-gastronomica-local\/#primaryimage\"},\"image\":{\"@id\":\"https:\/\/elregionalvm.com.ar\/noticias-villa-maria\/se-presento-el-programa-sazon-para-realzar-el-turismo-y-la-produccion-gastronomica-local\/#primaryimage\"},\"thumbnailUrl\":\"https:\/\/i0.wp.com\/elregionalvm.com.ar\/noticias-villa-maria\/wp-content\/uploads\/2025\/11\/d5946ed9e00243a480c34d51101366e8.jpeg?fit=800%2C600&ssl=1\",\"datePublished\":\"2025-11-19T04:57:43+00:00\",\"dateModified\":\"2025-11-19T04:57:47+00:00\",\"author\":{\"@id\":\"http:\/\/elregionalvm.com.ar\/noticias-villa-maria\/#\/schema\/person\/a0fb9c422317faca23d50163151bc354\"},\"breadcrumb\":{\"@id\":\"https:\/\/elregionalvm.com.ar\/noticias-villa-maria\/se-presento-el-programa-sazon-para-realzar-el-turismo-y-la-produccion-gastronomica-local\/#breadcrumb\"},\"inLanguage\":\"es\",\"potentialAction\":[{\"@type\":\"ReadAction\",\"target\":[\"https:\/\/elregionalvm.com.ar\/noticias-villa-maria\/se-presento-el-programa-sazon-para-realzar-el-turismo-y-la-produccion-gastronomica-local\/\"]}]},{\"@type\":\"ImageObject\",\"inLanguage\":\"es\",\"@id\":\"https:\/\/elregionalvm.com.ar\/noticias-villa-maria\/se-presento-el-programa-sazon-para-realzar-el-turismo-y-la-produccion-gastronomica-local\/#primaryimage\",\"url\":\"https:\/\/i0.wp.com\/elregionalvm.com.ar\/noticias-villa-maria\/wp-content\/uploads\/2025\/11\/d5946ed9e00243a480c34d51101366e8.jpeg?fit=800%2C600&ssl=1\",\"contentUrl\":\"https:\/\/i0.wp.com\/elregionalvm.com.ar\/noticias-villa-maria\/wp-content\/uploads\/2025\/11\/d5946ed9e00243a480c34d51101366e8.jpeg?fit=800%2C600&ssl=1\",\"width\":800,\"height\":600},{\"@type\":\"BreadcrumbList\",\"@id\":\"https:\/\/elregionalvm.com.ar\/noticias-villa-maria\/se-presento-el-programa-sazon-para-realzar-el-turismo-y-la-produccion-gastronomica-local\/#breadcrumb\",\"itemListElement\":[{\"@type\":\"ListItem\",\"position\":1,\"name\":\"Portada\",\"item\":\"https:\/\/elregionalvm.com.ar\/noticias-villa-maria\/\"},{\"@type\":\"ListItem\",\"position\":2,\"name\":\"Se present\u00f3 el programa \u201cSaz\u00f3n\u201d para realzar el turismo y la producci\u00f3n gastron\u00f3mica local\"}]},{\"@type\":\"WebSite\",\"@id\":\"http:\/\/elregionalvm.com.ar\/noticias-villa-maria\/#website\",\"url\":\"http:\/\/elregionalvm.com.ar\/noticias-villa-maria\/\",\"name\":\"El Regional\",\"description\":\"Mucho m\u00e1s que informaci\u00f3n\",\"potentialAction\":[{\"@type\":\"SearchAction\",\"target\":{\"@type\":\"EntryPoint\",\"urlTemplate\":\"http:\/\/elregionalvm.com.ar\/noticias-villa-maria\/?s={search_term_string}\"},\"query-input\":{\"@type\":\"PropertyValueSpecification\",\"valueRequired\":true,\"valueName\":\"search_term_string\"}}],\"inLanguage\":\"es\"},{\"@type\":\"Person\",\"@id\":\"http:\/\/elregionalvm.com.ar\/noticias-villa-maria\/#\/schema\/person\/a0fb9c422317faca23d50163151bc354\",\"name\":\"Contenidos El Regional\",\"image\":{\"@type\":\"ImageObject\",\"inLanguage\":\"es\",\"@id\":\"http:\/\/elregionalvm.com.ar\/noticias-villa-maria\/#\/schema\/person\/image\/\",\"url\":\"https:\/\/secure.gravatar.com\/avatar\/265b27cb2209af7bb3a1318f03305787d7981a5cc6e6cd08fe5a4ecdf99d4b48?s=96&d=mm&r=g\",\"contentUrl\":\"https:\/\/secure.gravatar.com\/avatar\/265b27cb2209af7bb3a1318f03305787d7981a5cc6e6cd08fe5a4ecdf99d4b48?s=96&d=mm&r=g\",\"caption\":\"Contenidos El Regional\"},\"url\":\"https:\/\/elregionalvm.com.ar\/noticias-villa-maria\/author\/contenido\/\"}]}<\/script>\n<!-- \/ Yoast SEO plugin. -->","yoast_head_json":{"title":"Se present\u00f3 el programa \u201cSaz\u00f3n\u201d para realzar el turismo y la producci\u00f3n gastron\u00f3mica local - El Regional","robots":{"index":"index","follow":"follow","max-snippet":"max-snippet:-1","max-image-preview":"max-image-preview:large","max-video-preview":"max-video-preview:-1"},"canonical":"https:\/\/elregionalvm.com.ar\/noticias-villa-maria\/se-presento-el-programa-sazon-para-realzar-el-turismo-y-la-produccion-gastronomica-local\/","og_locale":"es_ES","og_type":"article","og_title":"Se present\u00f3 el programa \u201cSaz\u00f3n\u201d para realzar el turismo y la producci\u00f3n gastron\u00f3mica local - El Regional","og_description":"El Ente Villa Mar\u00eda Deporte y Turismo, junto a la Agencia C\u00f3rdoba Turismo, productores y locales gastron\u00f3micos locales, dar\u00e1 inicio a la experiencia que pone en relevancia a los productores y potencia la identidad gastron\u00f3mica local, articulando al mismo tiempo entre el sector p\u00fablico y el privado.\u00a0 Durante la presentaci\u00f3n, que tuvo lugar en el [&hellip;]","og_url":"https:\/\/elregionalvm.com.ar\/noticias-villa-maria\/se-presento-el-programa-sazon-para-realzar-el-turismo-y-la-produccion-gastronomica-local\/","og_site_name":"El Regional","article_publisher":"https:\/\/www.facebook.com\/elregionalvm","article_published_time":"2025-11-19T04:57:43+00:00","article_modified_time":"2025-11-19T04:57:47+00:00","og_image":[{"width":800,"height":600,"url":"https:\/\/elregionalvm.com.ar\/noticias-villa-maria\/wp-content\/uploads\/2025\/11\/d5946ed9e00243a480c34d51101366e8.jpeg","type":"image\/jpeg"}],"author":"Contenidos El Regional","twitter_card":"summary_large_image","twitter_creator":"@elregionalvm1","twitter_site":"@elregionalvm1","twitter_misc":{"Escrito por":"Contenidos El Regional","Tiempo de lectura":"4 minutos"},"schema":{"@context":"https:\/\/schema.org","@graph":[{"@type":"Article","@id":"https:\/\/elregionalvm.com.ar\/noticias-villa-maria\/se-presento-el-programa-sazon-para-realzar-el-turismo-y-la-produccion-gastronomica-local\/#article","isPartOf":{"@id":"https:\/\/elregionalvm.com.ar\/noticias-villa-maria\/se-presento-el-programa-sazon-para-realzar-el-turismo-y-la-produccion-gastronomica-local\/"},"author":{"name":"Contenidos El Regional","@id":"http:\/\/elregionalvm.com.ar\/noticias-villa-maria\/#\/schema\/person\/a0fb9c422317faca23d50163151bc354"},"headline":"Se present\u00f3 el programa \u201cSaz\u00f3n\u201d para realzar el turismo y la producci\u00f3n gastron\u00f3mica local","datePublished":"2025-11-19T04:57:43+00:00","dateModified":"2025-11-19T04:57:47+00:00","mainEntityOfPage":{"@id":"https:\/\/elregionalvm.com.ar\/noticias-villa-maria\/se-presento-el-programa-sazon-para-realzar-el-turismo-y-la-produccion-gastronomica-local\/"},"wordCount":747,"commentCount":0,"image":{"@id":"https:\/\/elregionalvm.com.ar\/noticias-villa-maria\/se-presento-el-programa-sazon-para-realzar-el-turismo-y-la-produccion-gastronomica-local\/#primaryimage"},"thumbnailUrl":"https:\/\/i0.wp.com\/elregionalvm.com.ar\/noticias-villa-maria\/wp-content\/uploads\/2025\/11\/d5946ed9e00243a480c34d51101366e8.jpeg?fit=800%2C600&ssl=1","articleSection":["destacado","Sociedad","Villa Mar\u00eda"],"inLanguage":"es","potentialAction":[{"@type":"CommentAction","name":"Comment","target":["https:\/\/elregionalvm.com.ar\/noticias-villa-maria\/se-presento-el-programa-sazon-para-realzar-el-turismo-y-la-produccion-gastronomica-local\/#respond"]}]},{"@type":"WebPage","@id":"https:\/\/elregionalvm.com.ar\/noticias-villa-maria\/se-presento-el-programa-sazon-para-realzar-el-turismo-y-la-produccion-gastronomica-local\/","url":"https:\/\/elregionalvm.com.ar\/noticias-villa-maria\/se-presento-el-programa-sazon-para-realzar-el-turismo-y-la-produccion-gastronomica-local\/","name":"Se present\u00f3 el programa \u201cSaz\u00f3n\u201d para realzar el turismo y la producci\u00f3n gastron\u00f3mica local - El Regional","isPartOf":{"@id":"http:\/\/elregionalvm.com.ar\/noticias-villa-maria\/#website"},"primaryImageOfPage":{"@id":"https:\/\/elregionalvm.com.ar\/noticias-villa-maria\/se-presento-el-programa-sazon-para-realzar-el-turismo-y-la-produccion-gastronomica-local\/#primaryimage"},"image":{"@id":"https:\/\/elregionalvm.com.ar\/noticias-villa-maria\/se-presento-el-programa-sazon-para-realzar-el-turismo-y-la-produccion-gastronomica-local\/#primaryimage"},"thumbnailUrl":"https:\/\/i0.wp.com\/elregionalvm.com.ar\/noticias-villa-maria\/wp-content\/uploads\/2025\/11\/d5946ed9e00243a480c34d51101366e8.jpeg?fit=800%2C600&ssl=1","datePublished":"2025-11-19T04:57:43+00:00","dateModified":"2025-11-19T04:57:47+00:00","author":{"@id":"http:\/\/elregionalvm.com.ar\/noticias-villa-maria\/#\/schema\/person\/a0fb9c422317faca23d50163151bc354"},"breadcrumb":{"@id":"https:\/\/elregionalvm.com.ar\/noticias-villa-maria\/se-presento-el-programa-sazon-para-realzar-el-turismo-y-la-produccion-gastronomica-local\/#breadcrumb"},"inLanguage":"es","potentialAction":[{"@type":"ReadAction","target":["https:\/\/elregionalvm.com.ar\/noticias-villa-maria\/se-presento-el-programa-sazon-para-realzar-el-turismo-y-la-produccion-gastronomica-local\/"]}]},{"@type":"ImageObject","inLanguage":"es","@id":"https:\/\/elregionalvm.com.ar\/noticias-villa-maria\/se-presento-el-programa-sazon-para-realzar-el-turismo-y-la-produccion-gastronomica-local\/#primaryimage","url":"https:\/\/i0.wp.com\/elregionalvm.com.ar\/noticias-villa-maria\/wp-content\/uploads\/2025\/11\/d5946ed9e00243a480c34d51101366e8.jpeg?fit=800%2C600&ssl=1","contentUrl":"https:\/\/i0.wp.com\/elregionalvm.com.ar\/noticias-villa-maria\/wp-content\/uploads\/2025\/11\/d5946ed9e00243a480c34d51101366e8.jpeg?fit=800%2C600&ssl=1","width":800,"height":600},{"@type":"BreadcrumbList","@id":"https:\/\/elregionalvm.com.ar\/noticias-villa-maria\/se-presento-el-programa-sazon-para-realzar-el-turismo-y-la-produccion-gastronomica-local\/#breadcrumb","itemListElement":[{"@type":"ListItem","position":1,"name":"Portada","item":"https:\/\/elregionalvm.com.ar\/noticias-villa-maria\/"},{"@type":"ListItem","position":2,"name":"Se present\u00f3 el programa \u201cSaz\u00f3n\u201d para realzar el turismo y la producci\u00f3n gastron\u00f3mica local"}]},{"@type":"WebSite","@id":"http:\/\/elregionalvm.com.ar\/noticias-villa-maria\/#website","url":"http:\/\/elregionalvm.com.ar\/noticias-villa-maria\/","name":"El Regional","description":"Mucho m\u00e1s que informaci\u00f3n","potentialAction":[{"@type":"SearchAction","target":{"@type":"EntryPoint","urlTemplate":"http:\/\/elregionalvm.com.ar\/noticias-villa-maria\/?s={search_term_string}"},"query-input":{"@type":"PropertyValueSpecification","valueRequired":true,"valueName":"search_term_string"}}],"inLanguage":"es"},{"@type":"Person","@id":"http:\/\/elregionalvm.com.ar\/noticias-villa-maria\/#\/schema\/person\/a0fb9c422317faca23d50163151bc354","name":"Contenidos El Regional","image":{"@type":"ImageObject","inLanguage":"es","@id":"http:\/\/elregionalvm.com.ar\/noticias-villa-maria\/#\/schema\/person\/image\/","url":"https:\/\/secure.gravatar.com\/avatar\/265b27cb2209af7bb3a1318f03305787d7981a5cc6e6cd08fe5a4ecdf99d4b48?s=96&d=mm&r=g","contentUrl":"https:\/\/secure.gravatar.com\/avatar\/265b27cb2209af7bb3a1318f03305787d7981a5cc6e6cd08fe5a4ecdf99d4b48?s=96&d=mm&r=g","caption":"Contenidos El Regional"},"url":"https:\/\/elregionalvm.com.ar\/noticias-villa-maria\/author\/contenido\/"}]}},"jetpack_featured_media_url":"https:\/\/i0.wp.com\/elregionalvm.com.ar\/noticias-villa-maria\/wp-content\/uploads\/2025\/11\/d5946ed9e00243a480c34d51101366e8.jpeg?fit=800%2C600&ssl=1","jetpack_sharing_enabled":true,"_links":{"self":[{"href":"https:\/\/elregionalvm.com.ar\/noticias-villa-maria\/wp-json\/wp\/v2\/posts\/112038","targetHints":{"allow":["GET"]}}],"collection":[{"href":"https:\/\/elregionalvm.com.ar\/noticias-villa-maria\/wp-json\/wp\/v2\/posts"}],"about":[{"href":"https:\/\/elregionalvm.com.ar\/noticias-villa-maria\/wp-json\/wp\/v2\/types\/post"}],"author":[{"embeddable":true,"href":"https:\/\/elregionalvm.com.ar\/noticias-villa-maria\/wp-json\/wp\/v2\/users\/4"}],"replies":[{"embeddable":true,"href":"https:\/\/elregionalvm.com.ar\/noticias-villa-maria\/wp-json\/wp\/v2\/comments?post=112038"}],"version-history":[{"count":1,"href":"https:\/\/elregionalvm.com.ar\/noticias-villa-maria\/wp-json\/wp\/v2\/posts\/112038\/revisions"}],"predecessor-version":[{"id":112040,"href":"https:\/\/elregionalvm.com.ar\/noticias-villa-maria\/wp-json\/wp\/v2\/posts\/112038\/revisions\/112040"}],"wp:featuredmedia":[{"embeddable":true,"href":"https:\/\/elregionalvm.com.ar\/noticias-villa-maria\/wp-json\/wp\/v2\/media\/112039"}],"wp:attachment":[{"href":"https:\/\/elregionalvm.com.ar\/noticias-villa-maria\/wp-json\/wp\/v2\/media?parent=112038"}],"wp:term":[{"taxonomy":"category","embeddable":true,"href":"https:\/\/elregionalvm.com.ar\/noticias-villa-maria\/wp-json\/wp\/v2\/categories?post=112038"},{"taxonomy":"post_tag","embeddable":true,"href":"https:\/\/elregionalvm.com.ar\/noticias-villa-maria\/wp-json\/wp\/v2\/tags?post=112038"}],"curies":[{"name":"wp","href":"https:\/\/api.w.org\/{rel}","templated":true}]}}