{"id":112041,"date":"2025-11-19T05:13:01","date_gmt":"2025-11-19T05:13:01","guid":{"rendered":"https:\/\/elregionalvm.com.ar\/noticias-villa-maria\/?p=112041"},"modified":"2025-11-19T05:13:04","modified_gmt":"2025-11-19T05:13:04","slug":"trasladaron-la-historica-escultura-del-predio-del-buen-pastor-a-la-parroquia-san-jose","status":"publish","type":"post","link":"https:\/\/elregionalvm.com.ar\/noticias-villa-maria\/trasladaron-la-historica-escultura-del-predio-del-buen-pastor-a-la-parroquia-san-jose\/","title":{"rendered":"Trasladaron la hist\u00f3rica escultura del predio del Buen Pastor a la parroquia San Jos\u00e9"},"content":{"rendered":"\n<p>La hist\u00f3rica escultura de San Jos\u00e9, conocida por formar parte del predio del Buen Pastor durante d\u00e9cadas, fue trasladada a la parroquia San Jos\u00e9 en Alto Alberdi. Esta acci\u00f3n formaliza la restituci\u00f3n establecida en el acuerdo entre la Agencia C\u00f3rdoba Cultura y el Arzobispado de C\u00f3rdoba.<\/p>\n\n\n\n<p>La pieza de m\u00e1rmol es de notable valor art\u00edstico y simb\u00f3lico para el Buen Pastor, ya que posee una profunda vinculaci\u00f3n con la historia de la zona.<\/p>\n\n\n\n<p>Durante d\u00e9cadas integr\u00f3 hist\u00f3ricamente los espacios del antiguo convento de las Hermanas del Buen Pastor y de la ex c\u00e1rcel de mujeres, formando parte del primer patio del complejo.<\/p>\n\n\n\n<p>El presidente de la Agencia, Ra\u00fal Sansica, destac\u00f3 el trabajo mancomunado junto al Arzobispado y manifest\u00f3:&nbsp;<em>\u201cEsta restituci\u00f3n del Estado provincial se inscribe en una pol\u00edtica de puesta en valor y cuidado del patrimonio hist\u00f3rico y religioso de todos los cordobeses. De esta manera el Estado provincial cumple su palabra de resguardar, preservar el patrimonio cultural y religioso de todos los cordobeses\u201d.<\/em><\/p>\n\n\n\n<p>Al momento del traspaso, el director del Paseo del Buen Pastor, Ignacio Garc\u00eda Vieyra expres\u00f3:&nbsp;<em>\u201cEs un honor formalizar la entrega escultura a la parroquia de Alto Alberdi que este a\u00f1o celebra su 80 aniversario\u201d.<\/em><\/p>\n\n\n\n<p>M\u00e1s all\u00e1 de su presencia f\u00edsica, la escultura estuvo ligada a un importante tramo de la memoria espiritual, social y comunitaria de la zona. Su traslado responde a criterios de conservaci\u00f3n, resguardo y correcta administraci\u00f3n de bienes culturales bajo jurisdicci\u00f3n provincial.<\/p>\n\n\n\n<p>La figura pesa alrededor de 1.200 kilos y se encontraba dentro de la antigua sacrist\u00eda del inmueble, el arquitecto del Arzobispado, Javier Correa, detall\u00f3: \u201c<em>El traslado fue un operativo muy delicado, tuvimos que montar una estructura especial de andamios, malacates y aparejos para descalzarla de su basamento y poder elevarla sin da\u00f1ar la capilla\u201d.<\/em><\/p>\n\n\n\n<p><em>\u201cUna vez embalada, la retiramos hacia la explanada y all\u00ed una hidrogr\u00faa realiz\u00f3 la maniobra para trasladarla a la parroquia, donde finalmente se la coloc\u00f3 sobre un basamento construido especialmente en el atrio\u201d<\/em>, a\u00f1adi\u00f3 el arquitecto.<\/p>\n\n\n\n<p>La reubicaci\u00f3n de la imagen en la parroquia San Jos\u00e9 adquiere especial relevancia en funci\u00f3n de la coincidencia con el 80\u00b0 aniversario del templo, hecho que otorga un marco significativo a la llegada de la escultura y refuerza su valor simb\u00f3lico dentro de la comunidad.<\/p>\n","protected":false},"excerpt":{"rendered":"<p>La hist\u00f3rica escultura de San Jos\u00e9, conocida por formar parte del predio del Buen Pastor durante d\u00e9cadas, fue trasladada a la parroquia San Jos\u00e9 en Alto Alberdi. Esta acci\u00f3n formaliza la restituci\u00f3n establecida en el acuerdo entre la Agencia C\u00f3rdoba Cultura y el Arzobispado de C\u00f3rdoba. La pieza de m\u00e1rmol es de notable valor art\u00edstico [&hellip;]<\/p>\n","protected":false},"author":4,"featured_media":112042,"comment_status":"open","ping_status":"open","sticky":false,"template":"","format":"standard","meta":{"site-sidebar-layout":"default","site-content-layout":"","ast-site-content-layout":"default","site-content-style":"default","site-sidebar-style":"default","ast-global-header-display":"","ast-banner-title-visibility":"","ast-main-header-display":"","ast-hfb-above-header-display":"","ast-hfb-below-header-display":"","ast-hfb-mobile-header-display":"","site-post-title":"","ast-breadcrumbs-content":"","ast-featured-img":"","footer-sml-layout":"","ast-disable-related-posts":"","theme-transparent-header-meta":"","adv-header-id-meta":"","stick-header-meta":"","header-above-stick-meta":"","header-main-stick-meta":"","header-below-stick-meta":"","astra-migrate-meta-layouts":"set","ast-page-background-enabled":"default","ast-page-background-meta":{"desktop":{"background-color":"","background-image":"","background-repeat":"repeat","background-position":"center center","background-size":"auto","background-attachment":"scroll","background-type":"","background-media":"","overlay-type":"","overlay-color":"","overlay-opacity":"","overlay-gradient":""},"tablet":{"background-color":"","background-image":"","background-repeat":"repeat","background-position":"center center","background-size":"auto","background-attachment":"scroll","background-type":"","background-media":"","overlay-type":"","overlay-color":"","overlay-opacity":"","overlay-gradient":""},"mobile":{"background-color":"","background-image":"","background-repeat":"repeat","background-position":"center center","background-size":"auto","background-attachment":"scroll","background-type":"","background-media":"","overlay-type":"","overlay-color":"","overlay-opacity":"","overlay-gradient":""}},"ast-content-background-meta":{"desktop":{"background-color":"var(--ast-global-color-5)","background-image":"","background-repeat":"repeat","background-position":"center center","background-size":"auto","background-attachment":"scroll","background-type":"","background-media":"","overlay-type":"","overlay-color":"","overlay-opacity":"","overlay-gradient":""},"tablet":{"background-color":"var(--ast-global-color-5)","background-image":"","background-repeat":"repeat","background-position":"center center","background-size":"auto","background-attachment":"scroll","background-type":"","background-media":"","overlay-type":"","overlay-color":"","overlay-opacity":"","overlay-gradient":""},"mobile":{"background-color":"var(--ast-global-color-5)","background-image":"","background-repeat":"repeat","background-position":"center center","background-size":"auto","background-attachment":"scroll","background-type":"","background-media":"","overlay-type":"","overlay-color":"","overlay-opacity":"","overlay-gradient":""}},"_jetpack_memberships_contains_paid_content":false,"_joinchat":[],"footnotes":""},"categories":[15302,16095],"tags":[],"class_list":["post-112041","post","type-post","status-publish","format-standard","has-post-thumbnail","hentry","category-destacado","category-provinciales"],"yoast_head":"<!-- This site is optimized with the Yoast SEO plugin v26.8 - https:\/\/yoast.com\/product\/yoast-seo-wordpress\/ -->\n<title>Trasladaron la hist\u00f3rica escultura del predio del Buen Pastor a la parroquia San Jos\u00e9 - El Regional<\/title>\n<meta name=\"robots\" content=\"index, follow, max-snippet:-1, max-image-preview:large, max-video-preview:-1\" \/>\n<link rel=\"canonical\" href=\"https:\/\/elregionalvm.com.ar\/noticias-villa-maria\/trasladaron-la-historica-escultura-del-predio-del-buen-pastor-a-la-parroquia-san-jose\/\" \/>\n<meta property=\"og:locale\" content=\"es_ES\" \/>\n<meta property=\"og:type\" content=\"article\" \/>\n<meta property=\"og:title\" content=\"Trasladaron la hist\u00f3rica escultura del predio del Buen Pastor a la parroquia San Jos\u00e9 - El Regional\" \/>\n<meta property=\"og:description\" content=\"La hist\u00f3rica escultura de San Jos\u00e9, conocida por formar parte del predio del Buen Pastor durante d\u00e9cadas, fue trasladada a la parroquia San Jos\u00e9 en Alto Alberdi. Esta acci\u00f3n formaliza la restituci\u00f3n establecida en el acuerdo entre la Agencia C\u00f3rdoba Cultura y el Arzobispado de C\u00f3rdoba. La pieza de m\u00e1rmol es de notable valor art\u00edstico [&hellip;]\" \/>\n<meta property=\"og:url\" content=\"https:\/\/elregionalvm.com.ar\/noticias-villa-maria\/trasladaron-la-historica-escultura-del-predio-del-buen-pastor-a-la-parroquia-san-jose\/\" \/>\n<meta property=\"og:site_name\" content=\"El Regional\" \/>\n<meta property=\"article:publisher\" content=\"https:\/\/www.facebook.com\/elregionalvm\" \/>\n<meta property=\"article:published_time\" content=\"2025-11-19T05:13:01+00:00\" \/>\n<meta property=\"article:modified_time\" content=\"2025-11-19T05:13:04+00:00\" \/>\n<meta property=\"og:image\" content=\"https:\/\/elregionalvm.com.ar\/noticias-villa-maria\/wp-content\/uploads\/2025\/11\/WhatsApp-Image-2025-11-18-at-19.05.53.jpeg\" \/>\n\t<meta property=\"og:image:width\" content=\"993\" \/>\n\t<meta property=\"og:image:height\" content=\"660\" \/>\n\t<meta property=\"og:image:type\" content=\"image\/jpeg\" \/>\n<meta name=\"author\" content=\"Contenidos El Regional\" \/>\n<meta name=\"twitter:card\" content=\"summary_large_image\" \/>\n<meta name=\"twitter:creator\" content=\"@elregionalvm1\" \/>\n<meta name=\"twitter:site\" content=\"@elregionalvm1\" \/>\n<meta name=\"twitter:label1\" content=\"Escrito por\" \/>\n\t<meta name=\"twitter:data1\" content=\"Contenidos El Regional\" \/>\n\t<meta name=\"twitter:label2\" content=\"Tiempo de lectura\" \/>\n\t<meta name=\"twitter:data2\" content=\"2 minutos\" \/>\n<script type=\"application\/ld+json\" class=\"yoast-schema-graph\">{\"@context\":\"https:\/\/schema.org\",\"@graph\":[{\"@type\":\"Article\",\"@id\":\"https:\/\/elregionalvm.com.ar\/noticias-villa-maria\/trasladaron-la-historica-escultura-del-predio-del-buen-pastor-a-la-parroquia-san-jose\/#article\",\"isPartOf\":{\"@id\":\"https:\/\/elregionalvm.com.ar\/noticias-villa-maria\/trasladaron-la-historica-escultura-del-predio-del-buen-pastor-a-la-parroquia-san-jose\/\"},\"author\":{\"name\":\"Contenidos El Regional\",\"@id\":\"http:\/\/elregionalvm.com.ar\/noticias-villa-maria\/#\/schema\/person\/a0fb9c422317faca23d50163151bc354\"},\"headline\":\"Trasladaron la hist\u00f3rica escultura del predio del Buen Pastor a la parroquia San Jos\u00e9\",\"datePublished\":\"2025-11-19T05:13:01+00:00\",\"dateModified\":\"2025-11-19T05:13:04+00:00\",\"mainEntityOfPage\":{\"@id\":\"https:\/\/elregionalvm.com.ar\/noticias-villa-maria\/trasladaron-la-historica-escultura-del-predio-del-buen-pastor-a-la-parroquia-san-jose\/\"},\"wordCount\":420,\"commentCount\":0,\"image\":{\"@id\":\"https:\/\/elregionalvm.com.ar\/noticias-villa-maria\/trasladaron-la-historica-escultura-del-predio-del-buen-pastor-a-la-parroquia-san-jose\/#primaryimage\"},\"thumbnailUrl\":\"https:\/\/i0.wp.com\/elregionalvm.com.ar\/noticias-villa-maria\/wp-content\/uploads\/2025\/11\/WhatsApp-Image-2025-11-18-at-19.05.53.jpeg?fit=993%2C660&ssl=1\",\"articleSection\":[\"destacado\",\"Provinciales\"],\"inLanguage\":\"es\",\"potentialAction\":[{\"@type\":\"CommentAction\",\"name\":\"Comment\",\"target\":[\"https:\/\/elregionalvm.com.ar\/noticias-villa-maria\/trasladaron-la-historica-escultura-del-predio-del-buen-pastor-a-la-parroquia-san-jose\/#respond\"]}]},{\"@type\":\"WebPage\",\"@id\":\"https:\/\/elregionalvm.com.ar\/noticias-villa-maria\/trasladaron-la-historica-escultura-del-predio-del-buen-pastor-a-la-parroquia-san-jose\/\",\"url\":\"https:\/\/elregionalvm.com.ar\/noticias-villa-maria\/trasladaron-la-historica-escultura-del-predio-del-buen-pastor-a-la-parroquia-san-jose\/\",\"name\":\"Trasladaron la hist\u00f3rica escultura del predio del Buen Pastor a la parroquia San Jos\u00e9 - El Regional\",\"isPartOf\":{\"@id\":\"http:\/\/elregionalvm.com.ar\/noticias-villa-maria\/#website\"},\"primaryImageOfPage\":{\"@id\":\"https:\/\/elregionalvm.com.ar\/noticias-villa-maria\/trasladaron-la-historica-escultura-del-predio-del-buen-pastor-a-la-parroquia-san-jose\/#primaryimage\"},\"image\":{\"@id\":\"https:\/\/elregionalvm.com.ar\/noticias-villa-maria\/trasladaron-la-historica-escultura-del-predio-del-buen-pastor-a-la-parroquia-san-jose\/#primaryimage\"},\"thumbnailUrl\":\"https:\/\/i0.wp.com\/elregionalvm.com.ar\/noticias-villa-maria\/wp-content\/uploads\/2025\/11\/WhatsApp-Image-2025-11-18-at-19.05.53.jpeg?fit=993%2C660&ssl=1\",\"datePublished\":\"2025-11-19T05:13:01+00:00\",\"dateModified\":\"2025-11-19T05:13:04+00:00\",\"author\":{\"@id\":\"http:\/\/elregionalvm.com.ar\/noticias-villa-maria\/#\/schema\/person\/a0fb9c422317faca23d50163151bc354\"},\"breadcrumb\":{\"@id\":\"https:\/\/elregionalvm.com.ar\/noticias-villa-maria\/trasladaron-la-historica-escultura-del-predio-del-buen-pastor-a-la-parroquia-san-jose\/#breadcrumb\"},\"inLanguage\":\"es\",\"potentialAction\":[{\"@type\":\"ReadAction\",\"target\":[\"https:\/\/elregionalvm.com.ar\/noticias-villa-maria\/trasladaron-la-historica-escultura-del-predio-del-buen-pastor-a-la-parroquia-san-jose\/\"]}]},{\"@type\":\"ImageObject\",\"inLanguage\":\"es\",\"@id\":\"https:\/\/elregionalvm.com.ar\/noticias-villa-maria\/trasladaron-la-historica-escultura-del-predio-del-buen-pastor-a-la-parroquia-san-jose\/#primaryimage\",\"url\":\"https:\/\/i0.wp.com\/elregionalvm.com.ar\/noticias-villa-maria\/wp-content\/uploads\/2025\/11\/WhatsApp-Image-2025-11-18-at-19.05.53.jpeg?fit=993%2C660&ssl=1\",\"contentUrl\":\"https:\/\/i0.wp.com\/elregionalvm.com.ar\/noticias-villa-maria\/wp-content\/uploads\/2025\/11\/WhatsApp-Image-2025-11-18-at-19.05.53.jpeg?fit=993%2C660&ssl=1\",\"width\":993,\"height\":660},{\"@type\":\"BreadcrumbList\",\"@id\":\"https:\/\/elregionalvm.com.ar\/noticias-villa-maria\/trasladaron-la-historica-escultura-del-predio-del-buen-pastor-a-la-parroquia-san-jose\/#breadcrumb\",\"itemListElement\":[{\"@type\":\"ListItem\",\"position\":1,\"name\":\"Portada\",\"item\":\"https:\/\/elregionalvm.com.ar\/noticias-villa-maria\/\"},{\"@type\":\"ListItem\",\"position\":2,\"name\":\"Trasladaron la hist\u00f3rica escultura del predio del Buen Pastor a la parroquia San Jos\u00e9\"}]},{\"@type\":\"WebSite\",\"@id\":\"http:\/\/elregionalvm.com.ar\/noticias-villa-maria\/#website\",\"url\":\"http:\/\/elregionalvm.com.ar\/noticias-villa-maria\/\",\"name\":\"El Regional\",\"description\":\"Mucho m\u00e1s que informaci\u00f3n\",\"potentialAction\":[{\"@type\":\"SearchAction\",\"target\":{\"@type\":\"EntryPoint\",\"urlTemplate\":\"http:\/\/elregionalvm.com.ar\/noticias-villa-maria\/?s={search_term_string}\"},\"query-input\":{\"@type\":\"PropertyValueSpecification\",\"valueRequired\":true,\"valueName\":\"search_term_string\"}}],\"inLanguage\":\"es\"},{\"@type\":\"Person\",\"@id\":\"http:\/\/elregionalvm.com.ar\/noticias-villa-maria\/#\/schema\/person\/a0fb9c422317faca23d50163151bc354\",\"name\":\"Contenidos El Regional\",\"image\":{\"@type\":\"ImageObject\",\"inLanguage\":\"es\",\"@id\":\"http:\/\/elregionalvm.com.ar\/noticias-villa-maria\/#\/schema\/person\/image\/\",\"url\":\"https:\/\/secure.gravatar.com\/avatar\/265b27cb2209af7bb3a1318f03305787d7981a5cc6e6cd08fe5a4ecdf99d4b48?s=96&d=mm&r=g\",\"contentUrl\":\"https:\/\/secure.gravatar.com\/avatar\/265b27cb2209af7bb3a1318f03305787d7981a5cc6e6cd08fe5a4ecdf99d4b48?s=96&d=mm&r=g\",\"caption\":\"Contenidos El Regional\"},\"url\":\"https:\/\/elregionalvm.com.ar\/noticias-villa-maria\/author\/contenido\/\"}]}<\/script>\n<!-- \/ Yoast SEO plugin. -->","yoast_head_json":{"title":"Trasladaron la hist\u00f3rica escultura del predio del Buen Pastor a la parroquia San Jos\u00e9 - El Regional","robots":{"index":"index","follow":"follow","max-snippet":"max-snippet:-1","max-image-preview":"max-image-preview:large","max-video-preview":"max-video-preview:-1"},"canonical":"https:\/\/elregionalvm.com.ar\/noticias-villa-maria\/trasladaron-la-historica-escultura-del-predio-del-buen-pastor-a-la-parroquia-san-jose\/","og_locale":"es_ES","og_type":"article","og_title":"Trasladaron la hist\u00f3rica escultura del predio del Buen Pastor a la parroquia San Jos\u00e9 - El Regional","og_description":"La hist\u00f3rica escultura de San Jos\u00e9, conocida por formar parte del predio del Buen Pastor durante d\u00e9cadas, fue trasladada a la parroquia San Jos\u00e9 en Alto Alberdi. Esta acci\u00f3n formaliza la restituci\u00f3n establecida en el acuerdo entre la Agencia C\u00f3rdoba Cultura y el Arzobispado de C\u00f3rdoba. La pieza de m\u00e1rmol es de notable valor art\u00edstico [&hellip;]","og_url":"https:\/\/elregionalvm.com.ar\/noticias-villa-maria\/trasladaron-la-historica-escultura-del-predio-del-buen-pastor-a-la-parroquia-san-jose\/","og_site_name":"El Regional","article_publisher":"https:\/\/www.facebook.com\/elregionalvm","article_published_time":"2025-11-19T05:13:01+00:00","article_modified_time":"2025-11-19T05:13:04+00:00","og_image":[{"width":993,"height":660,"url":"https:\/\/elregionalvm.com.ar\/noticias-villa-maria\/wp-content\/uploads\/2025\/11\/WhatsApp-Image-2025-11-18-at-19.05.53.jpeg","type":"image\/jpeg"}],"author":"Contenidos El Regional","twitter_card":"summary_large_image","twitter_creator":"@elregionalvm1","twitter_site":"@elregionalvm1","twitter_misc":{"Escrito por":"Contenidos El Regional","Tiempo de lectura":"2 minutos"},"schema":{"@context":"https:\/\/schema.org","@graph":[{"@type":"Article","@id":"https:\/\/elregionalvm.com.ar\/noticias-villa-maria\/trasladaron-la-historica-escultura-del-predio-del-buen-pastor-a-la-parroquia-san-jose\/#article","isPartOf":{"@id":"https:\/\/elregionalvm.com.ar\/noticias-villa-maria\/trasladaron-la-historica-escultura-del-predio-del-buen-pastor-a-la-parroquia-san-jose\/"},"author":{"name":"Contenidos El Regional","@id":"http:\/\/elregionalvm.com.ar\/noticias-villa-maria\/#\/schema\/person\/a0fb9c422317faca23d50163151bc354"},"headline":"Trasladaron la hist\u00f3rica escultura del predio del Buen Pastor a la parroquia San Jos\u00e9","datePublished":"2025-11-19T05:13:01+00:00","dateModified":"2025-11-19T05:13:04+00:00","mainEntityOfPage":{"@id":"https:\/\/elregionalvm.com.ar\/noticias-villa-maria\/trasladaron-la-historica-escultura-del-predio-del-buen-pastor-a-la-parroquia-san-jose\/"},"wordCount":420,"commentCount":0,"image":{"@id":"https:\/\/elregionalvm.com.ar\/noticias-villa-maria\/trasladaron-la-historica-escultura-del-predio-del-buen-pastor-a-la-parroquia-san-jose\/#primaryimage"},"thumbnailUrl":"https:\/\/i0.wp.com\/elregionalvm.com.ar\/noticias-villa-maria\/wp-content\/uploads\/2025\/11\/WhatsApp-Image-2025-11-18-at-19.05.53.jpeg?fit=993%2C660&ssl=1","articleSection":["destacado","Provinciales"],"inLanguage":"es","potentialAction":[{"@type":"CommentAction","name":"Comment","target":["https:\/\/elregionalvm.com.ar\/noticias-villa-maria\/trasladaron-la-historica-escultura-del-predio-del-buen-pastor-a-la-parroquia-san-jose\/#respond"]}]},{"@type":"WebPage","@id":"https:\/\/elregionalvm.com.ar\/noticias-villa-maria\/trasladaron-la-historica-escultura-del-predio-del-buen-pastor-a-la-parroquia-san-jose\/","url":"https:\/\/elregionalvm.com.ar\/noticias-villa-maria\/trasladaron-la-historica-escultura-del-predio-del-buen-pastor-a-la-parroquia-san-jose\/","name":"Trasladaron la hist\u00f3rica escultura del predio del Buen Pastor a la parroquia San Jos\u00e9 - El Regional","isPartOf":{"@id":"http:\/\/elregionalvm.com.ar\/noticias-villa-maria\/#website"},"primaryImageOfPage":{"@id":"https:\/\/elregionalvm.com.ar\/noticias-villa-maria\/trasladaron-la-historica-escultura-del-predio-del-buen-pastor-a-la-parroquia-san-jose\/#primaryimage"},"image":{"@id":"https:\/\/elregionalvm.com.ar\/noticias-villa-maria\/trasladaron-la-historica-escultura-del-predio-del-buen-pastor-a-la-parroquia-san-jose\/#primaryimage"},"thumbnailUrl":"https:\/\/i0.wp.com\/elregionalvm.com.ar\/noticias-villa-maria\/wp-content\/uploads\/2025\/11\/WhatsApp-Image-2025-11-18-at-19.05.53.jpeg?fit=993%2C660&ssl=1","datePublished":"2025-11-19T05:13:01+00:00","dateModified":"2025-11-19T05:13:04+00:00","author":{"@id":"http:\/\/elregionalvm.com.ar\/noticias-villa-maria\/#\/schema\/person\/a0fb9c422317faca23d50163151bc354"},"breadcrumb":{"@id":"https:\/\/elregionalvm.com.ar\/noticias-villa-maria\/trasladaron-la-historica-escultura-del-predio-del-buen-pastor-a-la-parroquia-san-jose\/#breadcrumb"},"inLanguage":"es","potentialAction":[{"@type":"ReadAction","target":["https:\/\/elregionalvm.com.ar\/noticias-villa-maria\/trasladaron-la-historica-escultura-del-predio-del-buen-pastor-a-la-parroquia-san-jose\/"]}]},{"@type":"ImageObject","inLanguage":"es","@id":"https:\/\/elregionalvm.com.ar\/noticias-villa-maria\/trasladaron-la-historica-escultura-del-predio-del-buen-pastor-a-la-parroquia-san-jose\/#primaryimage","url":"https:\/\/i0.wp.com\/elregionalvm.com.ar\/noticias-villa-maria\/wp-content\/uploads\/2025\/11\/WhatsApp-Image-2025-11-18-at-19.05.53.jpeg?fit=993%2C660&ssl=1","contentUrl":"https:\/\/i0.wp.com\/elregionalvm.com.ar\/noticias-villa-maria\/wp-content\/uploads\/2025\/11\/WhatsApp-Image-2025-11-18-at-19.05.53.jpeg?fit=993%2C660&ssl=1","width":993,"height":660},{"@type":"BreadcrumbList","@id":"https:\/\/elregionalvm.com.ar\/noticias-villa-maria\/trasladaron-la-historica-escultura-del-predio-del-buen-pastor-a-la-parroquia-san-jose\/#breadcrumb","itemListElement":[{"@type":"ListItem","position":1,"name":"Portada","item":"https:\/\/elregionalvm.com.ar\/noticias-villa-maria\/"},{"@type":"ListItem","position":2,"name":"Trasladaron la hist\u00f3rica escultura del predio del Buen Pastor a la parroquia San Jos\u00e9"}]},{"@type":"WebSite","@id":"http:\/\/elregionalvm.com.ar\/noticias-villa-maria\/#website","url":"http:\/\/elregionalvm.com.ar\/noticias-villa-maria\/","name":"El Regional","description":"Mucho m\u00e1s que informaci\u00f3n","potentialAction":[{"@type":"SearchAction","target":{"@type":"EntryPoint","urlTemplate":"http:\/\/elregionalvm.com.ar\/noticias-villa-maria\/?s={search_term_string}"},"query-input":{"@type":"PropertyValueSpecification","valueRequired":true,"valueName":"search_term_string"}}],"inLanguage":"es"},{"@type":"Person","@id":"http:\/\/elregionalvm.com.ar\/noticias-villa-maria\/#\/schema\/person\/a0fb9c422317faca23d50163151bc354","name":"Contenidos El Regional","image":{"@type":"ImageObject","inLanguage":"es","@id":"http:\/\/elregionalvm.com.ar\/noticias-villa-maria\/#\/schema\/person\/image\/","url":"https:\/\/secure.gravatar.com\/avatar\/265b27cb2209af7bb3a1318f03305787d7981a5cc6e6cd08fe5a4ecdf99d4b48?s=96&d=mm&r=g","contentUrl":"https:\/\/secure.gravatar.com\/avatar\/265b27cb2209af7bb3a1318f03305787d7981a5cc6e6cd08fe5a4ecdf99d4b48?s=96&d=mm&r=g","caption":"Contenidos El Regional"},"url":"https:\/\/elregionalvm.com.ar\/noticias-villa-maria\/author\/contenido\/"}]}},"jetpack_featured_media_url":"https:\/\/i0.wp.com\/elregionalvm.com.ar\/noticias-villa-maria\/wp-content\/uploads\/2025\/11\/WhatsApp-Image-2025-11-18-at-19.05.53.jpeg?fit=993%2C660&ssl=1","jetpack_sharing_enabled":true,"_links":{"self":[{"href":"https:\/\/elregionalvm.com.ar\/noticias-villa-maria\/wp-json\/wp\/v2\/posts\/112041","targetHints":{"allow":["GET"]}}],"collection":[{"href":"https:\/\/elregionalvm.com.ar\/noticias-villa-maria\/wp-json\/wp\/v2\/posts"}],"about":[{"href":"https:\/\/elregionalvm.com.ar\/noticias-villa-maria\/wp-json\/wp\/v2\/types\/post"}],"author":[{"embeddable":true,"href":"https:\/\/elregionalvm.com.ar\/noticias-villa-maria\/wp-json\/wp\/v2\/users\/4"}],"replies":[{"embeddable":true,"href":"https:\/\/elregionalvm.com.ar\/noticias-villa-maria\/wp-json\/wp\/v2\/comments?post=112041"}],"version-history":[{"count":1,"href":"https:\/\/elregionalvm.com.ar\/noticias-villa-maria\/wp-json\/wp\/v2\/posts\/112041\/revisions"}],"predecessor-version":[{"id":112043,"href":"https:\/\/elregionalvm.com.ar\/noticias-villa-maria\/wp-json\/wp\/v2\/posts\/112041\/revisions\/112043"}],"wp:featuredmedia":[{"embeddable":true,"href":"https:\/\/elregionalvm.com.ar\/noticias-villa-maria\/wp-json\/wp\/v2\/media\/112042"}],"wp:attachment":[{"href":"https:\/\/elregionalvm.com.ar\/noticias-villa-maria\/wp-json\/wp\/v2\/media?parent=112041"}],"wp:term":[{"taxonomy":"category","embeddable":true,"href":"https:\/\/elregionalvm.com.ar\/noticias-villa-maria\/wp-json\/wp\/v2\/categories?post=112041"},{"taxonomy":"post_tag","embeddable":true,"href":"https:\/\/elregionalvm.com.ar\/noticias-villa-maria\/wp-json\/wp\/v2\/tags?post=112041"}],"curies":[{"name":"wp","href":"https:\/\/api.w.org\/{rel}","templated":true}]}}