{"id":112052,"date":"2025-11-19T17:12:42","date_gmt":"2025-11-19T17:12:42","guid":{"rendered":"https:\/\/elregionalvm.com.ar\/noticias-villa-maria\/?p=112052"},"modified":"2025-11-19T17:12:44","modified_gmt":"2025-11-19T17:12:44","slug":"un-hombre-fue-detenido-barrio-campos-del-este-por-robar-prendas-de-vestir","status":"publish","type":"post","link":"https:\/\/elregionalvm.com.ar\/noticias-villa-maria\/un-hombre-fue-detenido-barrio-campos-del-este-por-robar-prendas-de-vestir\/","title":{"rendered":"Un hombre fue detenido barrio Campos del Este por robar prendas de vestir"},"content":{"rendered":"\n<p>Siendo aproximadamente las 08:30 hs de la fecha personal de la Divisi\u00f3n Investigaciones de esta Unidad Regional Departamental procedi\u00f3 a cumplimentar una Orden Judicial de Allanamiento para un domicilio ubicado en Av. San Ana s\/n en B\u00ba Campos del Este, de esta ciudad, de acuerdo a lo solicitado por la Fiscal\u00eda de Instrucci\u00f3n de Tercer Turno cargo del Dr. Rene Bosio, Sec. Dra. Soledad Pepino.<\/p>\n\n\n\n<p>En el marco de este procedimiento se obtuvo resultado positivo procediendo a materializar la aprehensi\u00f3n de un hombre de 43 a\u00f1os sindicado como supuesto autor del delito de \u00abRobo\u00bb, adem\u00e1s se realiza el secuestro de prendas de vestir varias, que resultan de importancia para las causa judicial.<\/p>\n\n\n\n<p>Este procedimiento obedece a una investigaci\u00f3n en curso, iniciado con fecha 16.11.25, luego de que resulte damnificado un hombre de 46 a\u00f1os de edad , quien sufri\u00f3 la rotura de la vidriera de su local comercial de rubro pasteler\u00eda, ubicado sobre zona c\u00e9ntrica, donde posteriormente extraen elementos desde el interior. Es por ello, que se realizaron minuciosas tareas investigativas, como la recepci\u00f3n de testimonios, y relevamiento de c\u00e1maras publicas y privadas por los sectores aleda\u00f1os a donde el hecho delictivo tuvo lugar, las cuales conllevaron a la identificaci\u00f3n y posterior aprehensi\u00f3n de sujeto, prosiguiendo con la investigaci\u00f3n para descartar si existen otras personas involucradas.<\/p>\n\n\n\n<p>Se labran actuaciones a disposici\u00f3n de la Fiscal\u00eda de Instrucci\u00f3n de Turno correspondiente.<\/p>\n","protected":false},"excerpt":{"rendered":"<p>Siendo aproximadamente las 08:30 hs de la fecha personal de la Divisi\u00f3n Investigaciones de esta Unidad Regional Departamental procedi\u00f3 a cumplimentar una Orden Judicial de Allanamiento para un domicilio ubicado en Av. San Ana s\/n en B\u00ba Campos del Este, de esta ciudad, de acuerdo a lo solicitado por la Fiscal\u00eda de Instrucci\u00f3n de Tercer [&hellip;]<\/p>\n","protected":false},"author":4,"featured_media":112053,"comment_status":"open","ping_status":"open","sticky":false,"template":"","format":"standard","meta":{"site-sidebar-layout":"default","site-content-layout":"","ast-site-content-layout":"default","site-content-style":"default","site-sidebar-style":"default","ast-global-header-display":"","ast-banner-title-visibility":"","ast-main-header-display":"","ast-hfb-above-header-display":"","ast-hfb-below-header-display":"","ast-hfb-mobile-header-display":"","site-post-title":"","ast-breadcrumbs-content":"","ast-featured-img":"","footer-sml-layout":"","ast-disable-related-posts":"","theme-transparent-header-meta":"","adv-header-id-meta":"","stick-header-meta":"","header-above-stick-meta":"","header-main-stick-meta":"","header-below-stick-meta":"","astra-migrate-meta-layouts":"set","ast-page-background-enabled":"default","ast-page-background-meta":{"desktop":{"background-color":"","background-image":"","background-repeat":"repeat","background-position":"center center","background-size":"auto","background-attachment":"scroll","background-type":"","background-media":"","overlay-type":"","overlay-color":"","overlay-opacity":"","overlay-gradient":""},"tablet":{"background-color":"","background-image":"","background-repeat":"repeat","background-position":"center center","background-size":"auto","background-attachment":"scroll","background-type":"","background-media":"","overlay-type":"","overlay-color":"","overlay-opacity":"","overlay-gradient":""},"mobile":{"background-color":"","background-image":"","background-repeat":"repeat","background-position":"center center","background-size":"auto","background-attachment":"scroll","background-type":"","background-media":"","overlay-type":"","overlay-color":"","overlay-opacity":"","overlay-gradient":""}},"ast-content-background-meta":{"desktop":{"background-color":"var(--ast-global-color-5)","background-image":"","background-repeat":"repeat","background-position":"center center","background-size":"auto","background-attachment":"scroll","background-type":"","background-media":"","overlay-type":"","overlay-color":"","overlay-opacity":"","overlay-gradient":""},"tablet":{"background-color":"var(--ast-global-color-5)","background-image":"","background-repeat":"repeat","background-position":"center center","background-size":"auto","background-attachment":"scroll","background-type":"","background-media":"","overlay-type":"","overlay-color":"","overlay-opacity":"","overlay-gradient":""},"mobile":{"background-color":"var(--ast-global-color-5)","background-image":"","background-repeat":"repeat","background-position":"center center","background-size":"auto","background-attachment":"scroll","background-type":"","background-media":"","overlay-type":"","overlay-color":"","overlay-opacity":"","overlay-gradient":""}},"_jetpack_memberships_contains_paid_content":false,"_joinchat":[],"footnotes":""},"categories":[15302,2234,5,2],"tags":[],"class_list":["post-112052","post","type-post","status-publish","format-standard","has-post-thumbnail","hentry","category-destacado","category-policiales","category-sociedad","category-villa-maria"],"yoast_head":"<!-- This site is optimized with the Yoast SEO plugin v26.8 - https:\/\/yoast.com\/product\/yoast-seo-wordpress\/ -->\n<title>Un hombre fue detenido barrio Campos del Este por robar prendas de vestir - El Regional<\/title>\n<meta name=\"robots\" content=\"index, follow, max-snippet:-1, max-image-preview:large, max-video-preview:-1\" \/>\n<link rel=\"canonical\" href=\"https:\/\/elregionalvm.com.ar\/noticias-villa-maria\/un-hombre-fue-detenido-barrio-campos-del-este-por-robar-prendas-de-vestir\/\" \/>\n<meta property=\"og:locale\" content=\"es_ES\" \/>\n<meta property=\"og:type\" content=\"article\" \/>\n<meta property=\"og:title\" content=\"Un hombre fue detenido barrio Campos del Este por robar prendas de vestir - El Regional\" \/>\n<meta property=\"og:description\" content=\"Siendo aproximadamente las 08:30 hs de la fecha personal de la Divisi\u00f3n Investigaciones de esta Unidad Regional Departamental procedi\u00f3 a cumplimentar una Orden Judicial de Allanamiento para un domicilio ubicado en Av. San Ana s\/n en B\u00ba Campos del Este, de esta ciudad, de acuerdo a lo solicitado por la Fiscal\u00eda de Instrucci\u00f3n de Tercer [&hellip;]\" \/>\n<meta property=\"og:url\" content=\"https:\/\/elregionalvm.com.ar\/noticias-villa-maria\/un-hombre-fue-detenido-barrio-campos-del-este-por-robar-prendas-de-vestir\/\" \/>\n<meta property=\"og:site_name\" content=\"El Regional\" \/>\n<meta property=\"article:publisher\" content=\"https:\/\/www.facebook.com\/elregionalvm\" \/>\n<meta property=\"article:published_time\" content=\"2025-11-19T17:12:42+00:00\" \/>\n<meta property=\"article:modified_time\" content=\"2025-11-19T17:12:44+00:00\" \/>\n<meta property=\"og:image\" content=\"https:\/\/elregionalvm.com.ar\/noticias-villa-maria\/wp-content\/uploads\/2025\/11\/WhatsApp-Image-2025-11-19-at-13.01.06.jpeg\" \/>\n\t<meta property=\"og:image:width\" content=\"960\" \/>\n\t<meta property=\"og:image:height\" content=\"1280\" \/>\n\t<meta property=\"og:image:type\" content=\"image\/jpeg\" \/>\n<meta name=\"author\" content=\"Contenidos El Regional\" \/>\n<meta name=\"twitter:card\" content=\"summary_large_image\" \/>\n<meta name=\"twitter:creator\" content=\"@elregionalvm1\" \/>\n<meta name=\"twitter:site\" content=\"@elregionalvm1\" \/>\n<meta name=\"twitter:label1\" content=\"Escrito por\" \/>\n\t<meta name=\"twitter:data1\" content=\"Contenidos El Regional\" \/>\n\t<meta name=\"twitter:label2\" content=\"Tiempo de lectura\" \/>\n\t<meta name=\"twitter:data2\" content=\"2 minutos\" \/>\n<script type=\"application\/ld+json\" class=\"yoast-schema-graph\">{\"@context\":\"https:\/\/schema.org\",\"@graph\":[{\"@type\":\"Article\",\"@id\":\"https:\/\/elregionalvm.com.ar\/noticias-villa-maria\/un-hombre-fue-detenido-barrio-campos-del-este-por-robar-prendas-de-vestir\/#article\",\"isPartOf\":{\"@id\":\"https:\/\/elregionalvm.com.ar\/noticias-villa-maria\/un-hombre-fue-detenido-barrio-campos-del-este-por-robar-prendas-de-vestir\/\"},\"author\":{\"name\":\"Contenidos El Regional\",\"@id\":\"http:\/\/elregionalvm.com.ar\/noticias-villa-maria\/#\/schema\/person\/a0fb9c422317faca23d50163151bc354\"},\"headline\":\"Un hombre fue detenido barrio Campos del Este por robar prendas de vestir\",\"datePublished\":\"2025-11-19T17:12:42+00:00\",\"dateModified\":\"2025-11-19T17:12:44+00:00\",\"mainEntityOfPage\":{\"@id\":\"https:\/\/elregionalvm.com.ar\/noticias-villa-maria\/un-hombre-fue-detenido-barrio-campos-del-este-por-robar-prendas-de-vestir\/\"},\"wordCount\":257,\"commentCount\":0,\"image\":{\"@id\":\"https:\/\/elregionalvm.com.ar\/noticias-villa-maria\/un-hombre-fue-detenido-barrio-campos-del-este-por-robar-prendas-de-vestir\/#primaryimage\"},\"thumbnailUrl\":\"https:\/\/i0.wp.com\/elregionalvm.com.ar\/noticias-villa-maria\/wp-content\/uploads\/2025\/11\/WhatsApp-Image-2025-11-19-at-13.01.06.jpeg?fit=960%2C1280&ssl=1\",\"articleSection\":[\"destacado\",\"Policiales\",\"Sociedad\",\"Villa Mar\u00eda\"],\"inLanguage\":\"es\",\"potentialAction\":[{\"@type\":\"CommentAction\",\"name\":\"Comment\",\"target\":[\"https:\/\/elregionalvm.com.ar\/noticias-villa-maria\/un-hombre-fue-detenido-barrio-campos-del-este-por-robar-prendas-de-vestir\/#respond\"]}]},{\"@type\":\"WebPage\",\"@id\":\"https:\/\/elregionalvm.com.ar\/noticias-villa-maria\/un-hombre-fue-detenido-barrio-campos-del-este-por-robar-prendas-de-vestir\/\",\"url\":\"https:\/\/elregionalvm.com.ar\/noticias-villa-maria\/un-hombre-fue-detenido-barrio-campos-del-este-por-robar-prendas-de-vestir\/\",\"name\":\"Un hombre fue detenido barrio Campos del Este por robar prendas de vestir - El Regional\",\"isPartOf\":{\"@id\":\"http:\/\/elregionalvm.com.ar\/noticias-villa-maria\/#website\"},\"primaryImageOfPage\":{\"@id\":\"https:\/\/elregionalvm.com.ar\/noticias-villa-maria\/un-hombre-fue-detenido-barrio-campos-del-este-por-robar-prendas-de-vestir\/#primaryimage\"},\"image\":{\"@id\":\"https:\/\/elregionalvm.com.ar\/noticias-villa-maria\/un-hombre-fue-detenido-barrio-campos-del-este-por-robar-prendas-de-vestir\/#primaryimage\"},\"thumbnailUrl\":\"https:\/\/i0.wp.com\/elregionalvm.com.ar\/noticias-villa-maria\/wp-content\/uploads\/2025\/11\/WhatsApp-Image-2025-11-19-at-13.01.06.jpeg?fit=960%2C1280&ssl=1\",\"datePublished\":\"2025-11-19T17:12:42+00:00\",\"dateModified\":\"2025-11-19T17:12:44+00:00\",\"author\":{\"@id\":\"http:\/\/elregionalvm.com.ar\/noticias-villa-maria\/#\/schema\/person\/a0fb9c422317faca23d50163151bc354\"},\"breadcrumb\":{\"@id\":\"https:\/\/elregionalvm.com.ar\/noticias-villa-maria\/un-hombre-fue-detenido-barrio-campos-del-este-por-robar-prendas-de-vestir\/#breadcrumb\"},\"inLanguage\":\"es\",\"potentialAction\":[{\"@type\":\"ReadAction\",\"target\":[\"https:\/\/elregionalvm.com.ar\/noticias-villa-maria\/un-hombre-fue-detenido-barrio-campos-del-este-por-robar-prendas-de-vestir\/\"]}]},{\"@type\":\"ImageObject\",\"inLanguage\":\"es\",\"@id\":\"https:\/\/elregionalvm.com.ar\/noticias-villa-maria\/un-hombre-fue-detenido-barrio-campos-del-este-por-robar-prendas-de-vestir\/#primaryimage\",\"url\":\"https:\/\/i0.wp.com\/elregionalvm.com.ar\/noticias-villa-maria\/wp-content\/uploads\/2025\/11\/WhatsApp-Image-2025-11-19-at-13.01.06.jpeg?fit=960%2C1280&ssl=1\",\"contentUrl\":\"https:\/\/i0.wp.com\/elregionalvm.com.ar\/noticias-villa-maria\/wp-content\/uploads\/2025\/11\/WhatsApp-Image-2025-11-19-at-13.01.06.jpeg?fit=960%2C1280&ssl=1\",\"width\":960,\"height\":1280},{\"@type\":\"BreadcrumbList\",\"@id\":\"https:\/\/elregionalvm.com.ar\/noticias-villa-maria\/un-hombre-fue-detenido-barrio-campos-del-este-por-robar-prendas-de-vestir\/#breadcrumb\",\"itemListElement\":[{\"@type\":\"ListItem\",\"position\":1,\"name\":\"Portada\",\"item\":\"https:\/\/elregionalvm.com.ar\/noticias-villa-maria\/\"},{\"@type\":\"ListItem\",\"position\":2,\"name\":\"Un hombre fue detenido barrio Campos del Este por robar prendas de vestir\"}]},{\"@type\":\"WebSite\",\"@id\":\"http:\/\/elregionalvm.com.ar\/noticias-villa-maria\/#website\",\"url\":\"http:\/\/elregionalvm.com.ar\/noticias-villa-maria\/\",\"name\":\"El Regional\",\"description\":\"Mucho m\u00e1s que informaci\u00f3n\",\"potentialAction\":[{\"@type\":\"SearchAction\",\"target\":{\"@type\":\"EntryPoint\",\"urlTemplate\":\"http:\/\/elregionalvm.com.ar\/noticias-villa-maria\/?s={search_term_string}\"},\"query-input\":{\"@type\":\"PropertyValueSpecification\",\"valueRequired\":true,\"valueName\":\"search_term_string\"}}],\"inLanguage\":\"es\"},{\"@type\":\"Person\",\"@id\":\"http:\/\/elregionalvm.com.ar\/noticias-villa-maria\/#\/schema\/person\/a0fb9c422317faca23d50163151bc354\",\"name\":\"Contenidos El Regional\",\"image\":{\"@type\":\"ImageObject\",\"inLanguage\":\"es\",\"@id\":\"http:\/\/elregionalvm.com.ar\/noticias-villa-maria\/#\/schema\/person\/image\/\",\"url\":\"https:\/\/secure.gravatar.com\/avatar\/265b27cb2209af7bb3a1318f03305787d7981a5cc6e6cd08fe5a4ecdf99d4b48?s=96&d=mm&r=g\",\"contentUrl\":\"https:\/\/secure.gravatar.com\/avatar\/265b27cb2209af7bb3a1318f03305787d7981a5cc6e6cd08fe5a4ecdf99d4b48?s=96&d=mm&r=g\",\"caption\":\"Contenidos El Regional\"},\"url\":\"https:\/\/elregionalvm.com.ar\/noticias-villa-maria\/author\/contenido\/\"}]}<\/script>\n<!-- \/ Yoast SEO plugin. -->","yoast_head_json":{"title":"Un hombre fue detenido barrio Campos del Este por robar prendas de vestir - El Regional","robots":{"index":"index","follow":"follow","max-snippet":"max-snippet:-1","max-image-preview":"max-image-preview:large","max-video-preview":"max-video-preview:-1"},"canonical":"https:\/\/elregionalvm.com.ar\/noticias-villa-maria\/un-hombre-fue-detenido-barrio-campos-del-este-por-robar-prendas-de-vestir\/","og_locale":"es_ES","og_type":"article","og_title":"Un hombre fue detenido barrio Campos del Este por robar prendas de vestir - El Regional","og_description":"Siendo aproximadamente las 08:30 hs de la fecha personal de la Divisi\u00f3n Investigaciones de esta Unidad Regional Departamental procedi\u00f3 a cumplimentar una Orden Judicial de Allanamiento para un domicilio ubicado en Av. San Ana s\/n en B\u00ba Campos del Este, de esta ciudad, de acuerdo a lo solicitado por la Fiscal\u00eda de Instrucci\u00f3n de Tercer [&hellip;]","og_url":"https:\/\/elregionalvm.com.ar\/noticias-villa-maria\/un-hombre-fue-detenido-barrio-campos-del-este-por-robar-prendas-de-vestir\/","og_site_name":"El Regional","article_publisher":"https:\/\/www.facebook.com\/elregionalvm","article_published_time":"2025-11-19T17:12:42+00:00","article_modified_time":"2025-11-19T17:12:44+00:00","og_image":[{"width":960,"height":1280,"url":"https:\/\/elregionalvm.com.ar\/noticias-villa-maria\/wp-content\/uploads\/2025\/11\/WhatsApp-Image-2025-11-19-at-13.01.06.jpeg","type":"image\/jpeg"}],"author":"Contenidos El Regional","twitter_card":"summary_large_image","twitter_creator":"@elregionalvm1","twitter_site":"@elregionalvm1","twitter_misc":{"Escrito por":"Contenidos El Regional","Tiempo de lectura":"2 minutos"},"schema":{"@context":"https:\/\/schema.org","@graph":[{"@type":"Article","@id":"https:\/\/elregionalvm.com.ar\/noticias-villa-maria\/un-hombre-fue-detenido-barrio-campos-del-este-por-robar-prendas-de-vestir\/#article","isPartOf":{"@id":"https:\/\/elregionalvm.com.ar\/noticias-villa-maria\/un-hombre-fue-detenido-barrio-campos-del-este-por-robar-prendas-de-vestir\/"},"author":{"name":"Contenidos El Regional","@id":"http:\/\/elregionalvm.com.ar\/noticias-villa-maria\/#\/schema\/person\/a0fb9c422317faca23d50163151bc354"},"headline":"Un hombre fue detenido barrio Campos del Este por robar prendas de vestir","datePublished":"2025-11-19T17:12:42+00:00","dateModified":"2025-11-19T17:12:44+00:00","mainEntityOfPage":{"@id":"https:\/\/elregionalvm.com.ar\/noticias-villa-maria\/un-hombre-fue-detenido-barrio-campos-del-este-por-robar-prendas-de-vestir\/"},"wordCount":257,"commentCount":0,"image":{"@id":"https:\/\/elregionalvm.com.ar\/noticias-villa-maria\/un-hombre-fue-detenido-barrio-campos-del-este-por-robar-prendas-de-vestir\/#primaryimage"},"thumbnailUrl":"https:\/\/i0.wp.com\/elregionalvm.com.ar\/noticias-villa-maria\/wp-content\/uploads\/2025\/11\/WhatsApp-Image-2025-11-19-at-13.01.06.jpeg?fit=960%2C1280&ssl=1","articleSection":["destacado","Policiales","Sociedad","Villa Mar\u00eda"],"inLanguage":"es","potentialAction":[{"@type":"CommentAction","name":"Comment","target":["https:\/\/elregionalvm.com.ar\/noticias-villa-maria\/un-hombre-fue-detenido-barrio-campos-del-este-por-robar-prendas-de-vestir\/#respond"]}]},{"@type":"WebPage","@id":"https:\/\/elregionalvm.com.ar\/noticias-villa-maria\/un-hombre-fue-detenido-barrio-campos-del-este-por-robar-prendas-de-vestir\/","url":"https:\/\/elregionalvm.com.ar\/noticias-villa-maria\/un-hombre-fue-detenido-barrio-campos-del-este-por-robar-prendas-de-vestir\/","name":"Un hombre fue detenido barrio Campos del Este por robar prendas de vestir - El Regional","isPartOf":{"@id":"http:\/\/elregionalvm.com.ar\/noticias-villa-maria\/#website"},"primaryImageOfPage":{"@id":"https:\/\/elregionalvm.com.ar\/noticias-villa-maria\/un-hombre-fue-detenido-barrio-campos-del-este-por-robar-prendas-de-vestir\/#primaryimage"},"image":{"@id":"https:\/\/elregionalvm.com.ar\/noticias-villa-maria\/un-hombre-fue-detenido-barrio-campos-del-este-por-robar-prendas-de-vestir\/#primaryimage"},"thumbnailUrl":"https:\/\/i0.wp.com\/elregionalvm.com.ar\/noticias-villa-maria\/wp-content\/uploads\/2025\/11\/WhatsApp-Image-2025-11-19-at-13.01.06.jpeg?fit=960%2C1280&ssl=1","datePublished":"2025-11-19T17:12:42+00:00","dateModified":"2025-11-19T17:12:44+00:00","author":{"@id":"http:\/\/elregionalvm.com.ar\/noticias-villa-maria\/#\/schema\/person\/a0fb9c422317faca23d50163151bc354"},"breadcrumb":{"@id":"https:\/\/elregionalvm.com.ar\/noticias-villa-maria\/un-hombre-fue-detenido-barrio-campos-del-este-por-robar-prendas-de-vestir\/#breadcrumb"},"inLanguage":"es","potentialAction":[{"@type":"ReadAction","target":["https:\/\/elregionalvm.com.ar\/noticias-villa-maria\/un-hombre-fue-detenido-barrio-campos-del-este-por-robar-prendas-de-vestir\/"]}]},{"@type":"ImageObject","inLanguage":"es","@id":"https:\/\/elregionalvm.com.ar\/noticias-villa-maria\/un-hombre-fue-detenido-barrio-campos-del-este-por-robar-prendas-de-vestir\/#primaryimage","url":"https:\/\/i0.wp.com\/elregionalvm.com.ar\/noticias-villa-maria\/wp-content\/uploads\/2025\/11\/WhatsApp-Image-2025-11-19-at-13.01.06.jpeg?fit=960%2C1280&ssl=1","contentUrl":"https:\/\/i0.wp.com\/elregionalvm.com.ar\/noticias-villa-maria\/wp-content\/uploads\/2025\/11\/WhatsApp-Image-2025-11-19-at-13.01.06.jpeg?fit=960%2C1280&ssl=1","width":960,"height":1280},{"@type":"BreadcrumbList","@id":"https:\/\/elregionalvm.com.ar\/noticias-villa-maria\/un-hombre-fue-detenido-barrio-campos-del-este-por-robar-prendas-de-vestir\/#breadcrumb","itemListElement":[{"@type":"ListItem","position":1,"name":"Portada","item":"https:\/\/elregionalvm.com.ar\/noticias-villa-maria\/"},{"@type":"ListItem","position":2,"name":"Un hombre fue detenido barrio Campos del Este por robar prendas de vestir"}]},{"@type":"WebSite","@id":"http:\/\/elregionalvm.com.ar\/noticias-villa-maria\/#website","url":"http:\/\/elregionalvm.com.ar\/noticias-villa-maria\/","name":"El Regional","description":"Mucho m\u00e1s que informaci\u00f3n","potentialAction":[{"@type":"SearchAction","target":{"@type":"EntryPoint","urlTemplate":"http:\/\/elregionalvm.com.ar\/noticias-villa-maria\/?s={search_term_string}"},"query-input":{"@type":"PropertyValueSpecification","valueRequired":true,"valueName":"search_term_string"}}],"inLanguage":"es"},{"@type":"Person","@id":"http:\/\/elregionalvm.com.ar\/noticias-villa-maria\/#\/schema\/person\/a0fb9c422317faca23d50163151bc354","name":"Contenidos El Regional","image":{"@type":"ImageObject","inLanguage":"es","@id":"http:\/\/elregionalvm.com.ar\/noticias-villa-maria\/#\/schema\/person\/image\/","url":"https:\/\/secure.gravatar.com\/avatar\/265b27cb2209af7bb3a1318f03305787d7981a5cc6e6cd08fe5a4ecdf99d4b48?s=96&d=mm&r=g","contentUrl":"https:\/\/secure.gravatar.com\/avatar\/265b27cb2209af7bb3a1318f03305787d7981a5cc6e6cd08fe5a4ecdf99d4b48?s=96&d=mm&r=g","caption":"Contenidos El Regional"},"url":"https:\/\/elregionalvm.com.ar\/noticias-villa-maria\/author\/contenido\/"}]}},"jetpack_featured_media_url":"https:\/\/i0.wp.com\/elregionalvm.com.ar\/noticias-villa-maria\/wp-content\/uploads\/2025\/11\/WhatsApp-Image-2025-11-19-at-13.01.06.jpeg?fit=960%2C1280&ssl=1","jetpack_sharing_enabled":true,"_links":{"self":[{"href":"https:\/\/elregionalvm.com.ar\/noticias-villa-maria\/wp-json\/wp\/v2\/posts\/112052","targetHints":{"allow":["GET"]}}],"collection":[{"href":"https:\/\/elregionalvm.com.ar\/noticias-villa-maria\/wp-json\/wp\/v2\/posts"}],"about":[{"href":"https:\/\/elregionalvm.com.ar\/noticias-villa-maria\/wp-json\/wp\/v2\/types\/post"}],"author":[{"embeddable":true,"href":"https:\/\/elregionalvm.com.ar\/noticias-villa-maria\/wp-json\/wp\/v2\/users\/4"}],"replies":[{"embeddable":true,"href":"https:\/\/elregionalvm.com.ar\/noticias-villa-maria\/wp-json\/wp\/v2\/comments?post=112052"}],"version-history":[{"count":1,"href":"https:\/\/elregionalvm.com.ar\/noticias-villa-maria\/wp-json\/wp\/v2\/posts\/112052\/revisions"}],"predecessor-version":[{"id":112054,"href":"https:\/\/elregionalvm.com.ar\/noticias-villa-maria\/wp-json\/wp\/v2\/posts\/112052\/revisions\/112054"}],"wp:featuredmedia":[{"embeddable":true,"href":"https:\/\/elregionalvm.com.ar\/noticias-villa-maria\/wp-json\/wp\/v2\/media\/112053"}],"wp:attachment":[{"href":"https:\/\/elregionalvm.com.ar\/noticias-villa-maria\/wp-json\/wp\/v2\/media?parent=112052"}],"wp:term":[{"taxonomy":"category","embeddable":true,"href":"https:\/\/elregionalvm.com.ar\/noticias-villa-maria\/wp-json\/wp\/v2\/categories?post=112052"},{"taxonomy":"post_tag","embeddable":true,"href":"https:\/\/elregionalvm.com.ar\/noticias-villa-maria\/wp-json\/wp\/v2\/tags?post=112052"}],"curies":[{"name":"wp","href":"https:\/\/api.w.org\/{rel}","templated":true}]}}