{"id":112055,"date":"2025-11-19T17:25:24","date_gmt":"2025-11-19T17:25:24","guid":{"rendered":"https:\/\/elregionalvm.com.ar\/noticias-villa-maria\/?p=112055"},"modified":"2025-11-19T17:25:26","modified_gmt":"2025-11-19T17:25:26","slug":"el-programa-plan-430-cuadras-inicio-la-primera-etapa-de-pavimentacion-en-barrio-vista-verde","status":"publish","type":"post","link":"https:\/\/elregionalvm.com.ar\/noticias-villa-maria\/el-programa-plan-430-cuadras-inicio-la-primera-etapa-de-pavimentacion-en-barrio-vista-verde\/","title":{"rendered":"El programa \u00abPlan 430 Cuadras\u00bb inici\u00f3 la primera etapa de pavimentaci\u00f3n en barrio Vista Verde"},"content":{"rendered":"\n<p>comenzaron las tareas de movimiento de suelo para avanzar con la primera etapa del programa \u201c430 Cuadras de Pavimento\u201d en barrio Vista Verde, una intervenci\u00f3n que busca mejorar la conectividad, brindar mayor seguridad a los vecinos y optimizar la transitabilidad en este sector de la ciudad.<\/p>\n\n\n\n<p>En este marco, la Secretar\u00eda de Infraestructura y Desarrollo Sostenible ejecuta la consolidaci\u00f3n de la base sobre calle R\u00edo Colorado, entre Rep\u00fablica del L\u00edbano y R\u00edo Suqu\u00eda, a lo largo de cuatro cuadras. Durante el desarrollo de los trabajos, esta arteria permanecer\u00e1 cerrada al tr\u00e1nsito vehicular hasta su finalizaci\u00f3n.<\/p>\n\n\n\n<p>Cabe destacar que, una vez culminada la mencionada arteria, se avanzar\u00e1 en otras calles del sector. Estas mejoras, llevadas adelante conjuntamente entre municipio, provincia y vecinos, se suman a las m\u00e1s de 120 cuadras ya pavimentadas en los \u00faltimos meses en barrios Nicol\u00e1s Avellaneda, Belgrano, Las Playas, Mariano Moreno, entre otros.<\/p>\n","protected":false},"excerpt":{"rendered":"<p>comenzaron las tareas de movimiento de suelo para avanzar con la primera etapa del programa \u201c430 Cuadras de Pavimento\u201d en barrio Vista Verde, una intervenci\u00f3n que busca mejorar la conectividad, brindar mayor seguridad a los vecinos y optimizar la transitabilidad en este sector de la ciudad. En este marco, la Secretar\u00eda de Infraestructura y Desarrollo [&hellip;]<\/p>\n","protected":false},"author":4,"featured_media":112056,"comment_status":"open","ping_status":"open","sticky":false,"template":"","format":"standard","meta":{"site-sidebar-layout":"default","site-content-layout":"","ast-site-content-layout":"default","site-content-style":"default","site-sidebar-style":"default","ast-global-header-display":"","ast-banner-title-visibility":"","ast-main-header-display":"","ast-hfb-above-header-display":"","ast-hfb-below-header-display":"","ast-hfb-mobile-header-display":"","site-post-title":"","ast-breadcrumbs-content":"","ast-featured-img":"","footer-sml-layout":"","ast-disable-related-posts":"","theme-transparent-header-meta":"","adv-header-id-meta":"","stick-header-meta":"","header-above-stick-meta":"","header-main-stick-meta":"","header-below-stick-meta":"","astra-migrate-meta-layouts":"set","ast-page-background-enabled":"default","ast-page-background-meta":{"desktop":{"background-color":"","background-image":"","background-repeat":"repeat","background-position":"center center","background-size":"auto","background-attachment":"scroll","background-type":"","background-media":"","overlay-type":"","overlay-color":"","overlay-opacity":"","overlay-gradient":""},"tablet":{"background-color":"","background-image":"","background-repeat":"repeat","background-position":"center center","background-size":"auto","background-attachment":"scroll","background-type":"","background-media":"","overlay-type":"","overlay-color":"","overlay-opacity":"","overlay-gradient":""},"mobile":{"background-color":"","background-image":"","background-repeat":"repeat","background-position":"center center","background-size":"auto","background-attachment":"scroll","background-type":"","background-media":"","overlay-type":"","overlay-color":"","overlay-opacity":"","overlay-gradient":""}},"ast-content-background-meta":{"desktop":{"background-color":"var(--ast-global-color-5)","background-image":"","background-repeat":"repeat","background-position":"center center","background-size":"auto","background-attachment":"scroll","background-type":"","background-media":"","overlay-type":"","overlay-color":"","overlay-opacity":"","overlay-gradient":""},"tablet":{"background-color":"var(--ast-global-color-5)","background-image":"","background-repeat":"repeat","background-position":"center center","background-size":"auto","background-attachment":"scroll","background-type":"","background-media":"","overlay-type":"","overlay-color":"","overlay-opacity":"","overlay-gradient":""},"mobile":{"background-color":"var(--ast-global-color-5)","background-image":"","background-repeat":"repeat","background-position":"center center","background-size":"auto","background-attachment":"scroll","background-type":"","background-media":"","overlay-type":"","overlay-color":"","overlay-opacity":"","overlay-gradient":""}},"_jetpack_memberships_contains_paid_content":false,"_joinchat":[],"footnotes":""},"categories":[15302,5,2],"tags":[],"class_list":["post-112055","post","type-post","status-publish","format-standard","has-post-thumbnail","hentry","category-destacado","category-sociedad","category-villa-maria"],"yoast_head":"<!-- This site is optimized with the Yoast SEO plugin v26.8 - https:\/\/yoast.com\/product\/yoast-seo-wordpress\/ -->\n<title>El programa &quot;Plan 430 Cuadras&quot; inici\u00f3 la primera etapa de pavimentaci\u00f3n en barrio Vista Verde - El Regional<\/title>\n<meta name=\"robots\" content=\"index, follow, max-snippet:-1, max-image-preview:large, max-video-preview:-1\" \/>\n<link rel=\"canonical\" href=\"https:\/\/elregionalvm.com.ar\/noticias-villa-maria\/el-programa-plan-430-cuadras-inicio-la-primera-etapa-de-pavimentacion-en-barrio-vista-verde\/\" \/>\n<meta property=\"og:locale\" content=\"es_ES\" \/>\n<meta property=\"og:type\" content=\"article\" \/>\n<meta property=\"og:title\" content=\"El programa &quot;Plan 430 Cuadras&quot; inici\u00f3 la primera etapa de pavimentaci\u00f3n en barrio Vista Verde - El Regional\" \/>\n<meta property=\"og:description\" content=\"comenzaron las tareas de movimiento de suelo para avanzar con la primera etapa del programa \u201c430 Cuadras de Pavimento\u201d en barrio Vista Verde, una intervenci\u00f3n que busca mejorar la conectividad, brindar mayor seguridad a los vecinos y optimizar la transitabilidad en este sector de la ciudad. En este marco, la Secretar\u00eda de Infraestructura y Desarrollo [&hellip;]\" \/>\n<meta property=\"og:url\" content=\"https:\/\/elregionalvm.com.ar\/noticias-villa-maria\/el-programa-plan-430-cuadras-inicio-la-primera-etapa-de-pavimentacion-en-barrio-vista-verde\/\" \/>\n<meta property=\"og:site_name\" content=\"El Regional\" \/>\n<meta property=\"article:publisher\" content=\"https:\/\/www.facebook.com\/elregionalvm\" \/>\n<meta property=\"article:published_time\" content=\"2025-11-19T17:25:24+00:00\" \/>\n<meta property=\"article:modified_time\" content=\"2025-11-19T17:25:26+00:00\" \/>\n<meta property=\"og:image\" content=\"https:\/\/elregionalvm.com.ar\/noticias-villa-maria\/wp-content\/uploads\/2025\/11\/c68ffae18882457dbb539dc77703465e.jpeg\" \/>\n\t<meta property=\"og:image:width\" content=\"800\" \/>\n\t<meta property=\"og:image:height\" content=\"600\" \/>\n\t<meta property=\"og:image:type\" content=\"image\/jpeg\" \/>\n<meta name=\"author\" content=\"Contenidos El Regional\" \/>\n<meta name=\"twitter:card\" content=\"summary_large_image\" \/>\n<meta name=\"twitter:creator\" content=\"@elregionalvm1\" \/>\n<meta name=\"twitter:site\" content=\"@elregionalvm1\" \/>\n<meta name=\"twitter:label1\" content=\"Escrito por\" \/>\n\t<meta name=\"twitter:data1\" content=\"Contenidos El Regional\" \/>\n\t<meta name=\"twitter:label2\" content=\"Tiempo de lectura\" \/>\n\t<meta name=\"twitter:data2\" content=\"1 minuto\" \/>\n<script type=\"application\/ld+json\" class=\"yoast-schema-graph\">{\"@context\":\"https:\/\/schema.org\",\"@graph\":[{\"@type\":\"Article\",\"@id\":\"https:\/\/elregionalvm.com.ar\/noticias-villa-maria\/el-programa-plan-430-cuadras-inicio-la-primera-etapa-de-pavimentacion-en-barrio-vista-verde\/#article\",\"isPartOf\":{\"@id\":\"https:\/\/elregionalvm.com.ar\/noticias-villa-maria\/el-programa-plan-430-cuadras-inicio-la-primera-etapa-de-pavimentacion-en-barrio-vista-verde\/\"},\"author\":{\"name\":\"Contenidos El Regional\",\"@id\":\"http:\/\/elregionalvm.com.ar\/noticias-villa-maria\/#\/schema\/person\/a0fb9c422317faca23d50163151bc354\"},\"headline\":\"El programa \u00abPlan 430 Cuadras\u00bb inici\u00f3 la primera etapa de pavimentaci\u00f3n en barrio Vista Verde\",\"datePublished\":\"2025-11-19T17:25:24+00:00\",\"dateModified\":\"2025-11-19T17:25:26+00:00\",\"mainEntityOfPage\":{\"@id\":\"https:\/\/elregionalvm.com.ar\/noticias-villa-maria\/el-programa-plan-430-cuadras-inicio-la-primera-etapa-de-pavimentacion-en-barrio-vista-verde\/\"},\"wordCount\":171,\"commentCount\":0,\"image\":{\"@id\":\"https:\/\/elregionalvm.com.ar\/noticias-villa-maria\/el-programa-plan-430-cuadras-inicio-la-primera-etapa-de-pavimentacion-en-barrio-vista-verde\/#primaryimage\"},\"thumbnailUrl\":\"https:\/\/i0.wp.com\/elregionalvm.com.ar\/noticias-villa-maria\/wp-content\/uploads\/2025\/11\/c68ffae18882457dbb539dc77703465e.jpeg?fit=800%2C600&ssl=1\",\"articleSection\":[\"destacado\",\"Sociedad\",\"Villa Mar\u00eda\"],\"inLanguage\":\"es\",\"potentialAction\":[{\"@type\":\"CommentAction\",\"name\":\"Comment\",\"target\":[\"https:\/\/elregionalvm.com.ar\/noticias-villa-maria\/el-programa-plan-430-cuadras-inicio-la-primera-etapa-de-pavimentacion-en-barrio-vista-verde\/#respond\"]}]},{\"@type\":\"WebPage\",\"@id\":\"https:\/\/elregionalvm.com.ar\/noticias-villa-maria\/el-programa-plan-430-cuadras-inicio-la-primera-etapa-de-pavimentacion-en-barrio-vista-verde\/\",\"url\":\"https:\/\/elregionalvm.com.ar\/noticias-villa-maria\/el-programa-plan-430-cuadras-inicio-la-primera-etapa-de-pavimentacion-en-barrio-vista-verde\/\",\"name\":\"El programa \\\"Plan 430 Cuadras\\\" inici\u00f3 la primera etapa de pavimentaci\u00f3n en barrio Vista Verde - El Regional\",\"isPartOf\":{\"@id\":\"http:\/\/elregionalvm.com.ar\/noticias-villa-maria\/#website\"},\"primaryImageOfPage\":{\"@id\":\"https:\/\/elregionalvm.com.ar\/noticias-villa-maria\/el-programa-plan-430-cuadras-inicio-la-primera-etapa-de-pavimentacion-en-barrio-vista-verde\/#primaryimage\"},\"image\":{\"@id\":\"https:\/\/elregionalvm.com.ar\/noticias-villa-maria\/el-programa-plan-430-cuadras-inicio-la-primera-etapa-de-pavimentacion-en-barrio-vista-verde\/#primaryimage\"},\"thumbnailUrl\":\"https:\/\/i0.wp.com\/elregionalvm.com.ar\/noticias-villa-maria\/wp-content\/uploads\/2025\/11\/c68ffae18882457dbb539dc77703465e.jpeg?fit=800%2C600&ssl=1\",\"datePublished\":\"2025-11-19T17:25:24+00:00\",\"dateModified\":\"2025-11-19T17:25:26+00:00\",\"author\":{\"@id\":\"http:\/\/elregionalvm.com.ar\/noticias-villa-maria\/#\/schema\/person\/a0fb9c422317faca23d50163151bc354\"},\"breadcrumb\":{\"@id\":\"https:\/\/elregionalvm.com.ar\/noticias-villa-maria\/el-programa-plan-430-cuadras-inicio-la-primera-etapa-de-pavimentacion-en-barrio-vista-verde\/#breadcrumb\"},\"inLanguage\":\"es\",\"potentialAction\":[{\"@type\":\"ReadAction\",\"target\":[\"https:\/\/elregionalvm.com.ar\/noticias-villa-maria\/el-programa-plan-430-cuadras-inicio-la-primera-etapa-de-pavimentacion-en-barrio-vista-verde\/\"]}]},{\"@type\":\"ImageObject\",\"inLanguage\":\"es\",\"@id\":\"https:\/\/elregionalvm.com.ar\/noticias-villa-maria\/el-programa-plan-430-cuadras-inicio-la-primera-etapa-de-pavimentacion-en-barrio-vista-verde\/#primaryimage\",\"url\":\"https:\/\/i0.wp.com\/elregionalvm.com.ar\/noticias-villa-maria\/wp-content\/uploads\/2025\/11\/c68ffae18882457dbb539dc77703465e.jpeg?fit=800%2C600&ssl=1\",\"contentUrl\":\"https:\/\/i0.wp.com\/elregionalvm.com.ar\/noticias-villa-maria\/wp-content\/uploads\/2025\/11\/c68ffae18882457dbb539dc77703465e.jpeg?fit=800%2C600&ssl=1\",\"width\":800,\"height\":600},{\"@type\":\"BreadcrumbList\",\"@id\":\"https:\/\/elregionalvm.com.ar\/noticias-villa-maria\/el-programa-plan-430-cuadras-inicio-la-primera-etapa-de-pavimentacion-en-barrio-vista-verde\/#breadcrumb\",\"itemListElement\":[{\"@type\":\"ListItem\",\"position\":1,\"name\":\"Portada\",\"item\":\"https:\/\/elregionalvm.com.ar\/noticias-villa-maria\/\"},{\"@type\":\"ListItem\",\"position\":2,\"name\":\"El programa \u00abPlan 430 Cuadras\u00bb inici\u00f3 la primera etapa de pavimentaci\u00f3n en barrio Vista Verde\"}]},{\"@type\":\"WebSite\",\"@id\":\"http:\/\/elregionalvm.com.ar\/noticias-villa-maria\/#website\",\"url\":\"http:\/\/elregionalvm.com.ar\/noticias-villa-maria\/\",\"name\":\"El Regional\",\"description\":\"Mucho m\u00e1s que informaci\u00f3n\",\"potentialAction\":[{\"@type\":\"SearchAction\",\"target\":{\"@type\":\"EntryPoint\",\"urlTemplate\":\"http:\/\/elregionalvm.com.ar\/noticias-villa-maria\/?s={search_term_string}\"},\"query-input\":{\"@type\":\"PropertyValueSpecification\",\"valueRequired\":true,\"valueName\":\"search_term_string\"}}],\"inLanguage\":\"es\"},{\"@type\":\"Person\",\"@id\":\"http:\/\/elregionalvm.com.ar\/noticias-villa-maria\/#\/schema\/person\/a0fb9c422317faca23d50163151bc354\",\"name\":\"Contenidos El Regional\",\"image\":{\"@type\":\"ImageObject\",\"inLanguage\":\"es\",\"@id\":\"http:\/\/elregionalvm.com.ar\/noticias-villa-maria\/#\/schema\/person\/image\/\",\"url\":\"https:\/\/secure.gravatar.com\/avatar\/265b27cb2209af7bb3a1318f03305787d7981a5cc6e6cd08fe5a4ecdf99d4b48?s=96&d=mm&r=g\",\"contentUrl\":\"https:\/\/secure.gravatar.com\/avatar\/265b27cb2209af7bb3a1318f03305787d7981a5cc6e6cd08fe5a4ecdf99d4b48?s=96&d=mm&r=g\",\"caption\":\"Contenidos El Regional\"},\"url\":\"https:\/\/elregionalvm.com.ar\/noticias-villa-maria\/author\/contenido\/\"}]}<\/script>\n<!-- \/ Yoast SEO plugin. -->","yoast_head_json":{"title":"El programa \"Plan 430 Cuadras\" inici\u00f3 la primera etapa de pavimentaci\u00f3n en barrio Vista Verde - El Regional","robots":{"index":"index","follow":"follow","max-snippet":"max-snippet:-1","max-image-preview":"max-image-preview:large","max-video-preview":"max-video-preview:-1"},"canonical":"https:\/\/elregionalvm.com.ar\/noticias-villa-maria\/el-programa-plan-430-cuadras-inicio-la-primera-etapa-de-pavimentacion-en-barrio-vista-verde\/","og_locale":"es_ES","og_type":"article","og_title":"El programa \"Plan 430 Cuadras\" inici\u00f3 la primera etapa de pavimentaci\u00f3n en barrio Vista Verde - El Regional","og_description":"comenzaron las tareas de movimiento de suelo para avanzar con la primera etapa del programa \u201c430 Cuadras de Pavimento\u201d en barrio Vista Verde, una intervenci\u00f3n que busca mejorar la conectividad, brindar mayor seguridad a los vecinos y optimizar la transitabilidad en este sector de la ciudad. En este marco, la Secretar\u00eda de Infraestructura y Desarrollo [&hellip;]","og_url":"https:\/\/elregionalvm.com.ar\/noticias-villa-maria\/el-programa-plan-430-cuadras-inicio-la-primera-etapa-de-pavimentacion-en-barrio-vista-verde\/","og_site_name":"El Regional","article_publisher":"https:\/\/www.facebook.com\/elregionalvm","article_published_time":"2025-11-19T17:25:24+00:00","article_modified_time":"2025-11-19T17:25:26+00:00","og_image":[{"width":800,"height":600,"url":"https:\/\/elregionalvm.com.ar\/noticias-villa-maria\/wp-content\/uploads\/2025\/11\/c68ffae18882457dbb539dc77703465e.jpeg","type":"image\/jpeg"}],"author":"Contenidos El Regional","twitter_card":"summary_large_image","twitter_creator":"@elregionalvm1","twitter_site":"@elregionalvm1","twitter_misc":{"Escrito por":"Contenidos El Regional","Tiempo de lectura":"1 minuto"},"schema":{"@context":"https:\/\/schema.org","@graph":[{"@type":"Article","@id":"https:\/\/elregionalvm.com.ar\/noticias-villa-maria\/el-programa-plan-430-cuadras-inicio-la-primera-etapa-de-pavimentacion-en-barrio-vista-verde\/#article","isPartOf":{"@id":"https:\/\/elregionalvm.com.ar\/noticias-villa-maria\/el-programa-plan-430-cuadras-inicio-la-primera-etapa-de-pavimentacion-en-barrio-vista-verde\/"},"author":{"name":"Contenidos El Regional","@id":"http:\/\/elregionalvm.com.ar\/noticias-villa-maria\/#\/schema\/person\/a0fb9c422317faca23d50163151bc354"},"headline":"El programa \u00abPlan 430 Cuadras\u00bb inici\u00f3 la primera etapa de pavimentaci\u00f3n en barrio Vista Verde","datePublished":"2025-11-19T17:25:24+00:00","dateModified":"2025-11-19T17:25:26+00:00","mainEntityOfPage":{"@id":"https:\/\/elregionalvm.com.ar\/noticias-villa-maria\/el-programa-plan-430-cuadras-inicio-la-primera-etapa-de-pavimentacion-en-barrio-vista-verde\/"},"wordCount":171,"commentCount":0,"image":{"@id":"https:\/\/elregionalvm.com.ar\/noticias-villa-maria\/el-programa-plan-430-cuadras-inicio-la-primera-etapa-de-pavimentacion-en-barrio-vista-verde\/#primaryimage"},"thumbnailUrl":"https:\/\/i0.wp.com\/elregionalvm.com.ar\/noticias-villa-maria\/wp-content\/uploads\/2025\/11\/c68ffae18882457dbb539dc77703465e.jpeg?fit=800%2C600&ssl=1","articleSection":["destacado","Sociedad","Villa Mar\u00eda"],"inLanguage":"es","potentialAction":[{"@type":"CommentAction","name":"Comment","target":["https:\/\/elregionalvm.com.ar\/noticias-villa-maria\/el-programa-plan-430-cuadras-inicio-la-primera-etapa-de-pavimentacion-en-barrio-vista-verde\/#respond"]}]},{"@type":"WebPage","@id":"https:\/\/elregionalvm.com.ar\/noticias-villa-maria\/el-programa-plan-430-cuadras-inicio-la-primera-etapa-de-pavimentacion-en-barrio-vista-verde\/","url":"https:\/\/elregionalvm.com.ar\/noticias-villa-maria\/el-programa-plan-430-cuadras-inicio-la-primera-etapa-de-pavimentacion-en-barrio-vista-verde\/","name":"El programa \"Plan 430 Cuadras\" inici\u00f3 la primera etapa de pavimentaci\u00f3n en barrio Vista Verde - El Regional","isPartOf":{"@id":"http:\/\/elregionalvm.com.ar\/noticias-villa-maria\/#website"},"primaryImageOfPage":{"@id":"https:\/\/elregionalvm.com.ar\/noticias-villa-maria\/el-programa-plan-430-cuadras-inicio-la-primera-etapa-de-pavimentacion-en-barrio-vista-verde\/#primaryimage"},"image":{"@id":"https:\/\/elregionalvm.com.ar\/noticias-villa-maria\/el-programa-plan-430-cuadras-inicio-la-primera-etapa-de-pavimentacion-en-barrio-vista-verde\/#primaryimage"},"thumbnailUrl":"https:\/\/i0.wp.com\/elregionalvm.com.ar\/noticias-villa-maria\/wp-content\/uploads\/2025\/11\/c68ffae18882457dbb539dc77703465e.jpeg?fit=800%2C600&ssl=1","datePublished":"2025-11-19T17:25:24+00:00","dateModified":"2025-11-19T17:25:26+00:00","author":{"@id":"http:\/\/elregionalvm.com.ar\/noticias-villa-maria\/#\/schema\/person\/a0fb9c422317faca23d50163151bc354"},"breadcrumb":{"@id":"https:\/\/elregionalvm.com.ar\/noticias-villa-maria\/el-programa-plan-430-cuadras-inicio-la-primera-etapa-de-pavimentacion-en-barrio-vista-verde\/#breadcrumb"},"inLanguage":"es","potentialAction":[{"@type":"ReadAction","target":["https:\/\/elregionalvm.com.ar\/noticias-villa-maria\/el-programa-plan-430-cuadras-inicio-la-primera-etapa-de-pavimentacion-en-barrio-vista-verde\/"]}]},{"@type":"ImageObject","inLanguage":"es","@id":"https:\/\/elregionalvm.com.ar\/noticias-villa-maria\/el-programa-plan-430-cuadras-inicio-la-primera-etapa-de-pavimentacion-en-barrio-vista-verde\/#primaryimage","url":"https:\/\/i0.wp.com\/elregionalvm.com.ar\/noticias-villa-maria\/wp-content\/uploads\/2025\/11\/c68ffae18882457dbb539dc77703465e.jpeg?fit=800%2C600&ssl=1","contentUrl":"https:\/\/i0.wp.com\/elregionalvm.com.ar\/noticias-villa-maria\/wp-content\/uploads\/2025\/11\/c68ffae18882457dbb539dc77703465e.jpeg?fit=800%2C600&ssl=1","width":800,"height":600},{"@type":"BreadcrumbList","@id":"https:\/\/elregionalvm.com.ar\/noticias-villa-maria\/el-programa-plan-430-cuadras-inicio-la-primera-etapa-de-pavimentacion-en-barrio-vista-verde\/#breadcrumb","itemListElement":[{"@type":"ListItem","position":1,"name":"Portada","item":"https:\/\/elregionalvm.com.ar\/noticias-villa-maria\/"},{"@type":"ListItem","position":2,"name":"El programa \u00abPlan 430 Cuadras\u00bb inici\u00f3 la primera etapa de pavimentaci\u00f3n en barrio Vista Verde"}]},{"@type":"WebSite","@id":"http:\/\/elregionalvm.com.ar\/noticias-villa-maria\/#website","url":"http:\/\/elregionalvm.com.ar\/noticias-villa-maria\/","name":"El Regional","description":"Mucho m\u00e1s que informaci\u00f3n","potentialAction":[{"@type":"SearchAction","target":{"@type":"EntryPoint","urlTemplate":"http:\/\/elregionalvm.com.ar\/noticias-villa-maria\/?s={search_term_string}"},"query-input":{"@type":"PropertyValueSpecification","valueRequired":true,"valueName":"search_term_string"}}],"inLanguage":"es"},{"@type":"Person","@id":"http:\/\/elregionalvm.com.ar\/noticias-villa-maria\/#\/schema\/person\/a0fb9c422317faca23d50163151bc354","name":"Contenidos El Regional","image":{"@type":"ImageObject","inLanguage":"es","@id":"http:\/\/elregionalvm.com.ar\/noticias-villa-maria\/#\/schema\/person\/image\/","url":"https:\/\/secure.gravatar.com\/avatar\/265b27cb2209af7bb3a1318f03305787d7981a5cc6e6cd08fe5a4ecdf99d4b48?s=96&d=mm&r=g","contentUrl":"https:\/\/secure.gravatar.com\/avatar\/265b27cb2209af7bb3a1318f03305787d7981a5cc6e6cd08fe5a4ecdf99d4b48?s=96&d=mm&r=g","caption":"Contenidos El Regional"},"url":"https:\/\/elregionalvm.com.ar\/noticias-villa-maria\/author\/contenido\/"}]}},"jetpack_featured_media_url":"https:\/\/i0.wp.com\/elregionalvm.com.ar\/noticias-villa-maria\/wp-content\/uploads\/2025\/11\/c68ffae18882457dbb539dc77703465e.jpeg?fit=800%2C600&ssl=1","jetpack_sharing_enabled":true,"_links":{"self":[{"href":"https:\/\/elregionalvm.com.ar\/noticias-villa-maria\/wp-json\/wp\/v2\/posts\/112055","targetHints":{"allow":["GET"]}}],"collection":[{"href":"https:\/\/elregionalvm.com.ar\/noticias-villa-maria\/wp-json\/wp\/v2\/posts"}],"about":[{"href":"https:\/\/elregionalvm.com.ar\/noticias-villa-maria\/wp-json\/wp\/v2\/types\/post"}],"author":[{"embeddable":true,"href":"https:\/\/elregionalvm.com.ar\/noticias-villa-maria\/wp-json\/wp\/v2\/users\/4"}],"replies":[{"embeddable":true,"href":"https:\/\/elregionalvm.com.ar\/noticias-villa-maria\/wp-json\/wp\/v2\/comments?post=112055"}],"version-history":[{"count":1,"href":"https:\/\/elregionalvm.com.ar\/noticias-villa-maria\/wp-json\/wp\/v2\/posts\/112055\/revisions"}],"predecessor-version":[{"id":112057,"href":"https:\/\/elregionalvm.com.ar\/noticias-villa-maria\/wp-json\/wp\/v2\/posts\/112055\/revisions\/112057"}],"wp:featuredmedia":[{"embeddable":true,"href":"https:\/\/elregionalvm.com.ar\/noticias-villa-maria\/wp-json\/wp\/v2\/media\/112056"}],"wp:attachment":[{"href":"https:\/\/elregionalvm.com.ar\/noticias-villa-maria\/wp-json\/wp\/v2\/media?parent=112055"}],"wp:term":[{"taxonomy":"category","embeddable":true,"href":"https:\/\/elregionalvm.com.ar\/noticias-villa-maria\/wp-json\/wp\/v2\/categories?post=112055"},{"taxonomy":"post_tag","embeddable":true,"href":"https:\/\/elregionalvm.com.ar\/noticias-villa-maria\/wp-json\/wp\/v2\/tags?post=112055"}],"curies":[{"name":"wp","href":"https:\/\/api.w.org\/{rel}","templated":true}]}}