{"id":112060,"date":"2025-11-19T17:40:33","date_gmt":"2025-11-19T17:40:33","guid":{"rendered":"https:\/\/elregionalvm.com.ar\/noticias-villa-maria\/?p=112060"},"modified":"2025-11-19T17:40:41","modified_gmt":"2025-11-19T17:40:41","slug":"el-gobierno-descontara-el-dia-a-los-empleados-publicos-que-formen-parte-del-paro-de-ate","status":"publish","type":"post","link":"https:\/\/elregionalvm.com.ar\/noticias-villa-maria\/el-gobierno-descontara-el-dia-a-los-empleados-publicos-que-formen-parte-del-paro-de-ate\/","title":{"rendered":"El Gobierno descontar\u00e1 el d\u00eda a los empleados p\u00fablicos que formen parte del paro de ATE"},"content":{"rendered":"\n<p><strong>El Gobierno descontar\u00e1 el d\u00eda a los empleados p\u00fablicos que participen en el paro convocado por la Asociaci\u00f3n Argentina de Trabajadores del Estado (ATE)<\/strong>\u00a0este mi\u00e9rcoles, seg\u00fan confirmaron fuentes oficiales a\u00a0<em><strong>Infobae<\/strong><\/em>. La medida se produce en medio de una fuerte tensi\u00f3n sindical y pol\u00edtica, mientras la administraci\u00f3n de\u00a0<strong>Javier Milei<\/strong>\u00a0impulsa una\u00a0<strong>reforma laboral<\/strong>\u00a0que a\u00fan no fue presentada en detalle.<\/p>\n\n\n\n<p>El sindicato prev\u00e9 que\u00a0<strong>al menos 5.000 personas<\/strong>\u00a0se movilicen en la\u00a0<strong>Ciudad de Buenos Aires<\/strong>, con un retiro de los lugares de trabajo que se inici\u00f3 a las 11, luego hubo una concentraci\u00f3n frente al ex Ministerio de Trabajo y despues un acto central que comenz\u00f3 a las 13. Entre los reclamos, ATE denuncia una\u00a0<strong>p\u00e9rdida del 32% del poder adquisitivo<\/strong>\u00a0de los trabajadores p\u00fablicos en los \u00faltimos 23 meses, seg\u00fan sus propios c\u00e1lculos.<\/p>\n\n\n\n<p>La medida, que representa la primera acci\u00f3n gremial de este tipo tras las elecciones del 26 de octubre e incluye una movilizaci\u00f3n desde el mediod\u00eda hacia la\u00a0<strong>Secretar\u00eda de Trabajo<\/strong>, donde los manifestantes exigir\u00e1n la \u201cinmediata\u201d reapertura de las paritarias.<\/p>\n\n\n\n<p>Gentileza: Infobae <\/p>\n","protected":false},"excerpt":{"rendered":"<p>El Gobierno descontar\u00e1 el d\u00eda a los empleados p\u00fablicos que participen en el paro convocado por la Asociaci\u00f3n Argentina de Trabajadores del Estado (ATE)\u00a0este mi\u00e9rcoles, seg\u00fan confirmaron fuentes oficiales a\u00a0Infobae. La medida se produce en medio de una fuerte tensi\u00f3n sindical y pol\u00edtica, mientras la administraci\u00f3n de\u00a0Javier Milei\u00a0impulsa una\u00a0reforma laboral\u00a0que a\u00fan no fue presentada en [&hellip;]<\/p>\n","protected":false},"author":4,"featured_media":103115,"comment_status":"open","ping_status":"open","sticky":false,"template":"","format":"standard","meta":{"site-sidebar-layout":"default","site-content-layout":"","ast-site-content-layout":"default","site-content-style":"default","site-sidebar-style":"default","ast-global-header-display":"","ast-banner-title-visibility":"","ast-main-header-display":"","ast-hfb-above-header-display":"","ast-hfb-below-header-display":"","ast-hfb-mobile-header-display":"","site-post-title":"","ast-breadcrumbs-content":"","ast-featured-img":"","footer-sml-layout":"","ast-disable-related-posts":"","theme-transparent-header-meta":"","adv-header-id-meta":"","stick-header-meta":"","header-above-stick-meta":"","header-main-stick-meta":"","header-below-stick-meta":"","astra-migrate-meta-layouts":"set","ast-page-background-enabled":"default","ast-page-background-meta":{"desktop":{"background-color":"","background-image":"","background-repeat":"repeat","background-position":"center center","background-size":"auto","background-attachment":"scroll","background-type":"","background-media":"","overlay-type":"","overlay-color":"","overlay-opacity":"","overlay-gradient":""},"tablet":{"background-color":"","background-image":"","background-repeat":"repeat","background-position":"center center","background-size":"auto","background-attachment":"scroll","background-type":"","background-media":"","overlay-type":"","overlay-color":"","overlay-opacity":"","overlay-gradient":""},"mobile":{"background-color":"","background-image":"","background-repeat":"repeat","background-position":"center center","background-size":"auto","background-attachment":"scroll","background-type":"","background-media":"","overlay-type":"","overlay-color":"","overlay-opacity":"","overlay-gradient":""}},"ast-content-background-meta":{"desktop":{"background-color":"var(--ast-global-color-5)","background-image":"","background-repeat":"repeat","background-position":"center center","background-size":"auto","background-attachment":"scroll","background-type":"","background-media":"","overlay-type":"","overlay-color":"","overlay-opacity":"","overlay-gradient":""},"tablet":{"background-color":"var(--ast-global-color-5)","background-image":"","background-repeat":"repeat","background-position":"center center","background-size":"auto","background-attachment":"scroll","background-type":"","background-media":"","overlay-type":"","overlay-color":"","overlay-opacity":"","overlay-gradient":""},"mobile":{"background-color":"var(--ast-global-color-5)","background-image":"","background-repeat":"repeat","background-position":"center center","background-size":"auto","background-attachment":"scroll","background-type":"","background-media":"","overlay-type":"","overlay-color":"","overlay-opacity":"","overlay-gradient":""}},"_jetpack_memberships_contains_paid_content":false,"_joinchat":[],"footnotes":""},"categories":[15302,5],"tags":[],"class_list":["post-112060","post","type-post","status-publish","format-standard","has-post-thumbnail","hentry","category-destacado","category-sociedad"],"yoast_head":"<!-- This site is optimized with the Yoast SEO plugin v26.8 - https:\/\/yoast.com\/product\/yoast-seo-wordpress\/ -->\n<title>El Gobierno descontar\u00e1 el d\u00eda a los empleados p\u00fablicos que formen parte del paro de ATE - El Regional<\/title>\n<meta name=\"robots\" content=\"index, follow, max-snippet:-1, max-image-preview:large, max-video-preview:-1\" \/>\n<link rel=\"canonical\" href=\"https:\/\/elregionalvm.com.ar\/noticias-villa-maria\/el-gobierno-descontara-el-dia-a-los-empleados-publicos-que-formen-parte-del-paro-de-ate\/\" \/>\n<meta property=\"og:locale\" content=\"es_ES\" \/>\n<meta property=\"og:type\" content=\"article\" \/>\n<meta property=\"og:title\" content=\"El Gobierno descontar\u00e1 el d\u00eda a los empleados p\u00fablicos que formen parte del paro de ATE - El Regional\" \/>\n<meta property=\"og:description\" content=\"El Gobierno descontar\u00e1 el d\u00eda a los empleados p\u00fablicos que participen en el paro convocado por la Asociaci\u00f3n Argentina de Trabajadores del Estado (ATE)\u00a0este mi\u00e9rcoles, seg\u00fan confirmaron fuentes oficiales a\u00a0Infobae. La medida se produce en medio de una fuerte tensi\u00f3n sindical y pol\u00edtica, mientras la administraci\u00f3n de\u00a0Javier Milei\u00a0impulsa una\u00a0reforma laboral\u00a0que a\u00fan no fue presentada en [&hellip;]\" \/>\n<meta property=\"og:url\" content=\"https:\/\/elregionalvm.com.ar\/noticias-villa-maria\/el-gobierno-descontara-el-dia-a-los-empleados-publicos-que-formen-parte-del-paro-de-ate\/\" \/>\n<meta property=\"og:site_name\" content=\"El Regional\" \/>\n<meta property=\"article:publisher\" content=\"https:\/\/www.facebook.com\/elregionalvm\" \/>\n<meta property=\"article:published_time\" content=\"2025-11-19T17:40:33+00:00\" \/>\n<meta property=\"article:modified_time\" content=\"2025-11-19T17:40:41+00:00\" \/>\n<meta property=\"og:image\" content=\"https:\/\/elregionalvm.com.ar\/noticias-villa-maria\/wp-content\/uploads\/2025\/02\/Milei-en-Davos.jpg\" \/>\n\t<meta property=\"og:image:width\" content=\"1200\" \/>\n\t<meta property=\"og:image:height\" content=\"675\" \/>\n\t<meta property=\"og:image:type\" content=\"image\/jpeg\" \/>\n<meta name=\"author\" content=\"Contenidos El Regional\" \/>\n<meta name=\"twitter:card\" content=\"summary_large_image\" \/>\n<meta name=\"twitter:creator\" content=\"@elregionalvm1\" \/>\n<meta name=\"twitter:site\" content=\"@elregionalvm1\" \/>\n<meta name=\"twitter:label1\" content=\"Escrito por\" \/>\n\t<meta name=\"twitter:data1\" content=\"Contenidos El Regional\" \/>\n\t<meta name=\"twitter:label2\" content=\"Tiempo de lectura\" \/>\n\t<meta name=\"twitter:data2\" content=\"1 minuto\" \/>\n<script type=\"application\/ld+json\" class=\"yoast-schema-graph\">{\"@context\":\"https:\/\/schema.org\",\"@graph\":[{\"@type\":\"Article\",\"@id\":\"https:\/\/elregionalvm.com.ar\/noticias-villa-maria\/el-gobierno-descontara-el-dia-a-los-empleados-publicos-que-formen-parte-del-paro-de-ate\/#article\",\"isPartOf\":{\"@id\":\"https:\/\/elregionalvm.com.ar\/noticias-villa-maria\/el-gobierno-descontara-el-dia-a-los-empleados-publicos-que-formen-parte-del-paro-de-ate\/\"},\"author\":{\"name\":\"Contenidos El Regional\",\"@id\":\"http:\/\/elregionalvm.com.ar\/noticias-villa-maria\/#\/schema\/person\/a0fb9c422317faca23d50163151bc354\"},\"headline\":\"El Gobierno descontar\u00e1 el d\u00eda a los empleados p\u00fablicos que formen parte del paro de ATE\",\"datePublished\":\"2025-11-19T17:40:33+00:00\",\"dateModified\":\"2025-11-19T17:40:41+00:00\",\"mainEntityOfPage\":{\"@id\":\"https:\/\/elregionalvm.com.ar\/noticias-villa-maria\/el-gobierno-descontara-el-dia-a-los-empleados-publicos-que-formen-parte-del-paro-de-ate\/\"},\"wordCount\":210,\"commentCount\":0,\"image\":{\"@id\":\"https:\/\/elregionalvm.com.ar\/noticias-villa-maria\/el-gobierno-descontara-el-dia-a-los-empleados-publicos-que-formen-parte-del-paro-de-ate\/#primaryimage\"},\"thumbnailUrl\":\"https:\/\/i0.wp.com\/elregionalvm.com.ar\/noticias-villa-maria\/wp-content\/uploads\/2025\/02\/Milei-en-Davos.jpg?fit=1200%2C675&ssl=1\",\"articleSection\":[\"destacado\",\"Sociedad\"],\"inLanguage\":\"es\",\"potentialAction\":[{\"@type\":\"CommentAction\",\"name\":\"Comment\",\"target\":[\"https:\/\/elregionalvm.com.ar\/noticias-villa-maria\/el-gobierno-descontara-el-dia-a-los-empleados-publicos-que-formen-parte-del-paro-de-ate\/#respond\"]}]},{\"@type\":\"WebPage\",\"@id\":\"https:\/\/elregionalvm.com.ar\/noticias-villa-maria\/el-gobierno-descontara-el-dia-a-los-empleados-publicos-que-formen-parte-del-paro-de-ate\/\",\"url\":\"https:\/\/elregionalvm.com.ar\/noticias-villa-maria\/el-gobierno-descontara-el-dia-a-los-empleados-publicos-que-formen-parte-del-paro-de-ate\/\",\"name\":\"El Gobierno descontar\u00e1 el d\u00eda a los empleados p\u00fablicos que formen parte del paro de ATE - El Regional\",\"isPartOf\":{\"@id\":\"http:\/\/elregionalvm.com.ar\/noticias-villa-maria\/#website\"},\"primaryImageOfPage\":{\"@id\":\"https:\/\/elregionalvm.com.ar\/noticias-villa-maria\/el-gobierno-descontara-el-dia-a-los-empleados-publicos-que-formen-parte-del-paro-de-ate\/#primaryimage\"},\"image\":{\"@id\":\"https:\/\/elregionalvm.com.ar\/noticias-villa-maria\/el-gobierno-descontara-el-dia-a-los-empleados-publicos-que-formen-parte-del-paro-de-ate\/#primaryimage\"},\"thumbnailUrl\":\"https:\/\/i0.wp.com\/elregionalvm.com.ar\/noticias-villa-maria\/wp-content\/uploads\/2025\/02\/Milei-en-Davos.jpg?fit=1200%2C675&ssl=1\",\"datePublished\":\"2025-11-19T17:40:33+00:00\",\"dateModified\":\"2025-11-19T17:40:41+00:00\",\"author\":{\"@id\":\"http:\/\/elregionalvm.com.ar\/noticias-villa-maria\/#\/schema\/person\/a0fb9c422317faca23d50163151bc354\"},\"breadcrumb\":{\"@id\":\"https:\/\/elregionalvm.com.ar\/noticias-villa-maria\/el-gobierno-descontara-el-dia-a-los-empleados-publicos-que-formen-parte-del-paro-de-ate\/#breadcrumb\"},\"inLanguage\":\"es\",\"potentialAction\":[{\"@type\":\"ReadAction\",\"target\":[\"https:\/\/elregionalvm.com.ar\/noticias-villa-maria\/el-gobierno-descontara-el-dia-a-los-empleados-publicos-que-formen-parte-del-paro-de-ate\/\"]}]},{\"@type\":\"ImageObject\",\"inLanguage\":\"es\",\"@id\":\"https:\/\/elregionalvm.com.ar\/noticias-villa-maria\/el-gobierno-descontara-el-dia-a-los-empleados-publicos-que-formen-parte-del-paro-de-ate\/#primaryimage\",\"url\":\"https:\/\/i0.wp.com\/elregionalvm.com.ar\/noticias-villa-maria\/wp-content\/uploads\/2025\/02\/Milei-en-Davos.jpg?fit=1200%2C675&ssl=1\",\"contentUrl\":\"https:\/\/i0.wp.com\/elregionalvm.com.ar\/noticias-villa-maria\/wp-content\/uploads\/2025\/02\/Milei-en-Davos.jpg?fit=1200%2C675&ssl=1\",\"width\":1200,\"height\":675},{\"@type\":\"BreadcrumbList\",\"@id\":\"https:\/\/elregionalvm.com.ar\/noticias-villa-maria\/el-gobierno-descontara-el-dia-a-los-empleados-publicos-que-formen-parte-del-paro-de-ate\/#breadcrumb\",\"itemListElement\":[{\"@type\":\"ListItem\",\"position\":1,\"name\":\"Portada\",\"item\":\"https:\/\/elregionalvm.com.ar\/noticias-villa-maria\/\"},{\"@type\":\"ListItem\",\"position\":2,\"name\":\"El Gobierno descontar\u00e1 el d\u00eda a los empleados p\u00fablicos que formen parte del paro de ATE\"}]},{\"@type\":\"WebSite\",\"@id\":\"http:\/\/elregionalvm.com.ar\/noticias-villa-maria\/#website\",\"url\":\"http:\/\/elregionalvm.com.ar\/noticias-villa-maria\/\",\"name\":\"El Regional\",\"description\":\"Mucho m\u00e1s que informaci\u00f3n\",\"potentialAction\":[{\"@type\":\"SearchAction\",\"target\":{\"@type\":\"EntryPoint\",\"urlTemplate\":\"http:\/\/elregionalvm.com.ar\/noticias-villa-maria\/?s={search_term_string}\"},\"query-input\":{\"@type\":\"PropertyValueSpecification\",\"valueRequired\":true,\"valueName\":\"search_term_string\"}}],\"inLanguage\":\"es\"},{\"@type\":\"Person\",\"@id\":\"http:\/\/elregionalvm.com.ar\/noticias-villa-maria\/#\/schema\/person\/a0fb9c422317faca23d50163151bc354\",\"name\":\"Contenidos El Regional\",\"image\":{\"@type\":\"ImageObject\",\"inLanguage\":\"es\",\"@id\":\"http:\/\/elregionalvm.com.ar\/noticias-villa-maria\/#\/schema\/person\/image\/\",\"url\":\"https:\/\/secure.gravatar.com\/avatar\/265b27cb2209af7bb3a1318f03305787d7981a5cc6e6cd08fe5a4ecdf99d4b48?s=96&d=mm&r=g\",\"contentUrl\":\"https:\/\/secure.gravatar.com\/avatar\/265b27cb2209af7bb3a1318f03305787d7981a5cc6e6cd08fe5a4ecdf99d4b48?s=96&d=mm&r=g\",\"caption\":\"Contenidos El Regional\"},\"url\":\"https:\/\/elregionalvm.com.ar\/noticias-villa-maria\/author\/contenido\/\"}]}<\/script>\n<!-- \/ Yoast SEO plugin. -->","yoast_head_json":{"title":"El Gobierno descontar\u00e1 el d\u00eda a los empleados p\u00fablicos que formen parte del paro de ATE - El Regional","robots":{"index":"index","follow":"follow","max-snippet":"max-snippet:-1","max-image-preview":"max-image-preview:large","max-video-preview":"max-video-preview:-1"},"canonical":"https:\/\/elregionalvm.com.ar\/noticias-villa-maria\/el-gobierno-descontara-el-dia-a-los-empleados-publicos-que-formen-parte-del-paro-de-ate\/","og_locale":"es_ES","og_type":"article","og_title":"El Gobierno descontar\u00e1 el d\u00eda a los empleados p\u00fablicos que formen parte del paro de ATE - El Regional","og_description":"El Gobierno descontar\u00e1 el d\u00eda a los empleados p\u00fablicos que participen en el paro convocado por la Asociaci\u00f3n Argentina de Trabajadores del Estado (ATE)\u00a0este mi\u00e9rcoles, seg\u00fan confirmaron fuentes oficiales a\u00a0Infobae. La medida se produce en medio de una fuerte tensi\u00f3n sindical y pol\u00edtica, mientras la administraci\u00f3n de\u00a0Javier Milei\u00a0impulsa una\u00a0reforma laboral\u00a0que a\u00fan no fue presentada en [&hellip;]","og_url":"https:\/\/elregionalvm.com.ar\/noticias-villa-maria\/el-gobierno-descontara-el-dia-a-los-empleados-publicos-que-formen-parte-del-paro-de-ate\/","og_site_name":"El Regional","article_publisher":"https:\/\/www.facebook.com\/elregionalvm","article_published_time":"2025-11-19T17:40:33+00:00","article_modified_time":"2025-11-19T17:40:41+00:00","og_image":[{"width":1200,"height":675,"url":"https:\/\/elregionalvm.com.ar\/noticias-villa-maria\/wp-content\/uploads\/2025\/02\/Milei-en-Davos.jpg","type":"image\/jpeg"}],"author":"Contenidos El Regional","twitter_card":"summary_large_image","twitter_creator":"@elregionalvm1","twitter_site":"@elregionalvm1","twitter_misc":{"Escrito por":"Contenidos El Regional","Tiempo de lectura":"1 minuto"},"schema":{"@context":"https:\/\/schema.org","@graph":[{"@type":"Article","@id":"https:\/\/elregionalvm.com.ar\/noticias-villa-maria\/el-gobierno-descontara-el-dia-a-los-empleados-publicos-que-formen-parte-del-paro-de-ate\/#article","isPartOf":{"@id":"https:\/\/elregionalvm.com.ar\/noticias-villa-maria\/el-gobierno-descontara-el-dia-a-los-empleados-publicos-que-formen-parte-del-paro-de-ate\/"},"author":{"name":"Contenidos El Regional","@id":"http:\/\/elregionalvm.com.ar\/noticias-villa-maria\/#\/schema\/person\/a0fb9c422317faca23d50163151bc354"},"headline":"El Gobierno descontar\u00e1 el d\u00eda a los empleados p\u00fablicos que formen parte del paro de ATE","datePublished":"2025-11-19T17:40:33+00:00","dateModified":"2025-11-19T17:40:41+00:00","mainEntityOfPage":{"@id":"https:\/\/elregionalvm.com.ar\/noticias-villa-maria\/el-gobierno-descontara-el-dia-a-los-empleados-publicos-que-formen-parte-del-paro-de-ate\/"},"wordCount":210,"commentCount":0,"image":{"@id":"https:\/\/elregionalvm.com.ar\/noticias-villa-maria\/el-gobierno-descontara-el-dia-a-los-empleados-publicos-que-formen-parte-del-paro-de-ate\/#primaryimage"},"thumbnailUrl":"https:\/\/i0.wp.com\/elregionalvm.com.ar\/noticias-villa-maria\/wp-content\/uploads\/2025\/02\/Milei-en-Davos.jpg?fit=1200%2C675&ssl=1","articleSection":["destacado","Sociedad"],"inLanguage":"es","potentialAction":[{"@type":"CommentAction","name":"Comment","target":["https:\/\/elregionalvm.com.ar\/noticias-villa-maria\/el-gobierno-descontara-el-dia-a-los-empleados-publicos-que-formen-parte-del-paro-de-ate\/#respond"]}]},{"@type":"WebPage","@id":"https:\/\/elregionalvm.com.ar\/noticias-villa-maria\/el-gobierno-descontara-el-dia-a-los-empleados-publicos-que-formen-parte-del-paro-de-ate\/","url":"https:\/\/elregionalvm.com.ar\/noticias-villa-maria\/el-gobierno-descontara-el-dia-a-los-empleados-publicos-que-formen-parte-del-paro-de-ate\/","name":"El Gobierno descontar\u00e1 el d\u00eda a los empleados p\u00fablicos que formen parte del paro de ATE - El Regional","isPartOf":{"@id":"http:\/\/elregionalvm.com.ar\/noticias-villa-maria\/#website"},"primaryImageOfPage":{"@id":"https:\/\/elregionalvm.com.ar\/noticias-villa-maria\/el-gobierno-descontara-el-dia-a-los-empleados-publicos-que-formen-parte-del-paro-de-ate\/#primaryimage"},"image":{"@id":"https:\/\/elregionalvm.com.ar\/noticias-villa-maria\/el-gobierno-descontara-el-dia-a-los-empleados-publicos-que-formen-parte-del-paro-de-ate\/#primaryimage"},"thumbnailUrl":"https:\/\/i0.wp.com\/elregionalvm.com.ar\/noticias-villa-maria\/wp-content\/uploads\/2025\/02\/Milei-en-Davos.jpg?fit=1200%2C675&ssl=1","datePublished":"2025-11-19T17:40:33+00:00","dateModified":"2025-11-19T17:40:41+00:00","author":{"@id":"http:\/\/elregionalvm.com.ar\/noticias-villa-maria\/#\/schema\/person\/a0fb9c422317faca23d50163151bc354"},"breadcrumb":{"@id":"https:\/\/elregionalvm.com.ar\/noticias-villa-maria\/el-gobierno-descontara-el-dia-a-los-empleados-publicos-que-formen-parte-del-paro-de-ate\/#breadcrumb"},"inLanguage":"es","potentialAction":[{"@type":"ReadAction","target":["https:\/\/elregionalvm.com.ar\/noticias-villa-maria\/el-gobierno-descontara-el-dia-a-los-empleados-publicos-que-formen-parte-del-paro-de-ate\/"]}]},{"@type":"ImageObject","inLanguage":"es","@id":"https:\/\/elregionalvm.com.ar\/noticias-villa-maria\/el-gobierno-descontara-el-dia-a-los-empleados-publicos-que-formen-parte-del-paro-de-ate\/#primaryimage","url":"https:\/\/i0.wp.com\/elregionalvm.com.ar\/noticias-villa-maria\/wp-content\/uploads\/2025\/02\/Milei-en-Davos.jpg?fit=1200%2C675&ssl=1","contentUrl":"https:\/\/i0.wp.com\/elregionalvm.com.ar\/noticias-villa-maria\/wp-content\/uploads\/2025\/02\/Milei-en-Davos.jpg?fit=1200%2C675&ssl=1","width":1200,"height":675},{"@type":"BreadcrumbList","@id":"https:\/\/elregionalvm.com.ar\/noticias-villa-maria\/el-gobierno-descontara-el-dia-a-los-empleados-publicos-que-formen-parte-del-paro-de-ate\/#breadcrumb","itemListElement":[{"@type":"ListItem","position":1,"name":"Portada","item":"https:\/\/elregionalvm.com.ar\/noticias-villa-maria\/"},{"@type":"ListItem","position":2,"name":"El Gobierno descontar\u00e1 el d\u00eda a los empleados p\u00fablicos que formen parte del paro de ATE"}]},{"@type":"WebSite","@id":"http:\/\/elregionalvm.com.ar\/noticias-villa-maria\/#website","url":"http:\/\/elregionalvm.com.ar\/noticias-villa-maria\/","name":"El Regional","description":"Mucho m\u00e1s que informaci\u00f3n","potentialAction":[{"@type":"SearchAction","target":{"@type":"EntryPoint","urlTemplate":"http:\/\/elregionalvm.com.ar\/noticias-villa-maria\/?s={search_term_string}"},"query-input":{"@type":"PropertyValueSpecification","valueRequired":true,"valueName":"search_term_string"}}],"inLanguage":"es"},{"@type":"Person","@id":"http:\/\/elregionalvm.com.ar\/noticias-villa-maria\/#\/schema\/person\/a0fb9c422317faca23d50163151bc354","name":"Contenidos El Regional","image":{"@type":"ImageObject","inLanguage":"es","@id":"http:\/\/elregionalvm.com.ar\/noticias-villa-maria\/#\/schema\/person\/image\/","url":"https:\/\/secure.gravatar.com\/avatar\/265b27cb2209af7bb3a1318f03305787d7981a5cc6e6cd08fe5a4ecdf99d4b48?s=96&d=mm&r=g","contentUrl":"https:\/\/secure.gravatar.com\/avatar\/265b27cb2209af7bb3a1318f03305787d7981a5cc6e6cd08fe5a4ecdf99d4b48?s=96&d=mm&r=g","caption":"Contenidos El Regional"},"url":"https:\/\/elregionalvm.com.ar\/noticias-villa-maria\/author\/contenido\/"}]}},"jetpack_featured_media_url":"https:\/\/i0.wp.com\/elregionalvm.com.ar\/noticias-villa-maria\/wp-content\/uploads\/2025\/02\/Milei-en-Davos.jpg?fit=1200%2C675&ssl=1","jetpack_sharing_enabled":true,"_links":{"self":[{"href":"https:\/\/elregionalvm.com.ar\/noticias-villa-maria\/wp-json\/wp\/v2\/posts\/112060","targetHints":{"allow":["GET"]}}],"collection":[{"href":"https:\/\/elregionalvm.com.ar\/noticias-villa-maria\/wp-json\/wp\/v2\/posts"}],"about":[{"href":"https:\/\/elregionalvm.com.ar\/noticias-villa-maria\/wp-json\/wp\/v2\/types\/post"}],"author":[{"embeddable":true,"href":"https:\/\/elregionalvm.com.ar\/noticias-villa-maria\/wp-json\/wp\/v2\/users\/4"}],"replies":[{"embeddable":true,"href":"https:\/\/elregionalvm.com.ar\/noticias-villa-maria\/wp-json\/wp\/v2\/comments?post=112060"}],"version-history":[{"count":1,"href":"https:\/\/elregionalvm.com.ar\/noticias-villa-maria\/wp-json\/wp\/v2\/posts\/112060\/revisions"}],"predecessor-version":[{"id":112061,"href":"https:\/\/elregionalvm.com.ar\/noticias-villa-maria\/wp-json\/wp\/v2\/posts\/112060\/revisions\/112061"}],"wp:featuredmedia":[{"embeddable":true,"href":"https:\/\/elregionalvm.com.ar\/noticias-villa-maria\/wp-json\/wp\/v2\/media\/103115"}],"wp:attachment":[{"href":"https:\/\/elregionalvm.com.ar\/noticias-villa-maria\/wp-json\/wp\/v2\/media?parent=112060"}],"wp:term":[{"taxonomy":"category","embeddable":true,"href":"https:\/\/elregionalvm.com.ar\/noticias-villa-maria\/wp-json\/wp\/v2\/categories?post=112060"},{"taxonomy":"post_tag","embeddable":true,"href":"https:\/\/elregionalvm.com.ar\/noticias-villa-maria\/wp-json\/wp\/v2\/tags?post=112060"}],"curies":[{"name":"wp","href":"https:\/\/api.w.org\/{rel}","templated":true}]}}