{"id":112062,"date":"2025-11-19T17:45:38","date_gmt":"2025-11-19T17:45:38","guid":{"rendered":"https:\/\/elregionalvm.com.ar\/noticias-villa-maria\/?p=112062"},"modified":"2025-11-19T17:45:40","modified_gmt":"2025-11-19T17:45:40","slug":"los-vecinos-del-barrio-poetas-argentinos-organizan-una-rifa-para-comprar-bancos-a-sus-plazas","status":"publish","type":"post","link":"https:\/\/elregionalvm.com.ar\/noticias-villa-maria\/los-vecinos-del-barrio-poetas-argentinos-organizan-una-rifa-para-comprar-bancos-a-sus-plazas\/","title":{"rendered":"Los vecinos del barrio Poetas Argentinos organizan una rifa para comprar bancos a sus plazas"},"content":{"rendered":"\n<p>La comunidad pone los premios y compra los n\u00fameros (10 mil pesos cada uno) para esta movida solidaria que est\u00e1 pr\u00f3xima a la llegada del cumplea\u00f1os: kilos de asado, alimentos, herramientas, muebles de decoraci\u00f3n, vestimenta y vouchers de compra se llevar\u00e1n algunos de los ganadores.<\/p>\n\n\n\n<p>El barrio Poetas Argentinos cumple 11 a\u00f1os y organiza una rifa solidaria para sumar bancos en sus plazas comunitarias. En este sentido, desde el Centro Vecinal de este sector de Villa Nueva informaron que los festejos del 11\u00b0 aniversario (19 de diciembre) comienzan con una iniciativa que sali\u00f3 de los propios vecinos: una rifa solidaria destinada a comprar bancos de hormig\u00f3n para las plazas del sector, que todav\u00eda no cuentan con ese mobiliario.<\/p>\n\n\n\n<p>Los premios fueron aportados por familias del barrio y los n\u00fameros tambi\u00e9n se venden entre ellos, en una movida que busca reunir los fondos necesarios para mejorar los espacios comunes. La rifa se suma a otras acciones que los vecinos vienen desarrollando desde hace a\u00f1os, como la construcci\u00f3n de una canchita de f\u00fatbol, otra de v\u00f3ley, el cartel de ingreso hecho en cemento, los nomencladores de las calles y tambi\u00e9n la plantaci\u00f3n de \u00e1rboles en distintos espacios del barrio.<\/p>\n\n\n\n<p>La celebraci\u00f3n encuentra al Poetas Argentinos en un momento de crecimiento y con varios proyectos impulsados por la propia gente del barrio. En ese marco, los vecinos destacan que la rifa es una manera de seguir avanzando en mejoras concretas que fortalezcan los espacios comunitarios.<\/p>\n\n\n\n<p>En este marco, la vicepresidenta del barrio, Mariana Ferreyra, sostuvo: \u201cEs un nuevo empuje que sale de los vecinos. Afortunadamente somos un barrio muy solidario que siempre participa. Esta rifa naci\u00f3 como idea para poder solventar los costos de una acci\u00f3n muy concreta como comprar bancos para nuestras plazas, que son muy necesarios para fortalecer los espacios comunes. Es una gran alegr\u00eda poder aportar desde nuestro trabajo y poder contagiar este esp\u00edritu colectivo a nuestros vecinos\u201d.<\/p>\n\n\n\n<p>Kilos de asado, alimentos, herramientas, muebles de decoraci\u00f3n, vestimenta y vouchers de compra ser\u00e1n los premios que se llevar\u00e1n algunos de los ganadores de esta rifa solidaria. Los n\u00fameros cuestan 10 mil pesos cada uno.<\/p>\n\n\n\n<p>El pr\u00f3ximo 19 de diciembre habr\u00e1 festejos que incluir\u00e1n m\u00fasica y buffet. El objetivo es reunir fondos que permitan seguir sumando infraestructura, entre ellas, las primeras mesas para los espacios p\u00fablicos, ya que actualmente el barrio no cuenta con ninguna.<\/p>\n\n\n\n<p>Quienes quieran y puedan colaborar con esta iniciativa solidaria pueden comunicarse al 9 353 423-5889. Todos ser\u00e1n bienvenidos, tanto para ayudar como para acercarse y conocer el barrio.<\/p>\n","protected":false},"excerpt":{"rendered":"<p>La comunidad pone los premios y compra los n\u00fameros (10 mil pesos cada uno) para esta movida solidaria que est\u00e1 pr\u00f3xima a la llegada del cumplea\u00f1os: kilos de asado, alimentos, herramientas, muebles de decoraci\u00f3n, vestimenta y vouchers de compra se llevar\u00e1n algunos de los ganadores. El barrio Poetas Argentinos cumple 11 a\u00f1os y organiza una [&hellip;]<\/p>\n","protected":false},"author":4,"featured_media":112065,"comment_status":"open","ping_status":"open","sticky":false,"template":"","format":"standard","meta":{"site-sidebar-layout":"default","site-content-layout":"","ast-site-content-layout":"default","site-content-style":"default","site-sidebar-style":"default","ast-global-header-display":"","ast-banner-title-visibility":"","ast-main-header-display":"","ast-hfb-above-header-display":"","ast-hfb-below-header-display":"","ast-hfb-mobile-header-display":"","site-post-title":"","ast-breadcrumbs-content":"","ast-featured-img":"","footer-sml-layout":"","ast-disable-related-posts":"","theme-transparent-header-meta":"","adv-header-id-meta":"","stick-header-meta":"","header-above-stick-meta":"","header-main-stick-meta":"","header-below-stick-meta":"","astra-migrate-meta-layouts":"set","ast-page-background-enabled":"default","ast-page-background-meta":{"desktop":{"background-color":"","background-image":"","background-repeat":"repeat","background-position":"center center","background-size":"auto","background-attachment":"scroll","background-type":"","background-media":"","overlay-type":"","overlay-color":"","overlay-opacity":"","overlay-gradient":""},"tablet":{"background-color":"","background-image":"","background-repeat":"repeat","background-position":"center center","background-size":"auto","background-attachment":"scroll","background-type":"","background-media":"","overlay-type":"","overlay-color":"","overlay-opacity":"","overlay-gradient":""},"mobile":{"background-color":"","background-image":"","background-repeat":"repeat","background-position":"center center","background-size":"auto","background-attachment":"scroll","background-type":"","background-media":"","overlay-type":"","overlay-color":"","overlay-opacity":"","overlay-gradient":""}},"ast-content-background-meta":{"desktop":{"background-color":"var(--ast-global-color-5)","background-image":"","background-repeat":"repeat","background-position":"center center","background-size":"auto","background-attachment":"scroll","background-type":"","background-media":"","overlay-type":"","overlay-color":"","overlay-opacity":"","overlay-gradient":""},"tablet":{"background-color":"var(--ast-global-color-5)","background-image":"","background-repeat":"repeat","background-position":"center center","background-size":"auto","background-attachment":"scroll","background-type":"","background-media":"","overlay-type":"","overlay-color":"","overlay-opacity":"","overlay-gradient":""},"mobile":{"background-color":"var(--ast-global-color-5)","background-image":"","background-repeat":"repeat","background-position":"center center","background-size":"auto","background-attachment":"scroll","background-type":"","background-media":"","overlay-type":"","overlay-color":"","overlay-opacity":"","overlay-gradient":""}},"_jetpack_memberships_contains_paid_content":false,"_joinchat":[],"footnotes":""},"categories":[15302,5,2],"tags":[],"class_list":["post-112062","post","type-post","status-publish","format-standard","has-post-thumbnail","hentry","category-destacado","category-sociedad","category-villa-maria"],"yoast_head":"<!-- This site is optimized with the Yoast SEO plugin v26.8 - https:\/\/yoast.com\/product\/yoast-seo-wordpress\/ -->\n<title>Los vecinos del barrio Poetas Argentinos organizan una rifa para comprar bancos a sus plazas - El Regional<\/title>\n<meta name=\"robots\" content=\"index, follow, max-snippet:-1, max-image-preview:large, max-video-preview:-1\" \/>\n<link rel=\"canonical\" href=\"https:\/\/elregionalvm.com.ar\/noticias-villa-maria\/los-vecinos-del-barrio-poetas-argentinos-organizan-una-rifa-para-comprar-bancos-a-sus-plazas\/\" \/>\n<meta property=\"og:locale\" content=\"es_ES\" \/>\n<meta property=\"og:type\" content=\"article\" \/>\n<meta property=\"og:title\" content=\"Los vecinos del barrio Poetas Argentinos organizan una rifa para comprar bancos a sus plazas - El Regional\" \/>\n<meta property=\"og:description\" content=\"La comunidad pone los premios y compra los n\u00fameros (10 mil pesos cada uno) para esta movida solidaria que est\u00e1 pr\u00f3xima a la llegada del cumplea\u00f1os: kilos de asado, alimentos, herramientas, muebles de decoraci\u00f3n, vestimenta y vouchers de compra se llevar\u00e1n algunos de los ganadores. El barrio Poetas Argentinos cumple 11 a\u00f1os y organiza una [&hellip;]\" \/>\n<meta property=\"og:url\" content=\"https:\/\/elregionalvm.com.ar\/noticias-villa-maria\/los-vecinos-del-barrio-poetas-argentinos-organizan-una-rifa-para-comprar-bancos-a-sus-plazas\/\" \/>\n<meta property=\"og:site_name\" content=\"El Regional\" \/>\n<meta property=\"article:publisher\" content=\"https:\/\/www.facebook.com\/elregionalvm\" \/>\n<meta property=\"article:published_time\" content=\"2025-11-19T17:45:38+00:00\" \/>\n<meta property=\"article:modified_time\" content=\"2025-11-19T17:45:40+00:00\" \/>\n<meta property=\"og:image\" content=\"https:\/\/elregionalvm.com.ar\/noticias-villa-maria\/wp-content\/uploads\/2025\/11\/WhatsApp-Image-2025-11-19-at-12.03.55.jpeg\" \/>\n\t<meta property=\"og:image:width\" content=\"639\" \/>\n\t<meta property=\"og:image:height\" content=\"640\" \/>\n\t<meta property=\"og:image:type\" content=\"image\/jpeg\" \/>\n<meta name=\"author\" content=\"Contenidos El Regional\" \/>\n<meta name=\"twitter:card\" content=\"summary_large_image\" \/>\n<meta name=\"twitter:creator\" content=\"@elregionalvm1\" \/>\n<meta name=\"twitter:site\" content=\"@elregionalvm1\" \/>\n<meta name=\"twitter:label1\" content=\"Escrito por\" \/>\n\t<meta name=\"twitter:data1\" content=\"Contenidos El Regional\" \/>\n\t<meta name=\"twitter:label2\" content=\"Tiempo de lectura\" \/>\n\t<meta name=\"twitter:data2\" content=\"3 minutos\" \/>\n<script type=\"application\/ld+json\" class=\"yoast-schema-graph\">{\"@context\":\"https:\/\/schema.org\",\"@graph\":[{\"@type\":\"Article\",\"@id\":\"https:\/\/elregionalvm.com.ar\/noticias-villa-maria\/los-vecinos-del-barrio-poetas-argentinos-organizan-una-rifa-para-comprar-bancos-a-sus-plazas\/#article\",\"isPartOf\":{\"@id\":\"https:\/\/elregionalvm.com.ar\/noticias-villa-maria\/los-vecinos-del-barrio-poetas-argentinos-organizan-una-rifa-para-comprar-bancos-a-sus-plazas\/\"},\"author\":{\"name\":\"Contenidos El Regional\",\"@id\":\"http:\/\/elregionalvm.com.ar\/noticias-villa-maria\/#\/schema\/person\/a0fb9c422317faca23d50163151bc354\"},\"headline\":\"Los vecinos del barrio Poetas Argentinos organizan una rifa para comprar bancos a sus plazas\",\"datePublished\":\"2025-11-19T17:45:38+00:00\",\"dateModified\":\"2025-11-19T17:45:40+00:00\",\"mainEntityOfPage\":{\"@id\":\"https:\/\/elregionalvm.com.ar\/noticias-villa-maria\/los-vecinos-del-barrio-poetas-argentinos-organizan-una-rifa-para-comprar-bancos-a-sus-plazas\/\"},\"wordCount\":457,\"commentCount\":0,\"image\":{\"@id\":\"https:\/\/elregionalvm.com.ar\/noticias-villa-maria\/los-vecinos-del-barrio-poetas-argentinos-organizan-una-rifa-para-comprar-bancos-a-sus-plazas\/#primaryimage\"},\"thumbnailUrl\":\"https:\/\/i0.wp.com\/elregionalvm.com.ar\/noticias-villa-maria\/wp-content\/uploads\/2025\/11\/WhatsApp-Image-2025-11-19-at-12.03.55.jpeg?fit=639%2C640&ssl=1\",\"articleSection\":[\"destacado\",\"Sociedad\",\"Villa Mar\u00eda\"],\"inLanguage\":\"es\",\"potentialAction\":[{\"@type\":\"CommentAction\",\"name\":\"Comment\",\"target\":[\"https:\/\/elregionalvm.com.ar\/noticias-villa-maria\/los-vecinos-del-barrio-poetas-argentinos-organizan-una-rifa-para-comprar-bancos-a-sus-plazas\/#respond\"]}]},{\"@type\":\"WebPage\",\"@id\":\"https:\/\/elregionalvm.com.ar\/noticias-villa-maria\/los-vecinos-del-barrio-poetas-argentinos-organizan-una-rifa-para-comprar-bancos-a-sus-plazas\/\",\"url\":\"https:\/\/elregionalvm.com.ar\/noticias-villa-maria\/los-vecinos-del-barrio-poetas-argentinos-organizan-una-rifa-para-comprar-bancos-a-sus-plazas\/\",\"name\":\"Los vecinos del barrio Poetas Argentinos organizan una rifa para comprar bancos a sus plazas - El Regional\",\"isPartOf\":{\"@id\":\"http:\/\/elregionalvm.com.ar\/noticias-villa-maria\/#website\"},\"primaryImageOfPage\":{\"@id\":\"https:\/\/elregionalvm.com.ar\/noticias-villa-maria\/los-vecinos-del-barrio-poetas-argentinos-organizan-una-rifa-para-comprar-bancos-a-sus-plazas\/#primaryimage\"},\"image\":{\"@id\":\"https:\/\/elregionalvm.com.ar\/noticias-villa-maria\/los-vecinos-del-barrio-poetas-argentinos-organizan-una-rifa-para-comprar-bancos-a-sus-plazas\/#primaryimage\"},\"thumbnailUrl\":\"https:\/\/i0.wp.com\/elregionalvm.com.ar\/noticias-villa-maria\/wp-content\/uploads\/2025\/11\/WhatsApp-Image-2025-11-19-at-12.03.55.jpeg?fit=639%2C640&ssl=1\",\"datePublished\":\"2025-11-19T17:45:38+00:00\",\"dateModified\":\"2025-11-19T17:45:40+00:00\",\"author\":{\"@id\":\"http:\/\/elregionalvm.com.ar\/noticias-villa-maria\/#\/schema\/person\/a0fb9c422317faca23d50163151bc354\"},\"breadcrumb\":{\"@id\":\"https:\/\/elregionalvm.com.ar\/noticias-villa-maria\/los-vecinos-del-barrio-poetas-argentinos-organizan-una-rifa-para-comprar-bancos-a-sus-plazas\/#breadcrumb\"},\"inLanguage\":\"es\",\"potentialAction\":[{\"@type\":\"ReadAction\",\"target\":[\"https:\/\/elregionalvm.com.ar\/noticias-villa-maria\/los-vecinos-del-barrio-poetas-argentinos-organizan-una-rifa-para-comprar-bancos-a-sus-plazas\/\"]}]},{\"@type\":\"ImageObject\",\"inLanguage\":\"es\",\"@id\":\"https:\/\/elregionalvm.com.ar\/noticias-villa-maria\/los-vecinos-del-barrio-poetas-argentinos-organizan-una-rifa-para-comprar-bancos-a-sus-plazas\/#primaryimage\",\"url\":\"https:\/\/i0.wp.com\/elregionalvm.com.ar\/noticias-villa-maria\/wp-content\/uploads\/2025\/11\/WhatsApp-Image-2025-11-19-at-12.03.55.jpeg?fit=639%2C640&ssl=1\",\"contentUrl\":\"https:\/\/i0.wp.com\/elregionalvm.com.ar\/noticias-villa-maria\/wp-content\/uploads\/2025\/11\/WhatsApp-Image-2025-11-19-at-12.03.55.jpeg?fit=639%2C640&ssl=1\",\"width\":639,\"height\":640},{\"@type\":\"BreadcrumbList\",\"@id\":\"https:\/\/elregionalvm.com.ar\/noticias-villa-maria\/los-vecinos-del-barrio-poetas-argentinos-organizan-una-rifa-para-comprar-bancos-a-sus-plazas\/#breadcrumb\",\"itemListElement\":[{\"@type\":\"ListItem\",\"position\":1,\"name\":\"Portada\",\"item\":\"https:\/\/elregionalvm.com.ar\/noticias-villa-maria\/\"},{\"@type\":\"ListItem\",\"position\":2,\"name\":\"Los vecinos del barrio Poetas Argentinos organizan una rifa para comprar bancos a sus plazas\"}]},{\"@type\":\"WebSite\",\"@id\":\"http:\/\/elregionalvm.com.ar\/noticias-villa-maria\/#website\",\"url\":\"http:\/\/elregionalvm.com.ar\/noticias-villa-maria\/\",\"name\":\"El Regional\",\"description\":\"Mucho m\u00e1s que informaci\u00f3n\",\"potentialAction\":[{\"@type\":\"SearchAction\",\"target\":{\"@type\":\"EntryPoint\",\"urlTemplate\":\"http:\/\/elregionalvm.com.ar\/noticias-villa-maria\/?s={search_term_string}\"},\"query-input\":{\"@type\":\"PropertyValueSpecification\",\"valueRequired\":true,\"valueName\":\"search_term_string\"}}],\"inLanguage\":\"es\"},{\"@type\":\"Person\",\"@id\":\"http:\/\/elregionalvm.com.ar\/noticias-villa-maria\/#\/schema\/person\/a0fb9c422317faca23d50163151bc354\",\"name\":\"Contenidos El Regional\",\"image\":{\"@type\":\"ImageObject\",\"inLanguage\":\"es\",\"@id\":\"http:\/\/elregionalvm.com.ar\/noticias-villa-maria\/#\/schema\/person\/image\/\",\"url\":\"https:\/\/secure.gravatar.com\/avatar\/265b27cb2209af7bb3a1318f03305787d7981a5cc6e6cd08fe5a4ecdf99d4b48?s=96&d=mm&r=g\",\"contentUrl\":\"https:\/\/secure.gravatar.com\/avatar\/265b27cb2209af7bb3a1318f03305787d7981a5cc6e6cd08fe5a4ecdf99d4b48?s=96&d=mm&r=g\",\"caption\":\"Contenidos El Regional\"},\"url\":\"https:\/\/elregionalvm.com.ar\/noticias-villa-maria\/author\/contenido\/\"}]}<\/script>\n<!-- \/ Yoast SEO plugin. -->","yoast_head_json":{"title":"Los vecinos del barrio Poetas Argentinos organizan una rifa para comprar bancos a sus plazas - El Regional","robots":{"index":"index","follow":"follow","max-snippet":"max-snippet:-1","max-image-preview":"max-image-preview:large","max-video-preview":"max-video-preview:-1"},"canonical":"https:\/\/elregionalvm.com.ar\/noticias-villa-maria\/los-vecinos-del-barrio-poetas-argentinos-organizan-una-rifa-para-comprar-bancos-a-sus-plazas\/","og_locale":"es_ES","og_type":"article","og_title":"Los vecinos del barrio Poetas Argentinos organizan una rifa para comprar bancos a sus plazas - El Regional","og_description":"La comunidad pone los premios y compra los n\u00fameros (10 mil pesos cada uno) para esta movida solidaria que est\u00e1 pr\u00f3xima a la llegada del cumplea\u00f1os: kilos de asado, alimentos, herramientas, muebles de decoraci\u00f3n, vestimenta y vouchers de compra se llevar\u00e1n algunos de los ganadores. El barrio Poetas Argentinos cumple 11 a\u00f1os y organiza una [&hellip;]","og_url":"https:\/\/elregionalvm.com.ar\/noticias-villa-maria\/los-vecinos-del-barrio-poetas-argentinos-organizan-una-rifa-para-comprar-bancos-a-sus-plazas\/","og_site_name":"El Regional","article_publisher":"https:\/\/www.facebook.com\/elregionalvm","article_published_time":"2025-11-19T17:45:38+00:00","article_modified_time":"2025-11-19T17:45:40+00:00","og_image":[{"width":639,"height":640,"url":"https:\/\/elregionalvm.com.ar\/noticias-villa-maria\/wp-content\/uploads\/2025\/11\/WhatsApp-Image-2025-11-19-at-12.03.55.jpeg","type":"image\/jpeg"}],"author":"Contenidos El Regional","twitter_card":"summary_large_image","twitter_creator":"@elregionalvm1","twitter_site":"@elregionalvm1","twitter_misc":{"Escrito por":"Contenidos El Regional","Tiempo de lectura":"3 minutos"},"schema":{"@context":"https:\/\/schema.org","@graph":[{"@type":"Article","@id":"https:\/\/elregionalvm.com.ar\/noticias-villa-maria\/los-vecinos-del-barrio-poetas-argentinos-organizan-una-rifa-para-comprar-bancos-a-sus-plazas\/#article","isPartOf":{"@id":"https:\/\/elregionalvm.com.ar\/noticias-villa-maria\/los-vecinos-del-barrio-poetas-argentinos-organizan-una-rifa-para-comprar-bancos-a-sus-plazas\/"},"author":{"name":"Contenidos El Regional","@id":"http:\/\/elregionalvm.com.ar\/noticias-villa-maria\/#\/schema\/person\/a0fb9c422317faca23d50163151bc354"},"headline":"Los vecinos del barrio Poetas Argentinos organizan una rifa para comprar bancos a sus plazas","datePublished":"2025-11-19T17:45:38+00:00","dateModified":"2025-11-19T17:45:40+00:00","mainEntityOfPage":{"@id":"https:\/\/elregionalvm.com.ar\/noticias-villa-maria\/los-vecinos-del-barrio-poetas-argentinos-organizan-una-rifa-para-comprar-bancos-a-sus-plazas\/"},"wordCount":457,"commentCount":0,"image":{"@id":"https:\/\/elregionalvm.com.ar\/noticias-villa-maria\/los-vecinos-del-barrio-poetas-argentinos-organizan-una-rifa-para-comprar-bancos-a-sus-plazas\/#primaryimage"},"thumbnailUrl":"https:\/\/i0.wp.com\/elregionalvm.com.ar\/noticias-villa-maria\/wp-content\/uploads\/2025\/11\/WhatsApp-Image-2025-11-19-at-12.03.55.jpeg?fit=639%2C640&ssl=1","articleSection":["destacado","Sociedad","Villa Mar\u00eda"],"inLanguage":"es","potentialAction":[{"@type":"CommentAction","name":"Comment","target":["https:\/\/elregionalvm.com.ar\/noticias-villa-maria\/los-vecinos-del-barrio-poetas-argentinos-organizan-una-rifa-para-comprar-bancos-a-sus-plazas\/#respond"]}]},{"@type":"WebPage","@id":"https:\/\/elregionalvm.com.ar\/noticias-villa-maria\/los-vecinos-del-barrio-poetas-argentinos-organizan-una-rifa-para-comprar-bancos-a-sus-plazas\/","url":"https:\/\/elregionalvm.com.ar\/noticias-villa-maria\/los-vecinos-del-barrio-poetas-argentinos-organizan-una-rifa-para-comprar-bancos-a-sus-plazas\/","name":"Los vecinos del barrio Poetas Argentinos organizan una rifa para comprar bancos a sus plazas - El Regional","isPartOf":{"@id":"http:\/\/elregionalvm.com.ar\/noticias-villa-maria\/#website"},"primaryImageOfPage":{"@id":"https:\/\/elregionalvm.com.ar\/noticias-villa-maria\/los-vecinos-del-barrio-poetas-argentinos-organizan-una-rifa-para-comprar-bancos-a-sus-plazas\/#primaryimage"},"image":{"@id":"https:\/\/elregionalvm.com.ar\/noticias-villa-maria\/los-vecinos-del-barrio-poetas-argentinos-organizan-una-rifa-para-comprar-bancos-a-sus-plazas\/#primaryimage"},"thumbnailUrl":"https:\/\/i0.wp.com\/elregionalvm.com.ar\/noticias-villa-maria\/wp-content\/uploads\/2025\/11\/WhatsApp-Image-2025-11-19-at-12.03.55.jpeg?fit=639%2C640&ssl=1","datePublished":"2025-11-19T17:45:38+00:00","dateModified":"2025-11-19T17:45:40+00:00","author":{"@id":"http:\/\/elregionalvm.com.ar\/noticias-villa-maria\/#\/schema\/person\/a0fb9c422317faca23d50163151bc354"},"breadcrumb":{"@id":"https:\/\/elregionalvm.com.ar\/noticias-villa-maria\/los-vecinos-del-barrio-poetas-argentinos-organizan-una-rifa-para-comprar-bancos-a-sus-plazas\/#breadcrumb"},"inLanguage":"es","potentialAction":[{"@type":"ReadAction","target":["https:\/\/elregionalvm.com.ar\/noticias-villa-maria\/los-vecinos-del-barrio-poetas-argentinos-organizan-una-rifa-para-comprar-bancos-a-sus-plazas\/"]}]},{"@type":"ImageObject","inLanguage":"es","@id":"https:\/\/elregionalvm.com.ar\/noticias-villa-maria\/los-vecinos-del-barrio-poetas-argentinos-organizan-una-rifa-para-comprar-bancos-a-sus-plazas\/#primaryimage","url":"https:\/\/i0.wp.com\/elregionalvm.com.ar\/noticias-villa-maria\/wp-content\/uploads\/2025\/11\/WhatsApp-Image-2025-11-19-at-12.03.55.jpeg?fit=639%2C640&ssl=1","contentUrl":"https:\/\/i0.wp.com\/elregionalvm.com.ar\/noticias-villa-maria\/wp-content\/uploads\/2025\/11\/WhatsApp-Image-2025-11-19-at-12.03.55.jpeg?fit=639%2C640&ssl=1","width":639,"height":640},{"@type":"BreadcrumbList","@id":"https:\/\/elregionalvm.com.ar\/noticias-villa-maria\/los-vecinos-del-barrio-poetas-argentinos-organizan-una-rifa-para-comprar-bancos-a-sus-plazas\/#breadcrumb","itemListElement":[{"@type":"ListItem","position":1,"name":"Portada","item":"https:\/\/elregionalvm.com.ar\/noticias-villa-maria\/"},{"@type":"ListItem","position":2,"name":"Los vecinos del barrio Poetas Argentinos organizan una rifa para comprar bancos a sus plazas"}]},{"@type":"WebSite","@id":"http:\/\/elregionalvm.com.ar\/noticias-villa-maria\/#website","url":"http:\/\/elregionalvm.com.ar\/noticias-villa-maria\/","name":"El Regional","description":"Mucho m\u00e1s que informaci\u00f3n","potentialAction":[{"@type":"SearchAction","target":{"@type":"EntryPoint","urlTemplate":"http:\/\/elregionalvm.com.ar\/noticias-villa-maria\/?s={search_term_string}"},"query-input":{"@type":"PropertyValueSpecification","valueRequired":true,"valueName":"search_term_string"}}],"inLanguage":"es"},{"@type":"Person","@id":"http:\/\/elregionalvm.com.ar\/noticias-villa-maria\/#\/schema\/person\/a0fb9c422317faca23d50163151bc354","name":"Contenidos El Regional","image":{"@type":"ImageObject","inLanguage":"es","@id":"http:\/\/elregionalvm.com.ar\/noticias-villa-maria\/#\/schema\/person\/image\/","url":"https:\/\/secure.gravatar.com\/avatar\/265b27cb2209af7bb3a1318f03305787d7981a5cc6e6cd08fe5a4ecdf99d4b48?s=96&d=mm&r=g","contentUrl":"https:\/\/secure.gravatar.com\/avatar\/265b27cb2209af7bb3a1318f03305787d7981a5cc6e6cd08fe5a4ecdf99d4b48?s=96&d=mm&r=g","caption":"Contenidos El Regional"},"url":"https:\/\/elregionalvm.com.ar\/noticias-villa-maria\/author\/contenido\/"}]}},"jetpack_featured_media_url":"https:\/\/i0.wp.com\/elregionalvm.com.ar\/noticias-villa-maria\/wp-content\/uploads\/2025\/11\/WhatsApp-Image-2025-11-19-at-12.03.55.jpeg?fit=639%2C640&ssl=1","jetpack_sharing_enabled":true,"_links":{"self":[{"href":"https:\/\/elregionalvm.com.ar\/noticias-villa-maria\/wp-json\/wp\/v2\/posts\/112062","targetHints":{"allow":["GET"]}}],"collection":[{"href":"https:\/\/elregionalvm.com.ar\/noticias-villa-maria\/wp-json\/wp\/v2\/posts"}],"about":[{"href":"https:\/\/elregionalvm.com.ar\/noticias-villa-maria\/wp-json\/wp\/v2\/types\/post"}],"author":[{"embeddable":true,"href":"https:\/\/elregionalvm.com.ar\/noticias-villa-maria\/wp-json\/wp\/v2\/users\/4"}],"replies":[{"embeddable":true,"href":"https:\/\/elregionalvm.com.ar\/noticias-villa-maria\/wp-json\/wp\/v2\/comments?post=112062"}],"version-history":[{"count":1,"href":"https:\/\/elregionalvm.com.ar\/noticias-villa-maria\/wp-json\/wp\/v2\/posts\/112062\/revisions"}],"predecessor-version":[{"id":112066,"href":"https:\/\/elregionalvm.com.ar\/noticias-villa-maria\/wp-json\/wp\/v2\/posts\/112062\/revisions\/112066"}],"wp:featuredmedia":[{"embeddable":true,"href":"https:\/\/elregionalvm.com.ar\/noticias-villa-maria\/wp-json\/wp\/v2\/media\/112065"}],"wp:attachment":[{"href":"https:\/\/elregionalvm.com.ar\/noticias-villa-maria\/wp-json\/wp\/v2\/media?parent=112062"}],"wp:term":[{"taxonomy":"category","embeddable":true,"href":"https:\/\/elregionalvm.com.ar\/noticias-villa-maria\/wp-json\/wp\/v2\/categories?post=112062"},{"taxonomy":"post_tag","embeddable":true,"href":"https:\/\/elregionalvm.com.ar\/noticias-villa-maria\/wp-json\/wp\/v2\/tags?post=112062"}],"curies":[{"name":"wp","href":"https:\/\/api.w.org\/{rel}","templated":true}]}}