{"id":112067,"date":"2025-11-19T17:49:50","date_gmt":"2025-11-19T17:49:50","guid":{"rendered":"https:\/\/elregionalvm.com.ar\/noticias-villa-maria\/?p=112067"},"modified":"2025-11-19T17:49:53","modified_gmt":"2025-11-19T17:49:53","slug":"destacada-profesora-de-la-universidad-de-torino-expondra-en-la-unvm","status":"publish","type":"post","link":"https:\/\/elregionalvm.com.ar\/noticias-villa-maria\/destacada-profesora-de-la-universidad-de-torino-expondra-en-la-unvm\/","title":{"rendered":"Destacada Profesora de la Universidad de Torino Expondr\u00e1 en la UNVM"},"content":{"rendered":"\n<p><strong>La Universidad Nacional de Villa Mar\u00eda (UNVM) fue el escenario de una importante actividad acad\u00e9mica con la visita de la Dra. Tiziana Bertaccini, destacada profesora de la prestigiosa Universit\u00e0 degli Studi di Torino, Italia<\/strong>. La Dra. Bertaccini dict\u00f3 una conferencia magistral centrada en la Geopol\u00edtica y Am\u00e9rica Latina, atrayendo a estudiantes, docentes e investigadores interesados en las din\u00e1micas de poder y territorio en la regi\u00f3n.<\/p>\n\n\n\n<p>El evento, que se llev\u00f3 a cabo el pasado jueves 13 de noviembre de 2025, tuvo como objetivo analizar las nuevas configuraciones del poder global y c\u00f3mo estas impactan en la autonom\u00eda, los recursos y las relaciones internacionales de los pa\u00edses latinoamericanos.<\/p>\n\n\n\n<p><strong>Presencia Consular Refuerza el V\u00ednculo<\/strong>&nbsp;&#x1f91d;<br>La relevancia de la jornada fue subrayada por la presencia institucional del&nbsp;<strong>C\u00f3nsul Honorario de Italia, Mat\u00edas Ezequiel Bossa<\/strong>. Su participaci\u00f3n en la apertura del evento no solo reforz\u00f3 los lazos de cooperaci\u00f3n acad\u00e9mica y cultural entre Italia y la UNVM, sino que tambi\u00e9n destac\u00f3 el inter\u00e9s bilateral en la discusi\u00f3n de temas cruciales como la geopol\u00edtica.<\/p>\n\n\n\n<p>Disertante: Dra. Tiziana Bertaccini (Universit\u00e0 degli Studi di Torino)<\/p>\n\n\n\n<p>Tema Central: Geopol\u00edtica y Am\u00e9rica Latina<\/p>\n\n\n\n<p>Fecha del Evento: 13 de noviembre de 2025<\/p>\n\n\n\n<p>Invitado Especial:&nbsp;Mat\u00edas Ezequiel Bossa, C\u00f3nsul Honorario de Italia en la Region Villa Mar\u00eda.<\/p>\n\n\n\n<p>Lugar: Universidad Nacional de Villa Mar\u00eda (UNVM)<\/p>\n\n\n\n<p>La exposici\u00f3n de la Dra. Bertaccini se inscribe en la estrategia de la&nbsp;<strong>UNVM de promover la internacionalizaci\u00f3n&nbsp;<\/strong>y de ofrecer a su comunidad educativa un espacio de debate de alto nivel sobre problem\u00e1ticas contempor\u00e1neas.<\/p>\n","protected":false},"excerpt":{"rendered":"<p>La Universidad Nacional de Villa Mar\u00eda (UNVM) fue el escenario de una importante actividad acad\u00e9mica con la visita de la Dra. Tiziana Bertaccini, destacada profesora de la prestigiosa Universit\u00e0 degli Studi di Torino, Italia. La Dra. Bertaccini dict\u00f3 una conferencia magistral centrada en la Geopol\u00edtica y Am\u00e9rica Latina, atrayendo a estudiantes, docentes e investigadores interesados [&hellip;]<\/p>\n","protected":false},"author":4,"featured_media":112068,"comment_status":"open","ping_status":"open","sticky":false,"template":"","format":"standard","meta":{"site-sidebar-layout":"default","site-content-layout":"","ast-site-content-layout":"default","site-content-style":"default","site-sidebar-style":"default","ast-global-header-display":"","ast-banner-title-visibility":"","ast-main-header-display":"","ast-hfb-above-header-display":"","ast-hfb-below-header-display":"","ast-hfb-mobile-header-display":"","site-post-title":"","ast-breadcrumbs-content":"","ast-featured-img":"","footer-sml-layout":"","ast-disable-related-posts":"","theme-transparent-header-meta":"","adv-header-id-meta":"","stick-header-meta":"","header-above-stick-meta":"","header-main-stick-meta":"","header-below-stick-meta":"","astra-migrate-meta-layouts":"set","ast-page-background-enabled":"default","ast-page-background-meta":{"desktop":{"background-color":"","background-image":"","background-repeat":"repeat","background-position":"center center","background-size":"auto","background-attachment":"scroll","background-type":"","background-media":"","overlay-type":"","overlay-color":"","overlay-opacity":"","overlay-gradient":""},"tablet":{"background-color":"","background-image":"","background-repeat":"repeat","background-position":"center center","background-size":"auto","background-attachment":"scroll","background-type":"","background-media":"","overlay-type":"","overlay-color":"","overlay-opacity":"","overlay-gradient":""},"mobile":{"background-color":"","background-image":"","background-repeat":"repeat","background-position":"center center","background-size":"auto","background-attachment":"scroll","background-type":"","background-media":"","overlay-type":"","overlay-color":"","overlay-opacity":"","overlay-gradient":""}},"ast-content-background-meta":{"desktop":{"background-color":"var(--ast-global-color-5)","background-image":"","background-repeat":"repeat","background-position":"center center","background-size":"auto","background-attachment":"scroll","background-type":"","background-media":"","overlay-type":"","overlay-color":"","overlay-opacity":"","overlay-gradient":""},"tablet":{"background-color":"var(--ast-global-color-5)","background-image":"","background-repeat":"repeat","background-position":"center center","background-size":"auto","background-attachment":"scroll","background-type":"","background-media":"","overlay-type":"","overlay-color":"","overlay-opacity":"","overlay-gradient":""},"mobile":{"background-color":"var(--ast-global-color-5)","background-image":"","background-repeat":"repeat","background-position":"center center","background-size":"auto","background-attachment":"scroll","background-type":"","background-media":"","overlay-type":"","overlay-color":"","overlay-opacity":"","overlay-gradient":""}},"_jetpack_memberships_contains_paid_content":false,"_joinchat":[],"footnotes":""},"categories":[15302,5,2],"tags":[],"class_list":["post-112067","post","type-post","status-publish","format-standard","has-post-thumbnail","hentry","category-destacado","category-sociedad","category-villa-maria"],"yoast_head":"<!-- This site is optimized with the Yoast SEO plugin v26.8 - https:\/\/yoast.com\/product\/yoast-seo-wordpress\/ -->\n<title>Destacada Profesora de la Universidad de Torino Expondr\u00e1 en la UNVM - El Regional<\/title>\n<meta name=\"robots\" content=\"index, follow, max-snippet:-1, max-image-preview:large, max-video-preview:-1\" \/>\n<link rel=\"canonical\" href=\"https:\/\/elregionalvm.com.ar\/noticias-villa-maria\/destacada-profesora-de-la-universidad-de-torino-expondra-en-la-unvm\/\" \/>\n<meta property=\"og:locale\" content=\"es_ES\" \/>\n<meta property=\"og:type\" content=\"article\" \/>\n<meta property=\"og:title\" content=\"Destacada Profesora de la Universidad de Torino Expondr\u00e1 en la UNVM - El Regional\" \/>\n<meta property=\"og:description\" content=\"La Universidad Nacional de Villa Mar\u00eda (UNVM) fue el escenario de una importante actividad acad\u00e9mica con la visita de la Dra. Tiziana Bertaccini, destacada profesora de la prestigiosa Universit\u00e0 degli Studi di Torino, Italia. La Dra. Bertaccini dict\u00f3 una conferencia magistral centrada en la Geopol\u00edtica y Am\u00e9rica Latina, atrayendo a estudiantes, docentes e investigadores interesados [&hellip;]\" \/>\n<meta property=\"og:url\" content=\"https:\/\/elregionalvm.com.ar\/noticias-villa-maria\/destacada-profesora-de-la-universidad-de-torino-expondra-en-la-unvm\/\" \/>\n<meta property=\"og:site_name\" content=\"El Regional\" \/>\n<meta property=\"article:publisher\" content=\"https:\/\/www.facebook.com\/elregionalvm\" \/>\n<meta property=\"article:published_time\" content=\"2025-11-19T17:49:50+00:00\" \/>\n<meta property=\"article:modified_time\" content=\"2025-11-19T17:49:53+00:00\" \/>\n<meta property=\"og:image\" content=\"https:\/\/elregionalvm.com.ar\/noticias-villa-maria\/wp-content\/uploads\/2025\/11\/fe75df34-17dd-4da1-83f0-71097d29af48.jpeg\" \/>\n\t<meta property=\"og:image:width\" content=\"1280\" \/>\n\t<meta property=\"og:image:height\" content=\"853\" \/>\n\t<meta property=\"og:image:type\" content=\"image\/jpeg\" \/>\n<meta name=\"author\" content=\"Contenidos El Regional\" \/>\n<meta name=\"twitter:card\" content=\"summary_large_image\" \/>\n<meta name=\"twitter:creator\" content=\"@elregionalvm1\" \/>\n<meta name=\"twitter:site\" content=\"@elregionalvm1\" \/>\n<meta name=\"twitter:label1\" content=\"Escrito por\" \/>\n\t<meta name=\"twitter:data1\" content=\"Contenidos El Regional\" \/>\n\t<meta name=\"twitter:label2\" content=\"Tiempo de lectura\" \/>\n\t<meta name=\"twitter:data2\" content=\"2 minutos\" \/>\n<script type=\"application\/ld+json\" class=\"yoast-schema-graph\">{\"@context\":\"https:\/\/schema.org\",\"@graph\":[{\"@type\":\"Article\",\"@id\":\"https:\/\/elregionalvm.com.ar\/noticias-villa-maria\/destacada-profesora-de-la-universidad-de-torino-expondra-en-la-unvm\/#article\",\"isPartOf\":{\"@id\":\"https:\/\/elregionalvm.com.ar\/noticias-villa-maria\/destacada-profesora-de-la-universidad-de-torino-expondra-en-la-unvm\/\"},\"author\":{\"name\":\"Contenidos El Regional\",\"@id\":\"http:\/\/elregionalvm.com.ar\/noticias-villa-maria\/#\/schema\/person\/a0fb9c422317faca23d50163151bc354\"},\"headline\":\"Destacada Profesora de la Universidad de Torino Expondr\u00e1 en la UNVM\",\"datePublished\":\"2025-11-19T17:49:50+00:00\",\"dateModified\":\"2025-11-19T17:49:53+00:00\",\"mainEntityOfPage\":{\"@id\":\"https:\/\/elregionalvm.com.ar\/noticias-villa-maria\/destacada-profesora-de-la-universidad-de-torino-expondra-en-la-unvm\/\"},\"wordCount\":292,\"commentCount\":0,\"image\":{\"@id\":\"https:\/\/elregionalvm.com.ar\/noticias-villa-maria\/destacada-profesora-de-la-universidad-de-torino-expondra-en-la-unvm\/#primaryimage\"},\"thumbnailUrl\":\"https:\/\/i0.wp.com\/elregionalvm.com.ar\/noticias-villa-maria\/wp-content\/uploads\/2025\/11\/fe75df34-17dd-4da1-83f0-71097d29af48.jpeg?fit=1280%2C853&ssl=1\",\"articleSection\":[\"destacado\",\"Sociedad\",\"Villa Mar\u00eda\"],\"inLanguage\":\"es\",\"potentialAction\":[{\"@type\":\"CommentAction\",\"name\":\"Comment\",\"target\":[\"https:\/\/elregionalvm.com.ar\/noticias-villa-maria\/destacada-profesora-de-la-universidad-de-torino-expondra-en-la-unvm\/#respond\"]}]},{\"@type\":\"WebPage\",\"@id\":\"https:\/\/elregionalvm.com.ar\/noticias-villa-maria\/destacada-profesora-de-la-universidad-de-torino-expondra-en-la-unvm\/\",\"url\":\"https:\/\/elregionalvm.com.ar\/noticias-villa-maria\/destacada-profesora-de-la-universidad-de-torino-expondra-en-la-unvm\/\",\"name\":\"Destacada Profesora de la Universidad de Torino Expondr\u00e1 en la UNVM - El Regional\",\"isPartOf\":{\"@id\":\"http:\/\/elregionalvm.com.ar\/noticias-villa-maria\/#website\"},\"primaryImageOfPage\":{\"@id\":\"https:\/\/elregionalvm.com.ar\/noticias-villa-maria\/destacada-profesora-de-la-universidad-de-torino-expondra-en-la-unvm\/#primaryimage\"},\"image\":{\"@id\":\"https:\/\/elregionalvm.com.ar\/noticias-villa-maria\/destacada-profesora-de-la-universidad-de-torino-expondra-en-la-unvm\/#primaryimage\"},\"thumbnailUrl\":\"https:\/\/i0.wp.com\/elregionalvm.com.ar\/noticias-villa-maria\/wp-content\/uploads\/2025\/11\/fe75df34-17dd-4da1-83f0-71097d29af48.jpeg?fit=1280%2C853&ssl=1\",\"datePublished\":\"2025-11-19T17:49:50+00:00\",\"dateModified\":\"2025-11-19T17:49:53+00:00\",\"author\":{\"@id\":\"http:\/\/elregionalvm.com.ar\/noticias-villa-maria\/#\/schema\/person\/a0fb9c422317faca23d50163151bc354\"},\"breadcrumb\":{\"@id\":\"https:\/\/elregionalvm.com.ar\/noticias-villa-maria\/destacada-profesora-de-la-universidad-de-torino-expondra-en-la-unvm\/#breadcrumb\"},\"inLanguage\":\"es\",\"potentialAction\":[{\"@type\":\"ReadAction\",\"target\":[\"https:\/\/elregionalvm.com.ar\/noticias-villa-maria\/destacada-profesora-de-la-universidad-de-torino-expondra-en-la-unvm\/\"]}]},{\"@type\":\"ImageObject\",\"inLanguage\":\"es\",\"@id\":\"https:\/\/elregionalvm.com.ar\/noticias-villa-maria\/destacada-profesora-de-la-universidad-de-torino-expondra-en-la-unvm\/#primaryimage\",\"url\":\"https:\/\/i0.wp.com\/elregionalvm.com.ar\/noticias-villa-maria\/wp-content\/uploads\/2025\/11\/fe75df34-17dd-4da1-83f0-71097d29af48.jpeg?fit=1280%2C853&ssl=1\",\"contentUrl\":\"https:\/\/i0.wp.com\/elregionalvm.com.ar\/noticias-villa-maria\/wp-content\/uploads\/2025\/11\/fe75df34-17dd-4da1-83f0-71097d29af48.jpeg?fit=1280%2C853&ssl=1\",\"width\":1280,\"height\":853},{\"@type\":\"BreadcrumbList\",\"@id\":\"https:\/\/elregionalvm.com.ar\/noticias-villa-maria\/destacada-profesora-de-la-universidad-de-torino-expondra-en-la-unvm\/#breadcrumb\",\"itemListElement\":[{\"@type\":\"ListItem\",\"position\":1,\"name\":\"Portada\",\"item\":\"https:\/\/elregionalvm.com.ar\/noticias-villa-maria\/\"},{\"@type\":\"ListItem\",\"position\":2,\"name\":\"Destacada Profesora de la Universidad de Torino Expondr\u00e1 en la UNVM\"}]},{\"@type\":\"WebSite\",\"@id\":\"http:\/\/elregionalvm.com.ar\/noticias-villa-maria\/#website\",\"url\":\"http:\/\/elregionalvm.com.ar\/noticias-villa-maria\/\",\"name\":\"El Regional\",\"description\":\"Mucho m\u00e1s que informaci\u00f3n\",\"potentialAction\":[{\"@type\":\"SearchAction\",\"target\":{\"@type\":\"EntryPoint\",\"urlTemplate\":\"http:\/\/elregionalvm.com.ar\/noticias-villa-maria\/?s={search_term_string}\"},\"query-input\":{\"@type\":\"PropertyValueSpecification\",\"valueRequired\":true,\"valueName\":\"search_term_string\"}}],\"inLanguage\":\"es\"},{\"@type\":\"Person\",\"@id\":\"http:\/\/elregionalvm.com.ar\/noticias-villa-maria\/#\/schema\/person\/a0fb9c422317faca23d50163151bc354\",\"name\":\"Contenidos El Regional\",\"image\":{\"@type\":\"ImageObject\",\"inLanguage\":\"es\",\"@id\":\"http:\/\/elregionalvm.com.ar\/noticias-villa-maria\/#\/schema\/person\/image\/\",\"url\":\"https:\/\/secure.gravatar.com\/avatar\/265b27cb2209af7bb3a1318f03305787d7981a5cc6e6cd08fe5a4ecdf99d4b48?s=96&d=mm&r=g\",\"contentUrl\":\"https:\/\/secure.gravatar.com\/avatar\/265b27cb2209af7bb3a1318f03305787d7981a5cc6e6cd08fe5a4ecdf99d4b48?s=96&d=mm&r=g\",\"caption\":\"Contenidos El Regional\"},\"url\":\"https:\/\/elregionalvm.com.ar\/noticias-villa-maria\/author\/contenido\/\"}]}<\/script>\n<!-- \/ Yoast SEO plugin. -->","yoast_head_json":{"title":"Destacada Profesora de la Universidad de Torino Expondr\u00e1 en la UNVM - El Regional","robots":{"index":"index","follow":"follow","max-snippet":"max-snippet:-1","max-image-preview":"max-image-preview:large","max-video-preview":"max-video-preview:-1"},"canonical":"https:\/\/elregionalvm.com.ar\/noticias-villa-maria\/destacada-profesora-de-la-universidad-de-torino-expondra-en-la-unvm\/","og_locale":"es_ES","og_type":"article","og_title":"Destacada Profesora de la Universidad de Torino Expondr\u00e1 en la UNVM - El Regional","og_description":"La Universidad Nacional de Villa Mar\u00eda (UNVM) fue el escenario de una importante actividad acad\u00e9mica con la visita de la Dra. Tiziana Bertaccini, destacada profesora de la prestigiosa Universit\u00e0 degli Studi di Torino, Italia. La Dra. Bertaccini dict\u00f3 una conferencia magistral centrada en la Geopol\u00edtica y Am\u00e9rica Latina, atrayendo a estudiantes, docentes e investigadores interesados [&hellip;]","og_url":"https:\/\/elregionalvm.com.ar\/noticias-villa-maria\/destacada-profesora-de-la-universidad-de-torino-expondra-en-la-unvm\/","og_site_name":"El Regional","article_publisher":"https:\/\/www.facebook.com\/elregionalvm","article_published_time":"2025-11-19T17:49:50+00:00","article_modified_time":"2025-11-19T17:49:53+00:00","og_image":[{"width":1280,"height":853,"url":"https:\/\/elregionalvm.com.ar\/noticias-villa-maria\/wp-content\/uploads\/2025\/11\/fe75df34-17dd-4da1-83f0-71097d29af48.jpeg","type":"image\/jpeg"}],"author":"Contenidos El Regional","twitter_card":"summary_large_image","twitter_creator":"@elregionalvm1","twitter_site":"@elregionalvm1","twitter_misc":{"Escrito por":"Contenidos El Regional","Tiempo de lectura":"2 minutos"},"schema":{"@context":"https:\/\/schema.org","@graph":[{"@type":"Article","@id":"https:\/\/elregionalvm.com.ar\/noticias-villa-maria\/destacada-profesora-de-la-universidad-de-torino-expondra-en-la-unvm\/#article","isPartOf":{"@id":"https:\/\/elregionalvm.com.ar\/noticias-villa-maria\/destacada-profesora-de-la-universidad-de-torino-expondra-en-la-unvm\/"},"author":{"name":"Contenidos El Regional","@id":"http:\/\/elregionalvm.com.ar\/noticias-villa-maria\/#\/schema\/person\/a0fb9c422317faca23d50163151bc354"},"headline":"Destacada Profesora de la Universidad de Torino Expondr\u00e1 en la UNVM","datePublished":"2025-11-19T17:49:50+00:00","dateModified":"2025-11-19T17:49:53+00:00","mainEntityOfPage":{"@id":"https:\/\/elregionalvm.com.ar\/noticias-villa-maria\/destacada-profesora-de-la-universidad-de-torino-expondra-en-la-unvm\/"},"wordCount":292,"commentCount":0,"image":{"@id":"https:\/\/elregionalvm.com.ar\/noticias-villa-maria\/destacada-profesora-de-la-universidad-de-torino-expondra-en-la-unvm\/#primaryimage"},"thumbnailUrl":"https:\/\/i0.wp.com\/elregionalvm.com.ar\/noticias-villa-maria\/wp-content\/uploads\/2025\/11\/fe75df34-17dd-4da1-83f0-71097d29af48.jpeg?fit=1280%2C853&ssl=1","articleSection":["destacado","Sociedad","Villa Mar\u00eda"],"inLanguage":"es","potentialAction":[{"@type":"CommentAction","name":"Comment","target":["https:\/\/elregionalvm.com.ar\/noticias-villa-maria\/destacada-profesora-de-la-universidad-de-torino-expondra-en-la-unvm\/#respond"]}]},{"@type":"WebPage","@id":"https:\/\/elregionalvm.com.ar\/noticias-villa-maria\/destacada-profesora-de-la-universidad-de-torino-expondra-en-la-unvm\/","url":"https:\/\/elregionalvm.com.ar\/noticias-villa-maria\/destacada-profesora-de-la-universidad-de-torino-expondra-en-la-unvm\/","name":"Destacada Profesora de la Universidad de Torino Expondr\u00e1 en la UNVM - El Regional","isPartOf":{"@id":"http:\/\/elregionalvm.com.ar\/noticias-villa-maria\/#website"},"primaryImageOfPage":{"@id":"https:\/\/elregionalvm.com.ar\/noticias-villa-maria\/destacada-profesora-de-la-universidad-de-torino-expondra-en-la-unvm\/#primaryimage"},"image":{"@id":"https:\/\/elregionalvm.com.ar\/noticias-villa-maria\/destacada-profesora-de-la-universidad-de-torino-expondra-en-la-unvm\/#primaryimage"},"thumbnailUrl":"https:\/\/i0.wp.com\/elregionalvm.com.ar\/noticias-villa-maria\/wp-content\/uploads\/2025\/11\/fe75df34-17dd-4da1-83f0-71097d29af48.jpeg?fit=1280%2C853&ssl=1","datePublished":"2025-11-19T17:49:50+00:00","dateModified":"2025-11-19T17:49:53+00:00","author":{"@id":"http:\/\/elregionalvm.com.ar\/noticias-villa-maria\/#\/schema\/person\/a0fb9c422317faca23d50163151bc354"},"breadcrumb":{"@id":"https:\/\/elregionalvm.com.ar\/noticias-villa-maria\/destacada-profesora-de-la-universidad-de-torino-expondra-en-la-unvm\/#breadcrumb"},"inLanguage":"es","potentialAction":[{"@type":"ReadAction","target":["https:\/\/elregionalvm.com.ar\/noticias-villa-maria\/destacada-profesora-de-la-universidad-de-torino-expondra-en-la-unvm\/"]}]},{"@type":"ImageObject","inLanguage":"es","@id":"https:\/\/elregionalvm.com.ar\/noticias-villa-maria\/destacada-profesora-de-la-universidad-de-torino-expondra-en-la-unvm\/#primaryimage","url":"https:\/\/i0.wp.com\/elregionalvm.com.ar\/noticias-villa-maria\/wp-content\/uploads\/2025\/11\/fe75df34-17dd-4da1-83f0-71097d29af48.jpeg?fit=1280%2C853&ssl=1","contentUrl":"https:\/\/i0.wp.com\/elregionalvm.com.ar\/noticias-villa-maria\/wp-content\/uploads\/2025\/11\/fe75df34-17dd-4da1-83f0-71097d29af48.jpeg?fit=1280%2C853&ssl=1","width":1280,"height":853},{"@type":"BreadcrumbList","@id":"https:\/\/elregionalvm.com.ar\/noticias-villa-maria\/destacada-profesora-de-la-universidad-de-torino-expondra-en-la-unvm\/#breadcrumb","itemListElement":[{"@type":"ListItem","position":1,"name":"Portada","item":"https:\/\/elregionalvm.com.ar\/noticias-villa-maria\/"},{"@type":"ListItem","position":2,"name":"Destacada Profesora de la Universidad de Torino Expondr\u00e1 en la UNVM"}]},{"@type":"WebSite","@id":"http:\/\/elregionalvm.com.ar\/noticias-villa-maria\/#website","url":"http:\/\/elregionalvm.com.ar\/noticias-villa-maria\/","name":"El Regional","description":"Mucho m\u00e1s que informaci\u00f3n","potentialAction":[{"@type":"SearchAction","target":{"@type":"EntryPoint","urlTemplate":"http:\/\/elregionalvm.com.ar\/noticias-villa-maria\/?s={search_term_string}"},"query-input":{"@type":"PropertyValueSpecification","valueRequired":true,"valueName":"search_term_string"}}],"inLanguage":"es"},{"@type":"Person","@id":"http:\/\/elregionalvm.com.ar\/noticias-villa-maria\/#\/schema\/person\/a0fb9c422317faca23d50163151bc354","name":"Contenidos El Regional","image":{"@type":"ImageObject","inLanguage":"es","@id":"http:\/\/elregionalvm.com.ar\/noticias-villa-maria\/#\/schema\/person\/image\/","url":"https:\/\/secure.gravatar.com\/avatar\/265b27cb2209af7bb3a1318f03305787d7981a5cc6e6cd08fe5a4ecdf99d4b48?s=96&d=mm&r=g","contentUrl":"https:\/\/secure.gravatar.com\/avatar\/265b27cb2209af7bb3a1318f03305787d7981a5cc6e6cd08fe5a4ecdf99d4b48?s=96&d=mm&r=g","caption":"Contenidos El Regional"},"url":"https:\/\/elregionalvm.com.ar\/noticias-villa-maria\/author\/contenido\/"}]}},"jetpack_featured_media_url":"https:\/\/i0.wp.com\/elregionalvm.com.ar\/noticias-villa-maria\/wp-content\/uploads\/2025\/11\/fe75df34-17dd-4da1-83f0-71097d29af48.jpeg?fit=1280%2C853&ssl=1","jetpack_sharing_enabled":true,"_links":{"self":[{"href":"https:\/\/elregionalvm.com.ar\/noticias-villa-maria\/wp-json\/wp\/v2\/posts\/112067","targetHints":{"allow":["GET"]}}],"collection":[{"href":"https:\/\/elregionalvm.com.ar\/noticias-villa-maria\/wp-json\/wp\/v2\/posts"}],"about":[{"href":"https:\/\/elregionalvm.com.ar\/noticias-villa-maria\/wp-json\/wp\/v2\/types\/post"}],"author":[{"embeddable":true,"href":"https:\/\/elregionalvm.com.ar\/noticias-villa-maria\/wp-json\/wp\/v2\/users\/4"}],"replies":[{"embeddable":true,"href":"https:\/\/elregionalvm.com.ar\/noticias-villa-maria\/wp-json\/wp\/v2\/comments?post=112067"}],"version-history":[{"count":1,"href":"https:\/\/elregionalvm.com.ar\/noticias-villa-maria\/wp-json\/wp\/v2\/posts\/112067\/revisions"}],"predecessor-version":[{"id":112069,"href":"https:\/\/elregionalvm.com.ar\/noticias-villa-maria\/wp-json\/wp\/v2\/posts\/112067\/revisions\/112069"}],"wp:featuredmedia":[{"embeddable":true,"href":"https:\/\/elregionalvm.com.ar\/noticias-villa-maria\/wp-json\/wp\/v2\/media\/112068"}],"wp:attachment":[{"href":"https:\/\/elregionalvm.com.ar\/noticias-villa-maria\/wp-json\/wp\/v2\/media?parent=112067"}],"wp:term":[{"taxonomy":"category","embeddable":true,"href":"https:\/\/elregionalvm.com.ar\/noticias-villa-maria\/wp-json\/wp\/v2\/categories?post=112067"},{"taxonomy":"post_tag","embeddable":true,"href":"https:\/\/elregionalvm.com.ar\/noticias-villa-maria\/wp-json\/wp\/v2\/tags?post=112067"}],"curies":[{"name":"wp","href":"https:\/\/api.w.org\/{rel}","templated":true}]}}