{"id":112336,"date":"2025-12-01T18:01:38","date_gmt":"2025-12-01T18:01:38","guid":{"rendered":"https:\/\/elregionalvm.com.ar\/noticias-villa-maria\/?p=112336"},"modified":"2025-12-01T18:01:40","modified_gmt":"2025-12-01T18:01:40","slug":"durante-el-mes-de-noviembre-el-147-registro-2-422-llamados-en-reclamos-y-consultas-de-vecinos","status":"publish","type":"post","link":"https:\/\/elregionalvm.com.ar\/noticias-villa-maria\/durante-el-mes-de-noviembre-el-147-registro-2-422-llamados-en-reclamos-y-consultas-de-vecinos\/","title":{"rendered":"Durante el mes de noviembre, el 147 registr\u00f3 2.422 llamados en reclamos y consultas de vecinos \u00a0"},"content":{"rendered":"\n<p>El servicio de Asistencia Ciudadana 147, disponible las 24 horas durante los 365 d\u00edas del a\u00f1o, contin\u00faa consolid\u00e1ndose como una herramienta central para la gesti\u00f3n de reclamos y consultas de los vecinos. El sistema combina la atenci\u00f3n del personal ubicado en la base de operaciones del Centro C\u00edvico con el funcionamiento del software \u201cMarIA\u201d, que emplea inteligencia artificial para optimizar la clasificaci\u00f3n y respuesta de los pedidos.<\/p>\n\n\n\n<p>Durante el mes de noviembre, el 147 registr\u00f3 2.422 llamados, reflejando el uso sostenido del servicio y su importancia como canal directo entre la comunidad y el municipio.<\/p>\n\n\n\n<p>Al respecto, la secretaria de Prevenci\u00f3n, Seguridad y Convivencia Urbana, Guadalupe V\u00e1zquez, se\u00f1al\u00f3: \u201cIncorporar tecnolog\u00eda de punta nos permiti\u00f3 contar con un sistema eficiente de atenci\u00f3n al vecino. Cada vez se va perfeccionando y nos permite chequear la trazabilidad de los llamados\u201d.<\/p>\n\n\n\n<p><strong>Un servicio disponible todos los d\u00edas, a toda hora<\/strong><\/p>\n\n\n\n<p>El 147 funciona de manera ininterrumpida, permitiendo que cada vecino pueda comunicarse en cualquier momento, ya sea ante una urgencia o para realizar gestiones vinculadas a servicios p\u00fablicos.<\/p>\n\n\n\n<p><strong>Principales motivos de los llamados<\/strong><\/p>\n\n\n\n<p>Entre las solicitudes m\u00e1s frecuentes durante noviembre se destacaron: limpieza urbana y recolecci\u00f3n de residuos; poda y arbolado; iluminaci\u00f3n p\u00fablica; reparaci\u00f3n de calles y bacheo; retiro de escombros; reclamos vinculados a seguridad y convivencia; atenci\u00f3n por animales sueltos; y consultas generales sobre tr\u00e1mites y derivaciones.<\/p>\n\n\n\n<p><strong>Tecnolog\u00eda para mejorar la respuesta<\/strong><\/p>\n\n\n\n<p>Cada ingreso queda registrado en una plataforma digital que genera un n\u00famero de seguimiento y permite derivar autom\u00e1ticamente el pedido al \u00e1rea correspondiente. Esto, sumado al aporte de inteligencia artificial, favorece la trazabilidad, acelera la gesti\u00f3n y fortalece la transparencia.&nbsp;<\/p>\n\n\n\n<p>La Municipalidad reafirma su compromiso de continuar ampliando y modernizando este servicio, sumando nuevas categor\u00edas de atenci\u00f3n y mejorando la articulaci\u00f3n con las distintas secretar\u00edas y \u00e1reas operativas.<\/p>\n","protected":false},"excerpt":{"rendered":"<p>El servicio de Asistencia Ciudadana 147, disponible las 24 horas durante los 365 d\u00edas del a\u00f1o, contin\u00faa consolid\u00e1ndose como una herramienta central para la gesti\u00f3n de reclamos y consultas de los vecinos. El sistema combina la atenci\u00f3n del personal ubicado en la base de operaciones del Centro C\u00edvico con el funcionamiento del software \u201cMarIA\u201d, que [&hellip;]<\/p>\n","protected":false},"author":4,"featured_media":112337,"comment_status":"open","ping_status":"open","sticky":false,"template":"","format":"standard","meta":{"site-sidebar-layout":"default","site-content-layout":"","ast-site-content-layout":"default","site-content-style":"default","site-sidebar-style":"default","ast-global-header-display":"","ast-banner-title-visibility":"","ast-main-header-display":"","ast-hfb-above-header-display":"","ast-hfb-below-header-display":"","ast-hfb-mobile-header-display":"","site-post-title":"","ast-breadcrumbs-content":"","ast-featured-img":"","footer-sml-layout":"","ast-disable-related-posts":"","theme-transparent-header-meta":"","adv-header-id-meta":"","stick-header-meta":"","header-above-stick-meta":"","header-main-stick-meta":"","header-below-stick-meta":"","astra-migrate-meta-layouts":"set","ast-page-background-enabled":"default","ast-page-background-meta":{"desktop":{"background-color":"","background-image":"","background-repeat":"repeat","background-position":"center center","background-size":"auto","background-attachment":"scroll","background-type":"","background-media":"","overlay-type":"","overlay-color":"","overlay-opacity":"","overlay-gradient":""},"tablet":{"background-color":"","background-image":"","background-repeat":"repeat","background-position":"center center","background-size":"auto","background-attachment":"scroll","background-type":"","background-media":"","overlay-type":"","overlay-color":"","overlay-opacity":"","overlay-gradient":""},"mobile":{"background-color":"","background-image":"","background-repeat":"repeat","background-position":"center center","background-size":"auto","background-attachment":"scroll","background-type":"","background-media":"","overlay-type":"","overlay-color":"","overlay-opacity":"","overlay-gradient":""}},"ast-content-background-meta":{"desktop":{"background-color":"var(--ast-global-color-5)","background-image":"","background-repeat":"repeat","background-position":"center center","background-size":"auto","background-attachment":"scroll","background-type":"","background-media":"","overlay-type":"","overlay-color":"","overlay-opacity":"","overlay-gradient":""},"tablet":{"background-color":"var(--ast-global-color-5)","background-image":"","background-repeat":"repeat","background-position":"center center","background-size":"auto","background-attachment":"scroll","background-type":"","background-media":"","overlay-type":"","overlay-color":"","overlay-opacity":"","overlay-gradient":""},"mobile":{"background-color":"var(--ast-global-color-5)","background-image":"","background-repeat":"repeat","background-position":"center center","background-size":"auto","background-attachment":"scroll","background-type":"","background-media":"","overlay-type":"","overlay-color":"","overlay-opacity":"","overlay-gradient":""}},"_jetpack_memberships_contains_paid_content":false,"_joinchat":[],"footnotes":""},"categories":[15302,5,2],"tags":[],"class_list":["post-112336","post","type-post","status-publish","format-standard","has-post-thumbnail","hentry","category-destacado","category-sociedad","category-villa-maria"],"yoast_head":"<!-- This site is optimized with the Yoast SEO plugin v26.8 - https:\/\/yoast.com\/product\/yoast-seo-wordpress\/ -->\n<title>Durante el mes de noviembre, el 147 registr\u00f3 2.422 llamados en reclamos y consultas de vecinos \u00a0 - El Regional<\/title>\n<meta name=\"robots\" content=\"index, follow, max-snippet:-1, max-image-preview:large, max-video-preview:-1\" \/>\n<link rel=\"canonical\" href=\"https:\/\/elregionalvm.com.ar\/noticias-villa-maria\/durante-el-mes-de-noviembre-el-147-registro-2-422-llamados-en-reclamos-y-consultas-de-vecinos\/\" \/>\n<meta property=\"og:locale\" content=\"es_ES\" \/>\n<meta property=\"og:type\" content=\"article\" \/>\n<meta property=\"og:title\" content=\"Durante el mes de noviembre, el 147 registr\u00f3 2.422 llamados en reclamos y consultas de vecinos \u00a0 - El Regional\" \/>\n<meta property=\"og:description\" content=\"El servicio de Asistencia Ciudadana 147, disponible las 24 horas durante los 365 d\u00edas del a\u00f1o, contin\u00faa consolid\u00e1ndose como una herramienta central para la gesti\u00f3n de reclamos y consultas de los vecinos. El sistema combina la atenci\u00f3n del personal ubicado en la base de operaciones del Centro C\u00edvico con el funcionamiento del software \u201cMarIA\u201d, que [&hellip;]\" \/>\n<meta property=\"og:url\" content=\"https:\/\/elregionalvm.com.ar\/noticias-villa-maria\/durante-el-mes-de-noviembre-el-147-registro-2-422-llamados-en-reclamos-y-consultas-de-vecinos\/\" \/>\n<meta property=\"og:site_name\" content=\"El Regional\" \/>\n<meta property=\"article:publisher\" content=\"https:\/\/www.facebook.com\/elregionalvm\" \/>\n<meta property=\"article:published_time\" content=\"2025-12-01T18:01:38+00:00\" \/>\n<meta property=\"article:modified_time\" content=\"2025-12-01T18:01:40+00:00\" \/>\n<meta property=\"og:image\" content=\"https:\/\/elregionalvm.com.ar\/noticias-villa-maria\/wp-content\/uploads\/2025\/12\/b73037cec1e748c88c42bc50fd3c6847.jpeg\" \/>\n\t<meta property=\"og:image:width\" content=\"800\" \/>\n\t<meta property=\"og:image:height\" content=\"600\" \/>\n\t<meta property=\"og:image:type\" content=\"image\/jpeg\" \/>\n<meta name=\"author\" content=\"Contenidos El Regional\" \/>\n<meta name=\"twitter:card\" content=\"summary_large_image\" \/>\n<meta name=\"twitter:creator\" content=\"@elregionalvm1\" \/>\n<meta name=\"twitter:site\" content=\"@elregionalvm1\" \/>\n<meta name=\"twitter:label1\" content=\"Escrito por\" \/>\n\t<meta name=\"twitter:data1\" content=\"Contenidos El Regional\" \/>\n\t<meta name=\"twitter:label2\" content=\"Tiempo de lectura\" \/>\n\t<meta name=\"twitter:data2\" content=\"2 minutos\" \/>\n<script type=\"application\/ld+json\" class=\"yoast-schema-graph\">{\"@context\":\"https:\/\/schema.org\",\"@graph\":[{\"@type\":\"Article\",\"@id\":\"https:\/\/elregionalvm.com.ar\/noticias-villa-maria\/durante-el-mes-de-noviembre-el-147-registro-2-422-llamados-en-reclamos-y-consultas-de-vecinos\/#article\",\"isPartOf\":{\"@id\":\"https:\/\/elregionalvm.com.ar\/noticias-villa-maria\/durante-el-mes-de-noviembre-el-147-registro-2-422-llamados-en-reclamos-y-consultas-de-vecinos\/\"},\"author\":{\"name\":\"Contenidos El Regional\",\"@id\":\"http:\/\/elregionalvm.com.ar\/noticias-villa-maria\/#\/schema\/person\/a0fb9c422317faca23d50163151bc354\"},\"headline\":\"Durante el mes de noviembre, el 147 registr\u00f3 2.422 llamados en reclamos y consultas de vecinos \u00a0\",\"datePublished\":\"2025-12-01T18:01:38+00:00\",\"dateModified\":\"2025-12-01T18:01:40+00:00\",\"mainEntityOfPage\":{\"@id\":\"https:\/\/elregionalvm.com.ar\/noticias-villa-maria\/durante-el-mes-de-noviembre-el-147-registro-2-422-llamados-en-reclamos-y-consultas-de-vecinos\/\"},\"wordCount\":336,\"commentCount\":0,\"image\":{\"@id\":\"https:\/\/elregionalvm.com.ar\/noticias-villa-maria\/durante-el-mes-de-noviembre-el-147-registro-2-422-llamados-en-reclamos-y-consultas-de-vecinos\/#primaryimage\"},\"thumbnailUrl\":\"https:\/\/i0.wp.com\/elregionalvm.com.ar\/noticias-villa-maria\/wp-content\/uploads\/2025\/12\/b73037cec1e748c88c42bc50fd3c6847.jpeg?fit=800%2C600&ssl=1\",\"articleSection\":[\"destacado\",\"Sociedad\",\"Villa Mar\u00eda\"],\"inLanguage\":\"es\",\"potentialAction\":[{\"@type\":\"CommentAction\",\"name\":\"Comment\",\"target\":[\"https:\/\/elregionalvm.com.ar\/noticias-villa-maria\/durante-el-mes-de-noviembre-el-147-registro-2-422-llamados-en-reclamos-y-consultas-de-vecinos\/#respond\"]}]},{\"@type\":\"WebPage\",\"@id\":\"https:\/\/elregionalvm.com.ar\/noticias-villa-maria\/durante-el-mes-de-noviembre-el-147-registro-2-422-llamados-en-reclamos-y-consultas-de-vecinos\/\",\"url\":\"https:\/\/elregionalvm.com.ar\/noticias-villa-maria\/durante-el-mes-de-noviembre-el-147-registro-2-422-llamados-en-reclamos-y-consultas-de-vecinos\/\",\"name\":\"Durante el mes de noviembre, el 147 registr\u00f3 2.422 llamados en reclamos y consultas de vecinos \u00a0 - El Regional\",\"isPartOf\":{\"@id\":\"http:\/\/elregionalvm.com.ar\/noticias-villa-maria\/#website\"},\"primaryImageOfPage\":{\"@id\":\"https:\/\/elregionalvm.com.ar\/noticias-villa-maria\/durante-el-mes-de-noviembre-el-147-registro-2-422-llamados-en-reclamos-y-consultas-de-vecinos\/#primaryimage\"},\"image\":{\"@id\":\"https:\/\/elregionalvm.com.ar\/noticias-villa-maria\/durante-el-mes-de-noviembre-el-147-registro-2-422-llamados-en-reclamos-y-consultas-de-vecinos\/#primaryimage\"},\"thumbnailUrl\":\"https:\/\/i0.wp.com\/elregionalvm.com.ar\/noticias-villa-maria\/wp-content\/uploads\/2025\/12\/b73037cec1e748c88c42bc50fd3c6847.jpeg?fit=800%2C600&ssl=1\",\"datePublished\":\"2025-12-01T18:01:38+00:00\",\"dateModified\":\"2025-12-01T18:01:40+00:00\",\"author\":{\"@id\":\"http:\/\/elregionalvm.com.ar\/noticias-villa-maria\/#\/schema\/person\/a0fb9c422317faca23d50163151bc354\"},\"breadcrumb\":{\"@id\":\"https:\/\/elregionalvm.com.ar\/noticias-villa-maria\/durante-el-mes-de-noviembre-el-147-registro-2-422-llamados-en-reclamos-y-consultas-de-vecinos\/#breadcrumb\"},\"inLanguage\":\"es\",\"potentialAction\":[{\"@type\":\"ReadAction\",\"target\":[\"https:\/\/elregionalvm.com.ar\/noticias-villa-maria\/durante-el-mes-de-noviembre-el-147-registro-2-422-llamados-en-reclamos-y-consultas-de-vecinos\/\"]}]},{\"@type\":\"ImageObject\",\"inLanguage\":\"es\",\"@id\":\"https:\/\/elregionalvm.com.ar\/noticias-villa-maria\/durante-el-mes-de-noviembre-el-147-registro-2-422-llamados-en-reclamos-y-consultas-de-vecinos\/#primaryimage\",\"url\":\"https:\/\/i0.wp.com\/elregionalvm.com.ar\/noticias-villa-maria\/wp-content\/uploads\/2025\/12\/b73037cec1e748c88c42bc50fd3c6847.jpeg?fit=800%2C600&ssl=1\",\"contentUrl\":\"https:\/\/i0.wp.com\/elregionalvm.com.ar\/noticias-villa-maria\/wp-content\/uploads\/2025\/12\/b73037cec1e748c88c42bc50fd3c6847.jpeg?fit=800%2C600&ssl=1\",\"width\":800,\"height\":600},{\"@type\":\"BreadcrumbList\",\"@id\":\"https:\/\/elregionalvm.com.ar\/noticias-villa-maria\/durante-el-mes-de-noviembre-el-147-registro-2-422-llamados-en-reclamos-y-consultas-de-vecinos\/#breadcrumb\",\"itemListElement\":[{\"@type\":\"ListItem\",\"position\":1,\"name\":\"Portada\",\"item\":\"https:\/\/elregionalvm.com.ar\/noticias-villa-maria\/\"},{\"@type\":\"ListItem\",\"position\":2,\"name\":\"Durante el mes de noviembre, el 147 registr\u00f3 2.422 llamados en reclamos y consultas de vecinos \u00a0\"}]},{\"@type\":\"WebSite\",\"@id\":\"http:\/\/elregionalvm.com.ar\/noticias-villa-maria\/#website\",\"url\":\"http:\/\/elregionalvm.com.ar\/noticias-villa-maria\/\",\"name\":\"El Regional\",\"description\":\"Mucho m\u00e1s que informaci\u00f3n\",\"potentialAction\":[{\"@type\":\"SearchAction\",\"target\":{\"@type\":\"EntryPoint\",\"urlTemplate\":\"http:\/\/elregionalvm.com.ar\/noticias-villa-maria\/?s={search_term_string}\"},\"query-input\":{\"@type\":\"PropertyValueSpecification\",\"valueRequired\":true,\"valueName\":\"search_term_string\"}}],\"inLanguage\":\"es\"},{\"@type\":\"Person\",\"@id\":\"http:\/\/elregionalvm.com.ar\/noticias-villa-maria\/#\/schema\/person\/a0fb9c422317faca23d50163151bc354\",\"name\":\"Contenidos El Regional\",\"image\":{\"@type\":\"ImageObject\",\"inLanguage\":\"es\",\"@id\":\"http:\/\/elregionalvm.com.ar\/noticias-villa-maria\/#\/schema\/person\/image\/\",\"url\":\"https:\/\/secure.gravatar.com\/avatar\/265b27cb2209af7bb3a1318f03305787d7981a5cc6e6cd08fe5a4ecdf99d4b48?s=96&d=mm&r=g\",\"contentUrl\":\"https:\/\/secure.gravatar.com\/avatar\/265b27cb2209af7bb3a1318f03305787d7981a5cc6e6cd08fe5a4ecdf99d4b48?s=96&d=mm&r=g\",\"caption\":\"Contenidos El Regional\"},\"url\":\"https:\/\/elregionalvm.com.ar\/noticias-villa-maria\/author\/contenido\/\"}]}<\/script>\n<!-- \/ Yoast SEO plugin. -->","yoast_head_json":{"title":"Durante el mes de noviembre, el 147 registr\u00f3 2.422 llamados en reclamos y consultas de vecinos \u00a0 - El Regional","robots":{"index":"index","follow":"follow","max-snippet":"max-snippet:-1","max-image-preview":"max-image-preview:large","max-video-preview":"max-video-preview:-1"},"canonical":"https:\/\/elregionalvm.com.ar\/noticias-villa-maria\/durante-el-mes-de-noviembre-el-147-registro-2-422-llamados-en-reclamos-y-consultas-de-vecinos\/","og_locale":"es_ES","og_type":"article","og_title":"Durante el mes de noviembre, el 147 registr\u00f3 2.422 llamados en reclamos y consultas de vecinos \u00a0 - El Regional","og_description":"El servicio de Asistencia Ciudadana 147, disponible las 24 horas durante los 365 d\u00edas del a\u00f1o, contin\u00faa consolid\u00e1ndose como una herramienta central para la gesti\u00f3n de reclamos y consultas de los vecinos. El sistema combina la atenci\u00f3n del personal ubicado en la base de operaciones del Centro C\u00edvico con el funcionamiento del software \u201cMarIA\u201d, que [&hellip;]","og_url":"https:\/\/elregionalvm.com.ar\/noticias-villa-maria\/durante-el-mes-de-noviembre-el-147-registro-2-422-llamados-en-reclamos-y-consultas-de-vecinos\/","og_site_name":"El Regional","article_publisher":"https:\/\/www.facebook.com\/elregionalvm","article_published_time":"2025-12-01T18:01:38+00:00","article_modified_time":"2025-12-01T18:01:40+00:00","og_image":[{"width":800,"height":600,"url":"https:\/\/elregionalvm.com.ar\/noticias-villa-maria\/wp-content\/uploads\/2025\/12\/b73037cec1e748c88c42bc50fd3c6847.jpeg","type":"image\/jpeg"}],"author":"Contenidos El Regional","twitter_card":"summary_large_image","twitter_creator":"@elregionalvm1","twitter_site":"@elregionalvm1","twitter_misc":{"Escrito por":"Contenidos El Regional","Tiempo de lectura":"2 minutos"},"schema":{"@context":"https:\/\/schema.org","@graph":[{"@type":"Article","@id":"https:\/\/elregionalvm.com.ar\/noticias-villa-maria\/durante-el-mes-de-noviembre-el-147-registro-2-422-llamados-en-reclamos-y-consultas-de-vecinos\/#article","isPartOf":{"@id":"https:\/\/elregionalvm.com.ar\/noticias-villa-maria\/durante-el-mes-de-noviembre-el-147-registro-2-422-llamados-en-reclamos-y-consultas-de-vecinos\/"},"author":{"name":"Contenidos El Regional","@id":"http:\/\/elregionalvm.com.ar\/noticias-villa-maria\/#\/schema\/person\/a0fb9c422317faca23d50163151bc354"},"headline":"Durante el mes de noviembre, el 147 registr\u00f3 2.422 llamados en reclamos y consultas de vecinos \u00a0","datePublished":"2025-12-01T18:01:38+00:00","dateModified":"2025-12-01T18:01:40+00:00","mainEntityOfPage":{"@id":"https:\/\/elregionalvm.com.ar\/noticias-villa-maria\/durante-el-mes-de-noviembre-el-147-registro-2-422-llamados-en-reclamos-y-consultas-de-vecinos\/"},"wordCount":336,"commentCount":0,"image":{"@id":"https:\/\/elregionalvm.com.ar\/noticias-villa-maria\/durante-el-mes-de-noviembre-el-147-registro-2-422-llamados-en-reclamos-y-consultas-de-vecinos\/#primaryimage"},"thumbnailUrl":"https:\/\/i0.wp.com\/elregionalvm.com.ar\/noticias-villa-maria\/wp-content\/uploads\/2025\/12\/b73037cec1e748c88c42bc50fd3c6847.jpeg?fit=800%2C600&ssl=1","articleSection":["destacado","Sociedad","Villa Mar\u00eda"],"inLanguage":"es","potentialAction":[{"@type":"CommentAction","name":"Comment","target":["https:\/\/elregionalvm.com.ar\/noticias-villa-maria\/durante-el-mes-de-noviembre-el-147-registro-2-422-llamados-en-reclamos-y-consultas-de-vecinos\/#respond"]}]},{"@type":"WebPage","@id":"https:\/\/elregionalvm.com.ar\/noticias-villa-maria\/durante-el-mes-de-noviembre-el-147-registro-2-422-llamados-en-reclamos-y-consultas-de-vecinos\/","url":"https:\/\/elregionalvm.com.ar\/noticias-villa-maria\/durante-el-mes-de-noviembre-el-147-registro-2-422-llamados-en-reclamos-y-consultas-de-vecinos\/","name":"Durante el mes de noviembre, el 147 registr\u00f3 2.422 llamados en reclamos y consultas de vecinos \u00a0 - El Regional","isPartOf":{"@id":"http:\/\/elregionalvm.com.ar\/noticias-villa-maria\/#website"},"primaryImageOfPage":{"@id":"https:\/\/elregionalvm.com.ar\/noticias-villa-maria\/durante-el-mes-de-noviembre-el-147-registro-2-422-llamados-en-reclamos-y-consultas-de-vecinos\/#primaryimage"},"image":{"@id":"https:\/\/elregionalvm.com.ar\/noticias-villa-maria\/durante-el-mes-de-noviembre-el-147-registro-2-422-llamados-en-reclamos-y-consultas-de-vecinos\/#primaryimage"},"thumbnailUrl":"https:\/\/i0.wp.com\/elregionalvm.com.ar\/noticias-villa-maria\/wp-content\/uploads\/2025\/12\/b73037cec1e748c88c42bc50fd3c6847.jpeg?fit=800%2C600&ssl=1","datePublished":"2025-12-01T18:01:38+00:00","dateModified":"2025-12-01T18:01:40+00:00","author":{"@id":"http:\/\/elregionalvm.com.ar\/noticias-villa-maria\/#\/schema\/person\/a0fb9c422317faca23d50163151bc354"},"breadcrumb":{"@id":"https:\/\/elregionalvm.com.ar\/noticias-villa-maria\/durante-el-mes-de-noviembre-el-147-registro-2-422-llamados-en-reclamos-y-consultas-de-vecinos\/#breadcrumb"},"inLanguage":"es","potentialAction":[{"@type":"ReadAction","target":["https:\/\/elregionalvm.com.ar\/noticias-villa-maria\/durante-el-mes-de-noviembre-el-147-registro-2-422-llamados-en-reclamos-y-consultas-de-vecinos\/"]}]},{"@type":"ImageObject","inLanguage":"es","@id":"https:\/\/elregionalvm.com.ar\/noticias-villa-maria\/durante-el-mes-de-noviembre-el-147-registro-2-422-llamados-en-reclamos-y-consultas-de-vecinos\/#primaryimage","url":"https:\/\/i0.wp.com\/elregionalvm.com.ar\/noticias-villa-maria\/wp-content\/uploads\/2025\/12\/b73037cec1e748c88c42bc50fd3c6847.jpeg?fit=800%2C600&ssl=1","contentUrl":"https:\/\/i0.wp.com\/elregionalvm.com.ar\/noticias-villa-maria\/wp-content\/uploads\/2025\/12\/b73037cec1e748c88c42bc50fd3c6847.jpeg?fit=800%2C600&ssl=1","width":800,"height":600},{"@type":"BreadcrumbList","@id":"https:\/\/elregionalvm.com.ar\/noticias-villa-maria\/durante-el-mes-de-noviembre-el-147-registro-2-422-llamados-en-reclamos-y-consultas-de-vecinos\/#breadcrumb","itemListElement":[{"@type":"ListItem","position":1,"name":"Portada","item":"https:\/\/elregionalvm.com.ar\/noticias-villa-maria\/"},{"@type":"ListItem","position":2,"name":"Durante el mes de noviembre, el 147 registr\u00f3 2.422 llamados en reclamos y consultas de vecinos \u00a0"}]},{"@type":"WebSite","@id":"http:\/\/elregionalvm.com.ar\/noticias-villa-maria\/#website","url":"http:\/\/elregionalvm.com.ar\/noticias-villa-maria\/","name":"El Regional","description":"Mucho m\u00e1s que informaci\u00f3n","potentialAction":[{"@type":"SearchAction","target":{"@type":"EntryPoint","urlTemplate":"http:\/\/elregionalvm.com.ar\/noticias-villa-maria\/?s={search_term_string}"},"query-input":{"@type":"PropertyValueSpecification","valueRequired":true,"valueName":"search_term_string"}}],"inLanguage":"es"},{"@type":"Person","@id":"http:\/\/elregionalvm.com.ar\/noticias-villa-maria\/#\/schema\/person\/a0fb9c422317faca23d50163151bc354","name":"Contenidos El Regional","image":{"@type":"ImageObject","inLanguage":"es","@id":"http:\/\/elregionalvm.com.ar\/noticias-villa-maria\/#\/schema\/person\/image\/","url":"https:\/\/secure.gravatar.com\/avatar\/265b27cb2209af7bb3a1318f03305787d7981a5cc6e6cd08fe5a4ecdf99d4b48?s=96&d=mm&r=g","contentUrl":"https:\/\/secure.gravatar.com\/avatar\/265b27cb2209af7bb3a1318f03305787d7981a5cc6e6cd08fe5a4ecdf99d4b48?s=96&d=mm&r=g","caption":"Contenidos El Regional"},"url":"https:\/\/elregionalvm.com.ar\/noticias-villa-maria\/author\/contenido\/"}]}},"jetpack_featured_media_url":"https:\/\/i0.wp.com\/elregionalvm.com.ar\/noticias-villa-maria\/wp-content\/uploads\/2025\/12\/b73037cec1e748c88c42bc50fd3c6847.jpeg?fit=800%2C600&ssl=1","jetpack_sharing_enabled":true,"_links":{"self":[{"href":"https:\/\/elregionalvm.com.ar\/noticias-villa-maria\/wp-json\/wp\/v2\/posts\/112336","targetHints":{"allow":["GET"]}}],"collection":[{"href":"https:\/\/elregionalvm.com.ar\/noticias-villa-maria\/wp-json\/wp\/v2\/posts"}],"about":[{"href":"https:\/\/elregionalvm.com.ar\/noticias-villa-maria\/wp-json\/wp\/v2\/types\/post"}],"author":[{"embeddable":true,"href":"https:\/\/elregionalvm.com.ar\/noticias-villa-maria\/wp-json\/wp\/v2\/users\/4"}],"replies":[{"embeddable":true,"href":"https:\/\/elregionalvm.com.ar\/noticias-villa-maria\/wp-json\/wp\/v2\/comments?post=112336"}],"version-history":[{"count":1,"href":"https:\/\/elregionalvm.com.ar\/noticias-villa-maria\/wp-json\/wp\/v2\/posts\/112336\/revisions"}],"predecessor-version":[{"id":112338,"href":"https:\/\/elregionalvm.com.ar\/noticias-villa-maria\/wp-json\/wp\/v2\/posts\/112336\/revisions\/112338"}],"wp:featuredmedia":[{"embeddable":true,"href":"https:\/\/elregionalvm.com.ar\/noticias-villa-maria\/wp-json\/wp\/v2\/media\/112337"}],"wp:attachment":[{"href":"https:\/\/elregionalvm.com.ar\/noticias-villa-maria\/wp-json\/wp\/v2\/media?parent=112336"}],"wp:term":[{"taxonomy":"category","embeddable":true,"href":"https:\/\/elregionalvm.com.ar\/noticias-villa-maria\/wp-json\/wp\/v2\/categories?post=112336"},{"taxonomy":"post_tag","embeddable":true,"href":"https:\/\/elregionalvm.com.ar\/noticias-villa-maria\/wp-json\/wp\/v2\/tags?post=112336"}],"curies":[{"name":"wp","href":"https:\/\/api.w.org\/{rel}","templated":true}]}}