{"id":112595,"date":"2025-12-11T03:48:32","date_gmt":"2025-12-11T03:48:32","guid":{"rendered":"https:\/\/elregionalvm.com.ar\/noticias-villa-maria\/?p=112595"},"modified":"2025-12-22T13:26:49","modified_gmt":"2025-12-22T13:26:49","slug":"arsenico-en-la-mira-tuninetti-hay-que-analizar-con-otras-tecnicas-para-ver-cual-es-el-valor-real-video","status":"publish","type":"post","link":"https:\/\/elregionalvm.com.ar\/noticias-villa-maria\/arsenico-en-la-mira-tuninetti-hay-que-analizar-con-otras-tecnicas-para-ver-cual-es-el-valor-real-video\/","title":{"rendered":"[Ars\u00e9nico en la mira] Tuninetti: \u201cHay que analizar con otras t\u00e9cnicas para ver cu\u00e1l es el valor real\u201d (VIDEO)"},"content":{"rendered":"\n<h3 class=\"wp-block-heading\"><strong>Luis Tuninetti es un referente ambientalista en Villa Mar\u00eda y regi\u00f3n. Licenciado en Ense\u00f1anza de las Ciencias Ambientales, coordina el Observatorio Regional de Cambio Clim\u00e1tico de la Universidad Nacional de Villa Mar\u00eda. Sus respuestas sobre el tema fueron ofrecidas a EL REGIONAL de modo personal, sobre la base de su experiencia en la materia.<\/strong><\/h3>\n\n\n\n<p><\/p>\n\n\n\n<p>El ars\u00e9nico volvi\u00f3 a convertirse en centro de una nueva pol\u00e9mica y motivo de preocupaci\u00f3n de algunos sectores a partir de la reciente actualizaci\u00f3n del denominado \u201cMapa del Ars\u00e9nico\u201d, elaborado por el Instituto Tecnol\u00f3gico de Buenos Aires (ITBA).<\/p>\n\n\n\n<p>Seg\u00fan ese mapa, Villa Mar\u00eda, Villa Nueva y varias localidades del sur provincial aparecen en rojo en relaci\u00f3n con la elevada presencia de este metaloide cancer\u00edgeno en las aguas recolectadas en zonas urbanas como rurales.<\/p>\n\n\n\n<p><\/p>\n\n\n\n<figure class=\"wp-block-image size-large\"><img data-recalc-dims=\"1\" fetchpriority=\"high\" decoding=\"async\" width=\"1024\" height=\"478\" src=\"https:\/\/i0.wp.com\/elregionalvm.com.ar\/noticias-villa-maria\/wp-content\/uploads\/2025\/12\/Mapa-arsenico-2025-amplio.jpg?resize=1024%2C478&#038;ssl=1\" alt=\"\" class=\"wp-image-112600\" srcset=\"https:\/\/i0.wp.com\/elregionalvm.com.ar\/noticias-villa-maria\/wp-content\/uploads\/2025\/12\/Mapa-arsenico-2025-amplio.jpg?resize=1024%2C478&amp;ssl=1 1024w, https:\/\/i0.wp.com\/elregionalvm.com.ar\/noticias-villa-maria\/wp-content\/uploads\/2025\/12\/Mapa-arsenico-2025-amplio.jpg?resize=300%2C140&amp;ssl=1 300w, https:\/\/i0.wp.com\/elregionalvm.com.ar\/noticias-villa-maria\/wp-content\/uploads\/2025\/12\/Mapa-arsenico-2025-amplio.jpg?resize=768%2C359&amp;ssl=1 768w, https:\/\/i0.wp.com\/elregionalvm.com.ar\/noticias-villa-maria\/wp-content\/uploads\/2025\/12\/Mapa-arsenico-2025-amplio.jpg?w=1366&amp;ssl=1 1366w\" sizes=\"(max-width: 1000px) 100vw, 1000px\" \/><\/figure>\n\n\n\n<p><\/p>\n\n\n\n<p>De acuerdo con la publicaci\u00f3n, las muestras relevadas superan con creces el l\u00edmite m\u00e1ximo permitido por la Organizaci\u00f3n Mundial de la Salud (OMS), que es de 0,01 mg\/l (miligramos de ars\u00e9nico por litro de agua). Bastante por debajo del l\u00edmite avalado por las normativas provinciales, 0,05 mg\/l.<\/p>\n\n\n\n<p>Las proveedoras de agua potable de ambas villas, Cooperativa 15 de Mayo y Capyclo, salieron a desmentir la publicaci\u00f3n y remarcaron que es apta para el consumo.<\/p>\n\n\n\n<p>Adem\u00e1s, argumentaron que el l\u00edquido que beben los villamarienses y villanovenses es captado a decenas de metros de profundidad, donde la presencia de ars\u00e9nico es menor.<\/p>\n\n\n\n<p>As\u00ed lo hizo tambi\u00e9n, COTAC, la proveedora de agua a varias localidades de nuestra regi\u00f3n, a trav\u00e9s de los acueductos a San Francisco, Devoto y Laboulaye.<\/p>\n\n\n\n<p><\/p>\n\n\n\n<figure class=\"wp-block-gallery has-nested-images columns-default is-cropped wp-block-gallery-1 is-layout-flex wp-block-gallery-is-layout-flex\">\n<figure class=\"wp-block-image size-large\"><img data-recalc-dims=\"1\" decoding=\"async\" width=\"1024\" height=\"1024\" data-id=\"112597\" src=\"https:\/\/i0.wp.com\/elregionalvm.com.ar\/noticias-villa-maria\/wp-content\/uploads\/2025\/12\/WhatsApp-Image-2025-12-03-at-16.40.11.jpeg?resize=1024%2C1024&#038;ssl=1\" alt=\"\" class=\"wp-image-112597\" srcset=\"https:\/\/i0.wp.com\/elregionalvm.com.ar\/noticias-villa-maria\/wp-content\/uploads\/2025\/12\/WhatsApp-Image-2025-12-03-at-16.40.11.jpeg?resize=1024%2C1024&amp;ssl=1 1024w, https:\/\/i0.wp.com\/elregionalvm.com.ar\/noticias-villa-maria\/wp-content\/uploads\/2025\/12\/WhatsApp-Image-2025-12-03-at-16.40.11.jpeg?resize=300%2C300&amp;ssl=1 300w, https:\/\/i0.wp.com\/elregionalvm.com.ar\/noticias-villa-maria\/wp-content\/uploads\/2025\/12\/WhatsApp-Image-2025-12-03-at-16.40.11.jpeg?resize=768%2C768&amp;ssl=1 768w, https:\/\/i0.wp.com\/elregionalvm.com.ar\/noticias-villa-maria\/wp-content\/uploads\/2025\/12\/WhatsApp-Image-2025-12-03-at-16.40.11.jpeg?w=1080&amp;ssl=1 1080w\" sizes=\"(max-width: 1000px) 100vw, 1000px\" \/><\/figure>\n\n\n\n<figure class=\"wp-block-image size-large\"><img data-recalc-dims=\"1\" decoding=\"async\" width=\"1024\" height=\"1024\" data-id=\"112598\" src=\"https:\/\/i0.wp.com\/elregionalvm.com.ar\/noticias-villa-maria\/wp-content\/uploads\/2025\/12\/WhatsApp-Image-2025-12-03-at-16.42.27.jpeg?resize=1024%2C1024&#038;ssl=1\" alt=\"\" class=\"wp-image-112598\" srcset=\"https:\/\/i0.wp.com\/elregionalvm.com.ar\/noticias-villa-maria\/wp-content\/uploads\/2025\/12\/WhatsApp-Image-2025-12-03-at-16.42.27.jpeg?resize=1024%2C1024&amp;ssl=1 1024w, https:\/\/i0.wp.com\/elregionalvm.com.ar\/noticias-villa-maria\/wp-content\/uploads\/2025\/12\/WhatsApp-Image-2025-12-03-at-16.42.27.jpeg?resize=300%2C300&amp;ssl=1 300w, https:\/\/i0.wp.com\/elregionalvm.com.ar\/noticias-villa-maria\/wp-content\/uploads\/2025\/12\/WhatsApp-Image-2025-12-03-at-16.42.27.jpeg?resize=768%2C768&amp;ssl=1 768w, https:\/\/i0.wp.com\/elregionalvm.com.ar\/noticias-villa-maria\/wp-content\/uploads\/2025\/12\/WhatsApp-Image-2025-12-03-at-16.42.27.jpeg?w=1080&amp;ssl=1 1080w\" sizes=\"(max-width: 1000px) 100vw, 1000px\" \/><\/figure>\n\n\n\n<figure class=\"wp-block-image size-large\"><img data-recalc-dims=\"1\" loading=\"lazy\" decoding=\"async\" width=\"576\" height=\"1024\" data-id=\"112599\" src=\"https:\/\/i0.wp.com\/elregionalvm.com.ar\/noticias-villa-maria\/wp-content\/uploads\/2025\/12\/WhatsApp-Image-2025-11-26-at-08.19.10.jpeg?resize=576%2C1024&#038;ssl=1\" alt=\"\" class=\"wp-image-112599\" srcset=\"https:\/\/i0.wp.com\/elregionalvm.com.ar\/noticias-villa-maria\/wp-content\/uploads\/2025\/12\/WhatsApp-Image-2025-11-26-at-08.19.10.jpeg?resize=576%2C1024&amp;ssl=1 576w, https:\/\/i0.wp.com\/elregionalvm.com.ar\/noticias-villa-maria\/wp-content\/uploads\/2025\/12\/WhatsApp-Image-2025-11-26-at-08.19.10.jpeg?resize=169%2C300&amp;ssl=1 169w, https:\/\/i0.wp.com\/elregionalvm.com.ar\/noticias-villa-maria\/wp-content\/uploads\/2025\/12\/WhatsApp-Image-2025-11-26-at-08.19.10.jpeg?resize=768%2C1365&amp;ssl=1 768w, https:\/\/i0.wp.com\/elregionalvm.com.ar\/noticias-villa-maria\/wp-content\/uploads\/2025\/12\/WhatsApp-Image-2025-11-26-at-08.19.10.jpeg?resize=864%2C1536&amp;ssl=1 864w, https:\/\/i0.wp.com\/elregionalvm.com.ar\/noticias-villa-maria\/wp-content\/uploads\/2025\/12\/WhatsApp-Image-2025-11-26-at-08.19.10.jpeg?w=900&amp;ssl=1 900w\" sizes=\"(max-width: 576px) 100vw, 576px\" \/><\/figure>\n<\/figure>\n\n\n\n<p><\/p>\n\n\n\n<p>Para Tuninetti, existe una \u201cfalla comunicacional\u201d, sin discutir desde el punto de vista t\u00e9cnico y profesional al ITBA. \u201cPrimero que nada, hay mezclas de tipos de agua, de red, de pozo y otras que no se sabe su origen\u201d.<\/p>\n\n\n\n<p>\u201cNo podemos estar mezclando los distintos tipos porque los valores van a ser diferentes. No podemos estar hablando de los mismos valores para distintas funciones. Ac\u00e1 tenemos que centrarnos en el an\u00e1lisis del agua corriente. El agua que tomamos todos los villamarienses, villanovenses y toda la zona\u201d, coment\u00f3.<\/p>\n\n\n\n<p>En este sentido, aclar\u00f3 que \u201clas cooperativas est\u00e1n cumpliendo con las normativas y las muestras evaluadas no est\u00e1n fuera del rango del 0,05 mg\/l (l\u00edmite m\u00e1ximo de tolerancia establecido por la Provincia)\u201d.<\/p>\n\n\n\n<p><strong>C\u00f3mo medir el ars\u00e9nico<\/strong><\/p>\n\n\n\n<p>En este contexto, indic\u00f3 que el punto principal es \u201cc\u00f3mo deber\u00edamos estar midiendo el ars\u00e9nico\u201d.&nbsp;<\/p>\n\n\n\n<p>\u201cTenemos un m\u00e9todo de evaluaci\u00f3n de la presencia del ars\u00e9nico en agua de red, que es el legal, el que se cumple, y otros much\u00edsimos m\u00e1s precisos. Por ejemplo, espectrometr\u00eda de masas o de absorci\u00f3n at\u00f3mica\u201d, explic\u00f3 el profesional.<\/p>\n\n\n\n<p>\u201cLa experiencia que hemos tenido en su momento en un conflicto bastante importante a mediados de la d\u00e9cada pasada nos indica que, cuando uno analiza las mismas muestras con sistemas de espectometr\u00eda (mucho m\u00e1s precisos), dan un rango de valor cercano o muy cercano al 100% de diferencia\u201d, continu\u00f3.<\/p>\n\n\n\n<p><\/p>\n\n\n\n<figure class=\"wp-block-image size-full\"><img data-recalc-dims=\"1\" loading=\"lazy\" decoding=\"async\" width=\"1120\" height=\"633\" src=\"https:\/\/i0.wp.com\/elregionalvm.com.ar\/noticias-villa-maria\/wp-content\/uploads\/2021\/12\/record-de-consumo-de-agua.jpg?resize=1120%2C633&#038;ssl=1\" alt=\"\" class=\"wp-image-50468\" srcset=\"https:\/\/i0.wp.com\/elregionalvm.com.ar\/noticias-villa-maria\/wp-content\/uploads\/2021\/12\/record-de-consumo-de-agua.jpg?w=1120&amp;ssl=1 1120w, https:\/\/i0.wp.com\/elregionalvm.com.ar\/noticias-villa-maria\/wp-content\/uploads\/2021\/12\/record-de-consumo-de-agua.jpg?resize=300%2C170&amp;ssl=1 300w, https:\/\/i0.wp.com\/elregionalvm.com.ar\/noticias-villa-maria\/wp-content\/uploads\/2021\/12\/record-de-consumo-de-agua.jpg?resize=1024%2C579&amp;ssl=1 1024w, https:\/\/i0.wp.com\/elregionalvm.com.ar\/noticias-villa-maria\/wp-content\/uploads\/2021\/12\/record-de-consumo-de-agua.jpg?resize=768%2C434&amp;ssl=1 768w\" sizes=\"(max-width: 1000px) 100vw, 1000px\" \/><\/figure>\n\n\n\n<p><\/p>\n\n\n\n<p>\u201cPor ejemplo, si con la t\u00e9cnica habitual nos da una presencia de 0,02 mg\/l, lo m\u00e1s probable es que con la t\u00e9cnica de espectometr\u00eda de masas sea 0,04 mg\/l\u201d, grafic\u00f3. &nbsp;<\/p>\n\n\n\n<p>Tuninetti advirti\u00f3 que el Estado deber\u00eda pensar en evaluar de manera sistem\u00e1tica y peri\u00f3dica, \u201cmuestras conjuntas de varios lugares con los dos sistemas, con las dos metodolog\u00edas para asegurar cu\u00e1l es el valor real de lo que estamos dando como servicio de agua potable\u201d.<\/p>\n\n\n\n<p>De todas formas, asegur\u00f3 que no consider\u00f3 que este problema \u201csea algo preocupante para la salud p\u00fablica ahora\u201d.<\/p>\n\n\n\n<p>\u201cPero s\u00ed, si seguimos derrochando o no teniendo una visi\u00f3n a largo plazo de sustentabilidad del recurso h\u00eddrico\u201d, alert\u00f3.<\/p>\n\n\n\n<p>\u201cEl tema es que ahora necesitamos un seguimiento, que en su momento se habl\u00f3, se pact\u00f3, se dijo que se iba a hacer y luego qued\u00f3 en la nada, como tantas otras cosas que van saliendo de la agenda y quedan en la historia nada m\u00e1s\u201d, finaliz\u00f3.<\/p>\n\n\n\n<p><\/p>\n\n\n\n<ul class=\"wp-block-list\">\n<li><strong>Mir\u00e1 el video: <\/strong><\/li>\n<\/ul>\n\n\n\n<p><\/p>\n\n\n\n<figure class=\"wp-block-embed is-type-video is-provider-youtube wp-block-embed-youtube wp-embed-aspect-9-16 wp-has-aspect-ratio\"><div class=\"wp-block-embed__wrapper\">\n<iframe title=\"Ars\u00e9nico: &quot;Hay que analizar con t\u00e9cnicas diferentes para ver el valor real&quot;\" width=\"422\" height=\"750\" src=\"https:\/\/www.youtube.com\/embed\/C3LKsoQ-V2Y?feature=oembed\" frameborder=\"0\" allow=\"accelerometer; autoplay; clipboard-write; encrypted-media; gyroscope; picture-in-picture; web-share\" referrerpolicy=\"strict-origin-when-cross-origin\" allowfullscreen><\/iframe>\n<\/div><\/figure>\n","protected":false},"excerpt":{"rendered":"<p>Luis Tuninetti es un referente ambientalista en Villa Mar\u00eda y regi\u00f3n. Licenciado en Ense\u00f1anza de las Ciencias Ambientales, coordina el Observatorio Regional de Cambio Clim\u00e1tico de la Universidad Nacional de Villa Mar\u00eda. Sus respuestas sobre el tema fueron ofrecidas a EL REGIONAL de modo personal, sobre la base de su experiencia en la materia. El [&hellip;]<\/p>\n","protected":false},"author":6,"featured_media":100940,"comment_status":"open","ping_status":"open","sticky":false,"template":"","format":"standard","meta":{"site-sidebar-layout":"default","site-content-layout":"","ast-site-content-layout":"default","site-content-style":"default","site-sidebar-style":"default","ast-global-header-display":"","ast-banner-title-visibility":"","ast-main-header-display":"","ast-hfb-above-header-display":"","ast-hfb-below-header-display":"","ast-hfb-mobile-header-display":"","site-post-title":"","ast-breadcrumbs-content":"","ast-featured-img":"","footer-sml-layout":"","ast-disable-related-posts":"","theme-transparent-header-meta":"","adv-header-id-meta":"","stick-header-meta":"","header-above-stick-meta":"","header-main-stick-meta":"","header-below-stick-meta":"","astra-migrate-meta-layouts":"set","ast-page-background-enabled":"default","ast-page-background-meta":{"desktop":{"background-color":"","background-image":"","background-repeat":"repeat","background-position":"center center","background-size":"auto","background-attachment":"scroll","background-type":"","background-media":"","overlay-type":"","overlay-color":"","overlay-opacity":"","overlay-gradient":""},"tablet":{"background-color":"","background-image":"","background-repeat":"repeat","background-position":"center center","background-size":"auto","background-attachment":"scroll","background-type":"","background-media":"","overlay-type":"","overlay-color":"","overlay-opacity":"","overlay-gradient":""},"mobile":{"background-color":"","background-image":"","background-repeat":"repeat","background-position":"center center","background-size":"auto","background-attachment":"scroll","background-type":"","background-media":"","overlay-type":"","overlay-color":"","overlay-opacity":"","overlay-gradient":""}},"ast-content-background-meta":{"desktop":{"background-color":"var(--ast-global-color-5)","background-image":"","background-repeat":"repeat","background-position":"center center","background-size":"auto","background-attachment":"scroll","background-type":"","background-media":"","overlay-type":"","overlay-color":"","overlay-opacity":"","overlay-gradient":""},"tablet":{"background-color":"var(--ast-global-color-5)","background-image":"","background-repeat":"repeat","background-position":"center center","background-size":"auto","background-attachment":"scroll","background-type":"","background-media":"","overlay-type":"","overlay-color":"","overlay-opacity":"","overlay-gradient":""},"mobile":{"background-color":"var(--ast-global-color-5)","background-image":"","background-repeat":"repeat","background-position":"center center","background-size":"auto","background-attachment":"scroll","background-type":"","background-media":"","overlay-type":"","overlay-color":"","overlay-opacity":"","overlay-gradient":""}},"_jetpack_memberships_contains_paid_content":false,"_joinchat":[],"footnotes":""},"categories":[16095,3557,2],"tags":[245,22961,809,6097,25342,12168,24259,3223,2069,25343,23403],"class_list":["post-112595","post","type-post","status-publish","format-standard","has-post-thumbnail","hentry","category-provinciales","category-tercera","category-villa-maria","tag-agua","tag-arsenico","tag-cancer","tag-contaminacion","tag-coooperativas","tag-luis-tuninetti","tag-medicion","tag-medio-ambiente","tag-principal","tag-red","tag-tecnicas"],"yoast_head":"<!-- This site is optimized with the Yoast SEO plugin v26.8 - https:\/\/yoast.com\/product\/yoast-seo-wordpress\/ -->\n<title>[Ars\u00e9nico en la mira] Tuninetti: \u201cHay que analizar con otras t\u00e9cnicas para ver cu\u00e1l es el valor real\u201d (VIDEO) - El Regional<\/title>\n<meta name=\"robots\" content=\"index, follow, max-snippet:-1, max-image-preview:large, max-video-preview:-1\" \/>\n<link rel=\"canonical\" href=\"https:\/\/elregionalvm.com.ar\/noticias-villa-maria\/arsenico-en-la-mira-tuninetti-hay-que-analizar-con-otras-tecnicas-para-ver-cual-es-el-valor-real-video\/\" \/>\n<meta property=\"og:locale\" content=\"es_ES\" \/>\n<meta property=\"og:type\" content=\"article\" \/>\n<meta property=\"og:title\" content=\"[Ars\u00e9nico en la mira] Tuninetti: \u201cHay que analizar con otras t\u00e9cnicas para ver cu\u00e1l es el valor real\u201d (VIDEO) - El Regional\" \/>\n<meta property=\"og:description\" content=\"Luis Tuninetti es un referente ambientalista en Villa Mar\u00eda y regi\u00f3n. Licenciado en Ense\u00f1anza de las Ciencias Ambientales, coordina el Observatorio Regional de Cambio Clim\u00e1tico de la Universidad Nacional de Villa Mar\u00eda. Sus respuestas sobre el tema fueron ofrecidas a EL REGIONAL de modo personal, sobre la base de su experiencia en la materia. El [&hellip;]\" \/>\n<meta property=\"og:url\" content=\"https:\/\/elregionalvm.com.ar\/noticias-villa-maria\/arsenico-en-la-mira-tuninetti-hay-que-analizar-con-otras-tecnicas-para-ver-cual-es-el-valor-real-video\/\" \/>\n<meta property=\"og:site_name\" content=\"El Regional\" \/>\n<meta property=\"article:publisher\" content=\"https:\/\/www.facebook.com\/elregionalvm\" \/>\n<meta property=\"article:published_time\" content=\"2025-12-11T03:48:32+00:00\" \/>\n<meta property=\"article:modified_time\" content=\"2025-12-22T13:26:49+00:00\" \/>\n<meta property=\"og:image\" content=\"https:\/\/elregionalvm.com.ar\/noticias-villa-maria\/wp-content\/uploads\/2024\/11\/Luis-Tuninetti-UNVM-2024.jpg\" \/>\n\t<meta property=\"og:image:width\" content=\"1200\" \/>\n\t<meta property=\"og:image:height\" content=\"800\" \/>\n\t<meta property=\"og:image:type\" content=\"image\/jpeg\" \/>\n<meta name=\"author\" content=\"Germ\u00e1n Giacchero\" \/>\n<meta name=\"twitter:card\" content=\"summary_large_image\" \/>\n<meta name=\"twitter:creator\" content=\"@elregionalvm1\" \/>\n<meta name=\"twitter:site\" content=\"@elregionalvm1\" \/>\n<meta name=\"twitter:label1\" content=\"Escrito por\" \/>\n\t<meta name=\"twitter:data1\" content=\"Germ\u00e1n Giacchero\" \/>\n\t<meta name=\"twitter:label2\" content=\"Tiempo de lectura\" \/>\n\t<meta name=\"twitter:data2\" content=\"5 minutos\" \/>\n<script type=\"application\/ld+json\" class=\"yoast-schema-graph\">{\"@context\":\"https:\/\/schema.org\",\"@graph\":[{\"@type\":\"Article\",\"@id\":\"https:\/\/elregionalvm.com.ar\/noticias-villa-maria\/arsenico-en-la-mira-tuninetti-hay-que-analizar-con-otras-tecnicas-para-ver-cual-es-el-valor-real-video\/#article\",\"isPartOf\":{\"@id\":\"https:\/\/elregionalvm.com.ar\/noticias-villa-maria\/arsenico-en-la-mira-tuninetti-hay-que-analizar-con-otras-tecnicas-para-ver-cual-es-el-valor-real-video\/\"},\"author\":{\"name\":\"Germ\u00e1n Giacchero\",\"@id\":\"http:\/\/elregionalvm.com.ar\/noticias-villa-maria\/#\/schema\/person\/d5e4b04966154131701e52c45d3efec9\"},\"headline\":\"[Ars\u00e9nico en la mira] Tuninetti: \u201cHay que analizar con otras t\u00e9cnicas para ver cu\u00e1l es el valor real\u201d (VIDEO)\",\"datePublished\":\"2025-12-11T03:48:32+00:00\",\"dateModified\":\"2025-12-22T13:26:49+00:00\",\"mainEntityOfPage\":{\"@id\":\"https:\/\/elregionalvm.com.ar\/noticias-villa-maria\/arsenico-en-la-mira-tuninetti-hay-que-analizar-con-otras-tecnicas-para-ver-cual-es-el-valor-real-video\/\"},\"wordCount\":735,\"commentCount\":0,\"image\":{\"@id\":\"https:\/\/elregionalvm.com.ar\/noticias-villa-maria\/arsenico-en-la-mira-tuninetti-hay-que-analizar-con-otras-tecnicas-para-ver-cual-es-el-valor-real-video\/#primaryimage\"},\"thumbnailUrl\":\"https:\/\/i0.wp.com\/elregionalvm.com.ar\/noticias-villa-maria\/wp-content\/uploads\/2024\/11\/Luis-Tuninetti-UNVM-2024.jpg?fit=1200%2C800&ssl=1\",\"keywords\":[\"agua\",\"ars\u00e9nico\",\"C\u00e1ncer\",\"contaminaci\u00f3n\",\"coooperativas\",\"Luis Tuninetti\",\"medici\u00f3n\",\"Medio ambiente\",\"principal\",\"red\",\"t\u00e9cnicas\"],\"articleSection\":[\"Provinciales\",\"tercera\",\"Villa Mar\u00eda\"],\"inLanguage\":\"es\",\"potentialAction\":[{\"@type\":\"CommentAction\",\"name\":\"Comment\",\"target\":[\"https:\/\/elregionalvm.com.ar\/noticias-villa-maria\/arsenico-en-la-mira-tuninetti-hay-que-analizar-con-otras-tecnicas-para-ver-cual-es-el-valor-real-video\/#respond\"]}]},{\"@type\":\"WebPage\",\"@id\":\"https:\/\/elregionalvm.com.ar\/noticias-villa-maria\/arsenico-en-la-mira-tuninetti-hay-que-analizar-con-otras-tecnicas-para-ver-cual-es-el-valor-real-video\/\",\"url\":\"https:\/\/elregionalvm.com.ar\/noticias-villa-maria\/arsenico-en-la-mira-tuninetti-hay-que-analizar-con-otras-tecnicas-para-ver-cual-es-el-valor-real-video\/\",\"name\":\"[Ars\u00e9nico en la mira] Tuninetti: \u201cHay que analizar con otras t\u00e9cnicas para ver cu\u00e1l es el valor real\u201d (VIDEO) - El Regional\",\"isPartOf\":{\"@id\":\"http:\/\/elregionalvm.com.ar\/noticias-villa-maria\/#website\"},\"primaryImageOfPage\":{\"@id\":\"https:\/\/elregionalvm.com.ar\/noticias-villa-maria\/arsenico-en-la-mira-tuninetti-hay-que-analizar-con-otras-tecnicas-para-ver-cual-es-el-valor-real-video\/#primaryimage\"},\"image\":{\"@id\":\"https:\/\/elregionalvm.com.ar\/noticias-villa-maria\/arsenico-en-la-mira-tuninetti-hay-que-analizar-con-otras-tecnicas-para-ver-cual-es-el-valor-real-video\/#primaryimage\"},\"thumbnailUrl\":\"https:\/\/i0.wp.com\/elregionalvm.com.ar\/noticias-villa-maria\/wp-content\/uploads\/2024\/11\/Luis-Tuninetti-UNVM-2024.jpg?fit=1200%2C800&ssl=1\",\"datePublished\":\"2025-12-11T03:48:32+00:00\",\"dateModified\":\"2025-12-22T13:26:49+00:00\",\"author\":{\"@id\":\"http:\/\/elregionalvm.com.ar\/noticias-villa-maria\/#\/schema\/person\/d5e4b04966154131701e52c45d3efec9\"},\"breadcrumb\":{\"@id\":\"https:\/\/elregionalvm.com.ar\/noticias-villa-maria\/arsenico-en-la-mira-tuninetti-hay-que-analizar-con-otras-tecnicas-para-ver-cual-es-el-valor-real-video\/#breadcrumb\"},\"inLanguage\":\"es\",\"potentialAction\":[{\"@type\":\"ReadAction\",\"target\":[\"https:\/\/elregionalvm.com.ar\/noticias-villa-maria\/arsenico-en-la-mira-tuninetti-hay-que-analizar-con-otras-tecnicas-para-ver-cual-es-el-valor-real-video\/\"]}]},{\"@type\":\"ImageObject\",\"inLanguage\":\"es\",\"@id\":\"https:\/\/elregionalvm.com.ar\/noticias-villa-maria\/arsenico-en-la-mira-tuninetti-hay-que-analizar-con-otras-tecnicas-para-ver-cual-es-el-valor-real-video\/#primaryimage\",\"url\":\"https:\/\/i0.wp.com\/elregionalvm.com.ar\/noticias-villa-maria\/wp-content\/uploads\/2024\/11\/Luis-Tuninetti-UNVM-2024.jpg?fit=1200%2C800&ssl=1\",\"contentUrl\":\"https:\/\/i0.wp.com\/elregionalvm.com.ar\/noticias-villa-maria\/wp-content\/uploads\/2024\/11\/Luis-Tuninetti-UNVM-2024.jpg?fit=1200%2C800&ssl=1\",\"width\":1200,\"height\":800},{\"@type\":\"BreadcrumbList\",\"@id\":\"https:\/\/elregionalvm.com.ar\/noticias-villa-maria\/arsenico-en-la-mira-tuninetti-hay-que-analizar-con-otras-tecnicas-para-ver-cual-es-el-valor-real-video\/#breadcrumb\",\"itemListElement\":[{\"@type\":\"ListItem\",\"position\":1,\"name\":\"Portada\",\"item\":\"https:\/\/elregionalvm.com.ar\/noticias-villa-maria\/\"},{\"@type\":\"ListItem\",\"position\":2,\"name\":\"[Ars\u00e9nico en la mira] Tuninetti: \u201cHay que analizar con otras t\u00e9cnicas para ver cu\u00e1l es el valor real\u201d (VIDEO)\"}]},{\"@type\":\"WebSite\",\"@id\":\"http:\/\/elregionalvm.com.ar\/noticias-villa-maria\/#website\",\"url\":\"http:\/\/elregionalvm.com.ar\/noticias-villa-maria\/\",\"name\":\"El Regional\",\"description\":\"Mucho m\u00e1s que informaci\u00f3n\",\"potentialAction\":[{\"@type\":\"SearchAction\",\"target\":{\"@type\":\"EntryPoint\",\"urlTemplate\":\"http:\/\/elregionalvm.com.ar\/noticias-villa-maria\/?s={search_term_string}\"},\"query-input\":{\"@type\":\"PropertyValueSpecification\",\"valueRequired\":true,\"valueName\":\"search_term_string\"}}],\"inLanguage\":\"es\"},{\"@type\":\"Person\",\"@id\":\"http:\/\/elregionalvm.com.ar\/noticias-villa-maria\/#\/schema\/person\/d5e4b04966154131701e52c45d3efec9\",\"name\":\"Germ\u00e1n Giacchero\",\"image\":{\"@type\":\"ImageObject\",\"inLanguage\":\"es\",\"@id\":\"http:\/\/elregionalvm.com.ar\/noticias-villa-maria\/#\/schema\/person\/image\/\",\"url\":\"https:\/\/secure.gravatar.com\/avatar\/fda163ba5ef0307ee5be9846e10f83b6e83d0cfb260d3b2464830318894c6b04?s=96&d=mm&r=g\",\"contentUrl\":\"https:\/\/secure.gravatar.com\/avatar\/fda163ba5ef0307ee5be9846e10f83b6e83d0cfb260d3b2464830318894c6b04?s=96&d=mm&r=g\",\"caption\":\"Germ\u00e1n Giacchero\"},\"url\":\"https:\/\/elregionalvm.com.ar\/noticias-villa-maria\/author\/germangiacchero\/\"}]}<\/script>\n<!-- \/ Yoast SEO plugin. -->","yoast_head_json":{"title":"[Ars\u00e9nico en la mira] Tuninetti: \u201cHay que analizar con otras t\u00e9cnicas para ver cu\u00e1l es el valor real\u201d (VIDEO) - El Regional","robots":{"index":"index","follow":"follow","max-snippet":"max-snippet:-1","max-image-preview":"max-image-preview:large","max-video-preview":"max-video-preview:-1"},"canonical":"https:\/\/elregionalvm.com.ar\/noticias-villa-maria\/arsenico-en-la-mira-tuninetti-hay-que-analizar-con-otras-tecnicas-para-ver-cual-es-el-valor-real-video\/","og_locale":"es_ES","og_type":"article","og_title":"[Ars\u00e9nico en la mira] Tuninetti: \u201cHay que analizar con otras t\u00e9cnicas para ver cu\u00e1l es el valor real\u201d (VIDEO) - El Regional","og_description":"Luis Tuninetti es un referente ambientalista en Villa Mar\u00eda y regi\u00f3n. Licenciado en Ense\u00f1anza de las Ciencias Ambientales, coordina el Observatorio Regional de Cambio Clim\u00e1tico de la Universidad Nacional de Villa Mar\u00eda. Sus respuestas sobre el tema fueron ofrecidas a EL REGIONAL de modo personal, sobre la base de su experiencia en la materia. El [&hellip;]","og_url":"https:\/\/elregionalvm.com.ar\/noticias-villa-maria\/arsenico-en-la-mira-tuninetti-hay-que-analizar-con-otras-tecnicas-para-ver-cual-es-el-valor-real-video\/","og_site_name":"El Regional","article_publisher":"https:\/\/www.facebook.com\/elregionalvm","article_published_time":"2025-12-11T03:48:32+00:00","article_modified_time":"2025-12-22T13:26:49+00:00","og_image":[{"width":1200,"height":800,"url":"https:\/\/elregionalvm.com.ar\/noticias-villa-maria\/wp-content\/uploads\/2024\/11\/Luis-Tuninetti-UNVM-2024.jpg","type":"image\/jpeg"}],"author":"Germ\u00e1n Giacchero","twitter_card":"summary_large_image","twitter_creator":"@elregionalvm1","twitter_site":"@elregionalvm1","twitter_misc":{"Escrito por":"Germ\u00e1n Giacchero","Tiempo de lectura":"5 minutos"},"schema":{"@context":"https:\/\/schema.org","@graph":[{"@type":"Article","@id":"https:\/\/elregionalvm.com.ar\/noticias-villa-maria\/arsenico-en-la-mira-tuninetti-hay-que-analizar-con-otras-tecnicas-para-ver-cual-es-el-valor-real-video\/#article","isPartOf":{"@id":"https:\/\/elregionalvm.com.ar\/noticias-villa-maria\/arsenico-en-la-mira-tuninetti-hay-que-analizar-con-otras-tecnicas-para-ver-cual-es-el-valor-real-video\/"},"author":{"name":"Germ\u00e1n Giacchero","@id":"http:\/\/elregionalvm.com.ar\/noticias-villa-maria\/#\/schema\/person\/d5e4b04966154131701e52c45d3efec9"},"headline":"[Ars\u00e9nico en la mira] Tuninetti: \u201cHay que analizar con otras t\u00e9cnicas para ver cu\u00e1l es el valor real\u201d (VIDEO)","datePublished":"2025-12-11T03:48:32+00:00","dateModified":"2025-12-22T13:26:49+00:00","mainEntityOfPage":{"@id":"https:\/\/elregionalvm.com.ar\/noticias-villa-maria\/arsenico-en-la-mira-tuninetti-hay-que-analizar-con-otras-tecnicas-para-ver-cual-es-el-valor-real-video\/"},"wordCount":735,"commentCount":0,"image":{"@id":"https:\/\/elregionalvm.com.ar\/noticias-villa-maria\/arsenico-en-la-mira-tuninetti-hay-que-analizar-con-otras-tecnicas-para-ver-cual-es-el-valor-real-video\/#primaryimage"},"thumbnailUrl":"https:\/\/i0.wp.com\/elregionalvm.com.ar\/noticias-villa-maria\/wp-content\/uploads\/2024\/11\/Luis-Tuninetti-UNVM-2024.jpg?fit=1200%2C800&ssl=1","keywords":["agua","ars\u00e9nico","C\u00e1ncer","contaminaci\u00f3n","coooperativas","Luis Tuninetti","medici\u00f3n","Medio ambiente","principal","red","t\u00e9cnicas"],"articleSection":["Provinciales","tercera","Villa Mar\u00eda"],"inLanguage":"es","potentialAction":[{"@type":"CommentAction","name":"Comment","target":["https:\/\/elregionalvm.com.ar\/noticias-villa-maria\/arsenico-en-la-mira-tuninetti-hay-que-analizar-con-otras-tecnicas-para-ver-cual-es-el-valor-real-video\/#respond"]}]},{"@type":"WebPage","@id":"https:\/\/elregionalvm.com.ar\/noticias-villa-maria\/arsenico-en-la-mira-tuninetti-hay-que-analizar-con-otras-tecnicas-para-ver-cual-es-el-valor-real-video\/","url":"https:\/\/elregionalvm.com.ar\/noticias-villa-maria\/arsenico-en-la-mira-tuninetti-hay-que-analizar-con-otras-tecnicas-para-ver-cual-es-el-valor-real-video\/","name":"[Ars\u00e9nico en la mira] Tuninetti: \u201cHay que analizar con otras t\u00e9cnicas para ver cu\u00e1l es el valor real\u201d (VIDEO) - El Regional","isPartOf":{"@id":"http:\/\/elregionalvm.com.ar\/noticias-villa-maria\/#website"},"primaryImageOfPage":{"@id":"https:\/\/elregionalvm.com.ar\/noticias-villa-maria\/arsenico-en-la-mira-tuninetti-hay-que-analizar-con-otras-tecnicas-para-ver-cual-es-el-valor-real-video\/#primaryimage"},"image":{"@id":"https:\/\/elregionalvm.com.ar\/noticias-villa-maria\/arsenico-en-la-mira-tuninetti-hay-que-analizar-con-otras-tecnicas-para-ver-cual-es-el-valor-real-video\/#primaryimage"},"thumbnailUrl":"https:\/\/i0.wp.com\/elregionalvm.com.ar\/noticias-villa-maria\/wp-content\/uploads\/2024\/11\/Luis-Tuninetti-UNVM-2024.jpg?fit=1200%2C800&ssl=1","datePublished":"2025-12-11T03:48:32+00:00","dateModified":"2025-12-22T13:26:49+00:00","author":{"@id":"http:\/\/elregionalvm.com.ar\/noticias-villa-maria\/#\/schema\/person\/d5e4b04966154131701e52c45d3efec9"},"breadcrumb":{"@id":"https:\/\/elregionalvm.com.ar\/noticias-villa-maria\/arsenico-en-la-mira-tuninetti-hay-que-analizar-con-otras-tecnicas-para-ver-cual-es-el-valor-real-video\/#breadcrumb"},"inLanguage":"es","potentialAction":[{"@type":"ReadAction","target":["https:\/\/elregionalvm.com.ar\/noticias-villa-maria\/arsenico-en-la-mira-tuninetti-hay-que-analizar-con-otras-tecnicas-para-ver-cual-es-el-valor-real-video\/"]}]},{"@type":"ImageObject","inLanguage":"es","@id":"https:\/\/elregionalvm.com.ar\/noticias-villa-maria\/arsenico-en-la-mira-tuninetti-hay-que-analizar-con-otras-tecnicas-para-ver-cual-es-el-valor-real-video\/#primaryimage","url":"https:\/\/i0.wp.com\/elregionalvm.com.ar\/noticias-villa-maria\/wp-content\/uploads\/2024\/11\/Luis-Tuninetti-UNVM-2024.jpg?fit=1200%2C800&ssl=1","contentUrl":"https:\/\/i0.wp.com\/elregionalvm.com.ar\/noticias-villa-maria\/wp-content\/uploads\/2024\/11\/Luis-Tuninetti-UNVM-2024.jpg?fit=1200%2C800&ssl=1","width":1200,"height":800},{"@type":"BreadcrumbList","@id":"https:\/\/elregionalvm.com.ar\/noticias-villa-maria\/arsenico-en-la-mira-tuninetti-hay-que-analizar-con-otras-tecnicas-para-ver-cual-es-el-valor-real-video\/#breadcrumb","itemListElement":[{"@type":"ListItem","position":1,"name":"Portada","item":"https:\/\/elregionalvm.com.ar\/noticias-villa-maria\/"},{"@type":"ListItem","position":2,"name":"[Ars\u00e9nico en la mira] Tuninetti: \u201cHay que analizar con otras t\u00e9cnicas para ver cu\u00e1l es el valor real\u201d (VIDEO)"}]},{"@type":"WebSite","@id":"http:\/\/elregionalvm.com.ar\/noticias-villa-maria\/#website","url":"http:\/\/elregionalvm.com.ar\/noticias-villa-maria\/","name":"El Regional","description":"Mucho m\u00e1s que informaci\u00f3n","potentialAction":[{"@type":"SearchAction","target":{"@type":"EntryPoint","urlTemplate":"http:\/\/elregionalvm.com.ar\/noticias-villa-maria\/?s={search_term_string}"},"query-input":{"@type":"PropertyValueSpecification","valueRequired":true,"valueName":"search_term_string"}}],"inLanguage":"es"},{"@type":"Person","@id":"http:\/\/elregionalvm.com.ar\/noticias-villa-maria\/#\/schema\/person\/d5e4b04966154131701e52c45d3efec9","name":"Germ\u00e1n Giacchero","image":{"@type":"ImageObject","inLanguage":"es","@id":"http:\/\/elregionalvm.com.ar\/noticias-villa-maria\/#\/schema\/person\/image\/","url":"https:\/\/secure.gravatar.com\/avatar\/fda163ba5ef0307ee5be9846e10f83b6e83d0cfb260d3b2464830318894c6b04?s=96&d=mm&r=g","contentUrl":"https:\/\/secure.gravatar.com\/avatar\/fda163ba5ef0307ee5be9846e10f83b6e83d0cfb260d3b2464830318894c6b04?s=96&d=mm&r=g","caption":"Germ\u00e1n Giacchero"},"url":"https:\/\/elregionalvm.com.ar\/noticias-villa-maria\/author\/germangiacchero\/"}]}},"jetpack_featured_media_url":"https:\/\/i0.wp.com\/elregionalvm.com.ar\/noticias-villa-maria\/wp-content\/uploads\/2024\/11\/Luis-Tuninetti-UNVM-2024.jpg?fit=1200%2C800&ssl=1","jetpack_sharing_enabled":true,"_links":{"self":[{"href":"https:\/\/elregionalvm.com.ar\/noticias-villa-maria\/wp-json\/wp\/v2\/posts\/112595","targetHints":{"allow":["GET"]}}],"collection":[{"href":"https:\/\/elregionalvm.com.ar\/noticias-villa-maria\/wp-json\/wp\/v2\/posts"}],"about":[{"href":"https:\/\/elregionalvm.com.ar\/noticias-villa-maria\/wp-json\/wp\/v2\/types\/post"}],"author":[{"embeddable":true,"href":"https:\/\/elregionalvm.com.ar\/noticias-villa-maria\/wp-json\/wp\/v2\/users\/6"}],"replies":[{"embeddable":true,"href":"https:\/\/elregionalvm.com.ar\/noticias-villa-maria\/wp-json\/wp\/v2\/comments?post=112595"}],"version-history":[{"count":2,"href":"https:\/\/elregionalvm.com.ar\/noticias-villa-maria\/wp-json\/wp\/v2\/posts\/112595\/revisions"}],"predecessor-version":[{"id":112601,"href":"https:\/\/elregionalvm.com.ar\/noticias-villa-maria\/wp-json\/wp\/v2\/posts\/112595\/revisions\/112601"}],"wp:featuredmedia":[{"embeddable":true,"href":"https:\/\/elregionalvm.com.ar\/noticias-villa-maria\/wp-json\/wp\/v2\/media\/100940"}],"wp:attachment":[{"href":"https:\/\/elregionalvm.com.ar\/noticias-villa-maria\/wp-json\/wp\/v2\/media?parent=112595"}],"wp:term":[{"taxonomy":"category","embeddable":true,"href":"https:\/\/elregionalvm.com.ar\/noticias-villa-maria\/wp-json\/wp\/v2\/categories?post=112595"},{"taxonomy":"post_tag","embeddable":true,"href":"https:\/\/elregionalvm.com.ar\/noticias-villa-maria\/wp-json\/wp\/v2\/tags?post=112595"}],"curies":[{"name":"wp","href":"https:\/\/api.w.org\/{rel}","templated":true}]}}