{"id":112877,"date":"2025-12-23T23:46:17","date_gmt":"2025-12-23T23:46:17","guid":{"rendered":"https:\/\/elregionalvm.com.ar\/noticias-villa-maria\/?p=112877"},"modified":"2025-12-23T23:46:19","modified_gmt":"2025-12-23T23:46:19","slug":"se-llevo-a-cabo-el-relanzamiento-del-queso-local-yucat","status":"publish","type":"post","link":"https:\/\/elregionalvm.com.ar\/noticias-villa-maria\/se-llevo-a-cabo-el-relanzamiento-del-queso-local-yucat\/","title":{"rendered":"Se llev\u00f3 a cabo el relanzamiento del queso local Yucat"},"content":{"rendered":"\n<p>Se llev\u00f3 a cabo el relanzamiento del queso local Yucat tipo Olay\u00f3n, iniciativa que se realiz\u00f3 en las instalaciones de la Escuela Superior Integral de Lecher\u00eda (ESIL), en una jornada orientada a poner en valor la producci\u00f3n regional y el trabajo articulado entre el sector p\u00fablico, educativo y productivo.<\/p>\n\n\n\n<p>Durante la actividad estuvieron presentes, en representaci\u00f3n del Ministerio de Bioagroindustria de la Provincia de C\u00f3rdoba, el secretario de Ganader\u00eda Marcelo Calle y el director de Producci\u00f3n Marcelo Cravero. Asimismo, participaron el subsecretario de Desarrollo Productivo, Germ\u00e1n Tenedini; el coordinador del Cl\u00faster L\u00e1cteo, Jos\u00e9 Cativelli; y el subsecretario de Unidad Intendencia, Mart\u00edn Ruiz; el presidente y el director del Nivel Superior T\u00e9cnico de la ESIL, Alfredo Gadara y Fabi\u00e1n Habegger, respectivamente; el presidente del Cl\u00faster Quesero de Villa Mar\u00eda, Mart\u00edn Ghigo; junto a referentes del sector l\u00e1cteo y comunidad educativa.<\/p>\n\n\n\n<p>En este marco, se destac\u00f3 la puesta en valor del queso Yucat tipo Olay\u00f3n como resultado de un proceso de trabajo asociativo y sostenido entre productores, industriales y el sector p\u00fablico de la cuenca lechera del centro del pa\u00eds, fortaleciendo la identidad productiva local y promoviendo el agregado de valor a la producci\u00f3n regional.<\/p>\n\n\n\n<p>En la ocasi\u00f3n, Germ\u00e1n Tenedini indic\u00f3:&nbsp;<em>\u2018\u2019Desde el municipio estamos muy contentos de acompa\u00f1ar esta iniciativa, con la expectativa de que en 2026 se sumen m\u00e1s empresas y se siga fortaleciendo el sector l\u00e1cteo regional y la proyecci\u00f3n de nuestros quesos con denominaci\u00f3n de origen.\u201d<\/em><\/p>\n\n\n\n<p>Asimismo, Jos\u00e9 Cativelli a\u00f1adi\u00f3:&nbsp;<em>\u2018\u2019Como Cluster L\u00e1cteo, respaldamos esta iniciativa y celebramos la presentaci\u00f3n de un producto de excelencia que nos representa, con el aval de calidad del FUNESIL, instituto referente a la vanguardia de la producci\u00f3n l\u00e1ctea y quesera\u2019\u2019.<\/em><\/p>\n\n\n\n<p>En cuanto a los detalles del queso, Habegger detall\u00f3:&nbsp;<em>\u00abSeg\u00fan el C\u00f3digo Alimentario Argentino, el queso Yucat Olay\u00f3n es un queso duro y de baja humedad, lo que lo hace ideal para rallar. Sin embargo, busca posicionarse no solo como condimento, sino tambi\u00e9n como un queso de consumo directo. Su larga maduraci\u00f3n y conservaci\u00f3n permiten una amplia y c\u00f3moda maniobrabilidad comercial\u2019\u2019.<\/em><\/p>\n\n\n\n<p>Participaron adem\u00e1s el presidente del Ente Deporte y Turismo, Alejandro Mana; y el director de Turismo, Dino Gagliese.&nbsp;<\/p>\n\n\n\n<p>La jornada permiti\u00f3 destacar la importancia de fortalecer los productos con identidad territorial, promover la innovaci\u00f3n y consolidar el entramado productivo local, especialmente en una actividad estrat\u00e9gica como la lecher\u00eda para la regi\u00f3n y el pa\u00eds.<\/p>\n","protected":false},"excerpt":{"rendered":"<p>Se llev\u00f3 a cabo el relanzamiento del queso local Yucat tipo Olay\u00f3n, iniciativa que se realiz\u00f3 en las instalaciones de la Escuela Superior Integral de Lecher\u00eda (ESIL), en una jornada orientada a poner en valor la producci\u00f3n regional y el trabajo articulado entre el sector p\u00fablico, educativo y productivo. Durante la actividad estuvieron presentes, en [&hellip;]<\/p>\n","protected":false},"author":4,"featured_media":112879,"comment_status":"open","ping_status":"open","sticky":false,"template":"","format":"standard","meta":{"site-sidebar-layout":"default","site-content-layout":"","ast-site-content-layout":"default","site-content-style":"default","site-sidebar-style":"default","ast-global-header-display":"","ast-banner-title-visibility":"","ast-main-header-display":"","ast-hfb-above-header-display":"","ast-hfb-below-header-display":"","ast-hfb-mobile-header-display":"","site-post-title":"","ast-breadcrumbs-content":"","ast-featured-img":"","footer-sml-layout":"","ast-disable-related-posts":"","theme-transparent-header-meta":"","adv-header-id-meta":"","stick-header-meta":"","header-above-stick-meta":"","header-main-stick-meta":"","header-below-stick-meta":"","astra-migrate-meta-layouts":"set","ast-page-background-enabled":"default","ast-page-background-meta":{"desktop":{"background-color":"","background-image":"","background-repeat":"repeat","background-position":"center center","background-size":"auto","background-attachment":"scroll","background-type":"","background-media":"","overlay-type":"","overlay-color":"","overlay-opacity":"","overlay-gradient":""},"tablet":{"background-color":"","background-image":"","background-repeat":"repeat","background-position":"center center","background-size":"auto","background-attachment":"scroll","background-type":"","background-media":"","overlay-type":"","overlay-color":"","overlay-opacity":"","overlay-gradient":""},"mobile":{"background-color":"","background-image":"","background-repeat":"repeat","background-position":"center center","background-size":"auto","background-attachment":"scroll","background-type":"","background-media":"","overlay-type":"","overlay-color":"","overlay-opacity":"","overlay-gradient":""}},"ast-content-background-meta":{"desktop":{"background-color":"var(--ast-global-color-5)","background-image":"","background-repeat":"repeat","background-position":"center center","background-size":"auto","background-attachment":"scroll","background-type":"","background-media":"","overlay-type":"","overlay-color":"","overlay-opacity":"","overlay-gradient":""},"tablet":{"background-color":"var(--ast-global-color-5)","background-image":"","background-repeat":"repeat","background-position":"center center","background-size":"auto","background-attachment":"scroll","background-type":"","background-media":"","overlay-type":"","overlay-color":"","overlay-opacity":"","overlay-gradient":""},"mobile":{"background-color":"var(--ast-global-color-5)","background-image":"","background-repeat":"repeat","background-position":"center center","background-size":"auto","background-attachment":"scroll","background-type":"","background-media":"","overlay-type":"","overlay-color":"","overlay-opacity":"","overlay-gradient":""}},"_jetpack_memberships_contains_paid_content":false,"_joinchat":[],"footnotes":""},"categories":[15302,1,5,2],"tags":[],"class_list":["post-112877","post","type-post","status-publish","format-standard","has-post-thumbnail","hentry","category-destacado","category-sin-categoria","category-sociedad","category-villa-maria"],"yoast_head":"<!-- This site is optimized with the Yoast SEO plugin v26.8 - https:\/\/yoast.com\/product\/yoast-seo-wordpress\/ -->\n<title>Se llev\u00f3 a cabo el relanzamiento del queso local Yucat - El Regional<\/title>\n<meta name=\"robots\" content=\"index, follow, max-snippet:-1, max-image-preview:large, max-video-preview:-1\" \/>\n<link rel=\"canonical\" href=\"https:\/\/elregionalvm.com.ar\/noticias-villa-maria\/se-llevo-a-cabo-el-relanzamiento-del-queso-local-yucat\/\" \/>\n<meta property=\"og:locale\" content=\"es_ES\" \/>\n<meta property=\"og:type\" content=\"article\" \/>\n<meta property=\"og:title\" content=\"Se llev\u00f3 a cabo el relanzamiento del queso local Yucat - El Regional\" \/>\n<meta property=\"og:description\" content=\"Se llev\u00f3 a cabo el relanzamiento del queso local Yucat tipo Olay\u00f3n, iniciativa que se realiz\u00f3 en las instalaciones de la Escuela Superior Integral de Lecher\u00eda (ESIL), en una jornada orientada a poner en valor la producci\u00f3n regional y el trabajo articulado entre el sector p\u00fablico, educativo y productivo. Durante la actividad estuvieron presentes, en [&hellip;]\" \/>\n<meta property=\"og:url\" content=\"https:\/\/elregionalvm.com.ar\/noticias-villa-maria\/se-llevo-a-cabo-el-relanzamiento-del-queso-local-yucat\/\" \/>\n<meta property=\"og:site_name\" content=\"El Regional\" \/>\n<meta property=\"article:publisher\" content=\"https:\/\/www.facebook.com\/elregionalvm\" \/>\n<meta property=\"article:published_time\" content=\"2025-12-23T23:46:17+00:00\" \/>\n<meta property=\"article:modified_time\" content=\"2025-12-23T23:46:19+00:00\" \/>\n<meta property=\"og:image\" content=\"https:\/\/elregionalvm.com.ar\/noticias-villa-maria\/wp-content\/uploads\/2025\/12\/fd4c7f6cd0e24e93bd0522f6b1c17d83-1.jpeg\" \/>\n\t<meta property=\"og:image:width\" content=\"800\" \/>\n\t<meta property=\"og:image:height\" content=\"600\" \/>\n\t<meta property=\"og:image:type\" content=\"image\/jpeg\" \/>\n<meta name=\"author\" content=\"Contenidos El Regional\" \/>\n<meta name=\"twitter:card\" content=\"summary_large_image\" \/>\n<meta name=\"twitter:creator\" content=\"@elregionalvm1\" \/>\n<meta name=\"twitter:site\" content=\"@elregionalvm1\" \/>\n<meta name=\"twitter:label1\" content=\"Escrito por\" \/>\n\t<meta name=\"twitter:data1\" content=\"Contenidos El Regional\" \/>\n\t<meta name=\"twitter:label2\" content=\"Tiempo de lectura\" \/>\n\t<meta name=\"twitter:data2\" content=\"3 minutos\" \/>\n<script type=\"application\/ld+json\" class=\"yoast-schema-graph\">{\"@context\":\"https:\/\/schema.org\",\"@graph\":[{\"@type\":\"Article\",\"@id\":\"https:\/\/elregionalvm.com.ar\/noticias-villa-maria\/se-llevo-a-cabo-el-relanzamiento-del-queso-local-yucat\/#article\",\"isPartOf\":{\"@id\":\"https:\/\/elregionalvm.com.ar\/noticias-villa-maria\/se-llevo-a-cabo-el-relanzamiento-del-queso-local-yucat\/\"},\"author\":{\"name\":\"Contenidos El Regional\",\"@id\":\"http:\/\/elregionalvm.com.ar\/noticias-villa-maria\/#\/schema\/person\/a0fb9c422317faca23d50163151bc354\"},\"headline\":\"Se llev\u00f3 a cabo el relanzamiento del queso local Yucat\",\"datePublished\":\"2025-12-23T23:46:17+00:00\",\"dateModified\":\"2025-12-23T23:46:19+00:00\",\"mainEntityOfPage\":{\"@id\":\"https:\/\/elregionalvm.com.ar\/noticias-villa-maria\/se-llevo-a-cabo-el-relanzamiento-del-queso-local-yucat\/\"},\"wordCount\":453,\"commentCount\":0,\"image\":{\"@id\":\"https:\/\/elregionalvm.com.ar\/noticias-villa-maria\/se-llevo-a-cabo-el-relanzamiento-del-queso-local-yucat\/#primaryimage\"},\"thumbnailUrl\":\"https:\/\/i0.wp.com\/elregionalvm.com.ar\/noticias-villa-maria\/wp-content\/uploads\/2025\/12\/fd4c7f6cd0e24e93bd0522f6b1c17d83-1.jpeg?fit=800%2C600&ssl=1\",\"articleSection\":{\"0\":\"destacado\",\"2\":\"Sociedad\",\"3\":\"Villa Mar\u00eda\"},\"inLanguage\":\"es\",\"potentialAction\":[{\"@type\":\"CommentAction\",\"name\":\"Comment\",\"target\":[\"https:\/\/elregionalvm.com.ar\/noticias-villa-maria\/se-llevo-a-cabo-el-relanzamiento-del-queso-local-yucat\/#respond\"]}]},{\"@type\":\"WebPage\",\"@id\":\"https:\/\/elregionalvm.com.ar\/noticias-villa-maria\/se-llevo-a-cabo-el-relanzamiento-del-queso-local-yucat\/\",\"url\":\"https:\/\/elregionalvm.com.ar\/noticias-villa-maria\/se-llevo-a-cabo-el-relanzamiento-del-queso-local-yucat\/\",\"name\":\"Se llev\u00f3 a cabo el relanzamiento del queso local Yucat - El Regional\",\"isPartOf\":{\"@id\":\"http:\/\/elregionalvm.com.ar\/noticias-villa-maria\/#website\"},\"primaryImageOfPage\":{\"@id\":\"https:\/\/elregionalvm.com.ar\/noticias-villa-maria\/se-llevo-a-cabo-el-relanzamiento-del-queso-local-yucat\/#primaryimage\"},\"image\":{\"@id\":\"https:\/\/elregionalvm.com.ar\/noticias-villa-maria\/se-llevo-a-cabo-el-relanzamiento-del-queso-local-yucat\/#primaryimage\"},\"thumbnailUrl\":\"https:\/\/i0.wp.com\/elregionalvm.com.ar\/noticias-villa-maria\/wp-content\/uploads\/2025\/12\/fd4c7f6cd0e24e93bd0522f6b1c17d83-1.jpeg?fit=800%2C600&ssl=1\",\"datePublished\":\"2025-12-23T23:46:17+00:00\",\"dateModified\":\"2025-12-23T23:46:19+00:00\",\"author\":{\"@id\":\"http:\/\/elregionalvm.com.ar\/noticias-villa-maria\/#\/schema\/person\/a0fb9c422317faca23d50163151bc354\"},\"breadcrumb\":{\"@id\":\"https:\/\/elregionalvm.com.ar\/noticias-villa-maria\/se-llevo-a-cabo-el-relanzamiento-del-queso-local-yucat\/#breadcrumb\"},\"inLanguage\":\"es\",\"potentialAction\":[{\"@type\":\"ReadAction\",\"target\":[\"https:\/\/elregionalvm.com.ar\/noticias-villa-maria\/se-llevo-a-cabo-el-relanzamiento-del-queso-local-yucat\/\"]}]},{\"@type\":\"ImageObject\",\"inLanguage\":\"es\",\"@id\":\"https:\/\/elregionalvm.com.ar\/noticias-villa-maria\/se-llevo-a-cabo-el-relanzamiento-del-queso-local-yucat\/#primaryimage\",\"url\":\"https:\/\/i0.wp.com\/elregionalvm.com.ar\/noticias-villa-maria\/wp-content\/uploads\/2025\/12\/fd4c7f6cd0e24e93bd0522f6b1c17d83-1.jpeg?fit=800%2C600&ssl=1\",\"contentUrl\":\"https:\/\/i0.wp.com\/elregionalvm.com.ar\/noticias-villa-maria\/wp-content\/uploads\/2025\/12\/fd4c7f6cd0e24e93bd0522f6b1c17d83-1.jpeg?fit=800%2C600&ssl=1\",\"width\":800,\"height\":600},{\"@type\":\"BreadcrumbList\",\"@id\":\"https:\/\/elregionalvm.com.ar\/noticias-villa-maria\/se-llevo-a-cabo-el-relanzamiento-del-queso-local-yucat\/#breadcrumb\",\"itemListElement\":[{\"@type\":\"ListItem\",\"position\":1,\"name\":\"Portada\",\"item\":\"https:\/\/elregionalvm.com.ar\/noticias-villa-maria\/\"},{\"@type\":\"ListItem\",\"position\":2,\"name\":\"Se llev\u00f3 a cabo el relanzamiento del queso local Yucat\"}]},{\"@type\":\"WebSite\",\"@id\":\"http:\/\/elregionalvm.com.ar\/noticias-villa-maria\/#website\",\"url\":\"http:\/\/elregionalvm.com.ar\/noticias-villa-maria\/\",\"name\":\"El Regional\",\"description\":\"Mucho m\u00e1s que informaci\u00f3n\",\"potentialAction\":[{\"@type\":\"SearchAction\",\"target\":{\"@type\":\"EntryPoint\",\"urlTemplate\":\"http:\/\/elregionalvm.com.ar\/noticias-villa-maria\/?s={search_term_string}\"},\"query-input\":{\"@type\":\"PropertyValueSpecification\",\"valueRequired\":true,\"valueName\":\"search_term_string\"}}],\"inLanguage\":\"es\"},{\"@type\":\"Person\",\"@id\":\"http:\/\/elregionalvm.com.ar\/noticias-villa-maria\/#\/schema\/person\/a0fb9c422317faca23d50163151bc354\",\"name\":\"Contenidos El Regional\",\"image\":{\"@type\":\"ImageObject\",\"inLanguage\":\"es\",\"@id\":\"http:\/\/elregionalvm.com.ar\/noticias-villa-maria\/#\/schema\/person\/image\/\",\"url\":\"https:\/\/secure.gravatar.com\/avatar\/265b27cb2209af7bb3a1318f03305787d7981a5cc6e6cd08fe5a4ecdf99d4b48?s=96&d=mm&r=g\",\"contentUrl\":\"https:\/\/secure.gravatar.com\/avatar\/265b27cb2209af7bb3a1318f03305787d7981a5cc6e6cd08fe5a4ecdf99d4b48?s=96&d=mm&r=g\",\"caption\":\"Contenidos El Regional\"},\"url\":\"https:\/\/elregionalvm.com.ar\/noticias-villa-maria\/author\/contenido\/\"}]}<\/script>\n<!-- \/ Yoast SEO plugin. -->","yoast_head_json":{"title":"Se llev\u00f3 a cabo el relanzamiento del queso local Yucat - El Regional","robots":{"index":"index","follow":"follow","max-snippet":"max-snippet:-1","max-image-preview":"max-image-preview:large","max-video-preview":"max-video-preview:-1"},"canonical":"https:\/\/elregionalvm.com.ar\/noticias-villa-maria\/se-llevo-a-cabo-el-relanzamiento-del-queso-local-yucat\/","og_locale":"es_ES","og_type":"article","og_title":"Se llev\u00f3 a cabo el relanzamiento del queso local Yucat - El Regional","og_description":"Se llev\u00f3 a cabo el relanzamiento del queso local Yucat tipo Olay\u00f3n, iniciativa que se realiz\u00f3 en las instalaciones de la Escuela Superior Integral de Lecher\u00eda (ESIL), en una jornada orientada a poner en valor la producci\u00f3n regional y el trabajo articulado entre el sector p\u00fablico, educativo y productivo. Durante la actividad estuvieron presentes, en [&hellip;]","og_url":"https:\/\/elregionalvm.com.ar\/noticias-villa-maria\/se-llevo-a-cabo-el-relanzamiento-del-queso-local-yucat\/","og_site_name":"El Regional","article_publisher":"https:\/\/www.facebook.com\/elregionalvm","article_published_time":"2025-12-23T23:46:17+00:00","article_modified_time":"2025-12-23T23:46:19+00:00","og_image":[{"width":800,"height":600,"url":"https:\/\/elregionalvm.com.ar\/noticias-villa-maria\/wp-content\/uploads\/2025\/12\/fd4c7f6cd0e24e93bd0522f6b1c17d83-1.jpeg","type":"image\/jpeg"}],"author":"Contenidos El Regional","twitter_card":"summary_large_image","twitter_creator":"@elregionalvm1","twitter_site":"@elregionalvm1","twitter_misc":{"Escrito por":"Contenidos El Regional","Tiempo de lectura":"3 minutos"},"schema":{"@context":"https:\/\/schema.org","@graph":[{"@type":"Article","@id":"https:\/\/elregionalvm.com.ar\/noticias-villa-maria\/se-llevo-a-cabo-el-relanzamiento-del-queso-local-yucat\/#article","isPartOf":{"@id":"https:\/\/elregionalvm.com.ar\/noticias-villa-maria\/se-llevo-a-cabo-el-relanzamiento-del-queso-local-yucat\/"},"author":{"name":"Contenidos El Regional","@id":"http:\/\/elregionalvm.com.ar\/noticias-villa-maria\/#\/schema\/person\/a0fb9c422317faca23d50163151bc354"},"headline":"Se llev\u00f3 a cabo el relanzamiento del queso local Yucat","datePublished":"2025-12-23T23:46:17+00:00","dateModified":"2025-12-23T23:46:19+00:00","mainEntityOfPage":{"@id":"https:\/\/elregionalvm.com.ar\/noticias-villa-maria\/se-llevo-a-cabo-el-relanzamiento-del-queso-local-yucat\/"},"wordCount":453,"commentCount":0,"image":{"@id":"https:\/\/elregionalvm.com.ar\/noticias-villa-maria\/se-llevo-a-cabo-el-relanzamiento-del-queso-local-yucat\/#primaryimage"},"thumbnailUrl":"https:\/\/i0.wp.com\/elregionalvm.com.ar\/noticias-villa-maria\/wp-content\/uploads\/2025\/12\/fd4c7f6cd0e24e93bd0522f6b1c17d83-1.jpeg?fit=800%2C600&ssl=1","articleSection":{"0":"destacado","2":"Sociedad","3":"Villa Mar\u00eda"},"inLanguage":"es","potentialAction":[{"@type":"CommentAction","name":"Comment","target":["https:\/\/elregionalvm.com.ar\/noticias-villa-maria\/se-llevo-a-cabo-el-relanzamiento-del-queso-local-yucat\/#respond"]}]},{"@type":"WebPage","@id":"https:\/\/elregionalvm.com.ar\/noticias-villa-maria\/se-llevo-a-cabo-el-relanzamiento-del-queso-local-yucat\/","url":"https:\/\/elregionalvm.com.ar\/noticias-villa-maria\/se-llevo-a-cabo-el-relanzamiento-del-queso-local-yucat\/","name":"Se llev\u00f3 a cabo el relanzamiento del queso local Yucat - El Regional","isPartOf":{"@id":"http:\/\/elregionalvm.com.ar\/noticias-villa-maria\/#website"},"primaryImageOfPage":{"@id":"https:\/\/elregionalvm.com.ar\/noticias-villa-maria\/se-llevo-a-cabo-el-relanzamiento-del-queso-local-yucat\/#primaryimage"},"image":{"@id":"https:\/\/elregionalvm.com.ar\/noticias-villa-maria\/se-llevo-a-cabo-el-relanzamiento-del-queso-local-yucat\/#primaryimage"},"thumbnailUrl":"https:\/\/i0.wp.com\/elregionalvm.com.ar\/noticias-villa-maria\/wp-content\/uploads\/2025\/12\/fd4c7f6cd0e24e93bd0522f6b1c17d83-1.jpeg?fit=800%2C600&ssl=1","datePublished":"2025-12-23T23:46:17+00:00","dateModified":"2025-12-23T23:46:19+00:00","author":{"@id":"http:\/\/elregionalvm.com.ar\/noticias-villa-maria\/#\/schema\/person\/a0fb9c422317faca23d50163151bc354"},"breadcrumb":{"@id":"https:\/\/elregionalvm.com.ar\/noticias-villa-maria\/se-llevo-a-cabo-el-relanzamiento-del-queso-local-yucat\/#breadcrumb"},"inLanguage":"es","potentialAction":[{"@type":"ReadAction","target":["https:\/\/elregionalvm.com.ar\/noticias-villa-maria\/se-llevo-a-cabo-el-relanzamiento-del-queso-local-yucat\/"]}]},{"@type":"ImageObject","inLanguage":"es","@id":"https:\/\/elregionalvm.com.ar\/noticias-villa-maria\/se-llevo-a-cabo-el-relanzamiento-del-queso-local-yucat\/#primaryimage","url":"https:\/\/i0.wp.com\/elregionalvm.com.ar\/noticias-villa-maria\/wp-content\/uploads\/2025\/12\/fd4c7f6cd0e24e93bd0522f6b1c17d83-1.jpeg?fit=800%2C600&ssl=1","contentUrl":"https:\/\/i0.wp.com\/elregionalvm.com.ar\/noticias-villa-maria\/wp-content\/uploads\/2025\/12\/fd4c7f6cd0e24e93bd0522f6b1c17d83-1.jpeg?fit=800%2C600&ssl=1","width":800,"height":600},{"@type":"BreadcrumbList","@id":"https:\/\/elregionalvm.com.ar\/noticias-villa-maria\/se-llevo-a-cabo-el-relanzamiento-del-queso-local-yucat\/#breadcrumb","itemListElement":[{"@type":"ListItem","position":1,"name":"Portada","item":"https:\/\/elregionalvm.com.ar\/noticias-villa-maria\/"},{"@type":"ListItem","position":2,"name":"Se llev\u00f3 a cabo el relanzamiento del queso local Yucat"}]},{"@type":"WebSite","@id":"http:\/\/elregionalvm.com.ar\/noticias-villa-maria\/#website","url":"http:\/\/elregionalvm.com.ar\/noticias-villa-maria\/","name":"El Regional","description":"Mucho m\u00e1s que informaci\u00f3n","potentialAction":[{"@type":"SearchAction","target":{"@type":"EntryPoint","urlTemplate":"http:\/\/elregionalvm.com.ar\/noticias-villa-maria\/?s={search_term_string}"},"query-input":{"@type":"PropertyValueSpecification","valueRequired":true,"valueName":"search_term_string"}}],"inLanguage":"es"},{"@type":"Person","@id":"http:\/\/elregionalvm.com.ar\/noticias-villa-maria\/#\/schema\/person\/a0fb9c422317faca23d50163151bc354","name":"Contenidos El Regional","image":{"@type":"ImageObject","inLanguage":"es","@id":"http:\/\/elregionalvm.com.ar\/noticias-villa-maria\/#\/schema\/person\/image\/","url":"https:\/\/secure.gravatar.com\/avatar\/265b27cb2209af7bb3a1318f03305787d7981a5cc6e6cd08fe5a4ecdf99d4b48?s=96&d=mm&r=g","contentUrl":"https:\/\/secure.gravatar.com\/avatar\/265b27cb2209af7bb3a1318f03305787d7981a5cc6e6cd08fe5a4ecdf99d4b48?s=96&d=mm&r=g","caption":"Contenidos El Regional"},"url":"https:\/\/elregionalvm.com.ar\/noticias-villa-maria\/author\/contenido\/"}]}},"jetpack_featured_media_url":"https:\/\/i0.wp.com\/elregionalvm.com.ar\/noticias-villa-maria\/wp-content\/uploads\/2025\/12\/fd4c7f6cd0e24e93bd0522f6b1c17d83-1.jpeg?fit=800%2C600&ssl=1","jetpack_sharing_enabled":true,"_links":{"self":[{"href":"https:\/\/elregionalvm.com.ar\/noticias-villa-maria\/wp-json\/wp\/v2\/posts\/112877","targetHints":{"allow":["GET"]}}],"collection":[{"href":"https:\/\/elregionalvm.com.ar\/noticias-villa-maria\/wp-json\/wp\/v2\/posts"}],"about":[{"href":"https:\/\/elregionalvm.com.ar\/noticias-villa-maria\/wp-json\/wp\/v2\/types\/post"}],"author":[{"embeddable":true,"href":"https:\/\/elregionalvm.com.ar\/noticias-villa-maria\/wp-json\/wp\/v2\/users\/4"}],"replies":[{"embeddable":true,"href":"https:\/\/elregionalvm.com.ar\/noticias-villa-maria\/wp-json\/wp\/v2\/comments?post=112877"}],"version-history":[{"count":1,"href":"https:\/\/elregionalvm.com.ar\/noticias-villa-maria\/wp-json\/wp\/v2\/posts\/112877\/revisions"}],"predecessor-version":[{"id":112880,"href":"https:\/\/elregionalvm.com.ar\/noticias-villa-maria\/wp-json\/wp\/v2\/posts\/112877\/revisions\/112880"}],"wp:featuredmedia":[{"embeddable":true,"href":"https:\/\/elregionalvm.com.ar\/noticias-villa-maria\/wp-json\/wp\/v2\/media\/112879"}],"wp:attachment":[{"href":"https:\/\/elregionalvm.com.ar\/noticias-villa-maria\/wp-json\/wp\/v2\/media?parent=112877"}],"wp:term":[{"taxonomy":"category","embeddable":true,"href":"https:\/\/elregionalvm.com.ar\/noticias-villa-maria\/wp-json\/wp\/v2\/categories?post=112877"},{"taxonomy":"post_tag","embeddable":true,"href":"https:\/\/elregionalvm.com.ar\/noticias-villa-maria\/wp-json\/wp\/v2\/tags?post=112877"}],"curies":[{"name":"wp","href":"https:\/\/api.w.org\/{rel}","templated":true}]}}