{"id":112901,"date":"2025-12-26T22:36:51","date_gmt":"2025-12-26T22:36:51","guid":{"rendered":"https:\/\/elregionalvm.com.ar\/noticias-villa-maria\/?p=112901"},"modified":"2025-12-26T22:36:56","modified_gmt":"2025-12-26T22:36:56","slug":"la-guardia-local-desarticulo-una-fiesta-clandestina-con-mas-de-200-menores-en-barrio-palermo-durante-la-madrugada","status":"publish","type":"post","link":"https:\/\/elregionalvm.com.ar\/noticias-villa-maria\/la-guardia-local-desarticulo-una-fiesta-clandestina-con-mas-de-200-menores-en-barrio-palermo-durante-la-madrugada\/","title":{"rendered":"La Guardia Local desarticul\u00f3 una fiesta clandestina con m\u00e1s de 200 menores en barrio Palermo durante la madrugada"},"content":{"rendered":"\n<p>\u00a0En la madrugada de hoy, personal de la Guardia Local, en articulaci\u00f3n con la Polic\u00eda de la Provincia de C\u00f3rdoba, desarticul\u00f3 una fiesta clandestina que se desarrollaba en una vivienda ubicada sobre calle Sargento Cabral, en barrio Palermo.<\/p>\n\n\n\n<p>En el lugar se constat\u00f3 la presencia de aproximadamente 200 menores de edad, adem\u00e1s del consumo de bebidas alcoh\u00f3licas y el uso indebido de pirotecnia, situaciones que representan un riesgo para la integridad f\u00edsica de las personas y generan disturbios en la convivencia urbana.<\/p>\n\n\n\n<p>Ante esta situaci\u00f3n, se procedi\u00f3 a interrumpir el evento, dispersar a los asistentes y dar intervenci\u00f3n a las \u00e1reas correspondientes, conforme a la normativa vigente.&nbsp;<\/p>\n\n\n\n<p>Gracias a la intervenci\u00f3n policial, se logr\u00f3 identificar al propietario del inmueble y desarticular la fiesta que hab\u00eda sido convocada por redes sociales.&nbsp;<\/p>\n\n\n\n<p>Asimismo, se labraron las actuaciones administrativas y policiales pertinentes.<\/p>\n\n\n\n<p>Desde el Municipio se destaca el trabajo preventivo y coordinado entre las fuerzas de seguridad y se recuerda a la comunidad la importancia de respetar las ordenanzas vigentes, especialmente aquellas vinculadas al cuidado de menores, la seguridad y la convivencia ciudadana.<\/p>\n\n\n\n<h3 class=\"wp-block-heading\"><\/h3>\n","protected":false},"excerpt":{"rendered":"<p>\u00a0En la madrugada de hoy, personal de la Guardia Local, en articulaci\u00f3n con la Polic\u00eda de la Provincia de C\u00f3rdoba, desarticul\u00f3 una fiesta clandestina que se desarrollaba en una vivienda ubicada sobre calle Sargento Cabral, en barrio Palermo. En el lugar se constat\u00f3 la presencia de aproximadamente 200 menores de edad, adem\u00e1s del consumo de [&hellip;]<\/p>\n","protected":false},"author":4,"featured_media":112902,"comment_status":"open","ping_status":"open","sticky":false,"template":"","format":"standard","meta":{"site-sidebar-layout":"default","site-content-layout":"","ast-site-content-layout":"default","site-content-style":"default","site-sidebar-style":"default","ast-global-header-display":"","ast-banner-title-visibility":"","ast-main-header-display":"","ast-hfb-above-header-display":"","ast-hfb-below-header-display":"","ast-hfb-mobile-header-display":"","site-post-title":"","ast-breadcrumbs-content":"","ast-featured-img":"","footer-sml-layout":"","ast-disable-related-posts":"","theme-transparent-header-meta":"","adv-header-id-meta":"","stick-header-meta":"","header-above-stick-meta":"","header-main-stick-meta":"","header-below-stick-meta":"","astra-migrate-meta-layouts":"set","ast-page-background-enabled":"default","ast-page-background-meta":{"desktop":{"background-color":"","background-image":"","background-repeat":"repeat","background-position":"center center","background-size":"auto","background-attachment":"scroll","background-type":"","background-media":"","overlay-type":"","overlay-color":"","overlay-opacity":"","overlay-gradient":""},"tablet":{"background-color":"","background-image":"","background-repeat":"repeat","background-position":"center center","background-size":"auto","background-attachment":"scroll","background-type":"","background-media":"","overlay-type":"","overlay-color":"","overlay-opacity":"","overlay-gradient":""},"mobile":{"background-color":"","background-image":"","background-repeat":"repeat","background-position":"center center","background-size":"auto","background-attachment":"scroll","background-type":"","background-media":"","overlay-type":"","overlay-color":"","overlay-opacity":"","overlay-gradient":""}},"ast-content-background-meta":{"desktop":{"background-color":"var(--ast-global-color-5)","background-image":"","background-repeat":"repeat","background-position":"center center","background-size":"auto","background-attachment":"scroll","background-type":"","background-media":"","overlay-type":"","overlay-color":"","overlay-opacity":"","overlay-gradient":""},"tablet":{"background-color":"var(--ast-global-color-5)","background-image":"","background-repeat":"repeat","background-position":"center center","background-size":"auto","background-attachment":"scroll","background-type":"","background-media":"","overlay-type":"","overlay-color":"","overlay-opacity":"","overlay-gradient":""},"mobile":{"background-color":"var(--ast-global-color-5)","background-image":"","background-repeat":"repeat","background-position":"center center","background-size":"auto","background-attachment":"scroll","background-type":"","background-media":"","overlay-type":"","overlay-color":"","overlay-opacity":"","overlay-gradient":""}},"_jetpack_memberships_contains_paid_content":false,"_joinchat":[],"footnotes":""},"categories":[15302,2234,5,2],"tags":[],"class_list":["post-112901","post","type-post","status-publish","format-standard","has-post-thumbnail","hentry","category-destacado","category-policiales","category-sociedad","category-villa-maria"],"yoast_head":"<!-- This site is optimized with the Yoast SEO plugin v26.8 - https:\/\/yoast.com\/product\/yoast-seo-wordpress\/ -->\n<title>La Guardia Local desarticul\u00f3 una fiesta clandestina con m\u00e1s de 200 menores en barrio Palermo durante la madrugada - El Regional<\/title>\n<meta name=\"robots\" content=\"index, follow, max-snippet:-1, max-image-preview:large, max-video-preview:-1\" \/>\n<link rel=\"canonical\" href=\"https:\/\/elregionalvm.com.ar\/noticias-villa-maria\/la-guardia-local-desarticulo-una-fiesta-clandestina-con-mas-de-200-menores-en-barrio-palermo-durante-la-madrugada\/\" \/>\n<meta property=\"og:locale\" content=\"es_ES\" \/>\n<meta property=\"og:type\" content=\"article\" \/>\n<meta property=\"og:title\" content=\"La Guardia Local desarticul\u00f3 una fiesta clandestina con m\u00e1s de 200 menores en barrio Palermo durante la madrugada - El Regional\" \/>\n<meta property=\"og:description\" content=\"\u00a0En la madrugada de hoy, personal de la Guardia Local, en articulaci\u00f3n con la Polic\u00eda de la Provincia de C\u00f3rdoba, desarticul\u00f3 una fiesta clandestina que se desarrollaba en una vivienda ubicada sobre calle Sargento Cabral, en barrio Palermo. En el lugar se constat\u00f3 la presencia de aproximadamente 200 menores de edad, adem\u00e1s del consumo de [&hellip;]\" \/>\n<meta property=\"og:url\" content=\"https:\/\/elregionalvm.com.ar\/noticias-villa-maria\/la-guardia-local-desarticulo-una-fiesta-clandestina-con-mas-de-200-menores-en-barrio-palermo-durante-la-madrugada\/\" \/>\n<meta property=\"og:site_name\" content=\"El Regional\" \/>\n<meta property=\"article:publisher\" content=\"https:\/\/www.facebook.com\/elregionalvm\" \/>\n<meta property=\"article:published_time\" content=\"2025-12-26T22:36:51+00:00\" \/>\n<meta property=\"article:modified_time\" content=\"2025-12-26T22:36:56+00:00\" \/>\n<meta property=\"og:image\" content=\"https:\/\/elregionalvm.com.ar\/noticias-villa-maria\/wp-content\/uploads\/2025\/12\/be20ce3ccbc64d85b70df42456b9b2cf.jpeg\" \/>\n\t<meta property=\"og:image:width\" content=\"800\" \/>\n\t<meta property=\"og:image:height\" content=\"600\" \/>\n\t<meta property=\"og:image:type\" content=\"image\/jpeg\" \/>\n<meta name=\"author\" content=\"Contenidos El Regional\" \/>\n<meta name=\"twitter:card\" content=\"summary_large_image\" \/>\n<meta name=\"twitter:creator\" content=\"@elregionalvm1\" \/>\n<meta name=\"twitter:site\" content=\"@elregionalvm1\" \/>\n<meta name=\"twitter:label1\" content=\"Escrito por\" \/>\n\t<meta name=\"twitter:data1\" content=\"Contenidos El Regional\" \/>\n\t<meta name=\"twitter:label2\" content=\"Tiempo de lectura\" \/>\n\t<meta name=\"twitter:data2\" content=\"2 minutos\" \/>\n<script type=\"application\/ld+json\" class=\"yoast-schema-graph\">{\"@context\":\"https:\/\/schema.org\",\"@graph\":[{\"@type\":\"Article\",\"@id\":\"https:\/\/elregionalvm.com.ar\/noticias-villa-maria\/la-guardia-local-desarticulo-una-fiesta-clandestina-con-mas-de-200-menores-en-barrio-palermo-durante-la-madrugada\/#article\",\"isPartOf\":{\"@id\":\"https:\/\/elregionalvm.com.ar\/noticias-villa-maria\/la-guardia-local-desarticulo-una-fiesta-clandestina-con-mas-de-200-menores-en-barrio-palermo-durante-la-madrugada\/\"},\"author\":{\"name\":\"Contenidos El Regional\",\"@id\":\"http:\/\/elregionalvm.com.ar\/noticias-villa-maria\/#\/schema\/person\/a0fb9c422317faca23d50163151bc354\"},\"headline\":\"La Guardia Local desarticul\u00f3 una fiesta clandestina con m\u00e1s de 200 menores en barrio Palermo durante la madrugada\",\"datePublished\":\"2025-12-26T22:36:51+00:00\",\"dateModified\":\"2025-12-26T22:36:56+00:00\",\"mainEntityOfPage\":{\"@id\":\"https:\/\/elregionalvm.com.ar\/noticias-villa-maria\/la-guardia-local-desarticulo-una-fiesta-clandestina-con-mas-de-200-menores-en-barrio-palermo-durante-la-madrugada\/\"},\"wordCount\":209,\"commentCount\":0,\"image\":{\"@id\":\"https:\/\/elregionalvm.com.ar\/noticias-villa-maria\/la-guardia-local-desarticulo-una-fiesta-clandestina-con-mas-de-200-menores-en-barrio-palermo-durante-la-madrugada\/#primaryimage\"},\"thumbnailUrl\":\"https:\/\/i0.wp.com\/elregionalvm.com.ar\/noticias-villa-maria\/wp-content\/uploads\/2025\/12\/be20ce3ccbc64d85b70df42456b9b2cf.jpeg?fit=800%2C600&ssl=1\",\"articleSection\":[\"destacado\",\"Policiales\",\"Sociedad\",\"Villa Mar\u00eda\"],\"inLanguage\":\"es\",\"potentialAction\":[{\"@type\":\"CommentAction\",\"name\":\"Comment\",\"target\":[\"https:\/\/elregionalvm.com.ar\/noticias-villa-maria\/la-guardia-local-desarticulo-una-fiesta-clandestina-con-mas-de-200-menores-en-barrio-palermo-durante-la-madrugada\/#respond\"]}]},{\"@type\":\"WebPage\",\"@id\":\"https:\/\/elregionalvm.com.ar\/noticias-villa-maria\/la-guardia-local-desarticulo-una-fiesta-clandestina-con-mas-de-200-menores-en-barrio-palermo-durante-la-madrugada\/\",\"url\":\"https:\/\/elregionalvm.com.ar\/noticias-villa-maria\/la-guardia-local-desarticulo-una-fiesta-clandestina-con-mas-de-200-menores-en-barrio-palermo-durante-la-madrugada\/\",\"name\":\"La Guardia Local desarticul\u00f3 una fiesta clandestina con m\u00e1s de 200 menores en barrio Palermo durante la madrugada - El Regional\",\"isPartOf\":{\"@id\":\"http:\/\/elregionalvm.com.ar\/noticias-villa-maria\/#website\"},\"primaryImageOfPage\":{\"@id\":\"https:\/\/elregionalvm.com.ar\/noticias-villa-maria\/la-guardia-local-desarticulo-una-fiesta-clandestina-con-mas-de-200-menores-en-barrio-palermo-durante-la-madrugada\/#primaryimage\"},\"image\":{\"@id\":\"https:\/\/elregionalvm.com.ar\/noticias-villa-maria\/la-guardia-local-desarticulo-una-fiesta-clandestina-con-mas-de-200-menores-en-barrio-palermo-durante-la-madrugada\/#primaryimage\"},\"thumbnailUrl\":\"https:\/\/i0.wp.com\/elregionalvm.com.ar\/noticias-villa-maria\/wp-content\/uploads\/2025\/12\/be20ce3ccbc64d85b70df42456b9b2cf.jpeg?fit=800%2C600&ssl=1\",\"datePublished\":\"2025-12-26T22:36:51+00:00\",\"dateModified\":\"2025-12-26T22:36:56+00:00\",\"author\":{\"@id\":\"http:\/\/elregionalvm.com.ar\/noticias-villa-maria\/#\/schema\/person\/a0fb9c422317faca23d50163151bc354\"},\"breadcrumb\":{\"@id\":\"https:\/\/elregionalvm.com.ar\/noticias-villa-maria\/la-guardia-local-desarticulo-una-fiesta-clandestina-con-mas-de-200-menores-en-barrio-palermo-durante-la-madrugada\/#breadcrumb\"},\"inLanguage\":\"es\",\"potentialAction\":[{\"@type\":\"ReadAction\",\"target\":[\"https:\/\/elregionalvm.com.ar\/noticias-villa-maria\/la-guardia-local-desarticulo-una-fiesta-clandestina-con-mas-de-200-menores-en-barrio-palermo-durante-la-madrugada\/\"]}]},{\"@type\":\"ImageObject\",\"inLanguage\":\"es\",\"@id\":\"https:\/\/elregionalvm.com.ar\/noticias-villa-maria\/la-guardia-local-desarticulo-una-fiesta-clandestina-con-mas-de-200-menores-en-barrio-palermo-durante-la-madrugada\/#primaryimage\",\"url\":\"https:\/\/i0.wp.com\/elregionalvm.com.ar\/noticias-villa-maria\/wp-content\/uploads\/2025\/12\/be20ce3ccbc64d85b70df42456b9b2cf.jpeg?fit=800%2C600&ssl=1\",\"contentUrl\":\"https:\/\/i0.wp.com\/elregionalvm.com.ar\/noticias-villa-maria\/wp-content\/uploads\/2025\/12\/be20ce3ccbc64d85b70df42456b9b2cf.jpeg?fit=800%2C600&ssl=1\",\"width\":800,\"height\":600},{\"@type\":\"BreadcrumbList\",\"@id\":\"https:\/\/elregionalvm.com.ar\/noticias-villa-maria\/la-guardia-local-desarticulo-una-fiesta-clandestina-con-mas-de-200-menores-en-barrio-palermo-durante-la-madrugada\/#breadcrumb\",\"itemListElement\":[{\"@type\":\"ListItem\",\"position\":1,\"name\":\"Portada\",\"item\":\"https:\/\/elregionalvm.com.ar\/noticias-villa-maria\/\"},{\"@type\":\"ListItem\",\"position\":2,\"name\":\"La Guardia Local desarticul\u00f3 una fiesta clandestina con m\u00e1s de 200 menores en barrio Palermo durante la madrugada\"}]},{\"@type\":\"WebSite\",\"@id\":\"http:\/\/elregionalvm.com.ar\/noticias-villa-maria\/#website\",\"url\":\"http:\/\/elregionalvm.com.ar\/noticias-villa-maria\/\",\"name\":\"El Regional\",\"description\":\"Mucho m\u00e1s que informaci\u00f3n\",\"potentialAction\":[{\"@type\":\"SearchAction\",\"target\":{\"@type\":\"EntryPoint\",\"urlTemplate\":\"http:\/\/elregionalvm.com.ar\/noticias-villa-maria\/?s={search_term_string}\"},\"query-input\":{\"@type\":\"PropertyValueSpecification\",\"valueRequired\":true,\"valueName\":\"search_term_string\"}}],\"inLanguage\":\"es\"},{\"@type\":\"Person\",\"@id\":\"http:\/\/elregionalvm.com.ar\/noticias-villa-maria\/#\/schema\/person\/a0fb9c422317faca23d50163151bc354\",\"name\":\"Contenidos El Regional\",\"image\":{\"@type\":\"ImageObject\",\"inLanguage\":\"es\",\"@id\":\"http:\/\/elregionalvm.com.ar\/noticias-villa-maria\/#\/schema\/person\/image\/\",\"url\":\"https:\/\/secure.gravatar.com\/avatar\/265b27cb2209af7bb3a1318f03305787d7981a5cc6e6cd08fe5a4ecdf99d4b48?s=96&d=mm&r=g\",\"contentUrl\":\"https:\/\/secure.gravatar.com\/avatar\/265b27cb2209af7bb3a1318f03305787d7981a5cc6e6cd08fe5a4ecdf99d4b48?s=96&d=mm&r=g\",\"caption\":\"Contenidos El Regional\"},\"url\":\"https:\/\/elregionalvm.com.ar\/noticias-villa-maria\/author\/contenido\/\"}]}<\/script>\n<!-- \/ Yoast SEO plugin. -->","yoast_head_json":{"title":"La Guardia Local desarticul\u00f3 una fiesta clandestina con m\u00e1s de 200 menores en barrio Palermo durante la madrugada - El Regional","robots":{"index":"index","follow":"follow","max-snippet":"max-snippet:-1","max-image-preview":"max-image-preview:large","max-video-preview":"max-video-preview:-1"},"canonical":"https:\/\/elregionalvm.com.ar\/noticias-villa-maria\/la-guardia-local-desarticulo-una-fiesta-clandestina-con-mas-de-200-menores-en-barrio-palermo-durante-la-madrugada\/","og_locale":"es_ES","og_type":"article","og_title":"La Guardia Local desarticul\u00f3 una fiesta clandestina con m\u00e1s de 200 menores en barrio Palermo durante la madrugada - El Regional","og_description":"\u00a0En la madrugada de hoy, personal de la Guardia Local, en articulaci\u00f3n con la Polic\u00eda de la Provincia de C\u00f3rdoba, desarticul\u00f3 una fiesta clandestina que se desarrollaba en una vivienda ubicada sobre calle Sargento Cabral, en barrio Palermo. En el lugar se constat\u00f3 la presencia de aproximadamente 200 menores de edad, adem\u00e1s del consumo de [&hellip;]","og_url":"https:\/\/elregionalvm.com.ar\/noticias-villa-maria\/la-guardia-local-desarticulo-una-fiesta-clandestina-con-mas-de-200-menores-en-barrio-palermo-durante-la-madrugada\/","og_site_name":"El Regional","article_publisher":"https:\/\/www.facebook.com\/elregionalvm","article_published_time":"2025-12-26T22:36:51+00:00","article_modified_time":"2025-12-26T22:36:56+00:00","og_image":[{"width":800,"height":600,"url":"https:\/\/elregionalvm.com.ar\/noticias-villa-maria\/wp-content\/uploads\/2025\/12\/be20ce3ccbc64d85b70df42456b9b2cf.jpeg","type":"image\/jpeg"}],"author":"Contenidos El Regional","twitter_card":"summary_large_image","twitter_creator":"@elregionalvm1","twitter_site":"@elregionalvm1","twitter_misc":{"Escrito por":"Contenidos El Regional","Tiempo de lectura":"2 minutos"},"schema":{"@context":"https:\/\/schema.org","@graph":[{"@type":"Article","@id":"https:\/\/elregionalvm.com.ar\/noticias-villa-maria\/la-guardia-local-desarticulo-una-fiesta-clandestina-con-mas-de-200-menores-en-barrio-palermo-durante-la-madrugada\/#article","isPartOf":{"@id":"https:\/\/elregionalvm.com.ar\/noticias-villa-maria\/la-guardia-local-desarticulo-una-fiesta-clandestina-con-mas-de-200-menores-en-barrio-palermo-durante-la-madrugada\/"},"author":{"name":"Contenidos El Regional","@id":"http:\/\/elregionalvm.com.ar\/noticias-villa-maria\/#\/schema\/person\/a0fb9c422317faca23d50163151bc354"},"headline":"La Guardia Local desarticul\u00f3 una fiesta clandestina con m\u00e1s de 200 menores en barrio Palermo durante la madrugada","datePublished":"2025-12-26T22:36:51+00:00","dateModified":"2025-12-26T22:36:56+00:00","mainEntityOfPage":{"@id":"https:\/\/elregionalvm.com.ar\/noticias-villa-maria\/la-guardia-local-desarticulo-una-fiesta-clandestina-con-mas-de-200-menores-en-barrio-palermo-durante-la-madrugada\/"},"wordCount":209,"commentCount":0,"image":{"@id":"https:\/\/elregionalvm.com.ar\/noticias-villa-maria\/la-guardia-local-desarticulo-una-fiesta-clandestina-con-mas-de-200-menores-en-barrio-palermo-durante-la-madrugada\/#primaryimage"},"thumbnailUrl":"https:\/\/i0.wp.com\/elregionalvm.com.ar\/noticias-villa-maria\/wp-content\/uploads\/2025\/12\/be20ce3ccbc64d85b70df42456b9b2cf.jpeg?fit=800%2C600&ssl=1","articleSection":["destacado","Policiales","Sociedad","Villa Mar\u00eda"],"inLanguage":"es","potentialAction":[{"@type":"CommentAction","name":"Comment","target":["https:\/\/elregionalvm.com.ar\/noticias-villa-maria\/la-guardia-local-desarticulo-una-fiesta-clandestina-con-mas-de-200-menores-en-barrio-palermo-durante-la-madrugada\/#respond"]}]},{"@type":"WebPage","@id":"https:\/\/elregionalvm.com.ar\/noticias-villa-maria\/la-guardia-local-desarticulo-una-fiesta-clandestina-con-mas-de-200-menores-en-barrio-palermo-durante-la-madrugada\/","url":"https:\/\/elregionalvm.com.ar\/noticias-villa-maria\/la-guardia-local-desarticulo-una-fiesta-clandestina-con-mas-de-200-menores-en-barrio-palermo-durante-la-madrugada\/","name":"La Guardia Local desarticul\u00f3 una fiesta clandestina con m\u00e1s de 200 menores en barrio Palermo durante la madrugada - El Regional","isPartOf":{"@id":"http:\/\/elregionalvm.com.ar\/noticias-villa-maria\/#website"},"primaryImageOfPage":{"@id":"https:\/\/elregionalvm.com.ar\/noticias-villa-maria\/la-guardia-local-desarticulo-una-fiesta-clandestina-con-mas-de-200-menores-en-barrio-palermo-durante-la-madrugada\/#primaryimage"},"image":{"@id":"https:\/\/elregionalvm.com.ar\/noticias-villa-maria\/la-guardia-local-desarticulo-una-fiesta-clandestina-con-mas-de-200-menores-en-barrio-palermo-durante-la-madrugada\/#primaryimage"},"thumbnailUrl":"https:\/\/i0.wp.com\/elregionalvm.com.ar\/noticias-villa-maria\/wp-content\/uploads\/2025\/12\/be20ce3ccbc64d85b70df42456b9b2cf.jpeg?fit=800%2C600&ssl=1","datePublished":"2025-12-26T22:36:51+00:00","dateModified":"2025-12-26T22:36:56+00:00","author":{"@id":"http:\/\/elregionalvm.com.ar\/noticias-villa-maria\/#\/schema\/person\/a0fb9c422317faca23d50163151bc354"},"breadcrumb":{"@id":"https:\/\/elregionalvm.com.ar\/noticias-villa-maria\/la-guardia-local-desarticulo-una-fiesta-clandestina-con-mas-de-200-menores-en-barrio-palermo-durante-la-madrugada\/#breadcrumb"},"inLanguage":"es","potentialAction":[{"@type":"ReadAction","target":["https:\/\/elregionalvm.com.ar\/noticias-villa-maria\/la-guardia-local-desarticulo-una-fiesta-clandestina-con-mas-de-200-menores-en-barrio-palermo-durante-la-madrugada\/"]}]},{"@type":"ImageObject","inLanguage":"es","@id":"https:\/\/elregionalvm.com.ar\/noticias-villa-maria\/la-guardia-local-desarticulo-una-fiesta-clandestina-con-mas-de-200-menores-en-barrio-palermo-durante-la-madrugada\/#primaryimage","url":"https:\/\/i0.wp.com\/elregionalvm.com.ar\/noticias-villa-maria\/wp-content\/uploads\/2025\/12\/be20ce3ccbc64d85b70df42456b9b2cf.jpeg?fit=800%2C600&ssl=1","contentUrl":"https:\/\/i0.wp.com\/elregionalvm.com.ar\/noticias-villa-maria\/wp-content\/uploads\/2025\/12\/be20ce3ccbc64d85b70df42456b9b2cf.jpeg?fit=800%2C600&ssl=1","width":800,"height":600},{"@type":"BreadcrumbList","@id":"https:\/\/elregionalvm.com.ar\/noticias-villa-maria\/la-guardia-local-desarticulo-una-fiesta-clandestina-con-mas-de-200-menores-en-barrio-palermo-durante-la-madrugada\/#breadcrumb","itemListElement":[{"@type":"ListItem","position":1,"name":"Portada","item":"https:\/\/elregionalvm.com.ar\/noticias-villa-maria\/"},{"@type":"ListItem","position":2,"name":"La Guardia Local desarticul\u00f3 una fiesta clandestina con m\u00e1s de 200 menores en barrio Palermo durante la madrugada"}]},{"@type":"WebSite","@id":"http:\/\/elregionalvm.com.ar\/noticias-villa-maria\/#website","url":"http:\/\/elregionalvm.com.ar\/noticias-villa-maria\/","name":"El Regional","description":"Mucho m\u00e1s que informaci\u00f3n","potentialAction":[{"@type":"SearchAction","target":{"@type":"EntryPoint","urlTemplate":"http:\/\/elregionalvm.com.ar\/noticias-villa-maria\/?s={search_term_string}"},"query-input":{"@type":"PropertyValueSpecification","valueRequired":true,"valueName":"search_term_string"}}],"inLanguage":"es"},{"@type":"Person","@id":"http:\/\/elregionalvm.com.ar\/noticias-villa-maria\/#\/schema\/person\/a0fb9c422317faca23d50163151bc354","name":"Contenidos El Regional","image":{"@type":"ImageObject","inLanguage":"es","@id":"http:\/\/elregionalvm.com.ar\/noticias-villa-maria\/#\/schema\/person\/image\/","url":"https:\/\/secure.gravatar.com\/avatar\/265b27cb2209af7bb3a1318f03305787d7981a5cc6e6cd08fe5a4ecdf99d4b48?s=96&d=mm&r=g","contentUrl":"https:\/\/secure.gravatar.com\/avatar\/265b27cb2209af7bb3a1318f03305787d7981a5cc6e6cd08fe5a4ecdf99d4b48?s=96&d=mm&r=g","caption":"Contenidos El Regional"},"url":"https:\/\/elregionalvm.com.ar\/noticias-villa-maria\/author\/contenido\/"}]}},"jetpack_featured_media_url":"https:\/\/i0.wp.com\/elregionalvm.com.ar\/noticias-villa-maria\/wp-content\/uploads\/2025\/12\/be20ce3ccbc64d85b70df42456b9b2cf.jpeg?fit=800%2C600&ssl=1","jetpack_sharing_enabled":true,"_links":{"self":[{"href":"https:\/\/elregionalvm.com.ar\/noticias-villa-maria\/wp-json\/wp\/v2\/posts\/112901","targetHints":{"allow":["GET"]}}],"collection":[{"href":"https:\/\/elregionalvm.com.ar\/noticias-villa-maria\/wp-json\/wp\/v2\/posts"}],"about":[{"href":"https:\/\/elregionalvm.com.ar\/noticias-villa-maria\/wp-json\/wp\/v2\/types\/post"}],"author":[{"embeddable":true,"href":"https:\/\/elregionalvm.com.ar\/noticias-villa-maria\/wp-json\/wp\/v2\/users\/4"}],"replies":[{"embeddable":true,"href":"https:\/\/elregionalvm.com.ar\/noticias-villa-maria\/wp-json\/wp\/v2\/comments?post=112901"}],"version-history":[{"count":1,"href":"https:\/\/elregionalvm.com.ar\/noticias-villa-maria\/wp-json\/wp\/v2\/posts\/112901\/revisions"}],"predecessor-version":[{"id":112903,"href":"https:\/\/elregionalvm.com.ar\/noticias-villa-maria\/wp-json\/wp\/v2\/posts\/112901\/revisions\/112903"}],"wp:featuredmedia":[{"embeddable":true,"href":"https:\/\/elregionalvm.com.ar\/noticias-villa-maria\/wp-json\/wp\/v2\/media\/112902"}],"wp:attachment":[{"href":"https:\/\/elregionalvm.com.ar\/noticias-villa-maria\/wp-json\/wp\/v2\/media?parent=112901"}],"wp:term":[{"taxonomy":"category","embeddable":true,"href":"https:\/\/elregionalvm.com.ar\/noticias-villa-maria\/wp-json\/wp\/v2\/categories?post=112901"},{"taxonomy":"post_tag","embeddable":true,"href":"https:\/\/elregionalvm.com.ar\/noticias-villa-maria\/wp-json\/wp\/v2\/tags?post=112901"}],"curies":[{"name":"wp","href":"https:\/\/api.w.org\/{rel}","templated":true}]}}